{"id":72461,"date":"2023-06-25T07:56:16","date_gmt":"2023-06-25T10:56:16","guid":{"rendered":"https:\/\/cleitonpinheiro.com.br\/site\/?p=72461"},"modified":"2023-06-25T08:37:44","modified_gmt":"2023-06-25T11:37:44","slug":"homem-e-morto-no-setor-morada-do-sol-2-apos-ser-atingido-por-6-tiros-na-tarde-desse-sabado","status":"publish","type":"post","link":"https:\/\/cleitonpinheiro.com.br\/site\/homem-e-morto-no-setor-morada-do-sol-2-apos-ser-atingido-por-6-tiros-na-tarde-desse-sabado\/","title":{"rendered":"Homem \u00e9 morto no setor Morada do Sol 2 ap\u00f3s ser atingido por 6 tiros na tarde desse s\u00e1bado"},"content":{"rendered":"\n<figure class=\"wp-block-image size-full is-resized\"><img fetchpriority=\"high\" decoding=\"async\" src=\"https:\/\/cleitonpinheiro.com.br\/site\/wp-content\/uploads\/2023\/06\/Design-sem-nome-2023-06-25T075523-compressed.jpg\" alt=\"\" class=\"wp-image-72462\" width=\"1014\" height=\"608\"\/><figcaption class=\"wp-element-caption\">Foto: Divulga\u00e7\u00e3o<\/figcaption><\/figure>\n\n\n\n<p class=\"wp-block-paragraph\">Um jovem de 21 anos foi morto a tiros na tarde desse s\u00e1bado, 24, no setor Morada do Sol II, na regi\u00e3o Sul de Palmas. Informa\u00e7\u00f5es de moradores repassadas \u00e0 Pol\u00edcia Militar d\u00e3o conta de que ele passava por uma  rua do bairro quando dois homens em um moto vermelha se aproximaram e efetuaram os disparos.<\/p>\n\n\n\n<p class=\"wp-block-paragraph\">Ainda segundo as informa\u00e7\u00f5es, o atirador disparou ao menos sete vezes, sendo que seis acertaram a v\u00edtima. O homem chegou a ser socorrido por terceiros e levado para a Unidade de Pronto Atendimento (UPA) Sul, mas n\u00e3o resistiu aos ferimentos e foi a \u00f3bito momentos depois de dar entrada na unidade. <\/p>\n\n\n\n<p class=\"wp-block-paragraph\">As investiga\u00e7\u00f5es sobre a morte fica agora a cargo da Pol\u00edcia Civil. A Capital vive uma onda de viol\u00eancia desde o in\u00edcio do ano, com aproximadamente 90 assassinatos nestes primeiros seis meses do ano.    <\/p>\n","protected":false},"excerpt":{"rendered":"<p>Um jovem de 21 anos foi morto a tiros na tarde desse s\u00e1bado, 24, no setor Morada do Sol II, na regi\u00e3o Sul de Palmas. Informa\u00e7\u00f5es de moradores repassadas \u00e0 Pol\u00edcia Militar d\u00e3o conta de que ele passava por uma rua do bairro quando dois homens em um moto vermelha se aproximaram e efetuaram os [&hellip;]<\/p>\n","protected":false},"author":4,"featured_media":0,"comment_status":"open","ping_status":"open","sticky":false,"template":"","format":"standard","meta":{"_acf_changed":false,"footnotes":""},"categories":[22,898],"tags":[],"class_list":["post-72461","post","type-post","status-publish","format-standard","hentry","category-cidades","category-manchete-segundaria"],"acf":[],"yoast_head":"<!-- This site is optimized with the Yoast SEO plugin v24.4 - https:\/\/yoast.com\/wordpress\/plugins\/seo\/ -->\n<title>Homem \u00e9 morto no setor Morada do Sol 2 ap\u00f3s ser atingido por 6 tiros na tarde desse s\u00e1bado - PORTAL DE NOT\u00cdCIAS CLEITON PINHEIRO<\/title>\n<meta name=\"robots\" content=\"index, follow, max-snippet:-1, max-image-preview:large, max-video-preview:-1\" \/>\n<link rel=\"canonical\" href=\"https:\/\/cleitonpinheiro.com.br\/site\/homem-e-morto-no-setor-morada-do-sol-2-apos-ser-atingido-por-6-tiros-na-tarde-desse-sabado\/\" \/>\n<meta property=\"og:locale\" content=\"pt_BR\" \/>\n<meta property=\"og:type\" content=\"article\" \/>\n<meta property=\"og:title\" content=\"Homem \u00e9 morto no setor Morada do Sol 2 ap\u00f3s ser atingido por 6 tiros na tarde desse s\u00e1bado - PORTAL DE NOT\u00cdCIAS CLEITON PINHEIRO\" \/>\n<meta property=\"og:description\" content=\"Um jovem de 21 anos foi morto a tiros na tarde desse s\u00e1bado, 24, no setor Morada do Sol II, na regi\u00e3o Sul de Palmas. Informa\u00e7\u00f5es de moradores repassadas \u00e0 Pol\u00edcia Militar d\u00e3o conta de que ele passava por uma rua do bairro quando dois homens em um moto vermelha se aproximaram e efetuaram os [&hellip;]\" \/>\n<meta property=\"og:url\" content=\"https:\/\/cleitonpinheiro.com.br\/site\/homem-e-morto-no-setor-morada-do-sol-2-apos-ser-atingido-por-6-tiros-na-tarde-desse-sabado\/\" \/>\n<meta property=\"og:site_name\" content=\"PORTAL DE NOT\u00cdCIAS CLEITON PINHEIRO\" \/>\n<meta property=\"article:publisher\" content=\"https:\/\/www.facebook.com\/portalcpnoticias\/\" \/>\n<meta property=\"article:published_time\" content=\"2023-06-25T10:56:16+00:00\" \/>\n<meta property=\"article:modified_time\" content=\"2023-06-25T11:37:44+00:00\" \/>\n<meta property=\"og:image\" content=\"https:\/\/cleitonpinheiro.com.br\/site\/wp-content\/uploads\/2023\/06\/Design-sem-nome-2023-06-25T075523-compressed.jpg\" \/>\n\t<meta property=\"og:image:width\" content=\"750\" \/>\n\t<meta property=\"og:image:height\" content=\"450\" \/>\n\t<meta property=\"og:image:type\" content=\"image\/jpeg\" \/>\n<meta name=\"author\" content=\"Dermival Pereira\" \/>\n<meta name=\"twitter:card\" content=\"summary_large_image\" \/>\n<meta name=\"twitter:label1\" content=\"Escrito por\" \/>\n\t<meta name=\"twitter:data1\" content=\"Dermival Pereira\" \/>\n\t<meta name=\"twitter:label2\" content=\"Est. tempo de leitura\" \/>\n\t<meta name=\"twitter:data2\" content=\"1 minuto\" \/>\n<script type=\"application\/ld+json\" class=\"yoast-schema-graph\">{\"@context\":\"https:\/\/schema.org\",\"@graph\":[{\"@type\":\"Article\",\"@id\":\"https:\/\/cleitonpinheiro.com.br\/site\/homem-e-morto-no-setor-morada-do-sol-2-apos-ser-atingido-por-6-tiros-na-tarde-desse-sabado\/#article\",\"isPartOf\":{\"@id\":\"https:\/\/cleitonpinheiro.com.br\/site\/homem-e-morto-no-setor-morada-do-sol-2-apos-ser-atingido-por-6-tiros-na-tarde-desse-sabado\/\"},\"author\":{\"name\":\"Dermival Pereira\",\"@id\":\"https:\/\/cleitonpinheiro.com.br\/site\/#\/schema\/person\/aac6d7f311e80c43042e98a900b03cd8\"},\"headline\":\"Homem \u00e9 morto no setor Morada do Sol 2 ap\u00f3s ser atingido por 6 tiros na tarde desse s\u00e1bado\",\"datePublished\":\"2023-06-25T10:56:16+00:00\",\"dateModified\":\"2023-06-25T11:37:44+00:00\",\"mainEntityOfPage\":{\"@id\":\"https:\/\/cleitonpinheiro.com.br\/site\/homem-e-morto-no-setor-morada-do-sol-2-apos-ser-atingido-por-6-tiros-na-tarde-desse-sabado\/\"},\"wordCount\":170,\"commentCount\":0,\"publisher\":{\"@id\":\"https:\/\/cleitonpinheiro.com.br\/site\/#organization\"},\"image\":{\"@id\":\"https:\/\/cleitonpinheiro.com.br\/site\/homem-e-morto-no-setor-morada-do-sol-2-apos-ser-atingido-por-6-tiros-na-tarde-desse-sabado\/#primaryimage\"},\"thumbnailUrl\":\"https:\/\/cleitonpinheiro.com.br\/site\/wp-content\/uploads\/2023\/06\/Design-sem-nome-2023-06-25T075523-compressed.jpg\",\"articleSection\":[\"CIDADES\",\"MANCHETE SEGUND\u00c1RIA\"],\"inLanguage\":\"pt-BR\",\"potentialAction\":[{\"@type\":\"CommentAction\",\"name\":\"Comment\",\"target\":[\"https:\/\/cleitonpinheiro.com.br\/site\/homem-e-morto-no-setor-morada-do-sol-2-apos-ser-atingido-por-6-tiros-na-tarde-desse-sabado\/#respond\"]}]},{\"@type\":\"WebPage\",\"@id\":\"https:\/\/cleitonpinheiro.com.br\/site\/homem-e-morto-no-setor-morada-do-sol-2-apos-ser-atingido-por-6-tiros-na-tarde-desse-sabado\/\",\"url\":\"https:\/\/cleitonpinheiro.com.br\/site\/homem-e-morto-no-setor-morada-do-sol-2-apos-ser-atingido-por-6-tiros-na-tarde-desse-sabado\/\",\"name\":\"Homem \u00e9 morto no setor Morada do Sol 2 ap\u00f3s ser atingido por 6 tiros na tarde desse s\u00e1bado - PORTAL DE NOT\u00cdCIAS CLEITON PINHEIRO\",\"isPartOf\":{\"@id\":\"https:\/\/cleitonpinheiro.com.br\/site\/#website\"},\"primaryImageOfPage\":{\"@id\":\"https:\/\/cleitonpinheiro.com.br\/site\/homem-e-morto-no-setor-morada-do-sol-2-apos-ser-atingido-por-6-tiros-na-tarde-desse-sabado\/#primaryimage\"},\"image\":{\"@id\":\"https:\/\/cleitonpinheiro.com.br\/site\/homem-e-morto-no-setor-morada-do-sol-2-apos-ser-atingido-por-6-tiros-na-tarde-desse-sabado\/#primaryimage\"},\"thumbnailUrl\":\"https:\/\/cleitonpinheiro.com.br\/site\/wp-content\/uploads\/2023\/06\/Design-sem-nome-2023-06-25T075523-compressed.jpg\",\"datePublished\":\"2023-06-25T10:56:16+00:00\",\"dateModified\":\"2023-06-25T11:37:44+00:00\",\"breadcrumb\":{\"@id\":\"https:\/\/cleitonpinheiro.com.br\/site\/homem-e-morto-no-setor-morada-do-sol-2-apos-ser-atingido-por-6-tiros-na-tarde-desse-sabado\/#breadcrumb\"},\"inLanguage\":\"pt-BR\",\"potentialAction\":[{\"@type\":\"ReadAction\",\"target\":[\"https:\/\/cleitonpinheiro.com.br\/site\/homem-e-morto-no-setor-morada-do-sol-2-apos-ser-atingido-por-6-tiros-na-tarde-desse-sabado\/\"]}]},{\"@type\":\"ImageObject\",\"inLanguage\":\"pt-BR\",\"@id\":\"https:\/\/cleitonpinheiro.com.br\/site\/homem-e-morto-no-setor-morada-do-sol-2-apos-ser-atingido-por-6-tiros-na-tarde-desse-sabado\/#primaryimage\",\"url\":\"\",\"contentUrl\":\"\"},{\"@type\":\"BreadcrumbList\",\"@id\":\"https:\/\/cleitonpinheiro.com.br\/site\/homem-e-morto-no-setor-morada-do-sol-2-apos-ser-atingido-por-6-tiros-na-tarde-desse-sabado\/#breadcrumb\",\"itemListElement\":[{\"@type\":\"ListItem\",\"position\":1,\"name\":\"In\u00edcio\",\"item\":\"https:\/\/cleitonpinheiro.com.br\/site\/\"},{\"@type\":\"ListItem\",\"position\":2,\"name\":\"Homem \u00e9 morto no setor Morada do Sol 2 ap\u00f3s ser atingido por 6 tiros na tarde desse s\u00e1bado\"}]},{\"@type\":\"WebSite\",\"@id\":\"https:\/\/cleitonpinheiro.com.br\/site\/#website\",\"url\":\"https:\/\/cleitonpinheiro.com.br\/site\/\",\"name\":\"PORTAL DE NOT\u00cdCIAS CLEITON PINHEIRO\",\"description\":\"FALANDO A VERDADE\",\"publisher\":{\"@id\":\"https:\/\/cleitonpinheiro.com.br\/site\/#organization\"},\"potentialAction\":[{\"@type\":\"SearchAction\",\"target\":{\"@type\":\"EntryPoint\",\"urlTemplate\":\"https:\/\/cleitonpinheiro.com.br\/site\/?s={search_term_string}\"},\"query-input\":{\"@type\":\"PropertyValueSpecification\",\"valueRequired\":true,\"valueName\":\"search_term_string\"}}],\"inLanguage\":\"pt-BR\"},{\"@type\":\"Organization\",\"@id\":\"https:\/\/cleitonpinheiro.com.br\/site\/#organization\",\"name\":\"CPNOT\u00cdCIAS\",\"url\":\"https:\/\/cleitonpinheiro.com.br\/site\/\",\"logo\":{\"@type\":\"ImageObject\",\"inLanguage\":\"pt-BR\",\"@id\":\"https:\/\/cleitonpinheiro.com.br\/site\/#\/schema\/logo\/image\/\",\"url\":\"https:\/\/cleitonpinheiro.com.br\/site\/wp-content\/uploads\/2022\/08\/Logo-pequena-2.png\",\"contentUrl\":\"https:\/\/cleitonpinheiro.com.br\/site\/wp-content\/uploads\/2022\/08\/Logo-pequena-2.png\",\"width\":500,\"height\":500,\"caption\":\"CPNOT\u00cdCIAS\"},\"image\":{\"@id\":\"https:\/\/cleitonpinheiro.com.br\/site\/#\/schema\/logo\/image\/\"},\"sameAs\":[\"https:\/\/www.facebook.com\/portalcpnoticias\/\"]},{\"@type\":\"Person\",\"@id\":\"https:\/\/cleitonpinheiro.com.br\/site\/#\/schema\/person\/aac6d7f311e80c43042e98a900b03cd8\",\"name\":\"Dermival Pereira\",\"image\":{\"@type\":\"ImageObject\",\"inLanguage\":\"pt-BR\",\"@id\":\"https:\/\/cleitonpinheiro.com.br\/site\/#\/schema\/person\/image\/\",\"url\":\"https:\/\/secure.gravatar.com\/avatar\/cfaebf3742d6bf8db728bcba3eed6bee37b02337a2e6c822994f20ca72a3784d?s=96&r=g\",\"contentUrl\":\"https:\/\/secure.gravatar.com\/avatar\/cfaebf3742d6bf8db728bcba3eed6bee37b02337a2e6c822994f20ca72a3784d?s=96&r=g\",\"caption\":\"Dermival Pereira\"},\"url\":\"https:\/\/cleitonpinheiro.com.br\/site\/author\/dermival\/\"}]}<\/script>\n<!-- \/ Yoast SEO plugin. -->","yoast_head_json":{"title":"Homem \u00e9 morto no setor Morada do Sol 2 ap\u00f3s ser atingido por 6 tiros na tarde desse s\u00e1bado - PORTAL DE NOT\u00cdCIAS CLEITON PINHEIRO","robots":{"index":"index","follow":"follow","max-snippet":"max-snippet:-1","max-image-preview":"max-image-preview:large","max-video-preview":"max-video-preview:-1"},"canonical":"https:\/\/cleitonpinheiro.com.br\/site\/homem-e-morto-no-setor-morada-do-sol-2-apos-ser-atingido-por-6-tiros-na-tarde-desse-sabado\/","og_locale":"pt_BR","og_type":"article","og_title":"Homem \u00e9 morto no setor Morada do Sol 2 ap\u00f3s ser atingido por 6 tiros na tarde desse s\u00e1bado - PORTAL DE NOT\u00cdCIAS CLEITON PINHEIRO","og_description":"Um jovem de 21 anos foi morto a tiros na tarde desse s\u00e1bado, 24, no setor Morada do Sol II, na regi\u00e3o Sul de Palmas. Informa\u00e7\u00f5es de moradores repassadas \u00e0 Pol\u00edcia Militar d\u00e3o conta de que ele passava por uma rua do bairro quando dois homens em um moto vermelha se aproximaram e efetuaram os [&hellip;]","og_url":"https:\/\/cleitonpinheiro.com.br\/site\/homem-e-morto-no-setor-morada-do-sol-2-apos-ser-atingido-por-6-tiros-na-tarde-desse-sabado\/","og_site_name":"PORTAL DE NOT\u00cdCIAS CLEITON PINHEIRO","article_publisher":"https:\/\/www.facebook.com\/portalcpnoticias\/","article_published_time":"2023-06-25T10:56:16+00:00","article_modified_time":"2023-06-25T11:37:44+00:00","og_image":[{"width":750,"height":450,"url":"https:\/\/cleitonpinheiro.com.br\/site\/wp-content\/uploads\/2023\/06\/Design-sem-nome-2023-06-25T075523-compressed.jpg","type":"image\/jpeg"}],"author":"Dermival Pereira","twitter_card":"summary_large_image","twitter_misc":{"Escrito por":"Dermival Pereira","Est. tempo de leitura":"1 minuto"},"schema":{"@context":"https:\/\/schema.org","@graph":[{"@type":"Article","@id":"https:\/\/cleitonpinheiro.com.br\/site\/homem-e-morto-no-setor-morada-do-sol-2-apos-ser-atingido-por-6-tiros-na-tarde-desse-sabado\/#article","isPartOf":{"@id":"https:\/\/cleitonpinheiro.com.br\/site\/homem-e-morto-no-setor-morada-do-sol-2-apos-ser-atingido-por-6-tiros-na-tarde-desse-sabado\/"},"author":{"name":"Dermival Pereira","@id":"https:\/\/cleitonpinheiro.com.br\/site\/#\/schema\/person\/aac6d7f311e80c43042e98a900b03cd8"},"headline":"Homem \u00e9 morto no setor Morada do Sol 2 ap\u00f3s ser atingido por 6 tiros na tarde desse s\u00e1bado","datePublished":"2023-06-25T10:56:16+00:00","dateModified":"2023-06-25T11:37:44+00:00","mainEntityOfPage":{"@id":"https:\/\/cleitonpinheiro.com.br\/site\/homem-e-morto-no-setor-morada-do-sol-2-apos-ser-atingido-por-6-tiros-na-tarde-desse-sabado\/"},"wordCount":170,"commentCount":0,"publisher":{"@id":"https:\/\/cleitonpinheiro.com.br\/site\/#organization"},"image":{"@id":"https:\/\/cleitonpinheiro.com.br\/site\/homem-e-morto-no-setor-morada-do-sol-2-apos-ser-atingido-por-6-tiros-na-tarde-desse-sabado\/#primaryimage"},"thumbnailUrl":"https:\/\/cleitonpinheiro.com.br\/site\/wp-content\/uploads\/2023\/06\/Design-sem-nome-2023-06-25T075523-compressed.jpg","articleSection":["CIDADES","MANCHETE SEGUND\u00c1RIA"],"inLanguage":"pt-BR","potentialAction":[{"@type":"CommentAction","name":"Comment","target":["https:\/\/cleitonpinheiro.com.br\/site\/homem-e-morto-no-setor-morada-do-sol-2-apos-ser-atingido-por-6-tiros-na-tarde-desse-sabado\/#respond"]}]},{"@type":"WebPage","@id":"https:\/\/cleitonpinheiro.com.br\/site\/homem-e-morto-no-setor-morada-do-sol-2-apos-ser-atingido-por-6-tiros-na-tarde-desse-sabado\/","url":"https:\/\/cleitonpinheiro.com.br\/site\/homem-e-morto-no-setor-morada-do-sol-2-apos-ser-atingido-por-6-tiros-na-tarde-desse-sabado\/","name":"Homem \u00e9 morto no setor Morada do Sol 2 ap\u00f3s ser atingido por 6 tiros na tarde desse s\u00e1bado - PORTAL DE NOT\u00cdCIAS CLEITON PINHEIRO","isPartOf":{"@id":"https:\/\/cleitonpinheiro.com.br\/site\/#website"},"primaryImageOfPage":{"@id":"https:\/\/cleitonpinheiro.com.br\/site\/homem-e-morto-no-setor-morada-do-sol-2-apos-ser-atingido-por-6-tiros-na-tarde-desse-sabado\/#primaryimage"},"image":{"@id":"https:\/\/cleitonpinheiro.com.br\/site\/homem-e-morto-no-setor-morada-do-sol-2-apos-ser-atingido-por-6-tiros-na-tarde-desse-sabado\/#primaryimage"},"thumbnailUrl":"https:\/\/cleitonpinheiro.com.br\/site\/wp-content\/uploads\/2023\/06\/Design-sem-nome-2023-06-25T075523-compressed.jpg","datePublished":"2023-06-25T10:56:16+00:00","dateModified":"2023-06-25T11:37:44+00:00","breadcrumb":{"@id":"https:\/\/cleitonpinheiro.com.br\/site\/homem-e-morto-no-setor-morada-do-sol-2-apos-ser-atingido-por-6-tiros-na-tarde-desse-sabado\/#breadcrumb"},"inLanguage":"pt-BR","potentialAction":[{"@type":"ReadAction","target":["https:\/\/cleitonpinheiro.com.br\/site\/homem-e-morto-no-setor-morada-do-sol-2-apos-ser-atingido-por-6-tiros-na-tarde-desse-sabado\/"]}]},{"@type":"ImageObject","inLanguage":"pt-BR","@id":"https:\/\/cleitonpinheiro.com.br\/site\/homem-e-morto-no-setor-morada-do-sol-2-apos-ser-atingido-por-6-tiros-na-tarde-desse-sabado\/#primaryimage","url":"","contentUrl":""},{"@type":"BreadcrumbList","@id":"https:\/\/cleitonpinheiro.com.br\/site\/homem-e-morto-no-setor-morada-do-sol-2-apos-ser-atingido-por-6-tiros-na-tarde-desse-sabado\/#breadcrumb","itemListElement":[{"@type":"ListItem","position":1,"name":"In\u00edcio","item":"https:\/\/cleitonpinheiro.com.br\/site\/"},{"@type":"ListItem","position":2,"name":"Homem \u00e9 morto no setor Morada do Sol 2 ap\u00f3s ser atingido por 6 tiros na tarde desse s\u00e1bado"}]},{"@type":"WebSite","@id":"https:\/\/cleitonpinheiro.com.br\/site\/#website","url":"https:\/\/cleitonpinheiro.com.br\/site\/","name":"PORTAL DE NOT\u00cdCIAS CLEITON PINHEIRO","description":"FALANDO A VERDADE","publisher":{"@id":"https:\/\/cleitonpinheiro.com.br\/site\/#organization"},"potentialAction":[{"@type":"SearchAction","target":{"@type":"EntryPoint","urlTemplate":"https:\/\/cleitonpinheiro.com.br\/site\/?s={search_term_string}"},"query-input":{"@type":"PropertyValueSpecification","valueRequired":true,"valueName":"search_term_string"}}],"inLanguage":"pt-BR"},{"@type":"Organization","@id":"https:\/\/cleitonpinheiro.com.br\/site\/#organization","name":"CPNOT\u00cdCIAS","url":"https:\/\/cleitonpinheiro.com.br\/site\/","logo":{"@type":"ImageObject","inLanguage":"pt-BR","@id":"https:\/\/cleitonpinheiro.com.br\/site\/#\/schema\/logo\/image\/","url":"https:\/\/cleitonpinheiro.com.br\/site\/wp-content\/uploads\/2022\/08\/Logo-pequena-2.png","contentUrl":"https:\/\/cleitonpinheiro.com.br\/site\/wp-content\/uploads\/2022\/08\/Logo-pequena-2.png","width":500,"height":500,"caption":"CPNOT\u00cdCIAS"},"image":{"@id":"https:\/\/cleitonpinheiro.com.br\/site\/#\/schema\/logo\/image\/"},"sameAs":["https:\/\/www.facebook.com\/portalcpnoticias\/"]},{"@type":"Person","@id":"https:\/\/cleitonpinheiro.com.br\/site\/#\/schema\/person\/aac6d7f311e80c43042e98a900b03cd8","name":"Dermival Pereira","image":{"@type":"ImageObject","inLanguage":"pt-BR","@id":"https:\/\/cleitonpinheiro.com.br\/site\/#\/schema\/person\/image\/","url":"https:\/\/secure.gravatar.com\/avatar\/cfaebf3742d6bf8db728bcba3eed6bee37b02337a2e6c822994f20ca72a3784d?s=96&r=g","contentUrl":"https:\/\/secure.gravatar.com\/avatar\/cfaebf3742d6bf8db728bcba3eed6bee37b02337a2e6c822994f20ca72a3784d?s=96&r=g","caption":"Dermival Pereira"},"url":"https:\/\/cleitonpinheiro.com.br\/site\/author\/dermival\/"}]}},"views":433,"_links":{"self":[{"href":"https:\/\/cleitonpinheiro.com.br\/site\/wp-json\/wp\/v2\/posts\/72461","targetHints":{"allow":["GET"]}}],"collection":[{"href":"https:\/\/cleitonpinheiro.com.br\/site\/wp-json\/wp\/v2\/posts"}],"about":[{"href":"https:\/\/cleitonpinheiro.com.br\/site\/wp-json\/wp\/v2\/types\/post"}],"author":[{"embeddable":true,"href":"https:\/\/cleitonpinheiro.com.br\/site\/wp-json\/wp\/v2\/users\/4"}],"replies":[{"embeddable":true,"href":"https:\/\/cleitonpinheiro.com.br\/site\/wp-json\/wp\/v2\/comments?post=72461"}],"version-history":[{"count":3,"href":"https:\/\/cleitonpinheiro.com.br\/site\/wp-json\/wp\/v2\/posts\/72461\/revisions"}],"predecessor-version":[{"id":72465,"href":"https:\/\/cleitonpinheiro.com.br\/site\/wp-json\/wp\/v2\/posts\/72461\/revisions\/72465"}],"wp:attachment":[{"href":"https:\/\/cleitonpinheiro.com.br\/site\/wp-json\/wp\/v2\/media?parent=72461"}],"wp:term":[{"taxonomy":"category","embeddable":true,"href":"https:\/\/cleitonpinheiro.com.br\/site\/wp-json\/wp\/v2\/categories?post=72461"},{"taxonomy":"post_tag","embeddable":true,"href":"https:\/\/cleitonpinheiro.com.br\/site\/wp-json\/wp\/v2\/tags?post=72461"}],"curies":[{"name":"wp","href":"https:\/\/api.w.org\/{rel}","templated":true}]}}