{"id":72488,"date":"2023-06-26T13:27:00","date_gmt":"2023-06-26T16:27:00","guid":{"rendered":"https:\/\/cleitonpinheiro.com.br\/site\/?p=72488"},"modified":"2023-06-26T13:27:03","modified_gmt":"2023-06-26T16:27:03","slug":"conselho-vai-selecionar-projetos-que-cuidam-dos-direitos-das-criancas-e-dos-adolescentes","status":"publish","type":"post","link":"https:\/\/cleitonpinheiro.com.br\/site\/conselho-vai-selecionar-projetos-que-cuidam-dos-direitos-das-criancas-e-dos-adolescentes\/","title":{"rendered":"Conselho vai selecionar projetos que cuidam dos direitos das crian\u00e7as e dos adolescentes"},"content":{"rendered":"\n<figure class=\"wp-block-image size-full is-resized\"><img fetchpriority=\"high\" decoding=\"async\" src=\"https:\/\/cleitonpinheiro.com.br\/site\/wp-content\/uploads\/2023\/06\/Design-sem-nome-2023-06-26T132552-compressed.jpg\" alt=\"\" class=\"wp-image-72489\" width=\"1021\" height=\"613\"\/><figcaption class=\"wp-element-caption\">Foto: Divulga\u00e7\u00e3o\/internet<\/figcaption><\/figure>\n\n\n\n<p class=\"wp-block-paragraph\">O Conselho Municipal dos Direitos da Crian\u00e7a e do Adolescente (CMDCA) lan\u00e7ou na sexta-feira, 23, o edital de Chamamento P\u00fablico, no Di\u00e1rio Oficial do Munic\u00edpio&nbsp;<a href=\"https:\/\/u27764309.ct.sendgrid.net\/ls\/click?upn=HWPfQVtHharE0ZVXEfySUbN75Qb159aLlaYUG66sH77BupxnyA8lxTT-2Boy4fNOa05mv8tCMeB-2FxwGBVRxAxMB7wgIDhCqspVJ6IbTAV7sa8jIvzCJMzflLk0K8ZPKdqvBjri_5vZW9TUpmMR2VHNSGp3SeRgQ0JOh7OgSw25yO-2BVcNdxRG-2FshwkSnqYhWpJ-2BkEUqjCBWi3cfIzXO8G1w-2FrUoozW2BGJ3bVukkwftCT5fRwK9qkD9t9eHPpyNd-2B44GWTYu0cjGofGyXJabOkz-2FSMXspMrs10jvIho3S1dsEd6FDZ-2FPbjr6NPynoAk-2FTZHpB5hgBAbRmNIUCyLwsVRou-2FOUquh9rksA9mD0VN9dgPuz6ck-3D\" target=\"_blank\" rel=\"noreferrer noopener\">(DOM), p\u00e1gina 17<\/a>, para selecionar projetos que visam a promo\u00e7\u00e3o, prote\u00e7\u00e3o e defesa dos direitos da crian\u00e7a e do adolescente. Podem participar as institui\u00e7\u00f5es cadastradas no CMDCA de Palmas, o projeto melhor classificado ser\u00e1 indicado para concorrer \u00e0 recurso oriundo das empresas pertencentes ao conglomerado Ita\u00fa Unibanco, por meio do Funda\u00e7\u00e3o Ita\u00fa Social.&nbsp;<\/p>\n\n\n\n<p class=\"wp-block-paragraph\">As&nbsp;inscri\u00e7\u00f5es&nbsp;ser\u00e1 de 23 de junho a 3 de julho. A an\u00e1lise dos Projetos e resultado da pr\u00e9-sele\u00e7\u00e3o&nbsp;de 4 a 6 de julho. A aprova\u00e7\u00e3o do projeto pela plen\u00e1ria do CMDCA, no dia 7 de julho de 2023, com a divulga\u00e7\u00e3o do resultado provis\u00f3rio no dia 10 de julho. &nbsp;&nbsp;<\/p>\n\n\n\n<p class=\"wp-block-paragraph\">As entidades devem apresentar suas propostas em conformidade com o&nbsp;<a href=\"https:\/\/u27764309.ct.sendgrid.net\/ls\/click?upn=7vvcAj0XtsZ3UvyGky7PZS2CDnnxLp6WSBmA5T-2FjAFXF-2FoAVxApF7mop-2BtNO8Lwoy80otWwp4n0C7tTbJlA89rY0EeHuSEfn4h0u9CWafc-2FJb7zkeHLGLyRJUP5CVYAhwrVd_5vZW9TUpmMR2VHNSGp3SeRgQ0JOh7OgSw25yO-2BVcNdxRG-2FshwkSnqYhWpJ-2BkEUqjCBWi3cfIzXO8G1w-2FrUoozYuncJOiTcCuA37kHTsRGBejl8CnH-2F-2B8hM5U9wR8HCCn-2BWfMEQObNbYWT-2FOQM9LwM6OrGc6wQjvtWLfyVMZbRm65Gz9RFzFvdmTgAxdeMX3VgF-2FKgPNjxrgOI3lRqTRRsPR0PjJUESE3XRZ8Bc6T0so-3D\" target=\"_blank\" rel=\"noreferrer noopener\">edital<\/a>&nbsp;da Funda\u00e7\u00e3o Ita\u00fa Social 2023, nos seguintes focos:<\/p>\n\n\n\n<p class=\"wp-block-paragraph\">Foco 1: Alcance e atendimento de crian\u00e7as e adolescentes com falta ou dificuldade de acesso \u00e0s escolas p\u00fablicas e\/ou a atividades de educa\u00e7\u00e3o em tempo integral.<\/p>\n\n\n\n<p class=\"wp-block-paragraph\">Foco 2: Oferta de atividades educativas e culturais que promovam o aprendizado, o desenvolvimento pessoal e a manuten\u00e7\u00e3o e melhoria da vida escolar de crian\u00e7as e adolescentes, bem como oferta de orienta\u00e7\u00e3o e apoio aos familiares para que apoiem a trajet\u00f3ria escolar e o desenvolvimento educacional de seus filhos.<\/p>\n\n\n\n<p class=\"wp-block-paragraph\">Foco 3 &#8211; Alcance e atendimento de crian\u00e7as e\/ou adolescentes que estejam em situa\u00e7\u00e3o de viola\u00e7\u00e3o, de direitos (tais como evas\u00e3o escolar, trabalho infantil, viol\u00eancias dom\u00e9sticas, abandono, maus-tratos, ruptura da conviv\u00eancia familiar, viol\u00eancia sexual, envolvimento com atividades il\u00edcitas), tendo em vista, entre os objetivos centrais da proposta, a restaura\u00e7\u00e3o, manuten\u00e7\u00e3o e melhoria da trajet\u00f3ria escolar do p\u00fablico atendido.<\/p>\n\n\n\n<p class=\"wp-block-paragraph\">Foco 4 &#8211; Realiza\u00e7\u00e3o de diagn\u00f3stico local que identifique fatores de risco, dificuldades ou viola\u00e7\u00f5es que estejam limitando ou impedindo o acesso \u00e0 escola ou a manuten\u00e7\u00e3o da vida escolar de crian\u00e7as e adolescentes no munic\u00edpio, e gere informa\u00e7\u00f5es e an\u00e1lises que contribuam para o planejamento de pol\u00edticas e a\u00e7\u00f5es voltadas \u00e0 garantia dos direitos de crian\u00e7as e adolescentes \u00e0 educa\u00e7\u00e3o.<\/p>\n\n\n\n<p class=\"wp-block-paragraph\">Foco 5 &#8211; Capacita\u00e7\u00e3o dos operadores locais do Sistema de Garantia dos Direitos da Crian\u00e7a e do Adolescente \u2013 professores, educadores sociais, t\u00e9cnicos e outros profissionais que atuam em escolas p\u00fablicas, servi\u00e7os p\u00fablicos locais ou organiza\u00e7\u00f5es da sociedade civil sem fins lucrativos da rede local \u2013 para reconhecimento e interven\u00e7\u00e3o em fatores que estejam dificultando a trajet\u00f3ria escolar e o desenvolvimento educacional de crian\u00e7as e adolescentes.<\/p>\n\n\n\n<p class=\"wp-block-paragraph\">Foco 6 &#8211; Realiza\u00e7\u00e3o de campanha de comunica\u00e7\u00e3o junto \u00e0 comunidade local, que tenha entre seus focos centrais a garantia do acesso de crian\u00e7as e adolescentes aos diferentes n\u00edveis de educa\u00e7\u00e3o e a manuten\u00e7\u00e3o e melhoria da trajet\u00f3ria escolar desse p\u00fablico.<\/p>\n\n\n\n<p class=\"wp-block-paragraph\">Foco 7 &#8211; Articula\u00e7\u00e3o de a\u00e7\u00f5es conjuntas entre a Secretaria Municipal de Educa\u00e7\u00e3o, escolas p\u00fablicas, organiza\u00e7\u00f5es da sociedade civil, Conselho Tutelar, outros conselhos municipais e outras secretarias ou servi\u00e7os locais, tendo como foco a cria\u00e7\u00e3o de condi\u00e7\u00f5es que promovam a restaura\u00e7\u00e3o, manuten\u00e7\u00e3o e o fortalecimento da trajet\u00f3ria escolar e do aprendizado de crian\u00e7as e adolescentes.<\/p>\n\n\n\n<p class=\"wp-block-paragraph\">De acordo como o edital, ser\u00e1 selecionado um projeto que ser\u00e1 indicado para concorrer ao financiamento da Funda\u00e7\u00e3o Ita\u00fa Social no seu edital de Apoio aos Fundos dos Direitos das Crian\u00e7as e do Adolescente. <em><strong>(Fonte: Secom de Palmas).<\/strong><\/em><\/p>\n","protected":false},"excerpt":{"rendered":"<p>O Conselho Municipal dos Direitos da Crian\u00e7a e do Adolescente (CMDCA) lan\u00e7ou na sexta-feira, 23, o edital de Chamamento P\u00fablico, no Di\u00e1rio Oficial do Munic\u00edpio&nbsp;(DOM), p\u00e1gina 17, para selecionar projetos que visam a promo\u00e7\u00e3o, prote\u00e7\u00e3o e defesa dos direitos da crian\u00e7a e do adolescente. Podem participar as institui\u00e7\u00f5es cadastradas no CMDCA de Palmas, o projeto [&hellip;]<\/p>\n","protected":false},"author":4,"featured_media":0,"comment_status":"open","ping_status":"open","sticky":false,"template":"","format":"standard","meta":{"_acf_changed":false,"footnotes":""},"categories":[22,898],"tags":[],"class_list":["post-72488","post","type-post","status-publish","format-standard","hentry","category-cidades","category-manchete-segundaria"],"acf":[],"yoast_head":"<!-- This site is optimized with the Yoast SEO plugin v24.4 - https:\/\/yoast.com\/wordpress\/plugins\/seo\/ -->\n<title>Conselho vai selecionar projetos que cuidam dos direitos das crian\u00e7as e dos adolescentes - PORTAL DE NOT\u00cdCIAS CLEITON PINHEIRO<\/title>\n<meta name=\"robots\" content=\"index, follow, max-snippet:-1, max-image-preview:large, max-video-preview:-1\" \/>\n<link rel=\"canonical\" href=\"https:\/\/cleitonpinheiro.com.br\/site\/conselho-vai-selecionar-projetos-que-cuidam-dos-direitos-das-criancas-e-dos-adolescentes\/\" \/>\n<meta property=\"og:locale\" content=\"pt_BR\" \/>\n<meta property=\"og:type\" content=\"article\" \/>\n<meta property=\"og:title\" content=\"Conselho vai selecionar projetos que cuidam dos direitos das crian\u00e7as e dos adolescentes - PORTAL DE NOT\u00cdCIAS CLEITON PINHEIRO\" \/>\n<meta property=\"og:description\" content=\"O Conselho Municipal dos Direitos da Crian\u00e7a e do Adolescente (CMDCA) lan\u00e7ou na sexta-feira, 23, o edital de Chamamento P\u00fablico, no Di\u00e1rio Oficial do Munic\u00edpio&nbsp;(DOM), p\u00e1gina 17, para selecionar projetos que visam a promo\u00e7\u00e3o, prote\u00e7\u00e3o e defesa dos direitos da crian\u00e7a e do adolescente. Podem participar as institui\u00e7\u00f5es cadastradas no CMDCA de Palmas, o projeto [&hellip;]\" \/>\n<meta property=\"og:url\" content=\"https:\/\/cleitonpinheiro.com.br\/site\/conselho-vai-selecionar-projetos-que-cuidam-dos-direitos-das-criancas-e-dos-adolescentes\/\" \/>\n<meta property=\"og:site_name\" content=\"PORTAL DE NOT\u00cdCIAS CLEITON PINHEIRO\" \/>\n<meta property=\"article:publisher\" content=\"https:\/\/www.facebook.com\/portalcpnoticias\/\" \/>\n<meta property=\"article:published_time\" content=\"2023-06-26T16:27:00+00:00\" \/>\n<meta property=\"article:modified_time\" content=\"2023-06-26T16:27:03+00:00\" \/>\n<meta property=\"og:image\" content=\"https:\/\/cleitonpinheiro.com.br\/site\/wp-content\/uploads\/2023\/06\/Design-sem-nome-2023-06-26T132552-compressed.jpg\" \/>\n\t<meta property=\"og:image:width\" content=\"750\" \/>\n\t<meta property=\"og:image:height\" content=\"450\" \/>\n\t<meta property=\"og:image:type\" content=\"image\/jpeg\" \/>\n<meta name=\"author\" content=\"Dermival Pereira\" \/>\n<meta name=\"twitter:card\" content=\"summary_large_image\" \/>\n<meta name=\"twitter:label1\" content=\"Escrito por\" \/>\n\t<meta name=\"twitter:data1\" content=\"Dermival Pereira\" \/>\n\t<meta name=\"twitter:label2\" content=\"Est. tempo de leitura\" \/>\n\t<meta name=\"twitter:data2\" content=\"4 minutos\" \/>\n<script type=\"application\/ld+json\" class=\"yoast-schema-graph\">{\"@context\":\"https:\/\/schema.org\",\"@graph\":[{\"@type\":\"Article\",\"@id\":\"https:\/\/cleitonpinheiro.com.br\/site\/conselho-vai-selecionar-projetos-que-cuidam-dos-direitos-das-criancas-e-dos-adolescentes\/#article\",\"isPartOf\":{\"@id\":\"https:\/\/cleitonpinheiro.com.br\/site\/conselho-vai-selecionar-projetos-que-cuidam-dos-direitos-das-criancas-e-dos-adolescentes\/\"},\"author\":{\"name\":\"Dermival Pereira\",\"@id\":\"https:\/\/cleitonpinheiro.com.br\/site\/#\/schema\/person\/aac6d7f311e80c43042e98a900b03cd8\"},\"headline\":\"Conselho vai selecionar projetos que cuidam dos direitos das crian\u00e7as e dos adolescentes\",\"datePublished\":\"2023-06-26T16:27:00+00:00\",\"dateModified\":\"2023-06-26T16:27:03+00:00\",\"mainEntityOfPage\":{\"@id\":\"https:\/\/cleitonpinheiro.com.br\/site\/conselho-vai-selecionar-projetos-que-cuidam-dos-direitos-das-criancas-e-dos-adolescentes\/\"},\"wordCount\":631,\"commentCount\":0,\"publisher\":{\"@id\":\"https:\/\/cleitonpinheiro.com.br\/site\/#organization\"},\"image\":{\"@id\":\"https:\/\/cleitonpinheiro.com.br\/site\/conselho-vai-selecionar-projetos-que-cuidam-dos-direitos-das-criancas-e-dos-adolescentes\/#primaryimage\"},\"thumbnailUrl\":\"https:\/\/cleitonpinheiro.com.br\/site\/wp-content\/uploads\/2023\/06\/Design-sem-nome-2023-06-26T132552-compressed.jpg\",\"articleSection\":[\"CIDADES\",\"MANCHETE SEGUND\u00c1RIA\"],\"inLanguage\":\"pt-BR\",\"potentialAction\":[{\"@type\":\"CommentAction\",\"name\":\"Comment\",\"target\":[\"https:\/\/cleitonpinheiro.com.br\/site\/conselho-vai-selecionar-projetos-que-cuidam-dos-direitos-das-criancas-e-dos-adolescentes\/#respond\"]}]},{\"@type\":\"WebPage\",\"@id\":\"https:\/\/cleitonpinheiro.com.br\/site\/conselho-vai-selecionar-projetos-que-cuidam-dos-direitos-das-criancas-e-dos-adolescentes\/\",\"url\":\"https:\/\/cleitonpinheiro.com.br\/site\/conselho-vai-selecionar-projetos-que-cuidam-dos-direitos-das-criancas-e-dos-adolescentes\/\",\"name\":\"Conselho vai selecionar projetos que cuidam dos direitos das crian\u00e7as e dos adolescentes - PORTAL DE NOT\u00cdCIAS CLEITON PINHEIRO\",\"isPartOf\":{\"@id\":\"https:\/\/cleitonpinheiro.com.br\/site\/#website\"},\"primaryImageOfPage\":{\"@id\":\"https:\/\/cleitonpinheiro.com.br\/site\/conselho-vai-selecionar-projetos-que-cuidam-dos-direitos-das-criancas-e-dos-adolescentes\/#primaryimage\"},\"image\":{\"@id\":\"https:\/\/cleitonpinheiro.com.br\/site\/conselho-vai-selecionar-projetos-que-cuidam-dos-direitos-das-criancas-e-dos-adolescentes\/#primaryimage\"},\"thumbnailUrl\":\"https:\/\/cleitonpinheiro.com.br\/site\/wp-content\/uploads\/2023\/06\/Design-sem-nome-2023-06-26T132552-compressed.jpg\",\"datePublished\":\"2023-06-26T16:27:00+00:00\",\"dateModified\":\"2023-06-26T16:27:03+00:00\",\"breadcrumb\":{\"@id\":\"https:\/\/cleitonpinheiro.com.br\/site\/conselho-vai-selecionar-projetos-que-cuidam-dos-direitos-das-criancas-e-dos-adolescentes\/#breadcrumb\"},\"inLanguage\":\"pt-BR\",\"potentialAction\":[{\"@type\":\"ReadAction\",\"target\":[\"https:\/\/cleitonpinheiro.com.br\/site\/conselho-vai-selecionar-projetos-que-cuidam-dos-direitos-das-criancas-e-dos-adolescentes\/\"]}]},{\"@type\":\"ImageObject\",\"inLanguage\":\"pt-BR\",\"@id\":\"https:\/\/cleitonpinheiro.com.br\/site\/conselho-vai-selecionar-projetos-que-cuidam-dos-direitos-das-criancas-e-dos-adolescentes\/#primaryimage\",\"url\":\"\",\"contentUrl\":\"\"},{\"@type\":\"BreadcrumbList\",\"@id\":\"https:\/\/cleitonpinheiro.com.br\/site\/conselho-vai-selecionar-projetos-que-cuidam-dos-direitos-das-criancas-e-dos-adolescentes\/#breadcrumb\",\"itemListElement\":[{\"@type\":\"ListItem\",\"position\":1,\"name\":\"In\u00edcio\",\"item\":\"https:\/\/cleitonpinheiro.com.br\/site\/\"},{\"@type\":\"ListItem\",\"position\":2,\"name\":\"Conselho vai selecionar projetos que cuidam dos direitos das crian\u00e7as e dos adolescentes\"}]},{\"@type\":\"WebSite\",\"@id\":\"https:\/\/cleitonpinheiro.com.br\/site\/#website\",\"url\":\"https:\/\/cleitonpinheiro.com.br\/site\/\",\"name\":\"PORTAL DE NOT\u00cdCIAS CLEITON PINHEIRO\",\"description\":\"FALANDO A VERDADE\",\"publisher\":{\"@id\":\"https:\/\/cleitonpinheiro.com.br\/site\/#organization\"},\"potentialAction\":[{\"@type\":\"SearchAction\",\"target\":{\"@type\":\"EntryPoint\",\"urlTemplate\":\"https:\/\/cleitonpinheiro.com.br\/site\/?s={search_term_string}\"},\"query-input\":{\"@type\":\"PropertyValueSpecification\",\"valueRequired\":true,\"valueName\":\"search_term_string\"}}],\"inLanguage\":\"pt-BR\"},{\"@type\":\"Organization\",\"@id\":\"https:\/\/cleitonpinheiro.com.br\/site\/#organization\",\"name\":\"CPNOT\u00cdCIAS\",\"url\":\"https:\/\/cleitonpinheiro.com.br\/site\/\",\"logo\":{\"@type\":\"ImageObject\",\"inLanguage\":\"pt-BR\",\"@id\":\"https:\/\/cleitonpinheiro.com.br\/site\/#\/schema\/logo\/image\/\",\"url\":\"https:\/\/cleitonpinheiro.com.br\/site\/wp-content\/uploads\/2022\/08\/Logo-pequena-2.png\",\"contentUrl\":\"https:\/\/cleitonpinheiro.com.br\/site\/wp-content\/uploads\/2022\/08\/Logo-pequena-2.png\",\"width\":500,\"height\":500,\"caption\":\"CPNOT\u00cdCIAS\"},\"image\":{\"@id\":\"https:\/\/cleitonpinheiro.com.br\/site\/#\/schema\/logo\/image\/\"},\"sameAs\":[\"https:\/\/www.facebook.com\/portalcpnoticias\/\"]},{\"@type\":\"Person\",\"@id\":\"https:\/\/cleitonpinheiro.com.br\/site\/#\/schema\/person\/aac6d7f311e80c43042e98a900b03cd8\",\"name\":\"Dermival Pereira\",\"image\":{\"@type\":\"ImageObject\",\"inLanguage\":\"pt-BR\",\"@id\":\"https:\/\/cleitonpinheiro.com.br\/site\/#\/schema\/person\/image\/\",\"url\":\"https:\/\/secure.gravatar.com\/avatar\/cfaebf3742d6bf8db728bcba3eed6bee37b02337a2e6c822994f20ca72a3784d?s=96&r=g\",\"contentUrl\":\"https:\/\/secure.gravatar.com\/avatar\/cfaebf3742d6bf8db728bcba3eed6bee37b02337a2e6c822994f20ca72a3784d?s=96&r=g\",\"caption\":\"Dermival Pereira\"},\"url\":\"https:\/\/cleitonpinheiro.com.br\/site\/author\/dermival\/\"}]}<\/script>\n<!-- \/ Yoast SEO plugin. -->","yoast_head_json":{"title":"Conselho vai selecionar projetos que cuidam dos direitos das crian\u00e7as e dos adolescentes - PORTAL DE NOT\u00cdCIAS CLEITON PINHEIRO","robots":{"index":"index","follow":"follow","max-snippet":"max-snippet:-1","max-image-preview":"max-image-preview:large","max-video-preview":"max-video-preview:-1"},"canonical":"https:\/\/cleitonpinheiro.com.br\/site\/conselho-vai-selecionar-projetos-que-cuidam-dos-direitos-das-criancas-e-dos-adolescentes\/","og_locale":"pt_BR","og_type":"article","og_title":"Conselho vai selecionar projetos que cuidam dos direitos das crian\u00e7as e dos adolescentes - PORTAL DE NOT\u00cdCIAS CLEITON PINHEIRO","og_description":"O Conselho Municipal dos Direitos da Crian\u00e7a e do Adolescente (CMDCA) lan\u00e7ou na sexta-feira, 23, o edital de Chamamento P\u00fablico, no Di\u00e1rio Oficial do Munic\u00edpio&nbsp;(DOM), p\u00e1gina 17, para selecionar projetos que visam a promo\u00e7\u00e3o, prote\u00e7\u00e3o e defesa dos direitos da crian\u00e7a e do adolescente. Podem participar as institui\u00e7\u00f5es cadastradas no CMDCA de Palmas, o projeto [&hellip;]","og_url":"https:\/\/cleitonpinheiro.com.br\/site\/conselho-vai-selecionar-projetos-que-cuidam-dos-direitos-das-criancas-e-dos-adolescentes\/","og_site_name":"PORTAL DE NOT\u00cdCIAS CLEITON PINHEIRO","article_publisher":"https:\/\/www.facebook.com\/portalcpnoticias\/","article_published_time":"2023-06-26T16:27:00+00:00","article_modified_time":"2023-06-26T16:27:03+00:00","og_image":[{"width":750,"height":450,"url":"https:\/\/cleitonpinheiro.com.br\/site\/wp-content\/uploads\/2023\/06\/Design-sem-nome-2023-06-26T132552-compressed.jpg","type":"image\/jpeg"}],"author":"Dermival Pereira","twitter_card":"summary_large_image","twitter_misc":{"Escrito por":"Dermival Pereira","Est. tempo de leitura":"4 minutos"},"schema":{"@context":"https:\/\/schema.org","@graph":[{"@type":"Article","@id":"https:\/\/cleitonpinheiro.com.br\/site\/conselho-vai-selecionar-projetos-que-cuidam-dos-direitos-das-criancas-e-dos-adolescentes\/#article","isPartOf":{"@id":"https:\/\/cleitonpinheiro.com.br\/site\/conselho-vai-selecionar-projetos-que-cuidam-dos-direitos-das-criancas-e-dos-adolescentes\/"},"author":{"name":"Dermival Pereira","@id":"https:\/\/cleitonpinheiro.com.br\/site\/#\/schema\/person\/aac6d7f311e80c43042e98a900b03cd8"},"headline":"Conselho vai selecionar projetos que cuidam dos direitos das crian\u00e7as e dos adolescentes","datePublished":"2023-06-26T16:27:00+00:00","dateModified":"2023-06-26T16:27:03+00:00","mainEntityOfPage":{"@id":"https:\/\/cleitonpinheiro.com.br\/site\/conselho-vai-selecionar-projetos-que-cuidam-dos-direitos-das-criancas-e-dos-adolescentes\/"},"wordCount":631,"commentCount":0,"publisher":{"@id":"https:\/\/cleitonpinheiro.com.br\/site\/#organization"},"image":{"@id":"https:\/\/cleitonpinheiro.com.br\/site\/conselho-vai-selecionar-projetos-que-cuidam-dos-direitos-das-criancas-e-dos-adolescentes\/#primaryimage"},"thumbnailUrl":"https:\/\/cleitonpinheiro.com.br\/site\/wp-content\/uploads\/2023\/06\/Design-sem-nome-2023-06-26T132552-compressed.jpg","articleSection":["CIDADES","MANCHETE SEGUND\u00c1RIA"],"inLanguage":"pt-BR","potentialAction":[{"@type":"CommentAction","name":"Comment","target":["https:\/\/cleitonpinheiro.com.br\/site\/conselho-vai-selecionar-projetos-que-cuidam-dos-direitos-das-criancas-e-dos-adolescentes\/#respond"]}]},{"@type":"WebPage","@id":"https:\/\/cleitonpinheiro.com.br\/site\/conselho-vai-selecionar-projetos-que-cuidam-dos-direitos-das-criancas-e-dos-adolescentes\/","url":"https:\/\/cleitonpinheiro.com.br\/site\/conselho-vai-selecionar-projetos-que-cuidam-dos-direitos-das-criancas-e-dos-adolescentes\/","name":"Conselho vai selecionar projetos que cuidam dos direitos das crian\u00e7as e dos adolescentes - PORTAL DE NOT\u00cdCIAS CLEITON PINHEIRO","isPartOf":{"@id":"https:\/\/cleitonpinheiro.com.br\/site\/#website"},"primaryImageOfPage":{"@id":"https:\/\/cleitonpinheiro.com.br\/site\/conselho-vai-selecionar-projetos-que-cuidam-dos-direitos-das-criancas-e-dos-adolescentes\/#primaryimage"},"image":{"@id":"https:\/\/cleitonpinheiro.com.br\/site\/conselho-vai-selecionar-projetos-que-cuidam-dos-direitos-das-criancas-e-dos-adolescentes\/#primaryimage"},"thumbnailUrl":"https:\/\/cleitonpinheiro.com.br\/site\/wp-content\/uploads\/2023\/06\/Design-sem-nome-2023-06-26T132552-compressed.jpg","datePublished":"2023-06-26T16:27:00+00:00","dateModified":"2023-06-26T16:27:03+00:00","breadcrumb":{"@id":"https:\/\/cleitonpinheiro.com.br\/site\/conselho-vai-selecionar-projetos-que-cuidam-dos-direitos-das-criancas-e-dos-adolescentes\/#breadcrumb"},"inLanguage":"pt-BR","potentialAction":[{"@type":"ReadAction","target":["https:\/\/cleitonpinheiro.com.br\/site\/conselho-vai-selecionar-projetos-que-cuidam-dos-direitos-das-criancas-e-dos-adolescentes\/"]}]},{"@type":"ImageObject","inLanguage":"pt-BR","@id":"https:\/\/cleitonpinheiro.com.br\/site\/conselho-vai-selecionar-projetos-que-cuidam-dos-direitos-das-criancas-e-dos-adolescentes\/#primaryimage","url":"","contentUrl":""},{"@type":"BreadcrumbList","@id":"https:\/\/cleitonpinheiro.com.br\/site\/conselho-vai-selecionar-projetos-que-cuidam-dos-direitos-das-criancas-e-dos-adolescentes\/#breadcrumb","itemListElement":[{"@type":"ListItem","position":1,"name":"In\u00edcio","item":"https:\/\/cleitonpinheiro.com.br\/site\/"},{"@type":"ListItem","position":2,"name":"Conselho vai selecionar projetos que cuidam dos direitos das crian\u00e7as e dos adolescentes"}]},{"@type":"WebSite","@id":"https:\/\/cleitonpinheiro.com.br\/site\/#website","url":"https:\/\/cleitonpinheiro.com.br\/site\/","name":"PORTAL DE NOT\u00cdCIAS CLEITON PINHEIRO","description":"FALANDO A VERDADE","publisher":{"@id":"https:\/\/cleitonpinheiro.com.br\/site\/#organization"},"potentialAction":[{"@type":"SearchAction","target":{"@type":"EntryPoint","urlTemplate":"https:\/\/cleitonpinheiro.com.br\/site\/?s={search_term_string}"},"query-input":{"@type":"PropertyValueSpecification","valueRequired":true,"valueName":"search_term_string"}}],"inLanguage":"pt-BR"},{"@type":"Organization","@id":"https:\/\/cleitonpinheiro.com.br\/site\/#organization","name":"CPNOT\u00cdCIAS","url":"https:\/\/cleitonpinheiro.com.br\/site\/","logo":{"@type":"ImageObject","inLanguage":"pt-BR","@id":"https:\/\/cleitonpinheiro.com.br\/site\/#\/schema\/logo\/image\/","url":"https:\/\/cleitonpinheiro.com.br\/site\/wp-content\/uploads\/2022\/08\/Logo-pequena-2.png","contentUrl":"https:\/\/cleitonpinheiro.com.br\/site\/wp-content\/uploads\/2022\/08\/Logo-pequena-2.png","width":500,"height":500,"caption":"CPNOT\u00cdCIAS"},"image":{"@id":"https:\/\/cleitonpinheiro.com.br\/site\/#\/schema\/logo\/image\/"},"sameAs":["https:\/\/www.facebook.com\/portalcpnoticias\/"]},{"@type":"Person","@id":"https:\/\/cleitonpinheiro.com.br\/site\/#\/schema\/person\/aac6d7f311e80c43042e98a900b03cd8","name":"Dermival Pereira","image":{"@type":"ImageObject","inLanguage":"pt-BR","@id":"https:\/\/cleitonpinheiro.com.br\/site\/#\/schema\/person\/image\/","url":"https:\/\/secure.gravatar.com\/avatar\/cfaebf3742d6bf8db728bcba3eed6bee37b02337a2e6c822994f20ca72a3784d?s=96&r=g","contentUrl":"https:\/\/secure.gravatar.com\/avatar\/cfaebf3742d6bf8db728bcba3eed6bee37b02337a2e6c822994f20ca72a3784d?s=96&r=g","caption":"Dermival Pereira"},"url":"https:\/\/cleitonpinheiro.com.br\/site\/author\/dermival\/"}]}},"views":292,"_links":{"self":[{"href":"https:\/\/cleitonpinheiro.com.br\/site\/wp-json\/wp\/v2\/posts\/72488","targetHints":{"allow":["GET"]}}],"collection":[{"href":"https:\/\/cleitonpinheiro.com.br\/site\/wp-json\/wp\/v2\/posts"}],"about":[{"href":"https:\/\/cleitonpinheiro.com.br\/site\/wp-json\/wp\/v2\/types\/post"}],"author":[{"embeddable":true,"href":"https:\/\/cleitonpinheiro.com.br\/site\/wp-json\/wp\/v2\/users\/4"}],"replies":[{"embeddable":true,"href":"https:\/\/cleitonpinheiro.com.br\/site\/wp-json\/wp\/v2\/comments?post=72488"}],"version-history":[{"count":1,"href":"https:\/\/cleitonpinheiro.com.br\/site\/wp-json\/wp\/v2\/posts\/72488\/revisions"}],"predecessor-version":[{"id":72490,"href":"https:\/\/cleitonpinheiro.com.br\/site\/wp-json\/wp\/v2\/posts\/72488\/revisions\/72490"}],"wp:attachment":[{"href":"https:\/\/cleitonpinheiro.com.br\/site\/wp-json\/wp\/v2\/media?parent=72488"}],"wp:term":[{"taxonomy":"category","embeddable":true,"href":"https:\/\/cleitonpinheiro.com.br\/site\/wp-json\/wp\/v2\/categories?post=72488"},{"taxonomy":"post_tag","embeddable":true,"href":"https:\/\/cleitonpinheiro.com.br\/site\/wp-json\/wp\/v2\/tags?post=72488"}],"curies":[{"name":"wp","href":"https:\/\/api.w.org\/{rel}","templated":true}]}}