{"id":72504,"date":"2023-06-27T07:43:44","date_gmt":"2023-06-27T10:43:44","guid":{"rendered":"https:\/\/cleitonpinheiro.com.br\/site\/?p=72504"},"modified":"2023-06-27T07:43:47","modified_gmt":"2023-06-27T10:43:47","slug":"ministros-do-stf-decidem-que-calculo-do-inss-que-reduz-a-pensao-por-morte-e-constitucional","status":"publish","type":"post","link":"https:\/\/cleitonpinheiro.com.br\/site\/ministros-do-stf-decidem-que-calculo-do-inss-que-reduz-a-pensao-por-morte-e-constitucional\/","title":{"rendered":"Ministros do STF decidem que c\u00e1lculo do INSS que reduz a pens\u00e3o por morte \u00e9 constitucional"},"content":{"rendered":"\n<figure class=\"wp-block-image size-full is-resized\"><img fetchpriority=\"high\" decoding=\"async\" src=\"https:\/\/cleitonpinheiro.com.br\/site\/wp-content\/uploads\/2022\/07\/STFFEDITADOOO-1.jpg\" alt=\"\" class=\"wp-image-60985\" width=\"1021\" height=\"613\"\/><\/figure>\n\n\n\n<p>O\u00a0<strong>Supremo Tribunal Federal (STF)\u00a0<\/strong>decidiu na \u00faltima sexta-feira, 23, que o c\u00e1lculo da pens\u00e3o por morte do\u00a0<strong>Instituto Nacional do Seguro Social (INSS)\u00a0<\/strong>definido pela Reforma da Previd\u00eancia de 2019 \u00e9 constitucional.\u00a0<strong>As informa\u00e7\u00f5es foram publicadas no Site Terra.<\/strong><\/p>\n\n\n\n<p>Segundo a regra fixada, no caso do\u00a0<strong>Regime Geral de Previd\u00eancia Social (RGPS)\u00a0<\/strong>ou de servidores p\u00fablicos federais, o vi\u00favo tem direito de receber 50% do benef\u00edcio do segurado que morreu ou da aposentadoria por invalidez a que o segurado teria direito.\u00a0<\/p>\n\n\n\n<p>A regra ainda diz que h\u00e1 o acr\u00e9scimo de 10% por dependente, at\u00e9 o limite de 100%. Uma vi\u00fava com um filho, por exemplo, recebe um valor m\u00ednimo de 50% sobre a aposentadoria do segurado que morreu&nbsp;ou de sua aposentadoria por invalidez e ainda mais 10% do dependente.<\/p>\n\n\n\n<p>Embora recente, a regra era questionada pela Confedera\u00e7\u00e3o Nacional dos Trabalhadores Assalariados e Assalariadas Rurais (Contar). A confedera\u00e7\u00e3o argumentava que essa forma de c\u00e1lculo retira dos dependentes dos segurados o direito a uma vida com subsist\u00eancia digna, violando dispositivos constitucionais.&nbsp;<\/p>\n\n\n\n<p>Antes da reforma, a pens\u00e3o por morte correspondia a 100% do valor da aposentadoria que o segurado recebia ou daquela a que teria direito se estivesse aposentado por invalidez na data de sua morte.<\/p>\n\n\n\n<p><strong>Entendimento da Corte<\/strong><\/p>\n\n\n\n<p>Por oito votos, venceu a tese da constitucionalidade defendida pelo ministro relator do caso, Lu\u00eds Roberto Barroso. Votaram com ele os ministros Dias Toffoli, Andr\u00e9 Mendon\u00e7a, Gilmar Mendes, Alexandre de Moraes, C\u00e1rmen L\u00facia, Luiz Fux e Nunes Marques.<\/p>\n\n\n\n<p>A diverg\u00eancia havia sido aberta pelo ministro Edson Fachin, que j\u00e1 deu voto contr\u00e1rio ao de Barroso em outras a\u00e7\u00f5es da reforma da Previd\u00eancia. Para ele, h\u00e1 pontos inconstitucionais nas novas regras. Al\u00e9m de Fachin, a ministra Rosa Weber tamb\u00e9m julgou como inconstitucional o c\u00e1lculo.<\/p>\n","protected":false},"excerpt":{"rendered":"<p>O\u00a0Supremo Tribunal Federal (STF)\u00a0decidiu na \u00faltima sexta-feira, 23, que o c\u00e1lculo da pens\u00e3o por morte do\u00a0Instituto Nacional do Seguro Social (INSS)\u00a0definido pela Reforma da Previd\u00eancia de 2019 \u00e9 constitucional.\u00a0As informa\u00e7\u00f5es foram publicadas no Site Terra. Segundo a regra fixada, no caso do\u00a0Regime Geral de Previd\u00eancia Social (RGPS)\u00a0ou de servidores p\u00fablicos federais, o vi\u00favo tem direito [&hellip;]<\/p>\n","protected":false},"author":4,"featured_media":0,"comment_status":"open","ping_status":"open","sticky":false,"template":"","format":"standard","meta":{"_acf_changed":false,"footnotes":""},"categories":[19,898],"tags":[],"class_list":["post-72504","post","type-post","status-publish","format-standard","hentry","category-brasil-mundo","category-manchete-segundaria"],"acf":[],"yoast_head":"<!-- This site is optimized with the Yoast SEO plugin v24.4 - https:\/\/yoast.com\/wordpress\/plugins\/seo\/ -->\n<title>Ministros do STF decidem que c\u00e1lculo do INSS que reduz a pens\u00e3o por morte \u00e9 constitucional - PORTAL DE NOT\u00cdCIAS CLEITON PINHEIRO<\/title>\n<meta name=\"robots\" content=\"index, follow, max-snippet:-1, max-image-preview:large, max-video-preview:-1\" \/>\n<link rel=\"canonical\" href=\"https:\/\/cleitonpinheiro.com.br\/site\/ministros-do-stf-decidem-que-calculo-do-inss-que-reduz-a-pensao-por-morte-e-constitucional\/\" \/>\n<meta property=\"og:locale\" content=\"pt_BR\" \/>\n<meta property=\"og:type\" content=\"article\" \/>\n<meta property=\"og:title\" content=\"Ministros do STF decidem que c\u00e1lculo do INSS que reduz a pens\u00e3o por morte \u00e9 constitucional - PORTAL DE NOT\u00cdCIAS CLEITON PINHEIRO\" \/>\n<meta property=\"og:description\" content=\"O\u00a0Supremo Tribunal Federal (STF)\u00a0decidiu na \u00faltima sexta-feira, 23, que o c\u00e1lculo da pens\u00e3o por morte do\u00a0Instituto Nacional do Seguro Social (INSS)\u00a0definido pela Reforma da Previd\u00eancia de 2019 \u00e9 constitucional.\u00a0As informa\u00e7\u00f5es foram publicadas no Site Terra. Segundo a regra fixada, no caso do\u00a0Regime Geral de Previd\u00eancia Social (RGPS)\u00a0ou de servidores p\u00fablicos federais, o vi\u00favo tem direito [&hellip;]\" \/>\n<meta property=\"og:url\" content=\"https:\/\/cleitonpinheiro.com.br\/site\/ministros-do-stf-decidem-que-calculo-do-inss-que-reduz-a-pensao-por-morte-e-constitucional\/\" \/>\n<meta property=\"og:site_name\" content=\"PORTAL DE NOT\u00cdCIAS CLEITON PINHEIRO\" \/>\n<meta property=\"article:publisher\" content=\"https:\/\/www.facebook.com\/portalcpnoticias\/\" \/>\n<meta property=\"article:published_time\" content=\"2023-06-27T10:43:44+00:00\" \/>\n<meta property=\"article:modified_time\" content=\"2023-06-27T10:43:47+00:00\" \/>\n<meta property=\"og:image\" content=\"https:\/\/cleitonpinheiro.com.br\/site\/wp-content\/uploads\/2022\/07\/STFFEDITADOOO-1.jpg\" \/>\n\t<meta property=\"og:image:width\" content=\"750\" \/>\n\t<meta property=\"og:image:height\" content=\"450\" \/>\n\t<meta property=\"og:image:type\" content=\"image\/jpeg\" \/>\n<meta name=\"author\" content=\"Dermival Pereira\" \/>\n<meta name=\"twitter:card\" content=\"summary_large_image\" \/>\n<meta name=\"twitter:label1\" content=\"Escrito por\" \/>\n\t<meta name=\"twitter:data1\" content=\"Dermival Pereira\" \/>\n\t<meta name=\"twitter:label2\" content=\"Est. tempo de leitura\" \/>\n\t<meta name=\"twitter:data2\" content=\"2 minutos\" \/>\n<script type=\"application\/ld+json\" class=\"yoast-schema-graph\">{\"@context\":\"https:\/\/schema.org\",\"@graph\":[{\"@type\":\"Article\",\"@id\":\"https:\/\/cleitonpinheiro.com.br\/site\/ministros-do-stf-decidem-que-calculo-do-inss-que-reduz-a-pensao-por-morte-e-constitucional\/#article\",\"isPartOf\":{\"@id\":\"https:\/\/cleitonpinheiro.com.br\/site\/ministros-do-stf-decidem-que-calculo-do-inss-que-reduz-a-pensao-por-morte-e-constitucional\/\"},\"author\":{\"name\":\"Dermival Pereira\",\"@id\":\"https:\/\/cleitonpinheiro.com.br\/site\/#\/schema\/person\/aac6d7f311e80c43042e98a900b03cd8\"},\"headline\":\"Ministros do STF decidem que c\u00e1lculo do INSS que reduz a pens\u00e3o por morte \u00e9 constitucional\",\"datePublished\":\"2023-06-27T10:43:44+00:00\",\"dateModified\":\"2023-06-27T10:43:47+00:00\",\"mainEntityOfPage\":{\"@id\":\"https:\/\/cleitonpinheiro.com.br\/site\/ministros-do-stf-decidem-que-calculo-do-inss-que-reduz-a-pensao-por-morte-e-constitucional\/\"},\"wordCount\":328,\"commentCount\":0,\"publisher\":{\"@id\":\"https:\/\/cleitonpinheiro.com.br\/site\/#organization\"},\"image\":{\"@id\":\"https:\/\/cleitonpinheiro.com.br\/site\/ministros-do-stf-decidem-que-calculo-do-inss-que-reduz-a-pensao-por-morte-e-constitucional\/#primaryimage\"},\"thumbnailUrl\":\"https:\/\/cleitonpinheiro.com.br\/site\/wp-content\/uploads\/2022\/07\/STFFEDITADOOO-1.jpg\",\"articleSection\":[\"BRASIL \/ MUNDO\",\"MANCHETE SEGUND\u00c1RIA\"],\"inLanguage\":\"pt-BR\",\"potentialAction\":[{\"@type\":\"CommentAction\",\"name\":\"Comment\",\"target\":[\"https:\/\/cleitonpinheiro.com.br\/site\/ministros-do-stf-decidem-que-calculo-do-inss-que-reduz-a-pensao-por-morte-e-constitucional\/#respond\"]}]},{\"@type\":\"WebPage\",\"@id\":\"https:\/\/cleitonpinheiro.com.br\/site\/ministros-do-stf-decidem-que-calculo-do-inss-que-reduz-a-pensao-por-morte-e-constitucional\/\",\"url\":\"https:\/\/cleitonpinheiro.com.br\/site\/ministros-do-stf-decidem-que-calculo-do-inss-que-reduz-a-pensao-por-morte-e-constitucional\/\",\"name\":\"Ministros do STF decidem que c\u00e1lculo do INSS que reduz a pens\u00e3o por morte \u00e9 constitucional - PORTAL DE NOT\u00cdCIAS CLEITON PINHEIRO\",\"isPartOf\":{\"@id\":\"https:\/\/cleitonpinheiro.com.br\/site\/#website\"},\"primaryImageOfPage\":{\"@id\":\"https:\/\/cleitonpinheiro.com.br\/site\/ministros-do-stf-decidem-que-calculo-do-inss-que-reduz-a-pensao-por-morte-e-constitucional\/#primaryimage\"},\"image\":{\"@id\":\"https:\/\/cleitonpinheiro.com.br\/site\/ministros-do-stf-decidem-que-calculo-do-inss-que-reduz-a-pensao-por-morte-e-constitucional\/#primaryimage\"},\"thumbnailUrl\":\"https:\/\/cleitonpinheiro.com.br\/site\/wp-content\/uploads\/2022\/07\/STFFEDITADOOO-1.jpg\",\"datePublished\":\"2023-06-27T10:43:44+00:00\",\"dateModified\":\"2023-06-27T10:43:47+00:00\",\"breadcrumb\":{\"@id\":\"https:\/\/cleitonpinheiro.com.br\/site\/ministros-do-stf-decidem-que-calculo-do-inss-que-reduz-a-pensao-por-morte-e-constitucional\/#breadcrumb\"},\"inLanguage\":\"pt-BR\",\"potentialAction\":[{\"@type\":\"ReadAction\",\"target\":[\"https:\/\/cleitonpinheiro.com.br\/site\/ministros-do-stf-decidem-que-calculo-do-inss-que-reduz-a-pensao-por-morte-e-constitucional\/\"]}]},{\"@type\":\"ImageObject\",\"inLanguage\":\"pt-BR\",\"@id\":\"https:\/\/cleitonpinheiro.com.br\/site\/ministros-do-stf-decidem-que-calculo-do-inss-que-reduz-a-pensao-por-morte-e-constitucional\/#primaryimage\",\"url\":\"\",\"contentUrl\":\"\"},{\"@type\":\"BreadcrumbList\",\"@id\":\"https:\/\/cleitonpinheiro.com.br\/site\/ministros-do-stf-decidem-que-calculo-do-inss-que-reduz-a-pensao-por-morte-e-constitucional\/#breadcrumb\",\"itemListElement\":[{\"@type\":\"ListItem\",\"position\":1,\"name\":\"In\u00edcio\",\"item\":\"https:\/\/cleitonpinheiro.com.br\/site\/\"},{\"@type\":\"ListItem\",\"position\":2,\"name\":\"Ministros do STF decidem que c\u00e1lculo do INSS que reduz a pens\u00e3o por morte \u00e9 constitucional\"}]},{\"@type\":\"WebSite\",\"@id\":\"https:\/\/cleitonpinheiro.com.br\/site\/#website\",\"url\":\"https:\/\/cleitonpinheiro.com.br\/site\/\",\"name\":\"PORTAL DE NOT\u00cdCIAS CLEITON PINHEIRO\",\"description\":\"FALANDO A VERDADE\",\"publisher\":{\"@id\":\"https:\/\/cleitonpinheiro.com.br\/site\/#organization\"},\"potentialAction\":[{\"@type\":\"SearchAction\",\"target\":{\"@type\":\"EntryPoint\",\"urlTemplate\":\"https:\/\/cleitonpinheiro.com.br\/site\/?s={search_term_string}\"},\"query-input\":{\"@type\":\"PropertyValueSpecification\",\"valueRequired\":true,\"valueName\":\"search_term_string\"}}],\"inLanguage\":\"pt-BR\"},{\"@type\":\"Organization\",\"@id\":\"https:\/\/cleitonpinheiro.com.br\/site\/#organization\",\"name\":\"CPNOT\u00cdCIAS\",\"url\":\"https:\/\/cleitonpinheiro.com.br\/site\/\",\"logo\":{\"@type\":\"ImageObject\",\"inLanguage\":\"pt-BR\",\"@id\":\"https:\/\/cleitonpinheiro.com.br\/site\/#\/schema\/logo\/image\/\",\"url\":\"https:\/\/cleitonpinheiro.com.br\/site\/wp-content\/uploads\/2022\/08\/Logo-pequena-2.png\",\"contentUrl\":\"https:\/\/cleitonpinheiro.com.br\/site\/wp-content\/uploads\/2022\/08\/Logo-pequena-2.png\",\"width\":500,\"height\":500,\"caption\":\"CPNOT\u00cdCIAS\"},\"image\":{\"@id\":\"https:\/\/cleitonpinheiro.com.br\/site\/#\/schema\/logo\/image\/\"},\"sameAs\":[\"https:\/\/www.facebook.com\/portalcpnoticias\/\"]},{\"@type\":\"Person\",\"@id\":\"https:\/\/cleitonpinheiro.com.br\/site\/#\/schema\/person\/aac6d7f311e80c43042e98a900b03cd8\",\"name\":\"Dermival Pereira\",\"image\":{\"@type\":\"ImageObject\",\"inLanguage\":\"pt-BR\",\"@id\":\"https:\/\/cleitonpinheiro.com.br\/site\/#\/schema\/person\/image\/\",\"url\":\"https:\/\/secure.gravatar.com\/avatar\/cfaebf3742d6bf8db728bcba3eed6bee37b02337a2e6c822994f20ca72a3784d?s=96&r=g\",\"contentUrl\":\"https:\/\/secure.gravatar.com\/avatar\/cfaebf3742d6bf8db728bcba3eed6bee37b02337a2e6c822994f20ca72a3784d?s=96&r=g\",\"caption\":\"Dermival Pereira\"},\"url\":\"https:\/\/cleitonpinheiro.com.br\/site\/author\/dermival\/\"}]}<\/script>\n<!-- \/ Yoast SEO plugin. -->","yoast_head_json":{"title":"Ministros do STF decidem que c\u00e1lculo do INSS que reduz a pens\u00e3o por morte \u00e9 constitucional - PORTAL DE NOT\u00cdCIAS CLEITON PINHEIRO","robots":{"index":"index","follow":"follow","max-snippet":"max-snippet:-1","max-image-preview":"max-image-preview:large","max-video-preview":"max-video-preview:-1"},"canonical":"https:\/\/cleitonpinheiro.com.br\/site\/ministros-do-stf-decidem-que-calculo-do-inss-que-reduz-a-pensao-por-morte-e-constitucional\/","og_locale":"pt_BR","og_type":"article","og_title":"Ministros do STF decidem que c\u00e1lculo do INSS que reduz a pens\u00e3o por morte \u00e9 constitucional - PORTAL DE NOT\u00cdCIAS CLEITON PINHEIRO","og_description":"O\u00a0Supremo Tribunal Federal (STF)\u00a0decidiu na \u00faltima sexta-feira, 23, que o c\u00e1lculo da pens\u00e3o por morte do\u00a0Instituto Nacional do Seguro Social (INSS)\u00a0definido pela Reforma da Previd\u00eancia de 2019 \u00e9 constitucional.\u00a0As informa\u00e7\u00f5es foram publicadas no Site Terra. Segundo a regra fixada, no caso do\u00a0Regime Geral de Previd\u00eancia Social (RGPS)\u00a0ou de servidores p\u00fablicos federais, o vi\u00favo tem direito [&hellip;]","og_url":"https:\/\/cleitonpinheiro.com.br\/site\/ministros-do-stf-decidem-que-calculo-do-inss-que-reduz-a-pensao-por-morte-e-constitucional\/","og_site_name":"PORTAL DE NOT\u00cdCIAS CLEITON PINHEIRO","article_publisher":"https:\/\/www.facebook.com\/portalcpnoticias\/","article_published_time":"2023-06-27T10:43:44+00:00","article_modified_time":"2023-06-27T10:43:47+00:00","og_image":[{"width":750,"height":450,"url":"https:\/\/cleitonpinheiro.com.br\/site\/wp-content\/uploads\/2022\/07\/STFFEDITADOOO-1.jpg","type":"image\/jpeg"}],"author":"Dermival Pereira","twitter_card":"summary_large_image","twitter_misc":{"Escrito por":"Dermival Pereira","Est. tempo de leitura":"2 minutos"},"schema":{"@context":"https:\/\/schema.org","@graph":[{"@type":"Article","@id":"https:\/\/cleitonpinheiro.com.br\/site\/ministros-do-stf-decidem-que-calculo-do-inss-que-reduz-a-pensao-por-morte-e-constitucional\/#article","isPartOf":{"@id":"https:\/\/cleitonpinheiro.com.br\/site\/ministros-do-stf-decidem-que-calculo-do-inss-que-reduz-a-pensao-por-morte-e-constitucional\/"},"author":{"name":"Dermival Pereira","@id":"https:\/\/cleitonpinheiro.com.br\/site\/#\/schema\/person\/aac6d7f311e80c43042e98a900b03cd8"},"headline":"Ministros do STF decidem que c\u00e1lculo do INSS que reduz a pens\u00e3o por morte \u00e9 constitucional","datePublished":"2023-06-27T10:43:44+00:00","dateModified":"2023-06-27T10:43:47+00:00","mainEntityOfPage":{"@id":"https:\/\/cleitonpinheiro.com.br\/site\/ministros-do-stf-decidem-que-calculo-do-inss-que-reduz-a-pensao-por-morte-e-constitucional\/"},"wordCount":328,"commentCount":0,"publisher":{"@id":"https:\/\/cleitonpinheiro.com.br\/site\/#organization"},"image":{"@id":"https:\/\/cleitonpinheiro.com.br\/site\/ministros-do-stf-decidem-que-calculo-do-inss-que-reduz-a-pensao-por-morte-e-constitucional\/#primaryimage"},"thumbnailUrl":"https:\/\/cleitonpinheiro.com.br\/site\/wp-content\/uploads\/2022\/07\/STFFEDITADOOO-1.jpg","articleSection":["BRASIL \/ MUNDO","MANCHETE SEGUND\u00c1RIA"],"inLanguage":"pt-BR","potentialAction":[{"@type":"CommentAction","name":"Comment","target":["https:\/\/cleitonpinheiro.com.br\/site\/ministros-do-stf-decidem-que-calculo-do-inss-que-reduz-a-pensao-por-morte-e-constitucional\/#respond"]}]},{"@type":"WebPage","@id":"https:\/\/cleitonpinheiro.com.br\/site\/ministros-do-stf-decidem-que-calculo-do-inss-que-reduz-a-pensao-por-morte-e-constitucional\/","url":"https:\/\/cleitonpinheiro.com.br\/site\/ministros-do-stf-decidem-que-calculo-do-inss-que-reduz-a-pensao-por-morte-e-constitucional\/","name":"Ministros do STF decidem que c\u00e1lculo do INSS que reduz a pens\u00e3o por morte \u00e9 constitucional - PORTAL DE NOT\u00cdCIAS CLEITON PINHEIRO","isPartOf":{"@id":"https:\/\/cleitonpinheiro.com.br\/site\/#website"},"primaryImageOfPage":{"@id":"https:\/\/cleitonpinheiro.com.br\/site\/ministros-do-stf-decidem-que-calculo-do-inss-que-reduz-a-pensao-por-morte-e-constitucional\/#primaryimage"},"image":{"@id":"https:\/\/cleitonpinheiro.com.br\/site\/ministros-do-stf-decidem-que-calculo-do-inss-que-reduz-a-pensao-por-morte-e-constitucional\/#primaryimage"},"thumbnailUrl":"https:\/\/cleitonpinheiro.com.br\/site\/wp-content\/uploads\/2022\/07\/STFFEDITADOOO-1.jpg","datePublished":"2023-06-27T10:43:44+00:00","dateModified":"2023-06-27T10:43:47+00:00","breadcrumb":{"@id":"https:\/\/cleitonpinheiro.com.br\/site\/ministros-do-stf-decidem-que-calculo-do-inss-que-reduz-a-pensao-por-morte-e-constitucional\/#breadcrumb"},"inLanguage":"pt-BR","potentialAction":[{"@type":"ReadAction","target":["https:\/\/cleitonpinheiro.com.br\/site\/ministros-do-stf-decidem-que-calculo-do-inss-que-reduz-a-pensao-por-morte-e-constitucional\/"]}]},{"@type":"ImageObject","inLanguage":"pt-BR","@id":"https:\/\/cleitonpinheiro.com.br\/site\/ministros-do-stf-decidem-que-calculo-do-inss-que-reduz-a-pensao-por-morte-e-constitucional\/#primaryimage","url":"","contentUrl":""},{"@type":"BreadcrumbList","@id":"https:\/\/cleitonpinheiro.com.br\/site\/ministros-do-stf-decidem-que-calculo-do-inss-que-reduz-a-pensao-por-morte-e-constitucional\/#breadcrumb","itemListElement":[{"@type":"ListItem","position":1,"name":"In\u00edcio","item":"https:\/\/cleitonpinheiro.com.br\/site\/"},{"@type":"ListItem","position":2,"name":"Ministros do STF decidem que c\u00e1lculo do INSS que reduz a pens\u00e3o por morte \u00e9 constitucional"}]},{"@type":"WebSite","@id":"https:\/\/cleitonpinheiro.com.br\/site\/#website","url":"https:\/\/cleitonpinheiro.com.br\/site\/","name":"PORTAL DE NOT\u00cdCIAS CLEITON PINHEIRO","description":"FALANDO A VERDADE","publisher":{"@id":"https:\/\/cleitonpinheiro.com.br\/site\/#organization"},"potentialAction":[{"@type":"SearchAction","target":{"@type":"EntryPoint","urlTemplate":"https:\/\/cleitonpinheiro.com.br\/site\/?s={search_term_string}"},"query-input":{"@type":"PropertyValueSpecification","valueRequired":true,"valueName":"search_term_string"}}],"inLanguage":"pt-BR"},{"@type":"Organization","@id":"https:\/\/cleitonpinheiro.com.br\/site\/#organization","name":"CPNOT\u00cdCIAS","url":"https:\/\/cleitonpinheiro.com.br\/site\/","logo":{"@type":"ImageObject","inLanguage":"pt-BR","@id":"https:\/\/cleitonpinheiro.com.br\/site\/#\/schema\/logo\/image\/","url":"https:\/\/cleitonpinheiro.com.br\/site\/wp-content\/uploads\/2022\/08\/Logo-pequena-2.png","contentUrl":"https:\/\/cleitonpinheiro.com.br\/site\/wp-content\/uploads\/2022\/08\/Logo-pequena-2.png","width":500,"height":500,"caption":"CPNOT\u00cdCIAS"},"image":{"@id":"https:\/\/cleitonpinheiro.com.br\/site\/#\/schema\/logo\/image\/"},"sameAs":["https:\/\/www.facebook.com\/portalcpnoticias\/"]},{"@type":"Person","@id":"https:\/\/cleitonpinheiro.com.br\/site\/#\/schema\/person\/aac6d7f311e80c43042e98a900b03cd8","name":"Dermival Pereira","image":{"@type":"ImageObject","inLanguage":"pt-BR","@id":"https:\/\/cleitonpinheiro.com.br\/site\/#\/schema\/person\/image\/","url":"https:\/\/secure.gravatar.com\/avatar\/cfaebf3742d6bf8db728bcba3eed6bee37b02337a2e6c822994f20ca72a3784d?s=96&r=g","contentUrl":"https:\/\/secure.gravatar.com\/avatar\/cfaebf3742d6bf8db728bcba3eed6bee37b02337a2e6c822994f20ca72a3784d?s=96&r=g","caption":"Dermival Pereira"},"url":"https:\/\/cleitonpinheiro.com.br\/site\/author\/dermival\/"}]}},"views":309,"_links":{"self":[{"href":"https:\/\/cleitonpinheiro.com.br\/site\/wp-json\/wp\/v2\/posts\/72504","targetHints":{"allow":["GET"]}}],"collection":[{"href":"https:\/\/cleitonpinheiro.com.br\/site\/wp-json\/wp\/v2\/posts"}],"about":[{"href":"https:\/\/cleitonpinheiro.com.br\/site\/wp-json\/wp\/v2\/types\/post"}],"author":[{"embeddable":true,"href":"https:\/\/cleitonpinheiro.com.br\/site\/wp-json\/wp\/v2\/users\/4"}],"replies":[{"embeddable":true,"href":"https:\/\/cleitonpinheiro.com.br\/site\/wp-json\/wp\/v2\/comments?post=72504"}],"version-history":[{"count":1,"href":"https:\/\/cleitonpinheiro.com.br\/site\/wp-json\/wp\/v2\/posts\/72504\/revisions"}],"predecessor-version":[{"id":72505,"href":"https:\/\/cleitonpinheiro.com.br\/site\/wp-json\/wp\/v2\/posts\/72504\/revisions\/72505"}],"wp:attachment":[{"href":"https:\/\/cleitonpinheiro.com.br\/site\/wp-json\/wp\/v2\/media?parent=72504"}],"wp:term":[{"taxonomy":"category","embeddable":true,"href":"https:\/\/cleitonpinheiro.com.br\/site\/wp-json\/wp\/v2\/categories?post=72504"},{"taxonomy":"post_tag","embeddable":true,"href":"https:\/\/cleitonpinheiro.com.br\/site\/wp-json\/wp\/v2\/tags?post=72504"}],"curies":[{"name":"wp","href":"https:\/\/api.w.org\/{rel}","templated":true}]}}