{"id":72510,"date":"2023-06-27T08:20:00","date_gmt":"2023-06-27T11:20:00","guid":{"rendered":"https:\/\/cleitonpinheiro.com.br\/site\/?p=72510"},"modified":"2023-06-27T08:21:36","modified_gmt":"2023-06-27T11:21:36","slug":"dia-nacional-do-diabetes-e-lembrado-com-diversas-de-acoes-pela-prefeitura-de-gurupi","status":"publish","type":"post","link":"https:\/\/cleitonpinheiro.com.br\/site\/dia-nacional-do-diabetes-e-lembrado-com-diversas-de-acoes-pela-prefeitura-de-gurupi\/","title":{"rendered":"Dia Nacional do Diabetes \u00e9 lembrado com diversas de a\u00e7\u00f5es pela Prefeitura de Gurupi"},"content":{"rendered":"\n<figure class=\"wp-block-image size-full is-resized\"><img fetchpriority=\"high\" decoding=\"async\" src=\"https:\/\/cleitonpinheiro.com.br\/site\/wp-content\/uploads\/2023\/06\/Design-sem-nome-2023-06-27T081909-compressed.jpg\" alt=\"\" class=\"wp-image-72511\" width=\"1015\" height=\"609\"\/><\/figure>\n\n\n\n<p><strong>O Dia Nacional de Combate ao Diabetes \u00e9 comemorado no dia 26 de junho e em alus\u00e3o a data, a Prefeitura de Gurupi, por meio da Secretaria Municipal de Sa\u00fade (SEMUS) realizou uma s\u00e9rie de a\u00e7\u00f5es nas 15 Unidades B\u00e1sicas de Sa\u00fade da cidade (UBSs).<\/strong><\/p>\n\n\n\n<p><strong>\u201cEu achei as a\u00e7\u00f5es de hoje \u00f3timas! Sou diab\u00e9tica e fa\u00e7o acompanhamento na UBS Jo\u00e3o Manoel. \u00c9 muito importante para n\u00f3s este monitoramento constante, porque assim, qualquer altera\u00e7\u00e3o a gente j\u00e1 previne logo e se cuida da maneira correta. A prefeitura est\u00e1 de parab\u00e9ns por essas a\u00e7\u00f5es\u201d, disse a aposentada F\u00e1tima Pereira.<\/strong><\/p>\n\n\n\n<p><strong>O Brasil \u00e9 o 5\u00ba pa\u00eds em incid\u00eancia de diabetes no mundo, com 16,8 milh\u00f5es de doentes adultos (20 a 79 anos), perdendo apenas para China, \u00cdndia, Estados Unidos e Paquist\u00e3o. A estimativa da incid\u00eancia da doen\u00e7a em 2030 chega a 21,5 milh\u00f5es. Esses dados est\u00e3o no Atlas do Diabetes da Federa\u00e7\u00e3o Internacional de Diabetes (IDF).<\/strong><\/p>\n\n\n\n<p><strong>J\u00e1 em Gurupi, a Secretaria Municipal de Sa\u00fade monitora atualmente 3.234 pacientes insulino dependentes que s\u00e3o atendidos nas UBSs, das regi\u00f5es onde vivem. Mas a estimativa total de diab\u00e9ticos atendidos pela rede p\u00fablica de sa\u00fade municipal \u00e9 maior, pois ainda s\u00e3o acompanhados aqueles que tomam rem\u00e9dio e que conseguem fazer o controle sem medica\u00e7\u00e3o.<\/strong><\/p>\n\n\n\n<p><strong>\u201cO objetivo da secretaria hoje \u00e9 trabalhar com preven\u00e7\u00e3o. Por isso, organizamos todas estas a\u00e7\u00f5es! Estamos fazendo a busca ativa, mas principalmente alertando sobre os perigos da doen\u00e7a. \u00c9 importante que o paciente fa\u00e7a uma preven\u00e7\u00e3o para n\u00e3o chegar ao diagn\u00f3stico de diab\u00e9tico. Isso \u00e9 poss\u00edvel por meio de medidas f\u00e1ceis aplicadas no dia-a-dia e \u00e9 isso que nossos profissionais da Aten\u00e7\u00e3o B\u00e1sica t\u00eam orientado a popula\u00e7\u00e3o\u201d, explicou Sinvaldo Moraes, secret\u00e1rio municipal de sa\u00fade.&nbsp;&nbsp;<\/strong><\/p>\n\n\n\n<p><strong>\u201cPara \u00e1rea da sa\u00fade de Gurupi, estamos fazendo in\u00fameros investimentos relacionados \u00e0 preven\u00e7\u00e3o! Isso \u00e9 importante, porque se tratarmos as comunidades antes da doen\u00e7a aparecer, nossa rede p\u00fablica de sa\u00fade fica menos sobrecarregada. Isso al\u00e9m de garantir qualidade de vida e sa\u00fade para nossa popula\u00e7\u00e3o\u201d, ressaltou a prefeita Josi Nunes.<\/strong><\/p>\n\n\n\n<p><strong>\u201cHoje, dia Nacional de Combate ao Diabetes, nosso principal objetivo da campanha \u00e9 levar informa\u00e7\u00e3o sobre como prevenir e procurar a unidade de sa\u00fade, para um atendimento mais precoce poss\u00edvel. As UBSs est\u00e3o promovendo palestras, rodas de conversa com orienta\u00e7\u00f5es e busca ativa desses pacientes. E nossas unidades est\u00e3o de parab\u00e9ns pelas a\u00e7\u00f5es, com destaque para S\u00e3o Jos\u00e9, uma das que tem o maior n\u00famero de pacientes no nosso munic\u00edpio\u201d, destacou Jaciara Martins, coordenadora de doen\u00e7as e agravos n\u00e3o transmiss\u00edveis (DANT).<\/strong><\/p>\n\n\n\n<p><strong>Preven\u00e7\u00e3o e tratamento<\/strong><\/p>\n\n\n\n<p><strong>O tratamento inclui medica\u00e7\u00f5es de uso oral e op\u00e7\u00f5es injet\u00e1veis, como a insulina. H\u00e1 v\u00e1rios tipos de insulina no mercado, algumas de a\u00e7\u00e3o r\u00e1pida, outras de a\u00e7\u00e3o lenta, e a combina\u00e7\u00e3o delas s\u00e3o necess\u00e1rias em alguns casos. Associado ao uso das medica\u00e7\u00f5es, \u00e9 preciso fazer uma dieta com carboidratos complexos (farinha integral e sem a\u00e7\u00facar), perder peso quando for o caso e realizar atividades f\u00edsicas, tanto aer\u00f3bicas quanto anaer\u00f3bicas.<\/strong> <em><strong>(Fonte: Secom de Gurupi).<\/strong><\/em><\/p>\n","protected":false},"excerpt":{"rendered":"<p>O Dia Nacional de Combate ao Diabetes \u00e9 comemorado no dia 26 de junho e em alus\u00e3o a data, a Prefeitura de Gurupi, por meio da Secretaria Municipal de Sa\u00fade (SEMUS) realizou uma s\u00e9rie de a\u00e7\u00f5es nas 15 Unidades B\u00e1sicas de Sa\u00fade da cidade (UBSs). \u201cEu achei as a\u00e7\u00f5es de hoje \u00f3timas! Sou diab\u00e9tica e [&hellip;]<\/p>\n","protected":false},"author":4,"featured_media":0,"comment_status":"open","ping_status":"open","sticky":false,"template":"","format":"standard","meta":{"_acf_changed":false,"footnotes":""},"categories":[22,898],"tags":[],"class_list":["post-72510","post","type-post","status-publish","format-standard","hentry","category-cidades","category-manchete-segundaria"],"acf":[],"yoast_head":"<!-- This site is optimized with the Yoast SEO plugin v24.4 - https:\/\/yoast.com\/wordpress\/plugins\/seo\/ -->\n<title>Dia Nacional do Diabetes \u00e9 lembrado com diversas de a\u00e7\u00f5es pela Prefeitura de Gurupi - PORTAL DE NOT\u00cdCIAS CLEITON PINHEIRO<\/title>\n<meta name=\"robots\" content=\"index, follow, max-snippet:-1, max-image-preview:large, max-video-preview:-1\" \/>\n<link rel=\"canonical\" href=\"https:\/\/cleitonpinheiro.com.br\/site\/dia-nacional-do-diabetes-e-lembrado-com-diversas-de-acoes-pela-prefeitura-de-gurupi\/\" \/>\n<meta property=\"og:locale\" content=\"pt_BR\" \/>\n<meta property=\"og:type\" content=\"article\" \/>\n<meta property=\"og:title\" content=\"Dia Nacional do Diabetes \u00e9 lembrado com diversas de a\u00e7\u00f5es pela Prefeitura de Gurupi - PORTAL DE NOT\u00cdCIAS CLEITON PINHEIRO\" \/>\n<meta property=\"og:description\" content=\"O Dia Nacional de Combate ao Diabetes \u00e9 comemorado no dia 26 de junho e em alus\u00e3o a data, a Prefeitura de Gurupi, por meio da Secretaria Municipal de Sa\u00fade (SEMUS) realizou uma s\u00e9rie de a\u00e7\u00f5es nas 15 Unidades B\u00e1sicas de Sa\u00fade da cidade (UBSs). \u201cEu achei as a\u00e7\u00f5es de hoje \u00f3timas! Sou diab\u00e9tica e [&hellip;]\" \/>\n<meta property=\"og:url\" content=\"https:\/\/cleitonpinheiro.com.br\/site\/dia-nacional-do-diabetes-e-lembrado-com-diversas-de-acoes-pela-prefeitura-de-gurupi\/\" \/>\n<meta property=\"og:site_name\" content=\"PORTAL DE NOT\u00cdCIAS CLEITON PINHEIRO\" \/>\n<meta property=\"article:publisher\" content=\"https:\/\/www.facebook.com\/portalcpnoticias\/\" \/>\n<meta property=\"article:published_time\" content=\"2023-06-27T11:20:00+00:00\" \/>\n<meta property=\"article:modified_time\" content=\"2023-06-27T11:21:36+00:00\" \/>\n<meta property=\"og:image\" content=\"https:\/\/cleitonpinheiro.com.br\/site\/wp-content\/uploads\/2023\/06\/Design-sem-nome-2023-06-27T081909-compressed.jpg\" \/>\n\t<meta property=\"og:image:width\" content=\"750\" \/>\n\t<meta property=\"og:image:height\" content=\"450\" \/>\n\t<meta property=\"og:image:type\" content=\"image\/jpeg\" \/>\n<meta name=\"author\" content=\"Dermival Pereira\" \/>\n<meta name=\"twitter:card\" content=\"summary_large_image\" \/>\n<meta name=\"twitter:label1\" content=\"Escrito por\" \/>\n\t<meta name=\"twitter:data1\" content=\"Dermival Pereira\" \/>\n\t<meta name=\"twitter:label2\" content=\"Est. tempo de leitura\" \/>\n\t<meta name=\"twitter:data2\" content=\"3 minutos\" \/>\n<script type=\"application\/ld+json\" class=\"yoast-schema-graph\">{\"@context\":\"https:\/\/schema.org\",\"@graph\":[{\"@type\":\"Article\",\"@id\":\"https:\/\/cleitonpinheiro.com.br\/site\/dia-nacional-do-diabetes-e-lembrado-com-diversas-de-acoes-pela-prefeitura-de-gurupi\/#article\",\"isPartOf\":{\"@id\":\"https:\/\/cleitonpinheiro.com.br\/site\/dia-nacional-do-diabetes-e-lembrado-com-diversas-de-acoes-pela-prefeitura-de-gurupi\/\"},\"author\":{\"name\":\"Dermival Pereira\",\"@id\":\"https:\/\/cleitonpinheiro.com.br\/site\/#\/schema\/person\/aac6d7f311e80c43042e98a900b03cd8\"},\"headline\":\"Dia Nacional do Diabetes \u00e9 lembrado com diversas de a\u00e7\u00f5es pela Prefeitura de Gurupi\",\"datePublished\":\"2023-06-27T11:20:00+00:00\",\"dateModified\":\"2023-06-27T11:21:36+00:00\",\"mainEntityOfPage\":{\"@id\":\"https:\/\/cleitonpinheiro.com.br\/site\/dia-nacional-do-diabetes-e-lembrado-com-diversas-de-acoes-pela-prefeitura-de-gurupi\/\"},\"wordCount\":571,\"commentCount\":0,\"publisher\":{\"@id\":\"https:\/\/cleitonpinheiro.com.br\/site\/#organization\"},\"image\":{\"@id\":\"https:\/\/cleitonpinheiro.com.br\/site\/dia-nacional-do-diabetes-e-lembrado-com-diversas-de-acoes-pela-prefeitura-de-gurupi\/#primaryimage\"},\"thumbnailUrl\":\"https:\/\/cleitonpinheiro.com.br\/site\/wp-content\/uploads\/2023\/06\/Design-sem-nome-2023-06-27T081909-compressed.jpg\",\"articleSection\":[\"CIDADES\",\"MANCHETE SEGUND\u00c1RIA\"],\"inLanguage\":\"pt-BR\",\"potentialAction\":[{\"@type\":\"CommentAction\",\"name\":\"Comment\",\"target\":[\"https:\/\/cleitonpinheiro.com.br\/site\/dia-nacional-do-diabetes-e-lembrado-com-diversas-de-acoes-pela-prefeitura-de-gurupi\/#respond\"]}]},{\"@type\":\"WebPage\",\"@id\":\"https:\/\/cleitonpinheiro.com.br\/site\/dia-nacional-do-diabetes-e-lembrado-com-diversas-de-acoes-pela-prefeitura-de-gurupi\/\",\"url\":\"https:\/\/cleitonpinheiro.com.br\/site\/dia-nacional-do-diabetes-e-lembrado-com-diversas-de-acoes-pela-prefeitura-de-gurupi\/\",\"name\":\"Dia Nacional do Diabetes \u00e9 lembrado com diversas de a\u00e7\u00f5es pela Prefeitura de Gurupi - PORTAL DE NOT\u00cdCIAS CLEITON PINHEIRO\",\"isPartOf\":{\"@id\":\"https:\/\/cleitonpinheiro.com.br\/site\/#website\"},\"primaryImageOfPage\":{\"@id\":\"https:\/\/cleitonpinheiro.com.br\/site\/dia-nacional-do-diabetes-e-lembrado-com-diversas-de-acoes-pela-prefeitura-de-gurupi\/#primaryimage\"},\"image\":{\"@id\":\"https:\/\/cleitonpinheiro.com.br\/site\/dia-nacional-do-diabetes-e-lembrado-com-diversas-de-acoes-pela-prefeitura-de-gurupi\/#primaryimage\"},\"thumbnailUrl\":\"https:\/\/cleitonpinheiro.com.br\/site\/wp-content\/uploads\/2023\/06\/Design-sem-nome-2023-06-27T081909-compressed.jpg\",\"datePublished\":\"2023-06-27T11:20:00+00:00\",\"dateModified\":\"2023-06-27T11:21:36+00:00\",\"breadcrumb\":{\"@id\":\"https:\/\/cleitonpinheiro.com.br\/site\/dia-nacional-do-diabetes-e-lembrado-com-diversas-de-acoes-pela-prefeitura-de-gurupi\/#breadcrumb\"},\"inLanguage\":\"pt-BR\",\"potentialAction\":[{\"@type\":\"ReadAction\",\"target\":[\"https:\/\/cleitonpinheiro.com.br\/site\/dia-nacional-do-diabetes-e-lembrado-com-diversas-de-acoes-pela-prefeitura-de-gurupi\/\"]}]},{\"@type\":\"ImageObject\",\"inLanguage\":\"pt-BR\",\"@id\":\"https:\/\/cleitonpinheiro.com.br\/site\/dia-nacional-do-diabetes-e-lembrado-com-diversas-de-acoes-pela-prefeitura-de-gurupi\/#primaryimage\",\"url\":\"\",\"contentUrl\":\"\"},{\"@type\":\"BreadcrumbList\",\"@id\":\"https:\/\/cleitonpinheiro.com.br\/site\/dia-nacional-do-diabetes-e-lembrado-com-diversas-de-acoes-pela-prefeitura-de-gurupi\/#breadcrumb\",\"itemListElement\":[{\"@type\":\"ListItem\",\"position\":1,\"name\":\"In\u00edcio\",\"item\":\"https:\/\/cleitonpinheiro.com.br\/site\/\"},{\"@type\":\"ListItem\",\"position\":2,\"name\":\"Dia Nacional do Diabetes \u00e9 lembrado com diversas de a\u00e7\u00f5es pela Prefeitura de Gurupi\"}]},{\"@type\":\"WebSite\",\"@id\":\"https:\/\/cleitonpinheiro.com.br\/site\/#website\",\"url\":\"https:\/\/cleitonpinheiro.com.br\/site\/\",\"name\":\"PORTAL DE NOT\u00cdCIAS CLEITON PINHEIRO\",\"description\":\"FALANDO A VERDADE\",\"publisher\":{\"@id\":\"https:\/\/cleitonpinheiro.com.br\/site\/#organization\"},\"potentialAction\":[{\"@type\":\"SearchAction\",\"target\":{\"@type\":\"EntryPoint\",\"urlTemplate\":\"https:\/\/cleitonpinheiro.com.br\/site\/?s={search_term_string}\"},\"query-input\":{\"@type\":\"PropertyValueSpecification\",\"valueRequired\":true,\"valueName\":\"search_term_string\"}}],\"inLanguage\":\"pt-BR\"},{\"@type\":\"Organization\",\"@id\":\"https:\/\/cleitonpinheiro.com.br\/site\/#organization\",\"name\":\"CPNOT\u00cdCIAS\",\"url\":\"https:\/\/cleitonpinheiro.com.br\/site\/\",\"logo\":{\"@type\":\"ImageObject\",\"inLanguage\":\"pt-BR\",\"@id\":\"https:\/\/cleitonpinheiro.com.br\/site\/#\/schema\/logo\/image\/\",\"url\":\"https:\/\/cleitonpinheiro.com.br\/site\/wp-content\/uploads\/2022\/08\/Logo-pequena-2.png\",\"contentUrl\":\"https:\/\/cleitonpinheiro.com.br\/site\/wp-content\/uploads\/2022\/08\/Logo-pequena-2.png\",\"width\":500,\"height\":500,\"caption\":\"CPNOT\u00cdCIAS\"},\"image\":{\"@id\":\"https:\/\/cleitonpinheiro.com.br\/site\/#\/schema\/logo\/image\/\"},\"sameAs\":[\"https:\/\/www.facebook.com\/portalcpnoticias\/\"]},{\"@type\":\"Person\",\"@id\":\"https:\/\/cleitonpinheiro.com.br\/site\/#\/schema\/person\/aac6d7f311e80c43042e98a900b03cd8\",\"name\":\"Dermival Pereira\",\"image\":{\"@type\":\"ImageObject\",\"inLanguage\":\"pt-BR\",\"@id\":\"https:\/\/cleitonpinheiro.com.br\/site\/#\/schema\/person\/image\/\",\"url\":\"https:\/\/secure.gravatar.com\/avatar\/cfaebf3742d6bf8db728bcba3eed6bee37b02337a2e6c822994f20ca72a3784d?s=96&r=g\",\"contentUrl\":\"https:\/\/secure.gravatar.com\/avatar\/cfaebf3742d6bf8db728bcba3eed6bee37b02337a2e6c822994f20ca72a3784d?s=96&r=g\",\"caption\":\"Dermival Pereira\"},\"url\":\"https:\/\/cleitonpinheiro.com.br\/site\/author\/dermival\/\"}]}<\/script>\n<!-- \/ Yoast SEO plugin. -->","yoast_head_json":{"title":"Dia Nacional do Diabetes \u00e9 lembrado com diversas de a\u00e7\u00f5es pela Prefeitura de Gurupi - PORTAL DE NOT\u00cdCIAS CLEITON PINHEIRO","robots":{"index":"index","follow":"follow","max-snippet":"max-snippet:-1","max-image-preview":"max-image-preview:large","max-video-preview":"max-video-preview:-1"},"canonical":"https:\/\/cleitonpinheiro.com.br\/site\/dia-nacional-do-diabetes-e-lembrado-com-diversas-de-acoes-pela-prefeitura-de-gurupi\/","og_locale":"pt_BR","og_type":"article","og_title":"Dia Nacional do Diabetes \u00e9 lembrado com diversas de a\u00e7\u00f5es pela Prefeitura de Gurupi - PORTAL DE NOT\u00cdCIAS CLEITON PINHEIRO","og_description":"O Dia Nacional de Combate ao Diabetes \u00e9 comemorado no dia 26 de junho e em alus\u00e3o a data, a Prefeitura de Gurupi, por meio da Secretaria Municipal de Sa\u00fade (SEMUS) realizou uma s\u00e9rie de a\u00e7\u00f5es nas 15 Unidades B\u00e1sicas de Sa\u00fade da cidade (UBSs). \u201cEu achei as a\u00e7\u00f5es de hoje \u00f3timas! Sou diab\u00e9tica e [&hellip;]","og_url":"https:\/\/cleitonpinheiro.com.br\/site\/dia-nacional-do-diabetes-e-lembrado-com-diversas-de-acoes-pela-prefeitura-de-gurupi\/","og_site_name":"PORTAL DE NOT\u00cdCIAS CLEITON PINHEIRO","article_publisher":"https:\/\/www.facebook.com\/portalcpnoticias\/","article_published_time":"2023-06-27T11:20:00+00:00","article_modified_time":"2023-06-27T11:21:36+00:00","og_image":[{"width":750,"height":450,"url":"https:\/\/cleitonpinheiro.com.br\/site\/wp-content\/uploads\/2023\/06\/Design-sem-nome-2023-06-27T081909-compressed.jpg","type":"image\/jpeg"}],"author":"Dermival Pereira","twitter_card":"summary_large_image","twitter_misc":{"Escrito por":"Dermival Pereira","Est. tempo de leitura":"3 minutos"},"schema":{"@context":"https:\/\/schema.org","@graph":[{"@type":"Article","@id":"https:\/\/cleitonpinheiro.com.br\/site\/dia-nacional-do-diabetes-e-lembrado-com-diversas-de-acoes-pela-prefeitura-de-gurupi\/#article","isPartOf":{"@id":"https:\/\/cleitonpinheiro.com.br\/site\/dia-nacional-do-diabetes-e-lembrado-com-diversas-de-acoes-pela-prefeitura-de-gurupi\/"},"author":{"name":"Dermival Pereira","@id":"https:\/\/cleitonpinheiro.com.br\/site\/#\/schema\/person\/aac6d7f311e80c43042e98a900b03cd8"},"headline":"Dia Nacional do Diabetes \u00e9 lembrado com diversas de a\u00e7\u00f5es pela Prefeitura de Gurupi","datePublished":"2023-06-27T11:20:00+00:00","dateModified":"2023-06-27T11:21:36+00:00","mainEntityOfPage":{"@id":"https:\/\/cleitonpinheiro.com.br\/site\/dia-nacional-do-diabetes-e-lembrado-com-diversas-de-acoes-pela-prefeitura-de-gurupi\/"},"wordCount":571,"commentCount":0,"publisher":{"@id":"https:\/\/cleitonpinheiro.com.br\/site\/#organization"},"image":{"@id":"https:\/\/cleitonpinheiro.com.br\/site\/dia-nacional-do-diabetes-e-lembrado-com-diversas-de-acoes-pela-prefeitura-de-gurupi\/#primaryimage"},"thumbnailUrl":"https:\/\/cleitonpinheiro.com.br\/site\/wp-content\/uploads\/2023\/06\/Design-sem-nome-2023-06-27T081909-compressed.jpg","articleSection":["CIDADES","MANCHETE SEGUND\u00c1RIA"],"inLanguage":"pt-BR","potentialAction":[{"@type":"CommentAction","name":"Comment","target":["https:\/\/cleitonpinheiro.com.br\/site\/dia-nacional-do-diabetes-e-lembrado-com-diversas-de-acoes-pela-prefeitura-de-gurupi\/#respond"]}]},{"@type":"WebPage","@id":"https:\/\/cleitonpinheiro.com.br\/site\/dia-nacional-do-diabetes-e-lembrado-com-diversas-de-acoes-pela-prefeitura-de-gurupi\/","url":"https:\/\/cleitonpinheiro.com.br\/site\/dia-nacional-do-diabetes-e-lembrado-com-diversas-de-acoes-pela-prefeitura-de-gurupi\/","name":"Dia Nacional do Diabetes \u00e9 lembrado com diversas de a\u00e7\u00f5es pela Prefeitura de Gurupi - PORTAL DE NOT\u00cdCIAS CLEITON PINHEIRO","isPartOf":{"@id":"https:\/\/cleitonpinheiro.com.br\/site\/#website"},"primaryImageOfPage":{"@id":"https:\/\/cleitonpinheiro.com.br\/site\/dia-nacional-do-diabetes-e-lembrado-com-diversas-de-acoes-pela-prefeitura-de-gurupi\/#primaryimage"},"image":{"@id":"https:\/\/cleitonpinheiro.com.br\/site\/dia-nacional-do-diabetes-e-lembrado-com-diversas-de-acoes-pela-prefeitura-de-gurupi\/#primaryimage"},"thumbnailUrl":"https:\/\/cleitonpinheiro.com.br\/site\/wp-content\/uploads\/2023\/06\/Design-sem-nome-2023-06-27T081909-compressed.jpg","datePublished":"2023-06-27T11:20:00+00:00","dateModified":"2023-06-27T11:21:36+00:00","breadcrumb":{"@id":"https:\/\/cleitonpinheiro.com.br\/site\/dia-nacional-do-diabetes-e-lembrado-com-diversas-de-acoes-pela-prefeitura-de-gurupi\/#breadcrumb"},"inLanguage":"pt-BR","potentialAction":[{"@type":"ReadAction","target":["https:\/\/cleitonpinheiro.com.br\/site\/dia-nacional-do-diabetes-e-lembrado-com-diversas-de-acoes-pela-prefeitura-de-gurupi\/"]}]},{"@type":"ImageObject","inLanguage":"pt-BR","@id":"https:\/\/cleitonpinheiro.com.br\/site\/dia-nacional-do-diabetes-e-lembrado-com-diversas-de-acoes-pela-prefeitura-de-gurupi\/#primaryimage","url":"","contentUrl":""},{"@type":"BreadcrumbList","@id":"https:\/\/cleitonpinheiro.com.br\/site\/dia-nacional-do-diabetes-e-lembrado-com-diversas-de-acoes-pela-prefeitura-de-gurupi\/#breadcrumb","itemListElement":[{"@type":"ListItem","position":1,"name":"In\u00edcio","item":"https:\/\/cleitonpinheiro.com.br\/site\/"},{"@type":"ListItem","position":2,"name":"Dia Nacional do Diabetes \u00e9 lembrado com diversas de a\u00e7\u00f5es pela Prefeitura de Gurupi"}]},{"@type":"WebSite","@id":"https:\/\/cleitonpinheiro.com.br\/site\/#website","url":"https:\/\/cleitonpinheiro.com.br\/site\/","name":"PORTAL DE NOT\u00cdCIAS CLEITON PINHEIRO","description":"FALANDO A VERDADE","publisher":{"@id":"https:\/\/cleitonpinheiro.com.br\/site\/#organization"},"potentialAction":[{"@type":"SearchAction","target":{"@type":"EntryPoint","urlTemplate":"https:\/\/cleitonpinheiro.com.br\/site\/?s={search_term_string}"},"query-input":{"@type":"PropertyValueSpecification","valueRequired":true,"valueName":"search_term_string"}}],"inLanguage":"pt-BR"},{"@type":"Organization","@id":"https:\/\/cleitonpinheiro.com.br\/site\/#organization","name":"CPNOT\u00cdCIAS","url":"https:\/\/cleitonpinheiro.com.br\/site\/","logo":{"@type":"ImageObject","inLanguage":"pt-BR","@id":"https:\/\/cleitonpinheiro.com.br\/site\/#\/schema\/logo\/image\/","url":"https:\/\/cleitonpinheiro.com.br\/site\/wp-content\/uploads\/2022\/08\/Logo-pequena-2.png","contentUrl":"https:\/\/cleitonpinheiro.com.br\/site\/wp-content\/uploads\/2022\/08\/Logo-pequena-2.png","width":500,"height":500,"caption":"CPNOT\u00cdCIAS"},"image":{"@id":"https:\/\/cleitonpinheiro.com.br\/site\/#\/schema\/logo\/image\/"},"sameAs":["https:\/\/www.facebook.com\/portalcpnoticias\/"]},{"@type":"Person","@id":"https:\/\/cleitonpinheiro.com.br\/site\/#\/schema\/person\/aac6d7f311e80c43042e98a900b03cd8","name":"Dermival Pereira","image":{"@type":"ImageObject","inLanguage":"pt-BR","@id":"https:\/\/cleitonpinheiro.com.br\/site\/#\/schema\/person\/image\/","url":"https:\/\/secure.gravatar.com\/avatar\/cfaebf3742d6bf8db728bcba3eed6bee37b02337a2e6c822994f20ca72a3784d?s=96&r=g","contentUrl":"https:\/\/secure.gravatar.com\/avatar\/cfaebf3742d6bf8db728bcba3eed6bee37b02337a2e6c822994f20ca72a3784d?s=96&r=g","caption":"Dermival Pereira"},"url":"https:\/\/cleitonpinheiro.com.br\/site\/author\/dermival\/"}]}},"views":251,"_links":{"self":[{"href":"https:\/\/cleitonpinheiro.com.br\/site\/wp-json\/wp\/v2\/posts\/72510","targetHints":{"allow":["GET"]}}],"collection":[{"href":"https:\/\/cleitonpinheiro.com.br\/site\/wp-json\/wp\/v2\/posts"}],"about":[{"href":"https:\/\/cleitonpinheiro.com.br\/site\/wp-json\/wp\/v2\/types\/post"}],"author":[{"embeddable":true,"href":"https:\/\/cleitonpinheiro.com.br\/site\/wp-json\/wp\/v2\/users\/4"}],"replies":[{"embeddable":true,"href":"https:\/\/cleitonpinheiro.com.br\/site\/wp-json\/wp\/v2\/comments?post=72510"}],"version-history":[{"count":1,"href":"https:\/\/cleitonpinheiro.com.br\/site\/wp-json\/wp\/v2\/posts\/72510\/revisions"}],"predecessor-version":[{"id":72512,"href":"https:\/\/cleitonpinheiro.com.br\/site\/wp-json\/wp\/v2\/posts\/72510\/revisions\/72512"}],"wp:attachment":[{"href":"https:\/\/cleitonpinheiro.com.br\/site\/wp-json\/wp\/v2\/media?parent=72510"}],"wp:term":[{"taxonomy":"category","embeddable":true,"href":"https:\/\/cleitonpinheiro.com.br\/site\/wp-json\/wp\/v2\/categories?post=72510"},{"taxonomy":"post_tag","embeddable":true,"href":"https:\/\/cleitonpinheiro.com.br\/site\/wp-json\/wp\/v2\/tags?post=72510"}],"curies":[{"name":"wp","href":"https:\/\/api.w.org\/{rel}","templated":true}]}}