{"id":72527,"date":"2023-06-27T11:44:59","date_gmt":"2023-06-27T14:44:59","guid":{"rendered":"https:\/\/cleitonpinheiro.com.br\/site\/?p=72527"},"modified":"2023-07-03T11:36:06","modified_gmt":"2023-07-03T14:36:06","slug":"pm-prende-suspeitos-de-praticar-dois-homicidios-em-palmas-e-porto-nacional-na-tarde-dessa-terca-duas-armas-e-uma-moto-roubada-foram-apreendidas-com-os-criminosos","status":"publish","type":"post","link":"https:\/\/cleitonpinheiro.com.br\/site\/pm-prende-suspeitos-de-praticar-dois-homicidios-em-palmas-e-porto-nacional-na-tarde-dessa-terca-duas-armas-e-uma-moto-roubada-foram-apreendidas-com-os-criminosos\/","title":{"rendered":"PM prende suspeitos de praticar dois homic\u00eddios em Palmas e Porto Nacional nessa ter\u00e7a-feira; duas armas e uma moto roubada foram apreendidas"},"content":{"rendered":"\n<figure class=\"wp-block-image size-full is-resized\"><img fetchpriority=\"high\" decoding=\"async\" src=\"https:\/\/cleitonpinheiro.com.br\/site\/wp-content\/uploads\/2023\/06\/Design-sem-nome-2023-06-27T115147-compressed.jpg\" alt=\"\" class=\"wp-image-72535\" width=\"1018\" height=\"611\"\/><figcaption class=\"wp-element-caption\">Suspeito foi preso logo ap\u00f3s assassinato no Lago Sul, em Palmas \u2014 Foto: Divulga\u00e7\u00e3o<\/figcaption><\/figure>\n\n\n\n<p>A Pol\u00edcia Militar prendeu dois suspeitos da autoria de dois homic\u00eddios, sendo um registrado em Palmas, no setor Lago Sul e outro em Porto Nacional, ambos na tarde dessa segunda-feira, 26. No primeiro caso, registrado no munic\u00edpio vizinho, os criminosos assassinaram um idoso de 62 anos, que foi morto quando os suspeitos tentaram roubar a moto dele enquanto estava trabalhando.<\/p>\n\n\n\n<p>Em seguida os criminosos seguiram para Palmas e horas depois mataram, a tiros, um jovem de 21 anos, no setor Lago Sul, que andava de bicicleta por uma das ruas do setor. Com esse registro, o n\u00famero de assassinatos neste ano, na Capital Palmas, passa de 90.<\/p>\n\n\n\n<p>Ap\u00f3s a segunda morte, os criminosos foram localizados por uma equipe da Pol\u00edcia Militar no Jardim Aureny IV, na regi\u00e3o Sul de Palmas e na abordagem, um dos suspeitos foi preso com o revolver. O outro, por\u00e9m, conseguiu fugir para uma regi\u00e3o de mata, mas horas depois foi preso pela PM. Segundo apurou a reportagem, ele estava com uma pistola 9 mm.<\/p>\n","protected":false},"excerpt":{"rendered":"<p>A Pol\u00edcia Militar prendeu dois suspeitos da autoria de dois homic\u00eddios, sendo um registrado em Palmas, no setor Lago Sul e outro em Porto Nacional, ambos na tarde dessa segunda-feira, 26. No primeiro caso, registrado no munic\u00edpio vizinho, os criminosos assassinaram um idoso de 62 anos, que foi morto quando os suspeitos tentaram roubar a [&hellip;]<\/p>\n","protected":false},"author":4,"featured_media":0,"comment_status":"open","ping_status":"open","sticky":false,"template":"","format":"standard","meta":{"_acf_changed":false,"footnotes":""},"categories":[22,21],"tags":[],"class_list":["post-72527","post","type-post","status-publish","format-standard","hentry","category-cidades","category-todas-noticias"],"acf":[],"yoast_head":"<!-- This site is optimized with the Yoast SEO plugin v24.4 - https:\/\/yoast.com\/wordpress\/plugins\/seo\/ -->\n<title>PM prende suspeitos de praticar dois homic\u00eddios em Palmas e Porto Nacional nessa ter\u00e7a-feira; duas armas e uma moto roubada foram apreendidas - PORTAL DE NOT\u00cdCIAS CLEITON PINHEIRO<\/title>\n<meta name=\"robots\" content=\"index, follow, max-snippet:-1, max-image-preview:large, max-video-preview:-1\" \/>\n<link rel=\"canonical\" href=\"https:\/\/cleitonpinheiro.com.br\/site\/pm-prende-suspeitos-de-praticar-dois-homicidios-em-palmas-e-porto-nacional-na-tarde-dessa-terca-duas-armas-e-uma-moto-roubada-foram-apreendidas-com-os-criminosos\/\" \/>\n<meta property=\"og:locale\" content=\"pt_BR\" \/>\n<meta property=\"og:type\" content=\"article\" \/>\n<meta property=\"og:title\" content=\"PM prende suspeitos de praticar dois homic\u00eddios em Palmas e Porto Nacional nessa ter\u00e7a-feira; duas armas e uma moto roubada foram apreendidas - PORTAL DE NOT\u00cdCIAS CLEITON PINHEIRO\" \/>\n<meta property=\"og:description\" content=\"A Pol\u00edcia Militar prendeu dois suspeitos da autoria de dois homic\u00eddios, sendo um registrado em Palmas, no setor Lago Sul e outro em Porto Nacional, ambos na tarde dessa segunda-feira, 26. No primeiro caso, registrado no munic\u00edpio vizinho, os criminosos assassinaram um idoso de 62 anos, que foi morto quando os suspeitos tentaram roubar a [&hellip;]\" \/>\n<meta property=\"og:url\" content=\"https:\/\/cleitonpinheiro.com.br\/site\/pm-prende-suspeitos-de-praticar-dois-homicidios-em-palmas-e-porto-nacional-na-tarde-dessa-terca-duas-armas-e-uma-moto-roubada-foram-apreendidas-com-os-criminosos\/\" \/>\n<meta property=\"og:site_name\" content=\"PORTAL DE NOT\u00cdCIAS CLEITON PINHEIRO\" \/>\n<meta property=\"article:publisher\" content=\"https:\/\/www.facebook.com\/portalcpnoticias\/\" \/>\n<meta property=\"article:published_time\" content=\"2023-06-27T14:44:59+00:00\" \/>\n<meta property=\"article:modified_time\" content=\"2023-07-03T14:36:06+00:00\" \/>\n<meta property=\"og:image\" content=\"https:\/\/cleitonpinheiro.com.br\/site\/wp-content\/uploads\/2023\/06\/Design-sem-nome-2023-06-27T115147-compressed.jpg\" \/>\n\t<meta property=\"og:image:width\" content=\"750\" \/>\n\t<meta property=\"og:image:height\" content=\"450\" \/>\n\t<meta property=\"og:image:type\" content=\"image\/jpeg\" \/>\n<meta name=\"author\" content=\"Dermival Pereira\" \/>\n<meta name=\"twitter:card\" content=\"summary_large_image\" \/>\n<meta name=\"twitter:label1\" content=\"Escrito por\" \/>\n\t<meta name=\"twitter:data1\" content=\"Dermival Pereira\" \/>\n\t<meta name=\"twitter:label2\" content=\"Est. tempo de leitura\" \/>\n\t<meta name=\"twitter:data2\" content=\"2 minutos\" \/>\n<script type=\"application\/ld+json\" class=\"yoast-schema-graph\">{\"@context\":\"https:\/\/schema.org\",\"@graph\":[{\"@type\":\"Article\",\"@id\":\"https:\/\/cleitonpinheiro.com.br\/site\/pm-prende-suspeitos-de-praticar-dois-homicidios-em-palmas-e-porto-nacional-na-tarde-dessa-terca-duas-armas-e-uma-moto-roubada-foram-apreendidas-com-os-criminosos\/#article\",\"isPartOf\":{\"@id\":\"https:\/\/cleitonpinheiro.com.br\/site\/pm-prende-suspeitos-de-praticar-dois-homicidios-em-palmas-e-porto-nacional-na-tarde-dessa-terca-duas-armas-e-uma-moto-roubada-foram-apreendidas-com-os-criminosos\/\"},\"author\":{\"name\":\"Dermival Pereira\",\"@id\":\"https:\/\/cleitonpinheiro.com.br\/site\/#\/schema\/person\/aac6d7f311e80c43042e98a900b03cd8\"},\"headline\":\"PM prende suspeitos de praticar dois homic\u00eddios em Palmas e Porto Nacional nessa ter\u00e7a-feira; duas armas e uma moto roubada foram apreendidas\",\"datePublished\":\"2023-06-27T14:44:59+00:00\",\"dateModified\":\"2023-07-03T14:36:06+00:00\",\"mainEntityOfPage\":{\"@id\":\"https:\/\/cleitonpinheiro.com.br\/site\/pm-prende-suspeitos-de-praticar-dois-homicidios-em-palmas-e-porto-nacional-na-tarde-dessa-terca-duas-armas-e-uma-moto-roubada-foram-apreendidas-com-os-criminosos\/\"},\"wordCount\":212,\"commentCount\":0,\"publisher\":{\"@id\":\"https:\/\/cleitonpinheiro.com.br\/site\/#organization\"},\"image\":{\"@id\":\"https:\/\/cleitonpinheiro.com.br\/site\/pm-prende-suspeitos-de-praticar-dois-homicidios-em-palmas-e-porto-nacional-na-tarde-dessa-terca-duas-armas-e-uma-moto-roubada-foram-apreendidas-com-os-criminosos\/#primaryimage\"},\"thumbnailUrl\":\"https:\/\/cleitonpinheiro.com.br\/site\/wp-content\/uploads\/2023\/06\/Design-sem-nome-2023-06-27T115147-compressed.jpg\",\"articleSection\":[\"CIDADES\",\"TODAS NOTICIAS\"],\"inLanguage\":\"pt-BR\",\"potentialAction\":[{\"@type\":\"CommentAction\",\"name\":\"Comment\",\"target\":[\"https:\/\/cleitonpinheiro.com.br\/site\/pm-prende-suspeitos-de-praticar-dois-homicidios-em-palmas-e-porto-nacional-na-tarde-dessa-terca-duas-armas-e-uma-moto-roubada-foram-apreendidas-com-os-criminosos\/#respond\"]}]},{\"@type\":\"WebPage\",\"@id\":\"https:\/\/cleitonpinheiro.com.br\/site\/pm-prende-suspeitos-de-praticar-dois-homicidios-em-palmas-e-porto-nacional-na-tarde-dessa-terca-duas-armas-e-uma-moto-roubada-foram-apreendidas-com-os-criminosos\/\",\"url\":\"https:\/\/cleitonpinheiro.com.br\/site\/pm-prende-suspeitos-de-praticar-dois-homicidios-em-palmas-e-porto-nacional-na-tarde-dessa-terca-duas-armas-e-uma-moto-roubada-foram-apreendidas-com-os-criminosos\/\",\"name\":\"PM prende suspeitos de praticar dois homic\u00eddios em Palmas e Porto Nacional nessa ter\u00e7a-feira; duas armas e uma moto roubada foram apreendidas - PORTAL DE NOT\u00cdCIAS CLEITON PINHEIRO\",\"isPartOf\":{\"@id\":\"https:\/\/cleitonpinheiro.com.br\/site\/#website\"},\"primaryImageOfPage\":{\"@id\":\"https:\/\/cleitonpinheiro.com.br\/site\/pm-prende-suspeitos-de-praticar-dois-homicidios-em-palmas-e-porto-nacional-na-tarde-dessa-terca-duas-armas-e-uma-moto-roubada-foram-apreendidas-com-os-criminosos\/#primaryimage\"},\"image\":{\"@id\":\"https:\/\/cleitonpinheiro.com.br\/site\/pm-prende-suspeitos-de-praticar-dois-homicidios-em-palmas-e-porto-nacional-na-tarde-dessa-terca-duas-armas-e-uma-moto-roubada-foram-apreendidas-com-os-criminosos\/#primaryimage\"},\"thumbnailUrl\":\"https:\/\/cleitonpinheiro.com.br\/site\/wp-content\/uploads\/2023\/06\/Design-sem-nome-2023-06-27T115147-compressed.jpg\",\"datePublished\":\"2023-06-27T14:44:59+00:00\",\"dateModified\":\"2023-07-03T14:36:06+00:00\",\"breadcrumb\":{\"@id\":\"https:\/\/cleitonpinheiro.com.br\/site\/pm-prende-suspeitos-de-praticar-dois-homicidios-em-palmas-e-porto-nacional-na-tarde-dessa-terca-duas-armas-e-uma-moto-roubada-foram-apreendidas-com-os-criminosos\/#breadcrumb\"},\"inLanguage\":\"pt-BR\",\"potentialAction\":[{\"@type\":\"ReadAction\",\"target\":[\"https:\/\/cleitonpinheiro.com.br\/site\/pm-prende-suspeitos-de-praticar-dois-homicidios-em-palmas-e-porto-nacional-na-tarde-dessa-terca-duas-armas-e-uma-moto-roubada-foram-apreendidas-com-os-criminosos\/\"]}]},{\"@type\":\"ImageObject\",\"inLanguage\":\"pt-BR\",\"@id\":\"https:\/\/cleitonpinheiro.com.br\/site\/pm-prende-suspeitos-de-praticar-dois-homicidios-em-palmas-e-porto-nacional-na-tarde-dessa-terca-duas-armas-e-uma-moto-roubada-foram-apreendidas-com-os-criminosos\/#primaryimage\",\"url\":\"\",\"contentUrl\":\"\"},{\"@type\":\"BreadcrumbList\",\"@id\":\"https:\/\/cleitonpinheiro.com.br\/site\/pm-prende-suspeitos-de-praticar-dois-homicidios-em-palmas-e-porto-nacional-na-tarde-dessa-terca-duas-armas-e-uma-moto-roubada-foram-apreendidas-com-os-criminosos\/#breadcrumb\",\"itemListElement\":[{\"@type\":\"ListItem\",\"position\":1,\"name\":\"In\u00edcio\",\"item\":\"https:\/\/cleitonpinheiro.com.br\/site\/\"},{\"@type\":\"ListItem\",\"position\":2,\"name\":\"PM prende suspeitos de praticar dois homic\u00eddios em Palmas e Porto Nacional nessa ter\u00e7a-feira; duas armas e uma moto roubada foram apreendidas\"}]},{\"@type\":\"WebSite\",\"@id\":\"https:\/\/cleitonpinheiro.com.br\/site\/#website\",\"url\":\"https:\/\/cleitonpinheiro.com.br\/site\/\",\"name\":\"PORTAL DE NOT\u00cdCIAS CLEITON PINHEIRO\",\"description\":\"FALANDO A VERDADE\",\"publisher\":{\"@id\":\"https:\/\/cleitonpinheiro.com.br\/site\/#organization\"},\"potentialAction\":[{\"@type\":\"SearchAction\",\"target\":{\"@type\":\"EntryPoint\",\"urlTemplate\":\"https:\/\/cleitonpinheiro.com.br\/site\/?s={search_term_string}\"},\"query-input\":{\"@type\":\"PropertyValueSpecification\",\"valueRequired\":true,\"valueName\":\"search_term_string\"}}],\"inLanguage\":\"pt-BR\"},{\"@type\":\"Organization\",\"@id\":\"https:\/\/cleitonpinheiro.com.br\/site\/#organization\",\"name\":\"CPNOT\u00cdCIAS\",\"url\":\"https:\/\/cleitonpinheiro.com.br\/site\/\",\"logo\":{\"@type\":\"ImageObject\",\"inLanguage\":\"pt-BR\",\"@id\":\"https:\/\/cleitonpinheiro.com.br\/site\/#\/schema\/logo\/image\/\",\"url\":\"https:\/\/cleitonpinheiro.com.br\/site\/wp-content\/uploads\/2022\/08\/Logo-pequena-2.png\",\"contentUrl\":\"https:\/\/cleitonpinheiro.com.br\/site\/wp-content\/uploads\/2022\/08\/Logo-pequena-2.png\",\"width\":500,\"height\":500,\"caption\":\"CPNOT\u00cdCIAS\"},\"image\":{\"@id\":\"https:\/\/cleitonpinheiro.com.br\/site\/#\/schema\/logo\/image\/\"},\"sameAs\":[\"https:\/\/www.facebook.com\/portalcpnoticias\/\"]},{\"@type\":\"Person\",\"@id\":\"https:\/\/cleitonpinheiro.com.br\/site\/#\/schema\/person\/aac6d7f311e80c43042e98a900b03cd8\",\"name\":\"Dermival Pereira\",\"image\":{\"@type\":\"ImageObject\",\"inLanguage\":\"pt-BR\",\"@id\":\"https:\/\/cleitonpinheiro.com.br\/site\/#\/schema\/person\/image\/\",\"url\":\"https:\/\/secure.gravatar.com\/avatar\/cfaebf3742d6bf8db728bcba3eed6bee37b02337a2e6c822994f20ca72a3784d?s=96&r=g\",\"contentUrl\":\"https:\/\/secure.gravatar.com\/avatar\/cfaebf3742d6bf8db728bcba3eed6bee37b02337a2e6c822994f20ca72a3784d?s=96&r=g\",\"caption\":\"Dermival Pereira\"},\"url\":\"https:\/\/cleitonpinheiro.com.br\/site\/author\/dermival\/\"}]}<\/script>\n<!-- \/ Yoast SEO plugin. -->","yoast_head_json":{"title":"PM prende suspeitos de praticar dois homic\u00eddios em Palmas e Porto Nacional nessa ter\u00e7a-feira; duas armas e uma moto roubada foram apreendidas - PORTAL DE NOT\u00cdCIAS CLEITON PINHEIRO","robots":{"index":"index","follow":"follow","max-snippet":"max-snippet:-1","max-image-preview":"max-image-preview:large","max-video-preview":"max-video-preview:-1"},"canonical":"https:\/\/cleitonpinheiro.com.br\/site\/pm-prende-suspeitos-de-praticar-dois-homicidios-em-palmas-e-porto-nacional-na-tarde-dessa-terca-duas-armas-e-uma-moto-roubada-foram-apreendidas-com-os-criminosos\/","og_locale":"pt_BR","og_type":"article","og_title":"PM prende suspeitos de praticar dois homic\u00eddios em Palmas e Porto Nacional nessa ter\u00e7a-feira; duas armas e uma moto roubada foram apreendidas - PORTAL DE NOT\u00cdCIAS CLEITON PINHEIRO","og_description":"A Pol\u00edcia Militar prendeu dois suspeitos da autoria de dois homic\u00eddios, sendo um registrado em Palmas, no setor Lago Sul e outro em Porto Nacional, ambos na tarde dessa segunda-feira, 26. No primeiro caso, registrado no munic\u00edpio vizinho, os criminosos assassinaram um idoso de 62 anos, que foi morto quando os suspeitos tentaram roubar a [&hellip;]","og_url":"https:\/\/cleitonpinheiro.com.br\/site\/pm-prende-suspeitos-de-praticar-dois-homicidios-em-palmas-e-porto-nacional-na-tarde-dessa-terca-duas-armas-e-uma-moto-roubada-foram-apreendidas-com-os-criminosos\/","og_site_name":"PORTAL DE NOT\u00cdCIAS CLEITON PINHEIRO","article_publisher":"https:\/\/www.facebook.com\/portalcpnoticias\/","article_published_time":"2023-06-27T14:44:59+00:00","article_modified_time":"2023-07-03T14:36:06+00:00","og_image":[{"width":750,"height":450,"url":"https:\/\/cleitonpinheiro.com.br\/site\/wp-content\/uploads\/2023\/06\/Design-sem-nome-2023-06-27T115147-compressed.jpg","type":"image\/jpeg"}],"author":"Dermival Pereira","twitter_card":"summary_large_image","twitter_misc":{"Escrito por":"Dermival Pereira","Est. tempo de leitura":"2 minutos"},"schema":{"@context":"https:\/\/schema.org","@graph":[{"@type":"Article","@id":"https:\/\/cleitonpinheiro.com.br\/site\/pm-prende-suspeitos-de-praticar-dois-homicidios-em-palmas-e-porto-nacional-na-tarde-dessa-terca-duas-armas-e-uma-moto-roubada-foram-apreendidas-com-os-criminosos\/#article","isPartOf":{"@id":"https:\/\/cleitonpinheiro.com.br\/site\/pm-prende-suspeitos-de-praticar-dois-homicidios-em-palmas-e-porto-nacional-na-tarde-dessa-terca-duas-armas-e-uma-moto-roubada-foram-apreendidas-com-os-criminosos\/"},"author":{"name":"Dermival Pereira","@id":"https:\/\/cleitonpinheiro.com.br\/site\/#\/schema\/person\/aac6d7f311e80c43042e98a900b03cd8"},"headline":"PM prende suspeitos de praticar dois homic\u00eddios em Palmas e Porto Nacional nessa ter\u00e7a-feira; duas armas e uma moto roubada foram apreendidas","datePublished":"2023-06-27T14:44:59+00:00","dateModified":"2023-07-03T14:36:06+00:00","mainEntityOfPage":{"@id":"https:\/\/cleitonpinheiro.com.br\/site\/pm-prende-suspeitos-de-praticar-dois-homicidios-em-palmas-e-porto-nacional-na-tarde-dessa-terca-duas-armas-e-uma-moto-roubada-foram-apreendidas-com-os-criminosos\/"},"wordCount":212,"commentCount":0,"publisher":{"@id":"https:\/\/cleitonpinheiro.com.br\/site\/#organization"},"image":{"@id":"https:\/\/cleitonpinheiro.com.br\/site\/pm-prende-suspeitos-de-praticar-dois-homicidios-em-palmas-e-porto-nacional-na-tarde-dessa-terca-duas-armas-e-uma-moto-roubada-foram-apreendidas-com-os-criminosos\/#primaryimage"},"thumbnailUrl":"https:\/\/cleitonpinheiro.com.br\/site\/wp-content\/uploads\/2023\/06\/Design-sem-nome-2023-06-27T115147-compressed.jpg","articleSection":["CIDADES","TODAS NOTICIAS"],"inLanguage":"pt-BR","potentialAction":[{"@type":"CommentAction","name":"Comment","target":["https:\/\/cleitonpinheiro.com.br\/site\/pm-prende-suspeitos-de-praticar-dois-homicidios-em-palmas-e-porto-nacional-na-tarde-dessa-terca-duas-armas-e-uma-moto-roubada-foram-apreendidas-com-os-criminosos\/#respond"]}]},{"@type":"WebPage","@id":"https:\/\/cleitonpinheiro.com.br\/site\/pm-prende-suspeitos-de-praticar-dois-homicidios-em-palmas-e-porto-nacional-na-tarde-dessa-terca-duas-armas-e-uma-moto-roubada-foram-apreendidas-com-os-criminosos\/","url":"https:\/\/cleitonpinheiro.com.br\/site\/pm-prende-suspeitos-de-praticar-dois-homicidios-em-palmas-e-porto-nacional-na-tarde-dessa-terca-duas-armas-e-uma-moto-roubada-foram-apreendidas-com-os-criminosos\/","name":"PM prende suspeitos de praticar dois homic\u00eddios em Palmas e Porto Nacional nessa ter\u00e7a-feira; duas armas e uma moto roubada foram apreendidas - PORTAL DE NOT\u00cdCIAS CLEITON PINHEIRO","isPartOf":{"@id":"https:\/\/cleitonpinheiro.com.br\/site\/#website"},"primaryImageOfPage":{"@id":"https:\/\/cleitonpinheiro.com.br\/site\/pm-prende-suspeitos-de-praticar-dois-homicidios-em-palmas-e-porto-nacional-na-tarde-dessa-terca-duas-armas-e-uma-moto-roubada-foram-apreendidas-com-os-criminosos\/#primaryimage"},"image":{"@id":"https:\/\/cleitonpinheiro.com.br\/site\/pm-prende-suspeitos-de-praticar-dois-homicidios-em-palmas-e-porto-nacional-na-tarde-dessa-terca-duas-armas-e-uma-moto-roubada-foram-apreendidas-com-os-criminosos\/#primaryimage"},"thumbnailUrl":"https:\/\/cleitonpinheiro.com.br\/site\/wp-content\/uploads\/2023\/06\/Design-sem-nome-2023-06-27T115147-compressed.jpg","datePublished":"2023-06-27T14:44:59+00:00","dateModified":"2023-07-03T14:36:06+00:00","breadcrumb":{"@id":"https:\/\/cleitonpinheiro.com.br\/site\/pm-prende-suspeitos-de-praticar-dois-homicidios-em-palmas-e-porto-nacional-na-tarde-dessa-terca-duas-armas-e-uma-moto-roubada-foram-apreendidas-com-os-criminosos\/#breadcrumb"},"inLanguage":"pt-BR","potentialAction":[{"@type":"ReadAction","target":["https:\/\/cleitonpinheiro.com.br\/site\/pm-prende-suspeitos-de-praticar-dois-homicidios-em-palmas-e-porto-nacional-na-tarde-dessa-terca-duas-armas-e-uma-moto-roubada-foram-apreendidas-com-os-criminosos\/"]}]},{"@type":"ImageObject","inLanguage":"pt-BR","@id":"https:\/\/cleitonpinheiro.com.br\/site\/pm-prende-suspeitos-de-praticar-dois-homicidios-em-palmas-e-porto-nacional-na-tarde-dessa-terca-duas-armas-e-uma-moto-roubada-foram-apreendidas-com-os-criminosos\/#primaryimage","url":"","contentUrl":""},{"@type":"BreadcrumbList","@id":"https:\/\/cleitonpinheiro.com.br\/site\/pm-prende-suspeitos-de-praticar-dois-homicidios-em-palmas-e-porto-nacional-na-tarde-dessa-terca-duas-armas-e-uma-moto-roubada-foram-apreendidas-com-os-criminosos\/#breadcrumb","itemListElement":[{"@type":"ListItem","position":1,"name":"In\u00edcio","item":"https:\/\/cleitonpinheiro.com.br\/site\/"},{"@type":"ListItem","position":2,"name":"PM prende suspeitos de praticar dois homic\u00eddios em Palmas e Porto Nacional nessa ter\u00e7a-feira; duas armas e uma moto roubada foram apreendidas"}]},{"@type":"WebSite","@id":"https:\/\/cleitonpinheiro.com.br\/site\/#website","url":"https:\/\/cleitonpinheiro.com.br\/site\/","name":"PORTAL DE NOT\u00cdCIAS CLEITON PINHEIRO","description":"FALANDO A VERDADE","publisher":{"@id":"https:\/\/cleitonpinheiro.com.br\/site\/#organization"},"potentialAction":[{"@type":"SearchAction","target":{"@type":"EntryPoint","urlTemplate":"https:\/\/cleitonpinheiro.com.br\/site\/?s={search_term_string}"},"query-input":{"@type":"PropertyValueSpecification","valueRequired":true,"valueName":"search_term_string"}}],"inLanguage":"pt-BR"},{"@type":"Organization","@id":"https:\/\/cleitonpinheiro.com.br\/site\/#organization","name":"CPNOT\u00cdCIAS","url":"https:\/\/cleitonpinheiro.com.br\/site\/","logo":{"@type":"ImageObject","inLanguage":"pt-BR","@id":"https:\/\/cleitonpinheiro.com.br\/site\/#\/schema\/logo\/image\/","url":"https:\/\/cleitonpinheiro.com.br\/site\/wp-content\/uploads\/2022\/08\/Logo-pequena-2.png","contentUrl":"https:\/\/cleitonpinheiro.com.br\/site\/wp-content\/uploads\/2022\/08\/Logo-pequena-2.png","width":500,"height":500,"caption":"CPNOT\u00cdCIAS"},"image":{"@id":"https:\/\/cleitonpinheiro.com.br\/site\/#\/schema\/logo\/image\/"},"sameAs":["https:\/\/www.facebook.com\/portalcpnoticias\/"]},{"@type":"Person","@id":"https:\/\/cleitonpinheiro.com.br\/site\/#\/schema\/person\/aac6d7f311e80c43042e98a900b03cd8","name":"Dermival Pereira","image":{"@type":"ImageObject","inLanguage":"pt-BR","@id":"https:\/\/cleitonpinheiro.com.br\/site\/#\/schema\/person\/image\/","url":"https:\/\/secure.gravatar.com\/avatar\/cfaebf3742d6bf8db728bcba3eed6bee37b02337a2e6c822994f20ca72a3784d?s=96&r=g","contentUrl":"https:\/\/secure.gravatar.com\/avatar\/cfaebf3742d6bf8db728bcba3eed6bee37b02337a2e6c822994f20ca72a3784d?s=96&r=g","caption":"Dermival Pereira"},"url":"https:\/\/cleitonpinheiro.com.br\/site\/author\/dermival\/"}]}},"views":478,"_links":{"self":[{"href":"https:\/\/cleitonpinheiro.com.br\/site\/wp-json\/wp\/v2\/posts\/72527","targetHints":{"allow":["GET"]}}],"collection":[{"href":"https:\/\/cleitonpinheiro.com.br\/site\/wp-json\/wp\/v2\/posts"}],"about":[{"href":"https:\/\/cleitonpinheiro.com.br\/site\/wp-json\/wp\/v2\/types\/post"}],"author":[{"embeddable":true,"href":"https:\/\/cleitonpinheiro.com.br\/site\/wp-json\/wp\/v2\/users\/4"}],"replies":[{"embeddable":true,"href":"https:\/\/cleitonpinheiro.com.br\/site\/wp-json\/wp\/v2\/comments?post=72527"}],"version-history":[{"count":5,"href":"https:\/\/cleitonpinheiro.com.br\/site\/wp-json\/wp\/v2\/posts\/72527\/revisions"}],"predecessor-version":[{"id":72536,"href":"https:\/\/cleitonpinheiro.com.br\/site\/wp-json\/wp\/v2\/posts\/72527\/revisions\/72536"}],"wp:attachment":[{"href":"https:\/\/cleitonpinheiro.com.br\/site\/wp-json\/wp\/v2\/media?parent=72527"}],"wp:term":[{"taxonomy":"category","embeddable":true,"href":"https:\/\/cleitonpinheiro.com.br\/site\/wp-json\/wp\/v2\/categories?post=72527"},{"taxonomy":"post_tag","embeddable":true,"href":"https:\/\/cleitonpinheiro.com.br\/site\/wp-json\/wp\/v2\/tags?post=72527"}],"curies":[{"name":"wp","href":"https:\/\/api.w.org\/{rel}","templated":true}]}}