{"id":72540,"date":"2023-06-27T14:28:42","date_gmt":"2023-06-27T17:28:42","guid":{"rendered":"https:\/\/cleitonpinheiro.com.br\/site\/?p=72540"},"modified":"2023-06-27T14:28:45","modified_gmt":"2023-06-27T17:28:45","slug":"presidente-lula-chama-juro-do-emprestimo-consignado-de-roubo-e-diz-que-vai-rever-taxas","status":"publish","type":"post","link":"https:\/\/cleitonpinheiro.com.br\/site\/presidente-lula-chama-juro-do-emprestimo-consignado-de-roubo-e-diz-que-vai-rever-taxas\/","title":{"rendered":"Presidente Lula chama juro do empr\u00e9stimo consignado de \u201croubo\u201d e diz que vai rever taxas"},"content":{"rendered":"\n<figure class=\"wp-block-image size-full is-resized\"><img fetchpriority=\"high\" decoding=\"async\" src=\"https:\/\/cleitonpinheiro.com.br\/site\/wp-content\/uploads\/2023\/06\/Design-sem-nome-2023-06-27T142757-compressed.jpg\" alt=\"\" class=\"wp-image-72541\" width=\"1020\" height=\"612\"\/><\/figure>\n\n\n\n<p>O presidente\u00a0<a href=\"https:\/\/eleicoes.poder360.com.br\/candidato\/929674\" target=\"_blank\" rel=\"noreferrer noopener\">Luiz In\u00e1cio Lula da Silva<\/a>\u00a0(PT) disse nesta 3\u00aa feira (27.jun.2023) estar \u201c<em>indignado<\/em>\u201d com as atuais taxas cobradas no cr\u00e9dito consignado. Tamb\u00e9m afirmou que conversar\u00e1 com o ministro da Fazenda,\u00a0<a href=\"https:\/\/www.poder360.com.br\/tag\/fernando-haddad\/\" target=\"_blank\" rel=\"noreferrer noopener\">Fernando Hadddad<\/a>, e com presidentes de bancos para reduzir os juros cobrados na modalidade de empr\u00e9stimo. <em><strong>As informa\u00e7\u00f5es s\u00e3o site Poder 360.<\/strong><\/em><\/p>\n\n\n\n<p><em>\u201cVou conversar com Haddad, com presidentes dos bancos para saber como a gente est\u00e1 lesando o povo pobre nisso. Estamos dando como garantia a folha de pagamento e ainda est\u00e1 pagando mais caro do que os empres\u00e1rios pelo empr\u00e9stimo.\u00a0<\/em>[\u2026]<em>\u00a0\u00c9 muito caro, \u00e9 um roubo\u201d,\u00a0<\/em>disse Lula em entrevista no seu programa on-line semanal\u00a0<em>\u201cConversa com o presidente\u201d.\u00a0<\/em>Ele foi entrevistado pelo jornalista Marcos Uch\u00f4a. Foi a 3\u00aa exibi\u00e7\u00e3o da live.<\/p>\n\n\n\n<p>Segundo o presidente, o trabalhador n\u00e3o tem como&nbsp;<em>\u201cdar cano\u201d<\/em>&nbsp;porque as parcelas do empr\u00e9stimo consignado s\u00e3o descontadas diretamente na folha de pagamento ou de um benef\u00edcio. Nesta modalidade, o empr\u00e9stimo \u00e9 dado a quem tem emprego garantido ou \u00e9 benefici\u00e1rio de programa social.<\/p>\n\n\n\n<p>Em mar\u00e7o, o governo federal&nbsp;<a href=\"https:\/\/www.poder360.com.br\/governo\/governo-oficializa-teto-de-juros-do-consignado-do-inss-em-197\/\" target=\"_blank\" rel=\"noreferrer noopener\">definiu que o teto de juros<\/a>&nbsp;para benefici\u00e1rios do INSS (Instituto Nacional do Seguro Social) \u00e9 de 1,97%. Tamb\u00e9m definiu que o limite de juros para o cart\u00e3o de cr\u00e9dito \u00e9 de 2,89%.<\/p>\n\n\n\n<p><em>\u201cO que me deixa indignado \u00e9 o seguinte: o cr\u00e9dito consignado \u00e9 dado para quem tem emprego garantido, que \u00e9 descontado no sal\u00e1rio. Portanto n\u00e3o tem como perder, \u00e9 1,97%. E 1,97% vezes 1,97%, juros sobre juros d\u00e1 quase 30% ao m\u00eas. Como o cara que ganha R$ 2 mil, que pega R$ 1 mil no cr\u00e9dito consignado para pagar 30% ao m\u00eas e eu estou emprestando dinheiro aos grandes a 10%. O deles \u00e9 caro, quero deixar isso claro, mas isso aqui \u00e9 triplamente caro\u201d<\/em>, disse Lula.&nbsp;Na verdade, a taxa m\u00e9dia para servidor p\u00fablico est\u00e1 em 24,5% ao ano e para aposentados, em 25,5%.<\/p>\n\n\n\n<p>O presidente abordou o tema ao&nbsp;<a href=\"https:\/\/www.poder360.com.br\/agronegocio\/lula-anuncia-plano-safra-estimado-em-r-424-bi-nesta-3a\/\" target=\"_blank\" rel=\"noreferrer noopener\">confirmar<\/a>&nbsp;que o Plano Safra de 2023\/2024 ser\u00e1 de R$ 364,22 bilh\u00f5es e que o juro m\u00e9dio do programa ser\u00e1 de 10% ao ano. Lula tamb\u00e9m voltou a criticar o presidente do Banco Central, Roberto Campos Neto, a quem&nbsp;<a href=\"https:\/\/www.poder360.com.br\/governo\/lula-chama-campos-neto-de-novo-de-esse-cidadao-e-critica-juros\/\" target=\"_blank\" rel=\"noreferrer noopener\">chamou<\/a>&nbsp;de&nbsp;<em>\u201cesse cidad\u00e3o\u201d,<\/em>&nbsp;ao&nbsp;<a href=\"https:\/\/www.poder360.com.br\/governo\/lula-diz-que-juros-de-10-para-o-agronegocio-e-caro-e-culpa-bc\/\" target=\"_blank\" rel=\"noreferrer noopener\">culp\u00e1-lo<\/a>&nbsp;pelas taxas que ser\u00e3o cobradas no plano voltado para o agroneg\u00f3cio<\/p>\n","protected":false},"excerpt":{"rendered":"<p>O presidente\u00a0Luiz In\u00e1cio Lula da Silva\u00a0(PT) disse nesta 3\u00aa feira (27.jun.2023) estar \u201cindignado\u201d com as atuais taxas cobradas no cr\u00e9dito consignado. Tamb\u00e9m afirmou que conversar\u00e1 com o ministro da Fazenda,\u00a0Fernando Hadddad, e com presidentes de bancos para reduzir os juros cobrados na modalidade de empr\u00e9stimo. As informa\u00e7\u00f5es s\u00e3o site Poder 360. \u201cVou conversar com Haddad, [&hellip;]<\/p>\n","protected":false},"author":4,"featured_media":0,"comment_status":"open","ping_status":"open","sticky":false,"template":"","format":"standard","meta":{"_acf_changed":false,"footnotes":""},"categories":[19,898],"tags":[],"class_list":["post-72540","post","type-post","status-publish","format-standard","hentry","category-brasil-mundo","category-manchete-segundaria"],"acf":[],"yoast_head":"<!-- This site is optimized with the Yoast SEO plugin v24.4 - https:\/\/yoast.com\/wordpress\/plugins\/seo\/ -->\n<title>Presidente Lula chama juro do empr\u00e9stimo consignado de \u201croubo\u201d e diz que vai rever taxas - PORTAL DE NOT\u00cdCIAS CLEITON PINHEIRO<\/title>\n<meta name=\"robots\" content=\"index, follow, max-snippet:-1, max-image-preview:large, max-video-preview:-1\" \/>\n<link rel=\"canonical\" href=\"https:\/\/cleitonpinheiro.com.br\/site\/presidente-lula-chama-juro-do-emprestimo-consignado-de-roubo-e-diz-que-vai-rever-taxas\/\" \/>\n<meta property=\"og:locale\" content=\"pt_BR\" \/>\n<meta property=\"og:type\" content=\"article\" \/>\n<meta property=\"og:title\" content=\"Presidente Lula chama juro do empr\u00e9stimo consignado de \u201croubo\u201d e diz que vai rever taxas - PORTAL DE NOT\u00cdCIAS CLEITON PINHEIRO\" \/>\n<meta property=\"og:description\" content=\"O presidente\u00a0Luiz In\u00e1cio Lula da Silva\u00a0(PT) disse nesta 3\u00aa feira (27.jun.2023) estar \u201cindignado\u201d com as atuais taxas cobradas no cr\u00e9dito consignado. Tamb\u00e9m afirmou que conversar\u00e1 com o ministro da Fazenda,\u00a0Fernando Hadddad, e com presidentes de bancos para reduzir os juros cobrados na modalidade de empr\u00e9stimo. As informa\u00e7\u00f5es s\u00e3o site Poder 360. \u201cVou conversar com Haddad, [&hellip;]\" \/>\n<meta property=\"og:url\" content=\"https:\/\/cleitonpinheiro.com.br\/site\/presidente-lula-chama-juro-do-emprestimo-consignado-de-roubo-e-diz-que-vai-rever-taxas\/\" \/>\n<meta property=\"og:site_name\" content=\"PORTAL DE NOT\u00cdCIAS CLEITON PINHEIRO\" \/>\n<meta property=\"article:publisher\" content=\"https:\/\/www.facebook.com\/portalcpnoticias\/\" \/>\n<meta property=\"article:published_time\" content=\"2023-06-27T17:28:42+00:00\" \/>\n<meta property=\"article:modified_time\" content=\"2023-06-27T17:28:45+00:00\" \/>\n<meta property=\"og:image\" content=\"https:\/\/cleitonpinheiro.com.br\/site\/wp-content\/uploads\/2023\/06\/Design-sem-nome-2023-06-27T142757-compressed.jpg\" \/>\n\t<meta property=\"og:image:width\" content=\"750\" \/>\n\t<meta property=\"og:image:height\" content=\"450\" \/>\n\t<meta property=\"og:image:type\" content=\"image\/jpeg\" \/>\n<meta name=\"author\" content=\"Dermival Pereira\" \/>\n<meta name=\"twitter:card\" content=\"summary_large_image\" \/>\n<meta name=\"twitter:label1\" content=\"Escrito por\" \/>\n\t<meta name=\"twitter:data1\" content=\"Dermival Pereira\" \/>\n\t<meta name=\"twitter:label2\" content=\"Est. tempo de leitura\" \/>\n\t<meta name=\"twitter:data2\" content=\"3 minutos\" \/>\n<script type=\"application\/ld+json\" class=\"yoast-schema-graph\">{\"@context\":\"https:\/\/schema.org\",\"@graph\":[{\"@type\":\"Article\",\"@id\":\"https:\/\/cleitonpinheiro.com.br\/site\/presidente-lula-chama-juro-do-emprestimo-consignado-de-roubo-e-diz-que-vai-rever-taxas\/#article\",\"isPartOf\":{\"@id\":\"https:\/\/cleitonpinheiro.com.br\/site\/presidente-lula-chama-juro-do-emprestimo-consignado-de-roubo-e-diz-que-vai-rever-taxas\/\"},\"author\":{\"name\":\"Dermival Pereira\",\"@id\":\"https:\/\/cleitonpinheiro.com.br\/site\/#\/schema\/person\/aac6d7f311e80c43042e98a900b03cd8\"},\"headline\":\"Presidente Lula chama juro do empr\u00e9stimo consignado de \u201croubo\u201d e diz que vai rever taxas\",\"datePublished\":\"2023-06-27T17:28:42+00:00\",\"dateModified\":\"2023-06-27T17:28:45+00:00\",\"mainEntityOfPage\":{\"@id\":\"https:\/\/cleitonpinheiro.com.br\/site\/presidente-lula-chama-juro-do-emprestimo-consignado-de-roubo-e-diz-que-vai-rever-taxas\/\"},\"wordCount\":410,\"commentCount\":0,\"publisher\":{\"@id\":\"https:\/\/cleitonpinheiro.com.br\/site\/#organization\"},\"image\":{\"@id\":\"https:\/\/cleitonpinheiro.com.br\/site\/presidente-lula-chama-juro-do-emprestimo-consignado-de-roubo-e-diz-que-vai-rever-taxas\/#primaryimage\"},\"thumbnailUrl\":\"https:\/\/cleitonpinheiro.com.br\/site\/wp-content\/uploads\/2023\/06\/Design-sem-nome-2023-06-27T142757-compressed.jpg\",\"articleSection\":[\"BRASIL \/ MUNDO\",\"MANCHETE SEGUND\u00c1RIA\"],\"inLanguage\":\"pt-BR\",\"potentialAction\":[{\"@type\":\"CommentAction\",\"name\":\"Comment\",\"target\":[\"https:\/\/cleitonpinheiro.com.br\/site\/presidente-lula-chama-juro-do-emprestimo-consignado-de-roubo-e-diz-que-vai-rever-taxas\/#respond\"]}]},{\"@type\":\"WebPage\",\"@id\":\"https:\/\/cleitonpinheiro.com.br\/site\/presidente-lula-chama-juro-do-emprestimo-consignado-de-roubo-e-diz-que-vai-rever-taxas\/\",\"url\":\"https:\/\/cleitonpinheiro.com.br\/site\/presidente-lula-chama-juro-do-emprestimo-consignado-de-roubo-e-diz-que-vai-rever-taxas\/\",\"name\":\"Presidente Lula chama juro do empr\u00e9stimo consignado de \u201croubo\u201d e diz que vai rever taxas - PORTAL DE NOT\u00cdCIAS CLEITON PINHEIRO\",\"isPartOf\":{\"@id\":\"https:\/\/cleitonpinheiro.com.br\/site\/#website\"},\"primaryImageOfPage\":{\"@id\":\"https:\/\/cleitonpinheiro.com.br\/site\/presidente-lula-chama-juro-do-emprestimo-consignado-de-roubo-e-diz-que-vai-rever-taxas\/#primaryimage\"},\"image\":{\"@id\":\"https:\/\/cleitonpinheiro.com.br\/site\/presidente-lula-chama-juro-do-emprestimo-consignado-de-roubo-e-diz-que-vai-rever-taxas\/#primaryimage\"},\"thumbnailUrl\":\"https:\/\/cleitonpinheiro.com.br\/site\/wp-content\/uploads\/2023\/06\/Design-sem-nome-2023-06-27T142757-compressed.jpg\",\"datePublished\":\"2023-06-27T17:28:42+00:00\",\"dateModified\":\"2023-06-27T17:28:45+00:00\",\"breadcrumb\":{\"@id\":\"https:\/\/cleitonpinheiro.com.br\/site\/presidente-lula-chama-juro-do-emprestimo-consignado-de-roubo-e-diz-que-vai-rever-taxas\/#breadcrumb\"},\"inLanguage\":\"pt-BR\",\"potentialAction\":[{\"@type\":\"ReadAction\",\"target\":[\"https:\/\/cleitonpinheiro.com.br\/site\/presidente-lula-chama-juro-do-emprestimo-consignado-de-roubo-e-diz-que-vai-rever-taxas\/\"]}]},{\"@type\":\"ImageObject\",\"inLanguage\":\"pt-BR\",\"@id\":\"https:\/\/cleitonpinheiro.com.br\/site\/presidente-lula-chama-juro-do-emprestimo-consignado-de-roubo-e-diz-que-vai-rever-taxas\/#primaryimage\",\"url\":\"\",\"contentUrl\":\"\"},{\"@type\":\"BreadcrumbList\",\"@id\":\"https:\/\/cleitonpinheiro.com.br\/site\/presidente-lula-chama-juro-do-emprestimo-consignado-de-roubo-e-diz-que-vai-rever-taxas\/#breadcrumb\",\"itemListElement\":[{\"@type\":\"ListItem\",\"position\":1,\"name\":\"In\u00edcio\",\"item\":\"https:\/\/cleitonpinheiro.com.br\/site\/\"},{\"@type\":\"ListItem\",\"position\":2,\"name\":\"Presidente Lula chama juro do empr\u00e9stimo consignado de \u201croubo\u201d e diz que vai rever taxas\"}]},{\"@type\":\"WebSite\",\"@id\":\"https:\/\/cleitonpinheiro.com.br\/site\/#website\",\"url\":\"https:\/\/cleitonpinheiro.com.br\/site\/\",\"name\":\"PORTAL DE NOT\u00cdCIAS CLEITON PINHEIRO\",\"description\":\"FALANDO A VERDADE\",\"publisher\":{\"@id\":\"https:\/\/cleitonpinheiro.com.br\/site\/#organization\"},\"potentialAction\":[{\"@type\":\"SearchAction\",\"target\":{\"@type\":\"EntryPoint\",\"urlTemplate\":\"https:\/\/cleitonpinheiro.com.br\/site\/?s={search_term_string}\"},\"query-input\":{\"@type\":\"PropertyValueSpecification\",\"valueRequired\":true,\"valueName\":\"search_term_string\"}}],\"inLanguage\":\"pt-BR\"},{\"@type\":\"Organization\",\"@id\":\"https:\/\/cleitonpinheiro.com.br\/site\/#organization\",\"name\":\"CPNOT\u00cdCIAS\",\"url\":\"https:\/\/cleitonpinheiro.com.br\/site\/\",\"logo\":{\"@type\":\"ImageObject\",\"inLanguage\":\"pt-BR\",\"@id\":\"https:\/\/cleitonpinheiro.com.br\/site\/#\/schema\/logo\/image\/\",\"url\":\"https:\/\/cleitonpinheiro.com.br\/site\/wp-content\/uploads\/2022\/08\/Logo-pequena-2.png\",\"contentUrl\":\"https:\/\/cleitonpinheiro.com.br\/site\/wp-content\/uploads\/2022\/08\/Logo-pequena-2.png\",\"width\":500,\"height\":500,\"caption\":\"CPNOT\u00cdCIAS\"},\"image\":{\"@id\":\"https:\/\/cleitonpinheiro.com.br\/site\/#\/schema\/logo\/image\/\"},\"sameAs\":[\"https:\/\/www.facebook.com\/portalcpnoticias\/\"]},{\"@type\":\"Person\",\"@id\":\"https:\/\/cleitonpinheiro.com.br\/site\/#\/schema\/person\/aac6d7f311e80c43042e98a900b03cd8\",\"name\":\"Dermival Pereira\",\"image\":{\"@type\":\"ImageObject\",\"inLanguage\":\"pt-BR\",\"@id\":\"https:\/\/cleitonpinheiro.com.br\/site\/#\/schema\/person\/image\/\",\"url\":\"https:\/\/secure.gravatar.com\/avatar\/cfaebf3742d6bf8db728bcba3eed6bee37b02337a2e6c822994f20ca72a3784d?s=96&r=g\",\"contentUrl\":\"https:\/\/secure.gravatar.com\/avatar\/cfaebf3742d6bf8db728bcba3eed6bee37b02337a2e6c822994f20ca72a3784d?s=96&r=g\",\"caption\":\"Dermival Pereira\"},\"url\":\"https:\/\/cleitonpinheiro.com.br\/site\/author\/dermival\/\"}]}<\/script>\n<!-- \/ Yoast SEO plugin. -->","yoast_head_json":{"title":"Presidente Lula chama juro do empr\u00e9stimo consignado de \u201croubo\u201d e diz que vai rever taxas - PORTAL DE NOT\u00cdCIAS CLEITON PINHEIRO","robots":{"index":"index","follow":"follow","max-snippet":"max-snippet:-1","max-image-preview":"max-image-preview:large","max-video-preview":"max-video-preview:-1"},"canonical":"https:\/\/cleitonpinheiro.com.br\/site\/presidente-lula-chama-juro-do-emprestimo-consignado-de-roubo-e-diz-que-vai-rever-taxas\/","og_locale":"pt_BR","og_type":"article","og_title":"Presidente Lula chama juro do empr\u00e9stimo consignado de \u201croubo\u201d e diz que vai rever taxas - PORTAL DE NOT\u00cdCIAS CLEITON PINHEIRO","og_description":"O presidente\u00a0Luiz In\u00e1cio Lula da Silva\u00a0(PT) disse nesta 3\u00aa feira (27.jun.2023) estar \u201cindignado\u201d com as atuais taxas cobradas no cr\u00e9dito consignado. Tamb\u00e9m afirmou que conversar\u00e1 com o ministro da Fazenda,\u00a0Fernando Hadddad, e com presidentes de bancos para reduzir os juros cobrados na modalidade de empr\u00e9stimo. As informa\u00e7\u00f5es s\u00e3o site Poder 360. \u201cVou conversar com Haddad, [&hellip;]","og_url":"https:\/\/cleitonpinheiro.com.br\/site\/presidente-lula-chama-juro-do-emprestimo-consignado-de-roubo-e-diz-que-vai-rever-taxas\/","og_site_name":"PORTAL DE NOT\u00cdCIAS CLEITON PINHEIRO","article_publisher":"https:\/\/www.facebook.com\/portalcpnoticias\/","article_published_time":"2023-06-27T17:28:42+00:00","article_modified_time":"2023-06-27T17:28:45+00:00","og_image":[{"width":750,"height":450,"url":"https:\/\/cleitonpinheiro.com.br\/site\/wp-content\/uploads\/2023\/06\/Design-sem-nome-2023-06-27T142757-compressed.jpg","type":"image\/jpeg"}],"author":"Dermival Pereira","twitter_card":"summary_large_image","twitter_misc":{"Escrito por":"Dermival Pereira","Est. tempo de leitura":"3 minutos"},"schema":{"@context":"https:\/\/schema.org","@graph":[{"@type":"Article","@id":"https:\/\/cleitonpinheiro.com.br\/site\/presidente-lula-chama-juro-do-emprestimo-consignado-de-roubo-e-diz-que-vai-rever-taxas\/#article","isPartOf":{"@id":"https:\/\/cleitonpinheiro.com.br\/site\/presidente-lula-chama-juro-do-emprestimo-consignado-de-roubo-e-diz-que-vai-rever-taxas\/"},"author":{"name":"Dermival Pereira","@id":"https:\/\/cleitonpinheiro.com.br\/site\/#\/schema\/person\/aac6d7f311e80c43042e98a900b03cd8"},"headline":"Presidente Lula chama juro do empr\u00e9stimo consignado de \u201croubo\u201d e diz que vai rever taxas","datePublished":"2023-06-27T17:28:42+00:00","dateModified":"2023-06-27T17:28:45+00:00","mainEntityOfPage":{"@id":"https:\/\/cleitonpinheiro.com.br\/site\/presidente-lula-chama-juro-do-emprestimo-consignado-de-roubo-e-diz-que-vai-rever-taxas\/"},"wordCount":410,"commentCount":0,"publisher":{"@id":"https:\/\/cleitonpinheiro.com.br\/site\/#organization"},"image":{"@id":"https:\/\/cleitonpinheiro.com.br\/site\/presidente-lula-chama-juro-do-emprestimo-consignado-de-roubo-e-diz-que-vai-rever-taxas\/#primaryimage"},"thumbnailUrl":"https:\/\/cleitonpinheiro.com.br\/site\/wp-content\/uploads\/2023\/06\/Design-sem-nome-2023-06-27T142757-compressed.jpg","articleSection":["BRASIL \/ MUNDO","MANCHETE SEGUND\u00c1RIA"],"inLanguage":"pt-BR","potentialAction":[{"@type":"CommentAction","name":"Comment","target":["https:\/\/cleitonpinheiro.com.br\/site\/presidente-lula-chama-juro-do-emprestimo-consignado-de-roubo-e-diz-que-vai-rever-taxas\/#respond"]}]},{"@type":"WebPage","@id":"https:\/\/cleitonpinheiro.com.br\/site\/presidente-lula-chama-juro-do-emprestimo-consignado-de-roubo-e-diz-que-vai-rever-taxas\/","url":"https:\/\/cleitonpinheiro.com.br\/site\/presidente-lula-chama-juro-do-emprestimo-consignado-de-roubo-e-diz-que-vai-rever-taxas\/","name":"Presidente Lula chama juro do empr\u00e9stimo consignado de \u201croubo\u201d e diz que vai rever taxas - PORTAL DE NOT\u00cdCIAS CLEITON PINHEIRO","isPartOf":{"@id":"https:\/\/cleitonpinheiro.com.br\/site\/#website"},"primaryImageOfPage":{"@id":"https:\/\/cleitonpinheiro.com.br\/site\/presidente-lula-chama-juro-do-emprestimo-consignado-de-roubo-e-diz-que-vai-rever-taxas\/#primaryimage"},"image":{"@id":"https:\/\/cleitonpinheiro.com.br\/site\/presidente-lula-chama-juro-do-emprestimo-consignado-de-roubo-e-diz-que-vai-rever-taxas\/#primaryimage"},"thumbnailUrl":"https:\/\/cleitonpinheiro.com.br\/site\/wp-content\/uploads\/2023\/06\/Design-sem-nome-2023-06-27T142757-compressed.jpg","datePublished":"2023-06-27T17:28:42+00:00","dateModified":"2023-06-27T17:28:45+00:00","breadcrumb":{"@id":"https:\/\/cleitonpinheiro.com.br\/site\/presidente-lula-chama-juro-do-emprestimo-consignado-de-roubo-e-diz-que-vai-rever-taxas\/#breadcrumb"},"inLanguage":"pt-BR","potentialAction":[{"@type":"ReadAction","target":["https:\/\/cleitonpinheiro.com.br\/site\/presidente-lula-chama-juro-do-emprestimo-consignado-de-roubo-e-diz-que-vai-rever-taxas\/"]}]},{"@type":"ImageObject","inLanguage":"pt-BR","@id":"https:\/\/cleitonpinheiro.com.br\/site\/presidente-lula-chama-juro-do-emprestimo-consignado-de-roubo-e-diz-que-vai-rever-taxas\/#primaryimage","url":"","contentUrl":""},{"@type":"BreadcrumbList","@id":"https:\/\/cleitonpinheiro.com.br\/site\/presidente-lula-chama-juro-do-emprestimo-consignado-de-roubo-e-diz-que-vai-rever-taxas\/#breadcrumb","itemListElement":[{"@type":"ListItem","position":1,"name":"In\u00edcio","item":"https:\/\/cleitonpinheiro.com.br\/site\/"},{"@type":"ListItem","position":2,"name":"Presidente Lula chama juro do empr\u00e9stimo consignado de \u201croubo\u201d e diz que vai rever taxas"}]},{"@type":"WebSite","@id":"https:\/\/cleitonpinheiro.com.br\/site\/#website","url":"https:\/\/cleitonpinheiro.com.br\/site\/","name":"PORTAL DE NOT\u00cdCIAS CLEITON PINHEIRO","description":"FALANDO A VERDADE","publisher":{"@id":"https:\/\/cleitonpinheiro.com.br\/site\/#organization"},"potentialAction":[{"@type":"SearchAction","target":{"@type":"EntryPoint","urlTemplate":"https:\/\/cleitonpinheiro.com.br\/site\/?s={search_term_string}"},"query-input":{"@type":"PropertyValueSpecification","valueRequired":true,"valueName":"search_term_string"}}],"inLanguage":"pt-BR"},{"@type":"Organization","@id":"https:\/\/cleitonpinheiro.com.br\/site\/#organization","name":"CPNOT\u00cdCIAS","url":"https:\/\/cleitonpinheiro.com.br\/site\/","logo":{"@type":"ImageObject","inLanguage":"pt-BR","@id":"https:\/\/cleitonpinheiro.com.br\/site\/#\/schema\/logo\/image\/","url":"https:\/\/cleitonpinheiro.com.br\/site\/wp-content\/uploads\/2022\/08\/Logo-pequena-2.png","contentUrl":"https:\/\/cleitonpinheiro.com.br\/site\/wp-content\/uploads\/2022\/08\/Logo-pequena-2.png","width":500,"height":500,"caption":"CPNOT\u00cdCIAS"},"image":{"@id":"https:\/\/cleitonpinheiro.com.br\/site\/#\/schema\/logo\/image\/"},"sameAs":["https:\/\/www.facebook.com\/portalcpnoticias\/"]},{"@type":"Person","@id":"https:\/\/cleitonpinheiro.com.br\/site\/#\/schema\/person\/aac6d7f311e80c43042e98a900b03cd8","name":"Dermival Pereira","image":{"@type":"ImageObject","inLanguage":"pt-BR","@id":"https:\/\/cleitonpinheiro.com.br\/site\/#\/schema\/person\/image\/","url":"https:\/\/secure.gravatar.com\/avatar\/cfaebf3742d6bf8db728bcba3eed6bee37b02337a2e6c822994f20ca72a3784d?s=96&r=g","contentUrl":"https:\/\/secure.gravatar.com\/avatar\/cfaebf3742d6bf8db728bcba3eed6bee37b02337a2e6c822994f20ca72a3784d?s=96&r=g","caption":"Dermival Pereira"},"url":"https:\/\/cleitonpinheiro.com.br\/site\/author\/dermival\/"}]}},"views":270,"_links":{"self":[{"href":"https:\/\/cleitonpinheiro.com.br\/site\/wp-json\/wp\/v2\/posts\/72540","targetHints":{"allow":["GET"]}}],"collection":[{"href":"https:\/\/cleitonpinheiro.com.br\/site\/wp-json\/wp\/v2\/posts"}],"about":[{"href":"https:\/\/cleitonpinheiro.com.br\/site\/wp-json\/wp\/v2\/types\/post"}],"author":[{"embeddable":true,"href":"https:\/\/cleitonpinheiro.com.br\/site\/wp-json\/wp\/v2\/users\/4"}],"replies":[{"embeddable":true,"href":"https:\/\/cleitonpinheiro.com.br\/site\/wp-json\/wp\/v2\/comments?post=72540"}],"version-history":[{"count":1,"href":"https:\/\/cleitonpinheiro.com.br\/site\/wp-json\/wp\/v2\/posts\/72540\/revisions"}],"predecessor-version":[{"id":72542,"href":"https:\/\/cleitonpinheiro.com.br\/site\/wp-json\/wp\/v2\/posts\/72540\/revisions\/72542"}],"wp:attachment":[{"href":"https:\/\/cleitonpinheiro.com.br\/site\/wp-json\/wp\/v2\/media?parent=72540"}],"wp:term":[{"taxonomy":"category","embeddable":true,"href":"https:\/\/cleitonpinheiro.com.br\/site\/wp-json\/wp\/v2\/categories?post=72540"},{"taxonomy":"post_tag","embeddable":true,"href":"https:\/\/cleitonpinheiro.com.br\/site\/wp-json\/wp\/v2\/tags?post=72540"}],"curies":[{"name":"wp","href":"https:\/\/api.w.org\/{rel}","templated":true}]}}