{"id":72560,"date":"2023-06-27T17:30:11","date_gmt":"2023-06-27T20:30:11","guid":{"rendered":"https:\/\/cleitonpinheiro.com.br\/site\/?p=72560"},"modified":"2023-06-27T17:30:49","modified_gmt":"2023-06-27T20:30:49","slug":"pm-prende-homem-que-gravou-videos-ameacando-matar-autoridades-e-atacar-escolas-e-igrejas","status":"publish","type":"post","link":"https:\/\/cleitonpinheiro.com.br\/site\/pm-prende-homem-que-gravou-videos-ameacando-matar-autoridades-e-atacar-escolas-e-igrejas\/","title":{"rendered":"Homem que gravou v\u00eddeos amea\u00e7ando matar autoridades e atacar escolas e igrejas \u00e9 preso"},"content":{"rendered":"\n<figure class=\"wp-block-image size-full is-resized\"><img fetchpriority=\"high\" decoding=\"async\" src=\"https:\/\/cleitonpinheiro.com.br\/site\/wp-content\/uploads\/2023\/06\/Design-sem-nome-2023-06-27T172726-compressed.jpg\" alt=\"\" class=\"wp-image-72561\" width=\"1018\" height=\"611\"\/><figcaption class=\"wp-element-caption\">Preso home identificado como Lazaro que fez amea\u00e7as na internet &#8211; Foto: Divulga\u00e7\u00e3o<\/figcaption><\/figure>\n\n\n\n<p>A Pol\u00edcia militar do Tocantins prendeu na tarde desta ter\u00e7a-feira (27), um homem identificado como Lazaro que gravou v\u00eddeos amea\u00e7ando invadir escolas, igrejas e \u00f3rg\u00e3os p\u00fablicos em Colinas do Tocantins. A pris\u00e3o ocorreu a pedido do Minist\u00e9rio P\u00fablico Estadual, segundo nota divulgada pela Corpora\u00e7\u00e3o. O homem apresenta sinais de  desequil\u00edbrio e demonstra n\u00e3o dispor de suas faculdades mentais. <br>Em uma das grava\u00e7\u00f5es ele faz graves amea\u00e7as e diz:  \u201cA qualquer instante, eu vou entrar dentro de uma escola, de uma delegacia, de uma igreja lotada, e com umas tr\u00eas facas eu vou matar todos voc\u00eas. Quero subir em cima do p\u00falpito e cortar a cabe\u00e7a de um padre, de um pastor, de um delegado, de um juiz. Eu vou ficar esperando a hora certinha. Entrar de surpresa\u201d, diz o homem em um dos v\u00eddeos.<br><br><strong>O que diz a PM<\/strong><\/p>\n\n\n\n<p><em>Referente ao v\u00eddeo divulgado nas redes sociais, em que um indiv\u00edduo profere amea\u00e7as de morte e ataques a autoridades do munic\u00edpio de Colinas do Tocantins, esclaremos que a Pol\u00edcia Militar fez contato com as autoridades judici\u00e1rias locais, noticiando o caso e solicitando medidas cab\u00edveis, por obviamente tratar-se de um indiv\u00edduo que n\u00e3o demonstra dispor de suas faculdades mentais, por motivos a serem avaliados pelos \u00f3rg\u00e3os competentes.<\/em><\/p>\n\n\n\n<p><em>De pronto o Minist\u00e9rio P\u00fablico representou formalmente o caso ao judici\u00e1rio e na tarde desta ter\u00e7a-feira, a justi\u00e7a expediu a ordem de pris\u00e3o preventiva em desfavor do indiv\u00edduo por se tratar de medida necess\u00e1ria \u00e0 garantia da ordem p\u00fablica. A Pol\u00edcia Militar j\u00e1 executou a pris\u00e3o do indiv\u00edduo.<\/em><\/p>\n\n\n\n<p><em>POL\u00cdCIA MILITAR DO TOCANTINS<\/em><\/p>\n","protected":false},"excerpt":{"rendered":"<p>A Pol\u00edcia militar do Tocantins prendeu na tarde desta ter\u00e7a-feira (27), um homem identificado como Lazaro que gravou v\u00eddeos amea\u00e7ando invadir escolas, igrejas e \u00f3rg\u00e3os p\u00fablicos em Colinas do Tocantins. A pris\u00e3o ocorreu a pedido do Minist\u00e9rio P\u00fablico Estadual, segundo nota divulgada pela Corpora\u00e7\u00e3o. O homem apresenta sinais de desequil\u00edbrio e demonstra n\u00e3o dispor de [&hellip;]<\/p>\n","protected":false},"author":4,"featured_media":0,"comment_status":"open","ping_status":"open","sticky":false,"template":"","format":"standard","meta":{"_acf_changed":false,"footnotes":""},"categories":[898,21],"tags":[],"class_list":["post-72560","post","type-post","status-publish","format-standard","hentry","category-manchete-segundaria","category-todas-noticias"],"acf":[],"yoast_head":"<!-- This site is optimized with the Yoast SEO plugin v24.4 - https:\/\/yoast.com\/wordpress\/plugins\/seo\/ -->\n<title>Homem que gravou v\u00eddeos amea\u00e7ando matar autoridades e atacar escolas e igrejas \u00e9 preso - PORTAL DE NOT\u00cdCIAS CLEITON PINHEIRO<\/title>\n<meta name=\"robots\" content=\"index, follow, max-snippet:-1, max-image-preview:large, max-video-preview:-1\" \/>\n<link rel=\"canonical\" href=\"https:\/\/cleitonpinheiro.com.br\/site\/pm-prende-homem-que-gravou-videos-ameacando-matar-autoridades-e-atacar-escolas-e-igrejas\/\" \/>\n<meta property=\"og:locale\" content=\"pt_BR\" \/>\n<meta property=\"og:type\" content=\"article\" \/>\n<meta property=\"og:title\" content=\"Homem que gravou v\u00eddeos amea\u00e7ando matar autoridades e atacar escolas e igrejas \u00e9 preso - PORTAL DE NOT\u00cdCIAS CLEITON PINHEIRO\" \/>\n<meta property=\"og:description\" content=\"A Pol\u00edcia militar do Tocantins prendeu na tarde desta ter\u00e7a-feira (27), um homem identificado como Lazaro que gravou v\u00eddeos amea\u00e7ando invadir escolas, igrejas e \u00f3rg\u00e3os p\u00fablicos em Colinas do Tocantins. A pris\u00e3o ocorreu a pedido do Minist\u00e9rio P\u00fablico Estadual, segundo nota divulgada pela Corpora\u00e7\u00e3o. O homem apresenta sinais de desequil\u00edbrio e demonstra n\u00e3o dispor de [&hellip;]\" \/>\n<meta property=\"og:url\" content=\"https:\/\/cleitonpinheiro.com.br\/site\/pm-prende-homem-que-gravou-videos-ameacando-matar-autoridades-e-atacar-escolas-e-igrejas\/\" \/>\n<meta property=\"og:site_name\" content=\"PORTAL DE NOT\u00cdCIAS CLEITON PINHEIRO\" \/>\n<meta property=\"article:publisher\" content=\"https:\/\/www.facebook.com\/portalcpnoticias\/\" \/>\n<meta property=\"article:published_time\" content=\"2023-06-27T20:30:11+00:00\" \/>\n<meta property=\"article:modified_time\" content=\"2023-06-27T20:30:49+00:00\" \/>\n<meta property=\"og:image\" content=\"https:\/\/cleitonpinheiro.com.br\/site\/wp-content\/uploads\/2023\/06\/Design-sem-nome-2023-06-27T172726-compressed.jpg\" \/>\n\t<meta property=\"og:image:width\" content=\"750\" \/>\n\t<meta property=\"og:image:height\" content=\"450\" \/>\n\t<meta property=\"og:image:type\" content=\"image\/jpeg\" \/>\n<meta name=\"author\" content=\"Dermival Pereira\" \/>\n<meta name=\"twitter:card\" content=\"summary_large_image\" \/>\n<meta name=\"twitter:label1\" content=\"Escrito por\" \/>\n\t<meta name=\"twitter:data1\" content=\"Dermival Pereira\" \/>\n\t<meta name=\"twitter:label2\" content=\"Est. tempo de leitura\" \/>\n\t<meta name=\"twitter:data2\" content=\"2 minutos\" \/>\n<script type=\"application\/ld+json\" class=\"yoast-schema-graph\">{\"@context\":\"https:\/\/schema.org\",\"@graph\":[{\"@type\":\"Article\",\"@id\":\"https:\/\/cleitonpinheiro.com.br\/site\/pm-prende-homem-que-gravou-videos-ameacando-matar-autoridades-e-atacar-escolas-e-igrejas\/#article\",\"isPartOf\":{\"@id\":\"https:\/\/cleitonpinheiro.com.br\/site\/pm-prende-homem-que-gravou-videos-ameacando-matar-autoridades-e-atacar-escolas-e-igrejas\/\"},\"author\":{\"name\":\"Dermival Pereira\",\"@id\":\"https:\/\/cleitonpinheiro.com.br\/site\/#\/schema\/person\/aac6d7f311e80c43042e98a900b03cd8\"},\"headline\":\"Homem que gravou v\u00eddeos amea\u00e7ando matar autoridades e atacar escolas e igrejas \u00e9 preso\",\"datePublished\":\"2023-06-27T20:30:11+00:00\",\"dateModified\":\"2023-06-27T20:30:49+00:00\",\"mainEntityOfPage\":{\"@id\":\"https:\/\/cleitonpinheiro.com.br\/site\/pm-prende-homem-que-gravou-videos-ameacando-matar-autoridades-e-atacar-escolas-e-igrejas\/\"},\"wordCount\":327,\"commentCount\":0,\"publisher\":{\"@id\":\"https:\/\/cleitonpinheiro.com.br\/site\/#organization\"},\"image\":{\"@id\":\"https:\/\/cleitonpinheiro.com.br\/site\/pm-prende-homem-que-gravou-videos-ameacando-matar-autoridades-e-atacar-escolas-e-igrejas\/#primaryimage\"},\"thumbnailUrl\":\"https:\/\/cleitonpinheiro.com.br\/site\/wp-content\/uploads\/2023\/06\/Design-sem-nome-2023-06-27T172726-compressed.jpg\",\"articleSection\":[\"MANCHETE SEGUND\u00c1RIA\",\"TODAS NOTICIAS\"],\"inLanguage\":\"pt-BR\",\"potentialAction\":[{\"@type\":\"CommentAction\",\"name\":\"Comment\",\"target\":[\"https:\/\/cleitonpinheiro.com.br\/site\/pm-prende-homem-que-gravou-videos-ameacando-matar-autoridades-e-atacar-escolas-e-igrejas\/#respond\"]}]},{\"@type\":\"WebPage\",\"@id\":\"https:\/\/cleitonpinheiro.com.br\/site\/pm-prende-homem-que-gravou-videos-ameacando-matar-autoridades-e-atacar-escolas-e-igrejas\/\",\"url\":\"https:\/\/cleitonpinheiro.com.br\/site\/pm-prende-homem-que-gravou-videos-ameacando-matar-autoridades-e-atacar-escolas-e-igrejas\/\",\"name\":\"Homem que gravou v\u00eddeos amea\u00e7ando matar autoridades e atacar escolas e igrejas \u00e9 preso - PORTAL DE NOT\u00cdCIAS CLEITON PINHEIRO\",\"isPartOf\":{\"@id\":\"https:\/\/cleitonpinheiro.com.br\/site\/#website\"},\"primaryImageOfPage\":{\"@id\":\"https:\/\/cleitonpinheiro.com.br\/site\/pm-prende-homem-que-gravou-videos-ameacando-matar-autoridades-e-atacar-escolas-e-igrejas\/#primaryimage\"},\"image\":{\"@id\":\"https:\/\/cleitonpinheiro.com.br\/site\/pm-prende-homem-que-gravou-videos-ameacando-matar-autoridades-e-atacar-escolas-e-igrejas\/#primaryimage\"},\"thumbnailUrl\":\"https:\/\/cleitonpinheiro.com.br\/site\/wp-content\/uploads\/2023\/06\/Design-sem-nome-2023-06-27T172726-compressed.jpg\",\"datePublished\":\"2023-06-27T20:30:11+00:00\",\"dateModified\":\"2023-06-27T20:30:49+00:00\",\"breadcrumb\":{\"@id\":\"https:\/\/cleitonpinheiro.com.br\/site\/pm-prende-homem-que-gravou-videos-ameacando-matar-autoridades-e-atacar-escolas-e-igrejas\/#breadcrumb\"},\"inLanguage\":\"pt-BR\",\"potentialAction\":[{\"@type\":\"ReadAction\",\"target\":[\"https:\/\/cleitonpinheiro.com.br\/site\/pm-prende-homem-que-gravou-videos-ameacando-matar-autoridades-e-atacar-escolas-e-igrejas\/\"]}]},{\"@type\":\"ImageObject\",\"inLanguage\":\"pt-BR\",\"@id\":\"https:\/\/cleitonpinheiro.com.br\/site\/pm-prende-homem-que-gravou-videos-ameacando-matar-autoridades-e-atacar-escolas-e-igrejas\/#primaryimage\",\"url\":\"\",\"contentUrl\":\"\"},{\"@type\":\"BreadcrumbList\",\"@id\":\"https:\/\/cleitonpinheiro.com.br\/site\/pm-prende-homem-que-gravou-videos-ameacando-matar-autoridades-e-atacar-escolas-e-igrejas\/#breadcrumb\",\"itemListElement\":[{\"@type\":\"ListItem\",\"position\":1,\"name\":\"In\u00edcio\",\"item\":\"https:\/\/cleitonpinheiro.com.br\/site\/\"},{\"@type\":\"ListItem\",\"position\":2,\"name\":\"Homem que gravou v\u00eddeos amea\u00e7ando matar autoridades e atacar escolas e igrejas \u00e9 preso\"}]},{\"@type\":\"WebSite\",\"@id\":\"https:\/\/cleitonpinheiro.com.br\/site\/#website\",\"url\":\"https:\/\/cleitonpinheiro.com.br\/site\/\",\"name\":\"PORTAL DE NOT\u00cdCIAS CLEITON PINHEIRO\",\"description\":\"FALANDO A VERDADE\",\"publisher\":{\"@id\":\"https:\/\/cleitonpinheiro.com.br\/site\/#organization\"},\"potentialAction\":[{\"@type\":\"SearchAction\",\"target\":{\"@type\":\"EntryPoint\",\"urlTemplate\":\"https:\/\/cleitonpinheiro.com.br\/site\/?s={search_term_string}\"},\"query-input\":{\"@type\":\"PropertyValueSpecification\",\"valueRequired\":true,\"valueName\":\"search_term_string\"}}],\"inLanguage\":\"pt-BR\"},{\"@type\":\"Organization\",\"@id\":\"https:\/\/cleitonpinheiro.com.br\/site\/#organization\",\"name\":\"CPNOT\u00cdCIAS\",\"url\":\"https:\/\/cleitonpinheiro.com.br\/site\/\",\"logo\":{\"@type\":\"ImageObject\",\"inLanguage\":\"pt-BR\",\"@id\":\"https:\/\/cleitonpinheiro.com.br\/site\/#\/schema\/logo\/image\/\",\"url\":\"https:\/\/cleitonpinheiro.com.br\/site\/wp-content\/uploads\/2022\/08\/Logo-pequena-2.png\",\"contentUrl\":\"https:\/\/cleitonpinheiro.com.br\/site\/wp-content\/uploads\/2022\/08\/Logo-pequena-2.png\",\"width\":500,\"height\":500,\"caption\":\"CPNOT\u00cdCIAS\"},\"image\":{\"@id\":\"https:\/\/cleitonpinheiro.com.br\/site\/#\/schema\/logo\/image\/\"},\"sameAs\":[\"https:\/\/www.facebook.com\/portalcpnoticias\/\"]},{\"@type\":\"Person\",\"@id\":\"https:\/\/cleitonpinheiro.com.br\/site\/#\/schema\/person\/aac6d7f311e80c43042e98a900b03cd8\",\"name\":\"Dermival Pereira\",\"image\":{\"@type\":\"ImageObject\",\"inLanguage\":\"pt-BR\",\"@id\":\"https:\/\/cleitonpinheiro.com.br\/site\/#\/schema\/person\/image\/\",\"url\":\"https:\/\/secure.gravatar.com\/avatar\/cfaebf3742d6bf8db728bcba3eed6bee37b02337a2e6c822994f20ca72a3784d?s=96&r=g\",\"contentUrl\":\"https:\/\/secure.gravatar.com\/avatar\/cfaebf3742d6bf8db728bcba3eed6bee37b02337a2e6c822994f20ca72a3784d?s=96&r=g\",\"caption\":\"Dermival Pereira\"},\"url\":\"https:\/\/cleitonpinheiro.com.br\/site\/author\/dermival\/\"}]}<\/script>\n<!-- \/ Yoast SEO plugin. -->","yoast_head_json":{"title":"Homem que gravou v\u00eddeos amea\u00e7ando matar autoridades e atacar escolas e igrejas \u00e9 preso - PORTAL DE NOT\u00cdCIAS CLEITON PINHEIRO","robots":{"index":"index","follow":"follow","max-snippet":"max-snippet:-1","max-image-preview":"max-image-preview:large","max-video-preview":"max-video-preview:-1"},"canonical":"https:\/\/cleitonpinheiro.com.br\/site\/pm-prende-homem-que-gravou-videos-ameacando-matar-autoridades-e-atacar-escolas-e-igrejas\/","og_locale":"pt_BR","og_type":"article","og_title":"Homem que gravou v\u00eddeos amea\u00e7ando matar autoridades e atacar escolas e igrejas \u00e9 preso - PORTAL DE NOT\u00cdCIAS CLEITON PINHEIRO","og_description":"A Pol\u00edcia militar do Tocantins prendeu na tarde desta ter\u00e7a-feira (27), um homem identificado como Lazaro que gravou v\u00eddeos amea\u00e7ando invadir escolas, igrejas e \u00f3rg\u00e3os p\u00fablicos em Colinas do Tocantins. A pris\u00e3o ocorreu a pedido do Minist\u00e9rio P\u00fablico Estadual, segundo nota divulgada pela Corpora\u00e7\u00e3o. O homem apresenta sinais de desequil\u00edbrio e demonstra n\u00e3o dispor de [&hellip;]","og_url":"https:\/\/cleitonpinheiro.com.br\/site\/pm-prende-homem-que-gravou-videos-ameacando-matar-autoridades-e-atacar-escolas-e-igrejas\/","og_site_name":"PORTAL DE NOT\u00cdCIAS CLEITON PINHEIRO","article_publisher":"https:\/\/www.facebook.com\/portalcpnoticias\/","article_published_time":"2023-06-27T20:30:11+00:00","article_modified_time":"2023-06-27T20:30:49+00:00","og_image":[{"width":750,"height":450,"url":"https:\/\/cleitonpinheiro.com.br\/site\/wp-content\/uploads\/2023\/06\/Design-sem-nome-2023-06-27T172726-compressed.jpg","type":"image\/jpeg"}],"author":"Dermival Pereira","twitter_card":"summary_large_image","twitter_misc":{"Escrito por":"Dermival Pereira","Est. tempo de leitura":"2 minutos"},"schema":{"@context":"https:\/\/schema.org","@graph":[{"@type":"Article","@id":"https:\/\/cleitonpinheiro.com.br\/site\/pm-prende-homem-que-gravou-videos-ameacando-matar-autoridades-e-atacar-escolas-e-igrejas\/#article","isPartOf":{"@id":"https:\/\/cleitonpinheiro.com.br\/site\/pm-prende-homem-que-gravou-videos-ameacando-matar-autoridades-e-atacar-escolas-e-igrejas\/"},"author":{"name":"Dermival Pereira","@id":"https:\/\/cleitonpinheiro.com.br\/site\/#\/schema\/person\/aac6d7f311e80c43042e98a900b03cd8"},"headline":"Homem que gravou v\u00eddeos amea\u00e7ando matar autoridades e atacar escolas e igrejas \u00e9 preso","datePublished":"2023-06-27T20:30:11+00:00","dateModified":"2023-06-27T20:30:49+00:00","mainEntityOfPage":{"@id":"https:\/\/cleitonpinheiro.com.br\/site\/pm-prende-homem-que-gravou-videos-ameacando-matar-autoridades-e-atacar-escolas-e-igrejas\/"},"wordCount":327,"commentCount":0,"publisher":{"@id":"https:\/\/cleitonpinheiro.com.br\/site\/#organization"},"image":{"@id":"https:\/\/cleitonpinheiro.com.br\/site\/pm-prende-homem-que-gravou-videos-ameacando-matar-autoridades-e-atacar-escolas-e-igrejas\/#primaryimage"},"thumbnailUrl":"https:\/\/cleitonpinheiro.com.br\/site\/wp-content\/uploads\/2023\/06\/Design-sem-nome-2023-06-27T172726-compressed.jpg","articleSection":["MANCHETE SEGUND\u00c1RIA","TODAS NOTICIAS"],"inLanguage":"pt-BR","potentialAction":[{"@type":"CommentAction","name":"Comment","target":["https:\/\/cleitonpinheiro.com.br\/site\/pm-prende-homem-que-gravou-videos-ameacando-matar-autoridades-e-atacar-escolas-e-igrejas\/#respond"]}]},{"@type":"WebPage","@id":"https:\/\/cleitonpinheiro.com.br\/site\/pm-prende-homem-que-gravou-videos-ameacando-matar-autoridades-e-atacar-escolas-e-igrejas\/","url":"https:\/\/cleitonpinheiro.com.br\/site\/pm-prende-homem-que-gravou-videos-ameacando-matar-autoridades-e-atacar-escolas-e-igrejas\/","name":"Homem que gravou v\u00eddeos amea\u00e7ando matar autoridades e atacar escolas e igrejas \u00e9 preso - PORTAL DE NOT\u00cdCIAS CLEITON PINHEIRO","isPartOf":{"@id":"https:\/\/cleitonpinheiro.com.br\/site\/#website"},"primaryImageOfPage":{"@id":"https:\/\/cleitonpinheiro.com.br\/site\/pm-prende-homem-que-gravou-videos-ameacando-matar-autoridades-e-atacar-escolas-e-igrejas\/#primaryimage"},"image":{"@id":"https:\/\/cleitonpinheiro.com.br\/site\/pm-prende-homem-que-gravou-videos-ameacando-matar-autoridades-e-atacar-escolas-e-igrejas\/#primaryimage"},"thumbnailUrl":"https:\/\/cleitonpinheiro.com.br\/site\/wp-content\/uploads\/2023\/06\/Design-sem-nome-2023-06-27T172726-compressed.jpg","datePublished":"2023-06-27T20:30:11+00:00","dateModified":"2023-06-27T20:30:49+00:00","breadcrumb":{"@id":"https:\/\/cleitonpinheiro.com.br\/site\/pm-prende-homem-que-gravou-videos-ameacando-matar-autoridades-e-atacar-escolas-e-igrejas\/#breadcrumb"},"inLanguage":"pt-BR","potentialAction":[{"@type":"ReadAction","target":["https:\/\/cleitonpinheiro.com.br\/site\/pm-prende-homem-que-gravou-videos-ameacando-matar-autoridades-e-atacar-escolas-e-igrejas\/"]}]},{"@type":"ImageObject","inLanguage":"pt-BR","@id":"https:\/\/cleitonpinheiro.com.br\/site\/pm-prende-homem-que-gravou-videos-ameacando-matar-autoridades-e-atacar-escolas-e-igrejas\/#primaryimage","url":"","contentUrl":""},{"@type":"BreadcrumbList","@id":"https:\/\/cleitonpinheiro.com.br\/site\/pm-prende-homem-que-gravou-videos-ameacando-matar-autoridades-e-atacar-escolas-e-igrejas\/#breadcrumb","itemListElement":[{"@type":"ListItem","position":1,"name":"In\u00edcio","item":"https:\/\/cleitonpinheiro.com.br\/site\/"},{"@type":"ListItem","position":2,"name":"Homem que gravou v\u00eddeos amea\u00e7ando matar autoridades e atacar escolas e igrejas \u00e9 preso"}]},{"@type":"WebSite","@id":"https:\/\/cleitonpinheiro.com.br\/site\/#website","url":"https:\/\/cleitonpinheiro.com.br\/site\/","name":"PORTAL DE NOT\u00cdCIAS CLEITON PINHEIRO","description":"FALANDO A VERDADE","publisher":{"@id":"https:\/\/cleitonpinheiro.com.br\/site\/#organization"},"potentialAction":[{"@type":"SearchAction","target":{"@type":"EntryPoint","urlTemplate":"https:\/\/cleitonpinheiro.com.br\/site\/?s={search_term_string}"},"query-input":{"@type":"PropertyValueSpecification","valueRequired":true,"valueName":"search_term_string"}}],"inLanguage":"pt-BR"},{"@type":"Organization","@id":"https:\/\/cleitonpinheiro.com.br\/site\/#organization","name":"CPNOT\u00cdCIAS","url":"https:\/\/cleitonpinheiro.com.br\/site\/","logo":{"@type":"ImageObject","inLanguage":"pt-BR","@id":"https:\/\/cleitonpinheiro.com.br\/site\/#\/schema\/logo\/image\/","url":"https:\/\/cleitonpinheiro.com.br\/site\/wp-content\/uploads\/2022\/08\/Logo-pequena-2.png","contentUrl":"https:\/\/cleitonpinheiro.com.br\/site\/wp-content\/uploads\/2022\/08\/Logo-pequena-2.png","width":500,"height":500,"caption":"CPNOT\u00cdCIAS"},"image":{"@id":"https:\/\/cleitonpinheiro.com.br\/site\/#\/schema\/logo\/image\/"},"sameAs":["https:\/\/www.facebook.com\/portalcpnoticias\/"]},{"@type":"Person","@id":"https:\/\/cleitonpinheiro.com.br\/site\/#\/schema\/person\/aac6d7f311e80c43042e98a900b03cd8","name":"Dermival Pereira","image":{"@type":"ImageObject","inLanguage":"pt-BR","@id":"https:\/\/cleitonpinheiro.com.br\/site\/#\/schema\/person\/image\/","url":"https:\/\/secure.gravatar.com\/avatar\/cfaebf3742d6bf8db728bcba3eed6bee37b02337a2e6c822994f20ca72a3784d?s=96&r=g","contentUrl":"https:\/\/secure.gravatar.com\/avatar\/cfaebf3742d6bf8db728bcba3eed6bee37b02337a2e6c822994f20ca72a3784d?s=96&r=g","caption":"Dermival Pereira"},"url":"https:\/\/cleitonpinheiro.com.br\/site\/author\/dermival\/"}]}},"views":387,"_links":{"self":[{"href":"https:\/\/cleitonpinheiro.com.br\/site\/wp-json\/wp\/v2\/posts\/72560","targetHints":{"allow":["GET"]}}],"collection":[{"href":"https:\/\/cleitonpinheiro.com.br\/site\/wp-json\/wp\/v2\/posts"}],"about":[{"href":"https:\/\/cleitonpinheiro.com.br\/site\/wp-json\/wp\/v2\/types\/post"}],"author":[{"embeddable":true,"href":"https:\/\/cleitonpinheiro.com.br\/site\/wp-json\/wp\/v2\/users\/4"}],"replies":[{"embeddable":true,"href":"https:\/\/cleitonpinheiro.com.br\/site\/wp-json\/wp\/v2\/comments?post=72560"}],"version-history":[{"count":2,"href":"https:\/\/cleitonpinheiro.com.br\/site\/wp-json\/wp\/v2\/posts\/72560\/revisions"}],"predecessor-version":[{"id":72563,"href":"https:\/\/cleitonpinheiro.com.br\/site\/wp-json\/wp\/v2\/posts\/72560\/revisions\/72563"}],"wp:attachment":[{"href":"https:\/\/cleitonpinheiro.com.br\/site\/wp-json\/wp\/v2\/media?parent=72560"}],"wp:term":[{"taxonomy":"category","embeddable":true,"href":"https:\/\/cleitonpinheiro.com.br\/site\/wp-json\/wp\/v2\/categories?post=72560"},{"taxonomy":"post_tag","embeddable":true,"href":"https:\/\/cleitonpinheiro.com.br\/site\/wp-json\/wp\/v2\/tags?post=72560"}],"curies":[{"name":"wp","href":"https:\/\/api.w.org\/{rel}","templated":true}]}}