{"id":72818,"date":"2023-07-10T10:33:11","date_gmt":"2023-07-10T13:33:11","guid":{"rendered":"https:\/\/cleitonpinheiro.com.br\/site\/?p=72818"},"modified":"2023-12-27T12:04:19","modified_gmt":"2023-12-27T15:04:19","slug":"ferias-escolares-saiba-como-planejar-atividades-de-lazer-em-familia","status":"publish","type":"post","link":"https:\/\/cleitonpinheiro.com.br\/site\/ferias-escolares-saiba-como-planejar-atividades-de-lazer-em-familia\/","title":{"rendered":"F\u00e9rias escolares: saiba como planejar atividades de lazer em fam\u00edlia"},"content":{"rendered":"\n<figure class=\"wp-block-image size-full\"><img decoding=\"async\" src=\"https:\/\/cleitonpinheiro.com.br\/site\/wp-content\/uploads\/2023\/07\/17e08754943f48a7baec9fb580384f4b.jpg\" alt=\"\" class=\"wp-image-72819\"\/><figcaption class=\"wp-element-caption\"><em>Um bom planejamento \u00e9 essencial para as crian\u00e7as poderem desfrutar das f\u00e9rias com seguran\u00e7a, sem comprometer a agenda de trabalho dos pais ou respons\u00e1veis &#8211; Foto Lia Mara\/Prefeitura de Palmas<\/em><\/figcaption><\/figure>\n\n\n\n<p class=\"wp-block-paragraph\"><strong>Da Prefeitura de Palmas<\/strong><\/p>\n\n\n\n<p class=\"wp-block-paragraph\">Um dos per\u00edodos mais aguardados pelas crian\u00e7as e adolescentes s\u00e3o as f\u00e9rias escolares, especialmente as de julho devido \u00e0 temporada de praias na Capital. No entanto, o recesso escolar costuma trazer preocupa\u00e7\u00e3o para os pais que precisam manter os compromissos profissionais neste per\u00edodo, mas sabem que filhos em casa demandam uma aten\u00e7\u00e3o redobrada. Por isso um bom planejamento \u00e9 essencial para as crian\u00e7as poderem desfrutar das f\u00e9rias com seguran\u00e7a, sem comprometer a agenda de trabalho dos pais ou respons\u00e1veis.<\/p>\n\n\n\n<p class=\"wp-block-paragraph\">A diretora de Educa\u00e7\u00e3o Infantil da Secretaria Municipal da Educa\u00e7\u00e3o (Semed), Priscila Machado, fala da import\u00e2ncia de envolver os pais nas brincadeiras com os filhos. Essas brincadeiras podem ser feitas aproveitando os pr\u00f3prios espa\u00e7os brincantes que a cidade oferece, como parques, praias e jardins. \u201cOs pais ou respons\u00e1veis podem, por exemplo, aproveitar o fim de tarde para levar \u00e0s crian\u00e7as ao Parque Cesamar ou \u00e0 Pra\u00e7as dos Povos Ind\u00edgenas, lugares que contam com excelentes estruturas com ambientes para toda fam\u00edlia\u201d, destaca.<\/p>\n\n\n\n<p class=\"wp-block-paragraph\">Al\u00e9m disso, segundo a diretora, as fam\u00edlias podem planejar tamb\u00e9m as programa\u00e7\u00f5es dos fins de semanas e incluir no roteiro as belezas naturais da Capital, como as praias e as cachoeiras e trilhas de Taquaru\u00e7u. \u201cTemos \u00f3timas e acess\u00edveis praias dentro da pr\u00f3pria cidade, al\u00e9m de lind\u00edssimas cachoeiras no distrito de Taquaru\u00e7u. S\u00e3o lugares prop\u00edcios a passeios e piqueniques em fam\u00edlia. Essas programa\u00e7\u00f5es ajudam a construir a mem\u00f3ria afetiva das crian\u00e7as e auxiliam no desenvolvimento socioemocional delas\u201d, avalia.<\/p>\n\n\n\n<p class=\"wp-block-paragraph\">J\u00e1 em casa \u00e9 preciso planejar o tempo em que os pequenos ficam em frente \u00e0 televis\u00e3o ou envolvidos com jogos eletr\u00f4nicos, alerta a diretora. \u201cMuitas brincadeiras saud\u00e1veis podem ser inclu\u00eddas e inclusive apresentamos v\u00e1rias propostas no Palmas para o Brincar, que realizamos em maio com a participa\u00e7\u00e3o de todos os Centros Municipais de Educa\u00e7\u00e3o Infantil. Na ocasi\u00e3o, exploramos os principais espa\u00e7os brincantes da cidade com atividades para as crian\u00e7as e seus familiares\u201d, lembra Priscila Machado.&nbsp;<\/p>\n","protected":false},"excerpt":{"rendered":"<p>Da Prefeitura de Palmas Um dos per\u00edodos mais aguardados pelas crian\u00e7as e adolescentes s\u00e3o as f\u00e9rias escolares, especialmente as de julho devido \u00e0 temporada de praias na Capital. No entanto, o recesso escolar costuma trazer preocupa\u00e7\u00e3o para os pais que precisam manter os compromissos profissionais neste per\u00edodo, mas sabem que filhos em casa demandam uma [&hellip;]<\/p>\n","protected":false},"author":13,"featured_media":0,"comment_status":"open","ping_status":"open","sticky":false,"template":"","format":"standard","meta":{"_acf_changed":false,"footnotes":""},"categories":[22,21],"tags":[937,720],"class_list":["post-72818","post","type-post","status-publish","format-standard","hentry","category-cidades","category-todas-noticias","tag-ferias-escolares","tag-prefeitura-de-palmas"],"acf":[],"yoast_head":"<!-- This site is optimized with the Yoast SEO plugin v24.4 - https:\/\/yoast.com\/wordpress\/plugins\/seo\/ -->\n<title>F\u00e9rias escolares: saiba como planejar atividades de lazer em fam\u00edlia - PORTAL DE NOT\u00cdCIAS CLEITON PINHEIRO<\/title>\n<meta name=\"robots\" content=\"index, follow, max-snippet:-1, max-image-preview:large, max-video-preview:-1\" \/>\n<link rel=\"canonical\" href=\"https:\/\/cleitonpinheiro.com.br\/site\/ferias-escolares-saiba-como-planejar-atividades-de-lazer-em-familia\/\" \/>\n<meta property=\"og:locale\" content=\"pt_BR\" \/>\n<meta property=\"og:type\" content=\"article\" \/>\n<meta property=\"og:title\" content=\"F\u00e9rias escolares: saiba como planejar atividades de lazer em fam\u00edlia - PORTAL DE NOT\u00cdCIAS CLEITON PINHEIRO\" \/>\n<meta property=\"og:description\" content=\"Da Prefeitura de Palmas Um dos per\u00edodos mais aguardados pelas crian\u00e7as e adolescentes s\u00e3o as f\u00e9rias escolares, especialmente as de julho devido \u00e0 temporada de praias na Capital. No entanto, o recesso escolar costuma trazer preocupa\u00e7\u00e3o para os pais que precisam manter os compromissos profissionais neste per\u00edodo, mas sabem que filhos em casa demandam uma [&hellip;]\" \/>\n<meta property=\"og:url\" content=\"https:\/\/cleitonpinheiro.com.br\/site\/ferias-escolares-saiba-como-planejar-atividades-de-lazer-em-familia\/\" \/>\n<meta property=\"og:site_name\" content=\"PORTAL DE NOT\u00cdCIAS CLEITON PINHEIRO\" \/>\n<meta property=\"article:publisher\" content=\"https:\/\/www.facebook.com\/portalcpnoticias\/\" \/>\n<meta property=\"article:published_time\" content=\"2023-07-10T13:33:11+00:00\" \/>\n<meta property=\"article:modified_time\" content=\"2023-12-27T15:04:19+00:00\" \/>\n<meta property=\"og:image\" content=\"https:\/\/cleitonpinheiro.com.br\/site\/wp-content\/uploads\/2023\/07\/17e08754943f48a7baec9fb580384f4b.jpg\" \/>\n\t<meta property=\"og:image:width\" content=\"800\" \/>\n\t<meta property=\"og:image:height\" content=\"533\" \/>\n\t<meta property=\"og:image:type\" content=\"image\/jpeg\" \/>\n<meta name=\"author\" content=\"Reda\u00e7\u00e3o CP\" \/>\n<meta name=\"twitter:card\" content=\"summary_large_image\" \/>\n<meta name=\"twitter:label1\" content=\"Escrito por\" \/>\n\t<meta name=\"twitter:data1\" content=\"Reda\u00e7\u00e3o CP\" \/>\n\t<meta name=\"twitter:label2\" content=\"Est. tempo de leitura\" \/>\n\t<meta name=\"twitter:data2\" content=\"3 minutos\" \/>\n<script type=\"application\/ld+json\" class=\"yoast-schema-graph\">{\"@context\":\"https:\/\/schema.org\",\"@graph\":[{\"@type\":\"Article\",\"@id\":\"https:\/\/cleitonpinheiro.com.br\/site\/ferias-escolares-saiba-como-planejar-atividades-de-lazer-em-familia\/#article\",\"isPartOf\":{\"@id\":\"https:\/\/cleitonpinheiro.com.br\/site\/ferias-escolares-saiba-como-planejar-atividades-de-lazer-em-familia\/\"},\"author\":{\"name\":\"Reda\u00e7\u00e3o CP\",\"@id\":\"https:\/\/cleitonpinheiro.com.br\/site\/#\/schema\/person\/8f04544e0bc40a1b68775b08360f87db\"},\"headline\":\"F\u00e9rias escolares: saiba como planejar atividades de lazer em fam\u00edlia\",\"datePublished\":\"2023-07-10T13:33:11+00:00\",\"dateModified\":\"2023-12-27T15:04:19+00:00\",\"mainEntityOfPage\":{\"@id\":\"https:\/\/cleitonpinheiro.com.br\/site\/ferias-escolares-saiba-como-planejar-atividades-de-lazer-em-familia\/\"},\"wordCount\":407,\"commentCount\":0,\"publisher\":{\"@id\":\"https:\/\/cleitonpinheiro.com.br\/site\/#organization\"},\"image\":{\"@id\":\"https:\/\/cleitonpinheiro.com.br\/site\/ferias-escolares-saiba-como-planejar-atividades-de-lazer-em-familia\/#primaryimage\"},\"thumbnailUrl\":\"https:\/\/cleitonpinheiro.com.br\/site\/wp-content\/uploads\/2023\/07\/17e08754943f48a7baec9fb580384f4b.jpg\",\"keywords\":[\"F\u00e9rias escolares\",\"Prefeitura de Palmas\"],\"articleSection\":[\"CIDADES\",\"TODAS NOTICIAS\"],\"inLanguage\":\"pt-BR\",\"potentialAction\":[{\"@type\":\"CommentAction\",\"name\":\"Comment\",\"target\":[\"https:\/\/cleitonpinheiro.com.br\/site\/ferias-escolares-saiba-como-planejar-atividades-de-lazer-em-familia\/#respond\"]}]},{\"@type\":\"WebPage\",\"@id\":\"https:\/\/cleitonpinheiro.com.br\/site\/ferias-escolares-saiba-como-planejar-atividades-de-lazer-em-familia\/\",\"url\":\"https:\/\/cleitonpinheiro.com.br\/site\/ferias-escolares-saiba-como-planejar-atividades-de-lazer-em-familia\/\",\"name\":\"F\u00e9rias escolares: saiba como planejar atividades de lazer em fam\u00edlia - PORTAL DE NOT\u00cdCIAS CLEITON PINHEIRO\",\"isPartOf\":{\"@id\":\"https:\/\/cleitonpinheiro.com.br\/site\/#website\"},\"primaryImageOfPage\":{\"@id\":\"https:\/\/cleitonpinheiro.com.br\/site\/ferias-escolares-saiba-como-planejar-atividades-de-lazer-em-familia\/#primaryimage\"},\"image\":{\"@id\":\"https:\/\/cleitonpinheiro.com.br\/site\/ferias-escolares-saiba-como-planejar-atividades-de-lazer-em-familia\/#primaryimage\"},\"thumbnailUrl\":\"https:\/\/cleitonpinheiro.com.br\/site\/wp-content\/uploads\/2023\/07\/17e08754943f48a7baec9fb580384f4b.jpg\",\"datePublished\":\"2023-07-10T13:33:11+00:00\",\"dateModified\":\"2023-12-27T15:04:19+00:00\",\"breadcrumb\":{\"@id\":\"https:\/\/cleitonpinheiro.com.br\/site\/ferias-escolares-saiba-como-planejar-atividades-de-lazer-em-familia\/#breadcrumb\"},\"inLanguage\":\"pt-BR\",\"potentialAction\":[{\"@type\":\"ReadAction\",\"target\":[\"https:\/\/cleitonpinheiro.com.br\/site\/ferias-escolares-saiba-como-planejar-atividades-de-lazer-em-familia\/\"]}]},{\"@type\":\"ImageObject\",\"inLanguage\":\"pt-BR\",\"@id\":\"https:\/\/cleitonpinheiro.com.br\/site\/ferias-escolares-saiba-como-planejar-atividades-de-lazer-em-familia\/#primaryimage\",\"url\":\"\",\"contentUrl\":\"\"},{\"@type\":\"BreadcrumbList\",\"@id\":\"https:\/\/cleitonpinheiro.com.br\/site\/ferias-escolares-saiba-como-planejar-atividades-de-lazer-em-familia\/#breadcrumb\",\"itemListElement\":[{\"@type\":\"ListItem\",\"position\":1,\"name\":\"In\u00edcio\",\"item\":\"https:\/\/cleitonpinheiro.com.br\/site\/\"},{\"@type\":\"ListItem\",\"position\":2,\"name\":\"F\u00e9rias escolares: saiba como planejar atividades de lazer em fam\u00edlia\"}]},{\"@type\":\"WebSite\",\"@id\":\"https:\/\/cleitonpinheiro.com.br\/site\/#website\",\"url\":\"https:\/\/cleitonpinheiro.com.br\/site\/\",\"name\":\"PORTAL DE NOT\u00cdCIAS CLEITON PINHEIRO\",\"description\":\"FALANDO A VERDADE\",\"publisher\":{\"@id\":\"https:\/\/cleitonpinheiro.com.br\/site\/#organization\"},\"potentialAction\":[{\"@type\":\"SearchAction\",\"target\":{\"@type\":\"EntryPoint\",\"urlTemplate\":\"https:\/\/cleitonpinheiro.com.br\/site\/?s={search_term_string}\"},\"query-input\":{\"@type\":\"PropertyValueSpecification\",\"valueRequired\":true,\"valueName\":\"search_term_string\"}}],\"inLanguage\":\"pt-BR\"},{\"@type\":\"Organization\",\"@id\":\"https:\/\/cleitonpinheiro.com.br\/site\/#organization\",\"name\":\"CPNOT\u00cdCIAS\",\"url\":\"https:\/\/cleitonpinheiro.com.br\/site\/\",\"logo\":{\"@type\":\"ImageObject\",\"inLanguage\":\"pt-BR\",\"@id\":\"https:\/\/cleitonpinheiro.com.br\/site\/#\/schema\/logo\/image\/\",\"url\":\"https:\/\/cleitonpinheiro.com.br\/site\/wp-content\/uploads\/2022\/08\/Logo-pequena-2.png\",\"contentUrl\":\"https:\/\/cleitonpinheiro.com.br\/site\/wp-content\/uploads\/2022\/08\/Logo-pequena-2.png\",\"width\":500,\"height\":500,\"caption\":\"CPNOT\u00cdCIAS\"},\"image\":{\"@id\":\"https:\/\/cleitonpinheiro.com.br\/site\/#\/schema\/logo\/image\/\"},\"sameAs\":[\"https:\/\/www.facebook.com\/portalcpnoticias\/\"]},{\"@type\":\"Person\",\"@id\":\"https:\/\/cleitonpinheiro.com.br\/site\/#\/schema\/person\/8f04544e0bc40a1b68775b08360f87db\",\"name\":\"Reda\u00e7\u00e3o CP\",\"image\":{\"@type\":\"ImageObject\",\"inLanguage\":\"pt-BR\",\"@id\":\"https:\/\/cleitonpinheiro.com.br\/site\/#\/schema\/person\/image\/\",\"url\":\"https:\/\/secure.gravatar.com\/avatar\/0bcf19cb29fdc8fc588c490c7ae1b3e174dac268586a63fbe1d1893a0f9020cd?s=96&r=g\",\"contentUrl\":\"https:\/\/secure.gravatar.com\/avatar\/0bcf19cb29fdc8fc588c490c7ae1b3e174dac268586a63fbe1d1893a0f9020cd?s=96&r=g\",\"caption\":\"Reda\u00e7\u00e3o CP\"},\"url\":\"https:\/\/cleitonpinheiro.com.br\/site\/author\/redacao\/\"}]}<\/script>\n<!-- \/ Yoast SEO plugin. -->","yoast_head_json":{"title":"F\u00e9rias escolares: saiba como planejar atividades de lazer em fam\u00edlia - PORTAL DE NOT\u00cdCIAS CLEITON PINHEIRO","robots":{"index":"index","follow":"follow","max-snippet":"max-snippet:-1","max-image-preview":"max-image-preview:large","max-video-preview":"max-video-preview:-1"},"canonical":"https:\/\/cleitonpinheiro.com.br\/site\/ferias-escolares-saiba-como-planejar-atividades-de-lazer-em-familia\/","og_locale":"pt_BR","og_type":"article","og_title":"F\u00e9rias escolares: saiba como planejar atividades de lazer em fam\u00edlia - PORTAL DE NOT\u00cdCIAS CLEITON PINHEIRO","og_description":"Da Prefeitura de Palmas Um dos per\u00edodos mais aguardados pelas crian\u00e7as e adolescentes s\u00e3o as f\u00e9rias escolares, especialmente as de julho devido \u00e0 temporada de praias na Capital. No entanto, o recesso escolar costuma trazer preocupa\u00e7\u00e3o para os pais que precisam manter os compromissos profissionais neste per\u00edodo, mas sabem que filhos em casa demandam uma [&hellip;]","og_url":"https:\/\/cleitonpinheiro.com.br\/site\/ferias-escolares-saiba-como-planejar-atividades-de-lazer-em-familia\/","og_site_name":"PORTAL DE NOT\u00cdCIAS CLEITON PINHEIRO","article_publisher":"https:\/\/www.facebook.com\/portalcpnoticias\/","article_published_time":"2023-07-10T13:33:11+00:00","article_modified_time":"2023-12-27T15:04:19+00:00","og_image":[{"width":800,"height":533,"url":"https:\/\/cleitonpinheiro.com.br\/site\/wp-content\/uploads\/2023\/07\/17e08754943f48a7baec9fb580384f4b.jpg","type":"image\/jpeg"}],"author":"Reda\u00e7\u00e3o CP","twitter_card":"summary_large_image","twitter_misc":{"Escrito por":"Reda\u00e7\u00e3o CP","Est. tempo de leitura":"3 minutos"},"schema":{"@context":"https:\/\/schema.org","@graph":[{"@type":"Article","@id":"https:\/\/cleitonpinheiro.com.br\/site\/ferias-escolares-saiba-como-planejar-atividades-de-lazer-em-familia\/#article","isPartOf":{"@id":"https:\/\/cleitonpinheiro.com.br\/site\/ferias-escolares-saiba-como-planejar-atividades-de-lazer-em-familia\/"},"author":{"name":"Reda\u00e7\u00e3o CP","@id":"https:\/\/cleitonpinheiro.com.br\/site\/#\/schema\/person\/8f04544e0bc40a1b68775b08360f87db"},"headline":"F\u00e9rias escolares: saiba como planejar atividades de lazer em fam\u00edlia","datePublished":"2023-07-10T13:33:11+00:00","dateModified":"2023-12-27T15:04:19+00:00","mainEntityOfPage":{"@id":"https:\/\/cleitonpinheiro.com.br\/site\/ferias-escolares-saiba-como-planejar-atividades-de-lazer-em-familia\/"},"wordCount":407,"commentCount":0,"publisher":{"@id":"https:\/\/cleitonpinheiro.com.br\/site\/#organization"},"image":{"@id":"https:\/\/cleitonpinheiro.com.br\/site\/ferias-escolares-saiba-como-planejar-atividades-de-lazer-em-familia\/#primaryimage"},"thumbnailUrl":"https:\/\/cleitonpinheiro.com.br\/site\/wp-content\/uploads\/2023\/07\/17e08754943f48a7baec9fb580384f4b.jpg","keywords":["F\u00e9rias escolares","Prefeitura de Palmas"],"articleSection":["CIDADES","TODAS NOTICIAS"],"inLanguage":"pt-BR","potentialAction":[{"@type":"CommentAction","name":"Comment","target":["https:\/\/cleitonpinheiro.com.br\/site\/ferias-escolares-saiba-como-planejar-atividades-de-lazer-em-familia\/#respond"]}]},{"@type":"WebPage","@id":"https:\/\/cleitonpinheiro.com.br\/site\/ferias-escolares-saiba-como-planejar-atividades-de-lazer-em-familia\/","url":"https:\/\/cleitonpinheiro.com.br\/site\/ferias-escolares-saiba-como-planejar-atividades-de-lazer-em-familia\/","name":"F\u00e9rias escolares: saiba como planejar atividades de lazer em fam\u00edlia - PORTAL DE NOT\u00cdCIAS CLEITON PINHEIRO","isPartOf":{"@id":"https:\/\/cleitonpinheiro.com.br\/site\/#website"},"primaryImageOfPage":{"@id":"https:\/\/cleitonpinheiro.com.br\/site\/ferias-escolares-saiba-como-planejar-atividades-de-lazer-em-familia\/#primaryimage"},"image":{"@id":"https:\/\/cleitonpinheiro.com.br\/site\/ferias-escolares-saiba-como-planejar-atividades-de-lazer-em-familia\/#primaryimage"},"thumbnailUrl":"https:\/\/cleitonpinheiro.com.br\/site\/wp-content\/uploads\/2023\/07\/17e08754943f48a7baec9fb580384f4b.jpg","datePublished":"2023-07-10T13:33:11+00:00","dateModified":"2023-12-27T15:04:19+00:00","breadcrumb":{"@id":"https:\/\/cleitonpinheiro.com.br\/site\/ferias-escolares-saiba-como-planejar-atividades-de-lazer-em-familia\/#breadcrumb"},"inLanguage":"pt-BR","potentialAction":[{"@type":"ReadAction","target":["https:\/\/cleitonpinheiro.com.br\/site\/ferias-escolares-saiba-como-planejar-atividades-de-lazer-em-familia\/"]}]},{"@type":"ImageObject","inLanguage":"pt-BR","@id":"https:\/\/cleitonpinheiro.com.br\/site\/ferias-escolares-saiba-como-planejar-atividades-de-lazer-em-familia\/#primaryimage","url":"","contentUrl":""},{"@type":"BreadcrumbList","@id":"https:\/\/cleitonpinheiro.com.br\/site\/ferias-escolares-saiba-como-planejar-atividades-de-lazer-em-familia\/#breadcrumb","itemListElement":[{"@type":"ListItem","position":1,"name":"In\u00edcio","item":"https:\/\/cleitonpinheiro.com.br\/site\/"},{"@type":"ListItem","position":2,"name":"F\u00e9rias escolares: saiba como planejar atividades de lazer em fam\u00edlia"}]},{"@type":"WebSite","@id":"https:\/\/cleitonpinheiro.com.br\/site\/#website","url":"https:\/\/cleitonpinheiro.com.br\/site\/","name":"PORTAL DE NOT\u00cdCIAS CLEITON PINHEIRO","description":"FALANDO A VERDADE","publisher":{"@id":"https:\/\/cleitonpinheiro.com.br\/site\/#organization"},"potentialAction":[{"@type":"SearchAction","target":{"@type":"EntryPoint","urlTemplate":"https:\/\/cleitonpinheiro.com.br\/site\/?s={search_term_string}"},"query-input":{"@type":"PropertyValueSpecification","valueRequired":true,"valueName":"search_term_string"}}],"inLanguage":"pt-BR"},{"@type":"Organization","@id":"https:\/\/cleitonpinheiro.com.br\/site\/#organization","name":"CPNOT\u00cdCIAS","url":"https:\/\/cleitonpinheiro.com.br\/site\/","logo":{"@type":"ImageObject","inLanguage":"pt-BR","@id":"https:\/\/cleitonpinheiro.com.br\/site\/#\/schema\/logo\/image\/","url":"https:\/\/cleitonpinheiro.com.br\/site\/wp-content\/uploads\/2022\/08\/Logo-pequena-2.png","contentUrl":"https:\/\/cleitonpinheiro.com.br\/site\/wp-content\/uploads\/2022\/08\/Logo-pequena-2.png","width":500,"height":500,"caption":"CPNOT\u00cdCIAS"},"image":{"@id":"https:\/\/cleitonpinheiro.com.br\/site\/#\/schema\/logo\/image\/"},"sameAs":["https:\/\/www.facebook.com\/portalcpnoticias\/"]},{"@type":"Person","@id":"https:\/\/cleitonpinheiro.com.br\/site\/#\/schema\/person\/8f04544e0bc40a1b68775b08360f87db","name":"Reda\u00e7\u00e3o CP","image":{"@type":"ImageObject","inLanguage":"pt-BR","@id":"https:\/\/cleitonpinheiro.com.br\/site\/#\/schema\/person\/image\/","url":"https:\/\/secure.gravatar.com\/avatar\/0bcf19cb29fdc8fc588c490c7ae1b3e174dac268586a63fbe1d1893a0f9020cd?s=96&r=g","contentUrl":"https:\/\/secure.gravatar.com\/avatar\/0bcf19cb29fdc8fc588c490c7ae1b3e174dac268586a63fbe1d1893a0f9020cd?s=96&r=g","caption":"Reda\u00e7\u00e3o CP"},"url":"https:\/\/cleitonpinheiro.com.br\/site\/author\/redacao\/"}]}},"views":185,"_links":{"self":[{"href":"https:\/\/cleitonpinheiro.com.br\/site\/wp-json\/wp\/v2\/posts\/72818","targetHints":{"allow":["GET"]}}],"collection":[{"href":"https:\/\/cleitonpinheiro.com.br\/site\/wp-json\/wp\/v2\/posts"}],"about":[{"href":"https:\/\/cleitonpinheiro.com.br\/site\/wp-json\/wp\/v2\/types\/post"}],"author":[{"embeddable":true,"href":"https:\/\/cleitonpinheiro.com.br\/site\/wp-json\/wp\/v2\/users\/13"}],"replies":[{"embeddable":true,"href":"https:\/\/cleitonpinheiro.com.br\/site\/wp-json\/wp\/v2\/comments?post=72818"}],"version-history":[{"count":1,"href":"https:\/\/cleitonpinheiro.com.br\/site\/wp-json\/wp\/v2\/posts\/72818\/revisions"}],"predecessor-version":[{"id":72820,"href":"https:\/\/cleitonpinheiro.com.br\/site\/wp-json\/wp\/v2\/posts\/72818\/revisions\/72820"}],"wp:attachment":[{"href":"https:\/\/cleitonpinheiro.com.br\/site\/wp-json\/wp\/v2\/media?parent=72818"}],"wp:term":[{"taxonomy":"category","embeddable":true,"href":"https:\/\/cleitonpinheiro.com.br\/site\/wp-json\/wp\/v2\/categories?post=72818"},{"taxonomy":"post_tag","embeddable":true,"href":"https:\/\/cleitonpinheiro.com.br\/site\/wp-json\/wp\/v2\/tags?post=72818"}],"curies":[{"name":"wp","href":"https:\/\/api.w.org\/{rel}","templated":true}]}}