{"id":72851,"date":"2023-07-07T13:30:36","date_gmt":"2023-07-07T16:30:36","guid":{"rendered":"https:\/\/cleitonpinheiro.com.br\/site\/?p=72851"},"modified":"2023-12-27T12:04:57","modified_gmt":"2023-12-27T15:04:57","slug":"associados-da-assecad-podem-aderir-a-plano-de-saude-da-unimed-sem-carencia-e-com-desconto","status":"publish","type":"post","link":"https:\/\/cleitonpinheiro.com.br\/site\/associados-da-assecad-podem-aderir-a-plano-de-saude-da-unimed-sem-carencia-e-com-desconto\/","title":{"rendered":"Associados da Assecad podem aderir a plano de sa\u00fade da Unimed sem car\u00eancia e com desconto"},"content":{"rendered":"\n<figure class=\"wp-block-image aligncenter size-full\"><img decoding=\"async\" src=\"https:\/\/cleitonpinheiro.com.br\/site\/wp-content\/uploads\/2023\/07\/cartao-unimed.png\" alt=\"\" class=\"wp-image-72852\"\/><figcaption class=\"wp-element-caption\"><em>Para ades\u00e3o at\u00e9 31 de julho ter\u00e1 desconto de 30% na primeira mensalidade <\/em><\/figcaption><\/figure>\n\n\n\n<p class=\"wp-block-paragraph\"><strong>Da Reda\u00e7\u00e3o<\/strong><\/p>\n\n\n\n<p class=\"wp-block-paragraph\">Os servidores p\u00fablicos associados \u00e0 Associa\u00e7\u00e3o dos Servidores da Secretaria da Administra\u00e7\u00e3o do Estado do Tocantins (Assecad) podem aderir ao plano de sa\u00fade Assecad-Unimed Palmas sem car\u00eancia e com desconto de 30% na primeira mensalidade, para ades\u00e3o at\u00e9 o dia 31 de julho.<\/p>\n\n\n\n<p class=\"wp-block-paragraph\">Esta condi\u00e7\u00e3o \u00e9 exclusiva para associados que podem aderir a planos com atendimentos municipal ou em um grupo de munic\u00edpios pr\u00e9-estabelecidos, tais como: Palmas (TO), Gurupi (TO), Aragua\u00edna (TO), Goi\u00e2nia (GO), Belo Horizonte (MG), Vit\u00f3ria (ES) Bel\u00e9m (PA), Teresina (PI), Macei\u00f3 (AL) Jo\u00e3o Pessoa (PB), Fortaleza (CE), Recife (PE), Curitiba (PR), Foz do Igua\u00e7u (PR), Porto Alegre (RS), Campinas (SP), Ribeir\u00e3o Preto (SP), S\u00e3o Jos\u00e9 do Rio Preto (SP) S\u00e3o Jos\u00e9 dos Campos (SP) e S\u00e3o Paulo (SP).<\/p>\n\n\n\n<p class=\"wp-block-paragraph\">Podem ser associados \u00e0 Assecad, servidores p\u00fablicos estaduais ou municipais. Para associar-se e ter direito de aderir ao plano de sa\u00fade, basta preencher o <a href=\"https:\/\/assecad.tecnotins.com.br\/DataConso\/test\/form-filiacao.jsf\">link<\/a>. As mensalidades do plano de sa\u00fade partem de R$163,84 para benefici\u00e1rios de 0-18 anos de idade para ades\u00e3o at\u00e9 31 de julho. Al\u00e9m disso os benefici\u00e1rios t\u00eam isen\u00e7\u00e3o de car\u00eancia (exceto para parto e doen\u00e7as pr\u00e9-existentes).<\/p>\n\n\n\n<p class=\"wp-block-paragraph\"><strong>Outras vantagens<\/strong><\/p>\n\n\n\n<p class=\"wp-block-paragraph\">O plano Assecad-Unimed Palmas oferece ainda consultas por telemedicina gratuita, com cl\u00ednico geral para o titular, c\u00f4njuge, pais e filhos de qualquer idade. Tamb\u00e9m tem \u201cClube de Vantagens\u201d com desconto de at\u00e9 60% em mais de 300 estabelecimentos de v\u00e1rios segmentos; desconto de 15% em vacinas e aulas de gin\u00e1stica coletiva e dan\u00e7a online totalmente gratuitas.<\/p>\n\n\n\n<p class=\"wp-block-paragraph\">Para mais informa\u00e7\u00f5es acesse a central de atendimento: (11) 3003-6400 ou 0800 941 4962 de segunda a s\u00e1bado, das 8 \u00e0s 20 horas (exceto aos feriados), ou atendimento presencial na Unimed Palmas ao lado do Farm\u00e1cia Unicon, telefone (63) 3215-4090.<\/p>\n","protected":false},"excerpt":{"rendered":"<p>Da Reda\u00e7\u00e3o Os servidores p\u00fablicos associados \u00e0 Associa\u00e7\u00e3o dos Servidores da Secretaria da Administra\u00e7\u00e3o do Estado do Tocantins (Assecad) podem aderir ao plano de sa\u00fade Assecad-Unimed Palmas sem car\u00eancia e com desconto de 30% na primeira mensalidade, para ades\u00e3o at\u00e9 o dia 31 de julho. Esta condi\u00e7\u00e3o \u00e9 exclusiva para associados que podem aderir a [&hellip;]<\/p>\n","protected":false},"author":13,"featured_media":0,"comment_status":"open","ping_status":"open","sticky":false,"template":"","format":"standard","meta":{"_acf_changed":false,"footnotes":""},"categories":[25,21],"tags":[708,951],"class_list":["post-72851","post","type-post","status-publish","format-standard","hentry","category-funcionalismo","category-todas-noticias","tag-assecad","tag-plano-de-saude"],"acf":[],"yoast_head":"<!-- This site is optimized with the Yoast SEO plugin v24.4 - https:\/\/yoast.com\/wordpress\/plugins\/seo\/ -->\n<title>Associados da Assecad podem aderir a plano de sa\u00fade da Unimed sem car\u00eancia e com desconto - PORTAL DE NOT\u00cdCIAS CLEITON PINHEIRO<\/title>\n<meta name=\"robots\" content=\"index, follow, max-snippet:-1, max-image-preview:large, max-video-preview:-1\" \/>\n<link rel=\"canonical\" href=\"https:\/\/cleitonpinheiro.com.br\/site\/associados-da-assecad-podem-aderir-a-plano-de-saude-da-unimed-sem-carencia-e-com-desconto\/\" \/>\n<meta property=\"og:locale\" content=\"pt_BR\" \/>\n<meta property=\"og:type\" content=\"article\" \/>\n<meta property=\"og:title\" content=\"Associados da Assecad podem aderir a plano de sa\u00fade da Unimed sem car\u00eancia e com desconto - PORTAL DE NOT\u00cdCIAS CLEITON PINHEIRO\" \/>\n<meta property=\"og:description\" content=\"Da Reda\u00e7\u00e3o Os servidores p\u00fablicos associados \u00e0 Associa\u00e7\u00e3o dos Servidores da Secretaria da Administra\u00e7\u00e3o do Estado do Tocantins (Assecad) podem aderir ao plano de sa\u00fade Assecad-Unimed Palmas sem car\u00eancia e com desconto de 30% na primeira mensalidade, para ades\u00e3o at\u00e9 o dia 31 de julho. Esta condi\u00e7\u00e3o \u00e9 exclusiva para associados que podem aderir a [&hellip;]\" \/>\n<meta property=\"og:url\" content=\"https:\/\/cleitonpinheiro.com.br\/site\/associados-da-assecad-podem-aderir-a-plano-de-saude-da-unimed-sem-carencia-e-com-desconto\/\" \/>\n<meta property=\"og:site_name\" content=\"PORTAL DE NOT\u00cdCIAS CLEITON PINHEIRO\" \/>\n<meta property=\"article:publisher\" content=\"https:\/\/www.facebook.com\/portalcpnoticias\/\" \/>\n<meta property=\"article:published_time\" content=\"2023-07-07T16:30:36+00:00\" \/>\n<meta property=\"article:modified_time\" content=\"2023-12-27T15:04:57+00:00\" \/>\n<meta property=\"og:image\" content=\"https:\/\/cleitonpinheiro.com.br\/site\/wp-content\/uploads\/2023\/07\/cartao-unimed.png\" \/>\n\t<meta property=\"og:image:width\" content=\"640\" \/>\n\t<meta property=\"og:image:height\" content=\"349\" \/>\n\t<meta property=\"og:image:type\" content=\"image\/png\" \/>\n<meta name=\"author\" content=\"Reda\u00e7\u00e3o CP\" \/>\n<meta name=\"twitter:card\" content=\"summary_large_image\" \/>\n<meta name=\"twitter:label1\" content=\"Escrito por\" \/>\n\t<meta name=\"twitter:data1\" content=\"Reda\u00e7\u00e3o CP\" \/>\n\t<meta name=\"twitter:label2\" content=\"Est. tempo de leitura\" \/>\n\t<meta name=\"twitter:data2\" content=\"2 minutos\" \/>\n<script type=\"application\/ld+json\" class=\"yoast-schema-graph\">{\"@context\":\"https:\/\/schema.org\",\"@graph\":[{\"@type\":\"Article\",\"@id\":\"https:\/\/cleitonpinheiro.com.br\/site\/associados-da-assecad-podem-aderir-a-plano-de-saude-da-unimed-sem-carencia-e-com-desconto\/#article\",\"isPartOf\":{\"@id\":\"https:\/\/cleitonpinheiro.com.br\/site\/associados-da-assecad-podem-aderir-a-plano-de-saude-da-unimed-sem-carencia-e-com-desconto\/\"},\"author\":{\"name\":\"Reda\u00e7\u00e3o CP\",\"@id\":\"https:\/\/cleitonpinheiro.com.br\/site\/#\/schema\/person\/8f04544e0bc40a1b68775b08360f87db\"},\"headline\":\"Associados da Assecad podem aderir a plano de sa\u00fade da Unimed sem car\u00eancia e com desconto\",\"datePublished\":\"2023-07-07T16:30:36+00:00\",\"dateModified\":\"2023-12-27T15:04:57+00:00\",\"mainEntityOfPage\":{\"@id\":\"https:\/\/cleitonpinheiro.com.br\/site\/associados-da-assecad-podem-aderir-a-plano-de-saude-da-unimed-sem-carencia-e-com-desconto\/\"},\"wordCount\":337,\"commentCount\":0,\"publisher\":{\"@id\":\"https:\/\/cleitonpinheiro.com.br\/site\/#organization\"},\"image\":{\"@id\":\"https:\/\/cleitonpinheiro.com.br\/site\/associados-da-assecad-podem-aderir-a-plano-de-saude-da-unimed-sem-carencia-e-com-desconto\/#primaryimage\"},\"thumbnailUrl\":\"https:\/\/cleitonpinheiro.com.br\/site\/wp-content\/uploads\/2023\/07\/cartao-unimed.png\",\"keywords\":[\"Assecad\",\"plano de sa\u00fade\"],\"articleSection\":[\"FUNCIONALISMO\",\"TODAS NOTICIAS\"],\"inLanguage\":\"pt-BR\",\"potentialAction\":[{\"@type\":\"CommentAction\",\"name\":\"Comment\",\"target\":[\"https:\/\/cleitonpinheiro.com.br\/site\/associados-da-assecad-podem-aderir-a-plano-de-saude-da-unimed-sem-carencia-e-com-desconto\/#respond\"]}]},{\"@type\":\"WebPage\",\"@id\":\"https:\/\/cleitonpinheiro.com.br\/site\/associados-da-assecad-podem-aderir-a-plano-de-saude-da-unimed-sem-carencia-e-com-desconto\/\",\"url\":\"https:\/\/cleitonpinheiro.com.br\/site\/associados-da-assecad-podem-aderir-a-plano-de-saude-da-unimed-sem-carencia-e-com-desconto\/\",\"name\":\"Associados da Assecad podem aderir a plano de sa\u00fade da Unimed sem car\u00eancia e com desconto - PORTAL DE NOT\u00cdCIAS CLEITON PINHEIRO\",\"isPartOf\":{\"@id\":\"https:\/\/cleitonpinheiro.com.br\/site\/#website\"},\"primaryImageOfPage\":{\"@id\":\"https:\/\/cleitonpinheiro.com.br\/site\/associados-da-assecad-podem-aderir-a-plano-de-saude-da-unimed-sem-carencia-e-com-desconto\/#primaryimage\"},\"image\":{\"@id\":\"https:\/\/cleitonpinheiro.com.br\/site\/associados-da-assecad-podem-aderir-a-plano-de-saude-da-unimed-sem-carencia-e-com-desconto\/#primaryimage\"},\"thumbnailUrl\":\"https:\/\/cleitonpinheiro.com.br\/site\/wp-content\/uploads\/2023\/07\/cartao-unimed.png\",\"datePublished\":\"2023-07-07T16:30:36+00:00\",\"dateModified\":\"2023-12-27T15:04:57+00:00\",\"breadcrumb\":{\"@id\":\"https:\/\/cleitonpinheiro.com.br\/site\/associados-da-assecad-podem-aderir-a-plano-de-saude-da-unimed-sem-carencia-e-com-desconto\/#breadcrumb\"},\"inLanguage\":\"pt-BR\",\"potentialAction\":[{\"@type\":\"ReadAction\",\"target\":[\"https:\/\/cleitonpinheiro.com.br\/site\/associados-da-assecad-podem-aderir-a-plano-de-saude-da-unimed-sem-carencia-e-com-desconto\/\"]}]},{\"@type\":\"ImageObject\",\"inLanguage\":\"pt-BR\",\"@id\":\"https:\/\/cleitonpinheiro.com.br\/site\/associados-da-assecad-podem-aderir-a-plano-de-saude-da-unimed-sem-carencia-e-com-desconto\/#primaryimage\",\"url\":\"\",\"contentUrl\":\"\"},{\"@type\":\"BreadcrumbList\",\"@id\":\"https:\/\/cleitonpinheiro.com.br\/site\/associados-da-assecad-podem-aderir-a-plano-de-saude-da-unimed-sem-carencia-e-com-desconto\/#breadcrumb\",\"itemListElement\":[{\"@type\":\"ListItem\",\"position\":1,\"name\":\"In\u00edcio\",\"item\":\"https:\/\/cleitonpinheiro.com.br\/site\/\"},{\"@type\":\"ListItem\",\"position\":2,\"name\":\"Associados da Assecad podem aderir a plano de sa\u00fade da Unimed sem car\u00eancia e com desconto\"}]},{\"@type\":\"WebSite\",\"@id\":\"https:\/\/cleitonpinheiro.com.br\/site\/#website\",\"url\":\"https:\/\/cleitonpinheiro.com.br\/site\/\",\"name\":\"PORTAL DE NOT\u00cdCIAS CLEITON PINHEIRO\",\"description\":\"FALANDO A VERDADE\",\"publisher\":{\"@id\":\"https:\/\/cleitonpinheiro.com.br\/site\/#organization\"},\"potentialAction\":[{\"@type\":\"SearchAction\",\"target\":{\"@type\":\"EntryPoint\",\"urlTemplate\":\"https:\/\/cleitonpinheiro.com.br\/site\/?s={search_term_string}\"},\"query-input\":{\"@type\":\"PropertyValueSpecification\",\"valueRequired\":true,\"valueName\":\"search_term_string\"}}],\"inLanguage\":\"pt-BR\"},{\"@type\":\"Organization\",\"@id\":\"https:\/\/cleitonpinheiro.com.br\/site\/#organization\",\"name\":\"CPNOT\u00cdCIAS\",\"url\":\"https:\/\/cleitonpinheiro.com.br\/site\/\",\"logo\":{\"@type\":\"ImageObject\",\"inLanguage\":\"pt-BR\",\"@id\":\"https:\/\/cleitonpinheiro.com.br\/site\/#\/schema\/logo\/image\/\",\"url\":\"https:\/\/cleitonpinheiro.com.br\/site\/wp-content\/uploads\/2022\/08\/Logo-pequena-2.png\",\"contentUrl\":\"https:\/\/cleitonpinheiro.com.br\/site\/wp-content\/uploads\/2022\/08\/Logo-pequena-2.png\",\"width\":500,\"height\":500,\"caption\":\"CPNOT\u00cdCIAS\"},\"image\":{\"@id\":\"https:\/\/cleitonpinheiro.com.br\/site\/#\/schema\/logo\/image\/\"},\"sameAs\":[\"https:\/\/www.facebook.com\/portalcpnoticias\/\"]},{\"@type\":\"Person\",\"@id\":\"https:\/\/cleitonpinheiro.com.br\/site\/#\/schema\/person\/8f04544e0bc40a1b68775b08360f87db\",\"name\":\"Reda\u00e7\u00e3o CP\",\"image\":{\"@type\":\"ImageObject\",\"inLanguage\":\"pt-BR\",\"@id\":\"https:\/\/cleitonpinheiro.com.br\/site\/#\/schema\/person\/image\/\",\"url\":\"https:\/\/secure.gravatar.com\/avatar\/0bcf19cb29fdc8fc588c490c7ae1b3e174dac268586a63fbe1d1893a0f9020cd?s=96&r=g\",\"contentUrl\":\"https:\/\/secure.gravatar.com\/avatar\/0bcf19cb29fdc8fc588c490c7ae1b3e174dac268586a63fbe1d1893a0f9020cd?s=96&r=g\",\"caption\":\"Reda\u00e7\u00e3o CP\"},\"url\":\"https:\/\/cleitonpinheiro.com.br\/site\/author\/redacao\/\"}]}<\/script>\n<!-- \/ Yoast SEO plugin. -->","yoast_head_json":{"title":"Associados da Assecad podem aderir a plano de sa\u00fade da Unimed sem car\u00eancia e com desconto - PORTAL DE NOT\u00cdCIAS CLEITON PINHEIRO","robots":{"index":"index","follow":"follow","max-snippet":"max-snippet:-1","max-image-preview":"max-image-preview:large","max-video-preview":"max-video-preview:-1"},"canonical":"https:\/\/cleitonpinheiro.com.br\/site\/associados-da-assecad-podem-aderir-a-plano-de-saude-da-unimed-sem-carencia-e-com-desconto\/","og_locale":"pt_BR","og_type":"article","og_title":"Associados da Assecad podem aderir a plano de sa\u00fade da Unimed sem car\u00eancia e com desconto - PORTAL DE NOT\u00cdCIAS CLEITON PINHEIRO","og_description":"Da Reda\u00e7\u00e3o Os servidores p\u00fablicos associados \u00e0 Associa\u00e7\u00e3o dos Servidores da Secretaria da Administra\u00e7\u00e3o do Estado do Tocantins (Assecad) podem aderir ao plano de sa\u00fade Assecad-Unimed Palmas sem car\u00eancia e com desconto de 30% na primeira mensalidade, para ades\u00e3o at\u00e9 o dia 31 de julho. Esta condi\u00e7\u00e3o \u00e9 exclusiva para associados que podem aderir a [&hellip;]","og_url":"https:\/\/cleitonpinheiro.com.br\/site\/associados-da-assecad-podem-aderir-a-plano-de-saude-da-unimed-sem-carencia-e-com-desconto\/","og_site_name":"PORTAL DE NOT\u00cdCIAS CLEITON PINHEIRO","article_publisher":"https:\/\/www.facebook.com\/portalcpnoticias\/","article_published_time":"2023-07-07T16:30:36+00:00","article_modified_time":"2023-12-27T15:04:57+00:00","og_image":[{"width":640,"height":349,"url":"https:\/\/cleitonpinheiro.com.br\/site\/wp-content\/uploads\/2023\/07\/cartao-unimed.png","type":"image\/png"}],"author":"Reda\u00e7\u00e3o CP","twitter_card":"summary_large_image","twitter_misc":{"Escrito por":"Reda\u00e7\u00e3o CP","Est. tempo de leitura":"2 minutos"},"schema":{"@context":"https:\/\/schema.org","@graph":[{"@type":"Article","@id":"https:\/\/cleitonpinheiro.com.br\/site\/associados-da-assecad-podem-aderir-a-plano-de-saude-da-unimed-sem-carencia-e-com-desconto\/#article","isPartOf":{"@id":"https:\/\/cleitonpinheiro.com.br\/site\/associados-da-assecad-podem-aderir-a-plano-de-saude-da-unimed-sem-carencia-e-com-desconto\/"},"author":{"name":"Reda\u00e7\u00e3o CP","@id":"https:\/\/cleitonpinheiro.com.br\/site\/#\/schema\/person\/8f04544e0bc40a1b68775b08360f87db"},"headline":"Associados da Assecad podem aderir a plano de sa\u00fade da Unimed sem car\u00eancia e com desconto","datePublished":"2023-07-07T16:30:36+00:00","dateModified":"2023-12-27T15:04:57+00:00","mainEntityOfPage":{"@id":"https:\/\/cleitonpinheiro.com.br\/site\/associados-da-assecad-podem-aderir-a-plano-de-saude-da-unimed-sem-carencia-e-com-desconto\/"},"wordCount":337,"commentCount":0,"publisher":{"@id":"https:\/\/cleitonpinheiro.com.br\/site\/#organization"},"image":{"@id":"https:\/\/cleitonpinheiro.com.br\/site\/associados-da-assecad-podem-aderir-a-plano-de-saude-da-unimed-sem-carencia-e-com-desconto\/#primaryimage"},"thumbnailUrl":"https:\/\/cleitonpinheiro.com.br\/site\/wp-content\/uploads\/2023\/07\/cartao-unimed.png","keywords":["Assecad","plano de sa\u00fade"],"articleSection":["FUNCIONALISMO","TODAS NOTICIAS"],"inLanguage":"pt-BR","potentialAction":[{"@type":"CommentAction","name":"Comment","target":["https:\/\/cleitonpinheiro.com.br\/site\/associados-da-assecad-podem-aderir-a-plano-de-saude-da-unimed-sem-carencia-e-com-desconto\/#respond"]}]},{"@type":"WebPage","@id":"https:\/\/cleitonpinheiro.com.br\/site\/associados-da-assecad-podem-aderir-a-plano-de-saude-da-unimed-sem-carencia-e-com-desconto\/","url":"https:\/\/cleitonpinheiro.com.br\/site\/associados-da-assecad-podem-aderir-a-plano-de-saude-da-unimed-sem-carencia-e-com-desconto\/","name":"Associados da Assecad podem aderir a plano de sa\u00fade da Unimed sem car\u00eancia e com desconto - PORTAL DE NOT\u00cdCIAS CLEITON PINHEIRO","isPartOf":{"@id":"https:\/\/cleitonpinheiro.com.br\/site\/#website"},"primaryImageOfPage":{"@id":"https:\/\/cleitonpinheiro.com.br\/site\/associados-da-assecad-podem-aderir-a-plano-de-saude-da-unimed-sem-carencia-e-com-desconto\/#primaryimage"},"image":{"@id":"https:\/\/cleitonpinheiro.com.br\/site\/associados-da-assecad-podem-aderir-a-plano-de-saude-da-unimed-sem-carencia-e-com-desconto\/#primaryimage"},"thumbnailUrl":"https:\/\/cleitonpinheiro.com.br\/site\/wp-content\/uploads\/2023\/07\/cartao-unimed.png","datePublished":"2023-07-07T16:30:36+00:00","dateModified":"2023-12-27T15:04:57+00:00","breadcrumb":{"@id":"https:\/\/cleitonpinheiro.com.br\/site\/associados-da-assecad-podem-aderir-a-plano-de-saude-da-unimed-sem-carencia-e-com-desconto\/#breadcrumb"},"inLanguage":"pt-BR","potentialAction":[{"@type":"ReadAction","target":["https:\/\/cleitonpinheiro.com.br\/site\/associados-da-assecad-podem-aderir-a-plano-de-saude-da-unimed-sem-carencia-e-com-desconto\/"]}]},{"@type":"ImageObject","inLanguage":"pt-BR","@id":"https:\/\/cleitonpinheiro.com.br\/site\/associados-da-assecad-podem-aderir-a-plano-de-saude-da-unimed-sem-carencia-e-com-desconto\/#primaryimage","url":"","contentUrl":""},{"@type":"BreadcrumbList","@id":"https:\/\/cleitonpinheiro.com.br\/site\/associados-da-assecad-podem-aderir-a-plano-de-saude-da-unimed-sem-carencia-e-com-desconto\/#breadcrumb","itemListElement":[{"@type":"ListItem","position":1,"name":"In\u00edcio","item":"https:\/\/cleitonpinheiro.com.br\/site\/"},{"@type":"ListItem","position":2,"name":"Associados da Assecad podem aderir a plano de sa\u00fade da Unimed sem car\u00eancia e com desconto"}]},{"@type":"WebSite","@id":"https:\/\/cleitonpinheiro.com.br\/site\/#website","url":"https:\/\/cleitonpinheiro.com.br\/site\/","name":"PORTAL DE NOT\u00cdCIAS CLEITON PINHEIRO","description":"FALANDO A VERDADE","publisher":{"@id":"https:\/\/cleitonpinheiro.com.br\/site\/#organization"},"potentialAction":[{"@type":"SearchAction","target":{"@type":"EntryPoint","urlTemplate":"https:\/\/cleitonpinheiro.com.br\/site\/?s={search_term_string}"},"query-input":{"@type":"PropertyValueSpecification","valueRequired":true,"valueName":"search_term_string"}}],"inLanguage":"pt-BR"},{"@type":"Organization","@id":"https:\/\/cleitonpinheiro.com.br\/site\/#organization","name":"CPNOT\u00cdCIAS","url":"https:\/\/cleitonpinheiro.com.br\/site\/","logo":{"@type":"ImageObject","inLanguage":"pt-BR","@id":"https:\/\/cleitonpinheiro.com.br\/site\/#\/schema\/logo\/image\/","url":"https:\/\/cleitonpinheiro.com.br\/site\/wp-content\/uploads\/2022\/08\/Logo-pequena-2.png","contentUrl":"https:\/\/cleitonpinheiro.com.br\/site\/wp-content\/uploads\/2022\/08\/Logo-pequena-2.png","width":500,"height":500,"caption":"CPNOT\u00cdCIAS"},"image":{"@id":"https:\/\/cleitonpinheiro.com.br\/site\/#\/schema\/logo\/image\/"},"sameAs":["https:\/\/www.facebook.com\/portalcpnoticias\/"]},{"@type":"Person","@id":"https:\/\/cleitonpinheiro.com.br\/site\/#\/schema\/person\/8f04544e0bc40a1b68775b08360f87db","name":"Reda\u00e7\u00e3o CP","image":{"@type":"ImageObject","inLanguage":"pt-BR","@id":"https:\/\/cleitonpinheiro.com.br\/site\/#\/schema\/person\/image\/","url":"https:\/\/secure.gravatar.com\/avatar\/0bcf19cb29fdc8fc588c490c7ae1b3e174dac268586a63fbe1d1893a0f9020cd?s=96&r=g","contentUrl":"https:\/\/secure.gravatar.com\/avatar\/0bcf19cb29fdc8fc588c490c7ae1b3e174dac268586a63fbe1d1893a0f9020cd?s=96&r=g","caption":"Reda\u00e7\u00e3o CP"},"url":"https:\/\/cleitonpinheiro.com.br\/site\/author\/redacao\/"}]}},"views":116,"_links":{"self":[{"href":"https:\/\/cleitonpinheiro.com.br\/site\/wp-json\/wp\/v2\/posts\/72851","targetHints":{"allow":["GET"]}}],"collection":[{"href":"https:\/\/cleitonpinheiro.com.br\/site\/wp-json\/wp\/v2\/posts"}],"about":[{"href":"https:\/\/cleitonpinheiro.com.br\/site\/wp-json\/wp\/v2\/types\/post"}],"author":[{"embeddable":true,"href":"https:\/\/cleitonpinheiro.com.br\/site\/wp-json\/wp\/v2\/users\/13"}],"replies":[{"embeddable":true,"href":"https:\/\/cleitonpinheiro.com.br\/site\/wp-json\/wp\/v2\/comments?post=72851"}],"version-history":[{"count":1,"href":"https:\/\/cleitonpinheiro.com.br\/site\/wp-json\/wp\/v2\/posts\/72851\/revisions"}],"predecessor-version":[{"id":72853,"href":"https:\/\/cleitonpinheiro.com.br\/site\/wp-json\/wp\/v2\/posts\/72851\/revisions\/72853"}],"wp:attachment":[{"href":"https:\/\/cleitonpinheiro.com.br\/site\/wp-json\/wp\/v2\/media?parent=72851"}],"wp:term":[{"taxonomy":"category","embeddable":true,"href":"https:\/\/cleitonpinheiro.com.br\/site\/wp-json\/wp\/v2\/categories?post=72851"},{"taxonomy":"post_tag","embeddable":true,"href":"https:\/\/cleitonpinheiro.com.br\/site\/wp-json\/wp\/v2\/tags?post=72851"}],"curies":[{"name":"wp","href":"https:\/\/api.w.org\/{rel}","templated":true}]}}