{"id":72857,"date":"2023-07-10T10:19:06","date_gmt":"2023-07-10T13:19:06","guid":{"rendered":"https:\/\/cleitonpinheiro.com.br\/site\/?p=72857"},"modified":"2023-08-10T14:29:23","modified_gmt":"2023-08-10T17:29:23","slug":"prefeitura-de-palmas-abre-inscricoes-para-vendedores-de-alimentos-em-taquarucu","status":"publish","type":"post","link":"https:\/\/cleitonpinheiro.com.br\/site\/prefeitura-de-palmas-abre-inscricoes-para-vendedores-de-alimentos-em-taquarucu\/","title":{"rendered":"Prefeitura de Palmas abre inscri\u00e7\u00f5es para vendedores de alimentos em Taquaru\u00e7u"},"content":{"rendered":"\n<figure class=\"wp-block-image size-full\"><img decoding=\"async\" src=\"https:\/\/cleitonpinheiro.com.br\/site\/wp-content\/uploads\/2023\/07\/de81f8bb-c7dd-4dd3-8e62-db136393494e-1.jpg\" alt=\"\" class=\"wp-image-72859\"\/><figcaption class=\"wp-element-caption\">Inscri\u00e7\u00f5es iniciam nesta segunda-feira, 10, e seguem at\u00e9 quarta-feira, 12, e s\u00e3o realizadas na Casa do Empreendedor &#8211; Foto: Lia Mara\/Prefeitura de Palmas<\/figcaption><\/figure>\n\n\n\n<p class=\"wp-block-paragraph\"><strong>Da Reda\u00e7\u00e3o<\/strong><\/p>\n\n\n\n<p class=\"wp-block-paragraph\">A Prefeitura de Palmas, por meio da Secretaria de Desenvolvimento Econ\u00f4mico e Emprego (Sedem), abre sele\u00e7\u00e3o e credenciamento de vendedores ambulantes, que tenham interesse em trabalhar durante a programa\u00e7\u00e3o do Palmas F\u00e9rias, que acontece no Distrito de Taquaru\u00e7u, nos finais de semana do m\u00eas de julho.\u00a0O edital foi publicado na sexta-feira, 7, no\u00a0<a href=\"http:\/\/diariooficial.palmas.to.gov.br\/media\/diario\/3256-7-7-2023-20-37-8.pdf\" target=\"_blank\" rel=\"noreferrer noopener\">Di\u00e1rio Oficial do Munic\u00edpio (DOM)<\/a>\u00a0&#8211; p\u00e1ginas 18 a 20.\u00a0<\/p>\n\n\n\n<p class=\"wp-block-paragraph\">As inscri\u00e7\u00f5es iniciam nesta segunda-feira,&nbsp;10, e seguem at\u00e9 quarta-feira, 12, e ser\u00e3o realizadas na Casa do Empreendedor, localizada na 104 Norte, Rua NE 01, ao lado da Loja Kastelar, das 13 \u00e0s 19 horas.&nbsp;<\/p>\n\n\n\n<p class=\"wp-block-paragraph\">A Sedem est\u00e1 ofertando seis vagas para a Vila Gastron\u00f4mica de Alimenta\u00e7\u00e3o, sendo elas:&nbsp;<\/p>\n\n\n\n<ul class=\"wp-block-list\">\n<li>1 vaga para venda de queijos, salames e petiscos;<\/li>\n\n\n\n<li>1 vaga para vinho, licor, quent\u00e3o e similares;<\/li>\n\n\n\n<li>1 vaga para chocolate quente, capuccino, caf\u00e9 cremoso, cascata de chocolate com frutas;<\/li>\n\n\n\n<li>1 vaga para venda de doces, tortas, bolos, compotas, geleias;<\/li>\n\n\n\n<li>1 vaga para caldos e fondue;<\/li>\n\n\n\n<li>1 vaga para alimentos vegetarianos e veganos.<\/li>\n<\/ul>\n\n\n\n<p class=\"wp-block-paragraph\">Aos trabalhadores contemplados, ser\u00e3o disponibilizados seis estandes de 4X3m, com duas tomadas de energia para cada um.&nbsp;&nbsp;O sorteio que definir\u00e1 os contemplados a uma das vagas para a programa\u00e7\u00e3o do Palmas F\u00e9rias, acontecer\u00e1 na pr\u00f3xima quinta, 13, \u00e0s 15h, na Sedem.&nbsp;<\/p>\n\n\n\n<p class=\"wp-block-paragraph\">Para realizar a inscri\u00e7\u00e3o \u00e9 necess\u00e1rio apresentar as seguintes documenta\u00e7\u00f5es:<\/p>\n\n\n\n<ul class=\"wp-block-list\">\n<li>C\u00f3pia do Documento de CNPJ, emitido pela Receita Federal do Brasil;<\/li>\n\n\n\n<li>C\u00f3pia do documento de identidade e do CPF;<\/li>\n\n\n\n<li>Comprovante de endere\u00e7o.<\/li>\n<\/ul>\n","protected":false},"excerpt":{"rendered":"<p>Da Reda\u00e7\u00e3o A Prefeitura de Palmas, por meio da Secretaria de Desenvolvimento Econ\u00f4mico e Emprego (Sedem), abre sele\u00e7\u00e3o e credenciamento de vendedores ambulantes, que tenham interesse em trabalhar durante a programa\u00e7\u00e3o do Palmas F\u00e9rias, que acontece no Distrito de Taquaru\u00e7u, nos finais de semana do m\u00eas de julho.\u00a0O edital foi publicado na sexta-feira, 7, no\u00a0Di\u00e1rio [&hellip;]<\/p>\n","protected":false},"author":13,"featured_media":0,"comment_status":"open","ping_status":"open","sticky":false,"template":"","format":"standard","meta":{"_acf_changed":false,"footnotes":""},"categories":[22,898],"tags":[954,955,720,956],"class_list":["post-72857","post","type-post","status-publish","format-standard","hentry","category-cidades","category-manchete-segundaria","tag-credenciamento-de-ambulantes","tag-palmas-ferias-2023","tag-prefeitura-de-palmas","tag-taquarucu"],"acf":[],"yoast_head":"<!-- This site is optimized with the Yoast SEO plugin v24.4 - https:\/\/yoast.com\/wordpress\/plugins\/seo\/ -->\n<title>Prefeitura de Palmas abre inscri\u00e7\u00f5es para vendedores de alimentos em Taquaru\u00e7u - PORTAL DE NOT\u00cdCIAS CLEITON PINHEIRO<\/title>\n<meta name=\"robots\" content=\"index, follow, max-snippet:-1, max-image-preview:large, max-video-preview:-1\" \/>\n<link rel=\"canonical\" href=\"https:\/\/cleitonpinheiro.com.br\/site\/prefeitura-de-palmas-abre-inscricoes-para-vendedores-de-alimentos-em-taquarucu\/\" \/>\n<meta property=\"og:locale\" content=\"pt_BR\" \/>\n<meta property=\"og:type\" content=\"article\" \/>\n<meta property=\"og:title\" content=\"Prefeitura de Palmas abre inscri\u00e7\u00f5es para vendedores de alimentos em Taquaru\u00e7u - PORTAL DE NOT\u00cdCIAS CLEITON PINHEIRO\" \/>\n<meta property=\"og:description\" content=\"Da Reda\u00e7\u00e3o A Prefeitura de Palmas, por meio da Secretaria de Desenvolvimento Econ\u00f4mico e Emprego (Sedem), abre sele\u00e7\u00e3o e credenciamento de vendedores ambulantes, que tenham interesse em trabalhar durante a programa\u00e7\u00e3o do Palmas F\u00e9rias, que acontece no Distrito de Taquaru\u00e7u, nos finais de semana do m\u00eas de julho.\u00a0O edital foi publicado na sexta-feira, 7, no\u00a0Di\u00e1rio [&hellip;]\" \/>\n<meta property=\"og:url\" content=\"https:\/\/cleitonpinheiro.com.br\/site\/prefeitura-de-palmas-abre-inscricoes-para-vendedores-de-alimentos-em-taquarucu\/\" \/>\n<meta property=\"og:site_name\" content=\"PORTAL DE NOT\u00cdCIAS CLEITON PINHEIRO\" \/>\n<meta property=\"article:publisher\" content=\"https:\/\/www.facebook.com\/portalcpnoticias\/\" \/>\n<meta property=\"article:published_time\" content=\"2023-07-10T13:19:06+00:00\" \/>\n<meta property=\"article:modified_time\" content=\"2023-08-10T17:29:23+00:00\" \/>\n<meta property=\"og:image\" content=\"https:\/\/cleitonpinheiro.com.br\/site\/wp-content\/uploads\/2023\/07\/de81f8bb-c7dd-4dd3-8e62-db136393494e-1.jpg\" \/>\n\t<meta property=\"og:image:width\" content=\"2000\" \/>\n\t<meta property=\"og:image:height\" content=\"1125\" \/>\n\t<meta property=\"og:image:type\" content=\"image\/jpeg\" \/>\n<meta name=\"author\" content=\"Reda\u00e7\u00e3o CP\" \/>\n<meta name=\"twitter:card\" content=\"summary_large_image\" \/>\n<meta name=\"twitter:label1\" content=\"Escrito por\" \/>\n\t<meta name=\"twitter:data1\" content=\"Reda\u00e7\u00e3o CP\" \/>\n\t<meta name=\"twitter:label2\" content=\"Est. tempo de leitura\" \/>\n\t<meta name=\"twitter:data2\" content=\"2 minutos\" \/>\n<script type=\"application\/ld+json\" class=\"yoast-schema-graph\">{\"@context\":\"https:\/\/schema.org\",\"@graph\":[{\"@type\":\"Article\",\"@id\":\"https:\/\/cleitonpinheiro.com.br\/site\/prefeitura-de-palmas-abre-inscricoes-para-vendedores-de-alimentos-em-taquarucu\/#article\",\"isPartOf\":{\"@id\":\"https:\/\/cleitonpinheiro.com.br\/site\/prefeitura-de-palmas-abre-inscricoes-para-vendedores-de-alimentos-em-taquarucu\/\"},\"author\":{\"name\":\"Reda\u00e7\u00e3o CP\",\"@id\":\"https:\/\/cleitonpinheiro.com.br\/site\/#\/schema\/person\/8f04544e0bc40a1b68775b08360f87db\"},\"headline\":\"Prefeitura de Palmas abre inscri\u00e7\u00f5es para vendedores de alimentos em Taquaru\u00e7u\",\"datePublished\":\"2023-07-10T13:19:06+00:00\",\"dateModified\":\"2023-08-10T17:29:23+00:00\",\"mainEntityOfPage\":{\"@id\":\"https:\/\/cleitonpinheiro.com.br\/site\/prefeitura-de-palmas-abre-inscricoes-para-vendedores-de-alimentos-em-taquarucu\/\"},\"wordCount\":294,\"commentCount\":0,\"publisher\":{\"@id\":\"https:\/\/cleitonpinheiro.com.br\/site\/#organization\"},\"image\":{\"@id\":\"https:\/\/cleitonpinheiro.com.br\/site\/prefeitura-de-palmas-abre-inscricoes-para-vendedores-de-alimentos-em-taquarucu\/#primaryimage\"},\"thumbnailUrl\":\"https:\/\/cleitonpinheiro.com.br\/site\/wp-content\/uploads\/2023\/07\/de81f8bb-c7dd-4dd3-8e62-db136393494e-1.jpg\",\"keywords\":[\"Credenciamento de ambulantes\",\"Palmas F\u00e9rias 2023\",\"Prefeitura de Palmas\",\"Taquaru\u00e7u\"],\"articleSection\":[\"CIDADES\",\"MANCHETE SEGUND\u00c1RIA\"],\"inLanguage\":\"pt-BR\",\"potentialAction\":[{\"@type\":\"CommentAction\",\"name\":\"Comment\",\"target\":[\"https:\/\/cleitonpinheiro.com.br\/site\/prefeitura-de-palmas-abre-inscricoes-para-vendedores-de-alimentos-em-taquarucu\/#respond\"]}]},{\"@type\":\"WebPage\",\"@id\":\"https:\/\/cleitonpinheiro.com.br\/site\/prefeitura-de-palmas-abre-inscricoes-para-vendedores-de-alimentos-em-taquarucu\/\",\"url\":\"https:\/\/cleitonpinheiro.com.br\/site\/prefeitura-de-palmas-abre-inscricoes-para-vendedores-de-alimentos-em-taquarucu\/\",\"name\":\"Prefeitura de Palmas abre inscri\u00e7\u00f5es para vendedores de alimentos em Taquaru\u00e7u - PORTAL DE NOT\u00cdCIAS CLEITON PINHEIRO\",\"isPartOf\":{\"@id\":\"https:\/\/cleitonpinheiro.com.br\/site\/#website\"},\"primaryImageOfPage\":{\"@id\":\"https:\/\/cleitonpinheiro.com.br\/site\/prefeitura-de-palmas-abre-inscricoes-para-vendedores-de-alimentos-em-taquarucu\/#primaryimage\"},\"image\":{\"@id\":\"https:\/\/cleitonpinheiro.com.br\/site\/prefeitura-de-palmas-abre-inscricoes-para-vendedores-de-alimentos-em-taquarucu\/#primaryimage\"},\"thumbnailUrl\":\"https:\/\/cleitonpinheiro.com.br\/site\/wp-content\/uploads\/2023\/07\/de81f8bb-c7dd-4dd3-8e62-db136393494e-1.jpg\",\"datePublished\":\"2023-07-10T13:19:06+00:00\",\"dateModified\":\"2023-08-10T17:29:23+00:00\",\"breadcrumb\":{\"@id\":\"https:\/\/cleitonpinheiro.com.br\/site\/prefeitura-de-palmas-abre-inscricoes-para-vendedores-de-alimentos-em-taquarucu\/#breadcrumb\"},\"inLanguage\":\"pt-BR\",\"potentialAction\":[{\"@type\":\"ReadAction\",\"target\":[\"https:\/\/cleitonpinheiro.com.br\/site\/prefeitura-de-palmas-abre-inscricoes-para-vendedores-de-alimentos-em-taquarucu\/\"]}]},{\"@type\":\"ImageObject\",\"inLanguage\":\"pt-BR\",\"@id\":\"https:\/\/cleitonpinheiro.com.br\/site\/prefeitura-de-palmas-abre-inscricoes-para-vendedores-de-alimentos-em-taquarucu\/#primaryimage\",\"url\":\"\",\"contentUrl\":\"\"},{\"@type\":\"BreadcrumbList\",\"@id\":\"https:\/\/cleitonpinheiro.com.br\/site\/prefeitura-de-palmas-abre-inscricoes-para-vendedores-de-alimentos-em-taquarucu\/#breadcrumb\",\"itemListElement\":[{\"@type\":\"ListItem\",\"position\":1,\"name\":\"In\u00edcio\",\"item\":\"https:\/\/cleitonpinheiro.com.br\/site\/\"},{\"@type\":\"ListItem\",\"position\":2,\"name\":\"Prefeitura de Palmas abre inscri\u00e7\u00f5es para vendedores de alimentos em Taquaru\u00e7u\"}]},{\"@type\":\"WebSite\",\"@id\":\"https:\/\/cleitonpinheiro.com.br\/site\/#website\",\"url\":\"https:\/\/cleitonpinheiro.com.br\/site\/\",\"name\":\"PORTAL DE NOT\u00cdCIAS CLEITON PINHEIRO\",\"description\":\"FALANDO A VERDADE\",\"publisher\":{\"@id\":\"https:\/\/cleitonpinheiro.com.br\/site\/#organization\"},\"potentialAction\":[{\"@type\":\"SearchAction\",\"target\":{\"@type\":\"EntryPoint\",\"urlTemplate\":\"https:\/\/cleitonpinheiro.com.br\/site\/?s={search_term_string}\"},\"query-input\":{\"@type\":\"PropertyValueSpecification\",\"valueRequired\":true,\"valueName\":\"search_term_string\"}}],\"inLanguage\":\"pt-BR\"},{\"@type\":\"Organization\",\"@id\":\"https:\/\/cleitonpinheiro.com.br\/site\/#organization\",\"name\":\"CPNOT\u00cdCIAS\",\"url\":\"https:\/\/cleitonpinheiro.com.br\/site\/\",\"logo\":{\"@type\":\"ImageObject\",\"inLanguage\":\"pt-BR\",\"@id\":\"https:\/\/cleitonpinheiro.com.br\/site\/#\/schema\/logo\/image\/\",\"url\":\"https:\/\/cleitonpinheiro.com.br\/site\/wp-content\/uploads\/2022\/08\/Logo-pequena-2.png\",\"contentUrl\":\"https:\/\/cleitonpinheiro.com.br\/site\/wp-content\/uploads\/2022\/08\/Logo-pequena-2.png\",\"width\":500,\"height\":500,\"caption\":\"CPNOT\u00cdCIAS\"},\"image\":{\"@id\":\"https:\/\/cleitonpinheiro.com.br\/site\/#\/schema\/logo\/image\/\"},\"sameAs\":[\"https:\/\/www.facebook.com\/portalcpnoticias\/\"]},{\"@type\":\"Person\",\"@id\":\"https:\/\/cleitonpinheiro.com.br\/site\/#\/schema\/person\/8f04544e0bc40a1b68775b08360f87db\",\"name\":\"Reda\u00e7\u00e3o CP\",\"image\":{\"@type\":\"ImageObject\",\"inLanguage\":\"pt-BR\",\"@id\":\"https:\/\/cleitonpinheiro.com.br\/site\/#\/schema\/person\/image\/\",\"url\":\"https:\/\/secure.gravatar.com\/avatar\/0bcf19cb29fdc8fc588c490c7ae1b3e174dac268586a63fbe1d1893a0f9020cd?s=96&r=g\",\"contentUrl\":\"https:\/\/secure.gravatar.com\/avatar\/0bcf19cb29fdc8fc588c490c7ae1b3e174dac268586a63fbe1d1893a0f9020cd?s=96&r=g\",\"caption\":\"Reda\u00e7\u00e3o CP\"},\"url\":\"https:\/\/cleitonpinheiro.com.br\/site\/author\/redacao\/\"}]}<\/script>\n<!-- \/ Yoast SEO plugin. -->","yoast_head_json":{"title":"Prefeitura de Palmas abre inscri\u00e7\u00f5es para vendedores de alimentos em Taquaru\u00e7u - PORTAL DE NOT\u00cdCIAS CLEITON PINHEIRO","robots":{"index":"index","follow":"follow","max-snippet":"max-snippet:-1","max-image-preview":"max-image-preview:large","max-video-preview":"max-video-preview:-1"},"canonical":"https:\/\/cleitonpinheiro.com.br\/site\/prefeitura-de-palmas-abre-inscricoes-para-vendedores-de-alimentos-em-taquarucu\/","og_locale":"pt_BR","og_type":"article","og_title":"Prefeitura de Palmas abre inscri\u00e7\u00f5es para vendedores de alimentos em Taquaru\u00e7u - PORTAL DE NOT\u00cdCIAS CLEITON PINHEIRO","og_description":"Da Reda\u00e7\u00e3o A Prefeitura de Palmas, por meio da Secretaria de Desenvolvimento Econ\u00f4mico e Emprego (Sedem), abre sele\u00e7\u00e3o e credenciamento de vendedores ambulantes, que tenham interesse em trabalhar durante a programa\u00e7\u00e3o do Palmas F\u00e9rias, que acontece no Distrito de Taquaru\u00e7u, nos finais de semana do m\u00eas de julho.\u00a0O edital foi publicado na sexta-feira, 7, no\u00a0Di\u00e1rio [&hellip;]","og_url":"https:\/\/cleitonpinheiro.com.br\/site\/prefeitura-de-palmas-abre-inscricoes-para-vendedores-de-alimentos-em-taquarucu\/","og_site_name":"PORTAL DE NOT\u00cdCIAS CLEITON PINHEIRO","article_publisher":"https:\/\/www.facebook.com\/portalcpnoticias\/","article_published_time":"2023-07-10T13:19:06+00:00","article_modified_time":"2023-08-10T17:29:23+00:00","og_image":[{"width":2000,"height":1125,"url":"https:\/\/cleitonpinheiro.com.br\/site\/wp-content\/uploads\/2023\/07\/de81f8bb-c7dd-4dd3-8e62-db136393494e-1.jpg","type":"image\/jpeg"}],"author":"Reda\u00e7\u00e3o CP","twitter_card":"summary_large_image","twitter_misc":{"Escrito por":"Reda\u00e7\u00e3o CP","Est. tempo de leitura":"2 minutos"},"schema":{"@context":"https:\/\/schema.org","@graph":[{"@type":"Article","@id":"https:\/\/cleitonpinheiro.com.br\/site\/prefeitura-de-palmas-abre-inscricoes-para-vendedores-de-alimentos-em-taquarucu\/#article","isPartOf":{"@id":"https:\/\/cleitonpinheiro.com.br\/site\/prefeitura-de-palmas-abre-inscricoes-para-vendedores-de-alimentos-em-taquarucu\/"},"author":{"name":"Reda\u00e7\u00e3o CP","@id":"https:\/\/cleitonpinheiro.com.br\/site\/#\/schema\/person\/8f04544e0bc40a1b68775b08360f87db"},"headline":"Prefeitura de Palmas abre inscri\u00e7\u00f5es para vendedores de alimentos em Taquaru\u00e7u","datePublished":"2023-07-10T13:19:06+00:00","dateModified":"2023-08-10T17:29:23+00:00","mainEntityOfPage":{"@id":"https:\/\/cleitonpinheiro.com.br\/site\/prefeitura-de-palmas-abre-inscricoes-para-vendedores-de-alimentos-em-taquarucu\/"},"wordCount":294,"commentCount":0,"publisher":{"@id":"https:\/\/cleitonpinheiro.com.br\/site\/#organization"},"image":{"@id":"https:\/\/cleitonpinheiro.com.br\/site\/prefeitura-de-palmas-abre-inscricoes-para-vendedores-de-alimentos-em-taquarucu\/#primaryimage"},"thumbnailUrl":"https:\/\/cleitonpinheiro.com.br\/site\/wp-content\/uploads\/2023\/07\/de81f8bb-c7dd-4dd3-8e62-db136393494e-1.jpg","keywords":["Credenciamento de ambulantes","Palmas F\u00e9rias 2023","Prefeitura de Palmas","Taquaru\u00e7u"],"articleSection":["CIDADES","MANCHETE SEGUND\u00c1RIA"],"inLanguage":"pt-BR","potentialAction":[{"@type":"CommentAction","name":"Comment","target":["https:\/\/cleitonpinheiro.com.br\/site\/prefeitura-de-palmas-abre-inscricoes-para-vendedores-de-alimentos-em-taquarucu\/#respond"]}]},{"@type":"WebPage","@id":"https:\/\/cleitonpinheiro.com.br\/site\/prefeitura-de-palmas-abre-inscricoes-para-vendedores-de-alimentos-em-taquarucu\/","url":"https:\/\/cleitonpinheiro.com.br\/site\/prefeitura-de-palmas-abre-inscricoes-para-vendedores-de-alimentos-em-taquarucu\/","name":"Prefeitura de Palmas abre inscri\u00e7\u00f5es para vendedores de alimentos em Taquaru\u00e7u - PORTAL DE NOT\u00cdCIAS CLEITON PINHEIRO","isPartOf":{"@id":"https:\/\/cleitonpinheiro.com.br\/site\/#website"},"primaryImageOfPage":{"@id":"https:\/\/cleitonpinheiro.com.br\/site\/prefeitura-de-palmas-abre-inscricoes-para-vendedores-de-alimentos-em-taquarucu\/#primaryimage"},"image":{"@id":"https:\/\/cleitonpinheiro.com.br\/site\/prefeitura-de-palmas-abre-inscricoes-para-vendedores-de-alimentos-em-taquarucu\/#primaryimage"},"thumbnailUrl":"https:\/\/cleitonpinheiro.com.br\/site\/wp-content\/uploads\/2023\/07\/de81f8bb-c7dd-4dd3-8e62-db136393494e-1.jpg","datePublished":"2023-07-10T13:19:06+00:00","dateModified":"2023-08-10T17:29:23+00:00","breadcrumb":{"@id":"https:\/\/cleitonpinheiro.com.br\/site\/prefeitura-de-palmas-abre-inscricoes-para-vendedores-de-alimentos-em-taquarucu\/#breadcrumb"},"inLanguage":"pt-BR","potentialAction":[{"@type":"ReadAction","target":["https:\/\/cleitonpinheiro.com.br\/site\/prefeitura-de-palmas-abre-inscricoes-para-vendedores-de-alimentos-em-taquarucu\/"]}]},{"@type":"ImageObject","inLanguage":"pt-BR","@id":"https:\/\/cleitonpinheiro.com.br\/site\/prefeitura-de-palmas-abre-inscricoes-para-vendedores-de-alimentos-em-taquarucu\/#primaryimage","url":"","contentUrl":""},{"@type":"BreadcrumbList","@id":"https:\/\/cleitonpinheiro.com.br\/site\/prefeitura-de-palmas-abre-inscricoes-para-vendedores-de-alimentos-em-taquarucu\/#breadcrumb","itemListElement":[{"@type":"ListItem","position":1,"name":"In\u00edcio","item":"https:\/\/cleitonpinheiro.com.br\/site\/"},{"@type":"ListItem","position":2,"name":"Prefeitura de Palmas abre inscri\u00e7\u00f5es para vendedores de alimentos em Taquaru\u00e7u"}]},{"@type":"WebSite","@id":"https:\/\/cleitonpinheiro.com.br\/site\/#website","url":"https:\/\/cleitonpinheiro.com.br\/site\/","name":"PORTAL DE NOT\u00cdCIAS CLEITON PINHEIRO","description":"FALANDO A VERDADE","publisher":{"@id":"https:\/\/cleitonpinheiro.com.br\/site\/#organization"},"potentialAction":[{"@type":"SearchAction","target":{"@type":"EntryPoint","urlTemplate":"https:\/\/cleitonpinheiro.com.br\/site\/?s={search_term_string}"},"query-input":{"@type":"PropertyValueSpecification","valueRequired":true,"valueName":"search_term_string"}}],"inLanguage":"pt-BR"},{"@type":"Organization","@id":"https:\/\/cleitonpinheiro.com.br\/site\/#organization","name":"CPNOT\u00cdCIAS","url":"https:\/\/cleitonpinheiro.com.br\/site\/","logo":{"@type":"ImageObject","inLanguage":"pt-BR","@id":"https:\/\/cleitonpinheiro.com.br\/site\/#\/schema\/logo\/image\/","url":"https:\/\/cleitonpinheiro.com.br\/site\/wp-content\/uploads\/2022\/08\/Logo-pequena-2.png","contentUrl":"https:\/\/cleitonpinheiro.com.br\/site\/wp-content\/uploads\/2022\/08\/Logo-pequena-2.png","width":500,"height":500,"caption":"CPNOT\u00cdCIAS"},"image":{"@id":"https:\/\/cleitonpinheiro.com.br\/site\/#\/schema\/logo\/image\/"},"sameAs":["https:\/\/www.facebook.com\/portalcpnoticias\/"]},{"@type":"Person","@id":"https:\/\/cleitonpinheiro.com.br\/site\/#\/schema\/person\/8f04544e0bc40a1b68775b08360f87db","name":"Reda\u00e7\u00e3o CP","image":{"@type":"ImageObject","inLanguage":"pt-BR","@id":"https:\/\/cleitonpinheiro.com.br\/site\/#\/schema\/person\/image\/","url":"https:\/\/secure.gravatar.com\/avatar\/0bcf19cb29fdc8fc588c490c7ae1b3e174dac268586a63fbe1d1893a0f9020cd?s=96&r=g","contentUrl":"https:\/\/secure.gravatar.com\/avatar\/0bcf19cb29fdc8fc588c490c7ae1b3e174dac268586a63fbe1d1893a0f9020cd?s=96&r=g","caption":"Reda\u00e7\u00e3o CP"},"url":"https:\/\/cleitonpinheiro.com.br\/site\/author\/redacao\/"}]}},"views":161,"_links":{"self":[{"href":"https:\/\/cleitonpinheiro.com.br\/site\/wp-json\/wp\/v2\/posts\/72857","targetHints":{"allow":["GET"]}}],"collection":[{"href":"https:\/\/cleitonpinheiro.com.br\/site\/wp-json\/wp\/v2\/posts"}],"about":[{"href":"https:\/\/cleitonpinheiro.com.br\/site\/wp-json\/wp\/v2\/types\/post"}],"author":[{"embeddable":true,"href":"https:\/\/cleitonpinheiro.com.br\/site\/wp-json\/wp\/v2\/users\/13"}],"replies":[{"embeddable":true,"href":"https:\/\/cleitonpinheiro.com.br\/site\/wp-json\/wp\/v2\/comments?post=72857"}],"version-history":[{"count":1,"href":"https:\/\/cleitonpinheiro.com.br\/site\/wp-json\/wp\/v2\/posts\/72857\/revisions"}],"predecessor-version":[{"id":72860,"href":"https:\/\/cleitonpinheiro.com.br\/site\/wp-json\/wp\/v2\/posts\/72857\/revisions\/72860"}],"wp:attachment":[{"href":"https:\/\/cleitonpinheiro.com.br\/site\/wp-json\/wp\/v2\/media?parent=72857"}],"wp:term":[{"taxonomy":"category","embeddable":true,"href":"https:\/\/cleitonpinheiro.com.br\/site\/wp-json\/wp\/v2\/categories?post=72857"},{"taxonomy":"post_tag","embeddable":true,"href":"https:\/\/cleitonpinheiro.com.br\/site\/wp-json\/wp\/v2\/tags?post=72857"}],"curies":[{"name":"wp","href":"https:\/\/api.w.org\/{rel}","templated":true}]}}