{"id":72861,"date":"2023-07-10T10:45:51","date_gmt":"2023-07-10T13:45:51","guid":{"rendered":"https:\/\/cleitonpinheiro.com.br\/site\/?p=72861"},"modified":"2023-12-27T12:03:31","modified_gmt":"2023-12-27T15:03:31","slug":"missa-de-setimo-dia-de-siqueira-campos-acontece-na-catedral-de-palmas","status":"publish","type":"post","link":"https:\/\/cleitonpinheiro.com.br\/site\/missa-de-setimo-dia-de-siqueira-campos-acontece-na-catedral-de-palmas\/","title":{"rendered":"Missa de S\u00e9timo Dia de Siqueira Campos acontece na Catedral de Palmas"},"content":{"rendered":"\n<figure class=\"wp-block-image size-full\"><img decoding=\"async\" src=\"https:\/\/cleitonpinheiro.com.br\/site\/wp-content\/uploads\/2023\/07\/0d5563d0-8b8b-424a-8103-69c7c7dd4ffe.jpg\" alt=\"\" class=\"wp-image-72773\"\/><figcaption class=\"wp-element-caption\"><em>Prefeita Cinthia sobre Siqueira Campos: &#8220;tive o privil\u00e9gio de uma conviv\u00eancia mais pr\u00f3xima, receber suas orienta\u00e7\u00f5es e seus conselhos&#8221; &#8211; Foto: Edu Fortes\/Prefeitura de Palmas<\/em><\/figcaption><\/figure>\n\n\n\n<p class=\"wp-block-paragraph\"><strong>Da Prefeitura de Palmas<\/strong><\/p>\n\n\n\n<p class=\"wp-block-paragraph\">Acontece nesta segunda-feira, 10, a partir das 19h30 a Missa de S\u00e9timo Dia de Falecimento do ex-governador Jos\u00e9 Wilson Siqueira Campos, na Catedral do Divino Esp\u00edrito Santo, em Palmas. O ex-governador faleceu aos 94 anos no \u00faltimo dia 03 de julho em decorr\u00eancia de agravamento de quadro infeccioso.<\/p>\n\n\n\n<p class=\"wp-block-paragraph\">A morte do pol\u00edtico e importante l\u00edder do movimento separatista que levou \u00e0 cria\u00e7\u00e3o do Estado do Tocantins foi comentada, na ocasi\u00e3o, com muito pesar pela prefeita Cinthia Ribeiro Mantoan. \u201cLamento muito pela sua partida. A hist\u00f3ria de Palmas se confunde com a hist\u00f3ria de seu criador, Siqueira Campos, e \u00e9 nosso dever sermos guardi\u00f5es de seu ideal, que come\u00e7a com a luta pela cria\u00e7\u00e3o do Estado do Tocantins e se cristaliza com a constru\u00e7\u00e3o de Palmas, para que assim, sejamos um povo pr\u00f3spero, como ele tanto sonhou.\u201d<\/p>\n\n\n\n<p class=\"wp-block-paragraph\">Em mem\u00f3ria de Siqueira Campos, a Prefeitura de Palmas decretou sete dias de luto no Munic\u00edpio e convida&nbsp;todos para participarem da Missa.<\/p>\n","protected":false},"excerpt":{"rendered":"<p>Da Prefeitura de Palmas Acontece nesta segunda-feira, 10, a partir das 19h30 a Missa de S\u00e9timo Dia de Falecimento do ex-governador Jos\u00e9 Wilson Siqueira Campos, na Catedral do Divino Esp\u00edrito Santo, em Palmas. O ex-governador faleceu aos 94 anos no \u00faltimo dia 03 de julho em decorr\u00eancia de agravamento de quadro infeccioso. A morte do [&hellip;]<\/p>\n","protected":false},"author":13,"featured_media":0,"comment_status":"open","ping_status":"open","sticky":false,"template":"","format":"standard","meta":{"_acf_changed":false,"footnotes":""},"categories":[23,21],"tags":[958,473],"class_list":["post-72861","post","type-post","status-publish","format-standard","hentry","category-politica","category-todas-noticias","tag-missa-de-setimo-dia","tag-siqueira-campos"],"acf":[],"yoast_head":"<!-- This site is optimized with the Yoast SEO plugin v24.4 - https:\/\/yoast.com\/wordpress\/plugins\/seo\/ -->\n<title>Missa de S\u00e9timo Dia de Siqueira Campos acontece na Catedral de Palmas - PORTAL DE NOT\u00cdCIAS CLEITON PINHEIRO<\/title>\n<meta name=\"robots\" content=\"index, follow, max-snippet:-1, max-image-preview:large, max-video-preview:-1\" \/>\n<link rel=\"canonical\" href=\"https:\/\/cleitonpinheiro.com.br\/site\/missa-de-setimo-dia-de-siqueira-campos-acontece-na-catedral-de-palmas\/\" \/>\n<meta property=\"og:locale\" content=\"pt_BR\" \/>\n<meta property=\"og:type\" content=\"article\" \/>\n<meta property=\"og:title\" content=\"Missa de S\u00e9timo Dia de Siqueira Campos acontece na Catedral de Palmas - PORTAL DE NOT\u00cdCIAS CLEITON PINHEIRO\" \/>\n<meta property=\"og:description\" content=\"Da Prefeitura de Palmas Acontece nesta segunda-feira, 10, a partir das 19h30 a Missa de S\u00e9timo Dia de Falecimento do ex-governador Jos\u00e9 Wilson Siqueira Campos, na Catedral do Divino Esp\u00edrito Santo, em Palmas. O ex-governador faleceu aos 94 anos no \u00faltimo dia 03 de julho em decorr\u00eancia de agravamento de quadro infeccioso. A morte do [&hellip;]\" \/>\n<meta property=\"og:url\" content=\"https:\/\/cleitonpinheiro.com.br\/site\/missa-de-setimo-dia-de-siqueira-campos-acontece-na-catedral-de-palmas\/\" \/>\n<meta property=\"og:site_name\" content=\"PORTAL DE NOT\u00cdCIAS CLEITON PINHEIRO\" \/>\n<meta property=\"article:publisher\" content=\"https:\/\/www.facebook.com\/portalcpnoticias\/\" \/>\n<meta property=\"article:published_time\" content=\"2023-07-10T13:45:51+00:00\" \/>\n<meta property=\"article:modified_time\" content=\"2023-12-27T15:03:31+00:00\" \/>\n<meta property=\"og:image\" content=\"https:\/\/cleitonpinheiro.com.br\/site\/wp-content\/uploads\/2023\/07\/0d5563d0-8b8b-424a-8103-69c7c7dd4ffe.jpg\" \/>\n\t<meta property=\"og:image:width\" content=\"749\" \/>\n\t<meta property=\"og:image:height\" content=\"600\" \/>\n\t<meta property=\"og:image:type\" content=\"image\/jpeg\" \/>\n<meta name=\"author\" content=\"Reda\u00e7\u00e3o CP\" \/>\n<meta name=\"twitter:card\" content=\"summary_large_image\" \/>\n<meta name=\"twitter:label1\" content=\"Escrito por\" \/>\n\t<meta name=\"twitter:data1\" content=\"Reda\u00e7\u00e3o CP\" \/>\n\t<meta name=\"twitter:label2\" content=\"Est. tempo de leitura\" \/>\n\t<meta name=\"twitter:data2\" content=\"2 minutos\" \/>\n<script type=\"application\/ld+json\" class=\"yoast-schema-graph\">{\"@context\":\"https:\/\/schema.org\",\"@graph\":[{\"@type\":\"Article\",\"@id\":\"https:\/\/cleitonpinheiro.com.br\/site\/missa-de-setimo-dia-de-siqueira-campos-acontece-na-catedral-de-palmas\/#article\",\"isPartOf\":{\"@id\":\"https:\/\/cleitonpinheiro.com.br\/site\/missa-de-setimo-dia-de-siqueira-campos-acontece-na-catedral-de-palmas\/\"},\"author\":{\"name\":\"Reda\u00e7\u00e3o CP\",\"@id\":\"https:\/\/cleitonpinheiro.com.br\/site\/#\/schema\/person\/8f04544e0bc40a1b68775b08360f87db\"},\"headline\":\"Missa de S\u00e9timo Dia de Siqueira Campos acontece na Catedral de Palmas\",\"datePublished\":\"2023-07-10T13:45:51+00:00\",\"dateModified\":\"2023-12-27T15:03:31+00:00\",\"mainEntityOfPage\":{\"@id\":\"https:\/\/cleitonpinheiro.com.br\/site\/missa-de-setimo-dia-de-siqueira-campos-acontece-na-catedral-de-palmas\/\"},\"wordCount\":218,\"commentCount\":0,\"publisher\":{\"@id\":\"https:\/\/cleitonpinheiro.com.br\/site\/#organization\"},\"image\":{\"@id\":\"https:\/\/cleitonpinheiro.com.br\/site\/missa-de-setimo-dia-de-siqueira-campos-acontece-na-catedral-de-palmas\/#primaryimage\"},\"thumbnailUrl\":\"https:\/\/cleitonpinheiro.com.br\/site\/wp-content\/uploads\/2023\/07\/0d5563d0-8b8b-424a-8103-69c7c7dd4ffe.jpg\",\"keywords\":[\"Missa de S\u00e9timo Dia\",\"Siqueira Campos\"],\"articleSection\":[\"POL\u00cdTICA\",\"TODAS NOTICIAS\"],\"inLanguage\":\"pt-BR\",\"potentialAction\":[{\"@type\":\"CommentAction\",\"name\":\"Comment\",\"target\":[\"https:\/\/cleitonpinheiro.com.br\/site\/missa-de-setimo-dia-de-siqueira-campos-acontece-na-catedral-de-palmas\/#respond\"]}]},{\"@type\":\"WebPage\",\"@id\":\"https:\/\/cleitonpinheiro.com.br\/site\/missa-de-setimo-dia-de-siqueira-campos-acontece-na-catedral-de-palmas\/\",\"url\":\"https:\/\/cleitonpinheiro.com.br\/site\/missa-de-setimo-dia-de-siqueira-campos-acontece-na-catedral-de-palmas\/\",\"name\":\"Missa de S\u00e9timo Dia de Siqueira Campos acontece na Catedral de Palmas - PORTAL DE NOT\u00cdCIAS CLEITON PINHEIRO\",\"isPartOf\":{\"@id\":\"https:\/\/cleitonpinheiro.com.br\/site\/#website\"},\"primaryImageOfPage\":{\"@id\":\"https:\/\/cleitonpinheiro.com.br\/site\/missa-de-setimo-dia-de-siqueira-campos-acontece-na-catedral-de-palmas\/#primaryimage\"},\"image\":{\"@id\":\"https:\/\/cleitonpinheiro.com.br\/site\/missa-de-setimo-dia-de-siqueira-campos-acontece-na-catedral-de-palmas\/#primaryimage\"},\"thumbnailUrl\":\"https:\/\/cleitonpinheiro.com.br\/site\/wp-content\/uploads\/2023\/07\/0d5563d0-8b8b-424a-8103-69c7c7dd4ffe.jpg\",\"datePublished\":\"2023-07-10T13:45:51+00:00\",\"dateModified\":\"2023-12-27T15:03:31+00:00\",\"breadcrumb\":{\"@id\":\"https:\/\/cleitonpinheiro.com.br\/site\/missa-de-setimo-dia-de-siqueira-campos-acontece-na-catedral-de-palmas\/#breadcrumb\"},\"inLanguage\":\"pt-BR\",\"potentialAction\":[{\"@type\":\"ReadAction\",\"target\":[\"https:\/\/cleitonpinheiro.com.br\/site\/missa-de-setimo-dia-de-siqueira-campos-acontece-na-catedral-de-palmas\/\"]}]},{\"@type\":\"ImageObject\",\"inLanguage\":\"pt-BR\",\"@id\":\"https:\/\/cleitonpinheiro.com.br\/site\/missa-de-setimo-dia-de-siqueira-campos-acontece-na-catedral-de-palmas\/#primaryimage\",\"url\":\"\",\"contentUrl\":\"\"},{\"@type\":\"BreadcrumbList\",\"@id\":\"https:\/\/cleitonpinheiro.com.br\/site\/missa-de-setimo-dia-de-siqueira-campos-acontece-na-catedral-de-palmas\/#breadcrumb\",\"itemListElement\":[{\"@type\":\"ListItem\",\"position\":1,\"name\":\"In\u00edcio\",\"item\":\"https:\/\/cleitonpinheiro.com.br\/site\/\"},{\"@type\":\"ListItem\",\"position\":2,\"name\":\"Missa de S\u00e9timo Dia de Siqueira Campos acontece na Catedral de Palmas\"}]},{\"@type\":\"WebSite\",\"@id\":\"https:\/\/cleitonpinheiro.com.br\/site\/#website\",\"url\":\"https:\/\/cleitonpinheiro.com.br\/site\/\",\"name\":\"PORTAL DE NOT\u00cdCIAS CLEITON PINHEIRO\",\"description\":\"FALANDO A VERDADE\",\"publisher\":{\"@id\":\"https:\/\/cleitonpinheiro.com.br\/site\/#organization\"},\"potentialAction\":[{\"@type\":\"SearchAction\",\"target\":{\"@type\":\"EntryPoint\",\"urlTemplate\":\"https:\/\/cleitonpinheiro.com.br\/site\/?s={search_term_string}\"},\"query-input\":{\"@type\":\"PropertyValueSpecification\",\"valueRequired\":true,\"valueName\":\"search_term_string\"}}],\"inLanguage\":\"pt-BR\"},{\"@type\":\"Organization\",\"@id\":\"https:\/\/cleitonpinheiro.com.br\/site\/#organization\",\"name\":\"CPNOT\u00cdCIAS\",\"url\":\"https:\/\/cleitonpinheiro.com.br\/site\/\",\"logo\":{\"@type\":\"ImageObject\",\"inLanguage\":\"pt-BR\",\"@id\":\"https:\/\/cleitonpinheiro.com.br\/site\/#\/schema\/logo\/image\/\",\"url\":\"https:\/\/cleitonpinheiro.com.br\/site\/wp-content\/uploads\/2022\/08\/Logo-pequena-2.png\",\"contentUrl\":\"https:\/\/cleitonpinheiro.com.br\/site\/wp-content\/uploads\/2022\/08\/Logo-pequena-2.png\",\"width\":500,\"height\":500,\"caption\":\"CPNOT\u00cdCIAS\"},\"image\":{\"@id\":\"https:\/\/cleitonpinheiro.com.br\/site\/#\/schema\/logo\/image\/\"},\"sameAs\":[\"https:\/\/www.facebook.com\/portalcpnoticias\/\"]},{\"@type\":\"Person\",\"@id\":\"https:\/\/cleitonpinheiro.com.br\/site\/#\/schema\/person\/8f04544e0bc40a1b68775b08360f87db\",\"name\":\"Reda\u00e7\u00e3o CP\",\"image\":{\"@type\":\"ImageObject\",\"inLanguage\":\"pt-BR\",\"@id\":\"https:\/\/cleitonpinheiro.com.br\/site\/#\/schema\/person\/image\/\",\"url\":\"https:\/\/secure.gravatar.com\/avatar\/0bcf19cb29fdc8fc588c490c7ae1b3e174dac268586a63fbe1d1893a0f9020cd?s=96&r=g\",\"contentUrl\":\"https:\/\/secure.gravatar.com\/avatar\/0bcf19cb29fdc8fc588c490c7ae1b3e174dac268586a63fbe1d1893a0f9020cd?s=96&r=g\",\"caption\":\"Reda\u00e7\u00e3o CP\"},\"url\":\"https:\/\/cleitonpinheiro.com.br\/site\/author\/redacao\/\"}]}<\/script>\n<!-- \/ Yoast SEO plugin. -->","yoast_head_json":{"title":"Missa de S\u00e9timo Dia de Siqueira Campos acontece na Catedral de Palmas - PORTAL DE NOT\u00cdCIAS CLEITON PINHEIRO","robots":{"index":"index","follow":"follow","max-snippet":"max-snippet:-1","max-image-preview":"max-image-preview:large","max-video-preview":"max-video-preview:-1"},"canonical":"https:\/\/cleitonpinheiro.com.br\/site\/missa-de-setimo-dia-de-siqueira-campos-acontece-na-catedral-de-palmas\/","og_locale":"pt_BR","og_type":"article","og_title":"Missa de S\u00e9timo Dia de Siqueira Campos acontece na Catedral de Palmas - PORTAL DE NOT\u00cdCIAS CLEITON PINHEIRO","og_description":"Da Prefeitura de Palmas Acontece nesta segunda-feira, 10, a partir das 19h30 a Missa de S\u00e9timo Dia de Falecimento do ex-governador Jos\u00e9 Wilson Siqueira Campos, na Catedral do Divino Esp\u00edrito Santo, em Palmas. O ex-governador faleceu aos 94 anos no \u00faltimo dia 03 de julho em decorr\u00eancia de agravamento de quadro infeccioso. A morte do [&hellip;]","og_url":"https:\/\/cleitonpinheiro.com.br\/site\/missa-de-setimo-dia-de-siqueira-campos-acontece-na-catedral-de-palmas\/","og_site_name":"PORTAL DE NOT\u00cdCIAS CLEITON PINHEIRO","article_publisher":"https:\/\/www.facebook.com\/portalcpnoticias\/","article_published_time":"2023-07-10T13:45:51+00:00","article_modified_time":"2023-12-27T15:03:31+00:00","og_image":[{"width":749,"height":600,"url":"https:\/\/cleitonpinheiro.com.br\/site\/wp-content\/uploads\/2023\/07\/0d5563d0-8b8b-424a-8103-69c7c7dd4ffe.jpg","type":"image\/jpeg"}],"author":"Reda\u00e7\u00e3o CP","twitter_card":"summary_large_image","twitter_misc":{"Escrito por":"Reda\u00e7\u00e3o CP","Est. tempo de leitura":"2 minutos"},"schema":{"@context":"https:\/\/schema.org","@graph":[{"@type":"Article","@id":"https:\/\/cleitonpinheiro.com.br\/site\/missa-de-setimo-dia-de-siqueira-campos-acontece-na-catedral-de-palmas\/#article","isPartOf":{"@id":"https:\/\/cleitonpinheiro.com.br\/site\/missa-de-setimo-dia-de-siqueira-campos-acontece-na-catedral-de-palmas\/"},"author":{"name":"Reda\u00e7\u00e3o CP","@id":"https:\/\/cleitonpinheiro.com.br\/site\/#\/schema\/person\/8f04544e0bc40a1b68775b08360f87db"},"headline":"Missa de S\u00e9timo Dia de Siqueira Campos acontece na Catedral de Palmas","datePublished":"2023-07-10T13:45:51+00:00","dateModified":"2023-12-27T15:03:31+00:00","mainEntityOfPage":{"@id":"https:\/\/cleitonpinheiro.com.br\/site\/missa-de-setimo-dia-de-siqueira-campos-acontece-na-catedral-de-palmas\/"},"wordCount":218,"commentCount":0,"publisher":{"@id":"https:\/\/cleitonpinheiro.com.br\/site\/#organization"},"image":{"@id":"https:\/\/cleitonpinheiro.com.br\/site\/missa-de-setimo-dia-de-siqueira-campos-acontece-na-catedral-de-palmas\/#primaryimage"},"thumbnailUrl":"https:\/\/cleitonpinheiro.com.br\/site\/wp-content\/uploads\/2023\/07\/0d5563d0-8b8b-424a-8103-69c7c7dd4ffe.jpg","keywords":["Missa de S\u00e9timo Dia","Siqueira Campos"],"articleSection":["POL\u00cdTICA","TODAS NOTICIAS"],"inLanguage":"pt-BR","potentialAction":[{"@type":"CommentAction","name":"Comment","target":["https:\/\/cleitonpinheiro.com.br\/site\/missa-de-setimo-dia-de-siqueira-campos-acontece-na-catedral-de-palmas\/#respond"]}]},{"@type":"WebPage","@id":"https:\/\/cleitonpinheiro.com.br\/site\/missa-de-setimo-dia-de-siqueira-campos-acontece-na-catedral-de-palmas\/","url":"https:\/\/cleitonpinheiro.com.br\/site\/missa-de-setimo-dia-de-siqueira-campos-acontece-na-catedral-de-palmas\/","name":"Missa de S\u00e9timo Dia de Siqueira Campos acontece na Catedral de Palmas - PORTAL DE NOT\u00cdCIAS CLEITON PINHEIRO","isPartOf":{"@id":"https:\/\/cleitonpinheiro.com.br\/site\/#website"},"primaryImageOfPage":{"@id":"https:\/\/cleitonpinheiro.com.br\/site\/missa-de-setimo-dia-de-siqueira-campos-acontece-na-catedral-de-palmas\/#primaryimage"},"image":{"@id":"https:\/\/cleitonpinheiro.com.br\/site\/missa-de-setimo-dia-de-siqueira-campos-acontece-na-catedral-de-palmas\/#primaryimage"},"thumbnailUrl":"https:\/\/cleitonpinheiro.com.br\/site\/wp-content\/uploads\/2023\/07\/0d5563d0-8b8b-424a-8103-69c7c7dd4ffe.jpg","datePublished":"2023-07-10T13:45:51+00:00","dateModified":"2023-12-27T15:03:31+00:00","breadcrumb":{"@id":"https:\/\/cleitonpinheiro.com.br\/site\/missa-de-setimo-dia-de-siqueira-campos-acontece-na-catedral-de-palmas\/#breadcrumb"},"inLanguage":"pt-BR","potentialAction":[{"@type":"ReadAction","target":["https:\/\/cleitonpinheiro.com.br\/site\/missa-de-setimo-dia-de-siqueira-campos-acontece-na-catedral-de-palmas\/"]}]},{"@type":"ImageObject","inLanguage":"pt-BR","@id":"https:\/\/cleitonpinheiro.com.br\/site\/missa-de-setimo-dia-de-siqueira-campos-acontece-na-catedral-de-palmas\/#primaryimage","url":"","contentUrl":""},{"@type":"BreadcrumbList","@id":"https:\/\/cleitonpinheiro.com.br\/site\/missa-de-setimo-dia-de-siqueira-campos-acontece-na-catedral-de-palmas\/#breadcrumb","itemListElement":[{"@type":"ListItem","position":1,"name":"In\u00edcio","item":"https:\/\/cleitonpinheiro.com.br\/site\/"},{"@type":"ListItem","position":2,"name":"Missa de S\u00e9timo Dia de Siqueira Campos acontece na Catedral de Palmas"}]},{"@type":"WebSite","@id":"https:\/\/cleitonpinheiro.com.br\/site\/#website","url":"https:\/\/cleitonpinheiro.com.br\/site\/","name":"PORTAL DE NOT\u00cdCIAS CLEITON PINHEIRO","description":"FALANDO A VERDADE","publisher":{"@id":"https:\/\/cleitonpinheiro.com.br\/site\/#organization"},"potentialAction":[{"@type":"SearchAction","target":{"@type":"EntryPoint","urlTemplate":"https:\/\/cleitonpinheiro.com.br\/site\/?s={search_term_string}"},"query-input":{"@type":"PropertyValueSpecification","valueRequired":true,"valueName":"search_term_string"}}],"inLanguage":"pt-BR"},{"@type":"Organization","@id":"https:\/\/cleitonpinheiro.com.br\/site\/#organization","name":"CPNOT\u00cdCIAS","url":"https:\/\/cleitonpinheiro.com.br\/site\/","logo":{"@type":"ImageObject","inLanguage":"pt-BR","@id":"https:\/\/cleitonpinheiro.com.br\/site\/#\/schema\/logo\/image\/","url":"https:\/\/cleitonpinheiro.com.br\/site\/wp-content\/uploads\/2022\/08\/Logo-pequena-2.png","contentUrl":"https:\/\/cleitonpinheiro.com.br\/site\/wp-content\/uploads\/2022\/08\/Logo-pequena-2.png","width":500,"height":500,"caption":"CPNOT\u00cdCIAS"},"image":{"@id":"https:\/\/cleitonpinheiro.com.br\/site\/#\/schema\/logo\/image\/"},"sameAs":["https:\/\/www.facebook.com\/portalcpnoticias\/"]},{"@type":"Person","@id":"https:\/\/cleitonpinheiro.com.br\/site\/#\/schema\/person\/8f04544e0bc40a1b68775b08360f87db","name":"Reda\u00e7\u00e3o CP","image":{"@type":"ImageObject","inLanguage":"pt-BR","@id":"https:\/\/cleitonpinheiro.com.br\/site\/#\/schema\/person\/image\/","url":"https:\/\/secure.gravatar.com\/avatar\/0bcf19cb29fdc8fc588c490c7ae1b3e174dac268586a63fbe1d1893a0f9020cd?s=96&r=g","contentUrl":"https:\/\/secure.gravatar.com\/avatar\/0bcf19cb29fdc8fc588c490c7ae1b3e174dac268586a63fbe1d1893a0f9020cd?s=96&r=g","caption":"Reda\u00e7\u00e3o CP"},"url":"https:\/\/cleitonpinheiro.com.br\/site\/author\/redacao\/"}]}},"views":137,"_links":{"self":[{"href":"https:\/\/cleitonpinheiro.com.br\/site\/wp-json\/wp\/v2\/posts\/72861","targetHints":{"allow":["GET"]}}],"collection":[{"href":"https:\/\/cleitonpinheiro.com.br\/site\/wp-json\/wp\/v2\/posts"}],"about":[{"href":"https:\/\/cleitonpinheiro.com.br\/site\/wp-json\/wp\/v2\/types\/post"}],"author":[{"embeddable":true,"href":"https:\/\/cleitonpinheiro.com.br\/site\/wp-json\/wp\/v2\/users\/13"}],"replies":[{"embeddable":true,"href":"https:\/\/cleitonpinheiro.com.br\/site\/wp-json\/wp\/v2\/comments?post=72861"}],"version-history":[{"count":1,"href":"https:\/\/cleitonpinheiro.com.br\/site\/wp-json\/wp\/v2\/posts\/72861\/revisions"}],"predecessor-version":[{"id":72862,"href":"https:\/\/cleitonpinheiro.com.br\/site\/wp-json\/wp\/v2\/posts\/72861\/revisions\/72862"}],"wp:attachment":[{"href":"https:\/\/cleitonpinheiro.com.br\/site\/wp-json\/wp\/v2\/media?parent=72861"}],"wp:term":[{"taxonomy":"category","embeddable":true,"href":"https:\/\/cleitonpinheiro.com.br\/site\/wp-json\/wp\/v2\/categories?post=72861"},{"taxonomy":"post_tag","embeddable":true,"href":"https:\/\/cleitonpinheiro.com.br\/site\/wp-json\/wp\/v2\/tags?post=72861"}],"curies":[{"name":"wp","href":"https:\/\/api.w.org\/{rel}","templated":true}]}}