{"id":72866,"date":"2023-07-10T11:07:21","date_gmt":"2023-07-10T14:07:21","guid":{"rendered":"https:\/\/cleitonpinheiro.com.br\/site\/?p=72866"},"modified":"2023-08-10T14:29:46","modified_gmt":"2023-08-10T17:29:46","slug":"confira-cronograma-de-vacinacao-desta-semana-em-palmas-de-10-a-14-de-julho","status":"publish","type":"post","link":"https:\/\/cleitonpinheiro.com.br\/site\/confira-cronograma-de-vacinacao-desta-semana-em-palmas-de-10-a-14-de-julho\/","title":{"rendered":"Confira cronograma de vacina\u00e7\u00e3o desta semana em Palmas, de 10 a 14 de julho"},"content":{"rendered":"\n<figure class=\"wp-block-image size-full\"><img decoding=\"async\" src=\"https:\/\/cleitonpinheiro.com.br\/site\/wp-content\/uploads\/2023\/07\/c1b918e2-8d66-4e61-b5d2-cb1971b9c1a1.jpg\" alt=\"\" class=\"wp-image-72867\"\/><figcaption class=\"wp-element-caption\"><em>Popula\u00e7\u00e3o pode se vacinar contra gripe e covid nas Unidades de Sa\u00fade da Fam\u00edlia (USFs) &#8211; Foto: Ra\u00edza Milhomem\/Prefeitura de Palmas<\/em><\/figcaption><\/figure>\n\n\n\n<p class=\"wp-block-paragraph\"><strong>Da Reda\u00e7\u00e3o<\/strong><\/p>\n\n\n\n<p class=\"wp-block-paragraph\">A Secretaria Municipal de Sa\u00fade (Semus) de Palmas divulgou o novo cronograma de vacina\u00e7\u00e3o contra a gripe e a covid-19 para a semana de 10 a 14 de julho. \u00c9 importante que a popula\u00e7\u00e3o fique atenta aos hor\u00e1rios agendados e leve os documentos pessoais, o cart\u00e3o do SUS e o cart\u00e3o de vacina\u00e7\u00e3o.<\/p>\n\n\n\n<p class=\"wp-block-paragraph\">A Semus informa que todas as salas de vacina\u00e7\u00e3o, com exce\u00e7\u00e3o da Unidade de Sa\u00fade da Fam\u00edlia (USF) da Arno 71 (603 Norte), que est\u00e1 passando por reformas, estar\u00e3o realizando a vacina\u00e7\u00e3o de rotina para todos os grupos. \u00c9 essencial que a popula\u00e7\u00e3o verifique o cart\u00e3o de vacina\u00e7\u00e3o para saber qual vacina deve ser administrada, conforme a faixa et\u00e1ria correspondente, e mantenha-o sempre atualizado.<\/p>\n\n\n\n<p class=\"wp-block-paragraph\">A vacina\u00e7\u00e3o contra a gripe est\u00e1 dispon\u00edvel para todas as pessoas com mais de 6 meses. Confira abaixo as op\u00e7\u00f5es dispon\u00edveis contra a covid-19.<\/p>\n\n\n\n<p class=\"wp-block-paragraph\"><strong>Vacina Pfizer Baby:<\/strong>&nbsp;destinada a beb\u00eas de 6 meses a crian\u00e7as de 4 anos.<br><strong>Vacina Pfizer Pedi\u00e1trica:&nbsp;<\/strong>aplicada em crian\u00e7as de 5 a 11 anos.<br><strong>Vacina Pfizer Monovalente:&nbsp;<\/strong>destinada \u00e0 popula\u00e7\u00e3o com mais de 12 anos, sendo necess\u00e1ria a administra\u00e7\u00e3o de duas doses, al\u00e9m de uma terceira dose de refor\u00e7o para aqueles com menos de 17 anos.<br><strong>Vacina Pfizer Bivalente:&nbsp;<\/strong>direcionada a pessoas com 18 anos ou mais, que tenham recebido pelo menos duas doses da vacina monovalente e respeitado um intervalo m\u00ednimo de 4 meses desde a \u00faltima aplica\u00e7\u00e3o.<\/p>\n\n\n\n<p class=\"wp-block-paragraph\"><strong>Confira o cronograma completo de vacina\u00e7\u00e3o:<br>Covid-19<br>CoronaVac: 2\u00aa dose para popula\u00e7\u00e3o 3+<br>Hor\u00e1rio: 8 \u00e0s 17 horas<\/strong><br>Segunda-feira &#8211; USF Arno 61 (503 Norte)<br>Ter\u00e7a-feira &#8211; USF Prof Isabel Auler (Arso 23 &#8211; 207 Sul) &#8211; &nbsp;aberta somente das 7 \u00e0s 13 horas&nbsp;<br>Quarta-feira &#8211; USF Val\u00e9ria Martins (Arse 122 &#8211; 1.206 Sul)<br>Quinta-feira &#8211; USF Jos\u00e9 Hermes&nbsp;<br>Sexta-feira &#8211; USF Taquari &#8211; aberta somente das 7 \u00e0s 13 horas<br>Agendamento pr\u00e9vio nas unidades<br>USF Walterly Wagner Jos\u00e9 Ribeiro (Taquaru\u00e7u Grande)<br>USF Mariazinha Rodrigues da Silva (Buritirana)<br>USF Walter Pereira Morato (Taquaru\u00e7u)<br>&nbsp;<br><strong>Pfizer Infantil<br>Pfizer Baby: beb\u00eas de seis meses a crian\u00e7as de quatro anos&nbsp;<br>Pfizer Pedi\u00e1trica: crian\u00e7as de cinco a 11 anos<br>Segunda a sexta-feira, das 8 \u00e0s 17 horas<\/strong><br>USF Arno 61 (503 Norte)<br>USF Prof Isabel Auler (Arso 23 &#8211; 207 Sul) &#8211; aberta somente das 7 \u00e0s 13 horas&nbsp;<br>USF Val\u00e9ria Martins (Arse 122 &#8211; 1206 Sul)<br>USF Jos\u00e9 Hermes Rodrigues Damaso (Setor Sul)<br>USF Taquari &#8211; aberta somente das 7 \u00e0s 13 horas<br>Agendamento pr\u00e9vio nas unidades<br>USF Walterly Wagner Jos\u00e9 Ribeiro (Taquaru\u00e7u Grande)<br>USF Mariazinha Rodrigues da Silva (Buritirana)<br>USF Walter Pereira Morato (Taquaru\u00e7u)<br>&nbsp;<br><strong>Pfizer Monovalente&nbsp;<br>Pfizer Monovalente: 1\u00aa e 2\u00aa dose para popula\u00e7\u00e3o acima dos 12 anos + refor\u00e7o para menores de 17 anos<br>Segunda a sexta-feira, das 8 \u00e0s 17 horas<\/strong><br>USF da Arno 61 (503 Norte)<br>USF Arno 44 (409 Norte)&nbsp;<br>USF ASR-SE 75 (712 Sul)<br>USF Prof Isabel Auler (Arso 23 &#8211; 207 Sul) &#8211; &nbsp;aberta somente das 7 \u00e0s 13 horas&nbsp;<br>USF Loiane Moreno Vieira (210 Sul)<br>USF Val\u00e9ria Martins (Arse 122 &#8211; 1206 Sul)<br>USF Laurides Lima Milhomem (Jardim Aureny III)<br>USF Eug\u00eanio Pinheiro (Jardim Aureny I)<br>USF Santa B\u00e1rbara<br>USF Jos\u00e9 Hermes Rodrigues Damaso (Setor Sul)<br>USF Morada do Sol<br>USF Taquari &#8211; aberta somente das 7 \u00e0s 13 horas<br>USF Walterly Wagner Jos\u00e9 Ribeiro (Taquaru\u00e7u Grande) &#8211; vacina\u00e7\u00e3o apenas na quinta-feira<br>USF Mariazinha Rodrigues da Silva (Buritirana)<br>USF Walter Pereira Morato (Taquaru\u00e7u)<br>&nbsp;<br><strong>Pfizer Bivalente, influenza e vacina\u00e7\u00e3o de rotina<br>Influenza: grupo priorit\u00e1rio<br>Rotina: cart\u00e3o de vacina possui indica\u00e7\u00e3o do imunizante e faixa et\u00e1ria para aplica\u00e7\u00e3o<\/strong><br>Segunda a sexta-feira, das 8 \u00e0s 17 horas, em todas as unidades de sa\u00fade da Capital, com exce\u00e7\u00e3o da USF da Arno 71 (603 Norte)<br>USF Jos\u00e9 Luiz Otaviani (Arno 33 &#8211; 307 Norte)<br>USF Arno 41 (403 Norte) &#8211; aberta somente das 7 \u00e0s 13 horas<br>USF Arno 42 (405 Norte)<br>USF Arne 53 (406 Norte) &#8211; aberta somente das 7 \u00e0s 13 horas&nbsp;<br>USF Arno 44 (409 Norte) &#8211; aberta somente das 13 \u00e0s 18 horas<br>USF Arno 61 (503 Norte)<br>USF Arne 64 (508 Norte)<br>USF Deise de F\u00e1tima Ara\u00fajo de Paula (Arse 13 &#8211; 108 Sul) &#8211; aberta somente das 12 \u00e0s 18 horas<br>USF Loiane Moreno Vieira (Arse 24 &#8211; 210 Sul)<br>USF Prof Isabel Auler (Arso 23 &#8211; 207 Sul) &#8211; &nbsp;aberta somente das 7 \u00e0s 13 horas&nbsp;<br>USF Francisco J\u00fanior (Arso 41 &#8211; 403 Sul)<br>USF ASR-SE 75 (712 Sul)<br>USF Dr. Ewaldo Borges (Arse 82 &#8211; 806 Sul)<br>USF Albertino Santos (Arse 101 &#8211; 1004 Sul)&nbsp;<br>USF Satilo Alves de Sousa (Arso 111 &#8211; 1103 Sul)<br>USF Val\u00e9ria Martins Pereira (Arse 122 &#8211; 1206 Sul)<br>USF H\u00e9der de Oliveira Silva (Arse 131 &#8211; 1304 Sul) &#8211; &nbsp;aberta somente das 7 \u00e0s 13 horas<br>USF Alto Bonito (Jardim Aureny IV) &#8211; somente das 13 \u00e0s 18 horas<br>USF Novo Horizonte (Jardim Aureny IV)<br>USF Laurides Lima Milhomem (Jardim Aureny III)<br>USF Liberdade (Jardim Aureny III) &#8211; &nbsp;aberta somente das 7 \u00e0s 13 horas&nbsp;<br>USF Aureny II (Jardim Aureny II) &#8211; somente das 7 \u00e0s 13 horas<br>USF Eug\u00eanio Pinheiro da Silva (Jardim Aureny I)<br>USF Jos\u00e9 L\u00facio Carvalho (Lago Sul)<br>USF Taquari &#8211; aberta somente das 7 \u00e0s 13 horas<br>USF Santa F\u00e9<br>USF Morada do Sol<br>USF Bela Vista (Jardim Bela Vista)&nbsp;<br>USF Santa B\u00e1rbara&nbsp;<br>USF Jos\u00e9 Hermes Rodrigues Damaso (Setor Sul)<br>USF Walterly Wagner Jos\u00e9 Ribeiro (Taquaru\u00e7u Grande) &#8211; somente quinta-feira<br>USF Mariazinha Rodrigues da Silva (Buritirana)<br>USF Walter Pereira Morato (Taquaru\u00e7u)<\/p>\n","protected":false},"excerpt":{"rendered":"<p>Da Reda\u00e7\u00e3o A Secretaria Municipal de Sa\u00fade (Semus) de Palmas divulgou o novo cronograma de vacina\u00e7\u00e3o contra a gripe e a covid-19 para a semana de 10 a 14 de julho. \u00c9 importante que a popula\u00e7\u00e3o fique atenta aos hor\u00e1rios agendados e leve os documentos pessoais, o cart\u00e3o do SUS e o cart\u00e3o de vacina\u00e7\u00e3o. [&hellip;]<\/p>\n","protected":false},"author":13,"featured_media":0,"comment_status":"open","ping_status":"open","sticky":false,"template":"","format":"standard","meta":{"_acf_changed":false,"footnotes":""},"categories":[22,898],"tags":[393,720,959],"class_list":["post-72866","post","type-post","status-publish","format-standard","hentry","category-cidades","category-manchete-segundaria","tag-gripe","tag-prefeitura-de-palmas","tag-vacinacao"],"acf":[],"yoast_head":"<!-- This site is optimized with the Yoast SEO plugin v24.4 - https:\/\/yoast.com\/wordpress\/plugins\/seo\/ -->\n<title>Confira cronograma de vacina\u00e7\u00e3o desta semana em Palmas, de 10 a 14 de julho - PORTAL DE NOT\u00cdCIAS CLEITON PINHEIRO<\/title>\n<meta name=\"robots\" content=\"index, follow, max-snippet:-1, max-image-preview:large, max-video-preview:-1\" \/>\n<link rel=\"canonical\" href=\"https:\/\/cleitonpinheiro.com.br\/site\/confira-cronograma-de-vacinacao-desta-semana-em-palmas-de-10-a-14-de-julho\/\" \/>\n<meta property=\"og:locale\" content=\"pt_BR\" \/>\n<meta property=\"og:type\" content=\"article\" \/>\n<meta property=\"og:title\" content=\"Confira cronograma de vacina\u00e7\u00e3o desta semana em Palmas, de 10 a 14 de julho - PORTAL DE NOT\u00cdCIAS CLEITON PINHEIRO\" \/>\n<meta property=\"og:description\" content=\"Da Reda\u00e7\u00e3o A Secretaria Municipal de Sa\u00fade (Semus) de Palmas divulgou o novo cronograma de vacina\u00e7\u00e3o contra a gripe e a covid-19 para a semana de 10 a 14 de julho. \u00c9 importante que a popula\u00e7\u00e3o fique atenta aos hor\u00e1rios agendados e leve os documentos pessoais, o cart\u00e3o do SUS e o cart\u00e3o de vacina\u00e7\u00e3o. [&hellip;]\" \/>\n<meta property=\"og:url\" content=\"https:\/\/cleitonpinheiro.com.br\/site\/confira-cronograma-de-vacinacao-desta-semana-em-palmas-de-10-a-14-de-julho\/\" \/>\n<meta property=\"og:site_name\" content=\"PORTAL DE NOT\u00cdCIAS CLEITON PINHEIRO\" \/>\n<meta property=\"article:publisher\" content=\"https:\/\/www.facebook.com\/portalcpnoticias\/\" \/>\n<meta property=\"article:published_time\" content=\"2023-07-10T14:07:21+00:00\" \/>\n<meta property=\"article:modified_time\" content=\"2023-08-10T17:29:46+00:00\" \/>\n<meta property=\"og:image\" content=\"https:\/\/cleitonpinheiro.com.br\/site\/wp-content\/uploads\/2023\/07\/c1b918e2-8d66-4e61-b5d2-cb1971b9c1a1.jpg\" \/>\n\t<meta property=\"og:image:width\" content=\"2505\" \/>\n\t<meta property=\"og:image:height\" content=\"1571\" \/>\n\t<meta property=\"og:image:type\" content=\"image\/jpeg\" \/>\n<meta name=\"author\" content=\"Reda\u00e7\u00e3o CP\" \/>\n<meta name=\"twitter:card\" content=\"summary_large_image\" \/>\n<meta name=\"twitter:label1\" content=\"Escrito por\" \/>\n\t<meta name=\"twitter:data1\" content=\"Reda\u00e7\u00e3o CP\" \/>\n\t<meta name=\"twitter:label2\" content=\"Est. tempo de leitura\" \/>\n\t<meta name=\"twitter:data2\" content=\"6 minutos\" \/>\n<script type=\"application\/ld+json\" class=\"yoast-schema-graph\">{\"@context\":\"https:\/\/schema.org\",\"@graph\":[{\"@type\":\"Article\",\"@id\":\"https:\/\/cleitonpinheiro.com.br\/site\/confira-cronograma-de-vacinacao-desta-semana-em-palmas-de-10-a-14-de-julho\/#article\",\"isPartOf\":{\"@id\":\"https:\/\/cleitonpinheiro.com.br\/site\/confira-cronograma-de-vacinacao-desta-semana-em-palmas-de-10-a-14-de-julho\/\"},\"author\":{\"name\":\"Reda\u00e7\u00e3o CP\",\"@id\":\"https:\/\/cleitonpinheiro.com.br\/site\/#\/schema\/person\/8f04544e0bc40a1b68775b08360f87db\"},\"headline\":\"Confira cronograma de vacina\u00e7\u00e3o desta semana em Palmas, de 10 a 14 de julho\",\"datePublished\":\"2023-07-10T14:07:21+00:00\",\"dateModified\":\"2023-08-10T17:29:46+00:00\",\"mainEntityOfPage\":{\"@id\":\"https:\/\/cleitonpinheiro.com.br\/site\/confira-cronograma-de-vacinacao-desta-semana-em-palmas-de-10-a-14-de-julho\/\"},\"wordCount\":898,\"commentCount\":0,\"publisher\":{\"@id\":\"https:\/\/cleitonpinheiro.com.br\/site\/#organization\"},\"image\":{\"@id\":\"https:\/\/cleitonpinheiro.com.br\/site\/confira-cronograma-de-vacinacao-desta-semana-em-palmas-de-10-a-14-de-julho\/#primaryimage\"},\"thumbnailUrl\":\"https:\/\/cleitonpinheiro.com.br\/site\/wp-content\/uploads\/2023\/07\/c1b918e2-8d66-4e61-b5d2-cb1971b9c1a1.jpg\",\"keywords\":[\"gripe\",\"Prefeitura de Palmas\",\"Vacina\u00e7\u00e3o\"],\"articleSection\":[\"CIDADES\",\"MANCHETE SEGUND\u00c1RIA\"],\"inLanguage\":\"pt-BR\",\"potentialAction\":[{\"@type\":\"CommentAction\",\"name\":\"Comment\",\"target\":[\"https:\/\/cleitonpinheiro.com.br\/site\/confira-cronograma-de-vacinacao-desta-semana-em-palmas-de-10-a-14-de-julho\/#respond\"]}]},{\"@type\":\"WebPage\",\"@id\":\"https:\/\/cleitonpinheiro.com.br\/site\/confira-cronograma-de-vacinacao-desta-semana-em-palmas-de-10-a-14-de-julho\/\",\"url\":\"https:\/\/cleitonpinheiro.com.br\/site\/confira-cronograma-de-vacinacao-desta-semana-em-palmas-de-10-a-14-de-julho\/\",\"name\":\"Confira cronograma de vacina\u00e7\u00e3o desta semana em Palmas, de 10 a 14 de julho - PORTAL DE NOT\u00cdCIAS CLEITON PINHEIRO\",\"isPartOf\":{\"@id\":\"https:\/\/cleitonpinheiro.com.br\/site\/#website\"},\"primaryImageOfPage\":{\"@id\":\"https:\/\/cleitonpinheiro.com.br\/site\/confira-cronograma-de-vacinacao-desta-semana-em-palmas-de-10-a-14-de-julho\/#primaryimage\"},\"image\":{\"@id\":\"https:\/\/cleitonpinheiro.com.br\/site\/confira-cronograma-de-vacinacao-desta-semana-em-palmas-de-10-a-14-de-julho\/#primaryimage\"},\"thumbnailUrl\":\"https:\/\/cleitonpinheiro.com.br\/site\/wp-content\/uploads\/2023\/07\/c1b918e2-8d66-4e61-b5d2-cb1971b9c1a1.jpg\",\"datePublished\":\"2023-07-10T14:07:21+00:00\",\"dateModified\":\"2023-08-10T17:29:46+00:00\",\"breadcrumb\":{\"@id\":\"https:\/\/cleitonpinheiro.com.br\/site\/confira-cronograma-de-vacinacao-desta-semana-em-palmas-de-10-a-14-de-julho\/#breadcrumb\"},\"inLanguage\":\"pt-BR\",\"potentialAction\":[{\"@type\":\"ReadAction\",\"target\":[\"https:\/\/cleitonpinheiro.com.br\/site\/confira-cronograma-de-vacinacao-desta-semana-em-palmas-de-10-a-14-de-julho\/\"]}]},{\"@type\":\"ImageObject\",\"inLanguage\":\"pt-BR\",\"@id\":\"https:\/\/cleitonpinheiro.com.br\/site\/confira-cronograma-de-vacinacao-desta-semana-em-palmas-de-10-a-14-de-julho\/#primaryimage\",\"url\":\"\",\"contentUrl\":\"\"},{\"@type\":\"BreadcrumbList\",\"@id\":\"https:\/\/cleitonpinheiro.com.br\/site\/confira-cronograma-de-vacinacao-desta-semana-em-palmas-de-10-a-14-de-julho\/#breadcrumb\",\"itemListElement\":[{\"@type\":\"ListItem\",\"position\":1,\"name\":\"In\u00edcio\",\"item\":\"https:\/\/cleitonpinheiro.com.br\/site\/\"},{\"@type\":\"ListItem\",\"position\":2,\"name\":\"Confira cronograma de vacina\u00e7\u00e3o desta semana em Palmas, de 10 a 14 de julho\"}]},{\"@type\":\"WebSite\",\"@id\":\"https:\/\/cleitonpinheiro.com.br\/site\/#website\",\"url\":\"https:\/\/cleitonpinheiro.com.br\/site\/\",\"name\":\"PORTAL DE NOT\u00cdCIAS CLEITON PINHEIRO\",\"description\":\"FALANDO A VERDADE\",\"publisher\":{\"@id\":\"https:\/\/cleitonpinheiro.com.br\/site\/#organization\"},\"potentialAction\":[{\"@type\":\"SearchAction\",\"target\":{\"@type\":\"EntryPoint\",\"urlTemplate\":\"https:\/\/cleitonpinheiro.com.br\/site\/?s={search_term_string}\"},\"query-input\":{\"@type\":\"PropertyValueSpecification\",\"valueRequired\":true,\"valueName\":\"search_term_string\"}}],\"inLanguage\":\"pt-BR\"},{\"@type\":\"Organization\",\"@id\":\"https:\/\/cleitonpinheiro.com.br\/site\/#organization\",\"name\":\"CPNOT\u00cdCIAS\",\"url\":\"https:\/\/cleitonpinheiro.com.br\/site\/\",\"logo\":{\"@type\":\"ImageObject\",\"inLanguage\":\"pt-BR\",\"@id\":\"https:\/\/cleitonpinheiro.com.br\/site\/#\/schema\/logo\/image\/\",\"url\":\"https:\/\/cleitonpinheiro.com.br\/site\/wp-content\/uploads\/2022\/08\/Logo-pequena-2.png\",\"contentUrl\":\"https:\/\/cleitonpinheiro.com.br\/site\/wp-content\/uploads\/2022\/08\/Logo-pequena-2.png\",\"width\":500,\"height\":500,\"caption\":\"CPNOT\u00cdCIAS\"},\"image\":{\"@id\":\"https:\/\/cleitonpinheiro.com.br\/site\/#\/schema\/logo\/image\/\"},\"sameAs\":[\"https:\/\/www.facebook.com\/portalcpnoticias\/\"]},{\"@type\":\"Person\",\"@id\":\"https:\/\/cleitonpinheiro.com.br\/site\/#\/schema\/person\/8f04544e0bc40a1b68775b08360f87db\",\"name\":\"Reda\u00e7\u00e3o CP\",\"image\":{\"@type\":\"ImageObject\",\"inLanguage\":\"pt-BR\",\"@id\":\"https:\/\/cleitonpinheiro.com.br\/site\/#\/schema\/person\/image\/\",\"url\":\"https:\/\/secure.gravatar.com\/avatar\/0bcf19cb29fdc8fc588c490c7ae1b3e174dac268586a63fbe1d1893a0f9020cd?s=96&r=g\",\"contentUrl\":\"https:\/\/secure.gravatar.com\/avatar\/0bcf19cb29fdc8fc588c490c7ae1b3e174dac268586a63fbe1d1893a0f9020cd?s=96&r=g\",\"caption\":\"Reda\u00e7\u00e3o CP\"},\"url\":\"https:\/\/cleitonpinheiro.com.br\/site\/author\/redacao\/\"}]}<\/script>\n<!-- \/ Yoast SEO plugin. -->","yoast_head_json":{"title":"Confira cronograma de vacina\u00e7\u00e3o desta semana em Palmas, de 10 a 14 de julho - PORTAL DE NOT\u00cdCIAS CLEITON PINHEIRO","robots":{"index":"index","follow":"follow","max-snippet":"max-snippet:-1","max-image-preview":"max-image-preview:large","max-video-preview":"max-video-preview:-1"},"canonical":"https:\/\/cleitonpinheiro.com.br\/site\/confira-cronograma-de-vacinacao-desta-semana-em-palmas-de-10-a-14-de-julho\/","og_locale":"pt_BR","og_type":"article","og_title":"Confira cronograma de vacina\u00e7\u00e3o desta semana em Palmas, de 10 a 14 de julho - PORTAL DE NOT\u00cdCIAS CLEITON PINHEIRO","og_description":"Da Reda\u00e7\u00e3o A Secretaria Municipal de Sa\u00fade (Semus) de Palmas divulgou o novo cronograma de vacina\u00e7\u00e3o contra a gripe e a covid-19 para a semana de 10 a 14 de julho. \u00c9 importante que a popula\u00e7\u00e3o fique atenta aos hor\u00e1rios agendados e leve os documentos pessoais, o cart\u00e3o do SUS e o cart\u00e3o de vacina\u00e7\u00e3o. [&hellip;]","og_url":"https:\/\/cleitonpinheiro.com.br\/site\/confira-cronograma-de-vacinacao-desta-semana-em-palmas-de-10-a-14-de-julho\/","og_site_name":"PORTAL DE NOT\u00cdCIAS CLEITON PINHEIRO","article_publisher":"https:\/\/www.facebook.com\/portalcpnoticias\/","article_published_time":"2023-07-10T14:07:21+00:00","article_modified_time":"2023-08-10T17:29:46+00:00","og_image":[{"width":2505,"height":1571,"url":"https:\/\/cleitonpinheiro.com.br\/site\/wp-content\/uploads\/2023\/07\/c1b918e2-8d66-4e61-b5d2-cb1971b9c1a1.jpg","type":"image\/jpeg"}],"author":"Reda\u00e7\u00e3o CP","twitter_card":"summary_large_image","twitter_misc":{"Escrito por":"Reda\u00e7\u00e3o CP","Est. tempo de leitura":"6 minutos"},"schema":{"@context":"https:\/\/schema.org","@graph":[{"@type":"Article","@id":"https:\/\/cleitonpinheiro.com.br\/site\/confira-cronograma-de-vacinacao-desta-semana-em-palmas-de-10-a-14-de-julho\/#article","isPartOf":{"@id":"https:\/\/cleitonpinheiro.com.br\/site\/confira-cronograma-de-vacinacao-desta-semana-em-palmas-de-10-a-14-de-julho\/"},"author":{"name":"Reda\u00e7\u00e3o CP","@id":"https:\/\/cleitonpinheiro.com.br\/site\/#\/schema\/person\/8f04544e0bc40a1b68775b08360f87db"},"headline":"Confira cronograma de vacina\u00e7\u00e3o desta semana em Palmas, de 10 a 14 de julho","datePublished":"2023-07-10T14:07:21+00:00","dateModified":"2023-08-10T17:29:46+00:00","mainEntityOfPage":{"@id":"https:\/\/cleitonpinheiro.com.br\/site\/confira-cronograma-de-vacinacao-desta-semana-em-palmas-de-10-a-14-de-julho\/"},"wordCount":898,"commentCount":0,"publisher":{"@id":"https:\/\/cleitonpinheiro.com.br\/site\/#organization"},"image":{"@id":"https:\/\/cleitonpinheiro.com.br\/site\/confira-cronograma-de-vacinacao-desta-semana-em-palmas-de-10-a-14-de-julho\/#primaryimage"},"thumbnailUrl":"https:\/\/cleitonpinheiro.com.br\/site\/wp-content\/uploads\/2023\/07\/c1b918e2-8d66-4e61-b5d2-cb1971b9c1a1.jpg","keywords":["gripe","Prefeitura de Palmas","Vacina\u00e7\u00e3o"],"articleSection":["CIDADES","MANCHETE SEGUND\u00c1RIA"],"inLanguage":"pt-BR","potentialAction":[{"@type":"CommentAction","name":"Comment","target":["https:\/\/cleitonpinheiro.com.br\/site\/confira-cronograma-de-vacinacao-desta-semana-em-palmas-de-10-a-14-de-julho\/#respond"]}]},{"@type":"WebPage","@id":"https:\/\/cleitonpinheiro.com.br\/site\/confira-cronograma-de-vacinacao-desta-semana-em-palmas-de-10-a-14-de-julho\/","url":"https:\/\/cleitonpinheiro.com.br\/site\/confira-cronograma-de-vacinacao-desta-semana-em-palmas-de-10-a-14-de-julho\/","name":"Confira cronograma de vacina\u00e7\u00e3o desta semana em Palmas, de 10 a 14 de julho - PORTAL DE NOT\u00cdCIAS CLEITON PINHEIRO","isPartOf":{"@id":"https:\/\/cleitonpinheiro.com.br\/site\/#website"},"primaryImageOfPage":{"@id":"https:\/\/cleitonpinheiro.com.br\/site\/confira-cronograma-de-vacinacao-desta-semana-em-palmas-de-10-a-14-de-julho\/#primaryimage"},"image":{"@id":"https:\/\/cleitonpinheiro.com.br\/site\/confira-cronograma-de-vacinacao-desta-semana-em-palmas-de-10-a-14-de-julho\/#primaryimage"},"thumbnailUrl":"https:\/\/cleitonpinheiro.com.br\/site\/wp-content\/uploads\/2023\/07\/c1b918e2-8d66-4e61-b5d2-cb1971b9c1a1.jpg","datePublished":"2023-07-10T14:07:21+00:00","dateModified":"2023-08-10T17:29:46+00:00","breadcrumb":{"@id":"https:\/\/cleitonpinheiro.com.br\/site\/confira-cronograma-de-vacinacao-desta-semana-em-palmas-de-10-a-14-de-julho\/#breadcrumb"},"inLanguage":"pt-BR","potentialAction":[{"@type":"ReadAction","target":["https:\/\/cleitonpinheiro.com.br\/site\/confira-cronograma-de-vacinacao-desta-semana-em-palmas-de-10-a-14-de-julho\/"]}]},{"@type":"ImageObject","inLanguage":"pt-BR","@id":"https:\/\/cleitonpinheiro.com.br\/site\/confira-cronograma-de-vacinacao-desta-semana-em-palmas-de-10-a-14-de-julho\/#primaryimage","url":"","contentUrl":""},{"@type":"BreadcrumbList","@id":"https:\/\/cleitonpinheiro.com.br\/site\/confira-cronograma-de-vacinacao-desta-semana-em-palmas-de-10-a-14-de-julho\/#breadcrumb","itemListElement":[{"@type":"ListItem","position":1,"name":"In\u00edcio","item":"https:\/\/cleitonpinheiro.com.br\/site\/"},{"@type":"ListItem","position":2,"name":"Confira cronograma de vacina\u00e7\u00e3o desta semana em Palmas, de 10 a 14 de julho"}]},{"@type":"WebSite","@id":"https:\/\/cleitonpinheiro.com.br\/site\/#website","url":"https:\/\/cleitonpinheiro.com.br\/site\/","name":"PORTAL DE NOT\u00cdCIAS CLEITON PINHEIRO","description":"FALANDO A VERDADE","publisher":{"@id":"https:\/\/cleitonpinheiro.com.br\/site\/#organization"},"potentialAction":[{"@type":"SearchAction","target":{"@type":"EntryPoint","urlTemplate":"https:\/\/cleitonpinheiro.com.br\/site\/?s={search_term_string}"},"query-input":{"@type":"PropertyValueSpecification","valueRequired":true,"valueName":"search_term_string"}}],"inLanguage":"pt-BR"},{"@type":"Organization","@id":"https:\/\/cleitonpinheiro.com.br\/site\/#organization","name":"CPNOT\u00cdCIAS","url":"https:\/\/cleitonpinheiro.com.br\/site\/","logo":{"@type":"ImageObject","inLanguage":"pt-BR","@id":"https:\/\/cleitonpinheiro.com.br\/site\/#\/schema\/logo\/image\/","url":"https:\/\/cleitonpinheiro.com.br\/site\/wp-content\/uploads\/2022\/08\/Logo-pequena-2.png","contentUrl":"https:\/\/cleitonpinheiro.com.br\/site\/wp-content\/uploads\/2022\/08\/Logo-pequena-2.png","width":500,"height":500,"caption":"CPNOT\u00cdCIAS"},"image":{"@id":"https:\/\/cleitonpinheiro.com.br\/site\/#\/schema\/logo\/image\/"},"sameAs":["https:\/\/www.facebook.com\/portalcpnoticias\/"]},{"@type":"Person","@id":"https:\/\/cleitonpinheiro.com.br\/site\/#\/schema\/person\/8f04544e0bc40a1b68775b08360f87db","name":"Reda\u00e7\u00e3o CP","image":{"@type":"ImageObject","inLanguage":"pt-BR","@id":"https:\/\/cleitonpinheiro.com.br\/site\/#\/schema\/person\/image\/","url":"https:\/\/secure.gravatar.com\/avatar\/0bcf19cb29fdc8fc588c490c7ae1b3e174dac268586a63fbe1d1893a0f9020cd?s=96&r=g","contentUrl":"https:\/\/secure.gravatar.com\/avatar\/0bcf19cb29fdc8fc588c490c7ae1b3e174dac268586a63fbe1d1893a0f9020cd?s=96&r=g","caption":"Reda\u00e7\u00e3o CP"},"url":"https:\/\/cleitonpinheiro.com.br\/site\/author\/redacao\/"}]}},"views":184,"_links":{"self":[{"href":"https:\/\/cleitonpinheiro.com.br\/site\/wp-json\/wp\/v2\/posts\/72866","targetHints":{"allow":["GET"]}}],"collection":[{"href":"https:\/\/cleitonpinheiro.com.br\/site\/wp-json\/wp\/v2\/posts"}],"about":[{"href":"https:\/\/cleitonpinheiro.com.br\/site\/wp-json\/wp\/v2\/types\/post"}],"author":[{"embeddable":true,"href":"https:\/\/cleitonpinheiro.com.br\/site\/wp-json\/wp\/v2\/users\/13"}],"replies":[{"embeddable":true,"href":"https:\/\/cleitonpinheiro.com.br\/site\/wp-json\/wp\/v2\/comments?post=72866"}],"version-history":[{"count":1,"href":"https:\/\/cleitonpinheiro.com.br\/site\/wp-json\/wp\/v2\/posts\/72866\/revisions"}],"predecessor-version":[{"id":72868,"href":"https:\/\/cleitonpinheiro.com.br\/site\/wp-json\/wp\/v2\/posts\/72866\/revisions\/72868"}],"wp:attachment":[{"href":"https:\/\/cleitonpinheiro.com.br\/site\/wp-json\/wp\/v2\/media?parent=72866"}],"wp:term":[{"taxonomy":"category","embeddable":true,"href":"https:\/\/cleitonpinheiro.com.br\/site\/wp-json\/wp\/v2\/categories?post=72866"},{"taxonomy":"post_tag","embeddable":true,"href":"https:\/\/cleitonpinheiro.com.br\/site\/wp-json\/wp\/v2\/tags?post=72866"}],"curies":[{"name":"wp","href":"https:\/\/api.w.org\/{rel}","templated":true}]}}