{"id":72886,"date":"2023-07-10T11:53:31","date_gmt":"2023-07-10T14:53:31","guid":{"rendered":"https:\/\/cleitonpinheiro.com.br\/site\/?p=72886"},"modified":"2023-12-27T12:03:07","modified_gmt":"2023-12-27T15:03:07","slug":"ferias-escolares-educadoras-dao-dicas-sobre-como-entreter-a-criancada-neste-periodo","status":"publish","type":"post","link":"https:\/\/cleitonpinheiro.com.br\/site\/ferias-escolares-educadoras-dao-dicas-sobre-como-entreter-a-criancada-neste-periodo\/","title":{"rendered":"F\u00e9rias escolares: educadoras d\u00e3o dicas sobre como entreter a crian\u00e7ada neste per\u00edodo"},"content":{"rendered":"\n<figure class=\"wp-block-image size-full\"><img decoding=\"async\" src=\"https:\/\/cleitonpinheiro.com.br\/site\/wp-content\/uploads\/2023\/07\/6279cac83039496ab21a078bd0f9ce41-1.jpeg\" alt=\"\" class=\"wp-image-72887\"\/><figcaption class=\"wp-element-caption\"><em>Brincando as crian\u00e7as aprendem a ter autocontrole, a ganhar e a perder, aprendem a dividir e a se socializar com os outros &#8211; Foto: Prefeitura de Palmas<\/em><\/figcaption><\/figure>\n\n\n\n<p class=\"wp-block-paragraph\"><strong>Da Prefeitura de Palmas<\/strong><\/p>\n\n\n\n<p class=\"wp-block-paragraph\">Julho chegou e, com ele, as t\u00e3o esperadas f\u00e9rias escolares! Per\u00edodo para as fam\u00edlias aproveitarem alguns dias para curtir os filhos, seja viajando ou apenas descansando. Mas caso os pais estejam trabalhando e as crian\u00e7as precisem ficar em casa, \u00e9 necess\u00e1rio criar estrat\u00e9gias para sair da rotina e evitar que seus pequenos fiquem longos per\u00edodos assistindo \u00e0 TV, ou em celulares\/computadores.<\/p>\n\n\n\n<p class=\"wp-block-paragraph\">Para inspirar as fam\u00edlias, as educadoras Maria Joaquina Alves Tavares e Monale Freitas d\u00e3o algumas dicas de como entreter a crian\u00e7ada nesse per\u00edodo de f\u00e9rias. Praticar atividades ao ar livre, como pular corda ou andar de bicicleta, em uma pra\u00e7a pr\u00f3xima \u00e0 resid\u00eancia, ou fazer passeios culturais pela cidade s\u00e3o algumas das op\u00e7\u00f5es.<br>H\u00e1 12 anos atuando na educa\u00e7\u00e3o infantil, a professora Maria Joaquina ressalta que existem in\u00fameras possibilidades de se promover brincadeiras utilizando os espa\u00e7os de casa e seus arredores como cal\u00e7adas, parquinhos e pra\u00e7as. Desta maneira, as crian\u00e7as saem de dentro de casa e da frente das telas, e continuam desenvolvendo as habilidades necess\u00e1rias para sua faixa et\u00e1ria.<\/p>\n\n\n\n<p class=\"wp-block-paragraph\">A professora afirma que \u00e9 poss\u00edvel os pais organizarem momentos descontra\u00eddos com a crian\u00e7ada utilizando apenas materiais n\u00e3o estruturados, objetos que podem ser disponibilizados para que elas inventem a pr\u00f3pria brincadeira. \u201c\u00c9 preciso usar todos os espa\u00e7os para explorar e gastar energia das crian\u00e7as. No quintal de casa mesmo, podem usar o que tiver, caixas, madeiras, pneus usados, areia, flores, folhas, galhos e colocar as crian\u00e7as para explorar esses elementos da natureza. Isso ajuda muito na criatividade e na imagina\u00e7\u00e3o\u201d, afirma.<\/p>\n\n\n\n<blockquote class=\"wp-block-quote is-layout-flow wp-block-quote-is-layout-flow\">\n<p class=\"wp-block-paragraph\"><a href=\"https:\/\/agenciapalmas.com\/Noticia\/235238\/educacao-produz-serie-com-dicas-para-entreter-criancas-durante-ferias-escolares\" target=\"_blank\" rel=\"noreferrer noopener\">Educa\u00e7\u00e3o produz s\u00e9rie com dicas para entreter crian\u00e7as durante f\u00e9rias escolares<\/a><\/p>\n<\/blockquote>\n\n\n\n<p class=\"wp-block-paragraph\">Trabalhando h\u00e1 17 anos na rede municipal de ensino, principalmente com educa\u00e7\u00e3o infantil, a professora de Educa\u00e7\u00e3o F\u00edsica Monale Freitas diz que o brincar por si s\u00f3 j\u00e1 \u00e9 algo ordin\u00e1rio e espont\u00e2neo, que n\u00e3o requer um direcionamento, e ajuda a desenvolver v\u00e1rias \u00e1reas da vida das crian\u00e7as, como as habilidades motoras, f\u00edsicas e cognitivas, al\u00e9m dos sentimentos tamb\u00e9m.<\/p>\n\n\n\n<p class=\"wp-block-paragraph\">Ela destaca que para tirar a crian\u00e7ada da frente das telas de TVs e celulares para que se divirtam e aproveitem bastante as f\u00e9rias os pais\/respons\u00e1veis precisam apenas usar a criatividade. Eles podem relembrar aquelas brincadeiras de inf\u00e2ncia bem conhecidas, como pular corda, amarelinha, boliche com garrafa pet, corrida na rua, adedonha, que hoje \u00e9 bem conhecida pela crian\u00e7ada como stop, dentre outras. \u201cPara as brincadeiras acontecerem naturalmente, com muita descontra\u00e7\u00e3o e criatividade, basta que as crian\u00e7as estejam num ambiente seguro e sob a vigil\u00e2ncia de um respons\u00e1vel\u201d, afirma.<\/p>\n\n\n\n<p class=\"wp-block-paragraph\">Segundo a educadora, as brincadeiras trazem muitos ensinamentos e s\u00e3o muito ricas porque desenvolvem a criatividade e fazem transparecer muitas emo\u00e7\u00f5es. \u201cBrincando as crian\u00e7as aprendem a ter autocontrole, a ganhar e a perder, aprendem a dividir e a se socializar com os outros. Essa liberdade do brincar proporciona muita coisa tanto para o corpo quanto para a mente e s\u00e3o experi\u00eancias que levar\u00e3o para a vida toda\u201d, finaliza.<\/p>\n\n\n\n<p class=\"wp-block-paragraph\">A jornalista Glauce Moraes, m\u00e3e dos pequenos Rafael, 9 anos, Lucas, 5 anos, e Gabriel, 3, diz que entreter a crian\u00e7ada no per\u00edodo de f\u00e9rias n\u00e3o \u00e9 tarefa f\u00e1cil, e utiliza de todas as estrat\u00e9gias para preencher o tempo deles com brincadeiras que gastem bastante energia. \u201cNo per\u00edodo da manh\u00e3 eles brincam dentro de casa, mas durante a tarde chamo os coleguinhas da vizinhan\u00e7a e eles se divertem brincando juntos\u201d, conta, acrescentando que a rua onde moram \u00e9 bem tranquila, e d\u00e1 para os pequenos andarem de bicicleta, patins e patinete.<\/p>\n\n\n\n<blockquote class=\"wp-block-quote is-layout-flow wp-block-quote-is-layout-flow\">\n<p class=\"wp-block-paragraph\"><a href=\"https:\/\/agenciapalmas.com\/Noticia\/235301\/ferias-escolares-saiba-como-planejar-atividades-de-lazer-em-familia\" target=\"_blank\" rel=\"noreferrer noopener\">F\u00e9rias escolares: saiba como planejar atividades de lazer em fam\u00edlia<\/a><\/p>\n<\/blockquote>\n\n\n\n<p class=\"wp-block-paragraph\">Segundo ela, quando a molecada se re\u00fane, as brincadeiras preferidas s\u00e3o amarelinha, competi\u00e7\u00e3o de corrida e, claro, futebol. \u201cQuando estamos em casa a regra \u00e9 usar a criatividade, eles brincam muito com massinha de modelar, pinturas e desenhos\u201d afirma.<br>Glauce conta que os meninos n\u00e3o usam celular, mas com rela\u00e7\u00e3o \u00e0 televis\u00e3o deixa liberada somente no per\u00edodo da manh\u00e3, enquanto realiza as atividades dom\u00e9sticas e faz o almo\u00e7o. \u201cA tarde procuro o m\u00e1ximo evitar a TV, saio de casa para aproveitar os recursos naturais que nossa cidade tem, vamos passear em alguma pra\u00e7a, levo \u00e0 praia, coloco eles para gastar bastante energia.&#8221;<\/p>\n\n\n\n<p class=\"wp-block-paragraph\"><br><strong>Sugest\u00f5es de alguns brinquedos que s\u00e3o alternativas acess\u00edveis e que contribuem para o movimento nas f\u00e9rias escolares:<\/strong><\/p>\n\n\n\n<ul class=\"wp-block-list\">\n<li><strong>corda<\/strong>&nbsp;&#8211; pode ser encontrada em lojas de materiais ou em lojas de brinquedos, ou de artigos esportivos. D\u00e1 para gastar muita energia apenas pulando corda, al\u00e9m de ser super divertido. Melhor ainda se envolver as can\u00e7\u00f5es e rimas que fazem parte das tradi\u00e7\u00f5es dessa brincadeira;<\/li>\n\n\n\n<li><strong>bal\u00e3o de festa<\/strong>&nbsp;&#8211; pode parecer que n\u00e3o, mas com os bal\u00f5es de festa (bexigas) d\u00e1 para realizar uma s\u00e9rie de brincadeiras e jogos. Melhor ainda, quem mora em apartamento tamb\u00e9m consegue aproveitar. Um exemplo \u00e9 brincar de n\u00e3o deixar o bal\u00e3o cair no ch\u00e3o;<\/li>\n\n\n\n<li><strong>giz<\/strong>&nbsp;&#8211; vale inventar novas brincadeiras que envolvam riscar o ch\u00e3o ou apostar em algumas mais antigas, como a amarelinha. Com o giz, a crian\u00e7a pode dar asas \u00e0 imagina\u00e7\u00e3o;<\/li>\n\n\n\n<li><strong>el\u00e1sticos&nbsp;<\/strong>&#8211; sabe aquele el\u00e1stico usado na confec\u00e7\u00e3o de roupas e pode ser encontrado &nbsp;em muitas lojinhas? Ele tamb\u00e9m serve como instrumento para brincadeiras super divertidas;<\/li>\n\n\n\n<li><strong>bola<\/strong>&nbsp;&#8211; o grande coringa dos brinquedos. Com ela, qualquer crian\u00e7a tem um leque de possibilidades para brincar. Vers\u00e1til e utilizada em v\u00e1rias brincadeiras e jogos, ela \u00e9 sin\u00f4nimo de muito movimento e divers\u00e3o.<\/li>\n<\/ul>\n","protected":false},"excerpt":{"rendered":"<p>Da Prefeitura de Palmas Julho chegou e, com ele, as t\u00e3o esperadas f\u00e9rias escolares! Per\u00edodo para as fam\u00edlias aproveitarem alguns dias para curtir os filhos, seja viajando ou apenas descansando. Mas caso os pais estejam trabalhando e as crian\u00e7as precisem ficar em casa, \u00e9 necess\u00e1rio criar estrat\u00e9gias para sair da rotina e evitar que seus [&hellip;]<\/p>\n","protected":false},"author":13,"featured_media":0,"comment_status":"open","ping_status":"open","sticky":false,"template":"","format":"standard","meta":{"_acf_changed":false,"footnotes":""},"categories":[22,21],"tags":[],"class_list":["post-72886","post","type-post","status-publish","format-standard","hentry","category-cidades","category-todas-noticias"],"acf":[],"yoast_head":"<!-- This site is optimized with the Yoast SEO plugin v24.4 - https:\/\/yoast.com\/wordpress\/plugins\/seo\/ -->\n<title>F\u00e9rias escolares: educadoras d\u00e3o dicas sobre como entreter a crian\u00e7ada neste per\u00edodo - PORTAL DE NOT\u00cdCIAS CLEITON PINHEIRO<\/title>\n<meta name=\"robots\" content=\"index, follow, max-snippet:-1, max-image-preview:large, max-video-preview:-1\" \/>\n<link rel=\"canonical\" href=\"https:\/\/cleitonpinheiro.com.br\/site\/ferias-escolares-educadoras-dao-dicas-sobre-como-entreter-a-criancada-neste-periodo\/\" \/>\n<meta property=\"og:locale\" content=\"pt_BR\" \/>\n<meta property=\"og:type\" content=\"article\" \/>\n<meta property=\"og:title\" content=\"F\u00e9rias escolares: educadoras d\u00e3o dicas sobre como entreter a crian\u00e7ada neste per\u00edodo - PORTAL DE NOT\u00cdCIAS CLEITON PINHEIRO\" \/>\n<meta property=\"og:description\" content=\"Da Prefeitura de Palmas Julho chegou e, com ele, as t\u00e3o esperadas f\u00e9rias escolares! Per\u00edodo para as fam\u00edlias aproveitarem alguns dias para curtir os filhos, seja viajando ou apenas descansando. Mas caso os pais estejam trabalhando e as crian\u00e7as precisem ficar em casa, \u00e9 necess\u00e1rio criar estrat\u00e9gias para sair da rotina e evitar que seus [&hellip;]\" \/>\n<meta property=\"og:url\" content=\"https:\/\/cleitonpinheiro.com.br\/site\/ferias-escolares-educadoras-dao-dicas-sobre-como-entreter-a-criancada-neste-periodo\/\" \/>\n<meta property=\"og:site_name\" content=\"PORTAL DE NOT\u00cdCIAS CLEITON PINHEIRO\" \/>\n<meta property=\"article:publisher\" content=\"https:\/\/www.facebook.com\/portalcpnoticias\/\" \/>\n<meta property=\"article:published_time\" content=\"2023-07-10T14:53:31+00:00\" \/>\n<meta property=\"article:modified_time\" content=\"2023-12-27T15:03:07+00:00\" \/>\n<meta property=\"og:image\" content=\"https:\/\/cleitonpinheiro.com.br\/site\/wp-content\/uploads\/2023\/07\/6279cac83039496ab21a078bd0f9ce41-1.jpeg\" \/>\n\t<meta property=\"og:image:width\" content=\"1600\" \/>\n\t<meta property=\"og:image:height\" content=\"1066\" \/>\n\t<meta property=\"og:image:type\" content=\"image\/jpeg\" \/>\n<meta name=\"author\" content=\"Reda\u00e7\u00e3o CP\" \/>\n<meta name=\"twitter:card\" content=\"summary_large_image\" \/>\n<meta name=\"twitter:label1\" content=\"Escrito por\" \/>\n\t<meta name=\"twitter:data1\" content=\"Reda\u00e7\u00e3o CP\" \/>\n\t<meta name=\"twitter:label2\" content=\"Est. tempo de leitura\" \/>\n\t<meta name=\"twitter:data2\" content=\"6 minutos\" \/>\n<script type=\"application\/ld+json\" class=\"yoast-schema-graph\">{\"@context\":\"https:\/\/schema.org\",\"@graph\":[{\"@type\":\"Article\",\"@id\":\"https:\/\/cleitonpinheiro.com.br\/site\/ferias-escolares-educadoras-dao-dicas-sobre-como-entreter-a-criancada-neste-periodo\/#article\",\"isPartOf\":{\"@id\":\"https:\/\/cleitonpinheiro.com.br\/site\/ferias-escolares-educadoras-dao-dicas-sobre-como-entreter-a-criancada-neste-periodo\/\"},\"author\":{\"name\":\"Reda\u00e7\u00e3o CP\",\"@id\":\"https:\/\/cleitonpinheiro.com.br\/site\/#\/schema\/person\/8f04544e0bc40a1b68775b08360f87db\"},\"headline\":\"F\u00e9rias escolares: educadoras d\u00e3o dicas sobre como entreter a crian\u00e7ada neste per\u00edodo\",\"datePublished\":\"2023-07-10T14:53:31+00:00\",\"dateModified\":\"2023-12-27T15:03:07+00:00\",\"mainEntityOfPage\":{\"@id\":\"https:\/\/cleitonpinheiro.com.br\/site\/ferias-escolares-educadoras-dao-dicas-sobre-como-entreter-a-criancada-neste-periodo\/\"},\"wordCount\":1030,\"commentCount\":0,\"publisher\":{\"@id\":\"https:\/\/cleitonpinheiro.com.br\/site\/#organization\"},\"image\":{\"@id\":\"https:\/\/cleitonpinheiro.com.br\/site\/ferias-escolares-educadoras-dao-dicas-sobre-como-entreter-a-criancada-neste-periodo\/#primaryimage\"},\"thumbnailUrl\":\"https:\/\/cleitonpinheiro.com.br\/site\/wp-content\/uploads\/2023\/07\/6279cac83039496ab21a078bd0f9ce41-1.jpeg\",\"articleSection\":[\"CIDADES\",\"TODAS NOTICIAS\"],\"inLanguage\":\"pt-BR\",\"potentialAction\":[{\"@type\":\"CommentAction\",\"name\":\"Comment\",\"target\":[\"https:\/\/cleitonpinheiro.com.br\/site\/ferias-escolares-educadoras-dao-dicas-sobre-como-entreter-a-criancada-neste-periodo\/#respond\"]}]},{\"@type\":\"WebPage\",\"@id\":\"https:\/\/cleitonpinheiro.com.br\/site\/ferias-escolares-educadoras-dao-dicas-sobre-como-entreter-a-criancada-neste-periodo\/\",\"url\":\"https:\/\/cleitonpinheiro.com.br\/site\/ferias-escolares-educadoras-dao-dicas-sobre-como-entreter-a-criancada-neste-periodo\/\",\"name\":\"F\u00e9rias escolares: educadoras d\u00e3o dicas sobre como entreter a crian\u00e7ada neste per\u00edodo - PORTAL DE NOT\u00cdCIAS CLEITON PINHEIRO\",\"isPartOf\":{\"@id\":\"https:\/\/cleitonpinheiro.com.br\/site\/#website\"},\"primaryImageOfPage\":{\"@id\":\"https:\/\/cleitonpinheiro.com.br\/site\/ferias-escolares-educadoras-dao-dicas-sobre-como-entreter-a-criancada-neste-periodo\/#primaryimage\"},\"image\":{\"@id\":\"https:\/\/cleitonpinheiro.com.br\/site\/ferias-escolares-educadoras-dao-dicas-sobre-como-entreter-a-criancada-neste-periodo\/#primaryimage\"},\"thumbnailUrl\":\"https:\/\/cleitonpinheiro.com.br\/site\/wp-content\/uploads\/2023\/07\/6279cac83039496ab21a078bd0f9ce41-1.jpeg\",\"datePublished\":\"2023-07-10T14:53:31+00:00\",\"dateModified\":\"2023-12-27T15:03:07+00:00\",\"breadcrumb\":{\"@id\":\"https:\/\/cleitonpinheiro.com.br\/site\/ferias-escolares-educadoras-dao-dicas-sobre-como-entreter-a-criancada-neste-periodo\/#breadcrumb\"},\"inLanguage\":\"pt-BR\",\"potentialAction\":[{\"@type\":\"ReadAction\",\"target\":[\"https:\/\/cleitonpinheiro.com.br\/site\/ferias-escolares-educadoras-dao-dicas-sobre-como-entreter-a-criancada-neste-periodo\/\"]}]},{\"@type\":\"ImageObject\",\"inLanguage\":\"pt-BR\",\"@id\":\"https:\/\/cleitonpinheiro.com.br\/site\/ferias-escolares-educadoras-dao-dicas-sobre-como-entreter-a-criancada-neste-periodo\/#primaryimage\",\"url\":\"\",\"contentUrl\":\"\"},{\"@type\":\"BreadcrumbList\",\"@id\":\"https:\/\/cleitonpinheiro.com.br\/site\/ferias-escolares-educadoras-dao-dicas-sobre-como-entreter-a-criancada-neste-periodo\/#breadcrumb\",\"itemListElement\":[{\"@type\":\"ListItem\",\"position\":1,\"name\":\"In\u00edcio\",\"item\":\"https:\/\/cleitonpinheiro.com.br\/site\/\"},{\"@type\":\"ListItem\",\"position\":2,\"name\":\"F\u00e9rias escolares: educadoras d\u00e3o dicas sobre como entreter a crian\u00e7ada neste per\u00edodo\"}]},{\"@type\":\"WebSite\",\"@id\":\"https:\/\/cleitonpinheiro.com.br\/site\/#website\",\"url\":\"https:\/\/cleitonpinheiro.com.br\/site\/\",\"name\":\"PORTAL DE NOT\u00cdCIAS CLEITON PINHEIRO\",\"description\":\"FALANDO A VERDADE\",\"publisher\":{\"@id\":\"https:\/\/cleitonpinheiro.com.br\/site\/#organization\"},\"potentialAction\":[{\"@type\":\"SearchAction\",\"target\":{\"@type\":\"EntryPoint\",\"urlTemplate\":\"https:\/\/cleitonpinheiro.com.br\/site\/?s={search_term_string}\"},\"query-input\":{\"@type\":\"PropertyValueSpecification\",\"valueRequired\":true,\"valueName\":\"search_term_string\"}}],\"inLanguage\":\"pt-BR\"},{\"@type\":\"Organization\",\"@id\":\"https:\/\/cleitonpinheiro.com.br\/site\/#organization\",\"name\":\"CPNOT\u00cdCIAS\",\"url\":\"https:\/\/cleitonpinheiro.com.br\/site\/\",\"logo\":{\"@type\":\"ImageObject\",\"inLanguage\":\"pt-BR\",\"@id\":\"https:\/\/cleitonpinheiro.com.br\/site\/#\/schema\/logo\/image\/\",\"url\":\"https:\/\/cleitonpinheiro.com.br\/site\/wp-content\/uploads\/2022\/08\/Logo-pequena-2.png\",\"contentUrl\":\"https:\/\/cleitonpinheiro.com.br\/site\/wp-content\/uploads\/2022\/08\/Logo-pequena-2.png\",\"width\":500,\"height\":500,\"caption\":\"CPNOT\u00cdCIAS\"},\"image\":{\"@id\":\"https:\/\/cleitonpinheiro.com.br\/site\/#\/schema\/logo\/image\/\"},\"sameAs\":[\"https:\/\/www.facebook.com\/portalcpnoticias\/\"]},{\"@type\":\"Person\",\"@id\":\"https:\/\/cleitonpinheiro.com.br\/site\/#\/schema\/person\/8f04544e0bc40a1b68775b08360f87db\",\"name\":\"Reda\u00e7\u00e3o CP\",\"image\":{\"@type\":\"ImageObject\",\"inLanguage\":\"pt-BR\",\"@id\":\"https:\/\/cleitonpinheiro.com.br\/site\/#\/schema\/person\/image\/\",\"url\":\"https:\/\/secure.gravatar.com\/avatar\/0bcf19cb29fdc8fc588c490c7ae1b3e174dac268586a63fbe1d1893a0f9020cd?s=96&r=g\",\"contentUrl\":\"https:\/\/secure.gravatar.com\/avatar\/0bcf19cb29fdc8fc588c490c7ae1b3e174dac268586a63fbe1d1893a0f9020cd?s=96&r=g\",\"caption\":\"Reda\u00e7\u00e3o CP\"},\"url\":\"https:\/\/cleitonpinheiro.com.br\/site\/author\/redacao\/\"}]}<\/script>\n<!-- \/ Yoast SEO plugin. -->","yoast_head_json":{"title":"F\u00e9rias escolares: educadoras d\u00e3o dicas sobre como entreter a crian\u00e7ada neste per\u00edodo - PORTAL DE NOT\u00cdCIAS CLEITON PINHEIRO","robots":{"index":"index","follow":"follow","max-snippet":"max-snippet:-1","max-image-preview":"max-image-preview:large","max-video-preview":"max-video-preview:-1"},"canonical":"https:\/\/cleitonpinheiro.com.br\/site\/ferias-escolares-educadoras-dao-dicas-sobre-como-entreter-a-criancada-neste-periodo\/","og_locale":"pt_BR","og_type":"article","og_title":"F\u00e9rias escolares: educadoras d\u00e3o dicas sobre como entreter a crian\u00e7ada neste per\u00edodo - PORTAL DE NOT\u00cdCIAS CLEITON PINHEIRO","og_description":"Da Prefeitura de Palmas Julho chegou e, com ele, as t\u00e3o esperadas f\u00e9rias escolares! Per\u00edodo para as fam\u00edlias aproveitarem alguns dias para curtir os filhos, seja viajando ou apenas descansando. Mas caso os pais estejam trabalhando e as crian\u00e7as precisem ficar em casa, \u00e9 necess\u00e1rio criar estrat\u00e9gias para sair da rotina e evitar que seus [&hellip;]","og_url":"https:\/\/cleitonpinheiro.com.br\/site\/ferias-escolares-educadoras-dao-dicas-sobre-como-entreter-a-criancada-neste-periodo\/","og_site_name":"PORTAL DE NOT\u00cdCIAS CLEITON PINHEIRO","article_publisher":"https:\/\/www.facebook.com\/portalcpnoticias\/","article_published_time":"2023-07-10T14:53:31+00:00","article_modified_time":"2023-12-27T15:03:07+00:00","og_image":[{"width":1600,"height":1066,"url":"https:\/\/cleitonpinheiro.com.br\/site\/wp-content\/uploads\/2023\/07\/6279cac83039496ab21a078bd0f9ce41-1.jpeg","type":"image\/jpeg"}],"author":"Reda\u00e7\u00e3o CP","twitter_card":"summary_large_image","twitter_misc":{"Escrito por":"Reda\u00e7\u00e3o CP","Est. tempo de leitura":"6 minutos"},"schema":{"@context":"https:\/\/schema.org","@graph":[{"@type":"Article","@id":"https:\/\/cleitonpinheiro.com.br\/site\/ferias-escolares-educadoras-dao-dicas-sobre-como-entreter-a-criancada-neste-periodo\/#article","isPartOf":{"@id":"https:\/\/cleitonpinheiro.com.br\/site\/ferias-escolares-educadoras-dao-dicas-sobre-como-entreter-a-criancada-neste-periodo\/"},"author":{"name":"Reda\u00e7\u00e3o CP","@id":"https:\/\/cleitonpinheiro.com.br\/site\/#\/schema\/person\/8f04544e0bc40a1b68775b08360f87db"},"headline":"F\u00e9rias escolares: educadoras d\u00e3o dicas sobre como entreter a crian\u00e7ada neste per\u00edodo","datePublished":"2023-07-10T14:53:31+00:00","dateModified":"2023-12-27T15:03:07+00:00","mainEntityOfPage":{"@id":"https:\/\/cleitonpinheiro.com.br\/site\/ferias-escolares-educadoras-dao-dicas-sobre-como-entreter-a-criancada-neste-periodo\/"},"wordCount":1030,"commentCount":0,"publisher":{"@id":"https:\/\/cleitonpinheiro.com.br\/site\/#organization"},"image":{"@id":"https:\/\/cleitonpinheiro.com.br\/site\/ferias-escolares-educadoras-dao-dicas-sobre-como-entreter-a-criancada-neste-periodo\/#primaryimage"},"thumbnailUrl":"https:\/\/cleitonpinheiro.com.br\/site\/wp-content\/uploads\/2023\/07\/6279cac83039496ab21a078bd0f9ce41-1.jpeg","articleSection":["CIDADES","TODAS NOTICIAS"],"inLanguage":"pt-BR","potentialAction":[{"@type":"CommentAction","name":"Comment","target":["https:\/\/cleitonpinheiro.com.br\/site\/ferias-escolares-educadoras-dao-dicas-sobre-como-entreter-a-criancada-neste-periodo\/#respond"]}]},{"@type":"WebPage","@id":"https:\/\/cleitonpinheiro.com.br\/site\/ferias-escolares-educadoras-dao-dicas-sobre-como-entreter-a-criancada-neste-periodo\/","url":"https:\/\/cleitonpinheiro.com.br\/site\/ferias-escolares-educadoras-dao-dicas-sobre-como-entreter-a-criancada-neste-periodo\/","name":"F\u00e9rias escolares: educadoras d\u00e3o dicas sobre como entreter a crian\u00e7ada neste per\u00edodo - PORTAL DE NOT\u00cdCIAS CLEITON PINHEIRO","isPartOf":{"@id":"https:\/\/cleitonpinheiro.com.br\/site\/#website"},"primaryImageOfPage":{"@id":"https:\/\/cleitonpinheiro.com.br\/site\/ferias-escolares-educadoras-dao-dicas-sobre-como-entreter-a-criancada-neste-periodo\/#primaryimage"},"image":{"@id":"https:\/\/cleitonpinheiro.com.br\/site\/ferias-escolares-educadoras-dao-dicas-sobre-como-entreter-a-criancada-neste-periodo\/#primaryimage"},"thumbnailUrl":"https:\/\/cleitonpinheiro.com.br\/site\/wp-content\/uploads\/2023\/07\/6279cac83039496ab21a078bd0f9ce41-1.jpeg","datePublished":"2023-07-10T14:53:31+00:00","dateModified":"2023-12-27T15:03:07+00:00","breadcrumb":{"@id":"https:\/\/cleitonpinheiro.com.br\/site\/ferias-escolares-educadoras-dao-dicas-sobre-como-entreter-a-criancada-neste-periodo\/#breadcrumb"},"inLanguage":"pt-BR","potentialAction":[{"@type":"ReadAction","target":["https:\/\/cleitonpinheiro.com.br\/site\/ferias-escolares-educadoras-dao-dicas-sobre-como-entreter-a-criancada-neste-periodo\/"]}]},{"@type":"ImageObject","inLanguage":"pt-BR","@id":"https:\/\/cleitonpinheiro.com.br\/site\/ferias-escolares-educadoras-dao-dicas-sobre-como-entreter-a-criancada-neste-periodo\/#primaryimage","url":"","contentUrl":""},{"@type":"BreadcrumbList","@id":"https:\/\/cleitonpinheiro.com.br\/site\/ferias-escolares-educadoras-dao-dicas-sobre-como-entreter-a-criancada-neste-periodo\/#breadcrumb","itemListElement":[{"@type":"ListItem","position":1,"name":"In\u00edcio","item":"https:\/\/cleitonpinheiro.com.br\/site\/"},{"@type":"ListItem","position":2,"name":"F\u00e9rias escolares: educadoras d\u00e3o dicas sobre como entreter a crian\u00e7ada neste per\u00edodo"}]},{"@type":"WebSite","@id":"https:\/\/cleitonpinheiro.com.br\/site\/#website","url":"https:\/\/cleitonpinheiro.com.br\/site\/","name":"PORTAL DE NOT\u00cdCIAS CLEITON PINHEIRO","description":"FALANDO A VERDADE","publisher":{"@id":"https:\/\/cleitonpinheiro.com.br\/site\/#organization"},"potentialAction":[{"@type":"SearchAction","target":{"@type":"EntryPoint","urlTemplate":"https:\/\/cleitonpinheiro.com.br\/site\/?s={search_term_string}"},"query-input":{"@type":"PropertyValueSpecification","valueRequired":true,"valueName":"search_term_string"}}],"inLanguage":"pt-BR"},{"@type":"Organization","@id":"https:\/\/cleitonpinheiro.com.br\/site\/#organization","name":"CPNOT\u00cdCIAS","url":"https:\/\/cleitonpinheiro.com.br\/site\/","logo":{"@type":"ImageObject","inLanguage":"pt-BR","@id":"https:\/\/cleitonpinheiro.com.br\/site\/#\/schema\/logo\/image\/","url":"https:\/\/cleitonpinheiro.com.br\/site\/wp-content\/uploads\/2022\/08\/Logo-pequena-2.png","contentUrl":"https:\/\/cleitonpinheiro.com.br\/site\/wp-content\/uploads\/2022\/08\/Logo-pequena-2.png","width":500,"height":500,"caption":"CPNOT\u00cdCIAS"},"image":{"@id":"https:\/\/cleitonpinheiro.com.br\/site\/#\/schema\/logo\/image\/"},"sameAs":["https:\/\/www.facebook.com\/portalcpnoticias\/"]},{"@type":"Person","@id":"https:\/\/cleitonpinheiro.com.br\/site\/#\/schema\/person\/8f04544e0bc40a1b68775b08360f87db","name":"Reda\u00e7\u00e3o CP","image":{"@type":"ImageObject","inLanguage":"pt-BR","@id":"https:\/\/cleitonpinheiro.com.br\/site\/#\/schema\/person\/image\/","url":"https:\/\/secure.gravatar.com\/avatar\/0bcf19cb29fdc8fc588c490c7ae1b3e174dac268586a63fbe1d1893a0f9020cd?s=96&r=g","contentUrl":"https:\/\/secure.gravatar.com\/avatar\/0bcf19cb29fdc8fc588c490c7ae1b3e174dac268586a63fbe1d1893a0f9020cd?s=96&r=g","caption":"Reda\u00e7\u00e3o CP"},"url":"https:\/\/cleitonpinheiro.com.br\/site\/author\/redacao\/"}]}},"views":135,"_links":{"self":[{"href":"https:\/\/cleitonpinheiro.com.br\/site\/wp-json\/wp\/v2\/posts\/72886","targetHints":{"allow":["GET"]}}],"collection":[{"href":"https:\/\/cleitonpinheiro.com.br\/site\/wp-json\/wp\/v2\/posts"}],"about":[{"href":"https:\/\/cleitonpinheiro.com.br\/site\/wp-json\/wp\/v2\/types\/post"}],"author":[{"embeddable":true,"href":"https:\/\/cleitonpinheiro.com.br\/site\/wp-json\/wp\/v2\/users\/13"}],"replies":[{"embeddable":true,"href":"https:\/\/cleitonpinheiro.com.br\/site\/wp-json\/wp\/v2\/comments?post=72886"}],"version-history":[{"count":1,"href":"https:\/\/cleitonpinheiro.com.br\/site\/wp-json\/wp\/v2\/posts\/72886\/revisions"}],"predecessor-version":[{"id":72888,"href":"https:\/\/cleitonpinheiro.com.br\/site\/wp-json\/wp\/v2\/posts\/72886\/revisions\/72888"}],"wp:attachment":[{"href":"https:\/\/cleitonpinheiro.com.br\/site\/wp-json\/wp\/v2\/media?parent=72886"}],"wp:term":[{"taxonomy":"category","embeddable":true,"href":"https:\/\/cleitonpinheiro.com.br\/site\/wp-json\/wp\/v2\/categories?post=72886"},{"taxonomy":"post_tag","embeddable":true,"href":"https:\/\/cleitonpinheiro.com.br\/site\/wp-json\/wp\/v2\/tags?post=72886"}],"curies":[{"name":"wp","href":"https:\/\/api.w.org\/{rel}","templated":true}]}}