{"id":72892,"date":"2023-07-10T12:04:09","date_gmt":"2023-07-10T15:04:09","guid":{"rendered":"https:\/\/cleitonpinheiro.com.br\/site\/?p=72892"},"modified":"2023-08-10T14:18:38","modified_gmt":"2023-08-10T17:18:38","slug":"brasileiros-farao-aclimatacao-para-paralimpiada-de-paris-em-troyes","status":"publish","type":"post","link":"https:\/\/cleitonpinheiro.com.br\/site\/brasileiros-farao-aclimatacao-para-paralimpiada-de-paris-em-troyes\/","title":{"rendered":"Brasileiros far\u00e3o aclimata\u00e7\u00e3o para Paral\u00edmpiada de Paris em Troyes"},"content":{"rendered":"\n<figure class=\"wp-block-image size-full is-resized\"><img fetchpriority=\"high\" decoding=\"async\" src=\"https:\/\/cleitonpinheiro.com.br\/site\/wp-content\/uploads\/2023\/07\/18aabf1ae9014aa2b5fdf2c37bb02c4e.jpg\" alt=\"\" class=\"wp-image-72893\" width=\"840\" height=\"502\"\/><figcaption class=\"wp-element-caption\"><em>Comit\u00ea Paral\u00edmpico Brasileiro firmou acordo na sexta-feira &#8211; Foto: Ale Cabral\/CPB <\/em><\/figcaption><\/figure>\n\n\n\n<p class=\"wp-block-paragraph\"><strong>Da Ag\u00eancia Brasil<\/strong><\/p>\n\n\n\n<p class=\"wp-block-paragraph\">O Comit\u00ea Paral\u00edmpico Brasileiro (CPB) firmou, nesta sexta-feira (7), um acordo para usar as instala\u00e7\u00f5es do Centre Sporttif de L\u2019Aube Troyes, na cidade de Troyes, como local de aclimata\u00e7\u00e3o para a equipe brasileira antes do in\u00edcio dos Jogos Paral\u00edmpicos de 2024, que ser\u00e3o disputados em Paris (Fran\u00e7a).<img decoding=\"async\" src=\"https:\/\/agenciabrasil.ebc.com.br\/ebc.png?id=1542750&amp;o=node\"><img decoding=\"async\" src=\"https:\/\/agenciabrasil.ebc.com.br\/ebc.gif?id=1542750&amp;o=node\"><\/p>\n\n\n\n<p class=\"wp-block-paragraph\">Segundo a assessoria de imprensa do CPB, representantes da entidade visitam a cidade para verificar instala\u00e7\u00f5es e condi\u00e7\u00f5es de treinamento, alimenta\u00e7\u00e3o e acomoda\u00e7\u00f5es.<\/p>\n\n\n\n<p class=\"wp-block-paragraph\">O complexo conta com pista de atletismo indoor e ao ar livre, salas de muscula\u00e7\u00e3o, piscina, campo de futebol com grama sint\u00e9tica, gin\u00e1sios com quadra poliesportiva, quadra de t\u00eanis coberta e ao ar livre, salas de lutas, campos de tiros, audit\u00f3rios, cozinha, restaurantes, lavanderia e at\u00e9 uma base n\u00e1utica a 15 minutos de dist\u00e2ncia para as modalidades que utilizam embarca\u00e7\u00f5es. Todo o espa\u00e7o oferece acessibilidade em quartos, vesti\u00e1rios, equipamentos esportivos e \u00e1reas de estacionamento.<\/p>\n","protected":false},"excerpt":{"rendered":"<p>Da Ag\u00eancia Brasil O Comit\u00ea Paral\u00edmpico Brasileiro (CPB) firmou, nesta sexta-feira (7), um acordo para usar as instala\u00e7\u00f5es do Centre Sporttif de L\u2019Aube Troyes, na cidade de Troyes, como local de aclimata\u00e7\u00e3o para a equipe brasileira antes do in\u00edcio dos Jogos Paral\u00edmpicos de 2024, que ser\u00e3o disputados em Paris (Fran\u00e7a). Segundo a assessoria de imprensa [&hellip;]<\/p>\n","protected":false},"author":13,"featured_media":0,"comment_status":"open","ping_status":"open","sticky":false,"template":"","format":"standard","meta":{"_acf_changed":false,"footnotes":""},"categories":[1,898],"tags":[966,967],"class_list":["post-72892","post","type-post","status-publish","format-standard","hentry","category-esporte","category-manchete-segundaria","tag-jogos-paralimpicos","tag-paris-2024"],"acf":[],"yoast_head":"<!-- This site is optimized with the Yoast SEO plugin v24.4 - https:\/\/yoast.com\/wordpress\/plugins\/seo\/ -->\n<title>Brasileiros far\u00e3o aclimata\u00e7\u00e3o para Paral\u00edmpiada de Paris em Troyes - PORTAL DE NOT\u00cdCIAS CLEITON PINHEIRO<\/title>\n<meta name=\"robots\" content=\"index, follow, max-snippet:-1, max-image-preview:large, max-video-preview:-1\" \/>\n<link rel=\"canonical\" href=\"https:\/\/cleitonpinheiro.com.br\/site\/brasileiros-farao-aclimatacao-para-paralimpiada-de-paris-em-troyes\/\" \/>\n<meta property=\"og:locale\" content=\"pt_BR\" \/>\n<meta property=\"og:type\" content=\"article\" \/>\n<meta property=\"og:title\" content=\"Brasileiros far\u00e3o aclimata\u00e7\u00e3o para Paral\u00edmpiada de Paris em Troyes - PORTAL DE NOT\u00cdCIAS CLEITON PINHEIRO\" \/>\n<meta property=\"og:description\" content=\"Da Ag\u00eancia Brasil O Comit\u00ea Paral\u00edmpico Brasileiro (CPB) firmou, nesta sexta-feira (7), um acordo para usar as instala\u00e7\u00f5es do Centre Sporttif de L\u2019Aube Troyes, na cidade de Troyes, como local de aclimata\u00e7\u00e3o para a equipe brasileira antes do in\u00edcio dos Jogos Paral\u00edmpicos de 2024, que ser\u00e3o disputados em Paris (Fran\u00e7a). Segundo a assessoria de imprensa [&hellip;]\" \/>\n<meta property=\"og:url\" content=\"https:\/\/cleitonpinheiro.com.br\/site\/brasileiros-farao-aclimatacao-para-paralimpiada-de-paris-em-troyes\/\" \/>\n<meta property=\"og:site_name\" content=\"PORTAL DE NOT\u00cdCIAS CLEITON PINHEIRO\" \/>\n<meta property=\"article:publisher\" content=\"https:\/\/www.facebook.com\/portalcpnoticias\/\" \/>\n<meta property=\"article:published_time\" content=\"2023-07-10T15:04:09+00:00\" \/>\n<meta property=\"article:modified_time\" content=\"2023-08-10T17:18:38+00:00\" \/>\n<meta property=\"og:image\" content=\"https:\/\/cleitonpinheiro.com.br\/site\/wp-content\/uploads\/2023\/07\/18aabf1ae9014aa2b5fdf2c37bb02c4e.jpg\" \/>\n\t<meta property=\"og:image:width\" content=\"1170\" \/>\n\t<meta property=\"og:image:height\" content=\"700\" \/>\n\t<meta property=\"og:image:type\" content=\"image\/jpeg\" \/>\n<meta name=\"author\" content=\"Reda\u00e7\u00e3o CP\" \/>\n<meta name=\"twitter:card\" content=\"summary_large_image\" \/>\n<meta name=\"twitter:label1\" content=\"Escrito por\" \/>\n\t<meta name=\"twitter:data1\" content=\"Reda\u00e7\u00e3o CP\" \/>\n\t<meta name=\"twitter:label2\" content=\"Est. tempo de leitura\" \/>\n\t<meta name=\"twitter:data2\" content=\"2 minutos\" \/>\n<script type=\"application\/ld+json\" class=\"yoast-schema-graph\">{\"@context\":\"https:\/\/schema.org\",\"@graph\":[{\"@type\":\"Article\",\"@id\":\"https:\/\/cleitonpinheiro.com.br\/site\/brasileiros-farao-aclimatacao-para-paralimpiada-de-paris-em-troyes\/#article\",\"isPartOf\":{\"@id\":\"https:\/\/cleitonpinheiro.com.br\/site\/brasileiros-farao-aclimatacao-para-paralimpiada-de-paris-em-troyes\/\"},\"author\":{\"name\":\"Reda\u00e7\u00e3o CP\",\"@id\":\"https:\/\/cleitonpinheiro.com.br\/site\/#\/schema\/person\/8f04544e0bc40a1b68775b08360f87db\"},\"headline\":\"Brasileiros far\u00e3o aclimata\u00e7\u00e3o para Paral\u00edmpiada de Paris em Troyes\",\"datePublished\":\"2023-07-10T15:04:09+00:00\",\"dateModified\":\"2023-08-10T17:18:38+00:00\",\"mainEntityOfPage\":{\"@id\":\"https:\/\/cleitonpinheiro.com.br\/site\/brasileiros-farao-aclimatacao-para-paralimpiada-de-paris-em-troyes\/\"},\"wordCount\":192,\"commentCount\":0,\"publisher\":{\"@id\":\"https:\/\/cleitonpinheiro.com.br\/site\/#organization\"},\"image\":{\"@id\":\"https:\/\/cleitonpinheiro.com.br\/site\/brasileiros-farao-aclimatacao-para-paralimpiada-de-paris-em-troyes\/#primaryimage\"},\"thumbnailUrl\":\"https:\/\/cleitonpinheiro.com.br\/site\/wp-content\/uploads\/2023\/07\/18aabf1ae9014aa2b5fdf2c37bb02c4e.jpg\",\"keywords\":[\"Jogos Paral\u00edmpicos\",\"Paris 2024\"],\"articleSection\":[\"ESPORTE\",\"MANCHETE SEGUND\u00c1RIA\"],\"inLanguage\":\"pt-BR\",\"potentialAction\":[{\"@type\":\"CommentAction\",\"name\":\"Comment\",\"target\":[\"https:\/\/cleitonpinheiro.com.br\/site\/brasileiros-farao-aclimatacao-para-paralimpiada-de-paris-em-troyes\/#respond\"]}]},{\"@type\":\"WebPage\",\"@id\":\"https:\/\/cleitonpinheiro.com.br\/site\/brasileiros-farao-aclimatacao-para-paralimpiada-de-paris-em-troyes\/\",\"url\":\"https:\/\/cleitonpinheiro.com.br\/site\/brasileiros-farao-aclimatacao-para-paralimpiada-de-paris-em-troyes\/\",\"name\":\"Brasileiros far\u00e3o aclimata\u00e7\u00e3o para Paral\u00edmpiada de Paris em Troyes - PORTAL DE NOT\u00cdCIAS CLEITON PINHEIRO\",\"isPartOf\":{\"@id\":\"https:\/\/cleitonpinheiro.com.br\/site\/#website\"},\"primaryImageOfPage\":{\"@id\":\"https:\/\/cleitonpinheiro.com.br\/site\/brasileiros-farao-aclimatacao-para-paralimpiada-de-paris-em-troyes\/#primaryimage\"},\"image\":{\"@id\":\"https:\/\/cleitonpinheiro.com.br\/site\/brasileiros-farao-aclimatacao-para-paralimpiada-de-paris-em-troyes\/#primaryimage\"},\"thumbnailUrl\":\"https:\/\/cleitonpinheiro.com.br\/site\/wp-content\/uploads\/2023\/07\/18aabf1ae9014aa2b5fdf2c37bb02c4e.jpg\",\"datePublished\":\"2023-07-10T15:04:09+00:00\",\"dateModified\":\"2023-08-10T17:18:38+00:00\",\"breadcrumb\":{\"@id\":\"https:\/\/cleitonpinheiro.com.br\/site\/brasileiros-farao-aclimatacao-para-paralimpiada-de-paris-em-troyes\/#breadcrumb\"},\"inLanguage\":\"pt-BR\",\"potentialAction\":[{\"@type\":\"ReadAction\",\"target\":[\"https:\/\/cleitonpinheiro.com.br\/site\/brasileiros-farao-aclimatacao-para-paralimpiada-de-paris-em-troyes\/\"]}]},{\"@type\":\"ImageObject\",\"inLanguage\":\"pt-BR\",\"@id\":\"https:\/\/cleitonpinheiro.com.br\/site\/brasileiros-farao-aclimatacao-para-paralimpiada-de-paris-em-troyes\/#primaryimage\",\"url\":\"\",\"contentUrl\":\"\"},{\"@type\":\"BreadcrumbList\",\"@id\":\"https:\/\/cleitonpinheiro.com.br\/site\/brasileiros-farao-aclimatacao-para-paralimpiada-de-paris-em-troyes\/#breadcrumb\",\"itemListElement\":[{\"@type\":\"ListItem\",\"position\":1,\"name\":\"In\u00edcio\",\"item\":\"https:\/\/cleitonpinheiro.com.br\/site\/\"},{\"@type\":\"ListItem\",\"position\":2,\"name\":\"Brasileiros far\u00e3o aclimata\u00e7\u00e3o para Paral\u00edmpiada de Paris em Troyes\"}]},{\"@type\":\"WebSite\",\"@id\":\"https:\/\/cleitonpinheiro.com.br\/site\/#website\",\"url\":\"https:\/\/cleitonpinheiro.com.br\/site\/\",\"name\":\"PORTAL DE NOT\u00cdCIAS CLEITON PINHEIRO\",\"description\":\"FALANDO A VERDADE\",\"publisher\":{\"@id\":\"https:\/\/cleitonpinheiro.com.br\/site\/#organization\"},\"potentialAction\":[{\"@type\":\"SearchAction\",\"target\":{\"@type\":\"EntryPoint\",\"urlTemplate\":\"https:\/\/cleitonpinheiro.com.br\/site\/?s={search_term_string}\"},\"query-input\":{\"@type\":\"PropertyValueSpecification\",\"valueRequired\":true,\"valueName\":\"search_term_string\"}}],\"inLanguage\":\"pt-BR\"},{\"@type\":\"Organization\",\"@id\":\"https:\/\/cleitonpinheiro.com.br\/site\/#organization\",\"name\":\"CPNOT\u00cdCIAS\",\"url\":\"https:\/\/cleitonpinheiro.com.br\/site\/\",\"logo\":{\"@type\":\"ImageObject\",\"inLanguage\":\"pt-BR\",\"@id\":\"https:\/\/cleitonpinheiro.com.br\/site\/#\/schema\/logo\/image\/\",\"url\":\"https:\/\/cleitonpinheiro.com.br\/site\/wp-content\/uploads\/2022\/08\/Logo-pequena-2.png\",\"contentUrl\":\"https:\/\/cleitonpinheiro.com.br\/site\/wp-content\/uploads\/2022\/08\/Logo-pequena-2.png\",\"width\":500,\"height\":500,\"caption\":\"CPNOT\u00cdCIAS\"},\"image\":{\"@id\":\"https:\/\/cleitonpinheiro.com.br\/site\/#\/schema\/logo\/image\/\"},\"sameAs\":[\"https:\/\/www.facebook.com\/portalcpnoticias\/\"]},{\"@type\":\"Person\",\"@id\":\"https:\/\/cleitonpinheiro.com.br\/site\/#\/schema\/person\/8f04544e0bc40a1b68775b08360f87db\",\"name\":\"Reda\u00e7\u00e3o CP\",\"image\":{\"@type\":\"ImageObject\",\"inLanguage\":\"pt-BR\",\"@id\":\"https:\/\/cleitonpinheiro.com.br\/site\/#\/schema\/person\/image\/\",\"url\":\"https:\/\/secure.gravatar.com\/avatar\/0bcf19cb29fdc8fc588c490c7ae1b3e174dac268586a63fbe1d1893a0f9020cd?s=96&r=g\",\"contentUrl\":\"https:\/\/secure.gravatar.com\/avatar\/0bcf19cb29fdc8fc588c490c7ae1b3e174dac268586a63fbe1d1893a0f9020cd?s=96&r=g\",\"caption\":\"Reda\u00e7\u00e3o CP\"},\"url\":\"https:\/\/cleitonpinheiro.com.br\/site\/author\/redacao\/\"}]}<\/script>\n<!-- \/ Yoast SEO plugin. -->","yoast_head_json":{"title":"Brasileiros far\u00e3o aclimata\u00e7\u00e3o para Paral\u00edmpiada de Paris em Troyes - PORTAL DE NOT\u00cdCIAS CLEITON PINHEIRO","robots":{"index":"index","follow":"follow","max-snippet":"max-snippet:-1","max-image-preview":"max-image-preview:large","max-video-preview":"max-video-preview:-1"},"canonical":"https:\/\/cleitonpinheiro.com.br\/site\/brasileiros-farao-aclimatacao-para-paralimpiada-de-paris-em-troyes\/","og_locale":"pt_BR","og_type":"article","og_title":"Brasileiros far\u00e3o aclimata\u00e7\u00e3o para Paral\u00edmpiada de Paris em Troyes - PORTAL DE NOT\u00cdCIAS CLEITON PINHEIRO","og_description":"Da Ag\u00eancia Brasil O Comit\u00ea Paral\u00edmpico Brasileiro (CPB) firmou, nesta sexta-feira (7), um acordo para usar as instala\u00e7\u00f5es do Centre Sporttif de L\u2019Aube Troyes, na cidade de Troyes, como local de aclimata\u00e7\u00e3o para a equipe brasileira antes do in\u00edcio dos Jogos Paral\u00edmpicos de 2024, que ser\u00e3o disputados em Paris (Fran\u00e7a). Segundo a assessoria de imprensa [&hellip;]","og_url":"https:\/\/cleitonpinheiro.com.br\/site\/brasileiros-farao-aclimatacao-para-paralimpiada-de-paris-em-troyes\/","og_site_name":"PORTAL DE NOT\u00cdCIAS CLEITON PINHEIRO","article_publisher":"https:\/\/www.facebook.com\/portalcpnoticias\/","article_published_time":"2023-07-10T15:04:09+00:00","article_modified_time":"2023-08-10T17:18:38+00:00","og_image":[{"width":1170,"height":700,"url":"https:\/\/cleitonpinheiro.com.br\/site\/wp-content\/uploads\/2023\/07\/18aabf1ae9014aa2b5fdf2c37bb02c4e.jpg","type":"image\/jpeg"}],"author":"Reda\u00e7\u00e3o CP","twitter_card":"summary_large_image","twitter_misc":{"Escrito por":"Reda\u00e7\u00e3o CP","Est. tempo de leitura":"2 minutos"},"schema":{"@context":"https:\/\/schema.org","@graph":[{"@type":"Article","@id":"https:\/\/cleitonpinheiro.com.br\/site\/brasileiros-farao-aclimatacao-para-paralimpiada-de-paris-em-troyes\/#article","isPartOf":{"@id":"https:\/\/cleitonpinheiro.com.br\/site\/brasileiros-farao-aclimatacao-para-paralimpiada-de-paris-em-troyes\/"},"author":{"name":"Reda\u00e7\u00e3o CP","@id":"https:\/\/cleitonpinheiro.com.br\/site\/#\/schema\/person\/8f04544e0bc40a1b68775b08360f87db"},"headline":"Brasileiros far\u00e3o aclimata\u00e7\u00e3o para Paral\u00edmpiada de Paris em Troyes","datePublished":"2023-07-10T15:04:09+00:00","dateModified":"2023-08-10T17:18:38+00:00","mainEntityOfPage":{"@id":"https:\/\/cleitonpinheiro.com.br\/site\/brasileiros-farao-aclimatacao-para-paralimpiada-de-paris-em-troyes\/"},"wordCount":192,"commentCount":0,"publisher":{"@id":"https:\/\/cleitonpinheiro.com.br\/site\/#organization"},"image":{"@id":"https:\/\/cleitonpinheiro.com.br\/site\/brasileiros-farao-aclimatacao-para-paralimpiada-de-paris-em-troyes\/#primaryimage"},"thumbnailUrl":"https:\/\/cleitonpinheiro.com.br\/site\/wp-content\/uploads\/2023\/07\/18aabf1ae9014aa2b5fdf2c37bb02c4e.jpg","keywords":["Jogos Paral\u00edmpicos","Paris 2024"],"articleSection":["ESPORTE","MANCHETE SEGUND\u00c1RIA"],"inLanguage":"pt-BR","potentialAction":[{"@type":"CommentAction","name":"Comment","target":["https:\/\/cleitonpinheiro.com.br\/site\/brasileiros-farao-aclimatacao-para-paralimpiada-de-paris-em-troyes\/#respond"]}]},{"@type":"WebPage","@id":"https:\/\/cleitonpinheiro.com.br\/site\/brasileiros-farao-aclimatacao-para-paralimpiada-de-paris-em-troyes\/","url":"https:\/\/cleitonpinheiro.com.br\/site\/brasileiros-farao-aclimatacao-para-paralimpiada-de-paris-em-troyes\/","name":"Brasileiros far\u00e3o aclimata\u00e7\u00e3o para Paral\u00edmpiada de Paris em Troyes - PORTAL DE NOT\u00cdCIAS CLEITON PINHEIRO","isPartOf":{"@id":"https:\/\/cleitonpinheiro.com.br\/site\/#website"},"primaryImageOfPage":{"@id":"https:\/\/cleitonpinheiro.com.br\/site\/brasileiros-farao-aclimatacao-para-paralimpiada-de-paris-em-troyes\/#primaryimage"},"image":{"@id":"https:\/\/cleitonpinheiro.com.br\/site\/brasileiros-farao-aclimatacao-para-paralimpiada-de-paris-em-troyes\/#primaryimage"},"thumbnailUrl":"https:\/\/cleitonpinheiro.com.br\/site\/wp-content\/uploads\/2023\/07\/18aabf1ae9014aa2b5fdf2c37bb02c4e.jpg","datePublished":"2023-07-10T15:04:09+00:00","dateModified":"2023-08-10T17:18:38+00:00","breadcrumb":{"@id":"https:\/\/cleitonpinheiro.com.br\/site\/brasileiros-farao-aclimatacao-para-paralimpiada-de-paris-em-troyes\/#breadcrumb"},"inLanguage":"pt-BR","potentialAction":[{"@type":"ReadAction","target":["https:\/\/cleitonpinheiro.com.br\/site\/brasileiros-farao-aclimatacao-para-paralimpiada-de-paris-em-troyes\/"]}]},{"@type":"ImageObject","inLanguage":"pt-BR","@id":"https:\/\/cleitonpinheiro.com.br\/site\/brasileiros-farao-aclimatacao-para-paralimpiada-de-paris-em-troyes\/#primaryimage","url":"","contentUrl":""},{"@type":"BreadcrumbList","@id":"https:\/\/cleitonpinheiro.com.br\/site\/brasileiros-farao-aclimatacao-para-paralimpiada-de-paris-em-troyes\/#breadcrumb","itemListElement":[{"@type":"ListItem","position":1,"name":"In\u00edcio","item":"https:\/\/cleitonpinheiro.com.br\/site\/"},{"@type":"ListItem","position":2,"name":"Brasileiros far\u00e3o aclimata\u00e7\u00e3o para Paral\u00edmpiada de Paris em Troyes"}]},{"@type":"WebSite","@id":"https:\/\/cleitonpinheiro.com.br\/site\/#website","url":"https:\/\/cleitonpinheiro.com.br\/site\/","name":"PORTAL DE NOT\u00cdCIAS CLEITON PINHEIRO","description":"FALANDO A VERDADE","publisher":{"@id":"https:\/\/cleitonpinheiro.com.br\/site\/#organization"},"potentialAction":[{"@type":"SearchAction","target":{"@type":"EntryPoint","urlTemplate":"https:\/\/cleitonpinheiro.com.br\/site\/?s={search_term_string}"},"query-input":{"@type":"PropertyValueSpecification","valueRequired":true,"valueName":"search_term_string"}}],"inLanguage":"pt-BR"},{"@type":"Organization","@id":"https:\/\/cleitonpinheiro.com.br\/site\/#organization","name":"CPNOT\u00cdCIAS","url":"https:\/\/cleitonpinheiro.com.br\/site\/","logo":{"@type":"ImageObject","inLanguage":"pt-BR","@id":"https:\/\/cleitonpinheiro.com.br\/site\/#\/schema\/logo\/image\/","url":"https:\/\/cleitonpinheiro.com.br\/site\/wp-content\/uploads\/2022\/08\/Logo-pequena-2.png","contentUrl":"https:\/\/cleitonpinheiro.com.br\/site\/wp-content\/uploads\/2022\/08\/Logo-pequena-2.png","width":500,"height":500,"caption":"CPNOT\u00cdCIAS"},"image":{"@id":"https:\/\/cleitonpinheiro.com.br\/site\/#\/schema\/logo\/image\/"},"sameAs":["https:\/\/www.facebook.com\/portalcpnoticias\/"]},{"@type":"Person","@id":"https:\/\/cleitonpinheiro.com.br\/site\/#\/schema\/person\/8f04544e0bc40a1b68775b08360f87db","name":"Reda\u00e7\u00e3o CP","image":{"@type":"ImageObject","inLanguage":"pt-BR","@id":"https:\/\/cleitonpinheiro.com.br\/site\/#\/schema\/person\/image\/","url":"https:\/\/secure.gravatar.com\/avatar\/0bcf19cb29fdc8fc588c490c7ae1b3e174dac268586a63fbe1d1893a0f9020cd?s=96&r=g","contentUrl":"https:\/\/secure.gravatar.com\/avatar\/0bcf19cb29fdc8fc588c490c7ae1b3e174dac268586a63fbe1d1893a0f9020cd?s=96&r=g","caption":"Reda\u00e7\u00e3o CP"},"url":"https:\/\/cleitonpinheiro.com.br\/site\/author\/redacao\/"}]}},"views":160,"_links":{"self":[{"href":"https:\/\/cleitonpinheiro.com.br\/site\/wp-json\/wp\/v2\/posts\/72892","targetHints":{"allow":["GET"]}}],"collection":[{"href":"https:\/\/cleitonpinheiro.com.br\/site\/wp-json\/wp\/v2\/posts"}],"about":[{"href":"https:\/\/cleitonpinheiro.com.br\/site\/wp-json\/wp\/v2\/types\/post"}],"author":[{"embeddable":true,"href":"https:\/\/cleitonpinheiro.com.br\/site\/wp-json\/wp\/v2\/users\/13"}],"replies":[{"embeddable":true,"href":"https:\/\/cleitonpinheiro.com.br\/site\/wp-json\/wp\/v2\/comments?post=72892"}],"version-history":[{"count":1,"href":"https:\/\/cleitonpinheiro.com.br\/site\/wp-json\/wp\/v2\/posts\/72892\/revisions"}],"predecessor-version":[{"id":72894,"href":"https:\/\/cleitonpinheiro.com.br\/site\/wp-json\/wp\/v2\/posts\/72892\/revisions\/72894"}],"wp:attachment":[{"href":"https:\/\/cleitonpinheiro.com.br\/site\/wp-json\/wp\/v2\/media?parent=72892"}],"wp:term":[{"taxonomy":"category","embeddable":true,"href":"https:\/\/cleitonpinheiro.com.br\/site\/wp-json\/wp\/v2\/categories?post=72892"},{"taxonomy":"post_tag","embeddable":true,"href":"https:\/\/cleitonpinheiro.com.br\/site\/wp-json\/wp\/v2\/tags?post=72892"}],"curies":[{"name":"wp","href":"https:\/\/api.w.org\/{rel}","templated":true}]}}