{"id":72895,"date":"2023-07-10T12:17:10","date_gmt":"2023-07-10T15:17:10","guid":{"rendered":"https:\/\/cleitonpinheiro.com.br\/site\/?p=72895"},"modified":"2023-08-10T14:18:31","modified_gmt":"2023-08-10T17:18:31","slug":"mec-divulga-nesta-segunda-feira-lista-de-espera-do-sisu","status":"publish","type":"post","link":"https:\/\/cleitonpinheiro.com.br\/site\/mec-divulga-nesta-segunda-feira-lista-de-espera-do-sisu\/","title":{"rendered":"MEC divulga nesta segunda-feira lista de espera do Sisu"},"content":{"rendered":"\n<figure class=\"wp-block-image size-full\"><img decoding=\"async\" src=\"https:\/\/cleitonpinheiro.com.br\/site\/wp-content\/uploads\/2023\/07\/img_2954.jpg\" alt=\"\" class=\"wp-image-72896\"\/><figcaption class=\"wp-element-caption\"><em>Resultado pode ser consultado no<a href=\"https:\/\/acessounico.mec.gov.br\/sisu\"> Portal \u00danico de Acesso ao Ensino Superior<\/a>, na parte do Sisu &#8211; Foto: Juca Varella\/Ag\u00eancia Brasil<\/em><\/figcaption><\/figure>\n\n\n\n<p class=\"wp-block-paragraph\"><strong>Por Daniella Almeida &#8211; Ag\u00eancia Brasil<\/strong><\/p>\n\n\n\n<p class=\"wp-block-paragraph\">O resultado da lista de espera do Sistema de Sele\u00e7\u00e3o Unificada (Sisu) para o processo seletivo do 2\u00ba semestre de 2023 foi divulgado pelo Minist\u00e9rio da Educa\u00e7\u00e3o (MEC) nesta segunda-feira (10), e pode ser consultado no\u00a0<a href=\"https:\/\/acessounico.mec.gov.br\/sisu\" target=\"_blank\" rel=\"noreferrer noopener\">Portal \u00danico de Acesso ao Ensino Superior<\/a>, na parte do Sisu.<img decoding=\"async\" src=\"https:\/\/agenciabrasil.ebc.com.br\/ebc.png?id=1542917&amp;o=node\"><img decoding=\"async\" src=\"https:\/\/agenciabrasil.ebc.com.br\/ebc.gif?id=1542917&amp;o=node\"><\/p>\n\n\n\n<p class=\"wp-block-paragraph\">Desde hoje, os candidatos que manifestaram interesse em participar da lista de espera do Sisu come\u00e7aram a ser convocados pelas institui\u00e7\u00f5es de ensino superior para efetuar a matr\u00edcula ou registro acad\u00eamico, nas vagas ainda dispon\u00edveis ap\u00f3s o resultado da chamada regular. Assim, \u00e9 importante que os candidatos acompanhem as convoca\u00e7\u00f5es da lista de espera junto \u00e0 institui\u00e7\u00e3o para a qual tenha manifestado interesse.<\/p>\n\n\n\n<p class=\"wp-block-paragraph\">\u00c9 de responsabilidade do candidato observar os prazos, procedimentos e documentos exigidos para matr\u00edcula ou para registro acad\u00eamico, inclusive hor\u00e1rios e locais de atendimento definidos pelas institui\u00e7\u00f5es.<\/p>\n\n\n\n<p class=\"wp-block-paragraph\">Desde 2010, o Sisu re\u00fane as vagas ofertadas por institui\u00e7\u00f5es p\u00fablicas de ensino superior de todo o Brasil, que participam do processo seletivo vigente, sendo a maioria delas oferecidas por institui\u00e7\u00f5es federais (universidades e institutos).<\/p>\n\n\n\n<h2 class=\"wp-block-heading\">Matr\u00edcula<\/h2>\n\n\n\n<p class=\"wp-block-paragraph\">Conforme portaria publicada no&nbsp;<a href=\"https:\/\/sisu.mec.gov.br\/static\/pdf\/EDITAL%20N%C2%BA%207,%20DE%206%20DE%20JUNHO%20DE%202023.pdf\" target=\"_blank\" rel=\"noreferrer noopener\"><em>Di\u00e1rio Oficial da Uni\u00e3o<\/em><\/a>&nbsp;(DOU) as institui\u00e7\u00f5es de ensino participantes devem publicar, em suas p\u00e1ginas eletr\u00f4nicas, a lista de espera, por curso, turno, local de oferta e modalidade de concorr\u00eancia. Essas institui\u00e7\u00f5es tamb\u00e9m devem disponibilizar meios digitais para que os estudantes possam encaminhar, de forma digitalizada, a documenta\u00e7\u00e3o exigida para a matr\u00edcula ou o registro acad\u00eamico. Essa medida permite que o estudante possa ser matriculado sem precisar se deslocar at\u00e9 a institui\u00e7\u00e3o para a qual foi selecionado.&nbsp;<\/p>\n\n\n\n<p class=\"wp-block-paragraph\">Para saber mais a respeito desse procedimento, o estudante pode entrar em contato com a institui\u00e7\u00e3o. Para outras d\u00favidas, o telefone de atendimento do MEC: 0800 61 61 61.&nbsp;<\/p>\n","protected":false},"excerpt":{"rendered":"<p>Por Daniella Almeida &#8211; Ag\u00eancia Brasil O resultado da lista de espera do Sistema de Sele\u00e7\u00e3o Unificada (Sisu) para o processo seletivo do 2\u00ba semestre de 2023 foi divulgado pelo Minist\u00e9rio da Educa\u00e7\u00e3o (MEC) nesta segunda-feira (10), e pode ser consultado no\u00a0Portal \u00danico de Acesso ao Ensino Superior, na parte do Sisu. Desde hoje, os [&hellip;]<\/p>\n","protected":false},"author":13,"featured_media":0,"comment_status":"open","ping_status":"open","sticky":false,"template":"","format":"standard","meta":{"_acf_changed":false,"footnotes":""},"categories":[19,898],"tags":[968,455,643],"class_list":["post-72895","post","type-post","status-publish","format-standard","hentry","category-brasil-mundo","category-manchete-segundaria","tag-lista-de-espera","tag-mec","tag-sisu"],"acf":[],"yoast_head":"<!-- This site is optimized with the Yoast SEO plugin v24.4 - https:\/\/yoast.com\/wordpress\/plugins\/seo\/ -->\n<title>MEC divulga nesta segunda-feira lista de espera do Sisu - PORTAL DE NOT\u00cdCIAS CLEITON PINHEIRO<\/title>\n<meta name=\"robots\" content=\"index, follow, max-snippet:-1, max-image-preview:large, max-video-preview:-1\" \/>\n<link rel=\"canonical\" href=\"https:\/\/cleitonpinheiro.com.br\/site\/mec-divulga-nesta-segunda-feira-lista-de-espera-do-sisu\/\" \/>\n<meta property=\"og:locale\" content=\"pt_BR\" \/>\n<meta property=\"og:type\" content=\"article\" \/>\n<meta property=\"og:title\" content=\"MEC divulga nesta segunda-feira lista de espera do Sisu - PORTAL DE NOT\u00cdCIAS CLEITON PINHEIRO\" \/>\n<meta property=\"og:description\" content=\"Por Daniella Almeida &#8211; Ag\u00eancia Brasil O resultado da lista de espera do Sistema de Sele\u00e7\u00e3o Unificada (Sisu) para o processo seletivo do 2\u00ba semestre de 2023 foi divulgado pelo Minist\u00e9rio da Educa\u00e7\u00e3o (MEC) nesta segunda-feira (10), e pode ser consultado no\u00a0Portal \u00danico de Acesso ao Ensino Superior, na parte do Sisu. Desde hoje, os [&hellip;]\" \/>\n<meta property=\"og:url\" content=\"https:\/\/cleitonpinheiro.com.br\/site\/mec-divulga-nesta-segunda-feira-lista-de-espera-do-sisu\/\" \/>\n<meta property=\"og:site_name\" content=\"PORTAL DE NOT\u00cdCIAS CLEITON PINHEIRO\" \/>\n<meta property=\"article:publisher\" content=\"https:\/\/www.facebook.com\/portalcpnoticias\/\" \/>\n<meta property=\"article:published_time\" content=\"2023-07-10T15:17:10+00:00\" \/>\n<meta property=\"article:modified_time\" content=\"2023-08-10T17:18:31+00:00\" \/>\n<meta property=\"og:image\" content=\"https:\/\/cleitonpinheiro.com.br\/site\/wp-content\/uploads\/2023\/07\/img_2954.jpg\" \/>\n\t<meta property=\"og:image:width\" content=\"1170\" \/>\n\t<meta property=\"og:image:height\" content=\"700\" \/>\n\t<meta property=\"og:image:type\" content=\"image\/jpeg\" \/>\n<meta name=\"author\" content=\"Reda\u00e7\u00e3o CP\" \/>\n<meta name=\"twitter:card\" content=\"summary_large_image\" \/>\n<meta name=\"twitter:label1\" content=\"Escrito por\" \/>\n\t<meta name=\"twitter:data1\" content=\"Reda\u00e7\u00e3o CP\" \/>\n\t<meta name=\"twitter:label2\" content=\"Est. tempo de leitura\" \/>\n\t<meta name=\"twitter:data2\" content=\"3 minutos\" \/>\n<script type=\"application\/ld+json\" class=\"yoast-schema-graph\">{\"@context\":\"https:\/\/schema.org\",\"@graph\":[{\"@type\":\"Article\",\"@id\":\"https:\/\/cleitonpinheiro.com.br\/site\/mec-divulga-nesta-segunda-feira-lista-de-espera-do-sisu\/#article\",\"isPartOf\":{\"@id\":\"https:\/\/cleitonpinheiro.com.br\/site\/mec-divulga-nesta-segunda-feira-lista-de-espera-do-sisu\/\"},\"author\":{\"name\":\"Reda\u00e7\u00e3o CP\",\"@id\":\"https:\/\/cleitonpinheiro.com.br\/site\/#\/schema\/person\/8f04544e0bc40a1b68775b08360f87db\"},\"headline\":\"MEC divulga nesta segunda-feira lista de espera do Sisu\",\"datePublished\":\"2023-07-10T15:17:10+00:00\",\"dateModified\":\"2023-08-10T17:18:31+00:00\",\"mainEntityOfPage\":{\"@id\":\"https:\/\/cleitonpinheiro.com.br\/site\/mec-divulga-nesta-segunda-feira-lista-de-espera-do-sisu\/\"},\"wordCount\":349,\"commentCount\":0,\"publisher\":{\"@id\":\"https:\/\/cleitonpinheiro.com.br\/site\/#organization\"},\"image\":{\"@id\":\"https:\/\/cleitonpinheiro.com.br\/site\/mec-divulga-nesta-segunda-feira-lista-de-espera-do-sisu\/#primaryimage\"},\"thumbnailUrl\":\"https:\/\/cleitonpinheiro.com.br\/site\/wp-content\/uploads\/2023\/07\/img_2954.jpg\",\"keywords\":[\"Lista de espera\",\"Mec\",\"Sisu\"],\"articleSection\":[\"BRASIL \/ MUNDO\",\"MANCHETE SEGUND\u00c1RIA\"],\"inLanguage\":\"pt-BR\",\"potentialAction\":[{\"@type\":\"CommentAction\",\"name\":\"Comment\",\"target\":[\"https:\/\/cleitonpinheiro.com.br\/site\/mec-divulga-nesta-segunda-feira-lista-de-espera-do-sisu\/#respond\"]}]},{\"@type\":\"WebPage\",\"@id\":\"https:\/\/cleitonpinheiro.com.br\/site\/mec-divulga-nesta-segunda-feira-lista-de-espera-do-sisu\/\",\"url\":\"https:\/\/cleitonpinheiro.com.br\/site\/mec-divulga-nesta-segunda-feira-lista-de-espera-do-sisu\/\",\"name\":\"MEC divulga nesta segunda-feira lista de espera do Sisu - PORTAL DE NOT\u00cdCIAS CLEITON PINHEIRO\",\"isPartOf\":{\"@id\":\"https:\/\/cleitonpinheiro.com.br\/site\/#website\"},\"primaryImageOfPage\":{\"@id\":\"https:\/\/cleitonpinheiro.com.br\/site\/mec-divulga-nesta-segunda-feira-lista-de-espera-do-sisu\/#primaryimage\"},\"image\":{\"@id\":\"https:\/\/cleitonpinheiro.com.br\/site\/mec-divulga-nesta-segunda-feira-lista-de-espera-do-sisu\/#primaryimage\"},\"thumbnailUrl\":\"https:\/\/cleitonpinheiro.com.br\/site\/wp-content\/uploads\/2023\/07\/img_2954.jpg\",\"datePublished\":\"2023-07-10T15:17:10+00:00\",\"dateModified\":\"2023-08-10T17:18:31+00:00\",\"breadcrumb\":{\"@id\":\"https:\/\/cleitonpinheiro.com.br\/site\/mec-divulga-nesta-segunda-feira-lista-de-espera-do-sisu\/#breadcrumb\"},\"inLanguage\":\"pt-BR\",\"potentialAction\":[{\"@type\":\"ReadAction\",\"target\":[\"https:\/\/cleitonpinheiro.com.br\/site\/mec-divulga-nesta-segunda-feira-lista-de-espera-do-sisu\/\"]}]},{\"@type\":\"ImageObject\",\"inLanguage\":\"pt-BR\",\"@id\":\"https:\/\/cleitonpinheiro.com.br\/site\/mec-divulga-nesta-segunda-feira-lista-de-espera-do-sisu\/#primaryimage\",\"url\":\"\",\"contentUrl\":\"\"},{\"@type\":\"BreadcrumbList\",\"@id\":\"https:\/\/cleitonpinheiro.com.br\/site\/mec-divulga-nesta-segunda-feira-lista-de-espera-do-sisu\/#breadcrumb\",\"itemListElement\":[{\"@type\":\"ListItem\",\"position\":1,\"name\":\"In\u00edcio\",\"item\":\"https:\/\/cleitonpinheiro.com.br\/site\/\"},{\"@type\":\"ListItem\",\"position\":2,\"name\":\"MEC divulga nesta segunda-feira lista de espera do Sisu\"}]},{\"@type\":\"WebSite\",\"@id\":\"https:\/\/cleitonpinheiro.com.br\/site\/#website\",\"url\":\"https:\/\/cleitonpinheiro.com.br\/site\/\",\"name\":\"PORTAL DE NOT\u00cdCIAS CLEITON PINHEIRO\",\"description\":\"FALANDO A VERDADE\",\"publisher\":{\"@id\":\"https:\/\/cleitonpinheiro.com.br\/site\/#organization\"},\"potentialAction\":[{\"@type\":\"SearchAction\",\"target\":{\"@type\":\"EntryPoint\",\"urlTemplate\":\"https:\/\/cleitonpinheiro.com.br\/site\/?s={search_term_string}\"},\"query-input\":{\"@type\":\"PropertyValueSpecification\",\"valueRequired\":true,\"valueName\":\"search_term_string\"}}],\"inLanguage\":\"pt-BR\"},{\"@type\":\"Organization\",\"@id\":\"https:\/\/cleitonpinheiro.com.br\/site\/#organization\",\"name\":\"CPNOT\u00cdCIAS\",\"url\":\"https:\/\/cleitonpinheiro.com.br\/site\/\",\"logo\":{\"@type\":\"ImageObject\",\"inLanguage\":\"pt-BR\",\"@id\":\"https:\/\/cleitonpinheiro.com.br\/site\/#\/schema\/logo\/image\/\",\"url\":\"https:\/\/cleitonpinheiro.com.br\/site\/wp-content\/uploads\/2022\/08\/Logo-pequena-2.png\",\"contentUrl\":\"https:\/\/cleitonpinheiro.com.br\/site\/wp-content\/uploads\/2022\/08\/Logo-pequena-2.png\",\"width\":500,\"height\":500,\"caption\":\"CPNOT\u00cdCIAS\"},\"image\":{\"@id\":\"https:\/\/cleitonpinheiro.com.br\/site\/#\/schema\/logo\/image\/\"},\"sameAs\":[\"https:\/\/www.facebook.com\/portalcpnoticias\/\"]},{\"@type\":\"Person\",\"@id\":\"https:\/\/cleitonpinheiro.com.br\/site\/#\/schema\/person\/8f04544e0bc40a1b68775b08360f87db\",\"name\":\"Reda\u00e7\u00e3o CP\",\"image\":{\"@type\":\"ImageObject\",\"inLanguage\":\"pt-BR\",\"@id\":\"https:\/\/cleitonpinheiro.com.br\/site\/#\/schema\/person\/image\/\",\"url\":\"https:\/\/secure.gravatar.com\/avatar\/0bcf19cb29fdc8fc588c490c7ae1b3e174dac268586a63fbe1d1893a0f9020cd?s=96&r=g\",\"contentUrl\":\"https:\/\/secure.gravatar.com\/avatar\/0bcf19cb29fdc8fc588c490c7ae1b3e174dac268586a63fbe1d1893a0f9020cd?s=96&r=g\",\"caption\":\"Reda\u00e7\u00e3o CP\"},\"url\":\"https:\/\/cleitonpinheiro.com.br\/site\/author\/redacao\/\"}]}<\/script>\n<!-- \/ Yoast SEO plugin. -->","yoast_head_json":{"title":"MEC divulga nesta segunda-feira lista de espera do Sisu - PORTAL DE NOT\u00cdCIAS CLEITON PINHEIRO","robots":{"index":"index","follow":"follow","max-snippet":"max-snippet:-1","max-image-preview":"max-image-preview:large","max-video-preview":"max-video-preview:-1"},"canonical":"https:\/\/cleitonpinheiro.com.br\/site\/mec-divulga-nesta-segunda-feira-lista-de-espera-do-sisu\/","og_locale":"pt_BR","og_type":"article","og_title":"MEC divulga nesta segunda-feira lista de espera do Sisu - PORTAL DE NOT\u00cdCIAS CLEITON PINHEIRO","og_description":"Por Daniella Almeida &#8211; Ag\u00eancia Brasil O resultado da lista de espera do Sistema de Sele\u00e7\u00e3o Unificada (Sisu) para o processo seletivo do 2\u00ba semestre de 2023 foi divulgado pelo Minist\u00e9rio da Educa\u00e7\u00e3o (MEC) nesta segunda-feira (10), e pode ser consultado no\u00a0Portal \u00danico de Acesso ao Ensino Superior, na parte do Sisu. Desde hoje, os [&hellip;]","og_url":"https:\/\/cleitonpinheiro.com.br\/site\/mec-divulga-nesta-segunda-feira-lista-de-espera-do-sisu\/","og_site_name":"PORTAL DE NOT\u00cdCIAS CLEITON PINHEIRO","article_publisher":"https:\/\/www.facebook.com\/portalcpnoticias\/","article_published_time":"2023-07-10T15:17:10+00:00","article_modified_time":"2023-08-10T17:18:31+00:00","og_image":[{"width":1170,"height":700,"url":"https:\/\/cleitonpinheiro.com.br\/site\/wp-content\/uploads\/2023\/07\/img_2954.jpg","type":"image\/jpeg"}],"author":"Reda\u00e7\u00e3o CP","twitter_card":"summary_large_image","twitter_misc":{"Escrito por":"Reda\u00e7\u00e3o CP","Est. tempo de leitura":"3 minutos"},"schema":{"@context":"https:\/\/schema.org","@graph":[{"@type":"Article","@id":"https:\/\/cleitonpinheiro.com.br\/site\/mec-divulga-nesta-segunda-feira-lista-de-espera-do-sisu\/#article","isPartOf":{"@id":"https:\/\/cleitonpinheiro.com.br\/site\/mec-divulga-nesta-segunda-feira-lista-de-espera-do-sisu\/"},"author":{"name":"Reda\u00e7\u00e3o CP","@id":"https:\/\/cleitonpinheiro.com.br\/site\/#\/schema\/person\/8f04544e0bc40a1b68775b08360f87db"},"headline":"MEC divulga nesta segunda-feira lista de espera do Sisu","datePublished":"2023-07-10T15:17:10+00:00","dateModified":"2023-08-10T17:18:31+00:00","mainEntityOfPage":{"@id":"https:\/\/cleitonpinheiro.com.br\/site\/mec-divulga-nesta-segunda-feira-lista-de-espera-do-sisu\/"},"wordCount":349,"commentCount":0,"publisher":{"@id":"https:\/\/cleitonpinheiro.com.br\/site\/#organization"},"image":{"@id":"https:\/\/cleitonpinheiro.com.br\/site\/mec-divulga-nesta-segunda-feira-lista-de-espera-do-sisu\/#primaryimage"},"thumbnailUrl":"https:\/\/cleitonpinheiro.com.br\/site\/wp-content\/uploads\/2023\/07\/img_2954.jpg","keywords":["Lista de espera","Mec","Sisu"],"articleSection":["BRASIL \/ MUNDO","MANCHETE SEGUND\u00c1RIA"],"inLanguage":"pt-BR","potentialAction":[{"@type":"CommentAction","name":"Comment","target":["https:\/\/cleitonpinheiro.com.br\/site\/mec-divulga-nesta-segunda-feira-lista-de-espera-do-sisu\/#respond"]}]},{"@type":"WebPage","@id":"https:\/\/cleitonpinheiro.com.br\/site\/mec-divulga-nesta-segunda-feira-lista-de-espera-do-sisu\/","url":"https:\/\/cleitonpinheiro.com.br\/site\/mec-divulga-nesta-segunda-feira-lista-de-espera-do-sisu\/","name":"MEC divulga nesta segunda-feira lista de espera do Sisu - PORTAL DE NOT\u00cdCIAS CLEITON PINHEIRO","isPartOf":{"@id":"https:\/\/cleitonpinheiro.com.br\/site\/#website"},"primaryImageOfPage":{"@id":"https:\/\/cleitonpinheiro.com.br\/site\/mec-divulga-nesta-segunda-feira-lista-de-espera-do-sisu\/#primaryimage"},"image":{"@id":"https:\/\/cleitonpinheiro.com.br\/site\/mec-divulga-nesta-segunda-feira-lista-de-espera-do-sisu\/#primaryimage"},"thumbnailUrl":"https:\/\/cleitonpinheiro.com.br\/site\/wp-content\/uploads\/2023\/07\/img_2954.jpg","datePublished":"2023-07-10T15:17:10+00:00","dateModified":"2023-08-10T17:18:31+00:00","breadcrumb":{"@id":"https:\/\/cleitonpinheiro.com.br\/site\/mec-divulga-nesta-segunda-feira-lista-de-espera-do-sisu\/#breadcrumb"},"inLanguage":"pt-BR","potentialAction":[{"@type":"ReadAction","target":["https:\/\/cleitonpinheiro.com.br\/site\/mec-divulga-nesta-segunda-feira-lista-de-espera-do-sisu\/"]}]},{"@type":"ImageObject","inLanguage":"pt-BR","@id":"https:\/\/cleitonpinheiro.com.br\/site\/mec-divulga-nesta-segunda-feira-lista-de-espera-do-sisu\/#primaryimage","url":"","contentUrl":""},{"@type":"BreadcrumbList","@id":"https:\/\/cleitonpinheiro.com.br\/site\/mec-divulga-nesta-segunda-feira-lista-de-espera-do-sisu\/#breadcrumb","itemListElement":[{"@type":"ListItem","position":1,"name":"In\u00edcio","item":"https:\/\/cleitonpinheiro.com.br\/site\/"},{"@type":"ListItem","position":2,"name":"MEC divulga nesta segunda-feira lista de espera do Sisu"}]},{"@type":"WebSite","@id":"https:\/\/cleitonpinheiro.com.br\/site\/#website","url":"https:\/\/cleitonpinheiro.com.br\/site\/","name":"PORTAL DE NOT\u00cdCIAS CLEITON PINHEIRO","description":"FALANDO A VERDADE","publisher":{"@id":"https:\/\/cleitonpinheiro.com.br\/site\/#organization"},"potentialAction":[{"@type":"SearchAction","target":{"@type":"EntryPoint","urlTemplate":"https:\/\/cleitonpinheiro.com.br\/site\/?s={search_term_string}"},"query-input":{"@type":"PropertyValueSpecification","valueRequired":true,"valueName":"search_term_string"}}],"inLanguage":"pt-BR"},{"@type":"Organization","@id":"https:\/\/cleitonpinheiro.com.br\/site\/#organization","name":"CPNOT\u00cdCIAS","url":"https:\/\/cleitonpinheiro.com.br\/site\/","logo":{"@type":"ImageObject","inLanguage":"pt-BR","@id":"https:\/\/cleitonpinheiro.com.br\/site\/#\/schema\/logo\/image\/","url":"https:\/\/cleitonpinheiro.com.br\/site\/wp-content\/uploads\/2022\/08\/Logo-pequena-2.png","contentUrl":"https:\/\/cleitonpinheiro.com.br\/site\/wp-content\/uploads\/2022\/08\/Logo-pequena-2.png","width":500,"height":500,"caption":"CPNOT\u00cdCIAS"},"image":{"@id":"https:\/\/cleitonpinheiro.com.br\/site\/#\/schema\/logo\/image\/"},"sameAs":["https:\/\/www.facebook.com\/portalcpnoticias\/"]},{"@type":"Person","@id":"https:\/\/cleitonpinheiro.com.br\/site\/#\/schema\/person\/8f04544e0bc40a1b68775b08360f87db","name":"Reda\u00e7\u00e3o CP","image":{"@type":"ImageObject","inLanguage":"pt-BR","@id":"https:\/\/cleitonpinheiro.com.br\/site\/#\/schema\/person\/image\/","url":"https:\/\/secure.gravatar.com\/avatar\/0bcf19cb29fdc8fc588c490c7ae1b3e174dac268586a63fbe1d1893a0f9020cd?s=96&r=g","contentUrl":"https:\/\/secure.gravatar.com\/avatar\/0bcf19cb29fdc8fc588c490c7ae1b3e174dac268586a63fbe1d1893a0f9020cd?s=96&r=g","caption":"Reda\u00e7\u00e3o CP"},"url":"https:\/\/cleitonpinheiro.com.br\/site\/author\/redacao\/"}]}},"views":172,"_links":{"self":[{"href":"https:\/\/cleitonpinheiro.com.br\/site\/wp-json\/wp\/v2\/posts\/72895","targetHints":{"allow":["GET"]}}],"collection":[{"href":"https:\/\/cleitonpinheiro.com.br\/site\/wp-json\/wp\/v2\/posts"}],"about":[{"href":"https:\/\/cleitonpinheiro.com.br\/site\/wp-json\/wp\/v2\/types\/post"}],"author":[{"embeddable":true,"href":"https:\/\/cleitonpinheiro.com.br\/site\/wp-json\/wp\/v2\/users\/13"}],"replies":[{"embeddable":true,"href":"https:\/\/cleitonpinheiro.com.br\/site\/wp-json\/wp\/v2\/comments?post=72895"}],"version-history":[{"count":1,"href":"https:\/\/cleitonpinheiro.com.br\/site\/wp-json\/wp\/v2\/posts\/72895\/revisions"}],"predecessor-version":[{"id":72897,"href":"https:\/\/cleitonpinheiro.com.br\/site\/wp-json\/wp\/v2\/posts\/72895\/revisions\/72897"}],"wp:attachment":[{"href":"https:\/\/cleitonpinheiro.com.br\/site\/wp-json\/wp\/v2\/media?parent=72895"}],"wp:term":[{"taxonomy":"category","embeddable":true,"href":"https:\/\/cleitonpinheiro.com.br\/site\/wp-json\/wp\/v2\/categories?post=72895"},{"taxonomy":"post_tag","embeddable":true,"href":"https:\/\/cleitonpinheiro.com.br\/site\/wp-json\/wp\/v2\/tags?post=72895"}],"curies":[{"name":"wp","href":"https:\/\/api.w.org\/{rel}","templated":true}]}}