{"id":72898,"date":"2023-07-11T14:00:36","date_gmt":"2023-07-11T17:00:36","guid":{"rendered":"https:\/\/cleitonpinheiro.com.br\/site\/?p=72898"},"modified":"2023-08-10T14:18:00","modified_gmt":"2023-08-10T17:18:00","slug":"missa-de-setimo-dia-do-falecimento-de-siqueira-campos-e-marcada-por-homenagens","status":"publish","type":"post","link":"https:\/\/cleitonpinheiro.com.br\/site\/missa-de-setimo-dia-do-falecimento-de-siqueira-campos-e-marcada-por-homenagens\/","title":{"rendered":"Missa de S\u00e9timo Dia do falecimento de Siqueira Campos \u00e9 marcada por homenagens"},"content":{"rendered":"\n<figure class=\"wp-block-image size-full\"><img decoding=\"async\" src=\"https:\/\/cleitonpinheiro.com.br\/site\/wp-content\/uploads\/2023\/07\/0db3822fb4564370bd78f45b3c176f6f.jpeg\" alt=\"\" class=\"wp-image-72901\"\/><figcaption class=\"wp-element-caption\"><em>Padre Eduardo Zanom celebrou a Missa de S\u00e9timo Dia da morte de Siqueira Campos nessa segunda-feira &#8211; Foto: Edu Fortes\/Prefeitura de Palmas<\/em><\/figcaption><\/figure>\n\n\n\n<p class=\"wp-block-paragraph\"><strong>Da Prefeitura de Palmas<\/strong><\/p>\n\n\n\n<p class=\"wp-block-paragraph\">O padre Eduardo Zanom destacou na homilia nesta segunda-feira, 10, os grandes feitos de homens e mulheres que, por gra\u00e7a de Deus, transformam a realidade. A Missa de S\u00e9timo Dia do falecimento do ex-governador Siqueira Campos ocorreu na Catedral do Divino Esp\u00edrito Santo, em Palmas. \u201cO objetivo da missa n\u00e3o \u00e9 fazer uma homenagem ao Siqueira Campos, mas ser capaz de reconhecer o que Deus fez atrav\u00e9s deste l\u00edder. Deus sozinho n\u00e3o faz nada, ele n\u00e3o quer. Porque ele \u00e9 o Deus da comunh\u00e3o, da humildade.\u201d &nbsp;Governador por quatro mandatos, Siqueira Campos faleceu no \u00faltimo dia 4.&nbsp;<\/p>\n\n\n\n<p class=\"wp-block-paragraph\">Zanom afirmou que um homem p\u00fablico, t\u00e3o inspirado por Deus, se foi e outros precisam surgir. Ele desejou muita paz aos familiares e aos amigos e frisou: \u201csinto muita paz nesta missa e a morte para o crist\u00e3o n\u00e3o \u00e9 o fim, \u00e9 apenas a passagem para a eternidade. O sentimento deve ser gratid\u00e3o, pelo o que se viveu e os frutos colhidos em sua vida\u201d. A celebra\u00e7\u00e3o foi marcada pela presen\u00e7a de l\u00edderes pol\u00edticos e autoridades, al\u00e9m dos familiares, amigos e servidores p\u00fablicos, que t\u00eam uma admira\u00e7\u00e3o por Siqueira Campos pelas cria\u00e7\u00f5es do Tocantins e de Palmas.&nbsp;<\/p>\n\n\n\n<p class=\"wp-block-paragraph\">O m\u00e9dico e ex-vice-governador Raimundo Boi: \u201cSiqueira Campos passou, mas seu legado ficar\u00e1 para as futuras gera\u00e7\u00f5es. Fico muito triste quando vejo pessoas negando a atua\u00e7\u00e3o do Siqueira Campos na hist\u00f3ria do Tocantins, onde \u00e9 renegado todo o passado do ex-governador. N\u00e3o queremos um governador m\u00e1rtir, queremos simplesmente referenciar todo o conjunto da obra da Siqueira Campos. Conheci ele por volta de 1965, ainda em Colinas\u201d.<\/p>\n\n\n\n<p class=\"wp-block-paragraph\">Eduardo Siqueira Campos agradeceu a prefeita de Palmas, Cinthia Ribeiro, pela organiza\u00e7\u00e3o da Missa de S\u00e9timo Dia, destacando o uso dos girass\u00f3is na decora\u00e7\u00e3o, flor muito querida pelo ex-governador. O filho de Siqueira Campos agradeceu todos presentes, aos pioneiros que ajudaram o ent\u00e3o governador na implanta\u00e7\u00e3o do Tocantins e constru\u00e7\u00e3o de Palmas. Tamb\u00e9m saudou o trabalho da imprensa e saudou os jornalistas em nome de Ti\u00e3o Pinheiro, presente na missa.&nbsp;<\/p>\n\n\n\n<p class=\"wp-block-paragraph\">\u201cN\u00e3o me enquadro na direita ou na esquerda, sou um reformista inconformado. Ele corria atr\u00e1s do tempo, de cada segundo, buscando fazer mais e melhor e assim conseguiu atender milhares de an\u00f4nimos atrav\u00e9s dos programas, como Pioneiros Mirins e For\u00e7a Jovem\u201d, narrou Eduardo Siqueira. Ele lembrou que o desembargador Teot\u00f4nio Segurado foi o primeiro a trazer o sentimento da separa\u00e7\u00e3o do Norte de Goi\u00e1s. &nbsp;<\/p>\n\n\n\n<p class=\"wp-block-paragraph\">O vice-governador Laurez Moreira lembrou que, indo al\u00e9m das grandes obras, Siqueira Campos sempre teve uma grande preocupa\u00e7\u00e3o com as crian\u00e7as, criando o programa Pioneiros Mirins e sempre preocupado com a qualidade da educa\u00e7\u00e3o. \u201cSaber que Palmas tem um \u00cdndice de Desenvolvimento da Educa\u00e7\u00e3o B\u00e1sica (Ideb) melhor que o de Goi\u00e2nia orgulhou muito Siqueira, de ver tantas universidades no Tocantins e as melhorias na sa\u00fade. Nem se falava da pauta de meio ambiente, e ele j\u00e1 criava as \u00e1reas de prote\u00e7\u00e3o ambiental, um vision\u00e1rio.\u201d<\/p>\n\n\n\n<p class=\"wp-block-paragraph\">A prefeita Cinthia contou que nesses 23 anos de uma doce conviv\u00eancia com Siqueira Campos e sua esposa, Maril\u00facia Leandro Uch\u00f4a Siqueira Campos, passou pelos melhores momentos e tamb\u00e9m teve o apoio nos momentos mais dif\u00edceis que passou. \u201cMuitas das homenagens que queremos fazer podem ser pequenas. A maior de todas ser\u00e1 o cuidado com a senhora &#8211; Maril\u00facia &#8211; e com o legado de Siqueira Campos. Tenho muito orgulho e me sinto privilegiada de estar prefeita, pois dessa grande \u00e1rvore geneal\u00f3gica Siqueira Campos derivam todos os pol\u00edticos do Tocantins, em especial, os de Palmas. Temos essa miss\u00e3o de contar para as futuras gera\u00e7\u00f5es quem foi Siqueira.\u201d<\/p>\n\n\n\n<p class=\"wp-block-paragraph\">A gestora de Palmas lamenta que por um tempo ser\u00e1 muito dif\u00edcil aos familiares e amigos de Siqueira, pois a dor e a saudade \u00e9 muito grande. \u201cMas um compromisso que posso fazer com os palmenses e tocantinenses \u00e9 de manter viva a hist\u00f3ria do governador e as boas lembran\u00e7as que ainda temos para contar.\u201d<\/p>\n\n\n\n<p class=\"wp-block-paragraph\"><strong>Homenagem<\/strong><br>Al\u00e9m dos depoimentos, artistas fizeram uma grande homenagem com m\u00fasicas queridas por Siqueira e em refer\u00eancia a sua vida, como o cantor Gen\u00e9sio Tocantins que cantou o Hino ao Tocantins . Poesias foram declamadas, emocionando os presentes. E tamb\u00e9m teve a apresenta\u00e7\u00e3o de v\u00eddeos hist\u00f3ricos das campanhas eleitorais que disputou. Tamb\u00e9m teve um momento onde bal\u00f5es foram lan\u00e7ados, um \u00faltimo adeus ao grande l\u00edder pol\u00edtico do Tocantins.<\/p>\n","protected":false},"excerpt":{"rendered":"<p>Da Prefeitura de Palmas O padre Eduardo Zanom destacou na homilia nesta segunda-feira, 10, os grandes feitos de homens e mulheres que, por gra\u00e7a de Deus, transformam a realidade. A Missa de S\u00e9timo Dia do falecimento do ex-governador Siqueira Campos ocorreu na Catedral do Divino Esp\u00edrito Santo, em Palmas. \u201cO objetivo da missa n\u00e3o \u00e9 [&hellip;]<\/p>\n","protected":false},"author":13,"featured_media":0,"comment_status":"open","ping_status":"open","sticky":false,"template":"","format":"standard","meta":{"_acf_changed":false,"footnotes":""},"categories":[898,23],"tags":[969,473],"class_list":["post-72898","post","type-post","status-publish","format-standard","hentry","category-manchete-segundaria","category-politica","tag-missao-de-setimo-dia","tag-siqueira-campos"],"acf":[],"yoast_head":"<!-- This site is optimized with the Yoast SEO plugin v24.4 - https:\/\/yoast.com\/wordpress\/plugins\/seo\/ -->\n<title>Missa de S\u00e9timo Dia do falecimento de Siqueira Campos \u00e9 marcada por homenagens - PORTAL DE NOT\u00cdCIAS CLEITON PINHEIRO<\/title>\n<meta name=\"robots\" content=\"index, follow, max-snippet:-1, max-image-preview:large, max-video-preview:-1\" \/>\n<link rel=\"canonical\" href=\"https:\/\/cleitonpinheiro.com.br\/site\/missa-de-setimo-dia-do-falecimento-de-siqueira-campos-e-marcada-por-homenagens\/\" \/>\n<meta property=\"og:locale\" content=\"pt_BR\" \/>\n<meta property=\"og:type\" content=\"article\" \/>\n<meta property=\"og:title\" content=\"Missa de S\u00e9timo Dia do falecimento de Siqueira Campos \u00e9 marcada por homenagens - PORTAL DE NOT\u00cdCIAS CLEITON PINHEIRO\" \/>\n<meta property=\"og:description\" content=\"Da Prefeitura de Palmas O padre Eduardo Zanom destacou na homilia nesta segunda-feira, 10, os grandes feitos de homens e mulheres que, por gra\u00e7a de Deus, transformam a realidade. A Missa de S\u00e9timo Dia do falecimento do ex-governador Siqueira Campos ocorreu na Catedral do Divino Esp\u00edrito Santo, em Palmas. \u201cO objetivo da missa n\u00e3o \u00e9 [&hellip;]\" \/>\n<meta property=\"og:url\" content=\"https:\/\/cleitonpinheiro.com.br\/site\/missa-de-setimo-dia-do-falecimento-de-siqueira-campos-e-marcada-por-homenagens\/\" \/>\n<meta property=\"og:site_name\" content=\"PORTAL DE NOT\u00cdCIAS CLEITON PINHEIRO\" \/>\n<meta property=\"article:publisher\" content=\"https:\/\/www.facebook.com\/portalcpnoticias\/\" \/>\n<meta property=\"article:published_time\" content=\"2023-07-11T17:00:36+00:00\" \/>\n<meta property=\"article:modified_time\" content=\"2023-08-10T17:18:00+00:00\" \/>\n<meta property=\"og:image\" content=\"https:\/\/cleitonpinheiro.com.br\/site\/wp-content\/uploads\/2023\/07\/0db3822fb4564370bd78f45b3c176f6f.jpeg\" \/>\n\t<meta property=\"og:image:width\" content=\"1600\" \/>\n\t<meta property=\"og:image:height\" content=\"1066\" \/>\n\t<meta property=\"og:image:type\" content=\"image\/jpeg\" \/>\n<meta name=\"author\" content=\"Reda\u00e7\u00e3o CP\" \/>\n<meta name=\"twitter:card\" content=\"summary_large_image\" \/>\n<meta name=\"twitter:label1\" content=\"Escrito por\" \/>\n\t<meta name=\"twitter:data1\" content=\"Reda\u00e7\u00e3o CP\" \/>\n\t<meta name=\"twitter:label2\" content=\"Est. tempo de leitura\" \/>\n\t<meta name=\"twitter:data2\" content=\"5 minutos\" \/>\n<script type=\"application\/ld+json\" class=\"yoast-schema-graph\">{\"@context\":\"https:\/\/schema.org\",\"@graph\":[{\"@type\":\"Article\",\"@id\":\"https:\/\/cleitonpinheiro.com.br\/site\/missa-de-setimo-dia-do-falecimento-de-siqueira-campos-e-marcada-por-homenagens\/#article\",\"isPartOf\":{\"@id\":\"https:\/\/cleitonpinheiro.com.br\/site\/missa-de-setimo-dia-do-falecimento-de-siqueira-campos-e-marcada-por-homenagens\/\"},\"author\":{\"name\":\"Reda\u00e7\u00e3o CP\",\"@id\":\"https:\/\/cleitonpinheiro.com.br\/site\/#\/schema\/person\/8f04544e0bc40a1b68775b08360f87db\"},\"headline\":\"Missa de S\u00e9timo Dia do falecimento de Siqueira Campos \u00e9 marcada por homenagens\",\"datePublished\":\"2023-07-11T17:00:36+00:00\",\"dateModified\":\"2023-08-10T17:18:00+00:00\",\"mainEntityOfPage\":{\"@id\":\"https:\/\/cleitonpinheiro.com.br\/site\/missa-de-setimo-dia-do-falecimento-de-siqueira-campos-e-marcada-por-homenagens\/\"},\"wordCount\":825,\"commentCount\":0,\"publisher\":{\"@id\":\"https:\/\/cleitonpinheiro.com.br\/site\/#organization\"},\"image\":{\"@id\":\"https:\/\/cleitonpinheiro.com.br\/site\/missa-de-setimo-dia-do-falecimento-de-siqueira-campos-e-marcada-por-homenagens\/#primaryimage\"},\"thumbnailUrl\":\"https:\/\/cleitonpinheiro.com.br\/site\/wp-content\/uploads\/2023\/07\/0db3822fb4564370bd78f45b3c176f6f.jpeg\",\"keywords\":[\"Miss\u00e3o de S\u00e9timo Dia\",\"Siqueira Campos\"],\"articleSection\":[\"MANCHETE SEGUND\u00c1RIA\",\"POL\u00cdTICA\"],\"inLanguage\":\"pt-BR\",\"potentialAction\":[{\"@type\":\"CommentAction\",\"name\":\"Comment\",\"target\":[\"https:\/\/cleitonpinheiro.com.br\/site\/missa-de-setimo-dia-do-falecimento-de-siqueira-campos-e-marcada-por-homenagens\/#respond\"]}]},{\"@type\":\"WebPage\",\"@id\":\"https:\/\/cleitonpinheiro.com.br\/site\/missa-de-setimo-dia-do-falecimento-de-siqueira-campos-e-marcada-por-homenagens\/\",\"url\":\"https:\/\/cleitonpinheiro.com.br\/site\/missa-de-setimo-dia-do-falecimento-de-siqueira-campos-e-marcada-por-homenagens\/\",\"name\":\"Missa de S\u00e9timo Dia do falecimento de Siqueira Campos \u00e9 marcada por homenagens - PORTAL DE NOT\u00cdCIAS CLEITON PINHEIRO\",\"isPartOf\":{\"@id\":\"https:\/\/cleitonpinheiro.com.br\/site\/#website\"},\"primaryImageOfPage\":{\"@id\":\"https:\/\/cleitonpinheiro.com.br\/site\/missa-de-setimo-dia-do-falecimento-de-siqueira-campos-e-marcada-por-homenagens\/#primaryimage\"},\"image\":{\"@id\":\"https:\/\/cleitonpinheiro.com.br\/site\/missa-de-setimo-dia-do-falecimento-de-siqueira-campos-e-marcada-por-homenagens\/#primaryimage\"},\"thumbnailUrl\":\"https:\/\/cleitonpinheiro.com.br\/site\/wp-content\/uploads\/2023\/07\/0db3822fb4564370bd78f45b3c176f6f.jpeg\",\"datePublished\":\"2023-07-11T17:00:36+00:00\",\"dateModified\":\"2023-08-10T17:18:00+00:00\",\"breadcrumb\":{\"@id\":\"https:\/\/cleitonpinheiro.com.br\/site\/missa-de-setimo-dia-do-falecimento-de-siqueira-campos-e-marcada-por-homenagens\/#breadcrumb\"},\"inLanguage\":\"pt-BR\",\"potentialAction\":[{\"@type\":\"ReadAction\",\"target\":[\"https:\/\/cleitonpinheiro.com.br\/site\/missa-de-setimo-dia-do-falecimento-de-siqueira-campos-e-marcada-por-homenagens\/\"]}]},{\"@type\":\"ImageObject\",\"inLanguage\":\"pt-BR\",\"@id\":\"https:\/\/cleitonpinheiro.com.br\/site\/missa-de-setimo-dia-do-falecimento-de-siqueira-campos-e-marcada-por-homenagens\/#primaryimage\",\"url\":\"\",\"contentUrl\":\"\"},{\"@type\":\"BreadcrumbList\",\"@id\":\"https:\/\/cleitonpinheiro.com.br\/site\/missa-de-setimo-dia-do-falecimento-de-siqueira-campos-e-marcada-por-homenagens\/#breadcrumb\",\"itemListElement\":[{\"@type\":\"ListItem\",\"position\":1,\"name\":\"In\u00edcio\",\"item\":\"https:\/\/cleitonpinheiro.com.br\/site\/\"},{\"@type\":\"ListItem\",\"position\":2,\"name\":\"Missa de S\u00e9timo Dia do falecimento de Siqueira Campos \u00e9 marcada por homenagens\"}]},{\"@type\":\"WebSite\",\"@id\":\"https:\/\/cleitonpinheiro.com.br\/site\/#website\",\"url\":\"https:\/\/cleitonpinheiro.com.br\/site\/\",\"name\":\"PORTAL DE NOT\u00cdCIAS CLEITON PINHEIRO\",\"description\":\"FALANDO A VERDADE\",\"publisher\":{\"@id\":\"https:\/\/cleitonpinheiro.com.br\/site\/#organization\"},\"potentialAction\":[{\"@type\":\"SearchAction\",\"target\":{\"@type\":\"EntryPoint\",\"urlTemplate\":\"https:\/\/cleitonpinheiro.com.br\/site\/?s={search_term_string}\"},\"query-input\":{\"@type\":\"PropertyValueSpecification\",\"valueRequired\":true,\"valueName\":\"search_term_string\"}}],\"inLanguage\":\"pt-BR\"},{\"@type\":\"Organization\",\"@id\":\"https:\/\/cleitonpinheiro.com.br\/site\/#organization\",\"name\":\"CPNOT\u00cdCIAS\",\"url\":\"https:\/\/cleitonpinheiro.com.br\/site\/\",\"logo\":{\"@type\":\"ImageObject\",\"inLanguage\":\"pt-BR\",\"@id\":\"https:\/\/cleitonpinheiro.com.br\/site\/#\/schema\/logo\/image\/\",\"url\":\"https:\/\/cleitonpinheiro.com.br\/site\/wp-content\/uploads\/2022\/08\/Logo-pequena-2.png\",\"contentUrl\":\"https:\/\/cleitonpinheiro.com.br\/site\/wp-content\/uploads\/2022\/08\/Logo-pequena-2.png\",\"width\":500,\"height\":500,\"caption\":\"CPNOT\u00cdCIAS\"},\"image\":{\"@id\":\"https:\/\/cleitonpinheiro.com.br\/site\/#\/schema\/logo\/image\/\"},\"sameAs\":[\"https:\/\/www.facebook.com\/portalcpnoticias\/\"]},{\"@type\":\"Person\",\"@id\":\"https:\/\/cleitonpinheiro.com.br\/site\/#\/schema\/person\/8f04544e0bc40a1b68775b08360f87db\",\"name\":\"Reda\u00e7\u00e3o CP\",\"image\":{\"@type\":\"ImageObject\",\"inLanguage\":\"pt-BR\",\"@id\":\"https:\/\/cleitonpinheiro.com.br\/site\/#\/schema\/person\/image\/\",\"url\":\"https:\/\/secure.gravatar.com\/avatar\/0bcf19cb29fdc8fc588c490c7ae1b3e174dac268586a63fbe1d1893a0f9020cd?s=96&r=g\",\"contentUrl\":\"https:\/\/secure.gravatar.com\/avatar\/0bcf19cb29fdc8fc588c490c7ae1b3e174dac268586a63fbe1d1893a0f9020cd?s=96&r=g\",\"caption\":\"Reda\u00e7\u00e3o CP\"},\"url\":\"https:\/\/cleitonpinheiro.com.br\/site\/author\/redacao\/\"}]}<\/script>\n<!-- \/ Yoast SEO plugin. -->","yoast_head_json":{"title":"Missa de S\u00e9timo Dia do falecimento de Siqueira Campos \u00e9 marcada por homenagens - PORTAL DE NOT\u00cdCIAS CLEITON PINHEIRO","robots":{"index":"index","follow":"follow","max-snippet":"max-snippet:-1","max-image-preview":"max-image-preview:large","max-video-preview":"max-video-preview:-1"},"canonical":"https:\/\/cleitonpinheiro.com.br\/site\/missa-de-setimo-dia-do-falecimento-de-siqueira-campos-e-marcada-por-homenagens\/","og_locale":"pt_BR","og_type":"article","og_title":"Missa de S\u00e9timo Dia do falecimento de Siqueira Campos \u00e9 marcada por homenagens - PORTAL DE NOT\u00cdCIAS CLEITON PINHEIRO","og_description":"Da Prefeitura de Palmas O padre Eduardo Zanom destacou na homilia nesta segunda-feira, 10, os grandes feitos de homens e mulheres que, por gra\u00e7a de Deus, transformam a realidade. A Missa de S\u00e9timo Dia do falecimento do ex-governador Siqueira Campos ocorreu na Catedral do Divino Esp\u00edrito Santo, em Palmas. \u201cO objetivo da missa n\u00e3o \u00e9 [&hellip;]","og_url":"https:\/\/cleitonpinheiro.com.br\/site\/missa-de-setimo-dia-do-falecimento-de-siqueira-campos-e-marcada-por-homenagens\/","og_site_name":"PORTAL DE NOT\u00cdCIAS CLEITON PINHEIRO","article_publisher":"https:\/\/www.facebook.com\/portalcpnoticias\/","article_published_time":"2023-07-11T17:00:36+00:00","article_modified_time":"2023-08-10T17:18:00+00:00","og_image":[{"width":1600,"height":1066,"url":"https:\/\/cleitonpinheiro.com.br\/site\/wp-content\/uploads\/2023\/07\/0db3822fb4564370bd78f45b3c176f6f.jpeg","type":"image\/jpeg"}],"author":"Reda\u00e7\u00e3o CP","twitter_card":"summary_large_image","twitter_misc":{"Escrito por":"Reda\u00e7\u00e3o CP","Est. tempo de leitura":"5 minutos"},"schema":{"@context":"https:\/\/schema.org","@graph":[{"@type":"Article","@id":"https:\/\/cleitonpinheiro.com.br\/site\/missa-de-setimo-dia-do-falecimento-de-siqueira-campos-e-marcada-por-homenagens\/#article","isPartOf":{"@id":"https:\/\/cleitonpinheiro.com.br\/site\/missa-de-setimo-dia-do-falecimento-de-siqueira-campos-e-marcada-por-homenagens\/"},"author":{"name":"Reda\u00e7\u00e3o CP","@id":"https:\/\/cleitonpinheiro.com.br\/site\/#\/schema\/person\/8f04544e0bc40a1b68775b08360f87db"},"headline":"Missa de S\u00e9timo Dia do falecimento de Siqueira Campos \u00e9 marcada por homenagens","datePublished":"2023-07-11T17:00:36+00:00","dateModified":"2023-08-10T17:18:00+00:00","mainEntityOfPage":{"@id":"https:\/\/cleitonpinheiro.com.br\/site\/missa-de-setimo-dia-do-falecimento-de-siqueira-campos-e-marcada-por-homenagens\/"},"wordCount":825,"commentCount":0,"publisher":{"@id":"https:\/\/cleitonpinheiro.com.br\/site\/#organization"},"image":{"@id":"https:\/\/cleitonpinheiro.com.br\/site\/missa-de-setimo-dia-do-falecimento-de-siqueira-campos-e-marcada-por-homenagens\/#primaryimage"},"thumbnailUrl":"https:\/\/cleitonpinheiro.com.br\/site\/wp-content\/uploads\/2023\/07\/0db3822fb4564370bd78f45b3c176f6f.jpeg","keywords":["Miss\u00e3o de S\u00e9timo Dia","Siqueira Campos"],"articleSection":["MANCHETE SEGUND\u00c1RIA","POL\u00cdTICA"],"inLanguage":"pt-BR","potentialAction":[{"@type":"CommentAction","name":"Comment","target":["https:\/\/cleitonpinheiro.com.br\/site\/missa-de-setimo-dia-do-falecimento-de-siqueira-campos-e-marcada-por-homenagens\/#respond"]}]},{"@type":"WebPage","@id":"https:\/\/cleitonpinheiro.com.br\/site\/missa-de-setimo-dia-do-falecimento-de-siqueira-campos-e-marcada-por-homenagens\/","url":"https:\/\/cleitonpinheiro.com.br\/site\/missa-de-setimo-dia-do-falecimento-de-siqueira-campos-e-marcada-por-homenagens\/","name":"Missa de S\u00e9timo Dia do falecimento de Siqueira Campos \u00e9 marcada por homenagens - PORTAL DE NOT\u00cdCIAS CLEITON PINHEIRO","isPartOf":{"@id":"https:\/\/cleitonpinheiro.com.br\/site\/#website"},"primaryImageOfPage":{"@id":"https:\/\/cleitonpinheiro.com.br\/site\/missa-de-setimo-dia-do-falecimento-de-siqueira-campos-e-marcada-por-homenagens\/#primaryimage"},"image":{"@id":"https:\/\/cleitonpinheiro.com.br\/site\/missa-de-setimo-dia-do-falecimento-de-siqueira-campos-e-marcada-por-homenagens\/#primaryimage"},"thumbnailUrl":"https:\/\/cleitonpinheiro.com.br\/site\/wp-content\/uploads\/2023\/07\/0db3822fb4564370bd78f45b3c176f6f.jpeg","datePublished":"2023-07-11T17:00:36+00:00","dateModified":"2023-08-10T17:18:00+00:00","breadcrumb":{"@id":"https:\/\/cleitonpinheiro.com.br\/site\/missa-de-setimo-dia-do-falecimento-de-siqueira-campos-e-marcada-por-homenagens\/#breadcrumb"},"inLanguage":"pt-BR","potentialAction":[{"@type":"ReadAction","target":["https:\/\/cleitonpinheiro.com.br\/site\/missa-de-setimo-dia-do-falecimento-de-siqueira-campos-e-marcada-por-homenagens\/"]}]},{"@type":"ImageObject","inLanguage":"pt-BR","@id":"https:\/\/cleitonpinheiro.com.br\/site\/missa-de-setimo-dia-do-falecimento-de-siqueira-campos-e-marcada-por-homenagens\/#primaryimage","url":"","contentUrl":""},{"@type":"BreadcrumbList","@id":"https:\/\/cleitonpinheiro.com.br\/site\/missa-de-setimo-dia-do-falecimento-de-siqueira-campos-e-marcada-por-homenagens\/#breadcrumb","itemListElement":[{"@type":"ListItem","position":1,"name":"In\u00edcio","item":"https:\/\/cleitonpinheiro.com.br\/site\/"},{"@type":"ListItem","position":2,"name":"Missa de S\u00e9timo Dia do falecimento de Siqueira Campos \u00e9 marcada por homenagens"}]},{"@type":"WebSite","@id":"https:\/\/cleitonpinheiro.com.br\/site\/#website","url":"https:\/\/cleitonpinheiro.com.br\/site\/","name":"PORTAL DE NOT\u00cdCIAS CLEITON PINHEIRO","description":"FALANDO A VERDADE","publisher":{"@id":"https:\/\/cleitonpinheiro.com.br\/site\/#organization"},"potentialAction":[{"@type":"SearchAction","target":{"@type":"EntryPoint","urlTemplate":"https:\/\/cleitonpinheiro.com.br\/site\/?s={search_term_string}"},"query-input":{"@type":"PropertyValueSpecification","valueRequired":true,"valueName":"search_term_string"}}],"inLanguage":"pt-BR"},{"@type":"Organization","@id":"https:\/\/cleitonpinheiro.com.br\/site\/#organization","name":"CPNOT\u00cdCIAS","url":"https:\/\/cleitonpinheiro.com.br\/site\/","logo":{"@type":"ImageObject","inLanguage":"pt-BR","@id":"https:\/\/cleitonpinheiro.com.br\/site\/#\/schema\/logo\/image\/","url":"https:\/\/cleitonpinheiro.com.br\/site\/wp-content\/uploads\/2022\/08\/Logo-pequena-2.png","contentUrl":"https:\/\/cleitonpinheiro.com.br\/site\/wp-content\/uploads\/2022\/08\/Logo-pequena-2.png","width":500,"height":500,"caption":"CPNOT\u00cdCIAS"},"image":{"@id":"https:\/\/cleitonpinheiro.com.br\/site\/#\/schema\/logo\/image\/"},"sameAs":["https:\/\/www.facebook.com\/portalcpnoticias\/"]},{"@type":"Person","@id":"https:\/\/cleitonpinheiro.com.br\/site\/#\/schema\/person\/8f04544e0bc40a1b68775b08360f87db","name":"Reda\u00e7\u00e3o CP","image":{"@type":"ImageObject","inLanguage":"pt-BR","@id":"https:\/\/cleitonpinheiro.com.br\/site\/#\/schema\/person\/image\/","url":"https:\/\/secure.gravatar.com\/avatar\/0bcf19cb29fdc8fc588c490c7ae1b3e174dac268586a63fbe1d1893a0f9020cd?s=96&r=g","contentUrl":"https:\/\/secure.gravatar.com\/avatar\/0bcf19cb29fdc8fc588c490c7ae1b3e174dac268586a63fbe1d1893a0f9020cd?s=96&r=g","caption":"Reda\u00e7\u00e3o CP"},"url":"https:\/\/cleitonpinheiro.com.br\/site\/author\/redacao\/"}]}},"views":143,"_links":{"self":[{"href":"https:\/\/cleitonpinheiro.com.br\/site\/wp-json\/wp\/v2\/posts\/72898","targetHints":{"allow":["GET"]}}],"collection":[{"href":"https:\/\/cleitonpinheiro.com.br\/site\/wp-json\/wp\/v2\/posts"}],"about":[{"href":"https:\/\/cleitonpinheiro.com.br\/site\/wp-json\/wp\/v2\/types\/post"}],"author":[{"embeddable":true,"href":"https:\/\/cleitonpinheiro.com.br\/site\/wp-json\/wp\/v2\/users\/13"}],"replies":[{"embeddable":true,"href":"https:\/\/cleitonpinheiro.com.br\/site\/wp-json\/wp\/v2\/comments?post=72898"}],"version-history":[{"count":1,"href":"https:\/\/cleitonpinheiro.com.br\/site\/wp-json\/wp\/v2\/posts\/72898\/revisions"}],"predecessor-version":[{"id":72902,"href":"https:\/\/cleitonpinheiro.com.br\/site\/wp-json\/wp\/v2\/posts\/72898\/revisions\/72902"}],"wp:attachment":[{"href":"https:\/\/cleitonpinheiro.com.br\/site\/wp-json\/wp\/v2\/media?parent=72898"}],"wp:term":[{"taxonomy":"category","embeddable":true,"href":"https:\/\/cleitonpinheiro.com.br\/site\/wp-json\/wp\/v2\/categories?post=72898"},{"taxonomy":"post_tag","embeddable":true,"href":"https:\/\/cleitonpinheiro.com.br\/site\/wp-json\/wp\/v2\/tags?post=72898"}],"curies":[{"name":"wp","href":"https:\/\/api.w.org\/{rel}","templated":true}]}}