{"id":72903,"date":"2023-07-11T18:05:02","date_gmt":"2023-07-11T21:05:02","guid":{"rendered":"https:\/\/cleitonpinheiro.com.br\/site\/?p=72903"},"modified":"2023-08-08T11:51:13","modified_gmt":"2023-08-08T14:51:13","slug":"22a-roda-literaria-acontece-nesta-quarta-feira-12-com-encontro-de-autores","status":"publish","type":"post","link":"https:\/\/cleitonpinheiro.com.br\/site\/22a-roda-literaria-acontece-nesta-quarta-feira-12-com-encontro-de-autores\/","title":{"rendered":"22\u00aa Roda Liter\u00e1ria acontece nesta quarta-feira, 12, com encontro de autores"},"content":{"rendered":"\n<figure class=\"wp-block-image size-full\"><img decoding=\"async\" src=\"https:\/\/cleitonpinheiro.com.br\/site\/wp-content\/uploads\/2023\/07\/unnamed-1-1.jpg\" alt=\"\" class=\"wp-image-72904\"\/><figcaption class=\"wp-element-caption\"><em>Evento acontecer\u00e1 no Nila, localizado no Espa\u00e7o Cultural Jos\u00e9 Gomes Sobrinho<\/em><\/figcaption><\/figure>\n\n\n\n<p class=\"wp-block-paragraph\"><strong>Da Prefeitura de Palmas<\/strong><\/p>\n\n\n\n<p class=\"wp-block-paragraph\">A Roda Liter\u00e1ria chega a sua 22\u00aa edi\u00e7\u00e3o nesta quarta-feira, 12, com\u00a0um encontro de autores no lan\u00e7amento dos livros\u00a0dos escritores Lia Testa, Augusto Niemar, Clarissa Macedo e Erre Amaral.\u00a0O evento acontecer\u00e1 no N\u00facleo Integrado de Literatura e Artes (Nila), localizado no Espa\u00e7o Cultural Jos\u00e9 Gomes Sobrinho, a partir das 19 horas, sob media\u00e7\u00e3o de Geovana Lima.<\/p>\n\n\n\n<p class=\"wp-block-paragraph\">Na ocasi\u00e3o ser\u00e3o lan\u00e7adas as obras &#8216;Enigma&#8217;, escrito por Lia Testa e Augusto Niemar; &#8216;A casa mais alta do teu cora\u00e7\u00e3o&#8217;, de Clarissa Macedo,&nbsp;e &#8216;A ru\u00edna&#8217;, de Erre Amaral e Lia Testa. Al\u00e9m de debater literatura e processo criativo, os autores apresentar\u00e3o suas obras e ter\u00e3o a oportunidade de autografar exemplares, com dedicat\u00f3rias aos leitores.<\/p>\n\n\n\n<p class=\"wp-block-paragraph\">A Roda Liter\u00e1ria \u00e9 um evento promovido pela Funda\u00e7\u00e3o Cultural de Palmas (FCP), por interm\u00e9dio da Biblioteca Jornalista Jaime C\u00e2mara, para fomentar a literatura e dar visibilidade a escritores iniciantes.&nbsp;<\/p>\n\n\n\n<p class=\"wp-block-paragraph\"><strong>Autores<\/strong><\/p>\n\n\n\n<p class=\"wp-block-paragraph\">Lia Testa, professora da Universidade Federal do Tocantins (UFT), poeta e colagista, \u00e9 uma das autoras em destaque. Com um p\u00f3s-doutorado em etnopoesia, doutorado em Comunica\u00e7\u00e3o e Semi\u00f3tica e mestrado em Letras, ela j\u00e1 publicou tr\u00eas livros de poesia.<\/p>\n\n\n\n<p class=\"wp-block-paragraph\">Clarissa Macedo, doutora em Literatura e Cultura, escritora e pesquisadora. Ela j\u00e1 publicou diversos livros e recebeu reconhecimento por suas obras, incluindo o Pr\u00eamio Nacional da Academia de Letras da Bahia.<\/p>\n\n\n\n<p class=\"wp-block-paragraph\">Erre Amaral, professor, escritor e psicanalista, tamb\u00e9m ter\u00e1 seu trabalho em destaque no evento. Com um p\u00f3s-doutorado em Estudos Liter\u00e1rios e doutorado em Educa\u00e7\u00e3o, ele \u00e9 autor de v\u00e1rias obras, incluindo ensaios, contos e an\u00e1lises liter\u00e1rias.<\/p>\n","protected":false},"excerpt":{"rendered":"<p>Da Prefeitura de Palmas A Roda Liter\u00e1ria chega a sua 22\u00aa edi\u00e7\u00e3o nesta quarta-feira, 12, com\u00a0um encontro de autores no lan\u00e7amento dos livros\u00a0dos escritores Lia Testa, Augusto Niemar, Clarissa Macedo e Erre Amaral.\u00a0O evento acontecer\u00e1 no N\u00facleo Integrado de Literatura e Artes (Nila), localizado no Espa\u00e7o Cultural Jos\u00e9 Gomes Sobrinho, a partir das 19 horas, [&hellip;]<\/p>\n","protected":false},"author":13,"featured_media":0,"comment_status":"open","ping_status":"open","sticky":false,"template":"","format":"standard","meta":{"_acf_changed":false,"footnotes":""},"categories":[22,898],"tags":[720,971],"class_list":["post-72903","post","type-post","status-publish","format-standard","hentry","category-cidades","category-manchete-segundaria","tag-prefeitura-de-palmas","tag-roda-literaria"],"acf":[],"yoast_head":"<!-- This site is optimized with the Yoast SEO plugin v24.4 - https:\/\/yoast.com\/wordpress\/plugins\/seo\/ -->\n<title>22\u00aa Roda Liter\u00e1ria acontece nesta quarta-feira, 12, com encontro de autores - PORTAL DE NOT\u00cdCIAS CLEITON PINHEIRO<\/title>\n<meta name=\"robots\" content=\"index, follow, max-snippet:-1, max-image-preview:large, max-video-preview:-1\" \/>\n<link rel=\"canonical\" href=\"https:\/\/cleitonpinheiro.com.br\/site\/22a-roda-literaria-acontece-nesta-quarta-feira-12-com-encontro-de-autores\/\" \/>\n<meta property=\"og:locale\" content=\"pt_BR\" \/>\n<meta property=\"og:type\" content=\"article\" \/>\n<meta property=\"og:title\" content=\"22\u00aa Roda Liter\u00e1ria acontece nesta quarta-feira, 12, com encontro de autores - PORTAL DE NOT\u00cdCIAS CLEITON PINHEIRO\" \/>\n<meta property=\"og:description\" content=\"Da Prefeitura de Palmas A Roda Liter\u00e1ria chega a sua 22\u00aa edi\u00e7\u00e3o nesta quarta-feira, 12, com\u00a0um encontro de autores no lan\u00e7amento dos livros\u00a0dos escritores Lia Testa, Augusto Niemar, Clarissa Macedo e Erre Amaral.\u00a0O evento acontecer\u00e1 no N\u00facleo Integrado de Literatura e Artes (Nila), localizado no Espa\u00e7o Cultural Jos\u00e9 Gomes Sobrinho, a partir das 19 horas, [&hellip;]\" \/>\n<meta property=\"og:url\" content=\"https:\/\/cleitonpinheiro.com.br\/site\/22a-roda-literaria-acontece-nesta-quarta-feira-12-com-encontro-de-autores\/\" \/>\n<meta property=\"og:site_name\" content=\"PORTAL DE NOT\u00cdCIAS CLEITON PINHEIRO\" \/>\n<meta property=\"article:publisher\" content=\"https:\/\/www.facebook.com\/portalcpnoticias\/\" \/>\n<meta property=\"article:published_time\" content=\"2023-07-11T21:05:02+00:00\" \/>\n<meta property=\"article:modified_time\" content=\"2023-08-08T14:51:13+00:00\" \/>\n<meta property=\"og:image\" content=\"https:\/\/cleitonpinheiro.com.br\/site\/wp-content\/uploads\/2023\/07\/unnamed-1-1.jpg\" \/>\n\t<meta property=\"og:image:width\" content=\"1350\" \/>\n\t<meta property=\"og:image:height\" content=\"900\" \/>\n\t<meta property=\"og:image:type\" content=\"image\/jpeg\" \/>\n<meta name=\"author\" content=\"Reda\u00e7\u00e3o CP\" \/>\n<meta name=\"twitter:card\" content=\"summary_large_image\" \/>\n<meta name=\"twitter:label1\" content=\"Escrito por\" \/>\n\t<meta name=\"twitter:data1\" content=\"Reda\u00e7\u00e3o CP\" \/>\n\t<meta name=\"twitter:label2\" content=\"Est. tempo de leitura\" \/>\n\t<meta name=\"twitter:data2\" content=\"2 minutos\" \/>\n<script type=\"application\/ld+json\" class=\"yoast-schema-graph\">{\"@context\":\"https:\/\/schema.org\",\"@graph\":[{\"@type\":\"Article\",\"@id\":\"https:\/\/cleitonpinheiro.com.br\/site\/22a-roda-literaria-acontece-nesta-quarta-feira-12-com-encontro-de-autores\/#article\",\"isPartOf\":{\"@id\":\"https:\/\/cleitonpinheiro.com.br\/site\/22a-roda-literaria-acontece-nesta-quarta-feira-12-com-encontro-de-autores\/\"},\"author\":{\"name\":\"Reda\u00e7\u00e3o CP\",\"@id\":\"https:\/\/cleitonpinheiro.com.br\/site\/#\/schema\/person\/8f04544e0bc40a1b68775b08360f87db\"},\"headline\":\"22\u00aa Roda Liter\u00e1ria acontece nesta quarta-feira, 12, com encontro de autores\",\"datePublished\":\"2023-07-11T21:05:02+00:00\",\"dateModified\":\"2023-08-08T14:51:13+00:00\",\"mainEntityOfPage\":{\"@id\":\"https:\/\/cleitonpinheiro.com.br\/site\/22a-roda-literaria-acontece-nesta-quarta-feira-12-com-encontro-de-autores\/\"},\"wordCount\":305,\"commentCount\":0,\"publisher\":{\"@id\":\"https:\/\/cleitonpinheiro.com.br\/site\/#organization\"},\"image\":{\"@id\":\"https:\/\/cleitonpinheiro.com.br\/site\/22a-roda-literaria-acontece-nesta-quarta-feira-12-com-encontro-de-autores\/#primaryimage\"},\"thumbnailUrl\":\"https:\/\/cleitonpinheiro.com.br\/site\/wp-content\/uploads\/2023\/07\/unnamed-1-1.jpg\",\"keywords\":[\"Prefeitura de Palmas\",\"Roda Liter\u00e1ria\"],\"articleSection\":[\"CIDADES\",\"MANCHETE SEGUND\u00c1RIA\"],\"inLanguage\":\"pt-BR\",\"potentialAction\":[{\"@type\":\"CommentAction\",\"name\":\"Comment\",\"target\":[\"https:\/\/cleitonpinheiro.com.br\/site\/22a-roda-literaria-acontece-nesta-quarta-feira-12-com-encontro-de-autores\/#respond\"]}]},{\"@type\":\"WebPage\",\"@id\":\"https:\/\/cleitonpinheiro.com.br\/site\/22a-roda-literaria-acontece-nesta-quarta-feira-12-com-encontro-de-autores\/\",\"url\":\"https:\/\/cleitonpinheiro.com.br\/site\/22a-roda-literaria-acontece-nesta-quarta-feira-12-com-encontro-de-autores\/\",\"name\":\"22\u00aa Roda Liter\u00e1ria acontece nesta quarta-feira, 12, com encontro de autores - PORTAL DE NOT\u00cdCIAS CLEITON PINHEIRO\",\"isPartOf\":{\"@id\":\"https:\/\/cleitonpinheiro.com.br\/site\/#website\"},\"primaryImageOfPage\":{\"@id\":\"https:\/\/cleitonpinheiro.com.br\/site\/22a-roda-literaria-acontece-nesta-quarta-feira-12-com-encontro-de-autores\/#primaryimage\"},\"image\":{\"@id\":\"https:\/\/cleitonpinheiro.com.br\/site\/22a-roda-literaria-acontece-nesta-quarta-feira-12-com-encontro-de-autores\/#primaryimage\"},\"thumbnailUrl\":\"https:\/\/cleitonpinheiro.com.br\/site\/wp-content\/uploads\/2023\/07\/unnamed-1-1.jpg\",\"datePublished\":\"2023-07-11T21:05:02+00:00\",\"dateModified\":\"2023-08-08T14:51:13+00:00\",\"breadcrumb\":{\"@id\":\"https:\/\/cleitonpinheiro.com.br\/site\/22a-roda-literaria-acontece-nesta-quarta-feira-12-com-encontro-de-autores\/#breadcrumb\"},\"inLanguage\":\"pt-BR\",\"potentialAction\":[{\"@type\":\"ReadAction\",\"target\":[\"https:\/\/cleitonpinheiro.com.br\/site\/22a-roda-literaria-acontece-nesta-quarta-feira-12-com-encontro-de-autores\/\"]}]},{\"@type\":\"ImageObject\",\"inLanguage\":\"pt-BR\",\"@id\":\"https:\/\/cleitonpinheiro.com.br\/site\/22a-roda-literaria-acontece-nesta-quarta-feira-12-com-encontro-de-autores\/#primaryimage\",\"url\":\"\",\"contentUrl\":\"\"},{\"@type\":\"BreadcrumbList\",\"@id\":\"https:\/\/cleitonpinheiro.com.br\/site\/22a-roda-literaria-acontece-nesta-quarta-feira-12-com-encontro-de-autores\/#breadcrumb\",\"itemListElement\":[{\"@type\":\"ListItem\",\"position\":1,\"name\":\"In\u00edcio\",\"item\":\"https:\/\/cleitonpinheiro.com.br\/site\/\"},{\"@type\":\"ListItem\",\"position\":2,\"name\":\"22\u00aa Roda Liter\u00e1ria acontece nesta quarta-feira, 12, com encontro de autores\"}]},{\"@type\":\"WebSite\",\"@id\":\"https:\/\/cleitonpinheiro.com.br\/site\/#website\",\"url\":\"https:\/\/cleitonpinheiro.com.br\/site\/\",\"name\":\"PORTAL DE NOT\u00cdCIAS CLEITON PINHEIRO\",\"description\":\"FALANDO A VERDADE\",\"publisher\":{\"@id\":\"https:\/\/cleitonpinheiro.com.br\/site\/#organization\"},\"potentialAction\":[{\"@type\":\"SearchAction\",\"target\":{\"@type\":\"EntryPoint\",\"urlTemplate\":\"https:\/\/cleitonpinheiro.com.br\/site\/?s={search_term_string}\"},\"query-input\":{\"@type\":\"PropertyValueSpecification\",\"valueRequired\":true,\"valueName\":\"search_term_string\"}}],\"inLanguage\":\"pt-BR\"},{\"@type\":\"Organization\",\"@id\":\"https:\/\/cleitonpinheiro.com.br\/site\/#organization\",\"name\":\"CPNOT\u00cdCIAS\",\"url\":\"https:\/\/cleitonpinheiro.com.br\/site\/\",\"logo\":{\"@type\":\"ImageObject\",\"inLanguage\":\"pt-BR\",\"@id\":\"https:\/\/cleitonpinheiro.com.br\/site\/#\/schema\/logo\/image\/\",\"url\":\"https:\/\/cleitonpinheiro.com.br\/site\/wp-content\/uploads\/2022\/08\/Logo-pequena-2.png\",\"contentUrl\":\"https:\/\/cleitonpinheiro.com.br\/site\/wp-content\/uploads\/2022\/08\/Logo-pequena-2.png\",\"width\":500,\"height\":500,\"caption\":\"CPNOT\u00cdCIAS\"},\"image\":{\"@id\":\"https:\/\/cleitonpinheiro.com.br\/site\/#\/schema\/logo\/image\/\"},\"sameAs\":[\"https:\/\/www.facebook.com\/portalcpnoticias\/\"]},{\"@type\":\"Person\",\"@id\":\"https:\/\/cleitonpinheiro.com.br\/site\/#\/schema\/person\/8f04544e0bc40a1b68775b08360f87db\",\"name\":\"Reda\u00e7\u00e3o CP\",\"image\":{\"@type\":\"ImageObject\",\"inLanguage\":\"pt-BR\",\"@id\":\"https:\/\/cleitonpinheiro.com.br\/site\/#\/schema\/person\/image\/\",\"url\":\"https:\/\/secure.gravatar.com\/avatar\/0bcf19cb29fdc8fc588c490c7ae1b3e174dac268586a63fbe1d1893a0f9020cd?s=96&r=g\",\"contentUrl\":\"https:\/\/secure.gravatar.com\/avatar\/0bcf19cb29fdc8fc588c490c7ae1b3e174dac268586a63fbe1d1893a0f9020cd?s=96&r=g\",\"caption\":\"Reda\u00e7\u00e3o CP\"},\"url\":\"https:\/\/cleitonpinheiro.com.br\/site\/author\/redacao\/\"}]}<\/script>\n<!-- \/ Yoast SEO plugin. -->","yoast_head_json":{"title":"22\u00aa Roda Liter\u00e1ria acontece nesta quarta-feira, 12, com encontro de autores - PORTAL DE NOT\u00cdCIAS CLEITON PINHEIRO","robots":{"index":"index","follow":"follow","max-snippet":"max-snippet:-1","max-image-preview":"max-image-preview:large","max-video-preview":"max-video-preview:-1"},"canonical":"https:\/\/cleitonpinheiro.com.br\/site\/22a-roda-literaria-acontece-nesta-quarta-feira-12-com-encontro-de-autores\/","og_locale":"pt_BR","og_type":"article","og_title":"22\u00aa Roda Liter\u00e1ria acontece nesta quarta-feira, 12, com encontro de autores - PORTAL DE NOT\u00cdCIAS CLEITON PINHEIRO","og_description":"Da Prefeitura de Palmas A Roda Liter\u00e1ria chega a sua 22\u00aa edi\u00e7\u00e3o nesta quarta-feira, 12, com\u00a0um encontro de autores no lan\u00e7amento dos livros\u00a0dos escritores Lia Testa, Augusto Niemar, Clarissa Macedo e Erre Amaral.\u00a0O evento acontecer\u00e1 no N\u00facleo Integrado de Literatura e Artes (Nila), localizado no Espa\u00e7o Cultural Jos\u00e9 Gomes Sobrinho, a partir das 19 horas, [&hellip;]","og_url":"https:\/\/cleitonpinheiro.com.br\/site\/22a-roda-literaria-acontece-nesta-quarta-feira-12-com-encontro-de-autores\/","og_site_name":"PORTAL DE NOT\u00cdCIAS CLEITON PINHEIRO","article_publisher":"https:\/\/www.facebook.com\/portalcpnoticias\/","article_published_time":"2023-07-11T21:05:02+00:00","article_modified_time":"2023-08-08T14:51:13+00:00","og_image":[{"width":1350,"height":900,"url":"https:\/\/cleitonpinheiro.com.br\/site\/wp-content\/uploads\/2023\/07\/unnamed-1-1.jpg","type":"image\/jpeg"}],"author":"Reda\u00e7\u00e3o CP","twitter_card":"summary_large_image","twitter_misc":{"Escrito por":"Reda\u00e7\u00e3o CP","Est. tempo de leitura":"2 minutos"},"schema":{"@context":"https:\/\/schema.org","@graph":[{"@type":"Article","@id":"https:\/\/cleitonpinheiro.com.br\/site\/22a-roda-literaria-acontece-nesta-quarta-feira-12-com-encontro-de-autores\/#article","isPartOf":{"@id":"https:\/\/cleitonpinheiro.com.br\/site\/22a-roda-literaria-acontece-nesta-quarta-feira-12-com-encontro-de-autores\/"},"author":{"name":"Reda\u00e7\u00e3o CP","@id":"https:\/\/cleitonpinheiro.com.br\/site\/#\/schema\/person\/8f04544e0bc40a1b68775b08360f87db"},"headline":"22\u00aa Roda Liter\u00e1ria acontece nesta quarta-feira, 12, com encontro de autores","datePublished":"2023-07-11T21:05:02+00:00","dateModified":"2023-08-08T14:51:13+00:00","mainEntityOfPage":{"@id":"https:\/\/cleitonpinheiro.com.br\/site\/22a-roda-literaria-acontece-nesta-quarta-feira-12-com-encontro-de-autores\/"},"wordCount":305,"commentCount":0,"publisher":{"@id":"https:\/\/cleitonpinheiro.com.br\/site\/#organization"},"image":{"@id":"https:\/\/cleitonpinheiro.com.br\/site\/22a-roda-literaria-acontece-nesta-quarta-feira-12-com-encontro-de-autores\/#primaryimage"},"thumbnailUrl":"https:\/\/cleitonpinheiro.com.br\/site\/wp-content\/uploads\/2023\/07\/unnamed-1-1.jpg","keywords":["Prefeitura de Palmas","Roda Liter\u00e1ria"],"articleSection":["CIDADES","MANCHETE SEGUND\u00c1RIA"],"inLanguage":"pt-BR","potentialAction":[{"@type":"CommentAction","name":"Comment","target":["https:\/\/cleitonpinheiro.com.br\/site\/22a-roda-literaria-acontece-nesta-quarta-feira-12-com-encontro-de-autores\/#respond"]}]},{"@type":"WebPage","@id":"https:\/\/cleitonpinheiro.com.br\/site\/22a-roda-literaria-acontece-nesta-quarta-feira-12-com-encontro-de-autores\/","url":"https:\/\/cleitonpinheiro.com.br\/site\/22a-roda-literaria-acontece-nesta-quarta-feira-12-com-encontro-de-autores\/","name":"22\u00aa Roda Liter\u00e1ria acontece nesta quarta-feira, 12, com encontro de autores - PORTAL DE NOT\u00cdCIAS CLEITON PINHEIRO","isPartOf":{"@id":"https:\/\/cleitonpinheiro.com.br\/site\/#website"},"primaryImageOfPage":{"@id":"https:\/\/cleitonpinheiro.com.br\/site\/22a-roda-literaria-acontece-nesta-quarta-feira-12-com-encontro-de-autores\/#primaryimage"},"image":{"@id":"https:\/\/cleitonpinheiro.com.br\/site\/22a-roda-literaria-acontece-nesta-quarta-feira-12-com-encontro-de-autores\/#primaryimage"},"thumbnailUrl":"https:\/\/cleitonpinheiro.com.br\/site\/wp-content\/uploads\/2023\/07\/unnamed-1-1.jpg","datePublished":"2023-07-11T21:05:02+00:00","dateModified":"2023-08-08T14:51:13+00:00","breadcrumb":{"@id":"https:\/\/cleitonpinheiro.com.br\/site\/22a-roda-literaria-acontece-nesta-quarta-feira-12-com-encontro-de-autores\/#breadcrumb"},"inLanguage":"pt-BR","potentialAction":[{"@type":"ReadAction","target":["https:\/\/cleitonpinheiro.com.br\/site\/22a-roda-literaria-acontece-nesta-quarta-feira-12-com-encontro-de-autores\/"]}]},{"@type":"ImageObject","inLanguage":"pt-BR","@id":"https:\/\/cleitonpinheiro.com.br\/site\/22a-roda-literaria-acontece-nesta-quarta-feira-12-com-encontro-de-autores\/#primaryimage","url":"","contentUrl":""},{"@type":"BreadcrumbList","@id":"https:\/\/cleitonpinheiro.com.br\/site\/22a-roda-literaria-acontece-nesta-quarta-feira-12-com-encontro-de-autores\/#breadcrumb","itemListElement":[{"@type":"ListItem","position":1,"name":"In\u00edcio","item":"https:\/\/cleitonpinheiro.com.br\/site\/"},{"@type":"ListItem","position":2,"name":"22\u00aa Roda Liter\u00e1ria acontece nesta quarta-feira, 12, com encontro de autores"}]},{"@type":"WebSite","@id":"https:\/\/cleitonpinheiro.com.br\/site\/#website","url":"https:\/\/cleitonpinheiro.com.br\/site\/","name":"PORTAL DE NOT\u00cdCIAS CLEITON PINHEIRO","description":"FALANDO A VERDADE","publisher":{"@id":"https:\/\/cleitonpinheiro.com.br\/site\/#organization"},"potentialAction":[{"@type":"SearchAction","target":{"@type":"EntryPoint","urlTemplate":"https:\/\/cleitonpinheiro.com.br\/site\/?s={search_term_string}"},"query-input":{"@type":"PropertyValueSpecification","valueRequired":true,"valueName":"search_term_string"}}],"inLanguage":"pt-BR"},{"@type":"Organization","@id":"https:\/\/cleitonpinheiro.com.br\/site\/#organization","name":"CPNOT\u00cdCIAS","url":"https:\/\/cleitonpinheiro.com.br\/site\/","logo":{"@type":"ImageObject","inLanguage":"pt-BR","@id":"https:\/\/cleitonpinheiro.com.br\/site\/#\/schema\/logo\/image\/","url":"https:\/\/cleitonpinheiro.com.br\/site\/wp-content\/uploads\/2022\/08\/Logo-pequena-2.png","contentUrl":"https:\/\/cleitonpinheiro.com.br\/site\/wp-content\/uploads\/2022\/08\/Logo-pequena-2.png","width":500,"height":500,"caption":"CPNOT\u00cdCIAS"},"image":{"@id":"https:\/\/cleitonpinheiro.com.br\/site\/#\/schema\/logo\/image\/"},"sameAs":["https:\/\/www.facebook.com\/portalcpnoticias\/"]},{"@type":"Person","@id":"https:\/\/cleitonpinheiro.com.br\/site\/#\/schema\/person\/8f04544e0bc40a1b68775b08360f87db","name":"Reda\u00e7\u00e3o CP","image":{"@type":"ImageObject","inLanguage":"pt-BR","@id":"https:\/\/cleitonpinheiro.com.br\/site\/#\/schema\/person\/image\/","url":"https:\/\/secure.gravatar.com\/avatar\/0bcf19cb29fdc8fc588c490c7ae1b3e174dac268586a63fbe1d1893a0f9020cd?s=96&r=g","contentUrl":"https:\/\/secure.gravatar.com\/avatar\/0bcf19cb29fdc8fc588c490c7ae1b3e174dac268586a63fbe1d1893a0f9020cd?s=96&r=g","caption":"Reda\u00e7\u00e3o CP"},"url":"https:\/\/cleitonpinheiro.com.br\/site\/author\/redacao\/"}]}},"views":132,"_links":{"self":[{"href":"https:\/\/cleitonpinheiro.com.br\/site\/wp-json\/wp\/v2\/posts\/72903","targetHints":{"allow":["GET"]}}],"collection":[{"href":"https:\/\/cleitonpinheiro.com.br\/site\/wp-json\/wp\/v2\/posts"}],"about":[{"href":"https:\/\/cleitonpinheiro.com.br\/site\/wp-json\/wp\/v2\/types\/post"}],"author":[{"embeddable":true,"href":"https:\/\/cleitonpinheiro.com.br\/site\/wp-json\/wp\/v2\/users\/13"}],"replies":[{"embeddable":true,"href":"https:\/\/cleitonpinheiro.com.br\/site\/wp-json\/wp\/v2\/comments?post=72903"}],"version-history":[{"count":1,"href":"https:\/\/cleitonpinheiro.com.br\/site\/wp-json\/wp\/v2\/posts\/72903\/revisions"}],"predecessor-version":[{"id":72905,"href":"https:\/\/cleitonpinheiro.com.br\/site\/wp-json\/wp\/v2\/posts\/72903\/revisions\/72905"}],"wp:attachment":[{"href":"https:\/\/cleitonpinheiro.com.br\/site\/wp-json\/wp\/v2\/media?parent=72903"}],"wp:term":[{"taxonomy":"category","embeddable":true,"href":"https:\/\/cleitonpinheiro.com.br\/site\/wp-json\/wp\/v2\/categories?post=72903"},{"taxonomy":"post_tag","embeddable":true,"href":"https:\/\/cleitonpinheiro.com.br\/site\/wp-json\/wp\/v2\/tags?post=72903"}],"curies":[{"name":"wp","href":"https:\/\/api.w.org\/{rel}","templated":true}]}}