{"id":72910,"date":"2023-07-11T19:23:34","date_gmt":"2023-07-11T22:23:34","guid":{"rendered":"https:\/\/cleitonpinheiro.com.br\/site\/?p=72910"},"modified":"2023-08-08T11:39:01","modified_gmt":"2023-08-08T14:39:01","slug":"agtur-promove-ii-workshop-para-classificados-do-evento","status":"publish","type":"post","link":"https:\/\/cleitonpinheiro.com.br\/site\/agtur-promove-ii-workshop-para-classificados-do-evento\/","title":{"rendered":"Agtur promove II Workshop para classificados do evento"},"content":{"rendered":"\n<figure class=\"wp-block-image size-full\"><img decoding=\"async\" src=\"https:\/\/cleitonpinheiro.com.br\/site\/wp-content\/uploads\/2023\/07\/876d4ac6-3736-4ab7-877b-680d571a1327-1.jpg\" alt=\"\" class=\"wp-image-72911\"\/><figcaption class=\"wp-element-caption\"><em>17\u00ba FGT ser\u00e1 realizado de 6 a 10 de setembro, em Taquaru\u00e7u &#8211; Foto: Lia Mara\/Prefeitura de Palmas<\/em><\/figcaption><\/figure>\n\n\n\n<p class=\"wp-block-paragraph\">Da Prefeitura de Palmas<\/p>\n\n\n\n<p class=\"wp-block-paragraph\">As 159 inscri\u00e7\u00f5es para o 17\u00ba Festival Gastron\u00f4mico de Taquaru\u00e7u (FGT) foram&nbsp;<a href=\"http:\/\/diariooficial.palmas.to.gov.br\/media\/diario\/3257-10-7-2023-21-41-38.pdf\" target=\"_blank\" rel=\"noreferrer noopener\">homologadas<\/a>&nbsp;nessa segunda-feira, 10, no Di\u00e1rio Oficial do Munic\u00edpio. Os participantes, agora, participar\u00e3o do II Workshop sobre Ficha T\u00e9cnica e Harmoniza\u00e7\u00e3o de Pratos, isto, antes de seguirem para a fase de degusta\u00e7\u00e3o. O Workshop acontece nesta&nbsp;quarta-feira, 12, das 14&nbsp;\u00e0s 18 horas, no Centro de Conven\u00e7\u00f5es Arnaud Rodrigues, com&nbsp;participa\u00e7\u00e3o obrigat\u00f3ria e eliminat\u00f3ria.<\/p>\n\n\n\n<p class=\"wp-block-paragraph\">O curso ser\u00e1 ministrado pela chef e instrutora do Servi\u00e7o Nacional de Aprendizagem Comercial no Tocantins (Senac-TO), Roberta Ribeiro, al\u00e9m da&nbsp;nutricionista e professora do curso de Nutri\u00e7\u00e3o da Universidade Federal do Tocantins (UFT), doutora Tatiana Evangelista. \u201cOs participantes receber\u00e3o orienta\u00e7\u00f5es sobre as pr\u00f3ximas etapas do festival, incluindo como fazer a harmoniza\u00e7\u00e3o e montagem de pratos, e, tamb\u00e9m, outro item importante, a cria\u00e7\u00e3o da ficha t\u00e9cnica, seguindo o passo a passo para ter uma receita com qualidade e com viabilidade econ\u00f4mica para o participante\u201d, diz Tatiana. Ela ressalta&nbsp;que os presentes&nbsp;tamb\u00e9m&nbsp;receber\u00e3o instru\u00e7\u00f5es quanto \u00e0s boas pr\u00e1ticas na fabrica\u00e7\u00e3o de alimentos, para orient\u00e1-los sobre os cuidados no momento da compra at\u00e9 a distribui\u00e7\u00e3o das comidas.<\/p>\n\n\n\n<p class=\"wp-block-paragraph\">Para a diretora de Promo\u00e7\u00e3o e Eventos da Ag\u00eancia Municipal de Turismo (Agtur), M\u00f4nica Hardman, este \u00e9, sem d\u00favida, um momento fundamental para os inscritos, pois, ter\u00e3o uma orienta\u00e7\u00e3o t\u00e9cnica de qualidade, para poderem desenvolver suas receitas, com qualidade. \u201cEste momento tem como objetivo a&nbsp;capacita\u00e7\u00e3o do p\u00fablico participante para al\u00e9m do festival, n\u00f3s queremos contribuir&nbsp;com a qualidade&nbsp;e ativamente com o com\u00e9rcio aliment\u00edcio de Palmas.\u201d<\/p>\n\n\n\n<p class=\"wp-block-paragraph\"><strong>17\u00ba FGT<\/strong><\/p>\n\n\n\n<p class=\"wp-block-paragraph\">O evento ser\u00e1 realizado de 6 a 10 de setembro, em Taquaru\u00e7u, com a previs\u00e3o de participa\u00e7\u00e3o de 47 concorrentes. Este ano, dentre as novidades anunciadas pela Prefeitura de Palmas h\u00e1 a amplia\u00e7\u00e3o da categoria vegetariana, para \u2018Sa\u00fade e bem-estar\u2019, que estende as op\u00e7\u00f5es de prepara\u00e7\u00f5es para intolerantes a lactose e para o p\u00fablico que busca por op\u00e7\u00f5es light e diet. E por fim, o aumento no valor das premia\u00e7\u00f5es, passando de R$ 72 mil para R$ 114 mil. Agora ser\u00e3o R$ 10 mil para os primeiros lugares, R$ 6 mil para os segundos lugares, e R$ 3 mil para os terceiros, em cada categoria.<\/p>\n","protected":false},"excerpt":{"rendered":"<p>Da Prefeitura de Palmas As 159 inscri\u00e7\u00f5es para o 17\u00ba Festival Gastron\u00f4mico de Taquaru\u00e7u (FGT) foram&nbsp;homologadas&nbsp;nessa segunda-feira, 10, no Di\u00e1rio Oficial do Munic\u00edpio. Os participantes, agora, participar\u00e3o do II Workshop sobre Ficha T\u00e9cnica e Harmoniza\u00e7\u00e3o de Pratos, isto, antes de seguirem para a fase de degusta\u00e7\u00e3o. O Workshop acontece nesta&nbsp;quarta-feira, 12, das 14&nbsp;\u00e0s 18 horas, [&hellip;]<\/p>\n","protected":false},"author":13,"featured_media":0,"comment_status":"open","ping_status":"open","sticky":false,"template":"","format":"standard","meta":{"_acf_changed":false,"footnotes":""},"categories":[22,898],"tags":[913,720],"class_list":["post-72910","post","type-post","status-publish","format-standard","hentry","category-cidades","category-manchete-segundaria","tag-fgt","tag-prefeitura-de-palmas"],"acf":[],"yoast_head":"<!-- This site is optimized with the Yoast SEO plugin v24.4 - https:\/\/yoast.com\/wordpress\/plugins\/seo\/ -->\n<title>Agtur promove II Workshop para classificados do evento - PORTAL DE NOT\u00cdCIAS CLEITON PINHEIRO<\/title>\n<meta name=\"robots\" content=\"index, follow, max-snippet:-1, max-image-preview:large, max-video-preview:-1\" \/>\n<link rel=\"canonical\" href=\"https:\/\/cleitonpinheiro.com.br\/site\/agtur-promove-ii-workshop-para-classificados-do-evento\/\" \/>\n<meta property=\"og:locale\" content=\"pt_BR\" \/>\n<meta property=\"og:type\" content=\"article\" \/>\n<meta property=\"og:title\" content=\"Agtur promove II Workshop para classificados do evento - PORTAL DE NOT\u00cdCIAS CLEITON PINHEIRO\" \/>\n<meta property=\"og:description\" content=\"Da Prefeitura de Palmas As 159 inscri\u00e7\u00f5es para o 17\u00ba Festival Gastron\u00f4mico de Taquaru\u00e7u (FGT) foram&nbsp;homologadas&nbsp;nessa segunda-feira, 10, no Di\u00e1rio Oficial do Munic\u00edpio. Os participantes, agora, participar\u00e3o do II Workshop sobre Ficha T\u00e9cnica e Harmoniza\u00e7\u00e3o de Pratos, isto, antes de seguirem para a fase de degusta\u00e7\u00e3o. O Workshop acontece nesta&nbsp;quarta-feira, 12, das 14&nbsp;\u00e0s 18 horas, [&hellip;]\" \/>\n<meta property=\"og:url\" content=\"https:\/\/cleitonpinheiro.com.br\/site\/agtur-promove-ii-workshop-para-classificados-do-evento\/\" \/>\n<meta property=\"og:site_name\" content=\"PORTAL DE NOT\u00cdCIAS CLEITON PINHEIRO\" \/>\n<meta property=\"article:publisher\" content=\"https:\/\/www.facebook.com\/portalcpnoticias\/\" \/>\n<meta property=\"article:published_time\" content=\"2023-07-11T22:23:34+00:00\" \/>\n<meta property=\"article:modified_time\" content=\"2023-08-08T14:39:01+00:00\" \/>\n<meta property=\"og:image\" content=\"https:\/\/cleitonpinheiro.com.br\/site\/wp-content\/uploads\/2023\/07\/876d4ac6-3736-4ab7-877b-680d571a1327-1.jpg\" \/>\n\t<meta property=\"og:image:width\" content=\"800\" \/>\n\t<meta property=\"og:image:height\" content=\"533\" \/>\n\t<meta property=\"og:image:type\" content=\"image\/jpeg\" \/>\n<meta name=\"author\" content=\"Reda\u00e7\u00e3o CP\" \/>\n<meta name=\"twitter:card\" content=\"summary_large_image\" \/>\n<meta name=\"twitter:label1\" content=\"Escrito por\" \/>\n\t<meta name=\"twitter:data1\" content=\"Reda\u00e7\u00e3o CP\" \/>\n\t<meta name=\"twitter:label2\" content=\"Est. tempo de leitura\" \/>\n\t<meta name=\"twitter:data2\" content=\"3 minutos\" \/>\n<script type=\"application\/ld+json\" class=\"yoast-schema-graph\">{\"@context\":\"https:\/\/schema.org\",\"@graph\":[{\"@type\":\"Article\",\"@id\":\"https:\/\/cleitonpinheiro.com.br\/site\/agtur-promove-ii-workshop-para-classificados-do-evento\/#article\",\"isPartOf\":{\"@id\":\"https:\/\/cleitonpinheiro.com.br\/site\/agtur-promove-ii-workshop-para-classificados-do-evento\/\"},\"author\":{\"name\":\"Reda\u00e7\u00e3o CP\",\"@id\":\"https:\/\/cleitonpinheiro.com.br\/site\/#\/schema\/person\/8f04544e0bc40a1b68775b08360f87db\"},\"headline\":\"Agtur promove II Workshop para classificados do evento\",\"datePublished\":\"2023-07-11T22:23:34+00:00\",\"dateModified\":\"2023-08-08T14:39:01+00:00\",\"mainEntityOfPage\":{\"@id\":\"https:\/\/cleitonpinheiro.com.br\/site\/agtur-promove-ii-workshop-para-classificados-do-evento\/\"},\"wordCount\":436,\"commentCount\":0,\"publisher\":{\"@id\":\"https:\/\/cleitonpinheiro.com.br\/site\/#organization\"},\"image\":{\"@id\":\"https:\/\/cleitonpinheiro.com.br\/site\/agtur-promove-ii-workshop-para-classificados-do-evento\/#primaryimage\"},\"thumbnailUrl\":\"https:\/\/cleitonpinheiro.com.br\/site\/wp-content\/uploads\/2023\/07\/876d4ac6-3736-4ab7-877b-680d571a1327-1.jpg\",\"keywords\":[\"FGT\",\"Prefeitura de Palmas\"],\"articleSection\":[\"CIDADES\",\"MANCHETE SEGUND\u00c1RIA\"],\"inLanguage\":\"pt-BR\",\"potentialAction\":[{\"@type\":\"CommentAction\",\"name\":\"Comment\",\"target\":[\"https:\/\/cleitonpinheiro.com.br\/site\/agtur-promove-ii-workshop-para-classificados-do-evento\/#respond\"]}]},{\"@type\":\"WebPage\",\"@id\":\"https:\/\/cleitonpinheiro.com.br\/site\/agtur-promove-ii-workshop-para-classificados-do-evento\/\",\"url\":\"https:\/\/cleitonpinheiro.com.br\/site\/agtur-promove-ii-workshop-para-classificados-do-evento\/\",\"name\":\"Agtur promove II Workshop para classificados do evento - PORTAL DE NOT\u00cdCIAS CLEITON PINHEIRO\",\"isPartOf\":{\"@id\":\"https:\/\/cleitonpinheiro.com.br\/site\/#website\"},\"primaryImageOfPage\":{\"@id\":\"https:\/\/cleitonpinheiro.com.br\/site\/agtur-promove-ii-workshop-para-classificados-do-evento\/#primaryimage\"},\"image\":{\"@id\":\"https:\/\/cleitonpinheiro.com.br\/site\/agtur-promove-ii-workshop-para-classificados-do-evento\/#primaryimage\"},\"thumbnailUrl\":\"https:\/\/cleitonpinheiro.com.br\/site\/wp-content\/uploads\/2023\/07\/876d4ac6-3736-4ab7-877b-680d571a1327-1.jpg\",\"datePublished\":\"2023-07-11T22:23:34+00:00\",\"dateModified\":\"2023-08-08T14:39:01+00:00\",\"breadcrumb\":{\"@id\":\"https:\/\/cleitonpinheiro.com.br\/site\/agtur-promove-ii-workshop-para-classificados-do-evento\/#breadcrumb\"},\"inLanguage\":\"pt-BR\",\"potentialAction\":[{\"@type\":\"ReadAction\",\"target\":[\"https:\/\/cleitonpinheiro.com.br\/site\/agtur-promove-ii-workshop-para-classificados-do-evento\/\"]}]},{\"@type\":\"ImageObject\",\"inLanguage\":\"pt-BR\",\"@id\":\"https:\/\/cleitonpinheiro.com.br\/site\/agtur-promove-ii-workshop-para-classificados-do-evento\/#primaryimage\",\"url\":\"\",\"contentUrl\":\"\"},{\"@type\":\"BreadcrumbList\",\"@id\":\"https:\/\/cleitonpinheiro.com.br\/site\/agtur-promove-ii-workshop-para-classificados-do-evento\/#breadcrumb\",\"itemListElement\":[{\"@type\":\"ListItem\",\"position\":1,\"name\":\"In\u00edcio\",\"item\":\"https:\/\/cleitonpinheiro.com.br\/site\/\"},{\"@type\":\"ListItem\",\"position\":2,\"name\":\"Agtur promove II Workshop para classificados do evento\"}]},{\"@type\":\"WebSite\",\"@id\":\"https:\/\/cleitonpinheiro.com.br\/site\/#website\",\"url\":\"https:\/\/cleitonpinheiro.com.br\/site\/\",\"name\":\"PORTAL DE NOT\u00cdCIAS CLEITON PINHEIRO\",\"description\":\"FALANDO A VERDADE\",\"publisher\":{\"@id\":\"https:\/\/cleitonpinheiro.com.br\/site\/#organization\"},\"potentialAction\":[{\"@type\":\"SearchAction\",\"target\":{\"@type\":\"EntryPoint\",\"urlTemplate\":\"https:\/\/cleitonpinheiro.com.br\/site\/?s={search_term_string}\"},\"query-input\":{\"@type\":\"PropertyValueSpecification\",\"valueRequired\":true,\"valueName\":\"search_term_string\"}}],\"inLanguage\":\"pt-BR\"},{\"@type\":\"Organization\",\"@id\":\"https:\/\/cleitonpinheiro.com.br\/site\/#organization\",\"name\":\"CPNOT\u00cdCIAS\",\"url\":\"https:\/\/cleitonpinheiro.com.br\/site\/\",\"logo\":{\"@type\":\"ImageObject\",\"inLanguage\":\"pt-BR\",\"@id\":\"https:\/\/cleitonpinheiro.com.br\/site\/#\/schema\/logo\/image\/\",\"url\":\"https:\/\/cleitonpinheiro.com.br\/site\/wp-content\/uploads\/2022\/08\/Logo-pequena-2.png\",\"contentUrl\":\"https:\/\/cleitonpinheiro.com.br\/site\/wp-content\/uploads\/2022\/08\/Logo-pequena-2.png\",\"width\":500,\"height\":500,\"caption\":\"CPNOT\u00cdCIAS\"},\"image\":{\"@id\":\"https:\/\/cleitonpinheiro.com.br\/site\/#\/schema\/logo\/image\/\"},\"sameAs\":[\"https:\/\/www.facebook.com\/portalcpnoticias\/\"]},{\"@type\":\"Person\",\"@id\":\"https:\/\/cleitonpinheiro.com.br\/site\/#\/schema\/person\/8f04544e0bc40a1b68775b08360f87db\",\"name\":\"Reda\u00e7\u00e3o CP\",\"image\":{\"@type\":\"ImageObject\",\"inLanguage\":\"pt-BR\",\"@id\":\"https:\/\/cleitonpinheiro.com.br\/site\/#\/schema\/person\/image\/\",\"url\":\"https:\/\/secure.gravatar.com\/avatar\/0bcf19cb29fdc8fc588c490c7ae1b3e174dac268586a63fbe1d1893a0f9020cd?s=96&r=g\",\"contentUrl\":\"https:\/\/secure.gravatar.com\/avatar\/0bcf19cb29fdc8fc588c490c7ae1b3e174dac268586a63fbe1d1893a0f9020cd?s=96&r=g\",\"caption\":\"Reda\u00e7\u00e3o CP\"},\"url\":\"https:\/\/cleitonpinheiro.com.br\/site\/author\/redacao\/\"}]}<\/script>\n<!-- \/ Yoast SEO plugin. -->","yoast_head_json":{"title":"Agtur promove II Workshop para classificados do evento - PORTAL DE NOT\u00cdCIAS CLEITON PINHEIRO","robots":{"index":"index","follow":"follow","max-snippet":"max-snippet:-1","max-image-preview":"max-image-preview:large","max-video-preview":"max-video-preview:-1"},"canonical":"https:\/\/cleitonpinheiro.com.br\/site\/agtur-promove-ii-workshop-para-classificados-do-evento\/","og_locale":"pt_BR","og_type":"article","og_title":"Agtur promove II Workshop para classificados do evento - PORTAL DE NOT\u00cdCIAS CLEITON PINHEIRO","og_description":"Da Prefeitura de Palmas As 159 inscri\u00e7\u00f5es para o 17\u00ba Festival Gastron\u00f4mico de Taquaru\u00e7u (FGT) foram&nbsp;homologadas&nbsp;nessa segunda-feira, 10, no Di\u00e1rio Oficial do Munic\u00edpio. Os participantes, agora, participar\u00e3o do II Workshop sobre Ficha T\u00e9cnica e Harmoniza\u00e7\u00e3o de Pratos, isto, antes de seguirem para a fase de degusta\u00e7\u00e3o. O Workshop acontece nesta&nbsp;quarta-feira, 12, das 14&nbsp;\u00e0s 18 horas, [&hellip;]","og_url":"https:\/\/cleitonpinheiro.com.br\/site\/agtur-promove-ii-workshop-para-classificados-do-evento\/","og_site_name":"PORTAL DE NOT\u00cdCIAS CLEITON PINHEIRO","article_publisher":"https:\/\/www.facebook.com\/portalcpnoticias\/","article_published_time":"2023-07-11T22:23:34+00:00","article_modified_time":"2023-08-08T14:39:01+00:00","og_image":[{"width":800,"height":533,"url":"https:\/\/cleitonpinheiro.com.br\/site\/wp-content\/uploads\/2023\/07\/876d4ac6-3736-4ab7-877b-680d571a1327-1.jpg","type":"image\/jpeg"}],"author":"Reda\u00e7\u00e3o CP","twitter_card":"summary_large_image","twitter_misc":{"Escrito por":"Reda\u00e7\u00e3o CP","Est. tempo de leitura":"3 minutos"},"schema":{"@context":"https:\/\/schema.org","@graph":[{"@type":"Article","@id":"https:\/\/cleitonpinheiro.com.br\/site\/agtur-promove-ii-workshop-para-classificados-do-evento\/#article","isPartOf":{"@id":"https:\/\/cleitonpinheiro.com.br\/site\/agtur-promove-ii-workshop-para-classificados-do-evento\/"},"author":{"name":"Reda\u00e7\u00e3o CP","@id":"https:\/\/cleitonpinheiro.com.br\/site\/#\/schema\/person\/8f04544e0bc40a1b68775b08360f87db"},"headline":"Agtur promove II Workshop para classificados do evento","datePublished":"2023-07-11T22:23:34+00:00","dateModified":"2023-08-08T14:39:01+00:00","mainEntityOfPage":{"@id":"https:\/\/cleitonpinheiro.com.br\/site\/agtur-promove-ii-workshop-para-classificados-do-evento\/"},"wordCount":436,"commentCount":0,"publisher":{"@id":"https:\/\/cleitonpinheiro.com.br\/site\/#organization"},"image":{"@id":"https:\/\/cleitonpinheiro.com.br\/site\/agtur-promove-ii-workshop-para-classificados-do-evento\/#primaryimage"},"thumbnailUrl":"https:\/\/cleitonpinheiro.com.br\/site\/wp-content\/uploads\/2023\/07\/876d4ac6-3736-4ab7-877b-680d571a1327-1.jpg","keywords":["FGT","Prefeitura de Palmas"],"articleSection":["CIDADES","MANCHETE SEGUND\u00c1RIA"],"inLanguage":"pt-BR","potentialAction":[{"@type":"CommentAction","name":"Comment","target":["https:\/\/cleitonpinheiro.com.br\/site\/agtur-promove-ii-workshop-para-classificados-do-evento\/#respond"]}]},{"@type":"WebPage","@id":"https:\/\/cleitonpinheiro.com.br\/site\/agtur-promove-ii-workshop-para-classificados-do-evento\/","url":"https:\/\/cleitonpinheiro.com.br\/site\/agtur-promove-ii-workshop-para-classificados-do-evento\/","name":"Agtur promove II Workshop para classificados do evento - PORTAL DE NOT\u00cdCIAS CLEITON PINHEIRO","isPartOf":{"@id":"https:\/\/cleitonpinheiro.com.br\/site\/#website"},"primaryImageOfPage":{"@id":"https:\/\/cleitonpinheiro.com.br\/site\/agtur-promove-ii-workshop-para-classificados-do-evento\/#primaryimage"},"image":{"@id":"https:\/\/cleitonpinheiro.com.br\/site\/agtur-promove-ii-workshop-para-classificados-do-evento\/#primaryimage"},"thumbnailUrl":"https:\/\/cleitonpinheiro.com.br\/site\/wp-content\/uploads\/2023\/07\/876d4ac6-3736-4ab7-877b-680d571a1327-1.jpg","datePublished":"2023-07-11T22:23:34+00:00","dateModified":"2023-08-08T14:39:01+00:00","breadcrumb":{"@id":"https:\/\/cleitonpinheiro.com.br\/site\/agtur-promove-ii-workshop-para-classificados-do-evento\/#breadcrumb"},"inLanguage":"pt-BR","potentialAction":[{"@type":"ReadAction","target":["https:\/\/cleitonpinheiro.com.br\/site\/agtur-promove-ii-workshop-para-classificados-do-evento\/"]}]},{"@type":"ImageObject","inLanguage":"pt-BR","@id":"https:\/\/cleitonpinheiro.com.br\/site\/agtur-promove-ii-workshop-para-classificados-do-evento\/#primaryimage","url":"","contentUrl":""},{"@type":"BreadcrumbList","@id":"https:\/\/cleitonpinheiro.com.br\/site\/agtur-promove-ii-workshop-para-classificados-do-evento\/#breadcrumb","itemListElement":[{"@type":"ListItem","position":1,"name":"In\u00edcio","item":"https:\/\/cleitonpinheiro.com.br\/site\/"},{"@type":"ListItem","position":2,"name":"Agtur promove II Workshop para classificados do evento"}]},{"@type":"WebSite","@id":"https:\/\/cleitonpinheiro.com.br\/site\/#website","url":"https:\/\/cleitonpinheiro.com.br\/site\/","name":"PORTAL DE NOT\u00cdCIAS CLEITON PINHEIRO","description":"FALANDO A VERDADE","publisher":{"@id":"https:\/\/cleitonpinheiro.com.br\/site\/#organization"},"potentialAction":[{"@type":"SearchAction","target":{"@type":"EntryPoint","urlTemplate":"https:\/\/cleitonpinheiro.com.br\/site\/?s={search_term_string}"},"query-input":{"@type":"PropertyValueSpecification","valueRequired":true,"valueName":"search_term_string"}}],"inLanguage":"pt-BR"},{"@type":"Organization","@id":"https:\/\/cleitonpinheiro.com.br\/site\/#organization","name":"CPNOT\u00cdCIAS","url":"https:\/\/cleitonpinheiro.com.br\/site\/","logo":{"@type":"ImageObject","inLanguage":"pt-BR","@id":"https:\/\/cleitonpinheiro.com.br\/site\/#\/schema\/logo\/image\/","url":"https:\/\/cleitonpinheiro.com.br\/site\/wp-content\/uploads\/2022\/08\/Logo-pequena-2.png","contentUrl":"https:\/\/cleitonpinheiro.com.br\/site\/wp-content\/uploads\/2022\/08\/Logo-pequena-2.png","width":500,"height":500,"caption":"CPNOT\u00cdCIAS"},"image":{"@id":"https:\/\/cleitonpinheiro.com.br\/site\/#\/schema\/logo\/image\/"},"sameAs":["https:\/\/www.facebook.com\/portalcpnoticias\/"]},{"@type":"Person","@id":"https:\/\/cleitonpinheiro.com.br\/site\/#\/schema\/person\/8f04544e0bc40a1b68775b08360f87db","name":"Reda\u00e7\u00e3o CP","image":{"@type":"ImageObject","inLanguage":"pt-BR","@id":"https:\/\/cleitonpinheiro.com.br\/site\/#\/schema\/person\/image\/","url":"https:\/\/secure.gravatar.com\/avatar\/0bcf19cb29fdc8fc588c490c7ae1b3e174dac268586a63fbe1d1893a0f9020cd?s=96&r=g","contentUrl":"https:\/\/secure.gravatar.com\/avatar\/0bcf19cb29fdc8fc588c490c7ae1b3e174dac268586a63fbe1d1893a0f9020cd?s=96&r=g","caption":"Reda\u00e7\u00e3o CP"},"url":"https:\/\/cleitonpinheiro.com.br\/site\/author\/redacao\/"}]}},"views":139,"_links":{"self":[{"href":"https:\/\/cleitonpinheiro.com.br\/site\/wp-json\/wp\/v2\/posts\/72910","targetHints":{"allow":["GET"]}}],"collection":[{"href":"https:\/\/cleitonpinheiro.com.br\/site\/wp-json\/wp\/v2\/posts"}],"about":[{"href":"https:\/\/cleitonpinheiro.com.br\/site\/wp-json\/wp\/v2\/types\/post"}],"author":[{"embeddable":true,"href":"https:\/\/cleitonpinheiro.com.br\/site\/wp-json\/wp\/v2\/users\/13"}],"replies":[{"embeddable":true,"href":"https:\/\/cleitonpinheiro.com.br\/site\/wp-json\/wp\/v2\/comments?post=72910"}],"version-history":[{"count":1,"href":"https:\/\/cleitonpinheiro.com.br\/site\/wp-json\/wp\/v2\/posts\/72910\/revisions"}],"predecessor-version":[{"id":72912,"href":"https:\/\/cleitonpinheiro.com.br\/site\/wp-json\/wp\/v2\/posts\/72910\/revisions\/72912"}],"wp:attachment":[{"href":"https:\/\/cleitonpinheiro.com.br\/site\/wp-json\/wp\/v2\/media?parent=72910"}],"wp:term":[{"taxonomy":"category","embeddable":true,"href":"https:\/\/cleitonpinheiro.com.br\/site\/wp-json\/wp\/v2\/categories?post=72910"},{"taxonomy":"post_tag","embeddable":true,"href":"https:\/\/cleitonpinheiro.com.br\/site\/wp-json\/wp\/v2\/tags?post=72910"}],"curies":[{"name":"wp","href":"https:\/\/api.w.org\/{rel}","templated":true}]}}