{"id":72969,"date":"2023-07-01T17:13:07","date_gmt":"2023-07-01T20:13:07","guid":{"rendered":"https:\/\/cleitonpinheiro.com.br\/site\/?p=72969"},"modified":"2023-08-02T20:12:16","modified_gmt":"2023-08-02T23:12:16","slug":"selecionados-ambulantes-para-trabalhar-nas-praias-durante-temporada-de-ferias","status":"publish","type":"post","link":"https:\/\/cleitonpinheiro.com.br\/site\/selecionados-ambulantes-para-trabalhar-nas-praias-durante-temporada-de-ferias\/","title":{"rendered":"Selecionados ambulantes para trabalhar nas praias durante temporada de f\u00e9rias"},"content":{"rendered":"\n<figure class=\"wp-block-image size-full\"><img decoding=\"async\" src=\"https:\/\/cleitonpinheiro.com.br\/site\/wp-content\/uploads\/2023\/07\/9f331e64-c34a-4003-aa48-5eb2e701ef46.jpg\" alt=\"ambulantes\" class=\"wp-image-72970\"\/><figcaption class=\"wp-element-caption\"><em>Ambulantes assinaram autoriza\u00e7\u00e3o para comercializar ap\u00f3s o sorteio &#8211; Foto: Lia Mara\/Prefeitura de Palmas<\/em><\/figcaption><\/figure>\n\n\n\n<p class=\"wp-block-paragraph\"><strong>Da Prefeitura de Palmas<\/strong><\/p>\n\n\n\n<p class=\"wp-block-paragraph\">O sorteio dos ambulantes para trabalhar com a venda de alimentos, bebidas e artesanatos no Palmas F\u00e9rias 2023 ocorreu na Casa do Empreendedor nesta sexta-feira, 30. A programa\u00e7\u00e3o acontecer\u00e1 durante os finais de semana do m\u00eas de julho e os ambulantes j\u00e1 est\u00e3o autorizados a comercializar a partir deste s\u00e1bado, 1\u00ba. No total, 11 microempreendedores\u00a0foram contemplados.<\/p>\n\n\n\n<p class=\"wp-block-paragraph\">Os microempreendedores sorteados para vender artesanatos assinaram a autoriza\u00e7\u00e3o, enquanto os demais, que comercializar\u00e3o alimentos e bebidas, necessitam pagar uma taxa da Vigil\u00e2ncia Sanit\u00e1ria e ap\u00f3s a verifica\u00e7\u00e3o dos agentes, assinar\u00e3o a autoriza\u00e7\u00e3o na Casa do Empreendedor, localizada na ACNE 1 (104 Norte), Rua NE &#8211; 1, ao lado da Loja Kastelar.<\/p>\n\n\n\n<p class=\"wp-block-paragraph\">A artes\u00e3 Dayanne Rodrigues de Sousa Queiroz comemorou o sorteio e afirma que tem expectativa alta para este ano. \u201cAno passado tinha muita gente de fora, e vendi muito para os turistas, mas tamb\u00e9m vendi para quem \u00e9 de Palmas. Foi uma oportunidade para ganhar mais clientes&nbsp;que at\u00e9 hoje compram conosco. Espero que esse ano seja ainda melhor\u201d.<\/p>\n\n\n\n<p class=\"wp-block-paragraph\"><strong>Confira a lista dos sorteados<\/strong><\/p>\n\n\n\n<p class=\"wp-block-paragraph\"><strong>Alimentos<\/strong><\/p>\n\n\n\n<p class=\"wp-block-paragraph\">Carne na chapa &#8211; Erinaldo Muniz Jorge<br>Bolos, doces e tortas &#8211; Lucivania Sousa Almeida Alves<br>Hamb\u00farguer &#8211; Adriano Pereira Rodrigues<br>Tapioca e crepe &#8211; Nayanne de Ara\u00fajo Lima da Costa<br>Pizza, coxinha, esfirra, empada &#8211; Ana Luiza Santos de Sousa Fudoli<br>Espetinho &#8211; Almir Campos Botelho<\/p>\n\n\n\n<p class=\"wp-block-paragraph\"><br><strong>Artesanato<\/strong><\/p>\n\n\n\n<p class=\"wp-block-paragraph\">Maricelia Rodrigues Sousa<br>Fabiana Wandscheer<br>Anderson dos Reis e Dayanne Queiroz<\/p>\n\n\n\n<p class=\"wp-block-paragraph\"><br><strong>Food truck<\/strong><\/p>\n\n\n\n<p class=\"wp-block-paragraph\">Monica Moraes Duarte<br>Leonardo Maia da Costa<\/p>\n","protected":false},"excerpt":{"rendered":"<p>Da Prefeitura de Palmas O sorteio dos ambulantes para trabalhar com a venda de alimentos, bebidas e artesanatos no Palmas F\u00e9rias 2023 ocorreu na Casa do Empreendedor nesta sexta-feira, 30. A programa\u00e7\u00e3o acontecer\u00e1 durante os finais de semana do m\u00eas de julho e os ambulantes j\u00e1 est\u00e3o autorizados a comercializar a partir deste s\u00e1bado, 1\u00ba. [&hellip;]<\/p>\n","protected":false},"author":13,"featured_media":0,"comment_status":"open","ping_status":"open","sticky":false,"template":"","format":"standard","meta":{"_acf_changed":false,"footnotes":""},"categories":[22,21],"tags":[247,720,994],"class_list":["post-72969","post","type-post","status-publish","format-standard","hentry","category-cidades","category-todas-noticias","tag-ambulantes","tag-prefeitura-de-palmas","tag-sedem"],"acf":[],"yoast_head":"<!-- This site is optimized with the Yoast SEO plugin v24.4 - https:\/\/yoast.com\/wordpress\/plugins\/seo\/ -->\n<title>Selecionados ambulantes para trabalhar nas praias durante temporada de f\u00e9rias - PORTAL DE NOT\u00cdCIAS CLEITON PINHEIRO<\/title>\n<meta name=\"robots\" content=\"index, follow, max-snippet:-1, max-image-preview:large, max-video-preview:-1\" \/>\n<link rel=\"canonical\" href=\"https:\/\/cleitonpinheiro.com.br\/site\/selecionados-ambulantes-para-trabalhar-nas-praias-durante-temporada-de-ferias\/\" \/>\n<meta property=\"og:locale\" content=\"pt_BR\" \/>\n<meta property=\"og:type\" content=\"article\" \/>\n<meta property=\"og:title\" content=\"Selecionados ambulantes para trabalhar nas praias durante temporada de f\u00e9rias - PORTAL DE NOT\u00cdCIAS CLEITON PINHEIRO\" \/>\n<meta property=\"og:description\" content=\"Da Prefeitura de Palmas O sorteio dos ambulantes para trabalhar com a venda de alimentos, bebidas e artesanatos no Palmas F\u00e9rias 2023 ocorreu na Casa do Empreendedor nesta sexta-feira, 30. A programa\u00e7\u00e3o acontecer\u00e1 durante os finais de semana do m\u00eas de julho e os ambulantes j\u00e1 est\u00e3o autorizados a comercializar a partir deste s\u00e1bado, 1\u00ba. [&hellip;]\" \/>\n<meta property=\"og:url\" content=\"https:\/\/cleitonpinheiro.com.br\/site\/selecionados-ambulantes-para-trabalhar-nas-praias-durante-temporada-de-ferias\/\" \/>\n<meta property=\"og:site_name\" content=\"PORTAL DE NOT\u00cdCIAS CLEITON PINHEIRO\" \/>\n<meta property=\"article:publisher\" content=\"https:\/\/www.facebook.com\/portalcpnoticias\/\" \/>\n<meta property=\"article:published_time\" content=\"2023-07-01T20:13:07+00:00\" \/>\n<meta property=\"article:modified_time\" content=\"2023-08-02T23:12:16+00:00\" \/>\n<meta property=\"og:image\" content=\"https:\/\/cleitonpinheiro.com.br\/site\/wp-content\/uploads\/2023\/07\/9f331e64-c34a-4003-aa48-5eb2e701ef46.jpg\" \/>\n\t<meta property=\"og:image:width\" content=\"800\" \/>\n\t<meta property=\"og:image:height\" content=\"533\" \/>\n\t<meta property=\"og:image:type\" content=\"image\/jpeg\" \/>\n<meta name=\"author\" content=\"Reda\u00e7\u00e3o CP\" \/>\n<meta name=\"twitter:card\" content=\"summary_large_image\" \/>\n<meta name=\"twitter:label1\" content=\"Escrito por\" \/>\n\t<meta name=\"twitter:data1\" content=\"Reda\u00e7\u00e3o CP\" \/>\n\t<meta name=\"twitter:label2\" content=\"Est. tempo de leitura\" \/>\n\t<meta name=\"twitter:data2\" content=\"2 minutos\" \/>\n<script type=\"application\/ld+json\" class=\"yoast-schema-graph\">{\"@context\":\"https:\/\/schema.org\",\"@graph\":[{\"@type\":\"Article\",\"@id\":\"https:\/\/cleitonpinheiro.com.br\/site\/selecionados-ambulantes-para-trabalhar-nas-praias-durante-temporada-de-ferias\/#article\",\"isPartOf\":{\"@id\":\"https:\/\/cleitonpinheiro.com.br\/site\/selecionados-ambulantes-para-trabalhar-nas-praias-durante-temporada-de-ferias\/\"},\"author\":{\"name\":\"Reda\u00e7\u00e3o CP\",\"@id\":\"https:\/\/cleitonpinheiro.com.br\/site\/#\/schema\/person\/8f04544e0bc40a1b68775b08360f87db\"},\"headline\":\"Selecionados ambulantes para trabalhar nas praias durante temporada de f\u00e9rias\",\"datePublished\":\"2023-07-01T20:13:07+00:00\",\"dateModified\":\"2023-08-02T23:12:16+00:00\",\"mainEntityOfPage\":{\"@id\":\"https:\/\/cleitonpinheiro.com.br\/site\/selecionados-ambulantes-para-trabalhar-nas-praias-durante-temporada-de-ferias\/\"},\"wordCount\":275,\"commentCount\":0,\"publisher\":{\"@id\":\"https:\/\/cleitonpinheiro.com.br\/site\/#organization\"},\"image\":{\"@id\":\"https:\/\/cleitonpinheiro.com.br\/site\/selecionados-ambulantes-para-trabalhar-nas-praias-durante-temporada-de-ferias\/#primaryimage\"},\"thumbnailUrl\":\"https:\/\/cleitonpinheiro.com.br\/site\/wp-content\/uploads\/2023\/07\/9f331e64-c34a-4003-aa48-5eb2e701ef46.jpg\",\"keywords\":[\"Ambulantes\",\"Prefeitura de Palmas\",\"Sedem\"],\"articleSection\":[\"CIDADES\",\"TODAS NOTICIAS\"],\"inLanguage\":\"pt-BR\",\"potentialAction\":[{\"@type\":\"CommentAction\",\"name\":\"Comment\",\"target\":[\"https:\/\/cleitonpinheiro.com.br\/site\/selecionados-ambulantes-para-trabalhar-nas-praias-durante-temporada-de-ferias\/#respond\"]}]},{\"@type\":\"WebPage\",\"@id\":\"https:\/\/cleitonpinheiro.com.br\/site\/selecionados-ambulantes-para-trabalhar-nas-praias-durante-temporada-de-ferias\/\",\"url\":\"https:\/\/cleitonpinheiro.com.br\/site\/selecionados-ambulantes-para-trabalhar-nas-praias-durante-temporada-de-ferias\/\",\"name\":\"Selecionados ambulantes para trabalhar nas praias durante temporada de f\u00e9rias - PORTAL DE NOT\u00cdCIAS CLEITON PINHEIRO\",\"isPartOf\":{\"@id\":\"https:\/\/cleitonpinheiro.com.br\/site\/#website\"},\"primaryImageOfPage\":{\"@id\":\"https:\/\/cleitonpinheiro.com.br\/site\/selecionados-ambulantes-para-trabalhar-nas-praias-durante-temporada-de-ferias\/#primaryimage\"},\"image\":{\"@id\":\"https:\/\/cleitonpinheiro.com.br\/site\/selecionados-ambulantes-para-trabalhar-nas-praias-durante-temporada-de-ferias\/#primaryimage\"},\"thumbnailUrl\":\"https:\/\/cleitonpinheiro.com.br\/site\/wp-content\/uploads\/2023\/07\/9f331e64-c34a-4003-aa48-5eb2e701ef46.jpg\",\"datePublished\":\"2023-07-01T20:13:07+00:00\",\"dateModified\":\"2023-08-02T23:12:16+00:00\",\"breadcrumb\":{\"@id\":\"https:\/\/cleitonpinheiro.com.br\/site\/selecionados-ambulantes-para-trabalhar-nas-praias-durante-temporada-de-ferias\/#breadcrumb\"},\"inLanguage\":\"pt-BR\",\"potentialAction\":[{\"@type\":\"ReadAction\",\"target\":[\"https:\/\/cleitonpinheiro.com.br\/site\/selecionados-ambulantes-para-trabalhar-nas-praias-durante-temporada-de-ferias\/\"]}]},{\"@type\":\"ImageObject\",\"inLanguage\":\"pt-BR\",\"@id\":\"https:\/\/cleitonpinheiro.com.br\/site\/selecionados-ambulantes-para-trabalhar-nas-praias-durante-temporada-de-ferias\/#primaryimage\",\"url\":\"\",\"contentUrl\":\"\"},{\"@type\":\"BreadcrumbList\",\"@id\":\"https:\/\/cleitonpinheiro.com.br\/site\/selecionados-ambulantes-para-trabalhar-nas-praias-durante-temporada-de-ferias\/#breadcrumb\",\"itemListElement\":[{\"@type\":\"ListItem\",\"position\":1,\"name\":\"In\u00edcio\",\"item\":\"https:\/\/cleitonpinheiro.com.br\/site\/\"},{\"@type\":\"ListItem\",\"position\":2,\"name\":\"Selecionados ambulantes para trabalhar nas praias durante temporada de f\u00e9rias\"}]},{\"@type\":\"WebSite\",\"@id\":\"https:\/\/cleitonpinheiro.com.br\/site\/#website\",\"url\":\"https:\/\/cleitonpinheiro.com.br\/site\/\",\"name\":\"PORTAL DE NOT\u00cdCIAS CLEITON PINHEIRO\",\"description\":\"FALANDO A VERDADE\",\"publisher\":{\"@id\":\"https:\/\/cleitonpinheiro.com.br\/site\/#organization\"},\"potentialAction\":[{\"@type\":\"SearchAction\",\"target\":{\"@type\":\"EntryPoint\",\"urlTemplate\":\"https:\/\/cleitonpinheiro.com.br\/site\/?s={search_term_string}\"},\"query-input\":{\"@type\":\"PropertyValueSpecification\",\"valueRequired\":true,\"valueName\":\"search_term_string\"}}],\"inLanguage\":\"pt-BR\"},{\"@type\":\"Organization\",\"@id\":\"https:\/\/cleitonpinheiro.com.br\/site\/#organization\",\"name\":\"CPNOT\u00cdCIAS\",\"url\":\"https:\/\/cleitonpinheiro.com.br\/site\/\",\"logo\":{\"@type\":\"ImageObject\",\"inLanguage\":\"pt-BR\",\"@id\":\"https:\/\/cleitonpinheiro.com.br\/site\/#\/schema\/logo\/image\/\",\"url\":\"https:\/\/cleitonpinheiro.com.br\/site\/wp-content\/uploads\/2022\/08\/Logo-pequena-2.png\",\"contentUrl\":\"https:\/\/cleitonpinheiro.com.br\/site\/wp-content\/uploads\/2022\/08\/Logo-pequena-2.png\",\"width\":500,\"height\":500,\"caption\":\"CPNOT\u00cdCIAS\"},\"image\":{\"@id\":\"https:\/\/cleitonpinheiro.com.br\/site\/#\/schema\/logo\/image\/\"},\"sameAs\":[\"https:\/\/www.facebook.com\/portalcpnoticias\/\"]},{\"@type\":\"Person\",\"@id\":\"https:\/\/cleitonpinheiro.com.br\/site\/#\/schema\/person\/8f04544e0bc40a1b68775b08360f87db\",\"name\":\"Reda\u00e7\u00e3o CP\",\"image\":{\"@type\":\"ImageObject\",\"inLanguage\":\"pt-BR\",\"@id\":\"https:\/\/cleitonpinheiro.com.br\/site\/#\/schema\/person\/image\/\",\"url\":\"https:\/\/secure.gravatar.com\/avatar\/0bcf19cb29fdc8fc588c490c7ae1b3e174dac268586a63fbe1d1893a0f9020cd?s=96&r=g\",\"contentUrl\":\"https:\/\/secure.gravatar.com\/avatar\/0bcf19cb29fdc8fc588c490c7ae1b3e174dac268586a63fbe1d1893a0f9020cd?s=96&r=g\",\"caption\":\"Reda\u00e7\u00e3o CP\"},\"url\":\"https:\/\/cleitonpinheiro.com.br\/site\/author\/redacao\/\"}]}<\/script>\n<!-- \/ Yoast SEO plugin. -->","yoast_head_json":{"title":"Selecionados ambulantes para trabalhar nas praias durante temporada de f\u00e9rias - PORTAL DE NOT\u00cdCIAS CLEITON PINHEIRO","robots":{"index":"index","follow":"follow","max-snippet":"max-snippet:-1","max-image-preview":"max-image-preview:large","max-video-preview":"max-video-preview:-1"},"canonical":"https:\/\/cleitonpinheiro.com.br\/site\/selecionados-ambulantes-para-trabalhar-nas-praias-durante-temporada-de-ferias\/","og_locale":"pt_BR","og_type":"article","og_title":"Selecionados ambulantes para trabalhar nas praias durante temporada de f\u00e9rias - PORTAL DE NOT\u00cdCIAS CLEITON PINHEIRO","og_description":"Da Prefeitura de Palmas O sorteio dos ambulantes para trabalhar com a venda de alimentos, bebidas e artesanatos no Palmas F\u00e9rias 2023 ocorreu na Casa do Empreendedor nesta sexta-feira, 30. A programa\u00e7\u00e3o acontecer\u00e1 durante os finais de semana do m\u00eas de julho e os ambulantes j\u00e1 est\u00e3o autorizados a comercializar a partir deste s\u00e1bado, 1\u00ba. [&hellip;]","og_url":"https:\/\/cleitonpinheiro.com.br\/site\/selecionados-ambulantes-para-trabalhar-nas-praias-durante-temporada-de-ferias\/","og_site_name":"PORTAL DE NOT\u00cdCIAS CLEITON PINHEIRO","article_publisher":"https:\/\/www.facebook.com\/portalcpnoticias\/","article_published_time":"2023-07-01T20:13:07+00:00","article_modified_time":"2023-08-02T23:12:16+00:00","og_image":[{"width":800,"height":533,"url":"https:\/\/cleitonpinheiro.com.br\/site\/wp-content\/uploads\/2023\/07\/9f331e64-c34a-4003-aa48-5eb2e701ef46.jpg","type":"image\/jpeg"}],"author":"Reda\u00e7\u00e3o CP","twitter_card":"summary_large_image","twitter_misc":{"Escrito por":"Reda\u00e7\u00e3o CP","Est. tempo de leitura":"2 minutos"},"schema":{"@context":"https:\/\/schema.org","@graph":[{"@type":"Article","@id":"https:\/\/cleitonpinheiro.com.br\/site\/selecionados-ambulantes-para-trabalhar-nas-praias-durante-temporada-de-ferias\/#article","isPartOf":{"@id":"https:\/\/cleitonpinheiro.com.br\/site\/selecionados-ambulantes-para-trabalhar-nas-praias-durante-temporada-de-ferias\/"},"author":{"name":"Reda\u00e7\u00e3o CP","@id":"https:\/\/cleitonpinheiro.com.br\/site\/#\/schema\/person\/8f04544e0bc40a1b68775b08360f87db"},"headline":"Selecionados ambulantes para trabalhar nas praias durante temporada de f\u00e9rias","datePublished":"2023-07-01T20:13:07+00:00","dateModified":"2023-08-02T23:12:16+00:00","mainEntityOfPage":{"@id":"https:\/\/cleitonpinheiro.com.br\/site\/selecionados-ambulantes-para-trabalhar-nas-praias-durante-temporada-de-ferias\/"},"wordCount":275,"commentCount":0,"publisher":{"@id":"https:\/\/cleitonpinheiro.com.br\/site\/#organization"},"image":{"@id":"https:\/\/cleitonpinheiro.com.br\/site\/selecionados-ambulantes-para-trabalhar-nas-praias-durante-temporada-de-ferias\/#primaryimage"},"thumbnailUrl":"https:\/\/cleitonpinheiro.com.br\/site\/wp-content\/uploads\/2023\/07\/9f331e64-c34a-4003-aa48-5eb2e701ef46.jpg","keywords":["Ambulantes","Prefeitura de Palmas","Sedem"],"articleSection":["CIDADES","TODAS NOTICIAS"],"inLanguage":"pt-BR","potentialAction":[{"@type":"CommentAction","name":"Comment","target":["https:\/\/cleitonpinheiro.com.br\/site\/selecionados-ambulantes-para-trabalhar-nas-praias-durante-temporada-de-ferias\/#respond"]}]},{"@type":"WebPage","@id":"https:\/\/cleitonpinheiro.com.br\/site\/selecionados-ambulantes-para-trabalhar-nas-praias-durante-temporada-de-ferias\/","url":"https:\/\/cleitonpinheiro.com.br\/site\/selecionados-ambulantes-para-trabalhar-nas-praias-durante-temporada-de-ferias\/","name":"Selecionados ambulantes para trabalhar nas praias durante temporada de f\u00e9rias - PORTAL DE NOT\u00cdCIAS CLEITON PINHEIRO","isPartOf":{"@id":"https:\/\/cleitonpinheiro.com.br\/site\/#website"},"primaryImageOfPage":{"@id":"https:\/\/cleitonpinheiro.com.br\/site\/selecionados-ambulantes-para-trabalhar-nas-praias-durante-temporada-de-ferias\/#primaryimage"},"image":{"@id":"https:\/\/cleitonpinheiro.com.br\/site\/selecionados-ambulantes-para-trabalhar-nas-praias-durante-temporada-de-ferias\/#primaryimage"},"thumbnailUrl":"https:\/\/cleitonpinheiro.com.br\/site\/wp-content\/uploads\/2023\/07\/9f331e64-c34a-4003-aa48-5eb2e701ef46.jpg","datePublished":"2023-07-01T20:13:07+00:00","dateModified":"2023-08-02T23:12:16+00:00","breadcrumb":{"@id":"https:\/\/cleitonpinheiro.com.br\/site\/selecionados-ambulantes-para-trabalhar-nas-praias-durante-temporada-de-ferias\/#breadcrumb"},"inLanguage":"pt-BR","potentialAction":[{"@type":"ReadAction","target":["https:\/\/cleitonpinheiro.com.br\/site\/selecionados-ambulantes-para-trabalhar-nas-praias-durante-temporada-de-ferias\/"]}]},{"@type":"ImageObject","inLanguage":"pt-BR","@id":"https:\/\/cleitonpinheiro.com.br\/site\/selecionados-ambulantes-para-trabalhar-nas-praias-durante-temporada-de-ferias\/#primaryimage","url":"","contentUrl":""},{"@type":"BreadcrumbList","@id":"https:\/\/cleitonpinheiro.com.br\/site\/selecionados-ambulantes-para-trabalhar-nas-praias-durante-temporada-de-ferias\/#breadcrumb","itemListElement":[{"@type":"ListItem","position":1,"name":"In\u00edcio","item":"https:\/\/cleitonpinheiro.com.br\/site\/"},{"@type":"ListItem","position":2,"name":"Selecionados ambulantes para trabalhar nas praias durante temporada de f\u00e9rias"}]},{"@type":"WebSite","@id":"https:\/\/cleitonpinheiro.com.br\/site\/#website","url":"https:\/\/cleitonpinheiro.com.br\/site\/","name":"PORTAL DE NOT\u00cdCIAS CLEITON PINHEIRO","description":"FALANDO A VERDADE","publisher":{"@id":"https:\/\/cleitonpinheiro.com.br\/site\/#organization"},"potentialAction":[{"@type":"SearchAction","target":{"@type":"EntryPoint","urlTemplate":"https:\/\/cleitonpinheiro.com.br\/site\/?s={search_term_string}"},"query-input":{"@type":"PropertyValueSpecification","valueRequired":true,"valueName":"search_term_string"}}],"inLanguage":"pt-BR"},{"@type":"Organization","@id":"https:\/\/cleitonpinheiro.com.br\/site\/#organization","name":"CPNOT\u00cdCIAS","url":"https:\/\/cleitonpinheiro.com.br\/site\/","logo":{"@type":"ImageObject","inLanguage":"pt-BR","@id":"https:\/\/cleitonpinheiro.com.br\/site\/#\/schema\/logo\/image\/","url":"https:\/\/cleitonpinheiro.com.br\/site\/wp-content\/uploads\/2022\/08\/Logo-pequena-2.png","contentUrl":"https:\/\/cleitonpinheiro.com.br\/site\/wp-content\/uploads\/2022\/08\/Logo-pequena-2.png","width":500,"height":500,"caption":"CPNOT\u00cdCIAS"},"image":{"@id":"https:\/\/cleitonpinheiro.com.br\/site\/#\/schema\/logo\/image\/"},"sameAs":["https:\/\/www.facebook.com\/portalcpnoticias\/"]},{"@type":"Person","@id":"https:\/\/cleitonpinheiro.com.br\/site\/#\/schema\/person\/8f04544e0bc40a1b68775b08360f87db","name":"Reda\u00e7\u00e3o CP","image":{"@type":"ImageObject","inLanguage":"pt-BR","@id":"https:\/\/cleitonpinheiro.com.br\/site\/#\/schema\/person\/image\/","url":"https:\/\/secure.gravatar.com\/avatar\/0bcf19cb29fdc8fc588c490c7ae1b3e174dac268586a63fbe1d1893a0f9020cd?s=96&r=g","contentUrl":"https:\/\/secure.gravatar.com\/avatar\/0bcf19cb29fdc8fc588c490c7ae1b3e174dac268586a63fbe1d1893a0f9020cd?s=96&r=g","caption":"Reda\u00e7\u00e3o CP"},"url":"https:\/\/cleitonpinheiro.com.br\/site\/author\/redacao\/"}]}},"views":121,"_links":{"self":[{"href":"https:\/\/cleitonpinheiro.com.br\/site\/wp-json\/wp\/v2\/posts\/72969","targetHints":{"allow":["GET"]}}],"collection":[{"href":"https:\/\/cleitonpinheiro.com.br\/site\/wp-json\/wp\/v2\/posts"}],"about":[{"href":"https:\/\/cleitonpinheiro.com.br\/site\/wp-json\/wp\/v2\/types\/post"}],"author":[{"embeddable":true,"href":"https:\/\/cleitonpinheiro.com.br\/site\/wp-json\/wp\/v2\/users\/13"}],"replies":[{"embeddable":true,"href":"https:\/\/cleitonpinheiro.com.br\/site\/wp-json\/wp\/v2\/comments?post=72969"}],"version-history":[{"count":1,"href":"https:\/\/cleitonpinheiro.com.br\/site\/wp-json\/wp\/v2\/posts\/72969\/revisions"}],"predecessor-version":[{"id":72971,"href":"https:\/\/cleitonpinheiro.com.br\/site\/wp-json\/wp\/v2\/posts\/72969\/revisions\/72971"}],"wp:attachment":[{"href":"https:\/\/cleitonpinheiro.com.br\/site\/wp-json\/wp\/v2\/media?parent=72969"}],"wp:term":[{"taxonomy":"category","embeddable":true,"href":"https:\/\/cleitonpinheiro.com.br\/site\/wp-json\/wp\/v2\/categories?post=72969"},{"taxonomy":"post_tag","embeddable":true,"href":"https:\/\/cleitonpinheiro.com.br\/site\/wp-json\/wp\/v2\/tags?post=72969"}],"curies":[{"name":"wp","href":"https:\/\/api.w.org\/{rel}","templated":true}]}}