{"id":72975,"date":"2023-07-01T17:27:23","date_gmt":"2023-07-01T20:27:23","guid":{"rendered":"https:\/\/cleitonpinheiro.com.br\/site\/?p=72975"},"modified":"2023-08-02T20:12:22","modified_gmt":"2023-08-02T23:12:22","slug":"auditoria-governamental-e-tema-de-qualificacao-finalizada-nesta-sexta-30-no-ivm","status":"publish","type":"post","link":"https:\/\/cleitonpinheiro.com.br\/site\/auditoria-governamental-e-tema-de-qualificacao-finalizada-nesta-sexta-30-no-ivm\/","title":{"rendered":"Auditoria Governamental \u00e9 tema de qualifica\u00e7\u00e3o finalizada nesta sexta, 30, no IVM"},"content":{"rendered":"\n<figure class=\"wp-block-image size-full\"><img decoding=\"async\" src=\"https:\/\/cleitonpinheiro.com.br\/site\/wp-content\/uploads\/2023\/07\/834cec84f964403691de6f512e6988f9.jpg\" alt=\"\" class=\"wp-image-72976\"\/><figcaption class=\"wp-element-caption\"><em>Trabalho desses servidores \u00e9 pautado na aferi\u00e7\u00e3o de informa\u00e7\u00f5es, an\u00e1lise, avalia\u00e7\u00e3o independente e apresenta\u00e7\u00e3o de documentos com dados seguros, embasados em provas &#8211; Foto: Divulga\u00e7\u00e3o\/Prefeitura de Palmas<\/em><\/figcaption><\/figure>\n\n\n\n<p class=\"wp-block-paragraph\"><strong>Da Prefeitura de Palmas<\/strong><\/p>\n\n\n\n<p class=\"wp-block-paragraph\">Servidores atuantes em atividades de auditoria interna governamental na Secretaria Municipal de Transpar\u00eancia e Controle Interno (SETCI), conclu\u00edram nesta sexta, 30, o curso de atualiza\u00e7\u00e3o \u2018Auditoria Governamental e Tomadas de Contas Especiais\u2019. Promovida pela Prefeitura de Palmas, por meio do Instituto 20 de Maio de Ensino, Ci\u00eancia e Tecnologia (IVM), a forma\u00e7\u00e3o contou com a participa\u00e7\u00e3o de 19 servidores.\u00a0<\/p>\n\n\n\n<p class=\"wp-block-paragraph\">\u201cEssa semana foi bastante produtiva, os servidores se sentiram renovados com materiais e t\u00e9cnicas atualizados, ou seja, preparados\u201d. Explica a instrutora do curso, Elaine Sampaio, exemplificando ainda, os benef\u00edcios de auditores municipais em aprendizado constante. \u201cEles v\u00e3o atr\u00e1s da despesa realizada com os recursos p\u00fablicos, verificando se est\u00e1 sendo feito de forma devida, bem empregado na educa\u00e7\u00e3o, sa\u00fade, cultura e infraestrutura, ent\u00e3o eles est\u00e3o capacitados para fazer auditorias nos \u00f3rg\u00e3os\u201d.<\/p>\n\n\n\n<p class=\"wp-block-paragraph\">Para a participante Maria Ires Cursino, que \u00e9 analista de controle interno, a atualiza\u00e7\u00e3o \u00e9 de grande relev\u00e2ncia. \u201cEssa complementa\u00e7\u00e3o implica no resultado de um trabalho mais eficaz, bem elaborado e seguro. No exerc\u00edcio da fun\u00e7\u00e3o a gente tem essa responsabilidade e preocupa\u00e7\u00e3o em elaborar um trabalho, o mais confiante poss\u00edvel, esse curso realmente acrescentou muito na nossa fun\u00e7\u00e3o\u201d.<\/p>\n\n\n\n<p class=\"wp-block-paragraph\">Separada em duas etapas, sendo a 1\u00aa Princ\u00edpios Fundamentais da Auditoria Governamental e &nbsp;a 2\u00ba Recapitulando Gest\u00e3o de Riscos &#8211; GR, os cursistas contaram ainda com momento pr\u00e1tico de oficinas em grupos. \u201cO intuito \u00e9 justamente fazer eles trazerem as dores deles, para conseguirem colocar em pr\u00e1tica o que eles aprenderam durante toda a semana, sobre a legisla\u00e7\u00e3o, conceitos e metodologias\u201d, conclui Elaine Sampaio.&nbsp;<\/p>\n","protected":false},"excerpt":{"rendered":"<p>Da Prefeitura de Palmas Servidores atuantes em atividades de auditoria interna governamental na Secretaria Municipal de Transpar\u00eancia e Controle Interno (SETCI), conclu\u00edram nesta sexta, 30, o curso de atualiza\u00e7\u00e3o \u2018Auditoria Governamental e Tomadas de Contas Especiais\u2019. Promovida pela Prefeitura de Palmas, por meio do Instituto 20 de Maio de Ensino, Ci\u00eancia e Tecnologia (IVM), a [&hellip;]<\/p>\n","protected":false},"author":13,"featured_media":0,"comment_status":"open","ping_status":"open","sticky":false,"template":"","format":"standard","meta":{"_acf_changed":false,"footnotes":""},"categories":[25,21],"tags":[],"class_list":["post-72975","post","type-post","status-publish","format-standard","hentry","category-funcionalismo","category-todas-noticias"],"acf":[],"yoast_head":"<!-- This site is optimized with the Yoast SEO plugin v24.4 - https:\/\/yoast.com\/wordpress\/plugins\/seo\/ -->\n<title>Auditoria Governamental \u00e9 tema de qualifica\u00e7\u00e3o finalizada nesta sexta, 30, no IVM - PORTAL DE NOT\u00cdCIAS CLEITON PINHEIRO<\/title>\n<meta name=\"robots\" content=\"index, follow, max-snippet:-1, max-image-preview:large, max-video-preview:-1\" \/>\n<link rel=\"canonical\" href=\"https:\/\/cleitonpinheiro.com.br\/site\/auditoria-governamental-e-tema-de-qualificacao-finalizada-nesta-sexta-30-no-ivm\/\" \/>\n<meta property=\"og:locale\" content=\"pt_BR\" \/>\n<meta property=\"og:type\" content=\"article\" \/>\n<meta property=\"og:title\" content=\"Auditoria Governamental \u00e9 tema de qualifica\u00e7\u00e3o finalizada nesta sexta, 30, no IVM - PORTAL DE NOT\u00cdCIAS CLEITON PINHEIRO\" \/>\n<meta property=\"og:description\" content=\"Da Prefeitura de Palmas Servidores atuantes em atividades de auditoria interna governamental na Secretaria Municipal de Transpar\u00eancia e Controle Interno (SETCI), conclu\u00edram nesta sexta, 30, o curso de atualiza\u00e7\u00e3o \u2018Auditoria Governamental e Tomadas de Contas Especiais\u2019. Promovida pela Prefeitura de Palmas, por meio do Instituto 20 de Maio de Ensino, Ci\u00eancia e Tecnologia (IVM), a [&hellip;]\" \/>\n<meta property=\"og:url\" content=\"https:\/\/cleitonpinheiro.com.br\/site\/auditoria-governamental-e-tema-de-qualificacao-finalizada-nesta-sexta-30-no-ivm\/\" \/>\n<meta property=\"og:site_name\" content=\"PORTAL DE NOT\u00cdCIAS CLEITON PINHEIRO\" \/>\n<meta property=\"article:publisher\" content=\"https:\/\/www.facebook.com\/portalcpnoticias\/\" \/>\n<meta property=\"article:published_time\" content=\"2023-07-01T20:27:23+00:00\" \/>\n<meta property=\"article:modified_time\" content=\"2023-08-02T23:12:22+00:00\" \/>\n<meta property=\"og:image\" content=\"https:\/\/cleitonpinheiro.com.br\/site\/wp-content\/uploads\/2023\/07\/834cec84f964403691de6f512e6988f9.jpg\" \/>\n\t<meta property=\"og:image:width\" content=\"800\" \/>\n\t<meta property=\"og:image:height\" content=\"533\" \/>\n\t<meta property=\"og:image:type\" content=\"image\/jpeg\" \/>\n<meta name=\"author\" content=\"Reda\u00e7\u00e3o CP\" \/>\n<meta name=\"twitter:card\" content=\"summary_large_image\" \/>\n<meta name=\"twitter:label1\" content=\"Escrito por\" \/>\n\t<meta name=\"twitter:data1\" content=\"Reda\u00e7\u00e3o CP\" \/>\n\t<meta name=\"twitter:label2\" content=\"Est. tempo de leitura\" \/>\n\t<meta name=\"twitter:data2\" content=\"2 minutos\" \/>\n<script type=\"application\/ld+json\" class=\"yoast-schema-graph\">{\"@context\":\"https:\/\/schema.org\",\"@graph\":[{\"@type\":\"Article\",\"@id\":\"https:\/\/cleitonpinheiro.com.br\/site\/auditoria-governamental-e-tema-de-qualificacao-finalizada-nesta-sexta-30-no-ivm\/#article\",\"isPartOf\":{\"@id\":\"https:\/\/cleitonpinheiro.com.br\/site\/auditoria-governamental-e-tema-de-qualificacao-finalizada-nesta-sexta-30-no-ivm\/\"},\"author\":{\"name\":\"Reda\u00e7\u00e3o CP\",\"@id\":\"https:\/\/cleitonpinheiro.com.br\/site\/#\/schema\/person\/8f04544e0bc40a1b68775b08360f87db\"},\"headline\":\"Auditoria Governamental \u00e9 tema de qualifica\u00e7\u00e3o finalizada nesta sexta, 30, no IVM\",\"datePublished\":\"2023-07-01T20:27:23+00:00\",\"dateModified\":\"2023-08-02T23:12:22+00:00\",\"mainEntityOfPage\":{\"@id\":\"https:\/\/cleitonpinheiro.com.br\/site\/auditoria-governamental-e-tema-de-qualificacao-finalizada-nesta-sexta-30-no-ivm\/\"},\"wordCount\":323,\"commentCount\":0,\"publisher\":{\"@id\":\"https:\/\/cleitonpinheiro.com.br\/site\/#organization\"},\"image\":{\"@id\":\"https:\/\/cleitonpinheiro.com.br\/site\/auditoria-governamental-e-tema-de-qualificacao-finalizada-nesta-sexta-30-no-ivm\/#primaryimage\"},\"thumbnailUrl\":\"https:\/\/cleitonpinheiro.com.br\/site\/wp-content\/uploads\/2023\/07\/834cec84f964403691de6f512e6988f9.jpg\",\"articleSection\":[\"FUNCIONALISMO\",\"TODAS NOTICIAS\"],\"inLanguage\":\"pt-BR\",\"potentialAction\":[{\"@type\":\"CommentAction\",\"name\":\"Comment\",\"target\":[\"https:\/\/cleitonpinheiro.com.br\/site\/auditoria-governamental-e-tema-de-qualificacao-finalizada-nesta-sexta-30-no-ivm\/#respond\"]}]},{\"@type\":\"WebPage\",\"@id\":\"https:\/\/cleitonpinheiro.com.br\/site\/auditoria-governamental-e-tema-de-qualificacao-finalizada-nesta-sexta-30-no-ivm\/\",\"url\":\"https:\/\/cleitonpinheiro.com.br\/site\/auditoria-governamental-e-tema-de-qualificacao-finalizada-nesta-sexta-30-no-ivm\/\",\"name\":\"Auditoria Governamental \u00e9 tema de qualifica\u00e7\u00e3o finalizada nesta sexta, 30, no IVM - PORTAL DE NOT\u00cdCIAS CLEITON PINHEIRO\",\"isPartOf\":{\"@id\":\"https:\/\/cleitonpinheiro.com.br\/site\/#website\"},\"primaryImageOfPage\":{\"@id\":\"https:\/\/cleitonpinheiro.com.br\/site\/auditoria-governamental-e-tema-de-qualificacao-finalizada-nesta-sexta-30-no-ivm\/#primaryimage\"},\"image\":{\"@id\":\"https:\/\/cleitonpinheiro.com.br\/site\/auditoria-governamental-e-tema-de-qualificacao-finalizada-nesta-sexta-30-no-ivm\/#primaryimage\"},\"thumbnailUrl\":\"https:\/\/cleitonpinheiro.com.br\/site\/wp-content\/uploads\/2023\/07\/834cec84f964403691de6f512e6988f9.jpg\",\"datePublished\":\"2023-07-01T20:27:23+00:00\",\"dateModified\":\"2023-08-02T23:12:22+00:00\",\"breadcrumb\":{\"@id\":\"https:\/\/cleitonpinheiro.com.br\/site\/auditoria-governamental-e-tema-de-qualificacao-finalizada-nesta-sexta-30-no-ivm\/#breadcrumb\"},\"inLanguage\":\"pt-BR\",\"potentialAction\":[{\"@type\":\"ReadAction\",\"target\":[\"https:\/\/cleitonpinheiro.com.br\/site\/auditoria-governamental-e-tema-de-qualificacao-finalizada-nesta-sexta-30-no-ivm\/\"]}]},{\"@type\":\"ImageObject\",\"inLanguage\":\"pt-BR\",\"@id\":\"https:\/\/cleitonpinheiro.com.br\/site\/auditoria-governamental-e-tema-de-qualificacao-finalizada-nesta-sexta-30-no-ivm\/#primaryimage\",\"url\":\"\",\"contentUrl\":\"\"},{\"@type\":\"BreadcrumbList\",\"@id\":\"https:\/\/cleitonpinheiro.com.br\/site\/auditoria-governamental-e-tema-de-qualificacao-finalizada-nesta-sexta-30-no-ivm\/#breadcrumb\",\"itemListElement\":[{\"@type\":\"ListItem\",\"position\":1,\"name\":\"In\u00edcio\",\"item\":\"https:\/\/cleitonpinheiro.com.br\/site\/\"},{\"@type\":\"ListItem\",\"position\":2,\"name\":\"Auditoria Governamental \u00e9 tema de qualifica\u00e7\u00e3o finalizada nesta sexta, 30, no IVM\"}]},{\"@type\":\"WebSite\",\"@id\":\"https:\/\/cleitonpinheiro.com.br\/site\/#website\",\"url\":\"https:\/\/cleitonpinheiro.com.br\/site\/\",\"name\":\"PORTAL DE NOT\u00cdCIAS CLEITON PINHEIRO\",\"description\":\"FALANDO A VERDADE\",\"publisher\":{\"@id\":\"https:\/\/cleitonpinheiro.com.br\/site\/#organization\"},\"potentialAction\":[{\"@type\":\"SearchAction\",\"target\":{\"@type\":\"EntryPoint\",\"urlTemplate\":\"https:\/\/cleitonpinheiro.com.br\/site\/?s={search_term_string}\"},\"query-input\":{\"@type\":\"PropertyValueSpecification\",\"valueRequired\":true,\"valueName\":\"search_term_string\"}}],\"inLanguage\":\"pt-BR\"},{\"@type\":\"Organization\",\"@id\":\"https:\/\/cleitonpinheiro.com.br\/site\/#organization\",\"name\":\"CPNOT\u00cdCIAS\",\"url\":\"https:\/\/cleitonpinheiro.com.br\/site\/\",\"logo\":{\"@type\":\"ImageObject\",\"inLanguage\":\"pt-BR\",\"@id\":\"https:\/\/cleitonpinheiro.com.br\/site\/#\/schema\/logo\/image\/\",\"url\":\"https:\/\/cleitonpinheiro.com.br\/site\/wp-content\/uploads\/2022\/08\/Logo-pequena-2.png\",\"contentUrl\":\"https:\/\/cleitonpinheiro.com.br\/site\/wp-content\/uploads\/2022\/08\/Logo-pequena-2.png\",\"width\":500,\"height\":500,\"caption\":\"CPNOT\u00cdCIAS\"},\"image\":{\"@id\":\"https:\/\/cleitonpinheiro.com.br\/site\/#\/schema\/logo\/image\/\"},\"sameAs\":[\"https:\/\/www.facebook.com\/portalcpnoticias\/\"]},{\"@type\":\"Person\",\"@id\":\"https:\/\/cleitonpinheiro.com.br\/site\/#\/schema\/person\/8f04544e0bc40a1b68775b08360f87db\",\"name\":\"Reda\u00e7\u00e3o CP\",\"image\":{\"@type\":\"ImageObject\",\"inLanguage\":\"pt-BR\",\"@id\":\"https:\/\/cleitonpinheiro.com.br\/site\/#\/schema\/person\/image\/\",\"url\":\"https:\/\/secure.gravatar.com\/avatar\/0bcf19cb29fdc8fc588c490c7ae1b3e174dac268586a63fbe1d1893a0f9020cd?s=96&r=g\",\"contentUrl\":\"https:\/\/secure.gravatar.com\/avatar\/0bcf19cb29fdc8fc588c490c7ae1b3e174dac268586a63fbe1d1893a0f9020cd?s=96&r=g\",\"caption\":\"Reda\u00e7\u00e3o CP\"},\"url\":\"https:\/\/cleitonpinheiro.com.br\/site\/author\/redacao\/\"}]}<\/script>\n<!-- \/ Yoast SEO plugin. -->","yoast_head_json":{"title":"Auditoria Governamental \u00e9 tema de qualifica\u00e7\u00e3o finalizada nesta sexta, 30, no IVM - PORTAL DE NOT\u00cdCIAS CLEITON PINHEIRO","robots":{"index":"index","follow":"follow","max-snippet":"max-snippet:-1","max-image-preview":"max-image-preview:large","max-video-preview":"max-video-preview:-1"},"canonical":"https:\/\/cleitonpinheiro.com.br\/site\/auditoria-governamental-e-tema-de-qualificacao-finalizada-nesta-sexta-30-no-ivm\/","og_locale":"pt_BR","og_type":"article","og_title":"Auditoria Governamental \u00e9 tema de qualifica\u00e7\u00e3o finalizada nesta sexta, 30, no IVM - PORTAL DE NOT\u00cdCIAS CLEITON PINHEIRO","og_description":"Da Prefeitura de Palmas Servidores atuantes em atividades de auditoria interna governamental na Secretaria Municipal de Transpar\u00eancia e Controle Interno (SETCI), conclu\u00edram nesta sexta, 30, o curso de atualiza\u00e7\u00e3o \u2018Auditoria Governamental e Tomadas de Contas Especiais\u2019. Promovida pela Prefeitura de Palmas, por meio do Instituto 20 de Maio de Ensino, Ci\u00eancia e Tecnologia (IVM), a [&hellip;]","og_url":"https:\/\/cleitonpinheiro.com.br\/site\/auditoria-governamental-e-tema-de-qualificacao-finalizada-nesta-sexta-30-no-ivm\/","og_site_name":"PORTAL DE NOT\u00cdCIAS CLEITON PINHEIRO","article_publisher":"https:\/\/www.facebook.com\/portalcpnoticias\/","article_published_time":"2023-07-01T20:27:23+00:00","article_modified_time":"2023-08-02T23:12:22+00:00","og_image":[{"width":800,"height":533,"url":"https:\/\/cleitonpinheiro.com.br\/site\/wp-content\/uploads\/2023\/07\/834cec84f964403691de6f512e6988f9.jpg","type":"image\/jpeg"}],"author":"Reda\u00e7\u00e3o CP","twitter_card":"summary_large_image","twitter_misc":{"Escrito por":"Reda\u00e7\u00e3o CP","Est. tempo de leitura":"2 minutos"},"schema":{"@context":"https:\/\/schema.org","@graph":[{"@type":"Article","@id":"https:\/\/cleitonpinheiro.com.br\/site\/auditoria-governamental-e-tema-de-qualificacao-finalizada-nesta-sexta-30-no-ivm\/#article","isPartOf":{"@id":"https:\/\/cleitonpinheiro.com.br\/site\/auditoria-governamental-e-tema-de-qualificacao-finalizada-nesta-sexta-30-no-ivm\/"},"author":{"name":"Reda\u00e7\u00e3o CP","@id":"https:\/\/cleitonpinheiro.com.br\/site\/#\/schema\/person\/8f04544e0bc40a1b68775b08360f87db"},"headline":"Auditoria Governamental \u00e9 tema de qualifica\u00e7\u00e3o finalizada nesta sexta, 30, no IVM","datePublished":"2023-07-01T20:27:23+00:00","dateModified":"2023-08-02T23:12:22+00:00","mainEntityOfPage":{"@id":"https:\/\/cleitonpinheiro.com.br\/site\/auditoria-governamental-e-tema-de-qualificacao-finalizada-nesta-sexta-30-no-ivm\/"},"wordCount":323,"commentCount":0,"publisher":{"@id":"https:\/\/cleitonpinheiro.com.br\/site\/#organization"},"image":{"@id":"https:\/\/cleitonpinheiro.com.br\/site\/auditoria-governamental-e-tema-de-qualificacao-finalizada-nesta-sexta-30-no-ivm\/#primaryimage"},"thumbnailUrl":"https:\/\/cleitonpinheiro.com.br\/site\/wp-content\/uploads\/2023\/07\/834cec84f964403691de6f512e6988f9.jpg","articleSection":["FUNCIONALISMO","TODAS NOTICIAS"],"inLanguage":"pt-BR","potentialAction":[{"@type":"CommentAction","name":"Comment","target":["https:\/\/cleitonpinheiro.com.br\/site\/auditoria-governamental-e-tema-de-qualificacao-finalizada-nesta-sexta-30-no-ivm\/#respond"]}]},{"@type":"WebPage","@id":"https:\/\/cleitonpinheiro.com.br\/site\/auditoria-governamental-e-tema-de-qualificacao-finalizada-nesta-sexta-30-no-ivm\/","url":"https:\/\/cleitonpinheiro.com.br\/site\/auditoria-governamental-e-tema-de-qualificacao-finalizada-nesta-sexta-30-no-ivm\/","name":"Auditoria Governamental \u00e9 tema de qualifica\u00e7\u00e3o finalizada nesta sexta, 30, no IVM - PORTAL DE NOT\u00cdCIAS CLEITON PINHEIRO","isPartOf":{"@id":"https:\/\/cleitonpinheiro.com.br\/site\/#website"},"primaryImageOfPage":{"@id":"https:\/\/cleitonpinheiro.com.br\/site\/auditoria-governamental-e-tema-de-qualificacao-finalizada-nesta-sexta-30-no-ivm\/#primaryimage"},"image":{"@id":"https:\/\/cleitonpinheiro.com.br\/site\/auditoria-governamental-e-tema-de-qualificacao-finalizada-nesta-sexta-30-no-ivm\/#primaryimage"},"thumbnailUrl":"https:\/\/cleitonpinheiro.com.br\/site\/wp-content\/uploads\/2023\/07\/834cec84f964403691de6f512e6988f9.jpg","datePublished":"2023-07-01T20:27:23+00:00","dateModified":"2023-08-02T23:12:22+00:00","breadcrumb":{"@id":"https:\/\/cleitonpinheiro.com.br\/site\/auditoria-governamental-e-tema-de-qualificacao-finalizada-nesta-sexta-30-no-ivm\/#breadcrumb"},"inLanguage":"pt-BR","potentialAction":[{"@type":"ReadAction","target":["https:\/\/cleitonpinheiro.com.br\/site\/auditoria-governamental-e-tema-de-qualificacao-finalizada-nesta-sexta-30-no-ivm\/"]}]},{"@type":"ImageObject","inLanguage":"pt-BR","@id":"https:\/\/cleitonpinheiro.com.br\/site\/auditoria-governamental-e-tema-de-qualificacao-finalizada-nesta-sexta-30-no-ivm\/#primaryimage","url":"","contentUrl":""},{"@type":"BreadcrumbList","@id":"https:\/\/cleitonpinheiro.com.br\/site\/auditoria-governamental-e-tema-de-qualificacao-finalizada-nesta-sexta-30-no-ivm\/#breadcrumb","itemListElement":[{"@type":"ListItem","position":1,"name":"In\u00edcio","item":"https:\/\/cleitonpinheiro.com.br\/site\/"},{"@type":"ListItem","position":2,"name":"Auditoria Governamental \u00e9 tema de qualifica\u00e7\u00e3o finalizada nesta sexta, 30, no IVM"}]},{"@type":"WebSite","@id":"https:\/\/cleitonpinheiro.com.br\/site\/#website","url":"https:\/\/cleitonpinheiro.com.br\/site\/","name":"PORTAL DE NOT\u00cdCIAS CLEITON PINHEIRO","description":"FALANDO A VERDADE","publisher":{"@id":"https:\/\/cleitonpinheiro.com.br\/site\/#organization"},"potentialAction":[{"@type":"SearchAction","target":{"@type":"EntryPoint","urlTemplate":"https:\/\/cleitonpinheiro.com.br\/site\/?s={search_term_string}"},"query-input":{"@type":"PropertyValueSpecification","valueRequired":true,"valueName":"search_term_string"}}],"inLanguage":"pt-BR"},{"@type":"Organization","@id":"https:\/\/cleitonpinheiro.com.br\/site\/#organization","name":"CPNOT\u00cdCIAS","url":"https:\/\/cleitonpinheiro.com.br\/site\/","logo":{"@type":"ImageObject","inLanguage":"pt-BR","@id":"https:\/\/cleitonpinheiro.com.br\/site\/#\/schema\/logo\/image\/","url":"https:\/\/cleitonpinheiro.com.br\/site\/wp-content\/uploads\/2022\/08\/Logo-pequena-2.png","contentUrl":"https:\/\/cleitonpinheiro.com.br\/site\/wp-content\/uploads\/2022\/08\/Logo-pequena-2.png","width":500,"height":500,"caption":"CPNOT\u00cdCIAS"},"image":{"@id":"https:\/\/cleitonpinheiro.com.br\/site\/#\/schema\/logo\/image\/"},"sameAs":["https:\/\/www.facebook.com\/portalcpnoticias\/"]},{"@type":"Person","@id":"https:\/\/cleitonpinheiro.com.br\/site\/#\/schema\/person\/8f04544e0bc40a1b68775b08360f87db","name":"Reda\u00e7\u00e3o CP","image":{"@type":"ImageObject","inLanguage":"pt-BR","@id":"https:\/\/cleitonpinheiro.com.br\/site\/#\/schema\/person\/image\/","url":"https:\/\/secure.gravatar.com\/avatar\/0bcf19cb29fdc8fc588c490c7ae1b3e174dac268586a63fbe1d1893a0f9020cd?s=96&r=g","contentUrl":"https:\/\/secure.gravatar.com\/avatar\/0bcf19cb29fdc8fc588c490c7ae1b3e174dac268586a63fbe1d1893a0f9020cd?s=96&r=g","caption":"Reda\u00e7\u00e3o CP"},"url":"https:\/\/cleitonpinheiro.com.br\/site\/author\/redacao\/"}]}},"views":75,"_links":{"self":[{"href":"https:\/\/cleitonpinheiro.com.br\/site\/wp-json\/wp\/v2\/posts\/72975","targetHints":{"allow":["GET"]}}],"collection":[{"href":"https:\/\/cleitonpinheiro.com.br\/site\/wp-json\/wp\/v2\/posts"}],"about":[{"href":"https:\/\/cleitonpinheiro.com.br\/site\/wp-json\/wp\/v2\/types\/post"}],"author":[{"embeddable":true,"href":"https:\/\/cleitonpinheiro.com.br\/site\/wp-json\/wp\/v2\/users\/13"}],"replies":[{"embeddable":true,"href":"https:\/\/cleitonpinheiro.com.br\/site\/wp-json\/wp\/v2\/comments?post=72975"}],"version-history":[{"count":1,"href":"https:\/\/cleitonpinheiro.com.br\/site\/wp-json\/wp\/v2\/posts\/72975\/revisions"}],"predecessor-version":[{"id":72977,"href":"https:\/\/cleitonpinheiro.com.br\/site\/wp-json\/wp\/v2\/posts\/72975\/revisions\/72977"}],"wp:attachment":[{"href":"https:\/\/cleitonpinheiro.com.br\/site\/wp-json\/wp\/v2\/media?parent=72975"}],"wp:term":[{"taxonomy":"category","embeddable":true,"href":"https:\/\/cleitonpinheiro.com.br\/site\/wp-json\/wp\/v2\/categories?post=72975"},{"taxonomy":"post_tag","embeddable":true,"href":"https:\/\/cleitonpinheiro.com.br\/site\/wp-json\/wp\/v2\/tags?post=72975"}],"curies":[{"name":"wp","href":"https:\/\/api.w.org\/{rel}","templated":true}]}}