{"id":73035,"date":"2023-07-20T10:10:23","date_gmt":"2023-07-20T13:10:23","guid":{"rendered":"https:\/\/cleitonpinheiro.com.br\/site\/?p=73035"},"modified":"2023-08-07T11:53:35","modified_gmt":"2023-08-07T14:53:35","slug":"5-horas-de-jornalistas-e-reporteres-fotograficos-e-sancionada-pelo-governador-wanderlei","status":"publish","type":"post","link":"https:\/\/cleitonpinheiro.com.br\/site\/5-horas-de-jornalistas-e-reporteres-fotograficos-e-sancionada-pelo-governador-wanderlei\/","title":{"rendered":"&#8220;5 horas&#8221; de jornalistas e rep\u00f3rteres fotogr\u00e1ficos \u00e9 sancionada pelo governador Wanderlei"},"content":{"rendered":"\n<figure class=\"wp-block-image size-full\"><img decoding=\"async\" src=\"https:\/\/cleitonpinheiro.com.br\/site\/wp-content\/uploads\/2023\/07\/339332.jpeg\" alt=\"\" class=\"wp-image-73036\"\/><figcaption class=\"wp-element-caption\">Governador Wanderlei sancionou a lei, que foi publicada nessa quarta-feira &#8211; Foto: Ant\u00f4nio Gon\u00e7alves\/Governo do Tocantins<\/figcaption><\/figure>\n\n\n\n<p class=\"wp-block-paragraph\"><strong>Da Reda\u00e7\u00e3o<\/strong><\/p>\n\n\n\n<p class=\"wp-block-paragraph\">A altera\u00e7\u00e3o no artigo 19 da Lei n\u00ba 1.818\/2007 &#8211; Estatuto do Servidor P\u00fablico Civil do Estado do Tocantins -, que estabelece jornada semanal de 25 horas para jornalista e rep\u00f3rter fotogr\u00e1fico, \u00e9 sancionada pelo governador Wanderlei Barbosa. A Lei 4.191, que estabelece cinco horas di\u00e1ria de jornada para esses profissionais, foi publicada no Di\u00e1rio Oficial do Estado dessa quarta-feira, 19.<\/p>\n\n\n\n<p class=\"wp-block-paragraph\">A Associa\u00e7\u00e3o de Assist\u00eancia Jur\u00eddica dos Servidores P\u00fablicos no Estado do Tocantins (Ajusp-TO) explica que a mudan\u00e7a contempla os servidores p\u00fablicos jornalistas e rep\u00f3rteres fotogr\u00e1lficos de todos os poderes estaduais e \u00f3rg\u00e3o independentes &#8211; Legislativo, Judici\u00e1rio, Executivo e Minist\u00e9rio P\u00fablico e Defensoria Publica -.<\/p>\n\n\n\n<p class=\"wp-block-paragraph\">&#8220;\u00c9 uma conquista significativa para a categoria e um marco importante no reconhecimento do valor e da import\u00e2ncia dos jornalistas e rep\u00f3rteres fot\u00f3graficos que trabalham no Estado do Tocantins. E uma adequa\u00e7\u00e3o a lei trabalhista que estabelece a jornada especial para esses profissionais&#8221;, argumenta o presidente da Ajusp-TO, Cleiton Pinheiro. Ele ainda destacou que o governo federal j\u00e1 tem praticado a jornada semana de 25 horas para jornalistas.<\/p>\n\n\n\n<p class=\"wp-block-paragraph\">Wanderlei Barbosa vinha ressaltando, desde que assumiu a gest\u00e3o, a relev\u00e2ncia dessa iniciativa para valorizar os profissionais de comunica\u00e7\u00e3o do Estado. &#8220;\u00c9 gratificante para o Governo do Tocantins aprovar uma lei que beneficiar\u00e1 e reconhecer\u00e1 os direitos de tantos profissionais de comunica\u00e7\u00e3o; que s\u00e3o de suma import\u00e2ncia para os \u00f3rg\u00e3os p\u00fablicos e respons\u00e1veis por levar informa\u00e7\u00f5es \u00e0 nossa popula\u00e7\u00e3o&#8221;, expressou.<\/p>\n","protected":false},"excerpt":{"rendered":"<p>Da Reda\u00e7\u00e3o A altera\u00e7\u00e3o no artigo 19 da Lei n\u00ba 1.818\/2007 &#8211; Estatuto do Servidor P\u00fablico Civil do Estado do Tocantins -, que estabelece jornada semanal de 25 horas para jornalista e rep\u00f3rter fotogr\u00e1fico, \u00e9 sancionada pelo governador Wanderlei Barbosa. A Lei 4.191, que estabelece cinco horas di\u00e1ria de jornada para esses profissionais, foi publicada [&hellip;]<\/p>\n","protected":false},"author":13,"featured_media":0,"comment_status":"open","ping_status":"open","sticky":false,"template":"","format":"standard","meta":{"_acf_changed":false,"footnotes":""},"categories":[25,21],"tags":[94,1011],"class_list":["post-73035","post","type-post","status-publish","format-standard","hentry","category-funcionalismo","category-todas-noticias","tag-governo-do-tocantins","tag-jornalistas"],"acf":[],"yoast_head":"<!-- This site is optimized with the Yoast SEO plugin v24.4 - https:\/\/yoast.com\/wordpress\/plugins\/seo\/ -->\n<title>&quot;5 horas&quot; de jornalistas e rep\u00f3rteres fotogr\u00e1ficos \u00e9 sancionada pelo governador Wanderlei - PORTAL DE NOT\u00cdCIAS CLEITON PINHEIRO<\/title>\n<meta name=\"robots\" content=\"index, follow, max-snippet:-1, max-image-preview:large, max-video-preview:-1\" \/>\n<link rel=\"canonical\" href=\"https:\/\/cleitonpinheiro.com.br\/site\/5-horas-de-jornalistas-e-reporteres-fotograficos-e-sancionada-pelo-governador-wanderlei\/\" \/>\n<meta property=\"og:locale\" content=\"pt_BR\" \/>\n<meta property=\"og:type\" content=\"article\" \/>\n<meta property=\"og:title\" content=\"&quot;5 horas&quot; de jornalistas e rep\u00f3rteres fotogr\u00e1ficos \u00e9 sancionada pelo governador Wanderlei - PORTAL DE NOT\u00cdCIAS CLEITON PINHEIRO\" \/>\n<meta property=\"og:description\" content=\"Da Reda\u00e7\u00e3o A altera\u00e7\u00e3o no artigo 19 da Lei n\u00ba 1.818\/2007 &#8211; Estatuto do Servidor P\u00fablico Civil do Estado do Tocantins -, que estabelece jornada semanal de 25 horas para jornalista e rep\u00f3rter fotogr\u00e1fico, \u00e9 sancionada pelo governador Wanderlei Barbosa. A Lei 4.191, que estabelece cinco horas di\u00e1ria de jornada para esses profissionais, foi publicada [&hellip;]\" \/>\n<meta property=\"og:url\" content=\"https:\/\/cleitonpinheiro.com.br\/site\/5-horas-de-jornalistas-e-reporteres-fotograficos-e-sancionada-pelo-governador-wanderlei\/\" \/>\n<meta property=\"og:site_name\" content=\"PORTAL DE NOT\u00cdCIAS CLEITON PINHEIRO\" \/>\n<meta property=\"article:publisher\" content=\"https:\/\/www.facebook.com\/portalcpnoticias\/\" \/>\n<meta property=\"article:published_time\" content=\"2023-07-20T13:10:23+00:00\" \/>\n<meta property=\"article:modified_time\" content=\"2023-08-07T14:53:35+00:00\" \/>\n<meta property=\"og:image\" content=\"https:\/\/cleitonpinheiro.com.br\/site\/wp-content\/uploads\/2023\/07\/339332.jpeg\" \/>\n\t<meta property=\"og:image:width\" content=\"883\" \/>\n\t<meta property=\"og:image:height\" content=\"505\" \/>\n\t<meta property=\"og:image:type\" content=\"image\/jpeg\" \/>\n<meta name=\"author\" content=\"Reda\u00e7\u00e3o CP\" \/>\n<meta name=\"twitter:card\" content=\"summary_large_image\" \/>\n<meta name=\"twitter:label1\" content=\"Escrito por\" \/>\n\t<meta name=\"twitter:data1\" content=\"Reda\u00e7\u00e3o CP\" \/>\n\t<meta name=\"twitter:label2\" content=\"Est. tempo de leitura\" \/>\n\t<meta name=\"twitter:data2\" content=\"2 minutos\" \/>\n<script type=\"application\/ld+json\" class=\"yoast-schema-graph\">{\"@context\":\"https:\/\/schema.org\",\"@graph\":[{\"@type\":\"Article\",\"@id\":\"https:\/\/cleitonpinheiro.com.br\/site\/5-horas-de-jornalistas-e-reporteres-fotograficos-e-sancionada-pelo-governador-wanderlei\/#article\",\"isPartOf\":{\"@id\":\"https:\/\/cleitonpinheiro.com.br\/site\/5-horas-de-jornalistas-e-reporteres-fotograficos-e-sancionada-pelo-governador-wanderlei\/\"},\"author\":{\"name\":\"Reda\u00e7\u00e3o CP\",\"@id\":\"https:\/\/cleitonpinheiro.com.br\/site\/#\/schema\/person\/8f04544e0bc40a1b68775b08360f87db\"},\"headline\":\"&#8220;5 horas&#8221; de jornalistas e rep\u00f3rteres fotogr\u00e1ficos \u00e9 sancionada pelo governador Wanderlei\",\"datePublished\":\"2023-07-20T13:10:23+00:00\",\"dateModified\":\"2023-08-07T14:53:35+00:00\",\"mainEntityOfPage\":{\"@id\":\"https:\/\/cleitonpinheiro.com.br\/site\/5-horas-de-jornalistas-e-reporteres-fotograficos-e-sancionada-pelo-governador-wanderlei\/\"},\"wordCount\":290,\"commentCount\":0,\"publisher\":{\"@id\":\"https:\/\/cleitonpinheiro.com.br\/site\/#organization\"},\"image\":{\"@id\":\"https:\/\/cleitonpinheiro.com.br\/site\/5-horas-de-jornalistas-e-reporteres-fotograficos-e-sancionada-pelo-governador-wanderlei\/#primaryimage\"},\"thumbnailUrl\":\"https:\/\/cleitonpinheiro.com.br\/site\/wp-content\/uploads\/2023\/07\/339332.jpeg\",\"keywords\":[\"governo do tocantins\",\"jornalistas\"],\"articleSection\":[\"FUNCIONALISMO\",\"TODAS NOTICIAS\"],\"inLanguage\":\"pt-BR\",\"potentialAction\":[{\"@type\":\"CommentAction\",\"name\":\"Comment\",\"target\":[\"https:\/\/cleitonpinheiro.com.br\/site\/5-horas-de-jornalistas-e-reporteres-fotograficos-e-sancionada-pelo-governador-wanderlei\/#respond\"]}]},{\"@type\":\"WebPage\",\"@id\":\"https:\/\/cleitonpinheiro.com.br\/site\/5-horas-de-jornalistas-e-reporteres-fotograficos-e-sancionada-pelo-governador-wanderlei\/\",\"url\":\"https:\/\/cleitonpinheiro.com.br\/site\/5-horas-de-jornalistas-e-reporteres-fotograficos-e-sancionada-pelo-governador-wanderlei\/\",\"name\":\"\\\"5 horas\\\" de jornalistas e rep\u00f3rteres fotogr\u00e1ficos \u00e9 sancionada pelo governador Wanderlei - PORTAL DE NOT\u00cdCIAS CLEITON PINHEIRO\",\"isPartOf\":{\"@id\":\"https:\/\/cleitonpinheiro.com.br\/site\/#website\"},\"primaryImageOfPage\":{\"@id\":\"https:\/\/cleitonpinheiro.com.br\/site\/5-horas-de-jornalistas-e-reporteres-fotograficos-e-sancionada-pelo-governador-wanderlei\/#primaryimage\"},\"image\":{\"@id\":\"https:\/\/cleitonpinheiro.com.br\/site\/5-horas-de-jornalistas-e-reporteres-fotograficos-e-sancionada-pelo-governador-wanderlei\/#primaryimage\"},\"thumbnailUrl\":\"https:\/\/cleitonpinheiro.com.br\/site\/wp-content\/uploads\/2023\/07\/339332.jpeg\",\"datePublished\":\"2023-07-20T13:10:23+00:00\",\"dateModified\":\"2023-08-07T14:53:35+00:00\",\"breadcrumb\":{\"@id\":\"https:\/\/cleitonpinheiro.com.br\/site\/5-horas-de-jornalistas-e-reporteres-fotograficos-e-sancionada-pelo-governador-wanderlei\/#breadcrumb\"},\"inLanguage\":\"pt-BR\",\"potentialAction\":[{\"@type\":\"ReadAction\",\"target\":[\"https:\/\/cleitonpinheiro.com.br\/site\/5-horas-de-jornalistas-e-reporteres-fotograficos-e-sancionada-pelo-governador-wanderlei\/\"]}]},{\"@type\":\"ImageObject\",\"inLanguage\":\"pt-BR\",\"@id\":\"https:\/\/cleitonpinheiro.com.br\/site\/5-horas-de-jornalistas-e-reporteres-fotograficos-e-sancionada-pelo-governador-wanderlei\/#primaryimage\",\"url\":\"\",\"contentUrl\":\"\"},{\"@type\":\"BreadcrumbList\",\"@id\":\"https:\/\/cleitonpinheiro.com.br\/site\/5-horas-de-jornalistas-e-reporteres-fotograficos-e-sancionada-pelo-governador-wanderlei\/#breadcrumb\",\"itemListElement\":[{\"@type\":\"ListItem\",\"position\":1,\"name\":\"In\u00edcio\",\"item\":\"https:\/\/cleitonpinheiro.com.br\/site\/\"},{\"@type\":\"ListItem\",\"position\":2,\"name\":\"&#8220;5 horas&#8221; de jornalistas e rep\u00f3rteres fotogr\u00e1ficos \u00e9 sancionada pelo governador Wanderlei\"}]},{\"@type\":\"WebSite\",\"@id\":\"https:\/\/cleitonpinheiro.com.br\/site\/#website\",\"url\":\"https:\/\/cleitonpinheiro.com.br\/site\/\",\"name\":\"PORTAL DE NOT\u00cdCIAS CLEITON PINHEIRO\",\"description\":\"FALANDO A VERDADE\",\"publisher\":{\"@id\":\"https:\/\/cleitonpinheiro.com.br\/site\/#organization\"},\"potentialAction\":[{\"@type\":\"SearchAction\",\"target\":{\"@type\":\"EntryPoint\",\"urlTemplate\":\"https:\/\/cleitonpinheiro.com.br\/site\/?s={search_term_string}\"},\"query-input\":{\"@type\":\"PropertyValueSpecification\",\"valueRequired\":true,\"valueName\":\"search_term_string\"}}],\"inLanguage\":\"pt-BR\"},{\"@type\":\"Organization\",\"@id\":\"https:\/\/cleitonpinheiro.com.br\/site\/#organization\",\"name\":\"CPNOT\u00cdCIAS\",\"url\":\"https:\/\/cleitonpinheiro.com.br\/site\/\",\"logo\":{\"@type\":\"ImageObject\",\"inLanguage\":\"pt-BR\",\"@id\":\"https:\/\/cleitonpinheiro.com.br\/site\/#\/schema\/logo\/image\/\",\"url\":\"https:\/\/cleitonpinheiro.com.br\/site\/wp-content\/uploads\/2022\/08\/Logo-pequena-2.png\",\"contentUrl\":\"https:\/\/cleitonpinheiro.com.br\/site\/wp-content\/uploads\/2022\/08\/Logo-pequena-2.png\",\"width\":500,\"height\":500,\"caption\":\"CPNOT\u00cdCIAS\"},\"image\":{\"@id\":\"https:\/\/cleitonpinheiro.com.br\/site\/#\/schema\/logo\/image\/\"},\"sameAs\":[\"https:\/\/www.facebook.com\/portalcpnoticias\/\"]},{\"@type\":\"Person\",\"@id\":\"https:\/\/cleitonpinheiro.com.br\/site\/#\/schema\/person\/8f04544e0bc40a1b68775b08360f87db\",\"name\":\"Reda\u00e7\u00e3o CP\",\"image\":{\"@type\":\"ImageObject\",\"inLanguage\":\"pt-BR\",\"@id\":\"https:\/\/cleitonpinheiro.com.br\/site\/#\/schema\/person\/image\/\",\"url\":\"https:\/\/secure.gravatar.com\/avatar\/0bcf19cb29fdc8fc588c490c7ae1b3e174dac268586a63fbe1d1893a0f9020cd?s=96&r=g\",\"contentUrl\":\"https:\/\/secure.gravatar.com\/avatar\/0bcf19cb29fdc8fc588c490c7ae1b3e174dac268586a63fbe1d1893a0f9020cd?s=96&r=g\",\"caption\":\"Reda\u00e7\u00e3o CP\"},\"url\":\"https:\/\/cleitonpinheiro.com.br\/site\/author\/redacao\/\"}]}<\/script>\n<!-- \/ Yoast SEO plugin. -->","yoast_head_json":{"title":"\"5 horas\" de jornalistas e rep\u00f3rteres fotogr\u00e1ficos \u00e9 sancionada pelo governador Wanderlei - PORTAL DE NOT\u00cdCIAS CLEITON PINHEIRO","robots":{"index":"index","follow":"follow","max-snippet":"max-snippet:-1","max-image-preview":"max-image-preview:large","max-video-preview":"max-video-preview:-1"},"canonical":"https:\/\/cleitonpinheiro.com.br\/site\/5-horas-de-jornalistas-e-reporteres-fotograficos-e-sancionada-pelo-governador-wanderlei\/","og_locale":"pt_BR","og_type":"article","og_title":"\"5 horas\" de jornalistas e rep\u00f3rteres fotogr\u00e1ficos \u00e9 sancionada pelo governador Wanderlei - PORTAL DE NOT\u00cdCIAS CLEITON PINHEIRO","og_description":"Da Reda\u00e7\u00e3o A altera\u00e7\u00e3o no artigo 19 da Lei n\u00ba 1.818\/2007 &#8211; Estatuto do Servidor P\u00fablico Civil do Estado do Tocantins -, que estabelece jornada semanal de 25 horas para jornalista e rep\u00f3rter fotogr\u00e1fico, \u00e9 sancionada pelo governador Wanderlei Barbosa. A Lei 4.191, que estabelece cinco horas di\u00e1ria de jornada para esses profissionais, foi publicada [&hellip;]","og_url":"https:\/\/cleitonpinheiro.com.br\/site\/5-horas-de-jornalistas-e-reporteres-fotograficos-e-sancionada-pelo-governador-wanderlei\/","og_site_name":"PORTAL DE NOT\u00cdCIAS CLEITON PINHEIRO","article_publisher":"https:\/\/www.facebook.com\/portalcpnoticias\/","article_published_time":"2023-07-20T13:10:23+00:00","article_modified_time":"2023-08-07T14:53:35+00:00","og_image":[{"width":883,"height":505,"url":"https:\/\/cleitonpinheiro.com.br\/site\/wp-content\/uploads\/2023\/07\/339332.jpeg","type":"image\/jpeg"}],"author":"Reda\u00e7\u00e3o CP","twitter_card":"summary_large_image","twitter_misc":{"Escrito por":"Reda\u00e7\u00e3o CP","Est. tempo de leitura":"2 minutos"},"schema":{"@context":"https:\/\/schema.org","@graph":[{"@type":"Article","@id":"https:\/\/cleitonpinheiro.com.br\/site\/5-horas-de-jornalistas-e-reporteres-fotograficos-e-sancionada-pelo-governador-wanderlei\/#article","isPartOf":{"@id":"https:\/\/cleitonpinheiro.com.br\/site\/5-horas-de-jornalistas-e-reporteres-fotograficos-e-sancionada-pelo-governador-wanderlei\/"},"author":{"name":"Reda\u00e7\u00e3o CP","@id":"https:\/\/cleitonpinheiro.com.br\/site\/#\/schema\/person\/8f04544e0bc40a1b68775b08360f87db"},"headline":"&#8220;5 horas&#8221; de jornalistas e rep\u00f3rteres fotogr\u00e1ficos \u00e9 sancionada pelo governador Wanderlei","datePublished":"2023-07-20T13:10:23+00:00","dateModified":"2023-08-07T14:53:35+00:00","mainEntityOfPage":{"@id":"https:\/\/cleitonpinheiro.com.br\/site\/5-horas-de-jornalistas-e-reporteres-fotograficos-e-sancionada-pelo-governador-wanderlei\/"},"wordCount":290,"commentCount":0,"publisher":{"@id":"https:\/\/cleitonpinheiro.com.br\/site\/#organization"},"image":{"@id":"https:\/\/cleitonpinheiro.com.br\/site\/5-horas-de-jornalistas-e-reporteres-fotograficos-e-sancionada-pelo-governador-wanderlei\/#primaryimage"},"thumbnailUrl":"https:\/\/cleitonpinheiro.com.br\/site\/wp-content\/uploads\/2023\/07\/339332.jpeg","keywords":["governo do tocantins","jornalistas"],"articleSection":["FUNCIONALISMO","TODAS NOTICIAS"],"inLanguage":"pt-BR","potentialAction":[{"@type":"CommentAction","name":"Comment","target":["https:\/\/cleitonpinheiro.com.br\/site\/5-horas-de-jornalistas-e-reporteres-fotograficos-e-sancionada-pelo-governador-wanderlei\/#respond"]}]},{"@type":"WebPage","@id":"https:\/\/cleitonpinheiro.com.br\/site\/5-horas-de-jornalistas-e-reporteres-fotograficos-e-sancionada-pelo-governador-wanderlei\/","url":"https:\/\/cleitonpinheiro.com.br\/site\/5-horas-de-jornalistas-e-reporteres-fotograficos-e-sancionada-pelo-governador-wanderlei\/","name":"\"5 horas\" de jornalistas e rep\u00f3rteres fotogr\u00e1ficos \u00e9 sancionada pelo governador Wanderlei - PORTAL DE NOT\u00cdCIAS CLEITON PINHEIRO","isPartOf":{"@id":"https:\/\/cleitonpinheiro.com.br\/site\/#website"},"primaryImageOfPage":{"@id":"https:\/\/cleitonpinheiro.com.br\/site\/5-horas-de-jornalistas-e-reporteres-fotograficos-e-sancionada-pelo-governador-wanderlei\/#primaryimage"},"image":{"@id":"https:\/\/cleitonpinheiro.com.br\/site\/5-horas-de-jornalistas-e-reporteres-fotograficos-e-sancionada-pelo-governador-wanderlei\/#primaryimage"},"thumbnailUrl":"https:\/\/cleitonpinheiro.com.br\/site\/wp-content\/uploads\/2023\/07\/339332.jpeg","datePublished":"2023-07-20T13:10:23+00:00","dateModified":"2023-08-07T14:53:35+00:00","breadcrumb":{"@id":"https:\/\/cleitonpinheiro.com.br\/site\/5-horas-de-jornalistas-e-reporteres-fotograficos-e-sancionada-pelo-governador-wanderlei\/#breadcrumb"},"inLanguage":"pt-BR","potentialAction":[{"@type":"ReadAction","target":["https:\/\/cleitonpinheiro.com.br\/site\/5-horas-de-jornalistas-e-reporteres-fotograficos-e-sancionada-pelo-governador-wanderlei\/"]}]},{"@type":"ImageObject","inLanguage":"pt-BR","@id":"https:\/\/cleitonpinheiro.com.br\/site\/5-horas-de-jornalistas-e-reporteres-fotograficos-e-sancionada-pelo-governador-wanderlei\/#primaryimage","url":"","contentUrl":""},{"@type":"BreadcrumbList","@id":"https:\/\/cleitonpinheiro.com.br\/site\/5-horas-de-jornalistas-e-reporteres-fotograficos-e-sancionada-pelo-governador-wanderlei\/#breadcrumb","itemListElement":[{"@type":"ListItem","position":1,"name":"In\u00edcio","item":"https:\/\/cleitonpinheiro.com.br\/site\/"},{"@type":"ListItem","position":2,"name":"&#8220;5 horas&#8221; de jornalistas e rep\u00f3rteres fotogr\u00e1ficos \u00e9 sancionada pelo governador Wanderlei"}]},{"@type":"WebSite","@id":"https:\/\/cleitonpinheiro.com.br\/site\/#website","url":"https:\/\/cleitonpinheiro.com.br\/site\/","name":"PORTAL DE NOT\u00cdCIAS CLEITON PINHEIRO","description":"FALANDO A VERDADE","publisher":{"@id":"https:\/\/cleitonpinheiro.com.br\/site\/#organization"},"potentialAction":[{"@type":"SearchAction","target":{"@type":"EntryPoint","urlTemplate":"https:\/\/cleitonpinheiro.com.br\/site\/?s={search_term_string}"},"query-input":{"@type":"PropertyValueSpecification","valueRequired":true,"valueName":"search_term_string"}}],"inLanguage":"pt-BR"},{"@type":"Organization","@id":"https:\/\/cleitonpinheiro.com.br\/site\/#organization","name":"CPNOT\u00cdCIAS","url":"https:\/\/cleitonpinheiro.com.br\/site\/","logo":{"@type":"ImageObject","inLanguage":"pt-BR","@id":"https:\/\/cleitonpinheiro.com.br\/site\/#\/schema\/logo\/image\/","url":"https:\/\/cleitonpinheiro.com.br\/site\/wp-content\/uploads\/2022\/08\/Logo-pequena-2.png","contentUrl":"https:\/\/cleitonpinheiro.com.br\/site\/wp-content\/uploads\/2022\/08\/Logo-pequena-2.png","width":500,"height":500,"caption":"CPNOT\u00cdCIAS"},"image":{"@id":"https:\/\/cleitonpinheiro.com.br\/site\/#\/schema\/logo\/image\/"},"sameAs":["https:\/\/www.facebook.com\/portalcpnoticias\/"]},{"@type":"Person","@id":"https:\/\/cleitonpinheiro.com.br\/site\/#\/schema\/person\/8f04544e0bc40a1b68775b08360f87db","name":"Reda\u00e7\u00e3o CP","image":{"@type":"ImageObject","inLanguage":"pt-BR","@id":"https:\/\/cleitonpinheiro.com.br\/site\/#\/schema\/person\/image\/","url":"https:\/\/secure.gravatar.com\/avatar\/0bcf19cb29fdc8fc588c490c7ae1b3e174dac268586a63fbe1d1893a0f9020cd?s=96&r=g","contentUrl":"https:\/\/secure.gravatar.com\/avatar\/0bcf19cb29fdc8fc588c490c7ae1b3e174dac268586a63fbe1d1893a0f9020cd?s=96&r=g","caption":"Reda\u00e7\u00e3o CP"},"url":"https:\/\/cleitonpinheiro.com.br\/site\/author\/redacao\/"}]}},"views":309,"_links":{"self":[{"href":"https:\/\/cleitonpinheiro.com.br\/site\/wp-json\/wp\/v2\/posts\/73035","targetHints":{"allow":["GET"]}}],"collection":[{"href":"https:\/\/cleitonpinheiro.com.br\/site\/wp-json\/wp\/v2\/posts"}],"about":[{"href":"https:\/\/cleitonpinheiro.com.br\/site\/wp-json\/wp\/v2\/types\/post"}],"author":[{"embeddable":true,"href":"https:\/\/cleitonpinheiro.com.br\/site\/wp-json\/wp\/v2\/users\/13"}],"replies":[{"embeddable":true,"href":"https:\/\/cleitonpinheiro.com.br\/site\/wp-json\/wp\/v2\/comments?post=73035"}],"version-history":[{"count":1,"href":"https:\/\/cleitonpinheiro.com.br\/site\/wp-json\/wp\/v2\/posts\/73035\/revisions"}],"predecessor-version":[{"id":73037,"href":"https:\/\/cleitonpinheiro.com.br\/site\/wp-json\/wp\/v2\/posts\/73035\/revisions\/73037"}],"wp:attachment":[{"href":"https:\/\/cleitonpinheiro.com.br\/site\/wp-json\/wp\/v2\/media?parent=73035"}],"wp:term":[{"taxonomy":"category","embeddable":true,"href":"https:\/\/cleitonpinheiro.com.br\/site\/wp-json\/wp\/v2\/categories?post=73035"},{"taxonomy":"post_tag","embeddable":true,"href":"https:\/\/cleitonpinheiro.com.br\/site\/wp-json\/wp\/v2\/tags?post=73035"}],"curies":[{"name":"wp","href":"https:\/\/api.w.org\/{rel}","templated":true}]}}