{"id":73038,"date":"2023-07-20T10:09:28","date_gmt":"2023-07-20T13:09:28","guid":{"rendered":"https:\/\/cleitonpinheiro.com.br\/site\/?p=73038"},"modified":"2023-08-07T11:53:30","modified_gmt":"2023-08-07T14:53:30","slug":"caixa-paga-novo-bolsa-familia-a-beneficiarios-com-nis-de-final-3","status":"publish","type":"post","link":"https:\/\/cleitonpinheiro.com.br\/site\/caixa-paga-novo-bolsa-familia-a-beneficiarios-com-nis-de-final-3\/","title":{"rendered":"Caixa paga novo Bolsa Fam\u00edlia a benefici\u00e1rios com NIS de final 3"},"content":{"rendered":"\n<figure class=\"wp-block-image size-full\"><img decoding=\"async\" src=\"https:\/\/cleitonpinheiro.com.br\/site\/wp-content\/uploads\/2023\/07\/bolsafamilia_2.jpeg\" alt=\"bolsa fam\u00edlia\" class=\"wp-image-72956\"\/><figcaption class=\"wp-element-caption\">Bolsa Fam\u00edlia contribuiu para aumento da renda, diz minist\u00e9rio &#8211; Foto: Roberta Aline\/MDS<\/figcaption><\/figure>\n\n\n\n<p class=\"wp-block-paragraph\"><strong>Da Ag\u00eancia Brasil<\/strong><\/p>\n\n\n\n<p class=\"wp-block-paragraph\">A Caixa Econ\u00f4mica Federal paga nesta quinta-feira (20) a parcela de julho do novo Bolsa Fam\u00edlia aos benefici\u00e1rios com N\u00famero de Inscri\u00e7\u00e3o Social (NIS) de final 3. Essa \u00e9 a segunda parcela com o novo adicional de R$ 50 a fam\u00edlias com gestantes e filhos de 7 a 18 anos de idade.<img decoding=\"async\" src=\"https:\/\/agenciabrasil.ebc.com.br\/ebc.png?id=1544529&amp;o=node\"><img decoding=\"async\" src=\"https:\/\/agenciabrasil.ebc.com.br\/ebc.gif?id=1544529&amp;o=node\"><\/p>\n\n\n\n<p class=\"wp-block-paragraph\">Desde mar\u00e7o, o Bolsa Fam\u00edlia paga outro adicional, de R$ 150, a fam\u00edlias com crian\u00e7as de at\u00e9 6 anos de idade. Dessa forma, o valor total do benef\u00edcio poder\u00e1 chegar a R$ 900 para quem cumpre os requisitos para receber os dois adicionais.<\/p>\n\n\n\n<p class=\"wp-block-paragraph\">O valor m\u00ednimo corresponde a R$ 600, mas com o novo adicional o valor m\u00e9dio do benef\u00edcio sobe para R$ 684,17.<\/p>\n\n\n\n<p class=\"wp-block-paragraph\">Segundo o Minist\u00e9rio do Desenvolvimento e Assist\u00eancia Social, o programa de transfer\u00eancia de renda do governo federal alcan\u00e7ar\u00e1 20,9 milh\u00f5es de fam\u00edlias em julho, com gasto de R$ 14 bilh\u00f5es.<\/p>\n\n\n\n<p class=\"wp-block-paragraph\">Neste m\u00eas, passa a valer a integra\u00e7\u00e3o dos dados do Bolsa Fam\u00edlia com o Cadastro Nacional de Informa\u00e7\u00f5es Sociais (CNIS). Com base no cruzamento de informa\u00e7\u00f5es, 341 mil fam\u00edlias foram canceladas do programa por terem renda acima das regras estabelecidas pelo Bolsa Fam\u00edlia. O CNIS conta com mais de 80 bilh\u00f5es de registros administrativos referentes a renda, v\u00ednculos de emprego formal e benef\u00edcios previdenci\u00e1rios e assistenciais pagos pelo INSS.<\/p>\n\n\n\n<p class=\"wp-block-paragraph\">Em compensa\u00e7\u00e3o, outras 300 mil fam\u00edlias foram inclu\u00eddas no programa em julho. A inclus\u00e3o foi poss\u00edvel por causa da pol\u00edtica de busca ativa, baseada na reestrutura\u00e7\u00e3o do Sistema \u00danico de Assist\u00eancia Social (Suas) e que se concentra nas pessoas mais vulner\u00e1veis que t\u00eam direito ao complemento de renda, mas n\u00e3o recebem o benef\u00edcio. Desde mar\u00e7o, mais de 1,3 milh\u00e3o de fam\u00edlias passaram a fazer parte do Bolsa Fam\u00edlia.<\/p>\n\n\n\n<h2 class=\"wp-block-heading\">Regra de prote\u00e7\u00e3o<\/h2>\n\n\n\n<p class=\"wp-block-paragraph\">Quase 2,2 milh\u00f5es de fam\u00edlias est\u00e3o na regra de prote\u00e7\u00e3o em julho. Em vigor desde o m\u00eas passado, essa regra permite que fam\u00edlias cujos membros consigam emprego e melhorem a renda recebam 50% do benef\u00edcio a que teriam direito por at\u00e9 dois anos, desde que cada integrante receba o equivalente a at\u00e9 meio sal\u00e1rio m\u00ednimo.<\/p>\n\n\n\n<p class=\"wp-block-paragraph\">Para essas fam\u00edlias, o benef\u00edcio m\u00e9dio ficou em R$ 378,91. Segundo o Minist\u00e9rio do Desenvolvimento Social, do total de fam\u00edlias na regra de prote\u00e7\u00e3o, 1,46 milh\u00e3o de fam\u00edlias foram inclu\u00eddas neste m\u00eas por causa da integra\u00e7\u00e3o de dados do Bolsa Fam\u00edlia com o CNIS.<\/p>\n\n\n\n<h2 class=\"wp-block-heading\">Reestrutura\u00e7\u00e3o<\/h2>\n\n\n\n<p class=\"wp-block-paragraph\">Desde o in\u00edcio do ano, o programa social voltou a chamar-se Bolsa Fam\u00edlia. O valor m\u00ednimo de R$ 600 foi garantido ap\u00f3s a aprova\u00e7\u00e3o da Emenda Constitucional da Transi\u00e7\u00e3o, que permitiu o gasto de at\u00e9 R$ 145 bilh\u00f5es fora do teto de gastos neste ano, dos quais R$ 70 bilh\u00f5es est\u00e3o destinados a custear o benef\u00edcio.<\/p>\n\n\n\n<p class=\"wp-block-paragraph\">O pagamento do adicional de R$ 150 come\u00e7ou em mar\u00e7o, ap\u00f3s o governo fazer um pente-fino no Cadastro \u00danico para Programas Sociais do Governo Federal (Cad\u00danico), para eliminar fraudes. Segundo o balan\u00e7o mais recente, divulgado em abril, cerca de 3 milh\u00f5es de indiv\u00edduos com inconsist\u00eancias no cadastro tiveram o benef\u00edcio cortado.<\/p>\n\n\n\n<p class=\"wp-block-paragraph\">No modelo tradicional do Bolsa Fam\u00edlia, o pagamento ocorre nos \u00faltimos dez dias \u00fateis de cada m\u00eas. O benefici\u00e1rio poder\u00e1 consultar informa\u00e7\u00f5es sobre as datas de pagamento, o valor do benef\u00edcio e a composi\u00e7\u00e3o das parcelas no aplicativo Caixa Tem, usado para acompanhar as contas poupan\u00e7a digitais do banco.<\/p>\n\n\n\n<h2 class=\"wp-block-heading\">Aux\u00edlio G\u00e1s<\/h2>\n\n\n\n<p class=\"wp-block-paragraph\">Neste m\u00eas n\u00e3o haver\u00e1 o pagamento do Aux\u00edlio G\u00e1s, que beneficia fam\u00edlias cadastradas no Cad\u00danico. Como o benef\u00edcio s\u00f3 \u00e9 pago a cada dois meses, o pagamento voltar\u00e1 em agosto.<\/p>\n\n\n\n<p class=\"wp-block-paragraph\">S\u00f3 pode receber o Aux\u00edlio G\u00e1s quem est\u00e1 inclu\u00eddo no Cad\u00danico e tenha pelo menos um membro da fam\u00edlia que receba o Benef\u00edcio de Presta\u00e7\u00e3o Continuada (BPC). A lei que criou o programa definiu que a mulher respons\u00e1vel pela fam\u00edlia ter\u00e1 prefer\u00eancia, assim como mulheres v\u00edtimas de viol\u00eancia dom\u00e9stica.<\/p>\n","protected":false},"excerpt":{"rendered":"<p>Da Ag\u00eancia Brasil A Caixa Econ\u00f4mica Federal paga nesta quinta-feira (20) a parcela de julho do novo Bolsa Fam\u00edlia aos benefici\u00e1rios com N\u00famero de Inscri\u00e7\u00e3o Social (NIS) de final 3. Essa \u00e9 a segunda parcela com o novo adicional de R$ 50 a fam\u00edlias com gestantes e filhos de 7 a 18 anos de idade. [&hellip;]<\/p>\n","protected":false},"author":13,"featured_media":0,"comment_status":"open","ping_status":"open","sticky":false,"template":"","format":"standard","meta":{"_acf_changed":false,"footnotes":""},"categories":[19,898],"tags":[961],"class_list":["post-73038","post","type-post","status-publish","format-standard","hentry","category-brasil-mundo","category-manchete-segundaria","tag-bolsa-familia"],"acf":[],"yoast_head":"<!-- This site is optimized with the Yoast SEO plugin v24.4 - https:\/\/yoast.com\/wordpress\/plugins\/seo\/ -->\n<title>Caixa paga novo Bolsa Fam\u00edlia a benefici\u00e1rios com NIS de final 3 - PORTAL DE NOT\u00cdCIAS CLEITON PINHEIRO<\/title>\n<meta name=\"robots\" content=\"index, follow, max-snippet:-1, max-image-preview:large, max-video-preview:-1\" \/>\n<link rel=\"canonical\" href=\"https:\/\/cleitonpinheiro.com.br\/site\/caixa-paga-novo-bolsa-familia-a-beneficiarios-com-nis-de-final-3\/\" \/>\n<meta property=\"og:locale\" content=\"pt_BR\" \/>\n<meta property=\"og:type\" content=\"article\" \/>\n<meta property=\"og:title\" content=\"Caixa paga novo Bolsa Fam\u00edlia a benefici\u00e1rios com NIS de final 3 - PORTAL DE NOT\u00cdCIAS CLEITON PINHEIRO\" \/>\n<meta property=\"og:description\" content=\"Da Ag\u00eancia Brasil A Caixa Econ\u00f4mica Federal paga nesta quinta-feira (20) a parcela de julho do novo Bolsa Fam\u00edlia aos benefici\u00e1rios com N\u00famero de Inscri\u00e7\u00e3o Social (NIS) de final 3. Essa \u00e9 a segunda parcela com o novo adicional de R$ 50 a fam\u00edlias com gestantes e filhos de 7 a 18 anos de idade. [&hellip;]\" \/>\n<meta property=\"og:url\" content=\"https:\/\/cleitonpinheiro.com.br\/site\/caixa-paga-novo-bolsa-familia-a-beneficiarios-com-nis-de-final-3\/\" \/>\n<meta property=\"og:site_name\" content=\"PORTAL DE NOT\u00cdCIAS CLEITON PINHEIRO\" \/>\n<meta property=\"article:publisher\" content=\"https:\/\/www.facebook.com\/portalcpnoticias\/\" \/>\n<meta property=\"article:published_time\" content=\"2023-07-20T13:09:28+00:00\" \/>\n<meta property=\"article:modified_time\" content=\"2023-08-07T14:53:30+00:00\" \/>\n<meta property=\"og:image\" content=\"https:\/\/cleitonpinheiro.com.br\/site\/wp-content\/uploads\/2023\/07\/bolsafamilia_2.jpeg\" \/>\n\t<meta property=\"og:image:width\" content=\"1170\" \/>\n\t<meta property=\"og:image:height\" content=\"700\" \/>\n\t<meta property=\"og:image:type\" content=\"image\/jpeg\" \/>\n<meta name=\"author\" content=\"Reda\u00e7\u00e3o CP\" \/>\n<meta name=\"twitter:card\" content=\"summary_large_image\" \/>\n<meta name=\"twitter:label1\" content=\"Escrito por\" \/>\n\t<meta name=\"twitter:data1\" content=\"Reda\u00e7\u00e3o CP\" \/>\n\t<meta name=\"twitter:label2\" content=\"Est. tempo de leitura\" \/>\n\t<meta name=\"twitter:data2\" content=\"5 minutos\" \/>\n<script type=\"application\/ld+json\" class=\"yoast-schema-graph\">{\"@context\":\"https:\/\/schema.org\",\"@graph\":[{\"@type\":\"Article\",\"@id\":\"https:\/\/cleitonpinheiro.com.br\/site\/caixa-paga-novo-bolsa-familia-a-beneficiarios-com-nis-de-final-3\/#article\",\"isPartOf\":{\"@id\":\"https:\/\/cleitonpinheiro.com.br\/site\/caixa-paga-novo-bolsa-familia-a-beneficiarios-com-nis-de-final-3\/\"},\"author\":{\"name\":\"Reda\u00e7\u00e3o CP\",\"@id\":\"https:\/\/cleitonpinheiro.com.br\/site\/#\/schema\/person\/8f04544e0bc40a1b68775b08360f87db\"},\"headline\":\"Caixa paga novo Bolsa Fam\u00edlia a benefici\u00e1rios com NIS de final 3\",\"datePublished\":\"2023-07-20T13:09:28+00:00\",\"dateModified\":\"2023-08-07T14:53:30+00:00\",\"mainEntityOfPage\":{\"@id\":\"https:\/\/cleitonpinheiro.com.br\/site\/caixa-paga-novo-bolsa-familia-a-beneficiarios-com-nis-de-final-3\/\"},\"wordCount\":748,\"commentCount\":0,\"publisher\":{\"@id\":\"https:\/\/cleitonpinheiro.com.br\/site\/#organization\"},\"image\":{\"@id\":\"https:\/\/cleitonpinheiro.com.br\/site\/caixa-paga-novo-bolsa-familia-a-beneficiarios-com-nis-de-final-3\/#primaryimage\"},\"thumbnailUrl\":\"https:\/\/cleitonpinheiro.com.br\/site\/wp-content\/uploads\/2023\/07\/bolsafamilia_2.jpeg\",\"keywords\":[\"Bolsa Fam\u00edlia\"],\"articleSection\":[\"BRASIL \/ MUNDO\",\"MANCHETE SEGUND\u00c1RIA\"],\"inLanguage\":\"pt-BR\",\"potentialAction\":[{\"@type\":\"CommentAction\",\"name\":\"Comment\",\"target\":[\"https:\/\/cleitonpinheiro.com.br\/site\/caixa-paga-novo-bolsa-familia-a-beneficiarios-com-nis-de-final-3\/#respond\"]}]},{\"@type\":\"WebPage\",\"@id\":\"https:\/\/cleitonpinheiro.com.br\/site\/caixa-paga-novo-bolsa-familia-a-beneficiarios-com-nis-de-final-3\/\",\"url\":\"https:\/\/cleitonpinheiro.com.br\/site\/caixa-paga-novo-bolsa-familia-a-beneficiarios-com-nis-de-final-3\/\",\"name\":\"Caixa paga novo Bolsa Fam\u00edlia a benefici\u00e1rios com NIS de final 3 - PORTAL DE NOT\u00cdCIAS CLEITON PINHEIRO\",\"isPartOf\":{\"@id\":\"https:\/\/cleitonpinheiro.com.br\/site\/#website\"},\"primaryImageOfPage\":{\"@id\":\"https:\/\/cleitonpinheiro.com.br\/site\/caixa-paga-novo-bolsa-familia-a-beneficiarios-com-nis-de-final-3\/#primaryimage\"},\"image\":{\"@id\":\"https:\/\/cleitonpinheiro.com.br\/site\/caixa-paga-novo-bolsa-familia-a-beneficiarios-com-nis-de-final-3\/#primaryimage\"},\"thumbnailUrl\":\"https:\/\/cleitonpinheiro.com.br\/site\/wp-content\/uploads\/2023\/07\/bolsafamilia_2.jpeg\",\"datePublished\":\"2023-07-20T13:09:28+00:00\",\"dateModified\":\"2023-08-07T14:53:30+00:00\",\"breadcrumb\":{\"@id\":\"https:\/\/cleitonpinheiro.com.br\/site\/caixa-paga-novo-bolsa-familia-a-beneficiarios-com-nis-de-final-3\/#breadcrumb\"},\"inLanguage\":\"pt-BR\",\"potentialAction\":[{\"@type\":\"ReadAction\",\"target\":[\"https:\/\/cleitonpinheiro.com.br\/site\/caixa-paga-novo-bolsa-familia-a-beneficiarios-com-nis-de-final-3\/\"]}]},{\"@type\":\"ImageObject\",\"inLanguage\":\"pt-BR\",\"@id\":\"https:\/\/cleitonpinheiro.com.br\/site\/caixa-paga-novo-bolsa-familia-a-beneficiarios-com-nis-de-final-3\/#primaryimage\",\"url\":\"\",\"contentUrl\":\"\"},{\"@type\":\"BreadcrumbList\",\"@id\":\"https:\/\/cleitonpinheiro.com.br\/site\/caixa-paga-novo-bolsa-familia-a-beneficiarios-com-nis-de-final-3\/#breadcrumb\",\"itemListElement\":[{\"@type\":\"ListItem\",\"position\":1,\"name\":\"In\u00edcio\",\"item\":\"https:\/\/cleitonpinheiro.com.br\/site\/\"},{\"@type\":\"ListItem\",\"position\":2,\"name\":\"Caixa paga novo Bolsa Fam\u00edlia a benefici\u00e1rios com NIS de final 3\"}]},{\"@type\":\"WebSite\",\"@id\":\"https:\/\/cleitonpinheiro.com.br\/site\/#website\",\"url\":\"https:\/\/cleitonpinheiro.com.br\/site\/\",\"name\":\"PORTAL DE NOT\u00cdCIAS CLEITON PINHEIRO\",\"description\":\"FALANDO A VERDADE\",\"publisher\":{\"@id\":\"https:\/\/cleitonpinheiro.com.br\/site\/#organization\"},\"potentialAction\":[{\"@type\":\"SearchAction\",\"target\":{\"@type\":\"EntryPoint\",\"urlTemplate\":\"https:\/\/cleitonpinheiro.com.br\/site\/?s={search_term_string}\"},\"query-input\":{\"@type\":\"PropertyValueSpecification\",\"valueRequired\":true,\"valueName\":\"search_term_string\"}}],\"inLanguage\":\"pt-BR\"},{\"@type\":\"Organization\",\"@id\":\"https:\/\/cleitonpinheiro.com.br\/site\/#organization\",\"name\":\"CPNOT\u00cdCIAS\",\"url\":\"https:\/\/cleitonpinheiro.com.br\/site\/\",\"logo\":{\"@type\":\"ImageObject\",\"inLanguage\":\"pt-BR\",\"@id\":\"https:\/\/cleitonpinheiro.com.br\/site\/#\/schema\/logo\/image\/\",\"url\":\"https:\/\/cleitonpinheiro.com.br\/site\/wp-content\/uploads\/2022\/08\/Logo-pequena-2.png\",\"contentUrl\":\"https:\/\/cleitonpinheiro.com.br\/site\/wp-content\/uploads\/2022\/08\/Logo-pequena-2.png\",\"width\":500,\"height\":500,\"caption\":\"CPNOT\u00cdCIAS\"},\"image\":{\"@id\":\"https:\/\/cleitonpinheiro.com.br\/site\/#\/schema\/logo\/image\/\"},\"sameAs\":[\"https:\/\/www.facebook.com\/portalcpnoticias\/\"]},{\"@type\":\"Person\",\"@id\":\"https:\/\/cleitonpinheiro.com.br\/site\/#\/schema\/person\/8f04544e0bc40a1b68775b08360f87db\",\"name\":\"Reda\u00e7\u00e3o CP\",\"image\":{\"@type\":\"ImageObject\",\"inLanguage\":\"pt-BR\",\"@id\":\"https:\/\/cleitonpinheiro.com.br\/site\/#\/schema\/person\/image\/\",\"url\":\"https:\/\/secure.gravatar.com\/avatar\/0bcf19cb29fdc8fc588c490c7ae1b3e174dac268586a63fbe1d1893a0f9020cd?s=96&r=g\",\"contentUrl\":\"https:\/\/secure.gravatar.com\/avatar\/0bcf19cb29fdc8fc588c490c7ae1b3e174dac268586a63fbe1d1893a0f9020cd?s=96&r=g\",\"caption\":\"Reda\u00e7\u00e3o CP\"},\"url\":\"https:\/\/cleitonpinheiro.com.br\/site\/author\/redacao\/\"}]}<\/script>\n<!-- \/ Yoast SEO plugin. -->","yoast_head_json":{"title":"Caixa paga novo Bolsa Fam\u00edlia a benefici\u00e1rios com NIS de final 3 - PORTAL DE NOT\u00cdCIAS CLEITON PINHEIRO","robots":{"index":"index","follow":"follow","max-snippet":"max-snippet:-1","max-image-preview":"max-image-preview:large","max-video-preview":"max-video-preview:-1"},"canonical":"https:\/\/cleitonpinheiro.com.br\/site\/caixa-paga-novo-bolsa-familia-a-beneficiarios-com-nis-de-final-3\/","og_locale":"pt_BR","og_type":"article","og_title":"Caixa paga novo Bolsa Fam\u00edlia a benefici\u00e1rios com NIS de final 3 - PORTAL DE NOT\u00cdCIAS CLEITON PINHEIRO","og_description":"Da Ag\u00eancia Brasil A Caixa Econ\u00f4mica Federal paga nesta quinta-feira (20) a parcela de julho do novo Bolsa Fam\u00edlia aos benefici\u00e1rios com N\u00famero de Inscri\u00e7\u00e3o Social (NIS) de final 3. Essa \u00e9 a segunda parcela com o novo adicional de R$ 50 a fam\u00edlias com gestantes e filhos de 7 a 18 anos de idade. [&hellip;]","og_url":"https:\/\/cleitonpinheiro.com.br\/site\/caixa-paga-novo-bolsa-familia-a-beneficiarios-com-nis-de-final-3\/","og_site_name":"PORTAL DE NOT\u00cdCIAS CLEITON PINHEIRO","article_publisher":"https:\/\/www.facebook.com\/portalcpnoticias\/","article_published_time":"2023-07-20T13:09:28+00:00","article_modified_time":"2023-08-07T14:53:30+00:00","og_image":[{"width":1170,"height":700,"url":"https:\/\/cleitonpinheiro.com.br\/site\/wp-content\/uploads\/2023\/07\/bolsafamilia_2.jpeg","type":"image\/jpeg"}],"author":"Reda\u00e7\u00e3o CP","twitter_card":"summary_large_image","twitter_misc":{"Escrito por":"Reda\u00e7\u00e3o CP","Est. tempo de leitura":"5 minutos"},"schema":{"@context":"https:\/\/schema.org","@graph":[{"@type":"Article","@id":"https:\/\/cleitonpinheiro.com.br\/site\/caixa-paga-novo-bolsa-familia-a-beneficiarios-com-nis-de-final-3\/#article","isPartOf":{"@id":"https:\/\/cleitonpinheiro.com.br\/site\/caixa-paga-novo-bolsa-familia-a-beneficiarios-com-nis-de-final-3\/"},"author":{"name":"Reda\u00e7\u00e3o CP","@id":"https:\/\/cleitonpinheiro.com.br\/site\/#\/schema\/person\/8f04544e0bc40a1b68775b08360f87db"},"headline":"Caixa paga novo Bolsa Fam\u00edlia a benefici\u00e1rios com NIS de final 3","datePublished":"2023-07-20T13:09:28+00:00","dateModified":"2023-08-07T14:53:30+00:00","mainEntityOfPage":{"@id":"https:\/\/cleitonpinheiro.com.br\/site\/caixa-paga-novo-bolsa-familia-a-beneficiarios-com-nis-de-final-3\/"},"wordCount":748,"commentCount":0,"publisher":{"@id":"https:\/\/cleitonpinheiro.com.br\/site\/#organization"},"image":{"@id":"https:\/\/cleitonpinheiro.com.br\/site\/caixa-paga-novo-bolsa-familia-a-beneficiarios-com-nis-de-final-3\/#primaryimage"},"thumbnailUrl":"https:\/\/cleitonpinheiro.com.br\/site\/wp-content\/uploads\/2023\/07\/bolsafamilia_2.jpeg","keywords":["Bolsa Fam\u00edlia"],"articleSection":["BRASIL \/ MUNDO","MANCHETE SEGUND\u00c1RIA"],"inLanguage":"pt-BR","potentialAction":[{"@type":"CommentAction","name":"Comment","target":["https:\/\/cleitonpinheiro.com.br\/site\/caixa-paga-novo-bolsa-familia-a-beneficiarios-com-nis-de-final-3\/#respond"]}]},{"@type":"WebPage","@id":"https:\/\/cleitonpinheiro.com.br\/site\/caixa-paga-novo-bolsa-familia-a-beneficiarios-com-nis-de-final-3\/","url":"https:\/\/cleitonpinheiro.com.br\/site\/caixa-paga-novo-bolsa-familia-a-beneficiarios-com-nis-de-final-3\/","name":"Caixa paga novo Bolsa Fam\u00edlia a benefici\u00e1rios com NIS de final 3 - PORTAL DE NOT\u00cdCIAS CLEITON PINHEIRO","isPartOf":{"@id":"https:\/\/cleitonpinheiro.com.br\/site\/#website"},"primaryImageOfPage":{"@id":"https:\/\/cleitonpinheiro.com.br\/site\/caixa-paga-novo-bolsa-familia-a-beneficiarios-com-nis-de-final-3\/#primaryimage"},"image":{"@id":"https:\/\/cleitonpinheiro.com.br\/site\/caixa-paga-novo-bolsa-familia-a-beneficiarios-com-nis-de-final-3\/#primaryimage"},"thumbnailUrl":"https:\/\/cleitonpinheiro.com.br\/site\/wp-content\/uploads\/2023\/07\/bolsafamilia_2.jpeg","datePublished":"2023-07-20T13:09:28+00:00","dateModified":"2023-08-07T14:53:30+00:00","breadcrumb":{"@id":"https:\/\/cleitonpinheiro.com.br\/site\/caixa-paga-novo-bolsa-familia-a-beneficiarios-com-nis-de-final-3\/#breadcrumb"},"inLanguage":"pt-BR","potentialAction":[{"@type":"ReadAction","target":["https:\/\/cleitonpinheiro.com.br\/site\/caixa-paga-novo-bolsa-familia-a-beneficiarios-com-nis-de-final-3\/"]}]},{"@type":"ImageObject","inLanguage":"pt-BR","@id":"https:\/\/cleitonpinheiro.com.br\/site\/caixa-paga-novo-bolsa-familia-a-beneficiarios-com-nis-de-final-3\/#primaryimage","url":"","contentUrl":""},{"@type":"BreadcrumbList","@id":"https:\/\/cleitonpinheiro.com.br\/site\/caixa-paga-novo-bolsa-familia-a-beneficiarios-com-nis-de-final-3\/#breadcrumb","itemListElement":[{"@type":"ListItem","position":1,"name":"In\u00edcio","item":"https:\/\/cleitonpinheiro.com.br\/site\/"},{"@type":"ListItem","position":2,"name":"Caixa paga novo Bolsa Fam\u00edlia a benefici\u00e1rios com NIS de final 3"}]},{"@type":"WebSite","@id":"https:\/\/cleitonpinheiro.com.br\/site\/#website","url":"https:\/\/cleitonpinheiro.com.br\/site\/","name":"PORTAL DE NOT\u00cdCIAS CLEITON PINHEIRO","description":"FALANDO A VERDADE","publisher":{"@id":"https:\/\/cleitonpinheiro.com.br\/site\/#organization"},"potentialAction":[{"@type":"SearchAction","target":{"@type":"EntryPoint","urlTemplate":"https:\/\/cleitonpinheiro.com.br\/site\/?s={search_term_string}"},"query-input":{"@type":"PropertyValueSpecification","valueRequired":true,"valueName":"search_term_string"}}],"inLanguage":"pt-BR"},{"@type":"Organization","@id":"https:\/\/cleitonpinheiro.com.br\/site\/#organization","name":"CPNOT\u00cdCIAS","url":"https:\/\/cleitonpinheiro.com.br\/site\/","logo":{"@type":"ImageObject","inLanguage":"pt-BR","@id":"https:\/\/cleitonpinheiro.com.br\/site\/#\/schema\/logo\/image\/","url":"https:\/\/cleitonpinheiro.com.br\/site\/wp-content\/uploads\/2022\/08\/Logo-pequena-2.png","contentUrl":"https:\/\/cleitonpinheiro.com.br\/site\/wp-content\/uploads\/2022\/08\/Logo-pequena-2.png","width":500,"height":500,"caption":"CPNOT\u00cdCIAS"},"image":{"@id":"https:\/\/cleitonpinheiro.com.br\/site\/#\/schema\/logo\/image\/"},"sameAs":["https:\/\/www.facebook.com\/portalcpnoticias\/"]},{"@type":"Person","@id":"https:\/\/cleitonpinheiro.com.br\/site\/#\/schema\/person\/8f04544e0bc40a1b68775b08360f87db","name":"Reda\u00e7\u00e3o CP","image":{"@type":"ImageObject","inLanguage":"pt-BR","@id":"https:\/\/cleitonpinheiro.com.br\/site\/#\/schema\/person\/image\/","url":"https:\/\/secure.gravatar.com\/avatar\/0bcf19cb29fdc8fc588c490c7ae1b3e174dac268586a63fbe1d1893a0f9020cd?s=96&r=g","contentUrl":"https:\/\/secure.gravatar.com\/avatar\/0bcf19cb29fdc8fc588c490c7ae1b3e174dac268586a63fbe1d1893a0f9020cd?s=96&r=g","caption":"Reda\u00e7\u00e3o CP"},"url":"https:\/\/cleitonpinheiro.com.br\/site\/author\/redacao\/"}]}},"views":145,"_links":{"self":[{"href":"https:\/\/cleitonpinheiro.com.br\/site\/wp-json\/wp\/v2\/posts\/73038","targetHints":{"allow":["GET"]}}],"collection":[{"href":"https:\/\/cleitonpinheiro.com.br\/site\/wp-json\/wp\/v2\/posts"}],"about":[{"href":"https:\/\/cleitonpinheiro.com.br\/site\/wp-json\/wp\/v2\/types\/post"}],"author":[{"embeddable":true,"href":"https:\/\/cleitonpinheiro.com.br\/site\/wp-json\/wp\/v2\/users\/13"}],"replies":[{"embeddable":true,"href":"https:\/\/cleitonpinheiro.com.br\/site\/wp-json\/wp\/v2\/comments?post=73038"}],"version-history":[{"count":1,"href":"https:\/\/cleitonpinheiro.com.br\/site\/wp-json\/wp\/v2\/posts\/73038\/revisions"}],"predecessor-version":[{"id":73039,"href":"https:\/\/cleitonpinheiro.com.br\/site\/wp-json\/wp\/v2\/posts\/73038\/revisions\/73039"}],"wp:attachment":[{"href":"https:\/\/cleitonpinheiro.com.br\/site\/wp-json\/wp\/v2\/media?parent=73038"}],"wp:term":[{"taxonomy":"category","embeddable":true,"href":"https:\/\/cleitonpinheiro.com.br\/site\/wp-json\/wp\/v2\/categories?post=73038"},{"taxonomy":"post_tag","embeddable":true,"href":"https:\/\/cleitonpinheiro.com.br\/site\/wp-json\/wp\/v2\/tags?post=73038"}],"curies":[{"name":"wp","href":"https:\/\/api.w.org\/{rel}","templated":true}]}}