{"id":73042,"date":"2023-07-20T13:24:17","date_gmt":"2023-07-20T16:24:17","guid":{"rendered":"https:\/\/cleitonpinheiro.com.br\/site\/?p=73042"},"modified":"2023-08-07T11:53:43","modified_gmt":"2023-08-07T14:53:43","slug":"prefeitura-de-palmas-publica-novas-regras-para-transporte-por-aplicativo","status":"publish","type":"post","link":"https:\/\/cleitonpinheiro.com.br\/site\/prefeitura-de-palmas-publica-novas-regras-para-transporte-por-aplicativo\/","title":{"rendered":"Prefeitura de Palmas publica novas regras para transporte por aplicativo"},"content":{"rendered":"\n<figure class=\"wp-block-image size-full\"><img decoding=\"async\" src=\"https:\/\/cleitonpinheiro.com.br\/site\/wp-content\/uploads\/2023\/07\/7ecdc751-2c14-436d-88e4-d55e598c817e.jpg\" alt=\"jk em palmas\" class=\"wp-image-73043\"\/><figcaption class=\"wp-element-caption\">ARP oficializar\u00e1 as empresas de transporte por aplicativo para que fa\u00e7a a regulariza\u00e7\u00e3o junto ao munic\u00edpio &#8211; Foto: Regiane Rocha\/Prefeitura de Palmas<\/figcaption><\/figure>\n\n\n\n<p class=\"wp-block-paragraph\"><strong>\u00b4Da Prefeitura de Palmas<\/strong><\/p>\n\n\n\n<p class=\"wp-block-paragraph\">A Prefeitura de Palmas, por meio da&nbsp;<a href=\"https:\/\/legislativo.palmas.to.gov.br\/media\/leis\/lei-ordinaria-2.910-2023-06-05-19-7-2023-15-8-24.pdf\" target=\"_blank\" rel=\"noreferrer noopener\">Lei 2.910\/2023<\/a>, define novas regras para a presta\u00e7\u00e3o do servi\u00e7o de transporte privado e remunerado de passageiros, operado por meio de aplicativos. Entre as mudan\u00e7as, n\u00e3o \u00e9 mais obrigat\u00f3rio o ve\u00edculo ter placa de Palmas. Mas, a empresa operadora do servi\u00e7o \u00e9 obrigada a fazer o cadastro na Ag\u00eancia de Regula\u00e7\u00e3o, Controle e Fiscaliza\u00e7\u00e3o de Servi\u00e7os P\u00fablicos de Palmas (ARP), onde precisar\u00e1 compartilhar os dados necess\u00e1rios para o controle e regula\u00e7\u00e3o por parte da Gest\u00e3o Municipal.<\/p>\n\n\n\n<p class=\"wp-block-paragraph\">&#8220;A nova lei \u00e9 mais flex\u00edvel para facilitar o cadastramento das empresas e fomentar o servi\u00e7o, que \u00e9 importante para o usu\u00e1rio e tamb\u00e9m para a economia da Capital. Por outro lado, cabe ao Poder P\u00fablico garantir que o servi\u00e7o seja seguro ao cidad\u00e3o, como &nbsp;tempo de uso do ve\u00edculo que n\u00e3o pode ser superior a dez anos. Essas mudan\u00e7as s\u00e3o uma adequa\u00e7\u00e3o da legisla\u00e7\u00e3o municipal a Lei Federal 13.640\/2018&#8221;, detalha a presidente da ARP, T\u00e1litha Tozzi. A ARP tamb\u00e9m ir\u00e1 verificar se o motorista possui Carteira Nacional de Habilita\u00e7\u00e3o (CNH) v\u00e1lida, participou de curso de forma\u00e7\u00e3o, e pedir\u00e1 certid\u00f5es negativas dos \u00faltimos cincos anos dos foros criminais locais e das pol\u00edcias.<\/p>\n\n\n\n<p class=\"wp-block-paragraph\">&#8220;\u00c9 importante que motoristas por aplicativo e usu\u00e1rios cobrem o cadastramento das empresas, porque a regula\u00e7\u00e3o \u00e9 fundamental para garantir maior seguran\u00e7a na presta\u00e7\u00e3o do servi\u00e7o j\u00e1 que ARP far\u00e1 algumas exig\u00eancias importantes. Tanto o cadastramento, quanto a taxa cobrada \u00e9 para a empresa e n\u00e3o para o motorista&#8221;, explica T\u00e1litha. A ARP oficializar\u00e1 as empresas de transporte por aplicativo para que fa\u00e7a a regulariza\u00e7\u00e3o junto ao munic\u00edpio.<\/p>\n\n\n\n<p class=\"wp-block-paragraph\">O servi\u00e7o de transporte por aplicativo explora intensivamente o sistema vi\u00e1rio, por isso \u00e9 condicionado ao pagamento de pre\u00e7o p\u00fablico mensal, que tem como base a dist\u00e2ncia percorrida no m\u00eas anterior ao do lan\u00e7amento. Tamb\u00e9m \u00e9 necess\u00e1rio fazer o pagamento da Taxa de Gerenciamento Operacional (TGO), que ter\u00e1 o valor mensal de 25 Ufips por ve\u00edculo que efetivamente prestou o servi\u00e7o no m\u00eas.<\/p>\n\n\n\n<p class=\"wp-block-paragraph\">A nova lei, publicada no&nbsp;<a href=\"http:\/\/diariooficial.palmas.to.gov.br\/media\/diario\/3263-18-7-2023-21-58-6.pdf\" target=\"_blank\" rel=\"noreferrer noopener\">Di\u00e1rio Oficial do Munic\u00edpio (DOM) de ter\u00e7a-feira, 18<\/a>, revoga a lei anterior 2.330\/2017.<\/p>\n","protected":false},"excerpt":{"rendered":"<p>\u00b4Da Prefeitura de Palmas A Prefeitura de Palmas, por meio da&nbsp;Lei 2.910\/2023, define novas regras para a presta\u00e7\u00e3o do servi\u00e7o de transporte privado e remunerado de passageiros, operado por meio de aplicativos. Entre as mudan\u00e7as, n\u00e3o \u00e9 mais obrigat\u00f3rio o ve\u00edculo ter placa de Palmas. Mas, a empresa operadora do servi\u00e7o \u00e9 obrigada a fazer [&hellip;]<\/p>\n","protected":false},"author":13,"featured_media":0,"comment_status":"open","ping_status":"open","sticky":false,"template":"","format":"standard","meta":{"_acf_changed":false,"footnotes":""},"categories":[22,898],"tags":[1013,720,1012],"class_list":["post-73042","post","type-post","status-publish","format-standard","hentry","category-cidades","category-manchete-segundaria","tag-arp","tag-prefeitura-de-palmas","tag-transporte-por-aplicativo"],"acf":[],"yoast_head":"<!-- This site is optimized with the Yoast SEO plugin v24.4 - https:\/\/yoast.com\/wordpress\/plugins\/seo\/ -->\n<title>Prefeitura de Palmas publica novas regras para transporte por aplicativo - PORTAL DE NOT\u00cdCIAS CLEITON PINHEIRO<\/title>\n<meta name=\"robots\" content=\"index, follow, max-snippet:-1, max-image-preview:large, max-video-preview:-1\" \/>\n<link rel=\"canonical\" href=\"https:\/\/cleitonpinheiro.com.br\/site\/prefeitura-de-palmas-publica-novas-regras-para-transporte-por-aplicativo\/\" \/>\n<meta property=\"og:locale\" content=\"pt_BR\" \/>\n<meta property=\"og:type\" content=\"article\" \/>\n<meta property=\"og:title\" content=\"Prefeitura de Palmas publica novas regras para transporte por aplicativo - PORTAL DE NOT\u00cdCIAS CLEITON PINHEIRO\" \/>\n<meta property=\"og:description\" content=\"\u00b4Da Prefeitura de Palmas A Prefeitura de Palmas, por meio da&nbsp;Lei 2.910\/2023, define novas regras para a presta\u00e7\u00e3o do servi\u00e7o de transporte privado e remunerado de passageiros, operado por meio de aplicativos. Entre as mudan\u00e7as, n\u00e3o \u00e9 mais obrigat\u00f3rio o ve\u00edculo ter placa de Palmas. Mas, a empresa operadora do servi\u00e7o \u00e9 obrigada a fazer [&hellip;]\" \/>\n<meta property=\"og:url\" content=\"https:\/\/cleitonpinheiro.com.br\/site\/prefeitura-de-palmas-publica-novas-regras-para-transporte-por-aplicativo\/\" \/>\n<meta property=\"og:site_name\" content=\"PORTAL DE NOT\u00cdCIAS CLEITON PINHEIRO\" \/>\n<meta property=\"article:publisher\" content=\"https:\/\/www.facebook.com\/portalcpnoticias\/\" \/>\n<meta property=\"article:published_time\" content=\"2023-07-20T16:24:17+00:00\" \/>\n<meta property=\"article:modified_time\" content=\"2023-08-07T14:53:43+00:00\" \/>\n<meta property=\"og:image\" content=\"https:\/\/cleitonpinheiro.com.br\/site\/wp-content\/uploads\/2023\/07\/7ecdc751-2c14-436d-88e4-d55e598c817e.jpg\" \/>\n\t<meta property=\"og:image:width\" content=\"800\" \/>\n\t<meta property=\"og:image:height\" content=\"533\" \/>\n\t<meta property=\"og:image:type\" content=\"image\/jpeg\" \/>\n<meta name=\"author\" content=\"Reda\u00e7\u00e3o CP\" \/>\n<meta name=\"twitter:card\" content=\"summary_large_image\" \/>\n<meta name=\"twitter:label1\" content=\"Escrito por\" \/>\n\t<meta name=\"twitter:data1\" content=\"Reda\u00e7\u00e3o CP\" \/>\n\t<meta name=\"twitter:label2\" content=\"Est. tempo de leitura\" \/>\n\t<meta name=\"twitter:data2\" content=\"3 minutos\" \/>\n<script type=\"application\/ld+json\" class=\"yoast-schema-graph\">{\"@context\":\"https:\/\/schema.org\",\"@graph\":[{\"@type\":\"Article\",\"@id\":\"https:\/\/cleitonpinheiro.com.br\/site\/prefeitura-de-palmas-publica-novas-regras-para-transporte-por-aplicativo\/#article\",\"isPartOf\":{\"@id\":\"https:\/\/cleitonpinheiro.com.br\/site\/prefeitura-de-palmas-publica-novas-regras-para-transporte-por-aplicativo\/\"},\"author\":{\"name\":\"Reda\u00e7\u00e3o CP\",\"@id\":\"https:\/\/cleitonpinheiro.com.br\/site\/#\/schema\/person\/8f04544e0bc40a1b68775b08360f87db\"},\"headline\":\"Prefeitura de Palmas publica novas regras para transporte por aplicativo\",\"datePublished\":\"2023-07-20T16:24:17+00:00\",\"dateModified\":\"2023-08-07T14:53:43+00:00\",\"mainEntityOfPage\":{\"@id\":\"https:\/\/cleitonpinheiro.com.br\/site\/prefeitura-de-palmas-publica-novas-regras-para-transporte-por-aplicativo\/\"},\"wordCount\":434,\"commentCount\":0,\"publisher\":{\"@id\":\"https:\/\/cleitonpinheiro.com.br\/site\/#organization\"},\"image\":{\"@id\":\"https:\/\/cleitonpinheiro.com.br\/site\/prefeitura-de-palmas-publica-novas-regras-para-transporte-por-aplicativo\/#primaryimage\"},\"thumbnailUrl\":\"https:\/\/cleitonpinheiro.com.br\/site\/wp-content\/uploads\/2023\/07\/7ecdc751-2c14-436d-88e4-d55e598c817e.jpg\",\"keywords\":[\"ARP\",\"Prefeitura de Palmas\",\"transporte por aplicativo\"],\"articleSection\":[\"CIDADES\",\"MANCHETE SEGUND\u00c1RIA\"],\"inLanguage\":\"pt-BR\",\"potentialAction\":[{\"@type\":\"CommentAction\",\"name\":\"Comment\",\"target\":[\"https:\/\/cleitonpinheiro.com.br\/site\/prefeitura-de-palmas-publica-novas-regras-para-transporte-por-aplicativo\/#respond\"]}]},{\"@type\":\"WebPage\",\"@id\":\"https:\/\/cleitonpinheiro.com.br\/site\/prefeitura-de-palmas-publica-novas-regras-para-transporte-por-aplicativo\/\",\"url\":\"https:\/\/cleitonpinheiro.com.br\/site\/prefeitura-de-palmas-publica-novas-regras-para-transporte-por-aplicativo\/\",\"name\":\"Prefeitura de Palmas publica novas regras para transporte por aplicativo - PORTAL DE NOT\u00cdCIAS CLEITON PINHEIRO\",\"isPartOf\":{\"@id\":\"https:\/\/cleitonpinheiro.com.br\/site\/#website\"},\"primaryImageOfPage\":{\"@id\":\"https:\/\/cleitonpinheiro.com.br\/site\/prefeitura-de-palmas-publica-novas-regras-para-transporte-por-aplicativo\/#primaryimage\"},\"image\":{\"@id\":\"https:\/\/cleitonpinheiro.com.br\/site\/prefeitura-de-palmas-publica-novas-regras-para-transporte-por-aplicativo\/#primaryimage\"},\"thumbnailUrl\":\"https:\/\/cleitonpinheiro.com.br\/site\/wp-content\/uploads\/2023\/07\/7ecdc751-2c14-436d-88e4-d55e598c817e.jpg\",\"datePublished\":\"2023-07-20T16:24:17+00:00\",\"dateModified\":\"2023-08-07T14:53:43+00:00\",\"breadcrumb\":{\"@id\":\"https:\/\/cleitonpinheiro.com.br\/site\/prefeitura-de-palmas-publica-novas-regras-para-transporte-por-aplicativo\/#breadcrumb\"},\"inLanguage\":\"pt-BR\",\"potentialAction\":[{\"@type\":\"ReadAction\",\"target\":[\"https:\/\/cleitonpinheiro.com.br\/site\/prefeitura-de-palmas-publica-novas-regras-para-transporte-por-aplicativo\/\"]}]},{\"@type\":\"ImageObject\",\"inLanguage\":\"pt-BR\",\"@id\":\"https:\/\/cleitonpinheiro.com.br\/site\/prefeitura-de-palmas-publica-novas-regras-para-transporte-por-aplicativo\/#primaryimage\",\"url\":\"\",\"contentUrl\":\"\"},{\"@type\":\"BreadcrumbList\",\"@id\":\"https:\/\/cleitonpinheiro.com.br\/site\/prefeitura-de-palmas-publica-novas-regras-para-transporte-por-aplicativo\/#breadcrumb\",\"itemListElement\":[{\"@type\":\"ListItem\",\"position\":1,\"name\":\"In\u00edcio\",\"item\":\"https:\/\/cleitonpinheiro.com.br\/site\/\"},{\"@type\":\"ListItem\",\"position\":2,\"name\":\"Prefeitura de Palmas publica novas regras para transporte por aplicativo\"}]},{\"@type\":\"WebSite\",\"@id\":\"https:\/\/cleitonpinheiro.com.br\/site\/#website\",\"url\":\"https:\/\/cleitonpinheiro.com.br\/site\/\",\"name\":\"PORTAL DE NOT\u00cdCIAS CLEITON PINHEIRO\",\"description\":\"FALANDO A VERDADE\",\"publisher\":{\"@id\":\"https:\/\/cleitonpinheiro.com.br\/site\/#organization\"},\"potentialAction\":[{\"@type\":\"SearchAction\",\"target\":{\"@type\":\"EntryPoint\",\"urlTemplate\":\"https:\/\/cleitonpinheiro.com.br\/site\/?s={search_term_string}\"},\"query-input\":{\"@type\":\"PropertyValueSpecification\",\"valueRequired\":true,\"valueName\":\"search_term_string\"}}],\"inLanguage\":\"pt-BR\"},{\"@type\":\"Organization\",\"@id\":\"https:\/\/cleitonpinheiro.com.br\/site\/#organization\",\"name\":\"CPNOT\u00cdCIAS\",\"url\":\"https:\/\/cleitonpinheiro.com.br\/site\/\",\"logo\":{\"@type\":\"ImageObject\",\"inLanguage\":\"pt-BR\",\"@id\":\"https:\/\/cleitonpinheiro.com.br\/site\/#\/schema\/logo\/image\/\",\"url\":\"https:\/\/cleitonpinheiro.com.br\/site\/wp-content\/uploads\/2022\/08\/Logo-pequena-2.png\",\"contentUrl\":\"https:\/\/cleitonpinheiro.com.br\/site\/wp-content\/uploads\/2022\/08\/Logo-pequena-2.png\",\"width\":500,\"height\":500,\"caption\":\"CPNOT\u00cdCIAS\"},\"image\":{\"@id\":\"https:\/\/cleitonpinheiro.com.br\/site\/#\/schema\/logo\/image\/\"},\"sameAs\":[\"https:\/\/www.facebook.com\/portalcpnoticias\/\"]},{\"@type\":\"Person\",\"@id\":\"https:\/\/cleitonpinheiro.com.br\/site\/#\/schema\/person\/8f04544e0bc40a1b68775b08360f87db\",\"name\":\"Reda\u00e7\u00e3o CP\",\"image\":{\"@type\":\"ImageObject\",\"inLanguage\":\"pt-BR\",\"@id\":\"https:\/\/cleitonpinheiro.com.br\/site\/#\/schema\/person\/image\/\",\"url\":\"https:\/\/secure.gravatar.com\/avatar\/0bcf19cb29fdc8fc588c490c7ae1b3e174dac268586a63fbe1d1893a0f9020cd?s=96&r=g\",\"contentUrl\":\"https:\/\/secure.gravatar.com\/avatar\/0bcf19cb29fdc8fc588c490c7ae1b3e174dac268586a63fbe1d1893a0f9020cd?s=96&r=g\",\"caption\":\"Reda\u00e7\u00e3o CP\"},\"url\":\"https:\/\/cleitonpinheiro.com.br\/site\/author\/redacao\/\"}]}<\/script>\n<!-- \/ Yoast SEO plugin. -->","yoast_head_json":{"title":"Prefeitura de Palmas publica novas regras para transporte por aplicativo - PORTAL DE NOT\u00cdCIAS CLEITON PINHEIRO","robots":{"index":"index","follow":"follow","max-snippet":"max-snippet:-1","max-image-preview":"max-image-preview:large","max-video-preview":"max-video-preview:-1"},"canonical":"https:\/\/cleitonpinheiro.com.br\/site\/prefeitura-de-palmas-publica-novas-regras-para-transporte-por-aplicativo\/","og_locale":"pt_BR","og_type":"article","og_title":"Prefeitura de Palmas publica novas regras para transporte por aplicativo - PORTAL DE NOT\u00cdCIAS CLEITON PINHEIRO","og_description":"\u00b4Da Prefeitura de Palmas A Prefeitura de Palmas, por meio da&nbsp;Lei 2.910\/2023, define novas regras para a presta\u00e7\u00e3o do servi\u00e7o de transporte privado e remunerado de passageiros, operado por meio de aplicativos. Entre as mudan\u00e7as, n\u00e3o \u00e9 mais obrigat\u00f3rio o ve\u00edculo ter placa de Palmas. Mas, a empresa operadora do servi\u00e7o \u00e9 obrigada a fazer [&hellip;]","og_url":"https:\/\/cleitonpinheiro.com.br\/site\/prefeitura-de-palmas-publica-novas-regras-para-transporte-por-aplicativo\/","og_site_name":"PORTAL DE NOT\u00cdCIAS CLEITON PINHEIRO","article_publisher":"https:\/\/www.facebook.com\/portalcpnoticias\/","article_published_time":"2023-07-20T16:24:17+00:00","article_modified_time":"2023-08-07T14:53:43+00:00","og_image":[{"width":800,"height":533,"url":"https:\/\/cleitonpinheiro.com.br\/site\/wp-content\/uploads\/2023\/07\/7ecdc751-2c14-436d-88e4-d55e598c817e.jpg","type":"image\/jpeg"}],"author":"Reda\u00e7\u00e3o CP","twitter_card":"summary_large_image","twitter_misc":{"Escrito por":"Reda\u00e7\u00e3o CP","Est. tempo de leitura":"3 minutos"},"schema":{"@context":"https:\/\/schema.org","@graph":[{"@type":"Article","@id":"https:\/\/cleitonpinheiro.com.br\/site\/prefeitura-de-palmas-publica-novas-regras-para-transporte-por-aplicativo\/#article","isPartOf":{"@id":"https:\/\/cleitonpinheiro.com.br\/site\/prefeitura-de-palmas-publica-novas-regras-para-transporte-por-aplicativo\/"},"author":{"name":"Reda\u00e7\u00e3o CP","@id":"https:\/\/cleitonpinheiro.com.br\/site\/#\/schema\/person\/8f04544e0bc40a1b68775b08360f87db"},"headline":"Prefeitura de Palmas publica novas regras para transporte por aplicativo","datePublished":"2023-07-20T16:24:17+00:00","dateModified":"2023-08-07T14:53:43+00:00","mainEntityOfPage":{"@id":"https:\/\/cleitonpinheiro.com.br\/site\/prefeitura-de-palmas-publica-novas-regras-para-transporte-por-aplicativo\/"},"wordCount":434,"commentCount":0,"publisher":{"@id":"https:\/\/cleitonpinheiro.com.br\/site\/#organization"},"image":{"@id":"https:\/\/cleitonpinheiro.com.br\/site\/prefeitura-de-palmas-publica-novas-regras-para-transporte-por-aplicativo\/#primaryimage"},"thumbnailUrl":"https:\/\/cleitonpinheiro.com.br\/site\/wp-content\/uploads\/2023\/07\/7ecdc751-2c14-436d-88e4-d55e598c817e.jpg","keywords":["ARP","Prefeitura de Palmas","transporte por aplicativo"],"articleSection":["CIDADES","MANCHETE SEGUND\u00c1RIA"],"inLanguage":"pt-BR","potentialAction":[{"@type":"CommentAction","name":"Comment","target":["https:\/\/cleitonpinheiro.com.br\/site\/prefeitura-de-palmas-publica-novas-regras-para-transporte-por-aplicativo\/#respond"]}]},{"@type":"WebPage","@id":"https:\/\/cleitonpinheiro.com.br\/site\/prefeitura-de-palmas-publica-novas-regras-para-transporte-por-aplicativo\/","url":"https:\/\/cleitonpinheiro.com.br\/site\/prefeitura-de-palmas-publica-novas-regras-para-transporte-por-aplicativo\/","name":"Prefeitura de Palmas publica novas regras para transporte por aplicativo - PORTAL DE NOT\u00cdCIAS CLEITON PINHEIRO","isPartOf":{"@id":"https:\/\/cleitonpinheiro.com.br\/site\/#website"},"primaryImageOfPage":{"@id":"https:\/\/cleitonpinheiro.com.br\/site\/prefeitura-de-palmas-publica-novas-regras-para-transporte-por-aplicativo\/#primaryimage"},"image":{"@id":"https:\/\/cleitonpinheiro.com.br\/site\/prefeitura-de-palmas-publica-novas-regras-para-transporte-por-aplicativo\/#primaryimage"},"thumbnailUrl":"https:\/\/cleitonpinheiro.com.br\/site\/wp-content\/uploads\/2023\/07\/7ecdc751-2c14-436d-88e4-d55e598c817e.jpg","datePublished":"2023-07-20T16:24:17+00:00","dateModified":"2023-08-07T14:53:43+00:00","breadcrumb":{"@id":"https:\/\/cleitonpinheiro.com.br\/site\/prefeitura-de-palmas-publica-novas-regras-para-transporte-por-aplicativo\/#breadcrumb"},"inLanguage":"pt-BR","potentialAction":[{"@type":"ReadAction","target":["https:\/\/cleitonpinheiro.com.br\/site\/prefeitura-de-palmas-publica-novas-regras-para-transporte-por-aplicativo\/"]}]},{"@type":"ImageObject","inLanguage":"pt-BR","@id":"https:\/\/cleitonpinheiro.com.br\/site\/prefeitura-de-palmas-publica-novas-regras-para-transporte-por-aplicativo\/#primaryimage","url":"","contentUrl":""},{"@type":"BreadcrumbList","@id":"https:\/\/cleitonpinheiro.com.br\/site\/prefeitura-de-palmas-publica-novas-regras-para-transporte-por-aplicativo\/#breadcrumb","itemListElement":[{"@type":"ListItem","position":1,"name":"In\u00edcio","item":"https:\/\/cleitonpinheiro.com.br\/site\/"},{"@type":"ListItem","position":2,"name":"Prefeitura de Palmas publica novas regras para transporte por aplicativo"}]},{"@type":"WebSite","@id":"https:\/\/cleitonpinheiro.com.br\/site\/#website","url":"https:\/\/cleitonpinheiro.com.br\/site\/","name":"PORTAL DE NOT\u00cdCIAS CLEITON PINHEIRO","description":"FALANDO A VERDADE","publisher":{"@id":"https:\/\/cleitonpinheiro.com.br\/site\/#organization"},"potentialAction":[{"@type":"SearchAction","target":{"@type":"EntryPoint","urlTemplate":"https:\/\/cleitonpinheiro.com.br\/site\/?s={search_term_string}"},"query-input":{"@type":"PropertyValueSpecification","valueRequired":true,"valueName":"search_term_string"}}],"inLanguage":"pt-BR"},{"@type":"Organization","@id":"https:\/\/cleitonpinheiro.com.br\/site\/#organization","name":"CPNOT\u00cdCIAS","url":"https:\/\/cleitonpinheiro.com.br\/site\/","logo":{"@type":"ImageObject","inLanguage":"pt-BR","@id":"https:\/\/cleitonpinheiro.com.br\/site\/#\/schema\/logo\/image\/","url":"https:\/\/cleitonpinheiro.com.br\/site\/wp-content\/uploads\/2022\/08\/Logo-pequena-2.png","contentUrl":"https:\/\/cleitonpinheiro.com.br\/site\/wp-content\/uploads\/2022\/08\/Logo-pequena-2.png","width":500,"height":500,"caption":"CPNOT\u00cdCIAS"},"image":{"@id":"https:\/\/cleitonpinheiro.com.br\/site\/#\/schema\/logo\/image\/"},"sameAs":["https:\/\/www.facebook.com\/portalcpnoticias\/"]},{"@type":"Person","@id":"https:\/\/cleitonpinheiro.com.br\/site\/#\/schema\/person\/8f04544e0bc40a1b68775b08360f87db","name":"Reda\u00e7\u00e3o CP","image":{"@type":"ImageObject","inLanguage":"pt-BR","@id":"https:\/\/cleitonpinheiro.com.br\/site\/#\/schema\/person\/image\/","url":"https:\/\/secure.gravatar.com\/avatar\/0bcf19cb29fdc8fc588c490c7ae1b3e174dac268586a63fbe1d1893a0f9020cd?s=96&r=g","contentUrl":"https:\/\/secure.gravatar.com\/avatar\/0bcf19cb29fdc8fc588c490c7ae1b3e174dac268586a63fbe1d1893a0f9020cd?s=96&r=g","caption":"Reda\u00e7\u00e3o CP"},"url":"https:\/\/cleitonpinheiro.com.br\/site\/author\/redacao\/"}]}},"views":172,"_links":{"self":[{"href":"https:\/\/cleitonpinheiro.com.br\/site\/wp-json\/wp\/v2\/posts\/73042","targetHints":{"allow":["GET"]}}],"collection":[{"href":"https:\/\/cleitonpinheiro.com.br\/site\/wp-json\/wp\/v2\/posts"}],"about":[{"href":"https:\/\/cleitonpinheiro.com.br\/site\/wp-json\/wp\/v2\/types\/post"}],"author":[{"embeddable":true,"href":"https:\/\/cleitonpinheiro.com.br\/site\/wp-json\/wp\/v2\/users\/13"}],"replies":[{"embeddable":true,"href":"https:\/\/cleitonpinheiro.com.br\/site\/wp-json\/wp\/v2\/comments?post=73042"}],"version-history":[{"count":1,"href":"https:\/\/cleitonpinheiro.com.br\/site\/wp-json\/wp\/v2\/posts\/73042\/revisions"}],"predecessor-version":[{"id":73044,"href":"https:\/\/cleitonpinheiro.com.br\/site\/wp-json\/wp\/v2\/posts\/73042\/revisions\/73044"}],"wp:attachment":[{"href":"https:\/\/cleitonpinheiro.com.br\/site\/wp-json\/wp\/v2\/media?parent=73042"}],"wp:term":[{"taxonomy":"category","embeddable":true,"href":"https:\/\/cleitonpinheiro.com.br\/site\/wp-json\/wp\/v2\/categories?post=73042"},{"taxonomy":"post_tag","embeddable":true,"href":"https:\/\/cleitonpinheiro.com.br\/site\/wp-json\/wp\/v2\/tags?post=73042"}],"curies":[{"name":"wp","href":"https:\/\/api.w.org\/{rel}","templated":true}]}}