{"id":73045,"date":"2023-07-20T13:30:39","date_gmt":"2023-07-20T16:30:39","guid":{"rendered":"https:\/\/cleitonpinheiro.com.br\/site\/?p=73045"},"modified":"2023-12-27T11:59:24","modified_gmt":"2023-12-27T14:59:24","slug":"fafa-de-belem-e-a-grande-surpresa-da-ultima-semana-do-palmas-ferias-em-taquarucu","status":"publish","type":"post","link":"https:\/\/cleitonpinheiro.com.br\/site\/fafa-de-belem-e-a-grande-surpresa-da-ultima-semana-do-palmas-ferias-em-taquarucu\/","title":{"rendered":"Faf\u00e1 de Bel\u00e9m \u00e9 a grande surpresa da \u00faltima semana do Palmas F\u00e9rias em Taquaru\u00e7u"},"content":{"rendered":"\n<figure class=\"wp-block-image size-full\"><img decoding=\"async\" src=\"https:\/\/cleitonpinheiro.com.br\/site\/wp-content\/uploads\/2023\/07\/Foto-Agencia-Palmas-21.png\" alt=\"\" class=\"wp-image-73046\"\/><figcaption class=\"wp-element-caption\">Faf\u00e1: &#8220;vai ser lindo, um show de sucessos, mem\u00f3rias de novelas e muita coisa boa pra gente cantar juntos&#8221; &#8211; Foto: Divulga\u00e7\u00e3o<\/figcaption><\/figure>\n\n\n\n<p class=\"wp-block-paragraph\"><strong>Da Prefeitura de Palmas<\/strong><\/p>\n\n\n\n<p class=\"wp-block-paragraph\">A \u00faltima semana do Palmas F\u00e9rias 2023 trar\u00e1 uma surpresa ao palmenses. Uns dos maiores sucessos da MPB,\u00a0Faf\u00e1 de Bel\u00e9m\u00a0ir\u00e1 soltar a voz na noite da pr\u00f3xima quinta-feira, 27, no palco montado na Pra\u00e7a Maraca\u00edpe, em Taquaru\u00e7u, que neste ano recebeu uma ambienta\u00e7\u00e3o charmosa e intimista para receber os visitantes. Com um cen\u00e1rio deslumbrante de bistr\u00f4 da serra e com o friozinho do distrito, o show promete ser uma experi\u00eancia inesquec\u00edvel para os f\u00e3s da m\u00fasica brasileira.<\/p>\n\n\n\n<p class=\"wp-block-paragraph\">O evento faz&nbsp;parte da programa\u00e7\u00e3o do Palmas F\u00e9rias, promovido pela Prefeitura de Palmas, por meio da Ag\u00eancia Municipal de Turismo (Agtur), que tem proporcionado &nbsp;lazer e entretenimento aos moradores e turistas durante as f\u00e9rias de julho na capital do Tocantins. A gest\u00e3o municipal ainda preparou uma programa\u00e7\u00e3o cultural e esportiva para este final de semana, 22 e 23 de julho, e para o \u00faltimo final de semana do m\u00eas, 29 e 30, quando o palmense ainda poder\u00e1 aproveitar, tanto nas praias, quanto em Taquaru\u00e7u.<\/p>\n\n\n\n<p class=\"wp-block-paragraph\">A atra\u00e7\u00e3o foi anunciada pela prefeita de Palmas, Cinthia Ribeiro, em seu twitter, nesta quinta-feira, 27. \u201cVamos encerrar a programa\u00e7\u00e3o do Palmas F\u00e9rias em alto estilo! Taquaru\u00e7u estar\u00e1 ainda mais charmosa para receber dia 27 a cantora Faf\u00e1 de Bel\u00e9m! Um dos maiores sucessos da MPB, que ir\u00e1 soltar voz p\/ todos os tocantinenses! Quero ver todo mundo cantando junto hein? Espero por vcs!\u201d, publicou a prefeita nas redes.<\/p>\n\n\n\n<p class=\"wp-block-paragraph\">Faf\u00e1 de Bel\u00e9m por sua vez deixou um recadinho aos palmenses. \u201cNo dia 27 estaremos juntos, \u2018vambora\u2019 vai ser lindo, um show de sucessos, mem\u00f3rias de novelas e muita coisa boa pra gente cantar juntos! Um grande beijo e at\u00e9 dia 27, bom dia e alegria\u201d.<\/p>\n\n\n\n<p class=\"wp-block-paragraph\">Para a programa\u00e7\u00e3o do Palmas F\u00e9rias, Taquaru\u00e7u recebeu um \u00a0circuito gastron\u00f4mico com cen\u00e1rio rom\u00e2ntico de bistr\u00f4, as mesas foram montadas em debaixo de um grande pergolado de tecidos e ornados por flores e cestarias, que deram o charme para o local. No local, os visitantes encontraram para comprar chocolates quentes, vinhos, caldos e muitas comidinhas.<\/p>\n\n\n\n<p class=\"wp-block-paragraph\"><strong>Confira a programa\u00e7\u00e3o deste final de semana:<\/strong><\/p>\n\n\n\n<p class=\"wp-block-paragraph\"><strong><mark style=\"background-color:rgba(0, 0, 0, 0)\" class=\"has-inline-color has-vivid-cyan-blue-color\">Dia 22 &#8211; S\u00e1bado<\/mark><\/strong><\/p>\n\n\n\n<p class=\"wp-block-paragraph\"><strong>Praia das Arnos&nbsp;<\/strong><\/p>\n\n\n\n<p class=\"wp-block-paragraph\">Banda Capim do Cerrado &#8211; 15 horas<br>N\u00fabia Dourado &#8211; 16h20<br>Luana Mikaela &#8211; 17h40<br>Junior Ferri &#8211; 19 horas&nbsp;<br>Futebol de Areia, V\u00f4lei de Areia, Futev\u00f4lei e Beach Tennis &#8211; a partir das 16 horas.&nbsp;<\/p>\n\n\n\n<p class=\"wp-block-paragraph\"><strong>Praia da Graciosa<\/strong><\/p>\n\n\n\n<p class=\"wp-block-paragraph\">DJ Gamboge &#8211; 17 horas<br>Eduardo e Kauan &#8211; 18 horas&nbsp;<br>Mary Rebol\u00e7as &#8211; 19h20<br>Viola de Junior &#8211; 20h40<br>Futebol e V\u00f4lei de Areia, Futev\u00f4lei e Beach Tennis &#8211; a partir das 16 horas.&nbsp;<\/p>\n\n\n\n<p class=\"wp-block-paragraph\"><strong>Praia do Caju<\/strong><\/p>\n\n\n\n<p class=\"wp-block-paragraph\">Vl do Acordeon &#8211; 15 horas<br>Renata Alves &#8211; 17 horas<br>DJ Gamboge &#8211; 18h20<br>Marcos e DeLuca &#8211; 19h20<\/p>\n\n\n\n<p class=\"wp-block-paragraph\"><strong>Taquaru\u00e7u&nbsp;<\/strong><\/p>\n\n\n\n<p class=\"wp-block-paragraph\">Lucimar &#8211; 19 horas&nbsp;<br>Keila Lipe &#8211; 21 horas&nbsp;<\/p>\n\n\n\n<p class=\"wp-block-paragraph\"><strong><mark style=\"background-color:rgba(0, 0, 0, 0)\" class=\"has-inline-color has-vivid-cyan-blue-color\">Dia 23 &#8211; Domingo<\/mark><\/strong><\/p>\n\n\n\n<p class=\"wp-block-paragraph\"><strong>Praia das Arnos<\/strong><br>Mateus Garcia &#8211; 15 horas<br>Banda Sankes &#8211; 17 horas<br>Desfile Garota Molhada &#8211; 18 horas&nbsp;<br>Futebol e V\u00f4lei de Areia, Futev\u00f4lei e Beach Tennis &#8211; a partir das 16 horas.&nbsp;<\/p>\n\n\n\n<p class=\"wp-block-paragraph\"><strong>Praia da Graciosa&nbsp;<\/strong><br>DJ Gamboge &#8211; 17 horas<br>Sabrina Fitipaldi &#8211; 18 horas<br>Junior Ferri &#8211; 19h20<br>Viny Damar\u00e9 &#8211; 18 horas<br>Futebol e V\u00f4lei de Areia, Futev\u00f4lei e Beach Tennis &#8211; a partir das 16 horas.&nbsp;<\/p>\n\n\n\n<p class=\"wp-block-paragraph\"><strong>Praia do Caju<\/strong><br>Taisa Marques &#8211; 15 horas<br>Marcos e Bruno &#8211; 16h20<br>Di Luca e Raphael &#8211; 17h40<\/p>\n\n\n\n<p class=\"wp-block-paragraph\"><strong>Taquaru\u00e7u&nbsp;<\/strong><br>Paulinho Braga &#8211; 19 horas<br>Impacto Latino &#8211; 21 horas<\/p>\n","protected":false},"excerpt":{"rendered":"<p>Da Prefeitura de Palmas A \u00faltima semana do Palmas F\u00e9rias 2023 trar\u00e1 uma surpresa ao palmenses. Uns dos maiores sucessos da MPB,\u00a0Faf\u00e1 de Bel\u00e9m\u00a0ir\u00e1 soltar a voz na noite da pr\u00f3xima quinta-feira, 27, no palco montado na Pra\u00e7a Maraca\u00edpe, em Taquaru\u00e7u, que neste ano recebeu uma ambienta\u00e7\u00e3o charmosa e intimista para receber os visitantes. Com [&hellip;]<\/p>\n","protected":false},"author":13,"featured_media":0,"comment_status":"open","ping_status":"open","sticky":false,"template":"","format":"standard","meta":{"_acf_changed":false,"footnotes":""},"categories":[22,21],"tags":[1014,955,720],"class_list":["post-73045","post","type-post","status-publish","format-standard","hentry","category-cidades","category-todas-noticias","tag-fafa-de-belem","tag-palmas-ferias-2023","tag-prefeitura-de-palmas"],"acf":[],"yoast_head":"<!-- This site is optimized with the Yoast SEO plugin v24.4 - https:\/\/yoast.com\/wordpress\/plugins\/seo\/ -->\n<title>Faf\u00e1 de Bel\u00e9m \u00e9 a grande surpresa da \u00faltima semana do Palmas F\u00e9rias em Taquaru\u00e7u - PORTAL DE NOT\u00cdCIAS CLEITON PINHEIRO<\/title>\n<meta name=\"robots\" content=\"index, follow, max-snippet:-1, max-image-preview:large, max-video-preview:-1\" \/>\n<link rel=\"canonical\" href=\"https:\/\/cleitonpinheiro.com.br\/site\/fafa-de-belem-e-a-grande-surpresa-da-ultima-semana-do-palmas-ferias-em-taquarucu\/\" \/>\n<meta property=\"og:locale\" content=\"pt_BR\" \/>\n<meta property=\"og:type\" content=\"article\" \/>\n<meta property=\"og:title\" content=\"Faf\u00e1 de Bel\u00e9m \u00e9 a grande surpresa da \u00faltima semana do Palmas F\u00e9rias em Taquaru\u00e7u - PORTAL DE NOT\u00cdCIAS CLEITON PINHEIRO\" \/>\n<meta property=\"og:description\" content=\"Da Prefeitura de Palmas A \u00faltima semana do Palmas F\u00e9rias 2023 trar\u00e1 uma surpresa ao palmenses. Uns dos maiores sucessos da MPB,\u00a0Faf\u00e1 de Bel\u00e9m\u00a0ir\u00e1 soltar a voz na noite da pr\u00f3xima quinta-feira, 27, no palco montado na Pra\u00e7a Maraca\u00edpe, em Taquaru\u00e7u, que neste ano recebeu uma ambienta\u00e7\u00e3o charmosa e intimista para receber os visitantes. Com [&hellip;]\" \/>\n<meta property=\"og:url\" content=\"https:\/\/cleitonpinheiro.com.br\/site\/fafa-de-belem-e-a-grande-surpresa-da-ultima-semana-do-palmas-ferias-em-taquarucu\/\" \/>\n<meta property=\"og:site_name\" content=\"PORTAL DE NOT\u00cdCIAS CLEITON PINHEIRO\" \/>\n<meta property=\"article:publisher\" content=\"https:\/\/www.facebook.com\/portalcpnoticias\/\" \/>\n<meta property=\"article:published_time\" content=\"2023-07-20T16:30:39+00:00\" \/>\n<meta property=\"article:modified_time\" content=\"2023-12-27T14:59:24+00:00\" \/>\n<meta property=\"og:image\" content=\"https:\/\/cleitonpinheiro.com.br\/site\/wp-content\/uploads\/2023\/07\/Foto-Agencia-Palmas-21.png\" \/>\n\t<meta property=\"og:image:width\" content=\"900\" \/>\n\t<meta property=\"og:image:height\" content=\"600\" \/>\n\t<meta property=\"og:image:type\" content=\"image\/png\" \/>\n<meta name=\"author\" content=\"Reda\u00e7\u00e3o CP\" \/>\n<meta name=\"twitter:card\" content=\"summary_large_image\" \/>\n<meta name=\"twitter:label1\" content=\"Escrito por\" \/>\n\t<meta name=\"twitter:data1\" content=\"Reda\u00e7\u00e3o CP\" \/>\n\t<meta name=\"twitter:label2\" content=\"Est. tempo de leitura\" \/>\n\t<meta name=\"twitter:data2\" content=\"4 minutos\" \/>\n<script type=\"application\/ld+json\" class=\"yoast-schema-graph\">{\"@context\":\"https:\/\/schema.org\",\"@graph\":[{\"@type\":\"Article\",\"@id\":\"https:\/\/cleitonpinheiro.com.br\/site\/fafa-de-belem-e-a-grande-surpresa-da-ultima-semana-do-palmas-ferias-em-taquarucu\/#article\",\"isPartOf\":{\"@id\":\"https:\/\/cleitonpinheiro.com.br\/site\/fafa-de-belem-e-a-grande-surpresa-da-ultima-semana-do-palmas-ferias-em-taquarucu\/\"},\"author\":{\"name\":\"Reda\u00e7\u00e3o CP\",\"@id\":\"https:\/\/cleitonpinheiro.com.br\/site\/#\/schema\/person\/8f04544e0bc40a1b68775b08360f87db\"},\"headline\":\"Faf\u00e1 de Bel\u00e9m \u00e9 a grande surpresa da \u00faltima semana do Palmas F\u00e9rias em Taquaru\u00e7u\",\"datePublished\":\"2023-07-20T16:30:39+00:00\",\"dateModified\":\"2023-12-27T14:59:24+00:00\",\"mainEntityOfPage\":{\"@id\":\"https:\/\/cleitonpinheiro.com.br\/site\/fafa-de-belem-e-a-grande-surpresa-da-ultima-semana-do-palmas-ferias-em-taquarucu\/\"},\"wordCount\":623,\"commentCount\":0,\"publisher\":{\"@id\":\"https:\/\/cleitonpinheiro.com.br\/site\/#organization\"},\"image\":{\"@id\":\"https:\/\/cleitonpinheiro.com.br\/site\/fafa-de-belem-e-a-grande-surpresa-da-ultima-semana-do-palmas-ferias-em-taquarucu\/#primaryimage\"},\"thumbnailUrl\":\"https:\/\/cleitonpinheiro.com.br\/site\/wp-content\/uploads\/2023\/07\/Foto-Agencia-Palmas-21.png\",\"keywords\":[\"Faf\u00e1 de Bel\u00e9m\",\"Palmas F\u00e9rias 2023\",\"Prefeitura de Palmas\"],\"articleSection\":[\"CIDADES\",\"TODAS NOTICIAS\"],\"inLanguage\":\"pt-BR\",\"potentialAction\":[{\"@type\":\"CommentAction\",\"name\":\"Comment\",\"target\":[\"https:\/\/cleitonpinheiro.com.br\/site\/fafa-de-belem-e-a-grande-surpresa-da-ultima-semana-do-palmas-ferias-em-taquarucu\/#respond\"]}]},{\"@type\":\"WebPage\",\"@id\":\"https:\/\/cleitonpinheiro.com.br\/site\/fafa-de-belem-e-a-grande-surpresa-da-ultima-semana-do-palmas-ferias-em-taquarucu\/\",\"url\":\"https:\/\/cleitonpinheiro.com.br\/site\/fafa-de-belem-e-a-grande-surpresa-da-ultima-semana-do-palmas-ferias-em-taquarucu\/\",\"name\":\"Faf\u00e1 de Bel\u00e9m \u00e9 a grande surpresa da \u00faltima semana do Palmas F\u00e9rias em Taquaru\u00e7u - PORTAL DE NOT\u00cdCIAS CLEITON PINHEIRO\",\"isPartOf\":{\"@id\":\"https:\/\/cleitonpinheiro.com.br\/site\/#website\"},\"primaryImageOfPage\":{\"@id\":\"https:\/\/cleitonpinheiro.com.br\/site\/fafa-de-belem-e-a-grande-surpresa-da-ultima-semana-do-palmas-ferias-em-taquarucu\/#primaryimage\"},\"image\":{\"@id\":\"https:\/\/cleitonpinheiro.com.br\/site\/fafa-de-belem-e-a-grande-surpresa-da-ultima-semana-do-palmas-ferias-em-taquarucu\/#primaryimage\"},\"thumbnailUrl\":\"https:\/\/cleitonpinheiro.com.br\/site\/wp-content\/uploads\/2023\/07\/Foto-Agencia-Palmas-21.png\",\"datePublished\":\"2023-07-20T16:30:39+00:00\",\"dateModified\":\"2023-12-27T14:59:24+00:00\",\"breadcrumb\":{\"@id\":\"https:\/\/cleitonpinheiro.com.br\/site\/fafa-de-belem-e-a-grande-surpresa-da-ultima-semana-do-palmas-ferias-em-taquarucu\/#breadcrumb\"},\"inLanguage\":\"pt-BR\",\"potentialAction\":[{\"@type\":\"ReadAction\",\"target\":[\"https:\/\/cleitonpinheiro.com.br\/site\/fafa-de-belem-e-a-grande-surpresa-da-ultima-semana-do-palmas-ferias-em-taquarucu\/\"]}]},{\"@type\":\"ImageObject\",\"inLanguage\":\"pt-BR\",\"@id\":\"https:\/\/cleitonpinheiro.com.br\/site\/fafa-de-belem-e-a-grande-surpresa-da-ultima-semana-do-palmas-ferias-em-taquarucu\/#primaryimage\",\"url\":\"\",\"contentUrl\":\"\"},{\"@type\":\"BreadcrumbList\",\"@id\":\"https:\/\/cleitonpinheiro.com.br\/site\/fafa-de-belem-e-a-grande-surpresa-da-ultima-semana-do-palmas-ferias-em-taquarucu\/#breadcrumb\",\"itemListElement\":[{\"@type\":\"ListItem\",\"position\":1,\"name\":\"In\u00edcio\",\"item\":\"https:\/\/cleitonpinheiro.com.br\/site\/\"},{\"@type\":\"ListItem\",\"position\":2,\"name\":\"Faf\u00e1 de Bel\u00e9m \u00e9 a grande surpresa da \u00faltima semana do Palmas F\u00e9rias em Taquaru\u00e7u\"}]},{\"@type\":\"WebSite\",\"@id\":\"https:\/\/cleitonpinheiro.com.br\/site\/#website\",\"url\":\"https:\/\/cleitonpinheiro.com.br\/site\/\",\"name\":\"PORTAL DE NOT\u00cdCIAS CLEITON PINHEIRO\",\"description\":\"FALANDO A VERDADE\",\"publisher\":{\"@id\":\"https:\/\/cleitonpinheiro.com.br\/site\/#organization\"},\"potentialAction\":[{\"@type\":\"SearchAction\",\"target\":{\"@type\":\"EntryPoint\",\"urlTemplate\":\"https:\/\/cleitonpinheiro.com.br\/site\/?s={search_term_string}\"},\"query-input\":{\"@type\":\"PropertyValueSpecification\",\"valueRequired\":true,\"valueName\":\"search_term_string\"}}],\"inLanguage\":\"pt-BR\"},{\"@type\":\"Organization\",\"@id\":\"https:\/\/cleitonpinheiro.com.br\/site\/#organization\",\"name\":\"CPNOT\u00cdCIAS\",\"url\":\"https:\/\/cleitonpinheiro.com.br\/site\/\",\"logo\":{\"@type\":\"ImageObject\",\"inLanguage\":\"pt-BR\",\"@id\":\"https:\/\/cleitonpinheiro.com.br\/site\/#\/schema\/logo\/image\/\",\"url\":\"https:\/\/cleitonpinheiro.com.br\/site\/wp-content\/uploads\/2022\/08\/Logo-pequena-2.png\",\"contentUrl\":\"https:\/\/cleitonpinheiro.com.br\/site\/wp-content\/uploads\/2022\/08\/Logo-pequena-2.png\",\"width\":500,\"height\":500,\"caption\":\"CPNOT\u00cdCIAS\"},\"image\":{\"@id\":\"https:\/\/cleitonpinheiro.com.br\/site\/#\/schema\/logo\/image\/\"},\"sameAs\":[\"https:\/\/www.facebook.com\/portalcpnoticias\/\"]},{\"@type\":\"Person\",\"@id\":\"https:\/\/cleitonpinheiro.com.br\/site\/#\/schema\/person\/8f04544e0bc40a1b68775b08360f87db\",\"name\":\"Reda\u00e7\u00e3o CP\",\"image\":{\"@type\":\"ImageObject\",\"inLanguage\":\"pt-BR\",\"@id\":\"https:\/\/cleitonpinheiro.com.br\/site\/#\/schema\/person\/image\/\",\"url\":\"https:\/\/secure.gravatar.com\/avatar\/0bcf19cb29fdc8fc588c490c7ae1b3e174dac268586a63fbe1d1893a0f9020cd?s=96&r=g\",\"contentUrl\":\"https:\/\/secure.gravatar.com\/avatar\/0bcf19cb29fdc8fc588c490c7ae1b3e174dac268586a63fbe1d1893a0f9020cd?s=96&r=g\",\"caption\":\"Reda\u00e7\u00e3o CP\"},\"url\":\"https:\/\/cleitonpinheiro.com.br\/site\/author\/redacao\/\"}]}<\/script>\n<!-- \/ Yoast SEO plugin. -->","yoast_head_json":{"title":"Faf\u00e1 de Bel\u00e9m \u00e9 a grande surpresa da \u00faltima semana do Palmas F\u00e9rias em Taquaru\u00e7u - PORTAL DE NOT\u00cdCIAS CLEITON PINHEIRO","robots":{"index":"index","follow":"follow","max-snippet":"max-snippet:-1","max-image-preview":"max-image-preview:large","max-video-preview":"max-video-preview:-1"},"canonical":"https:\/\/cleitonpinheiro.com.br\/site\/fafa-de-belem-e-a-grande-surpresa-da-ultima-semana-do-palmas-ferias-em-taquarucu\/","og_locale":"pt_BR","og_type":"article","og_title":"Faf\u00e1 de Bel\u00e9m \u00e9 a grande surpresa da \u00faltima semana do Palmas F\u00e9rias em Taquaru\u00e7u - PORTAL DE NOT\u00cdCIAS CLEITON PINHEIRO","og_description":"Da Prefeitura de Palmas A \u00faltima semana do Palmas F\u00e9rias 2023 trar\u00e1 uma surpresa ao palmenses. Uns dos maiores sucessos da MPB,\u00a0Faf\u00e1 de Bel\u00e9m\u00a0ir\u00e1 soltar a voz na noite da pr\u00f3xima quinta-feira, 27, no palco montado na Pra\u00e7a Maraca\u00edpe, em Taquaru\u00e7u, que neste ano recebeu uma ambienta\u00e7\u00e3o charmosa e intimista para receber os visitantes. Com [&hellip;]","og_url":"https:\/\/cleitonpinheiro.com.br\/site\/fafa-de-belem-e-a-grande-surpresa-da-ultima-semana-do-palmas-ferias-em-taquarucu\/","og_site_name":"PORTAL DE NOT\u00cdCIAS CLEITON PINHEIRO","article_publisher":"https:\/\/www.facebook.com\/portalcpnoticias\/","article_published_time":"2023-07-20T16:30:39+00:00","article_modified_time":"2023-12-27T14:59:24+00:00","og_image":[{"width":900,"height":600,"url":"https:\/\/cleitonpinheiro.com.br\/site\/wp-content\/uploads\/2023\/07\/Foto-Agencia-Palmas-21.png","type":"image\/png"}],"author":"Reda\u00e7\u00e3o CP","twitter_card":"summary_large_image","twitter_misc":{"Escrito por":"Reda\u00e7\u00e3o CP","Est. tempo de leitura":"4 minutos"},"schema":{"@context":"https:\/\/schema.org","@graph":[{"@type":"Article","@id":"https:\/\/cleitonpinheiro.com.br\/site\/fafa-de-belem-e-a-grande-surpresa-da-ultima-semana-do-palmas-ferias-em-taquarucu\/#article","isPartOf":{"@id":"https:\/\/cleitonpinheiro.com.br\/site\/fafa-de-belem-e-a-grande-surpresa-da-ultima-semana-do-palmas-ferias-em-taquarucu\/"},"author":{"name":"Reda\u00e7\u00e3o CP","@id":"https:\/\/cleitonpinheiro.com.br\/site\/#\/schema\/person\/8f04544e0bc40a1b68775b08360f87db"},"headline":"Faf\u00e1 de Bel\u00e9m \u00e9 a grande surpresa da \u00faltima semana do Palmas F\u00e9rias em Taquaru\u00e7u","datePublished":"2023-07-20T16:30:39+00:00","dateModified":"2023-12-27T14:59:24+00:00","mainEntityOfPage":{"@id":"https:\/\/cleitonpinheiro.com.br\/site\/fafa-de-belem-e-a-grande-surpresa-da-ultima-semana-do-palmas-ferias-em-taquarucu\/"},"wordCount":623,"commentCount":0,"publisher":{"@id":"https:\/\/cleitonpinheiro.com.br\/site\/#organization"},"image":{"@id":"https:\/\/cleitonpinheiro.com.br\/site\/fafa-de-belem-e-a-grande-surpresa-da-ultima-semana-do-palmas-ferias-em-taquarucu\/#primaryimage"},"thumbnailUrl":"https:\/\/cleitonpinheiro.com.br\/site\/wp-content\/uploads\/2023\/07\/Foto-Agencia-Palmas-21.png","keywords":["Faf\u00e1 de Bel\u00e9m","Palmas F\u00e9rias 2023","Prefeitura de Palmas"],"articleSection":["CIDADES","TODAS NOTICIAS"],"inLanguage":"pt-BR","potentialAction":[{"@type":"CommentAction","name":"Comment","target":["https:\/\/cleitonpinheiro.com.br\/site\/fafa-de-belem-e-a-grande-surpresa-da-ultima-semana-do-palmas-ferias-em-taquarucu\/#respond"]}]},{"@type":"WebPage","@id":"https:\/\/cleitonpinheiro.com.br\/site\/fafa-de-belem-e-a-grande-surpresa-da-ultima-semana-do-palmas-ferias-em-taquarucu\/","url":"https:\/\/cleitonpinheiro.com.br\/site\/fafa-de-belem-e-a-grande-surpresa-da-ultima-semana-do-palmas-ferias-em-taquarucu\/","name":"Faf\u00e1 de Bel\u00e9m \u00e9 a grande surpresa da \u00faltima semana do Palmas F\u00e9rias em Taquaru\u00e7u - PORTAL DE NOT\u00cdCIAS CLEITON PINHEIRO","isPartOf":{"@id":"https:\/\/cleitonpinheiro.com.br\/site\/#website"},"primaryImageOfPage":{"@id":"https:\/\/cleitonpinheiro.com.br\/site\/fafa-de-belem-e-a-grande-surpresa-da-ultima-semana-do-palmas-ferias-em-taquarucu\/#primaryimage"},"image":{"@id":"https:\/\/cleitonpinheiro.com.br\/site\/fafa-de-belem-e-a-grande-surpresa-da-ultima-semana-do-palmas-ferias-em-taquarucu\/#primaryimage"},"thumbnailUrl":"https:\/\/cleitonpinheiro.com.br\/site\/wp-content\/uploads\/2023\/07\/Foto-Agencia-Palmas-21.png","datePublished":"2023-07-20T16:30:39+00:00","dateModified":"2023-12-27T14:59:24+00:00","breadcrumb":{"@id":"https:\/\/cleitonpinheiro.com.br\/site\/fafa-de-belem-e-a-grande-surpresa-da-ultima-semana-do-palmas-ferias-em-taquarucu\/#breadcrumb"},"inLanguage":"pt-BR","potentialAction":[{"@type":"ReadAction","target":["https:\/\/cleitonpinheiro.com.br\/site\/fafa-de-belem-e-a-grande-surpresa-da-ultima-semana-do-palmas-ferias-em-taquarucu\/"]}]},{"@type":"ImageObject","inLanguage":"pt-BR","@id":"https:\/\/cleitonpinheiro.com.br\/site\/fafa-de-belem-e-a-grande-surpresa-da-ultima-semana-do-palmas-ferias-em-taquarucu\/#primaryimage","url":"","contentUrl":""},{"@type":"BreadcrumbList","@id":"https:\/\/cleitonpinheiro.com.br\/site\/fafa-de-belem-e-a-grande-surpresa-da-ultima-semana-do-palmas-ferias-em-taquarucu\/#breadcrumb","itemListElement":[{"@type":"ListItem","position":1,"name":"In\u00edcio","item":"https:\/\/cleitonpinheiro.com.br\/site\/"},{"@type":"ListItem","position":2,"name":"Faf\u00e1 de Bel\u00e9m \u00e9 a grande surpresa da \u00faltima semana do Palmas F\u00e9rias em Taquaru\u00e7u"}]},{"@type":"WebSite","@id":"https:\/\/cleitonpinheiro.com.br\/site\/#website","url":"https:\/\/cleitonpinheiro.com.br\/site\/","name":"PORTAL DE NOT\u00cdCIAS CLEITON PINHEIRO","description":"FALANDO A VERDADE","publisher":{"@id":"https:\/\/cleitonpinheiro.com.br\/site\/#organization"},"potentialAction":[{"@type":"SearchAction","target":{"@type":"EntryPoint","urlTemplate":"https:\/\/cleitonpinheiro.com.br\/site\/?s={search_term_string}"},"query-input":{"@type":"PropertyValueSpecification","valueRequired":true,"valueName":"search_term_string"}}],"inLanguage":"pt-BR"},{"@type":"Organization","@id":"https:\/\/cleitonpinheiro.com.br\/site\/#organization","name":"CPNOT\u00cdCIAS","url":"https:\/\/cleitonpinheiro.com.br\/site\/","logo":{"@type":"ImageObject","inLanguage":"pt-BR","@id":"https:\/\/cleitonpinheiro.com.br\/site\/#\/schema\/logo\/image\/","url":"https:\/\/cleitonpinheiro.com.br\/site\/wp-content\/uploads\/2022\/08\/Logo-pequena-2.png","contentUrl":"https:\/\/cleitonpinheiro.com.br\/site\/wp-content\/uploads\/2022\/08\/Logo-pequena-2.png","width":500,"height":500,"caption":"CPNOT\u00cdCIAS"},"image":{"@id":"https:\/\/cleitonpinheiro.com.br\/site\/#\/schema\/logo\/image\/"},"sameAs":["https:\/\/www.facebook.com\/portalcpnoticias\/"]},{"@type":"Person","@id":"https:\/\/cleitonpinheiro.com.br\/site\/#\/schema\/person\/8f04544e0bc40a1b68775b08360f87db","name":"Reda\u00e7\u00e3o CP","image":{"@type":"ImageObject","inLanguage":"pt-BR","@id":"https:\/\/cleitonpinheiro.com.br\/site\/#\/schema\/person\/image\/","url":"https:\/\/secure.gravatar.com\/avatar\/0bcf19cb29fdc8fc588c490c7ae1b3e174dac268586a63fbe1d1893a0f9020cd?s=96&r=g","contentUrl":"https:\/\/secure.gravatar.com\/avatar\/0bcf19cb29fdc8fc588c490c7ae1b3e174dac268586a63fbe1d1893a0f9020cd?s=96&r=g","caption":"Reda\u00e7\u00e3o CP"},"url":"https:\/\/cleitonpinheiro.com.br\/site\/author\/redacao\/"}]}},"views":139,"_links":{"self":[{"href":"https:\/\/cleitonpinheiro.com.br\/site\/wp-json\/wp\/v2\/posts\/73045","targetHints":{"allow":["GET"]}}],"collection":[{"href":"https:\/\/cleitonpinheiro.com.br\/site\/wp-json\/wp\/v2\/posts"}],"about":[{"href":"https:\/\/cleitonpinheiro.com.br\/site\/wp-json\/wp\/v2\/types\/post"}],"author":[{"embeddable":true,"href":"https:\/\/cleitonpinheiro.com.br\/site\/wp-json\/wp\/v2\/users\/13"}],"replies":[{"embeddable":true,"href":"https:\/\/cleitonpinheiro.com.br\/site\/wp-json\/wp\/v2\/comments?post=73045"}],"version-history":[{"count":1,"href":"https:\/\/cleitonpinheiro.com.br\/site\/wp-json\/wp\/v2\/posts\/73045\/revisions"}],"predecessor-version":[{"id":73047,"href":"https:\/\/cleitonpinheiro.com.br\/site\/wp-json\/wp\/v2\/posts\/73045\/revisions\/73047"}],"wp:attachment":[{"href":"https:\/\/cleitonpinheiro.com.br\/site\/wp-json\/wp\/v2\/media?parent=73045"}],"wp:term":[{"taxonomy":"category","embeddable":true,"href":"https:\/\/cleitonpinheiro.com.br\/site\/wp-json\/wp\/v2\/categories?post=73045"},{"taxonomy":"post_tag","embeddable":true,"href":"https:\/\/cleitonpinheiro.com.br\/site\/wp-json\/wp\/v2\/tags?post=73045"}],"curies":[{"name":"wp","href":"https:\/\/api.w.org\/{rel}","templated":true}]}}