{"id":73048,"date":"2023-07-20T13:59:32","date_gmt":"2023-07-20T16:59:32","guid":{"rendered":"https:\/\/cleitonpinheiro.com.br\/site\/?p=73048"},"modified":"2023-08-07T11:54:17","modified_gmt":"2023-08-07T14:54:17","slug":"ministerio-da-fazenda-apresenta-17-propostas-para-reformas-financeiras","status":"publish","type":"post","link":"https:\/\/cleitonpinheiro.com.br\/site\/ministerio-da-fazenda-apresenta-17-propostas-para-reformas-financeiras\/","title":{"rendered":"Minist\u00e9rio da Fazenda apresenta 17 propostas para reformas financeiras"},"content":{"rendered":"\n<figure class=\"wp-block-image size-full\"><img decoding=\"async\" src=\"https:\/\/cleitonpinheiro.com.br\/site\/wp-content\/uploads\/2023\/07\/vac_abr1707233635.jpg\" alt=\"fernando haddad\" class=\"wp-image-73049\"\/><figcaption class=\"wp-element-caption\">Ministro Haddad apresenta proposta enviadas por entidades privadas &#8211; Foto: Valter Campanato\/Ag\u00eancia Brasil<\/figcaption><\/figure>\n\n\n\n<p class=\"wp-block-paragraph\"><strong>Da Ag\u00eancia Brasil<\/strong><\/p>\n\n\n\n<p class=\"wp-block-paragraph\">O Minist\u00e9rio da Fazenda apresentou nesta quinta-feira (20) 17 propostas para reformas financeiras no pa\u00eds. As a\u00e7\u00f5es, apresentadas por entidades do setor privado, envolvem medidas nos segmentos de tributa\u00e7\u00e3o, seguros, previd\u00eancia,&nbsp; mercado de capitais e cr\u00e9dito.<img decoding=\"async\" src=\"https:\/\/agenciabrasil.ebc.com.br\/ebc.png?id=1544629&amp;o=node\"><img decoding=\"async\" src=\"https:\/\/agenciabrasil.ebc.com.br\/ebc.gif?id=1544629&amp;o=node\"><\/p>\n\n\n\n<p class=\"wp-block-paragraph\">A Agenda de Reformas Financeiras &#8211; Ciclo 2023-2024, come\u00e7ou com o convite a 40 associa\u00e7\u00f5es do setor privado, que enviaram 120 propostas para o governo, das quais 17 foram selecionadas para receberem prioridade.<\/p>\n\n\n\n<p class=\"wp-block-paragraph\">&#8220;S\u00e3o diversas propostas que a gente est\u00e1 fazendo em di\u00e1logo com o setor privado para implementar uma s\u00e9rie de pequenas reformas que, em conjunto, v\u00e3o ter um impacto muito significativo na economia brasileira. \u00c9 a melhor forma de fazer reformas, e talvez seja a \u00fanica forma de fazer reformas, seja mediante o di\u00e1logo com a sociedade&#8221;, afirmou o secret\u00e1rio nacional de Reformas Econ\u00f4micas, Marcos Barbosa Pinto.<\/p>\n\n\n\n<p class=\"wp-block-paragraph\">Cada proposta ser\u00e1 trabalhada por uma equipe tem\u00e1tica, a partir de agosto. Durante um ano, a equipe discutir\u00e1 o assunto e, ao final, preparar\u00e1 um relat\u00f3rio, que dever\u00e1 ser entregue em maio de 2024.<\/p>\n\n\n\n<p class=\"wp-block-paragraph\">&#8220;A ideia dessa agenda \u00e9 fazer subgrupos de discuss\u00e3o para cada um desses 17 temas, para que, a partir do ano que vem, a gente comece a transform\u00e1-lo em projetos de lei, em iniciativas de pol\u00edtica p\u00fablica para implementar essas reformas que s\u00e3o muito importantes para o pa\u00eds&#8221;, disse o secret\u00e1rio.<\/p>\n\n\n\n<p class=\"wp-block-paragraph\">&#8220;N\u00f3s recebemos uma centena de propostas. E n\u00f3s selecionamos as 17 que podem efetivamente impactar mais e no curto prazo, se n\u00f3s trabalharmos juntos, em equipe, e formularmos solu\u00e7\u00f5es inovadoras para problemas espec\u00edficos bem identificados. Se a gente souber lidar com isso, a cada semestre, a gente vai ter uma agenda nova&#8221;, disse o ministro da Fazenda, Fernando Haddad, durante apresenta\u00e7\u00e3o das propostas, no Rio de Janeiro.<\/p>\n\n\n\n<p class=\"wp-block-paragraph\">Entre as associa\u00e7\u00f5es que tiveram propostas selecionadas est\u00e3o a Associa\u00e7\u00e3o Brasileira das Entidades dos Mercados Financeiro e de Capitais (Anbima), a Federa\u00e7\u00e3o Brasileira dos Bancos (Febraban) e Associa\u00e7\u00e3o Brasileira das Entidades de Cr\u00e9dito Imobili\u00e1rio e Poupan\u00e7a (Abecip).<\/p>\n\n\n\n<p class=\"wp-block-paragraph\">Confira as propostas para reformas financeiras: <a href=\"https:\/\/agenciabrasil.ebc.com.br\/sites\/default\/files\/atoms\/files\/agenda_-_sre.pdf\">agenda de reformas financeiras<\/a><\/p>\n","protected":false},"excerpt":{"rendered":"<p>Da Ag\u00eancia Brasil O Minist\u00e9rio da Fazenda apresentou nesta quinta-feira (20) 17 propostas para reformas financeiras no pa\u00eds. As a\u00e7\u00f5es, apresentadas por entidades do setor privado, envolvem medidas nos segmentos de tributa\u00e7\u00e3o, seguros, previd\u00eancia,&nbsp; mercado de capitais e cr\u00e9dito. A Agenda de Reformas Financeiras &#8211; Ciclo 2023-2024, come\u00e7ou com o convite a 40 associa\u00e7\u00f5es do [&hellip;]<\/p>\n","protected":false},"author":13,"featured_media":0,"comment_status":"open","ping_status":"open","sticky":false,"template":"","format":"standard","meta":{"_acf_changed":false,"footnotes":""},"categories":[19,898],"tags":[1017,911,1016,1015],"class_list":["post-73048","post","type-post","status-publish","format-standard","hentry","category-brasil-mundo","category-manchete-segundaria","tag-fernando-haddad","tag-governo-federal","tag-ministerio-da-fazenda","tag-reforma-financeira"],"acf":[],"yoast_head":"<!-- This site is optimized with the Yoast SEO plugin v24.4 - https:\/\/yoast.com\/wordpress\/plugins\/seo\/ -->\n<title>Minist\u00e9rio da Fazenda apresenta 17 propostas para reformas financeiras - PORTAL DE NOT\u00cdCIAS CLEITON PINHEIRO<\/title>\n<meta name=\"robots\" content=\"index, follow, max-snippet:-1, max-image-preview:large, max-video-preview:-1\" \/>\n<link rel=\"canonical\" href=\"https:\/\/cleitonpinheiro.com.br\/site\/ministerio-da-fazenda-apresenta-17-propostas-para-reformas-financeiras\/\" \/>\n<meta property=\"og:locale\" content=\"pt_BR\" \/>\n<meta property=\"og:type\" content=\"article\" \/>\n<meta property=\"og:title\" content=\"Minist\u00e9rio da Fazenda apresenta 17 propostas para reformas financeiras - PORTAL DE NOT\u00cdCIAS CLEITON PINHEIRO\" \/>\n<meta property=\"og:description\" content=\"Da Ag\u00eancia Brasil O Minist\u00e9rio da Fazenda apresentou nesta quinta-feira (20) 17 propostas para reformas financeiras no pa\u00eds. As a\u00e7\u00f5es, apresentadas por entidades do setor privado, envolvem medidas nos segmentos de tributa\u00e7\u00e3o, seguros, previd\u00eancia,&nbsp; mercado de capitais e cr\u00e9dito. A Agenda de Reformas Financeiras &#8211; Ciclo 2023-2024, come\u00e7ou com o convite a 40 associa\u00e7\u00f5es do [&hellip;]\" \/>\n<meta property=\"og:url\" content=\"https:\/\/cleitonpinheiro.com.br\/site\/ministerio-da-fazenda-apresenta-17-propostas-para-reformas-financeiras\/\" \/>\n<meta property=\"og:site_name\" content=\"PORTAL DE NOT\u00cdCIAS CLEITON PINHEIRO\" \/>\n<meta property=\"article:publisher\" content=\"https:\/\/www.facebook.com\/portalcpnoticias\/\" \/>\n<meta property=\"article:published_time\" content=\"2023-07-20T16:59:32+00:00\" \/>\n<meta property=\"article:modified_time\" content=\"2023-08-07T14:54:17+00:00\" \/>\n<meta property=\"og:image\" content=\"https:\/\/cleitonpinheiro.com.br\/site\/wp-content\/uploads\/2023\/07\/vac_abr1707233635.jpg\" \/>\n\t<meta property=\"og:image:width\" content=\"1170\" \/>\n\t<meta property=\"og:image:height\" content=\"700\" \/>\n\t<meta property=\"og:image:type\" content=\"image\/jpeg\" \/>\n<meta name=\"author\" content=\"Reda\u00e7\u00e3o CP\" \/>\n<meta name=\"twitter:card\" content=\"summary_large_image\" \/>\n<meta name=\"twitter:label1\" content=\"Escrito por\" \/>\n\t<meta name=\"twitter:data1\" content=\"Reda\u00e7\u00e3o CP\" \/>\n\t<meta name=\"twitter:label2\" content=\"Est. tempo de leitura\" \/>\n\t<meta name=\"twitter:data2\" content=\"3 minutos\" \/>\n<script type=\"application\/ld+json\" class=\"yoast-schema-graph\">{\"@context\":\"https:\/\/schema.org\",\"@graph\":[{\"@type\":\"Article\",\"@id\":\"https:\/\/cleitonpinheiro.com.br\/site\/ministerio-da-fazenda-apresenta-17-propostas-para-reformas-financeiras\/#article\",\"isPartOf\":{\"@id\":\"https:\/\/cleitonpinheiro.com.br\/site\/ministerio-da-fazenda-apresenta-17-propostas-para-reformas-financeiras\/\"},\"author\":{\"name\":\"Reda\u00e7\u00e3o CP\",\"@id\":\"https:\/\/cleitonpinheiro.com.br\/site\/#\/schema\/person\/8f04544e0bc40a1b68775b08360f87db\"},\"headline\":\"Minist\u00e9rio da Fazenda apresenta 17 propostas para reformas financeiras\",\"datePublished\":\"2023-07-20T16:59:32+00:00\",\"dateModified\":\"2023-08-07T14:54:17+00:00\",\"mainEntityOfPage\":{\"@id\":\"https:\/\/cleitonpinheiro.com.br\/site\/ministerio-da-fazenda-apresenta-17-propostas-para-reformas-financeiras\/\"},\"wordCount\":391,\"commentCount\":0,\"publisher\":{\"@id\":\"https:\/\/cleitonpinheiro.com.br\/site\/#organization\"},\"image\":{\"@id\":\"https:\/\/cleitonpinheiro.com.br\/site\/ministerio-da-fazenda-apresenta-17-propostas-para-reformas-financeiras\/#primaryimage\"},\"thumbnailUrl\":\"https:\/\/cleitonpinheiro.com.br\/site\/wp-content\/uploads\/2023\/07\/vac_abr1707233635.jpg\",\"keywords\":[\"Fernando Haddad\",\"governo federal\",\"Minist\u00e9rio da Fazenda\",\"reforma financeira\"],\"articleSection\":[\"BRASIL \/ MUNDO\",\"MANCHETE SEGUND\u00c1RIA\"],\"inLanguage\":\"pt-BR\",\"potentialAction\":[{\"@type\":\"CommentAction\",\"name\":\"Comment\",\"target\":[\"https:\/\/cleitonpinheiro.com.br\/site\/ministerio-da-fazenda-apresenta-17-propostas-para-reformas-financeiras\/#respond\"]}]},{\"@type\":\"WebPage\",\"@id\":\"https:\/\/cleitonpinheiro.com.br\/site\/ministerio-da-fazenda-apresenta-17-propostas-para-reformas-financeiras\/\",\"url\":\"https:\/\/cleitonpinheiro.com.br\/site\/ministerio-da-fazenda-apresenta-17-propostas-para-reformas-financeiras\/\",\"name\":\"Minist\u00e9rio da Fazenda apresenta 17 propostas para reformas financeiras - PORTAL DE NOT\u00cdCIAS CLEITON PINHEIRO\",\"isPartOf\":{\"@id\":\"https:\/\/cleitonpinheiro.com.br\/site\/#website\"},\"primaryImageOfPage\":{\"@id\":\"https:\/\/cleitonpinheiro.com.br\/site\/ministerio-da-fazenda-apresenta-17-propostas-para-reformas-financeiras\/#primaryimage\"},\"image\":{\"@id\":\"https:\/\/cleitonpinheiro.com.br\/site\/ministerio-da-fazenda-apresenta-17-propostas-para-reformas-financeiras\/#primaryimage\"},\"thumbnailUrl\":\"https:\/\/cleitonpinheiro.com.br\/site\/wp-content\/uploads\/2023\/07\/vac_abr1707233635.jpg\",\"datePublished\":\"2023-07-20T16:59:32+00:00\",\"dateModified\":\"2023-08-07T14:54:17+00:00\",\"breadcrumb\":{\"@id\":\"https:\/\/cleitonpinheiro.com.br\/site\/ministerio-da-fazenda-apresenta-17-propostas-para-reformas-financeiras\/#breadcrumb\"},\"inLanguage\":\"pt-BR\",\"potentialAction\":[{\"@type\":\"ReadAction\",\"target\":[\"https:\/\/cleitonpinheiro.com.br\/site\/ministerio-da-fazenda-apresenta-17-propostas-para-reformas-financeiras\/\"]}]},{\"@type\":\"ImageObject\",\"inLanguage\":\"pt-BR\",\"@id\":\"https:\/\/cleitonpinheiro.com.br\/site\/ministerio-da-fazenda-apresenta-17-propostas-para-reformas-financeiras\/#primaryimage\",\"url\":\"\",\"contentUrl\":\"\"},{\"@type\":\"BreadcrumbList\",\"@id\":\"https:\/\/cleitonpinheiro.com.br\/site\/ministerio-da-fazenda-apresenta-17-propostas-para-reformas-financeiras\/#breadcrumb\",\"itemListElement\":[{\"@type\":\"ListItem\",\"position\":1,\"name\":\"In\u00edcio\",\"item\":\"https:\/\/cleitonpinheiro.com.br\/site\/\"},{\"@type\":\"ListItem\",\"position\":2,\"name\":\"Minist\u00e9rio da Fazenda apresenta 17 propostas para reformas financeiras\"}]},{\"@type\":\"WebSite\",\"@id\":\"https:\/\/cleitonpinheiro.com.br\/site\/#website\",\"url\":\"https:\/\/cleitonpinheiro.com.br\/site\/\",\"name\":\"PORTAL DE NOT\u00cdCIAS CLEITON PINHEIRO\",\"description\":\"FALANDO A VERDADE\",\"publisher\":{\"@id\":\"https:\/\/cleitonpinheiro.com.br\/site\/#organization\"},\"potentialAction\":[{\"@type\":\"SearchAction\",\"target\":{\"@type\":\"EntryPoint\",\"urlTemplate\":\"https:\/\/cleitonpinheiro.com.br\/site\/?s={search_term_string}\"},\"query-input\":{\"@type\":\"PropertyValueSpecification\",\"valueRequired\":true,\"valueName\":\"search_term_string\"}}],\"inLanguage\":\"pt-BR\"},{\"@type\":\"Organization\",\"@id\":\"https:\/\/cleitonpinheiro.com.br\/site\/#organization\",\"name\":\"CPNOT\u00cdCIAS\",\"url\":\"https:\/\/cleitonpinheiro.com.br\/site\/\",\"logo\":{\"@type\":\"ImageObject\",\"inLanguage\":\"pt-BR\",\"@id\":\"https:\/\/cleitonpinheiro.com.br\/site\/#\/schema\/logo\/image\/\",\"url\":\"https:\/\/cleitonpinheiro.com.br\/site\/wp-content\/uploads\/2022\/08\/Logo-pequena-2.png\",\"contentUrl\":\"https:\/\/cleitonpinheiro.com.br\/site\/wp-content\/uploads\/2022\/08\/Logo-pequena-2.png\",\"width\":500,\"height\":500,\"caption\":\"CPNOT\u00cdCIAS\"},\"image\":{\"@id\":\"https:\/\/cleitonpinheiro.com.br\/site\/#\/schema\/logo\/image\/\"},\"sameAs\":[\"https:\/\/www.facebook.com\/portalcpnoticias\/\"]},{\"@type\":\"Person\",\"@id\":\"https:\/\/cleitonpinheiro.com.br\/site\/#\/schema\/person\/8f04544e0bc40a1b68775b08360f87db\",\"name\":\"Reda\u00e7\u00e3o CP\",\"image\":{\"@type\":\"ImageObject\",\"inLanguage\":\"pt-BR\",\"@id\":\"https:\/\/cleitonpinheiro.com.br\/site\/#\/schema\/person\/image\/\",\"url\":\"https:\/\/secure.gravatar.com\/avatar\/0bcf19cb29fdc8fc588c490c7ae1b3e174dac268586a63fbe1d1893a0f9020cd?s=96&r=g\",\"contentUrl\":\"https:\/\/secure.gravatar.com\/avatar\/0bcf19cb29fdc8fc588c490c7ae1b3e174dac268586a63fbe1d1893a0f9020cd?s=96&r=g\",\"caption\":\"Reda\u00e7\u00e3o CP\"},\"url\":\"https:\/\/cleitonpinheiro.com.br\/site\/author\/redacao\/\"}]}<\/script>\n<!-- \/ Yoast SEO plugin. -->","yoast_head_json":{"title":"Minist\u00e9rio da Fazenda apresenta 17 propostas para reformas financeiras - PORTAL DE NOT\u00cdCIAS CLEITON PINHEIRO","robots":{"index":"index","follow":"follow","max-snippet":"max-snippet:-1","max-image-preview":"max-image-preview:large","max-video-preview":"max-video-preview:-1"},"canonical":"https:\/\/cleitonpinheiro.com.br\/site\/ministerio-da-fazenda-apresenta-17-propostas-para-reformas-financeiras\/","og_locale":"pt_BR","og_type":"article","og_title":"Minist\u00e9rio da Fazenda apresenta 17 propostas para reformas financeiras - PORTAL DE NOT\u00cdCIAS CLEITON PINHEIRO","og_description":"Da Ag\u00eancia Brasil O Minist\u00e9rio da Fazenda apresentou nesta quinta-feira (20) 17 propostas para reformas financeiras no pa\u00eds. As a\u00e7\u00f5es, apresentadas por entidades do setor privado, envolvem medidas nos segmentos de tributa\u00e7\u00e3o, seguros, previd\u00eancia,&nbsp; mercado de capitais e cr\u00e9dito. A Agenda de Reformas Financeiras &#8211; Ciclo 2023-2024, come\u00e7ou com o convite a 40 associa\u00e7\u00f5es do [&hellip;]","og_url":"https:\/\/cleitonpinheiro.com.br\/site\/ministerio-da-fazenda-apresenta-17-propostas-para-reformas-financeiras\/","og_site_name":"PORTAL DE NOT\u00cdCIAS CLEITON PINHEIRO","article_publisher":"https:\/\/www.facebook.com\/portalcpnoticias\/","article_published_time":"2023-07-20T16:59:32+00:00","article_modified_time":"2023-08-07T14:54:17+00:00","og_image":[{"width":1170,"height":700,"url":"https:\/\/cleitonpinheiro.com.br\/site\/wp-content\/uploads\/2023\/07\/vac_abr1707233635.jpg","type":"image\/jpeg"}],"author":"Reda\u00e7\u00e3o CP","twitter_card":"summary_large_image","twitter_misc":{"Escrito por":"Reda\u00e7\u00e3o CP","Est. tempo de leitura":"3 minutos"},"schema":{"@context":"https:\/\/schema.org","@graph":[{"@type":"Article","@id":"https:\/\/cleitonpinheiro.com.br\/site\/ministerio-da-fazenda-apresenta-17-propostas-para-reformas-financeiras\/#article","isPartOf":{"@id":"https:\/\/cleitonpinheiro.com.br\/site\/ministerio-da-fazenda-apresenta-17-propostas-para-reformas-financeiras\/"},"author":{"name":"Reda\u00e7\u00e3o CP","@id":"https:\/\/cleitonpinheiro.com.br\/site\/#\/schema\/person\/8f04544e0bc40a1b68775b08360f87db"},"headline":"Minist\u00e9rio da Fazenda apresenta 17 propostas para reformas financeiras","datePublished":"2023-07-20T16:59:32+00:00","dateModified":"2023-08-07T14:54:17+00:00","mainEntityOfPage":{"@id":"https:\/\/cleitonpinheiro.com.br\/site\/ministerio-da-fazenda-apresenta-17-propostas-para-reformas-financeiras\/"},"wordCount":391,"commentCount":0,"publisher":{"@id":"https:\/\/cleitonpinheiro.com.br\/site\/#organization"},"image":{"@id":"https:\/\/cleitonpinheiro.com.br\/site\/ministerio-da-fazenda-apresenta-17-propostas-para-reformas-financeiras\/#primaryimage"},"thumbnailUrl":"https:\/\/cleitonpinheiro.com.br\/site\/wp-content\/uploads\/2023\/07\/vac_abr1707233635.jpg","keywords":["Fernando Haddad","governo federal","Minist\u00e9rio da Fazenda","reforma financeira"],"articleSection":["BRASIL \/ MUNDO","MANCHETE SEGUND\u00c1RIA"],"inLanguage":"pt-BR","potentialAction":[{"@type":"CommentAction","name":"Comment","target":["https:\/\/cleitonpinheiro.com.br\/site\/ministerio-da-fazenda-apresenta-17-propostas-para-reformas-financeiras\/#respond"]}]},{"@type":"WebPage","@id":"https:\/\/cleitonpinheiro.com.br\/site\/ministerio-da-fazenda-apresenta-17-propostas-para-reformas-financeiras\/","url":"https:\/\/cleitonpinheiro.com.br\/site\/ministerio-da-fazenda-apresenta-17-propostas-para-reformas-financeiras\/","name":"Minist\u00e9rio da Fazenda apresenta 17 propostas para reformas financeiras - PORTAL DE NOT\u00cdCIAS CLEITON PINHEIRO","isPartOf":{"@id":"https:\/\/cleitonpinheiro.com.br\/site\/#website"},"primaryImageOfPage":{"@id":"https:\/\/cleitonpinheiro.com.br\/site\/ministerio-da-fazenda-apresenta-17-propostas-para-reformas-financeiras\/#primaryimage"},"image":{"@id":"https:\/\/cleitonpinheiro.com.br\/site\/ministerio-da-fazenda-apresenta-17-propostas-para-reformas-financeiras\/#primaryimage"},"thumbnailUrl":"https:\/\/cleitonpinheiro.com.br\/site\/wp-content\/uploads\/2023\/07\/vac_abr1707233635.jpg","datePublished":"2023-07-20T16:59:32+00:00","dateModified":"2023-08-07T14:54:17+00:00","breadcrumb":{"@id":"https:\/\/cleitonpinheiro.com.br\/site\/ministerio-da-fazenda-apresenta-17-propostas-para-reformas-financeiras\/#breadcrumb"},"inLanguage":"pt-BR","potentialAction":[{"@type":"ReadAction","target":["https:\/\/cleitonpinheiro.com.br\/site\/ministerio-da-fazenda-apresenta-17-propostas-para-reformas-financeiras\/"]}]},{"@type":"ImageObject","inLanguage":"pt-BR","@id":"https:\/\/cleitonpinheiro.com.br\/site\/ministerio-da-fazenda-apresenta-17-propostas-para-reformas-financeiras\/#primaryimage","url":"","contentUrl":""},{"@type":"BreadcrumbList","@id":"https:\/\/cleitonpinheiro.com.br\/site\/ministerio-da-fazenda-apresenta-17-propostas-para-reformas-financeiras\/#breadcrumb","itemListElement":[{"@type":"ListItem","position":1,"name":"In\u00edcio","item":"https:\/\/cleitonpinheiro.com.br\/site\/"},{"@type":"ListItem","position":2,"name":"Minist\u00e9rio da Fazenda apresenta 17 propostas para reformas financeiras"}]},{"@type":"WebSite","@id":"https:\/\/cleitonpinheiro.com.br\/site\/#website","url":"https:\/\/cleitonpinheiro.com.br\/site\/","name":"PORTAL DE NOT\u00cdCIAS CLEITON PINHEIRO","description":"FALANDO A VERDADE","publisher":{"@id":"https:\/\/cleitonpinheiro.com.br\/site\/#organization"},"potentialAction":[{"@type":"SearchAction","target":{"@type":"EntryPoint","urlTemplate":"https:\/\/cleitonpinheiro.com.br\/site\/?s={search_term_string}"},"query-input":{"@type":"PropertyValueSpecification","valueRequired":true,"valueName":"search_term_string"}}],"inLanguage":"pt-BR"},{"@type":"Organization","@id":"https:\/\/cleitonpinheiro.com.br\/site\/#organization","name":"CPNOT\u00cdCIAS","url":"https:\/\/cleitonpinheiro.com.br\/site\/","logo":{"@type":"ImageObject","inLanguage":"pt-BR","@id":"https:\/\/cleitonpinheiro.com.br\/site\/#\/schema\/logo\/image\/","url":"https:\/\/cleitonpinheiro.com.br\/site\/wp-content\/uploads\/2022\/08\/Logo-pequena-2.png","contentUrl":"https:\/\/cleitonpinheiro.com.br\/site\/wp-content\/uploads\/2022\/08\/Logo-pequena-2.png","width":500,"height":500,"caption":"CPNOT\u00cdCIAS"},"image":{"@id":"https:\/\/cleitonpinheiro.com.br\/site\/#\/schema\/logo\/image\/"},"sameAs":["https:\/\/www.facebook.com\/portalcpnoticias\/"]},{"@type":"Person","@id":"https:\/\/cleitonpinheiro.com.br\/site\/#\/schema\/person\/8f04544e0bc40a1b68775b08360f87db","name":"Reda\u00e7\u00e3o CP","image":{"@type":"ImageObject","inLanguage":"pt-BR","@id":"https:\/\/cleitonpinheiro.com.br\/site\/#\/schema\/person\/image\/","url":"https:\/\/secure.gravatar.com\/avatar\/0bcf19cb29fdc8fc588c490c7ae1b3e174dac268586a63fbe1d1893a0f9020cd?s=96&r=g","contentUrl":"https:\/\/secure.gravatar.com\/avatar\/0bcf19cb29fdc8fc588c490c7ae1b3e174dac268586a63fbe1d1893a0f9020cd?s=96&r=g","caption":"Reda\u00e7\u00e3o CP"},"url":"https:\/\/cleitonpinheiro.com.br\/site\/author\/redacao\/"}]}},"views":145,"_links":{"self":[{"href":"https:\/\/cleitonpinheiro.com.br\/site\/wp-json\/wp\/v2\/posts\/73048","targetHints":{"allow":["GET"]}}],"collection":[{"href":"https:\/\/cleitonpinheiro.com.br\/site\/wp-json\/wp\/v2\/posts"}],"about":[{"href":"https:\/\/cleitonpinheiro.com.br\/site\/wp-json\/wp\/v2\/types\/post"}],"author":[{"embeddable":true,"href":"https:\/\/cleitonpinheiro.com.br\/site\/wp-json\/wp\/v2\/users\/13"}],"replies":[{"embeddable":true,"href":"https:\/\/cleitonpinheiro.com.br\/site\/wp-json\/wp\/v2\/comments?post=73048"}],"version-history":[{"count":1,"href":"https:\/\/cleitonpinheiro.com.br\/site\/wp-json\/wp\/v2\/posts\/73048\/revisions"}],"predecessor-version":[{"id":73050,"href":"https:\/\/cleitonpinheiro.com.br\/site\/wp-json\/wp\/v2\/posts\/73048\/revisions\/73050"}],"wp:attachment":[{"href":"https:\/\/cleitonpinheiro.com.br\/site\/wp-json\/wp\/v2\/media?parent=73048"}],"wp:term":[{"taxonomy":"category","embeddable":true,"href":"https:\/\/cleitonpinheiro.com.br\/site\/wp-json\/wp\/v2\/categories?post=73048"},{"taxonomy":"post_tag","embeddable":true,"href":"https:\/\/cleitonpinheiro.com.br\/site\/wp-json\/wp\/v2\/tags?post=73048"}],"curies":[{"name":"wp","href":"https:\/\/api.w.org\/{rel}","templated":true}]}}