{"id":73088,"date":"2023-07-24T18:01:13","date_gmt":"2023-07-24T21:01:13","guid":{"rendered":"https:\/\/cleitonpinheiro.com.br\/site\/?p=73088"},"modified":"2023-08-02T20:13:04","modified_gmt":"2023-08-02T23:13:04","slug":"ex-pm-confirma-participacao-de-mais-pessoas-no-assassinato-de-marielle","status":"publish","type":"post","link":"https:\/\/cleitonpinheiro.com.br\/site\/ex-pm-confirma-participacao-de-mais-pessoas-no-assassinato-de-marielle\/","title":{"rendered":"Ex-PM confirma participa\u00e7\u00e3o de mais pessoas no assassinato de Marielle"},"content":{"rendered":"\n<figure class=\"wp-block-image size-full\"><img decoding=\"async\" src=\"https:\/\/cleitonpinheiro.com.br\/site\/wp-content\/uploads\/2023\/07\/marielle_1.jpg\" alt=\"\" class=\"wp-image-73089\"\/><figcaption class=\"wp-element-caption\">Vereadora Marielle Franco e seu motorista Anderson Gomes foram assassinados em mar\u00e7o de 2018 &#8211; Foto: Marcelo Freixo\/Wikimedia Commons<\/figcaption><\/figure>\n\n\n\n<p class=\"wp-block-paragraph\"><strong>Ag\u00eancia Brasil<\/strong><\/p>\n\n\n\n<p class=\"wp-block-paragraph\">O ex-policial militar (PM) \u00c9lcio de Queiroz fechou dela\u00e7\u00e3o premiada com a Pol\u00edcia Federal (PF) e com o Minist\u00e9rio P\u00fablico do Rio de Janeiro (MPRJ) confirmando a participa\u00e7\u00e3o dele, de Ronnie Lessa e do ex-bombeiro Maxwell Sim\u00f5es Corr\u00eaa no assassinato da vereadora Marielle Franco e do motorista Anderson Gomes. O ex-PM ainda indicou envolvimento de mais pessoas no crime, informa\u00e7\u00e3o que segue em segredo de Justi\u00e7a.\u00a0<img decoding=\"async\" src=\"https:\/\/agenciabrasil.ebc.com.br\/ebc.png?id=1545130&amp;o=node\"><img decoding=\"async\" src=\"https:\/\/agenciabrasil.ebc.com.br\/ebc.gif?id=1545130&amp;o=node\"><\/p>\n\n\n\n<p class=\"wp-block-paragraph\">\u201cO senhor \u00c9lcio narra a din\u00e2mica do crime, narra a participa\u00e7\u00e3o dele pr\u00f3prio e do Ronnie Lessa e aponta o Maxwell e outras pessoas como copart\u00edcipes desse evento criminoso\u201d, informou nesta segunda-feira (24) o ministro da Justi\u00e7a e Seguran\u00e7a P\u00fablica, Fl\u00e1vio Dino. O ministro acrescentou que h\u00e1 cl\u00e1usulas de seguran\u00e7a no acordo que impedem a divulga\u00e7\u00e3o de maiores informa\u00e7\u00f5es.&nbsp;<\/p>\n\n\n\n<p class=\"wp-block-paragraph\">\u201c\u00c9 muito sens\u00edvel. Envolve outras pessoas, envolve pessoas que t\u00eam uma not\u00f3ria periculosidade e, por isso mesmo, o poder Judici\u00e1rio, corretamente na nossa vis\u00e3o, quebrou o sigilo de uma pequena parte da dela\u00e7\u00e3o, mas a maior parte da dela\u00e7\u00e3o permanecer\u00e1 em sigilo at\u00e9 a conclus\u00e3o dessas opera\u00e7\u00f5es\u201d, explicou Dino.<\/p>\n\n\n\n<p class=\"wp-block-paragraph\">Para o ministro Fl\u00e1vio Dino, a colabora\u00e7\u00e3o premiada de \u00c9lcio de Queiroz encerrou uma fase da investiga\u00e7\u00e3o ao retirar todas as d\u00favidas sobre a execu\u00e7\u00e3o do crime, abrindo a possibilidade de a pol\u00edcia chegar aos mandantes do duplo assassinato. \u201cH\u00e1 um avan\u00e7o, uma esp\u00e9cie de mudan\u00e7a de patamar da investiga\u00e7\u00e3o. A investiga\u00e7\u00e3o agora se conclui em rela\u00e7\u00e3o ao patamar da execu\u00e7\u00e3o e h\u00e1 elementos para novo patamar: a da identifica\u00e7\u00e3o dos mandates do crime\u201d, destacou o ministro, que acrescentou que nas pr\u00f3ximas semanas \u201cprovavelmente haver\u00e1 novas opera\u00e7\u00f5es derivadas desse conjunto de provas colhido no dia de hoje\u201d.&nbsp;<\/p>\n\n\n\n<p class=\"wp-block-paragraph\">O chefe da pasta da Justi\u00e7a e Seguran\u00e7a P\u00fablica argumentou que a dela\u00e7\u00e3o s\u00f3 foi fechada porque as provas colhidas desde o in\u00edcio do ano tornaram evidente a participa\u00e7\u00e3o de Ronnie e \u00c9lcio no crime, o que teria tornado dif\u00edcil a manuten\u00e7\u00e3o da tese da defesa de \u00c9lcio que negava o envolvimento do ex-PM no caso.&nbsp;<\/p>\n\n\n\n<p class=\"wp-block-paragraph\">Em fevereiro deste ano, a Pol\u00edcia Federal e a Pol\u00edcia Penal Federal ingressaram na investiga\u00e7\u00e3o em parceria com o Minist\u00e9rio P\u00fablico do Rio de Janeiro. Questionado porque a investiga\u00e7\u00e3o anterior n\u00e3o tinha conseguido avan\u00e7ar nas investiga\u00e7\u00f5es, Dino respondeu que a participa\u00e7\u00e3o das pol\u00edcias federais permitiu uma maior uni\u00e3o de esfor\u00e7os. \u201cRespeitamos as investiga\u00e7\u00f5es j\u00e1 ocorridas, mas o ingresso da Pol\u00edcia Federal permitiu maior uni\u00e3o. Ent\u00e3o o elemento da uni\u00e3o de for\u00e7as permitiu esse resultado\u201d, opinou.&nbsp;<\/p>\n\n\n\n<p class=\"wp-block-paragraph\">A opera\u00e7\u00e3o desta segunda-feira que prendeu o<a href=\"https:\/\/agenciabrasil.ebc.com.br\/geral\/noticia\/2023-07\/operacao-que-apura-morte-de-marielle-prende-no-rio-ex-bombeiro\" target=\"_blank\" rel=\"noreferrer noopener\">&nbsp;ex-bombeiro Maxwell<\/a>, o \u201cSuel\u201d, foi um desdobramento da dela\u00e7\u00e3o premiada de \u00c9lcio de Queiroz.<\/p>\n","protected":false},"excerpt":{"rendered":"<p>Ag\u00eancia Brasil O ex-policial militar (PM) \u00c9lcio de Queiroz fechou dela\u00e7\u00e3o premiada com a Pol\u00edcia Federal (PF) e com o Minist\u00e9rio P\u00fablico do Rio de Janeiro (MPRJ) confirmando a participa\u00e7\u00e3o dele, de Ronnie Lessa e do ex-bombeiro Maxwell Sim\u00f5es Corr\u00eaa no assassinato da vereadora Marielle Franco e do motorista Anderson Gomes. O ex-PM ainda indicou [&hellip;]<\/p>\n","protected":false},"author":13,"featured_media":0,"comment_status":"open","ping_status":"open","sticky":false,"template":"","format":"standard","meta":{"_acf_changed":false,"footnotes":""},"categories":[19,898],"tags":[1027],"class_list":["post-73088","post","type-post","status-publish","format-standard","hentry","category-brasil-mundo","category-manchete-segundaria","tag-marielle-franco"],"acf":[],"yoast_head":"<!-- This site is optimized with the Yoast SEO plugin v24.4 - https:\/\/yoast.com\/wordpress\/plugins\/seo\/ -->\n<title>Ex-PM confirma participa\u00e7\u00e3o de mais pessoas no assassinato de Marielle - PORTAL DE NOT\u00cdCIAS CLEITON PINHEIRO<\/title>\n<meta name=\"robots\" content=\"index, follow, max-snippet:-1, max-image-preview:large, max-video-preview:-1\" \/>\n<link rel=\"canonical\" href=\"https:\/\/cleitonpinheiro.com.br\/site\/ex-pm-confirma-participacao-de-mais-pessoas-no-assassinato-de-marielle\/\" \/>\n<meta property=\"og:locale\" content=\"pt_BR\" \/>\n<meta property=\"og:type\" content=\"article\" \/>\n<meta property=\"og:title\" content=\"Ex-PM confirma participa\u00e7\u00e3o de mais pessoas no assassinato de Marielle - PORTAL DE NOT\u00cdCIAS CLEITON PINHEIRO\" \/>\n<meta property=\"og:description\" content=\"Ag\u00eancia Brasil O ex-policial militar (PM) \u00c9lcio de Queiroz fechou dela\u00e7\u00e3o premiada com a Pol\u00edcia Federal (PF) e com o Minist\u00e9rio P\u00fablico do Rio de Janeiro (MPRJ) confirmando a participa\u00e7\u00e3o dele, de Ronnie Lessa e do ex-bombeiro Maxwell Sim\u00f5es Corr\u00eaa no assassinato da vereadora Marielle Franco e do motorista Anderson Gomes. O ex-PM ainda indicou [&hellip;]\" \/>\n<meta property=\"og:url\" content=\"https:\/\/cleitonpinheiro.com.br\/site\/ex-pm-confirma-participacao-de-mais-pessoas-no-assassinato-de-marielle\/\" \/>\n<meta property=\"og:site_name\" content=\"PORTAL DE NOT\u00cdCIAS CLEITON PINHEIRO\" \/>\n<meta property=\"article:publisher\" content=\"https:\/\/www.facebook.com\/portalcpnoticias\/\" \/>\n<meta property=\"article:published_time\" content=\"2023-07-24T21:01:13+00:00\" \/>\n<meta property=\"article:modified_time\" content=\"2023-08-02T23:13:04+00:00\" \/>\n<meta property=\"og:image\" content=\"https:\/\/cleitonpinheiro.com.br\/site\/wp-content\/uploads\/2023\/07\/marielle_1.jpg\" \/>\n\t<meta property=\"og:image:width\" content=\"1170\" \/>\n\t<meta property=\"og:image:height\" content=\"700\" \/>\n\t<meta property=\"og:image:type\" content=\"image\/jpeg\" \/>\n<meta name=\"author\" content=\"Reda\u00e7\u00e3o CP\" \/>\n<meta name=\"twitter:card\" content=\"summary_large_image\" \/>\n<meta name=\"twitter:label1\" content=\"Escrito por\" \/>\n\t<meta name=\"twitter:data1\" content=\"Reda\u00e7\u00e3o CP\" \/>\n\t<meta name=\"twitter:label2\" content=\"Est. tempo de leitura\" \/>\n\t<meta name=\"twitter:data2\" content=\"4 minutos\" \/>\n<script type=\"application\/ld+json\" class=\"yoast-schema-graph\">{\"@context\":\"https:\/\/schema.org\",\"@graph\":[{\"@type\":\"Article\",\"@id\":\"https:\/\/cleitonpinheiro.com.br\/site\/ex-pm-confirma-participacao-de-mais-pessoas-no-assassinato-de-marielle\/#article\",\"isPartOf\":{\"@id\":\"https:\/\/cleitonpinheiro.com.br\/site\/ex-pm-confirma-participacao-de-mais-pessoas-no-assassinato-de-marielle\/\"},\"author\":{\"name\":\"Reda\u00e7\u00e3o CP\",\"@id\":\"https:\/\/cleitonpinheiro.com.br\/site\/#\/schema\/person\/8f04544e0bc40a1b68775b08360f87db\"},\"headline\":\"Ex-PM confirma participa\u00e7\u00e3o de mais pessoas no assassinato de Marielle\",\"datePublished\":\"2023-07-24T21:01:13+00:00\",\"dateModified\":\"2023-08-02T23:13:04+00:00\",\"mainEntityOfPage\":{\"@id\":\"https:\/\/cleitonpinheiro.com.br\/site\/ex-pm-confirma-participacao-de-mais-pessoas-no-assassinato-de-marielle\/\"},\"wordCount\":535,\"commentCount\":0,\"publisher\":{\"@id\":\"https:\/\/cleitonpinheiro.com.br\/site\/#organization\"},\"image\":{\"@id\":\"https:\/\/cleitonpinheiro.com.br\/site\/ex-pm-confirma-participacao-de-mais-pessoas-no-assassinato-de-marielle\/#primaryimage\"},\"thumbnailUrl\":\"https:\/\/cleitonpinheiro.com.br\/site\/wp-content\/uploads\/2023\/07\/marielle_1.jpg\",\"keywords\":[\"Marielle Franco\"],\"articleSection\":[\"BRASIL \/ MUNDO\",\"MANCHETE SEGUND\u00c1RIA\"],\"inLanguage\":\"pt-BR\",\"potentialAction\":[{\"@type\":\"CommentAction\",\"name\":\"Comment\",\"target\":[\"https:\/\/cleitonpinheiro.com.br\/site\/ex-pm-confirma-participacao-de-mais-pessoas-no-assassinato-de-marielle\/#respond\"]}]},{\"@type\":\"WebPage\",\"@id\":\"https:\/\/cleitonpinheiro.com.br\/site\/ex-pm-confirma-participacao-de-mais-pessoas-no-assassinato-de-marielle\/\",\"url\":\"https:\/\/cleitonpinheiro.com.br\/site\/ex-pm-confirma-participacao-de-mais-pessoas-no-assassinato-de-marielle\/\",\"name\":\"Ex-PM confirma participa\u00e7\u00e3o de mais pessoas no assassinato de Marielle - PORTAL DE NOT\u00cdCIAS CLEITON PINHEIRO\",\"isPartOf\":{\"@id\":\"https:\/\/cleitonpinheiro.com.br\/site\/#website\"},\"primaryImageOfPage\":{\"@id\":\"https:\/\/cleitonpinheiro.com.br\/site\/ex-pm-confirma-participacao-de-mais-pessoas-no-assassinato-de-marielle\/#primaryimage\"},\"image\":{\"@id\":\"https:\/\/cleitonpinheiro.com.br\/site\/ex-pm-confirma-participacao-de-mais-pessoas-no-assassinato-de-marielle\/#primaryimage\"},\"thumbnailUrl\":\"https:\/\/cleitonpinheiro.com.br\/site\/wp-content\/uploads\/2023\/07\/marielle_1.jpg\",\"datePublished\":\"2023-07-24T21:01:13+00:00\",\"dateModified\":\"2023-08-02T23:13:04+00:00\",\"breadcrumb\":{\"@id\":\"https:\/\/cleitonpinheiro.com.br\/site\/ex-pm-confirma-participacao-de-mais-pessoas-no-assassinato-de-marielle\/#breadcrumb\"},\"inLanguage\":\"pt-BR\",\"potentialAction\":[{\"@type\":\"ReadAction\",\"target\":[\"https:\/\/cleitonpinheiro.com.br\/site\/ex-pm-confirma-participacao-de-mais-pessoas-no-assassinato-de-marielle\/\"]}]},{\"@type\":\"ImageObject\",\"inLanguage\":\"pt-BR\",\"@id\":\"https:\/\/cleitonpinheiro.com.br\/site\/ex-pm-confirma-participacao-de-mais-pessoas-no-assassinato-de-marielle\/#primaryimage\",\"url\":\"\",\"contentUrl\":\"\"},{\"@type\":\"BreadcrumbList\",\"@id\":\"https:\/\/cleitonpinheiro.com.br\/site\/ex-pm-confirma-participacao-de-mais-pessoas-no-assassinato-de-marielle\/#breadcrumb\",\"itemListElement\":[{\"@type\":\"ListItem\",\"position\":1,\"name\":\"In\u00edcio\",\"item\":\"https:\/\/cleitonpinheiro.com.br\/site\/\"},{\"@type\":\"ListItem\",\"position\":2,\"name\":\"Ex-PM confirma participa\u00e7\u00e3o de mais pessoas no assassinato de Marielle\"}]},{\"@type\":\"WebSite\",\"@id\":\"https:\/\/cleitonpinheiro.com.br\/site\/#website\",\"url\":\"https:\/\/cleitonpinheiro.com.br\/site\/\",\"name\":\"PORTAL DE NOT\u00cdCIAS CLEITON PINHEIRO\",\"description\":\"FALANDO A VERDADE\",\"publisher\":{\"@id\":\"https:\/\/cleitonpinheiro.com.br\/site\/#organization\"},\"potentialAction\":[{\"@type\":\"SearchAction\",\"target\":{\"@type\":\"EntryPoint\",\"urlTemplate\":\"https:\/\/cleitonpinheiro.com.br\/site\/?s={search_term_string}\"},\"query-input\":{\"@type\":\"PropertyValueSpecification\",\"valueRequired\":true,\"valueName\":\"search_term_string\"}}],\"inLanguage\":\"pt-BR\"},{\"@type\":\"Organization\",\"@id\":\"https:\/\/cleitonpinheiro.com.br\/site\/#organization\",\"name\":\"CPNOT\u00cdCIAS\",\"url\":\"https:\/\/cleitonpinheiro.com.br\/site\/\",\"logo\":{\"@type\":\"ImageObject\",\"inLanguage\":\"pt-BR\",\"@id\":\"https:\/\/cleitonpinheiro.com.br\/site\/#\/schema\/logo\/image\/\",\"url\":\"https:\/\/cleitonpinheiro.com.br\/site\/wp-content\/uploads\/2022\/08\/Logo-pequena-2.png\",\"contentUrl\":\"https:\/\/cleitonpinheiro.com.br\/site\/wp-content\/uploads\/2022\/08\/Logo-pequena-2.png\",\"width\":500,\"height\":500,\"caption\":\"CPNOT\u00cdCIAS\"},\"image\":{\"@id\":\"https:\/\/cleitonpinheiro.com.br\/site\/#\/schema\/logo\/image\/\"},\"sameAs\":[\"https:\/\/www.facebook.com\/portalcpnoticias\/\"]},{\"@type\":\"Person\",\"@id\":\"https:\/\/cleitonpinheiro.com.br\/site\/#\/schema\/person\/8f04544e0bc40a1b68775b08360f87db\",\"name\":\"Reda\u00e7\u00e3o CP\",\"image\":{\"@type\":\"ImageObject\",\"inLanguage\":\"pt-BR\",\"@id\":\"https:\/\/cleitonpinheiro.com.br\/site\/#\/schema\/person\/image\/\",\"url\":\"https:\/\/secure.gravatar.com\/avatar\/0bcf19cb29fdc8fc588c490c7ae1b3e174dac268586a63fbe1d1893a0f9020cd?s=96&r=g\",\"contentUrl\":\"https:\/\/secure.gravatar.com\/avatar\/0bcf19cb29fdc8fc588c490c7ae1b3e174dac268586a63fbe1d1893a0f9020cd?s=96&r=g\",\"caption\":\"Reda\u00e7\u00e3o CP\"},\"url\":\"https:\/\/cleitonpinheiro.com.br\/site\/author\/redacao\/\"}]}<\/script>\n<!-- \/ Yoast SEO plugin. -->","yoast_head_json":{"title":"Ex-PM confirma participa\u00e7\u00e3o de mais pessoas no assassinato de Marielle - PORTAL DE NOT\u00cdCIAS CLEITON PINHEIRO","robots":{"index":"index","follow":"follow","max-snippet":"max-snippet:-1","max-image-preview":"max-image-preview:large","max-video-preview":"max-video-preview:-1"},"canonical":"https:\/\/cleitonpinheiro.com.br\/site\/ex-pm-confirma-participacao-de-mais-pessoas-no-assassinato-de-marielle\/","og_locale":"pt_BR","og_type":"article","og_title":"Ex-PM confirma participa\u00e7\u00e3o de mais pessoas no assassinato de Marielle - PORTAL DE NOT\u00cdCIAS CLEITON PINHEIRO","og_description":"Ag\u00eancia Brasil O ex-policial militar (PM) \u00c9lcio de Queiroz fechou dela\u00e7\u00e3o premiada com a Pol\u00edcia Federal (PF) e com o Minist\u00e9rio P\u00fablico do Rio de Janeiro (MPRJ) confirmando a participa\u00e7\u00e3o dele, de Ronnie Lessa e do ex-bombeiro Maxwell Sim\u00f5es Corr\u00eaa no assassinato da vereadora Marielle Franco e do motorista Anderson Gomes. O ex-PM ainda indicou [&hellip;]","og_url":"https:\/\/cleitonpinheiro.com.br\/site\/ex-pm-confirma-participacao-de-mais-pessoas-no-assassinato-de-marielle\/","og_site_name":"PORTAL DE NOT\u00cdCIAS CLEITON PINHEIRO","article_publisher":"https:\/\/www.facebook.com\/portalcpnoticias\/","article_published_time":"2023-07-24T21:01:13+00:00","article_modified_time":"2023-08-02T23:13:04+00:00","og_image":[{"width":1170,"height":700,"url":"https:\/\/cleitonpinheiro.com.br\/site\/wp-content\/uploads\/2023\/07\/marielle_1.jpg","type":"image\/jpeg"}],"author":"Reda\u00e7\u00e3o CP","twitter_card":"summary_large_image","twitter_misc":{"Escrito por":"Reda\u00e7\u00e3o CP","Est. tempo de leitura":"4 minutos"},"schema":{"@context":"https:\/\/schema.org","@graph":[{"@type":"Article","@id":"https:\/\/cleitonpinheiro.com.br\/site\/ex-pm-confirma-participacao-de-mais-pessoas-no-assassinato-de-marielle\/#article","isPartOf":{"@id":"https:\/\/cleitonpinheiro.com.br\/site\/ex-pm-confirma-participacao-de-mais-pessoas-no-assassinato-de-marielle\/"},"author":{"name":"Reda\u00e7\u00e3o CP","@id":"https:\/\/cleitonpinheiro.com.br\/site\/#\/schema\/person\/8f04544e0bc40a1b68775b08360f87db"},"headline":"Ex-PM confirma participa\u00e7\u00e3o de mais pessoas no assassinato de Marielle","datePublished":"2023-07-24T21:01:13+00:00","dateModified":"2023-08-02T23:13:04+00:00","mainEntityOfPage":{"@id":"https:\/\/cleitonpinheiro.com.br\/site\/ex-pm-confirma-participacao-de-mais-pessoas-no-assassinato-de-marielle\/"},"wordCount":535,"commentCount":0,"publisher":{"@id":"https:\/\/cleitonpinheiro.com.br\/site\/#organization"},"image":{"@id":"https:\/\/cleitonpinheiro.com.br\/site\/ex-pm-confirma-participacao-de-mais-pessoas-no-assassinato-de-marielle\/#primaryimage"},"thumbnailUrl":"https:\/\/cleitonpinheiro.com.br\/site\/wp-content\/uploads\/2023\/07\/marielle_1.jpg","keywords":["Marielle Franco"],"articleSection":["BRASIL \/ MUNDO","MANCHETE SEGUND\u00c1RIA"],"inLanguage":"pt-BR","potentialAction":[{"@type":"CommentAction","name":"Comment","target":["https:\/\/cleitonpinheiro.com.br\/site\/ex-pm-confirma-participacao-de-mais-pessoas-no-assassinato-de-marielle\/#respond"]}]},{"@type":"WebPage","@id":"https:\/\/cleitonpinheiro.com.br\/site\/ex-pm-confirma-participacao-de-mais-pessoas-no-assassinato-de-marielle\/","url":"https:\/\/cleitonpinheiro.com.br\/site\/ex-pm-confirma-participacao-de-mais-pessoas-no-assassinato-de-marielle\/","name":"Ex-PM confirma participa\u00e7\u00e3o de mais pessoas no assassinato de Marielle - PORTAL DE NOT\u00cdCIAS CLEITON PINHEIRO","isPartOf":{"@id":"https:\/\/cleitonpinheiro.com.br\/site\/#website"},"primaryImageOfPage":{"@id":"https:\/\/cleitonpinheiro.com.br\/site\/ex-pm-confirma-participacao-de-mais-pessoas-no-assassinato-de-marielle\/#primaryimage"},"image":{"@id":"https:\/\/cleitonpinheiro.com.br\/site\/ex-pm-confirma-participacao-de-mais-pessoas-no-assassinato-de-marielle\/#primaryimage"},"thumbnailUrl":"https:\/\/cleitonpinheiro.com.br\/site\/wp-content\/uploads\/2023\/07\/marielle_1.jpg","datePublished":"2023-07-24T21:01:13+00:00","dateModified":"2023-08-02T23:13:04+00:00","breadcrumb":{"@id":"https:\/\/cleitonpinheiro.com.br\/site\/ex-pm-confirma-participacao-de-mais-pessoas-no-assassinato-de-marielle\/#breadcrumb"},"inLanguage":"pt-BR","potentialAction":[{"@type":"ReadAction","target":["https:\/\/cleitonpinheiro.com.br\/site\/ex-pm-confirma-participacao-de-mais-pessoas-no-assassinato-de-marielle\/"]}]},{"@type":"ImageObject","inLanguage":"pt-BR","@id":"https:\/\/cleitonpinheiro.com.br\/site\/ex-pm-confirma-participacao-de-mais-pessoas-no-assassinato-de-marielle\/#primaryimage","url":"","contentUrl":""},{"@type":"BreadcrumbList","@id":"https:\/\/cleitonpinheiro.com.br\/site\/ex-pm-confirma-participacao-de-mais-pessoas-no-assassinato-de-marielle\/#breadcrumb","itemListElement":[{"@type":"ListItem","position":1,"name":"In\u00edcio","item":"https:\/\/cleitonpinheiro.com.br\/site\/"},{"@type":"ListItem","position":2,"name":"Ex-PM confirma participa\u00e7\u00e3o de mais pessoas no assassinato de Marielle"}]},{"@type":"WebSite","@id":"https:\/\/cleitonpinheiro.com.br\/site\/#website","url":"https:\/\/cleitonpinheiro.com.br\/site\/","name":"PORTAL DE NOT\u00cdCIAS CLEITON PINHEIRO","description":"FALANDO A VERDADE","publisher":{"@id":"https:\/\/cleitonpinheiro.com.br\/site\/#organization"},"potentialAction":[{"@type":"SearchAction","target":{"@type":"EntryPoint","urlTemplate":"https:\/\/cleitonpinheiro.com.br\/site\/?s={search_term_string}"},"query-input":{"@type":"PropertyValueSpecification","valueRequired":true,"valueName":"search_term_string"}}],"inLanguage":"pt-BR"},{"@type":"Organization","@id":"https:\/\/cleitonpinheiro.com.br\/site\/#organization","name":"CPNOT\u00cdCIAS","url":"https:\/\/cleitonpinheiro.com.br\/site\/","logo":{"@type":"ImageObject","inLanguage":"pt-BR","@id":"https:\/\/cleitonpinheiro.com.br\/site\/#\/schema\/logo\/image\/","url":"https:\/\/cleitonpinheiro.com.br\/site\/wp-content\/uploads\/2022\/08\/Logo-pequena-2.png","contentUrl":"https:\/\/cleitonpinheiro.com.br\/site\/wp-content\/uploads\/2022\/08\/Logo-pequena-2.png","width":500,"height":500,"caption":"CPNOT\u00cdCIAS"},"image":{"@id":"https:\/\/cleitonpinheiro.com.br\/site\/#\/schema\/logo\/image\/"},"sameAs":["https:\/\/www.facebook.com\/portalcpnoticias\/"]},{"@type":"Person","@id":"https:\/\/cleitonpinheiro.com.br\/site\/#\/schema\/person\/8f04544e0bc40a1b68775b08360f87db","name":"Reda\u00e7\u00e3o CP","image":{"@type":"ImageObject","inLanguage":"pt-BR","@id":"https:\/\/cleitonpinheiro.com.br\/site\/#\/schema\/person\/image\/","url":"https:\/\/secure.gravatar.com\/avatar\/0bcf19cb29fdc8fc588c490c7ae1b3e174dac268586a63fbe1d1893a0f9020cd?s=96&r=g","contentUrl":"https:\/\/secure.gravatar.com\/avatar\/0bcf19cb29fdc8fc588c490c7ae1b3e174dac268586a63fbe1d1893a0f9020cd?s=96&r=g","caption":"Reda\u00e7\u00e3o CP"},"url":"https:\/\/cleitonpinheiro.com.br\/site\/author\/redacao\/"}]}},"views":90,"_links":{"self":[{"href":"https:\/\/cleitonpinheiro.com.br\/site\/wp-json\/wp\/v2\/posts\/73088","targetHints":{"allow":["GET"]}}],"collection":[{"href":"https:\/\/cleitonpinheiro.com.br\/site\/wp-json\/wp\/v2\/posts"}],"about":[{"href":"https:\/\/cleitonpinheiro.com.br\/site\/wp-json\/wp\/v2\/types\/post"}],"author":[{"embeddable":true,"href":"https:\/\/cleitonpinheiro.com.br\/site\/wp-json\/wp\/v2\/users\/13"}],"replies":[{"embeddable":true,"href":"https:\/\/cleitonpinheiro.com.br\/site\/wp-json\/wp\/v2\/comments?post=73088"}],"version-history":[{"count":1,"href":"https:\/\/cleitonpinheiro.com.br\/site\/wp-json\/wp\/v2\/posts\/73088\/revisions"}],"predecessor-version":[{"id":73090,"href":"https:\/\/cleitonpinheiro.com.br\/site\/wp-json\/wp\/v2\/posts\/73088\/revisions\/73090"}],"wp:attachment":[{"href":"https:\/\/cleitonpinheiro.com.br\/site\/wp-json\/wp\/v2\/media?parent=73088"}],"wp:term":[{"taxonomy":"category","embeddable":true,"href":"https:\/\/cleitonpinheiro.com.br\/site\/wp-json\/wp\/v2\/categories?post=73088"},{"taxonomy":"post_tag","embeddable":true,"href":"https:\/\/cleitonpinheiro.com.br\/site\/wp-json\/wp\/v2\/tags?post=73088"}],"curies":[{"name":"wp","href":"https:\/\/api.w.org\/{rel}","templated":true}]}}