{"id":73091,"date":"2023-07-24T18:13:28","date_gmt":"2023-07-24T21:13:28","guid":{"rendered":"https:\/\/cleitonpinheiro.com.br\/site\/?p=73091"},"modified":"2023-08-02T20:11:00","modified_gmt":"2023-08-02T23:11:00","slug":"em-palmas-setores-jardim-janaina-jardim-laila-e-lago-sul-recebem-rocagem","status":"publish","type":"post","link":"https:\/\/cleitonpinheiro.com.br\/site\/em-palmas-setores-jardim-janaina-jardim-laila-e-lago-sul-recebem-rocagem\/","title":{"rendered":"Em Palmas, setores Jardim Jana\u00edna, Jardim Laila e Lago Sul recebem ro\u00e7agem"},"content":{"rendered":"\n<figure class=\"wp-block-image size-full\"><img decoding=\"async\" src=\"https:\/\/cleitonpinheiro.com.br\/site\/wp-content\/uploads\/2023\/07\/040be25d0de5444ebc73caa1cfa04107.jpeg\" alt=\"\" class=\"wp-image-73092\"\/><figcaption class=\"wp-element-caption\">Ro\u00e7agem garante limpeza de \u00e1reas onde capim reduz visbilidadade &#8211; Foto: Prefeitura de Palmas\/Divulga\u00e7\u00e3o<\/figcaption><\/figure>\n\n\n\n<p class=\"wp-block-paragraph\"><strong>Da Prefeitura de Palmas<\/strong><\/p>\n\n\n\n<p class=\"wp-block-paragraph\">A Secretaria de Infraestrutura e Servi\u00e7os P\u00fablicos (Seisp) est\u00e1 realizando nesta segunda-feira, 24, limpeza de \u00e1reas verdes no Jardim Jana\u00edna, Jardim Vit\u00f3ria I e II, Jardim Laila e Lago Sul, em Palmas. A limpeza \u00e9 feita com tratores ou m\u00e1quinas de ro\u00e7o costal em \u00e1reas verdes e canteiros. A&nbsp;programa\u00e7\u00e3o atende ainda as Quadras Arse 32 (306 Sul), Arso 34 (309 Sul), ACSE 80, 120 e 130 (802, 1202 e 1302 Sul) e Arso 131 (1303 Sul).<\/p>\n\n\n\n<p class=\"wp-block-paragraph\">Para melhorar a visibilidade de esquinas, o mesmo servi\u00e7o \u00e9 realizado em \u00e1reas lindeiras \u00e0s Avenidas LO-07, Teot\u00f4nio Segurado e os cruzamentos das Av. NS-08 com LO-05 e da Av. NS-02 com JK.&nbsp;<br>Para atender toda a cidade, a Superintend\u00eancia de Servi\u00e7os P\u00fablicos realiza rod\u00edzio, de 45 a 60 dias, entre as 190 quadras e setores da Capital, para aparagem da grama e remo\u00e7\u00e3o de capim. Em locais onde o morador note necessidade de limpeza mais urgente, \u00e9 poss\u00edvel solicitar \u00e0 Seisp pelo telefone (63) 3212-7426, das 13 \u00e0s 19 horas. Os pedidos enviados por moradores s\u00e3o inclu\u00eddos na programa\u00e7\u00e3o di\u00e1ria de atendimentos.<\/p>\n\n\n\n<p class=\"wp-block-paragraph\">H\u00e1 uma equipe designada para limpeza e manuten\u00e7\u00e3o nas pra\u00e7as da Arse 102 (1006 Sul) e de Taquaru\u00e7u. &nbsp;Outras equipes realizam, ao longo do dia, de manuten\u00e7\u00e3o de gramados em canteiros da Av. NS-04 e NS-10 e na rotat\u00f3ria da Av. NS-02 com a Av. JK. J\u00e1 a equipe de paisagismo est\u00e1 realizando manuten\u00e7\u00f5es no cruzamento da Av. NS-02 com a LO-11 e na Av. NS-03 e a Av. NS-01 recebe pintura de meio-fio.<\/p>\n","protected":false},"excerpt":{"rendered":"<p>Da Prefeitura de Palmas A Secretaria de Infraestrutura e Servi\u00e7os P\u00fablicos (Seisp) est\u00e1 realizando nesta segunda-feira, 24, limpeza de \u00e1reas verdes no Jardim Jana\u00edna, Jardim Vit\u00f3ria I e II, Jardim Laila e Lago Sul, em Palmas. A limpeza \u00e9 feita com tratores ou m\u00e1quinas de ro\u00e7o costal em \u00e1reas verdes e canteiros. A&nbsp;programa\u00e7\u00e3o atende ainda [&hellip;]<\/p>\n","protected":false},"author":13,"featured_media":0,"comment_status":"open","ping_status":"open","sticky":false,"template":"","format":"standard","meta":{"_acf_changed":false,"footnotes":""},"categories":[22,898],"tags":[1028,720],"class_list":["post-73091","post","type-post","status-publish","format-standard","hentry","category-cidades","category-manchete-segundaria","tag-limpeza-urbana","tag-prefeitura-de-palmas"],"acf":[],"yoast_head":"<!-- This site is optimized with the Yoast SEO plugin v24.4 - https:\/\/yoast.com\/wordpress\/plugins\/seo\/ -->\n<title>Em Palmas, setores Jardim Jana\u00edna, Jardim Laila e Lago Sul recebem ro\u00e7agem - PORTAL DE NOT\u00cdCIAS CLEITON PINHEIRO<\/title>\n<meta name=\"robots\" content=\"index, follow, max-snippet:-1, max-image-preview:large, max-video-preview:-1\" \/>\n<link rel=\"canonical\" href=\"https:\/\/cleitonpinheiro.com.br\/site\/em-palmas-setores-jardim-janaina-jardim-laila-e-lago-sul-recebem-rocagem\/\" \/>\n<meta property=\"og:locale\" content=\"pt_BR\" \/>\n<meta property=\"og:type\" content=\"article\" \/>\n<meta property=\"og:title\" content=\"Em Palmas, setores Jardim Jana\u00edna, Jardim Laila e Lago Sul recebem ro\u00e7agem - PORTAL DE NOT\u00cdCIAS CLEITON PINHEIRO\" \/>\n<meta property=\"og:description\" content=\"Da Prefeitura de Palmas A Secretaria de Infraestrutura e Servi\u00e7os P\u00fablicos (Seisp) est\u00e1 realizando nesta segunda-feira, 24, limpeza de \u00e1reas verdes no Jardim Jana\u00edna, Jardim Vit\u00f3ria I e II, Jardim Laila e Lago Sul, em Palmas. A limpeza \u00e9 feita com tratores ou m\u00e1quinas de ro\u00e7o costal em \u00e1reas verdes e canteiros. A&nbsp;programa\u00e7\u00e3o atende ainda [&hellip;]\" \/>\n<meta property=\"og:url\" content=\"https:\/\/cleitonpinheiro.com.br\/site\/em-palmas-setores-jardim-janaina-jardim-laila-e-lago-sul-recebem-rocagem\/\" \/>\n<meta property=\"og:site_name\" content=\"PORTAL DE NOT\u00cdCIAS CLEITON PINHEIRO\" \/>\n<meta property=\"article:publisher\" content=\"https:\/\/www.facebook.com\/portalcpnoticias\/\" \/>\n<meta property=\"article:published_time\" content=\"2023-07-24T21:13:28+00:00\" \/>\n<meta property=\"article:modified_time\" content=\"2023-08-02T23:11:00+00:00\" \/>\n<meta property=\"og:image\" content=\"https:\/\/cleitonpinheiro.com.br\/site\/wp-content\/uploads\/2023\/07\/040be25d0de5444ebc73caa1cfa04107.jpeg\" \/>\n\t<meta property=\"og:image:width\" content=\"800\" \/>\n\t<meta property=\"og:image:height\" content=\"450\" \/>\n\t<meta property=\"og:image:type\" content=\"image\/jpeg\" \/>\n<meta name=\"author\" content=\"Reda\u00e7\u00e3o CP\" \/>\n<meta name=\"twitter:card\" content=\"summary_large_image\" \/>\n<meta name=\"twitter:label1\" content=\"Escrito por\" \/>\n\t<meta name=\"twitter:data1\" content=\"Reda\u00e7\u00e3o CP\" \/>\n\t<meta name=\"twitter:label2\" content=\"Est. tempo de leitura\" \/>\n\t<meta name=\"twitter:data2\" content=\"2 minutos\" \/>\n<script type=\"application\/ld+json\" class=\"yoast-schema-graph\">{\"@context\":\"https:\/\/schema.org\",\"@graph\":[{\"@type\":\"Article\",\"@id\":\"https:\/\/cleitonpinheiro.com.br\/site\/em-palmas-setores-jardim-janaina-jardim-laila-e-lago-sul-recebem-rocagem\/#article\",\"isPartOf\":{\"@id\":\"https:\/\/cleitonpinheiro.com.br\/site\/em-palmas-setores-jardim-janaina-jardim-laila-e-lago-sul-recebem-rocagem\/\"},\"author\":{\"name\":\"Reda\u00e7\u00e3o CP\",\"@id\":\"https:\/\/cleitonpinheiro.com.br\/site\/#\/schema\/person\/8f04544e0bc40a1b68775b08360f87db\"},\"headline\":\"Em Palmas, setores Jardim Jana\u00edna, Jardim Laila e Lago Sul recebem ro\u00e7agem\",\"datePublished\":\"2023-07-24T21:13:28+00:00\",\"dateModified\":\"2023-08-02T23:11:00+00:00\",\"mainEntityOfPage\":{\"@id\":\"https:\/\/cleitonpinheiro.com.br\/site\/em-palmas-setores-jardim-janaina-jardim-laila-e-lago-sul-recebem-rocagem\/\"},\"wordCount\":292,\"commentCount\":0,\"publisher\":{\"@id\":\"https:\/\/cleitonpinheiro.com.br\/site\/#organization\"},\"image\":{\"@id\":\"https:\/\/cleitonpinheiro.com.br\/site\/em-palmas-setores-jardim-janaina-jardim-laila-e-lago-sul-recebem-rocagem\/#primaryimage\"},\"thumbnailUrl\":\"https:\/\/cleitonpinheiro.com.br\/site\/wp-content\/uploads\/2023\/07\/040be25d0de5444ebc73caa1cfa04107.jpeg\",\"keywords\":[\"limpeza urbana\",\"Prefeitura de Palmas\"],\"articleSection\":[\"CIDADES\",\"MANCHETE SEGUND\u00c1RIA\"],\"inLanguage\":\"pt-BR\",\"potentialAction\":[{\"@type\":\"CommentAction\",\"name\":\"Comment\",\"target\":[\"https:\/\/cleitonpinheiro.com.br\/site\/em-palmas-setores-jardim-janaina-jardim-laila-e-lago-sul-recebem-rocagem\/#respond\"]}]},{\"@type\":\"WebPage\",\"@id\":\"https:\/\/cleitonpinheiro.com.br\/site\/em-palmas-setores-jardim-janaina-jardim-laila-e-lago-sul-recebem-rocagem\/\",\"url\":\"https:\/\/cleitonpinheiro.com.br\/site\/em-palmas-setores-jardim-janaina-jardim-laila-e-lago-sul-recebem-rocagem\/\",\"name\":\"Em Palmas, setores Jardim Jana\u00edna, Jardim Laila e Lago Sul recebem ro\u00e7agem - PORTAL DE NOT\u00cdCIAS CLEITON PINHEIRO\",\"isPartOf\":{\"@id\":\"https:\/\/cleitonpinheiro.com.br\/site\/#website\"},\"primaryImageOfPage\":{\"@id\":\"https:\/\/cleitonpinheiro.com.br\/site\/em-palmas-setores-jardim-janaina-jardim-laila-e-lago-sul-recebem-rocagem\/#primaryimage\"},\"image\":{\"@id\":\"https:\/\/cleitonpinheiro.com.br\/site\/em-palmas-setores-jardim-janaina-jardim-laila-e-lago-sul-recebem-rocagem\/#primaryimage\"},\"thumbnailUrl\":\"https:\/\/cleitonpinheiro.com.br\/site\/wp-content\/uploads\/2023\/07\/040be25d0de5444ebc73caa1cfa04107.jpeg\",\"datePublished\":\"2023-07-24T21:13:28+00:00\",\"dateModified\":\"2023-08-02T23:11:00+00:00\",\"breadcrumb\":{\"@id\":\"https:\/\/cleitonpinheiro.com.br\/site\/em-palmas-setores-jardim-janaina-jardim-laila-e-lago-sul-recebem-rocagem\/#breadcrumb\"},\"inLanguage\":\"pt-BR\",\"potentialAction\":[{\"@type\":\"ReadAction\",\"target\":[\"https:\/\/cleitonpinheiro.com.br\/site\/em-palmas-setores-jardim-janaina-jardim-laila-e-lago-sul-recebem-rocagem\/\"]}]},{\"@type\":\"ImageObject\",\"inLanguage\":\"pt-BR\",\"@id\":\"https:\/\/cleitonpinheiro.com.br\/site\/em-palmas-setores-jardim-janaina-jardim-laila-e-lago-sul-recebem-rocagem\/#primaryimage\",\"url\":\"\",\"contentUrl\":\"\"},{\"@type\":\"BreadcrumbList\",\"@id\":\"https:\/\/cleitonpinheiro.com.br\/site\/em-palmas-setores-jardim-janaina-jardim-laila-e-lago-sul-recebem-rocagem\/#breadcrumb\",\"itemListElement\":[{\"@type\":\"ListItem\",\"position\":1,\"name\":\"In\u00edcio\",\"item\":\"https:\/\/cleitonpinheiro.com.br\/site\/\"},{\"@type\":\"ListItem\",\"position\":2,\"name\":\"Em Palmas, setores Jardim Jana\u00edna, Jardim Laila e Lago Sul recebem ro\u00e7agem\"}]},{\"@type\":\"WebSite\",\"@id\":\"https:\/\/cleitonpinheiro.com.br\/site\/#website\",\"url\":\"https:\/\/cleitonpinheiro.com.br\/site\/\",\"name\":\"PORTAL DE NOT\u00cdCIAS CLEITON PINHEIRO\",\"description\":\"FALANDO A VERDADE\",\"publisher\":{\"@id\":\"https:\/\/cleitonpinheiro.com.br\/site\/#organization\"},\"potentialAction\":[{\"@type\":\"SearchAction\",\"target\":{\"@type\":\"EntryPoint\",\"urlTemplate\":\"https:\/\/cleitonpinheiro.com.br\/site\/?s={search_term_string}\"},\"query-input\":{\"@type\":\"PropertyValueSpecification\",\"valueRequired\":true,\"valueName\":\"search_term_string\"}}],\"inLanguage\":\"pt-BR\"},{\"@type\":\"Organization\",\"@id\":\"https:\/\/cleitonpinheiro.com.br\/site\/#organization\",\"name\":\"CPNOT\u00cdCIAS\",\"url\":\"https:\/\/cleitonpinheiro.com.br\/site\/\",\"logo\":{\"@type\":\"ImageObject\",\"inLanguage\":\"pt-BR\",\"@id\":\"https:\/\/cleitonpinheiro.com.br\/site\/#\/schema\/logo\/image\/\",\"url\":\"https:\/\/cleitonpinheiro.com.br\/site\/wp-content\/uploads\/2022\/08\/Logo-pequena-2.png\",\"contentUrl\":\"https:\/\/cleitonpinheiro.com.br\/site\/wp-content\/uploads\/2022\/08\/Logo-pequena-2.png\",\"width\":500,\"height\":500,\"caption\":\"CPNOT\u00cdCIAS\"},\"image\":{\"@id\":\"https:\/\/cleitonpinheiro.com.br\/site\/#\/schema\/logo\/image\/\"},\"sameAs\":[\"https:\/\/www.facebook.com\/portalcpnoticias\/\"]},{\"@type\":\"Person\",\"@id\":\"https:\/\/cleitonpinheiro.com.br\/site\/#\/schema\/person\/8f04544e0bc40a1b68775b08360f87db\",\"name\":\"Reda\u00e7\u00e3o CP\",\"image\":{\"@type\":\"ImageObject\",\"inLanguage\":\"pt-BR\",\"@id\":\"https:\/\/cleitonpinheiro.com.br\/site\/#\/schema\/person\/image\/\",\"url\":\"https:\/\/secure.gravatar.com\/avatar\/0bcf19cb29fdc8fc588c490c7ae1b3e174dac268586a63fbe1d1893a0f9020cd?s=96&r=g\",\"contentUrl\":\"https:\/\/secure.gravatar.com\/avatar\/0bcf19cb29fdc8fc588c490c7ae1b3e174dac268586a63fbe1d1893a0f9020cd?s=96&r=g\",\"caption\":\"Reda\u00e7\u00e3o CP\"},\"url\":\"https:\/\/cleitonpinheiro.com.br\/site\/author\/redacao\/\"}]}<\/script>\n<!-- \/ Yoast SEO plugin. -->","yoast_head_json":{"title":"Em Palmas, setores Jardim Jana\u00edna, Jardim Laila e Lago Sul recebem ro\u00e7agem - PORTAL DE NOT\u00cdCIAS CLEITON PINHEIRO","robots":{"index":"index","follow":"follow","max-snippet":"max-snippet:-1","max-image-preview":"max-image-preview:large","max-video-preview":"max-video-preview:-1"},"canonical":"https:\/\/cleitonpinheiro.com.br\/site\/em-palmas-setores-jardim-janaina-jardim-laila-e-lago-sul-recebem-rocagem\/","og_locale":"pt_BR","og_type":"article","og_title":"Em Palmas, setores Jardim Jana\u00edna, Jardim Laila e Lago Sul recebem ro\u00e7agem - PORTAL DE NOT\u00cdCIAS CLEITON PINHEIRO","og_description":"Da Prefeitura de Palmas A Secretaria de Infraestrutura e Servi\u00e7os P\u00fablicos (Seisp) est\u00e1 realizando nesta segunda-feira, 24, limpeza de \u00e1reas verdes no Jardim Jana\u00edna, Jardim Vit\u00f3ria I e II, Jardim Laila e Lago Sul, em Palmas. A limpeza \u00e9 feita com tratores ou m\u00e1quinas de ro\u00e7o costal em \u00e1reas verdes e canteiros. A&nbsp;programa\u00e7\u00e3o atende ainda [&hellip;]","og_url":"https:\/\/cleitonpinheiro.com.br\/site\/em-palmas-setores-jardim-janaina-jardim-laila-e-lago-sul-recebem-rocagem\/","og_site_name":"PORTAL DE NOT\u00cdCIAS CLEITON PINHEIRO","article_publisher":"https:\/\/www.facebook.com\/portalcpnoticias\/","article_published_time":"2023-07-24T21:13:28+00:00","article_modified_time":"2023-08-02T23:11:00+00:00","og_image":[{"width":800,"height":450,"url":"https:\/\/cleitonpinheiro.com.br\/site\/wp-content\/uploads\/2023\/07\/040be25d0de5444ebc73caa1cfa04107.jpeg","type":"image\/jpeg"}],"author":"Reda\u00e7\u00e3o CP","twitter_card":"summary_large_image","twitter_misc":{"Escrito por":"Reda\u00e7\u00e3o CP","Est. tempo de leitura":"2 minutos"},"schema":{"@context":"https:\/\/schema.org","@graph":[{"@type":"Article","@id":"https:\/\/cleitonpinheiro.com.br\/site\/em-palmas-setores-jardim-janaina-jardim-laila-e-lago-sul-recebem-rocagem\/#article","isPartOf":{"@id":"https:\/\/cleitonpinheiro.com.br\/site\/em-palmas-setores-jardim-janaina-jardim-laila-e-lago-sul-recebem-rocagem\/"},"author":{"name":"Reda\u00e7\u00e3o CP","@id":"https:\/\/cleitonpinheiro.com.br\/site\/#\/schema\/person\/8f04544e0bc40a1b68775b08360f87db"},"headline":"Em Palmas, setores Jardim Jana\u00edna, Jardim Laila e Lago Sul recebem ro\u00e7agem","datePublished":"2023-07-24T21:13:28+00:00","dateModified":"2023-08-02T23:11:00+00:00","mainEntityOfPage":{"@id":"https:\/\/cleitonpinheiro.com.br\/site\/em-palmas-setores-jardim-janaina-jardim-laila-e-lago-sul-recebem-rocagem\/"},"wordCount":292,"commentCount":0,"publisher":{"@id":"https:\/\/cleitonpinheiro.com.br\/site\/#organization"},"image":{"@id":"https:\/\/cleitonpinheiro.com.br\/site\/em-palmas-setores-jardim-janaina-jardim-laila-e-lago-sul-recebem-rocagem\/#primaryimage"},"thumbnailUrl":"https:\/\/cleitonpinheiro.com.br\/site\/wp-content\/uploads\/2023\/07\/040be25d0de5444ebc73caa1cfa04107.jpeg","keywords":["limpeza urbana","Prefeitura de Palmas"],"articleSection":["CIDADES","MANCHETE SEGUND\u00c1RIA"],"inLanguage":"pt-BR","potentialAction":[{"@type":"CommentAction","name":"Comment","target":["https:\/\/cleitonpinheiro.com.br\/site\/em-palmas-setores-jardim-janaina-jardim-laila-e-lago-sul-recebem-rocagem\/#respond"]}]},{"@type":"WebPage","@id":"https:\/\/cleitonpinheiro.com.br\/site\/em-palmas-setores-jardim-janaina-jardim-laila-e-lago-sul-recebem-rocagem\/","url":"https:\/\/cleitonpinheiro.com.br\/site\/em-palmas-setores-jardim-janaina-jardim-laila-e-lago-sul-recebem-rocagem\/","name":"Em Palmas, setores Jardim Jana\u00edna, Jardim Laila e Lago Sul recebem ro\u00e7agem - PORTAL DE NOT\u00cdCIAS CLEITON PINHEIRO","isPartOf":{"@id":"https:\/\/cleitonpinheiro.com.br\/site\/#website"},"primaryImageOfPage":{"@id":"https:\/\/cleitonpinheiro.com.br\/site\/em-palmas-setores-jardim-janaina-jardim-laila-e-lago-sul-recebem-rocagem\/#primaryimage"},"image":{"@id":"https:\/\/cleitonpinheiro.com.br\/site\/em-palmas-setores-jardim-janaina-jardim-laila-e-lago-sul-recebem-rocagem\/#primaryimage"},"thumbnailUrl":"https:\/\/cleitonpinheiro.com.br\/site\/wp-content\/uploads\/2023\/07\/040be25d0de5444ebc73caa1cfa04107.jpeg","datePublished":"2023-07-24T21:13:28+00:00","dateModified":"2023-08-02T23:11:00+00:00","breadcrumb":{"@id":"https:\/\/cleitonpinheiro.com.br\/site\/em-palmas-setores-jardim-janaina-jardim-laila-e-lago-sul-recebem-rocagem\/#breadcrumb"},"inLanguage":"pt-BR","potentialAction":[{"@type":"ReadAction","target":["https:\/\/cleitonpinheiro.com.br\/site\/em-palmas-setores-jardim-janaina-jardim-laila-e-lago-sul-recebem-rocagem\/"]}]},{"@type":"ImageObject","inLanguage":"pt-BR","@id":"https:\/\/cleitonpinheiro.com.br\/site\/em-palmas-setores-jardim-janaina-jardim-laila-e-lago-sul-recebem-rocagem\/#primaryimage","url":"","contentUrl":""},{"@type":"BreadcrumbList","@id":"https:\/\/cleitonpinheiro.com.br\/site\/em-palmas-setores-jardim-janaina-jardim-laila-e-lago-sul-recebem-rocagem\/#breadcrumb","itemListElement":[{"@type":"ListItem","position":1,"name":"In\u00edcio","item":"https:\/\/cleitonpinheiro.com.br\/site\/"},{"@type":"ListItem","position":2,"name":"Em Palmas, setores Jardim Jana\u00edna, Jardim Laila e Lago Sul recebem ro\u00e7agem"}]},{"@type":"WebSite","@id":"https:\/\/cleitonpinheiro.com.br\/site\/#website","url":"https:\/\/cleitonpinheiro.com.br\/site\/","name":"PORTAL DE NOT\u00cdCIAS CLEITON PINHEIRO","description":"FALANDO A VERDADE","publisher":{"@id":"https:\/\/cleitonpinheiro.com.br\/site\/#organization"},"potentialAction":[{"@type":"SearchAction","target":{"@type":"EntryPoint","urlTemplate":"https:\/\/cleitonpinheiro.com.br\/site\/?s={search_term_string}"},"query-input":{"@type":"PropertyValueSpecification","valueRequired":true,"valueName":"search_term_string"}}],"inLanguage":"pt-BR"},{"@type":"Organization","@id":"https:\/\/cleitonpinheiro.com.br\/site\/#organization","name":"CPNOT\u00cdCIAS","url":"https:\/\/cleitonpinheiro.com.br\/site\/","logo":{"@type":"ImageObject","inLanguage":"pt-BR","@id":"https:\/\/cleitonpinheiro.com.br\/site\/#\/schema\/logo\/image\/","url":"https:\/\/cleitonpinheiro.com.br\/site\/wp-content\/uploads\/2022\/08\/Logo-pequena-2.png","contentUrl":"https:\/\/cleitonpinheiro.com.br\/site\/wp-content\/uploads\/2022\/08\/Logo-pequena-2.png","width":500,"height":500,"caption":"CPNOT\u00cdCIAS"},"image":{"@id":"https:\/\/cleitonpinheiro.com.br\/site\/#\/schema\/logo\/image\/"},"sameAs":["https:\/\/www.facebook.com\/portalcpnoticias\/"]},{"@type":"Person","@id":"https:\/\/cleitonpinheiro.com.br\/site\/#\/schema\/person\/8f04544e0bc40a1b68775b08360f87db","name":"Reda\u00e7\u00e3o CP","image":{"@type":"ImageObject","inLanguage":"pt-BR","@id":"https:\/\/cleitonpinheiro.com.br\/site\/#\/schema\/person\/image\/","url":"https:\/\/secure.gravatar.com\/avatar\/0bcf19cb29fdc8fc588c490c7ae1b3e174dac268586a63fbe1d1893a0f9020cd?s=96&r=g","contentUrl":"https:\/\/secure.gravatar.com\/avatar\/0bcf19cb29fdc8fc588c490c7ae1b3e174dac268586a63fbe1d1893a0f9020cd?s=96&r=g","caption":"Reda\u00e7\u00e3o CP"},"url":"https:\/\/cleitonpinheiro.com.br\/site\/author\/redacao\/"}]}},"views":98,"_links":{"self":[{"href":"https:\/\/cleitonpinheiro.com.br\/site\/wp-json\/wp\/v2\/posts\/73091","targetHints":{"allow":["GET"]}}],"collection":[{"href":"https:\/\/cleitonpinheiro.com.br\/site\/wp-json\/wp\/v2\/posts"}],"about":[{"href":"https:\/\/cleitonpinheiro.com.br\/site\/wp-json\/wp\/v2\/types\/post"}],"author":[{"embeddable":true,"href":"https:\/\/cleitonpinheiro.com.br\/site\/wp-json\/wp\/v2\/users\/13"}],"replies":[{"embeddable":true,"href":"https:\/\/cleitonpinheiro.com.br\/site\/wp-json\/wp\/v2\/comments?post=73091"}],"version-history":[{"count":1,"href":"https:\/\/cleitonpinheiro.com.br\/site\/wp-json\/wp\/v2\/posts\/73091\/revisions"}],"predecessor-version":[{"id":73093,"href":"https:\/\/cleitonpinheiro.com.br\/site\/wp-json\/wp\/v2\/posts\/73091\/revisions\/73093"}],"wp:attachment":[{"href":"https:\/\/cleitonpinheiro.com.br\/site\/wp-json\/wp\/v2\/media?parent=73091"}],"wp:term":[{"taxonomy":"category","embeddable":true,"href":"https:\/\/cleitonpinheiro.com.br\/site\/wp-json\/wp\/v2\/categories?post=73091"},{"taxonomy":"post_tag","embeddable":true,"href":"https:\/\/cleitonpinheiro.com.br\/site\/wp-json\/wp\/v2\/tags?post=73091"}],"curies":[{"name":"wp","href":"https:\/\/api.w.org\/{rel}","templated":true}]}}