{"id":73127,"date":"2023-07-23T19:47:53","date_gmt":"2023-07-23T22:47:53","guid":{"rendered":"https:\/\/cleitonpinheiro.com.br\/site\/?p=73127"},"modified":"2023-08-03T16:01:48","modified_gmt":"2023-08-03T19:01:48","slug":"brasil-inicia-busca-por-titulo-inedito-da-copa-diante-do-panama","status":"publish","type":"post","link":"https:\/\/cleitonpinheiro.com.br\/site\/brasil-inicia-busca-por-titulo-inedito-da-copa-diante-do-panama\/","title":{"rendered":"Brasil inicia busca por t\u00edtulo in\u00e9dito da Copa diante do Panam\u00e1"},"content":{"rendered":"\n<figure class=\"wp-block-image size-full\"><img decoding=\"async\" src=\"https:\/\/cleitonpinheiro.com.br\/site\/wp-content\/uploads\/2023\/07\/53016847702_e853e2f944_o.jpg\" alt=\"\" class=\"wp-image-73128\"\/><figcaption class=\"wp-element-caption\">Sele\u00e7\u00e3o entra em campo a partir das 8h desta segunda-feira (24) &#8211; Foto: Thais Magalh\u00e3es\/CBF<\/figcaption><\/figure>\n\n\n\n<p class=\"wp-block-paragraph\"><strong>Da Ag\u00eancia Brasil<\/strong><\/p>\n\n\n\n<p class=\"wp-block-paragraph\">O Brasil inicia, a partir das 8h (hor\u00e1rio de Bras\u00edlia) desta&nbsp;segunda-feira (24), a sua caminhada na Copa do Mundo de futebol feminino. E o primeiro desafio da sele\u00e7\u00e3o brasileira \u00e9 a equipe do Panam\u00e1 em jogo disputado em Adelaide (Austr\u00e1lia) e v\u00e1lido pelo Grupo F, que tamb\u00e9m conta com a presen\u00e7a de Jamaica e Fran\u00e7a (que empataram sem gols no \u00faltimo domingo).<img decoding=\"async\" src=\"https:\/\/agenciabrasil.ebc.com.br\/ebc.png?id=1545011&amp;o=node\"><img decoding=\"async\" src=\"https:\/\/agenciabrasil.ebc.com.br\/ebc.gif?id=1545011&amp;o=node\"><\/p>\n\n\n\n<p class=\"wp-block-paragraph\">E a expectativa \u00e9 de que a equipe canarinho tenha uma boa participa\u00e7\u00e3o na competi\u00e7\u00e3o, como afirmou a t\u00e9cnica sueca Pia Sundhage em entrevista coletiva concedida na madrugada deste domingo (23): \u201cEstamos muito felizes com os dois \u00faltimos resultados, pois o jogo est\u00e1 na nossa linha de confian\u00e7a. Podemos olhar para cada uma, \u00e9 um pouco diferente de um ano atr\u00e1s. Ent\u00e3o, tivemos uma linha de come\u00e7o similar e acho que o mais importante \u00e9 achar que est\u00e1 tudo garantido. E, por favor, aproveitar o jogo. Se fizermos isso, teremos uma grande chance de vencer amanh\u00e3 [contra o Panam\u00e1]. E, na verdade, n\u00f3s vamos ganhar muitos jogos se juntarmos um ataque lindo e uma defesa muito s\u00f3lida\u201d.<\/p>\n\n\n\n<p class=\"wp-block-paragraph\">A pr\u00f3pria Pia, ali\u00e1s, \u00e9 um dos trunfos do Brasil na competi\u00e7\u00e3o. Assim como a sele\u00e7\u00e3o brasileira, a treinadora tem no Mundial deste ano a oportunidade de um t\u00edtulo in\u00e9dito. A sueca de 63 anos levou os Estados Unidos ao ouro ol\u00edmpico em 2008 (superando o Brasil na final) e em 2012. Na Copa do Mundo, por\u00e9m, ficou no quase algumas vezes. Como atleta ajudou a Su\u00e9cia a ficar em terceiro lugar na primeira edi\u00e7\u00e3o, em 1991. Como t\u00e9cnica foi vice-campe\u00e3 em 2011, comandando os EUA, derrotados pelo Jap\u00e3o na decis\u00e3o.<\/p>\n\n\n\n<p class=\"wp-block-paragraph\">Os n\u00fameros da treinadora no comando do Brasil s\u00e3o significativos. Em 54 jogos s\u00e3o 33 vit\u00f3rias, 12 empates e nove derrotas, com 124 gols marcados e 40 sofridos. Em T\u00f3quio a sele\u00e7\u00e3o de Pia caiu nas quartas de final para o Canad\u00e1, nos p\u00eanaltis. No ano passado veio o primeiro t\u00edtulo oficial com o time brasileiro: a Copa Am\u00e9rica, em 2022, que garantiu lugar \u00e0 equipe na Olimp\u00edada de Paris, na Fran\u00e7a, em 2024.<\/p>\n\n\n\n<p class=\"wp-block-paragraph\">A Copa do Mundo de 2023 tamb\u00e9m marcar\u00e1 o final do ciclo da Rainha Marta defendendo o Brasil em mundiais. A maior artilheira da hist\u00f3ria da sele\u00e7\u00e3o (entre homens e mulheres), que estar\u00e1 pela sexta e \u00faltima vez em um Mundial, tem como meta garantir a conquista in\u00e9dita.<\/p>\n\n\n\n<p class=\"wp-block-paragraph\">\u201cA Copa do Mundo perfeita para o Brasil seria vencer. Chegar \u00e0 final e, dessa vez, vencer. \u00c9 muito complicado pensar em outro cen\u00e1rio. Para mim, particularmente, como jogadora e atleta, \u00e9 agora ou nunca\u201d,&nbsp;<a href=\"https:\/\/www.fifa.com\/fifaplus\/en\/tournaments\/womens\/womensworldcup\/australia-new-zealand2023\/articles\/marta-brazil-video-series-australia-new-zealand-2023\" target=\"_blank\" rel=\"noreferrer noopener\">declarou a Rainha do Futebol em entrevista ao site da Fifa<\/a>.<\/p>\n\n\n\n<h2 class=\"wp-block-heading\">Confronto com o Panam\u00e1<\/h2>\n\n\n\n<p class=\"wp-block-paragraph\">Primeiro advers\u00e1rio do Brasil, o Panam\u00e1 \u00e9 um dos oito estreantes em Copas e a sele\u00e7\u00e3o pior colocada no ranking da Fifa entre as que est\u00e3o na chave brasileira, na 52\u00aa posi\u00e7\u00e3o. A equipe da Am\u00e9rica Central se classificou pela repescagem mundial, eliminando o Paraguai. A convoca\u00e7\u00e3o do t\u00e9cnico mexicano Ignacio Quintana tem 12 atletas que atuam no pa\u00eds e 11 que jogam no exterior, sendo tr\u00eas na Europa e duas nos Estados Unidos.<\/p>\n\n\n\n<p class=\"wp-block-paragraph\">Por\u00e9m, Quintana deixou claro, em coletiva concedida no \u00faltimo domingo, que, apesar do favoritismo brasileiro, sua equipe entrar\u00e1 em campo para competir: \u201cNosso objetivo tem que ser competir. H\u00e1 melhor oportunidade do que ter a oportunidade de competir com suas refer\u00eancias esportivas? Queremos apresentar um plano que n\u00e3o demonstre apenas que o Panam\u00e1 est\u00e1 em sua primeira Copa e que chegamos no papel de v\u00edtimas\u201d.<\/p>\n","protected":false},"excerpt":{"rendered":"<p>Da Ag\u00eancia Brasil O Brasil inicia, a partir das 8h (hor\u00e1rio de Bras\u00edlia) desta&nbsp;segunda-feira (24), a sua caminhada na Copa do Mundo de futebol feminino. E o primeiro desafio da sele\u00e7\u00e3o brasileira \u00e9 a equipe do Panam\u00e1 em jogo disputado em Adelaide (Austr\u00e1lia) e v\u00e1lido pelo Grupo F, que tamb\u00e9m conta com a presen\u00e7a de [&hellip;]<\/p>\n","protected":false},"author":13,"featured_media":0,"comment_status":"open","ping_status":"open","sticky":false,"template":"","format":"standard","meta":{"_acf_changed":false,"footnotes":""},"categories":[1,21],"tags":[931,932],"class_list":["post-73127","post","type-post","status-publish","format-standard","hentry","category-esporte","category-todas-noticias","tag-copa-do-mundo","tag-futebol-feminino"],"acf":[],"yoast_head":"<!-- This site is optimized with the Yoast SEO plugin v24.4 - https:\/\/yoast.com\/wordpress\/plugins\/seo\/ -->\n<title>Brasil inicia busca por t\u00edtulo in\u00e9dito da Copa diante do Panam\u00e1 - PORTAL DE NOT\u00cdCIAS CLEITON PINHEIRO<\/title>\n<meta name=\"robots\" content=\"index, follow, max-snippet:-1, max-image-preview:large, max-video-preview:-1\" \/>\n<link rel=\"canonical\" href=\"https:\/\/cleitonpinheiro.com.br\/site\/brasil-inicia-busca-por-titulo-inedito-da-copa-diante-do-panama\/\" \/>\n<meta property=\"og:locale\" content=\"pt_BR\" \/>\n<meta property=\"og:type\" content=\"article\" \/>\n<meta property=\"og:title\" content=\"Brasil inicia busca por t\u00edtulo in\u00e9dito da Copa diante do Panam\u00e1 - PORTAL DE NOT\u00cdCIAS CLEITON PINHEIRO\" \/>\n<meta property=\"og:description\" content=\"Da Ag\u00eancia Brasil O Brasil inicia, a partir das 8h (hor\u00e1rio de Bras\u00edlia) desta&nbsp;segunda-feira (24), a sua caminhada na Copa do Mundo de futebol feminino. E o primeiro desafio da sele\u00e7\u00e3o brasileira \u00e9 a equipe do Panam\u00e1 em jogo disputado em Adelaide (Austr\u00e1lia) e v\u00e1lido pelo Grupo F, que tamb\u00e9m conta com a presen\u00e7a de [&hellip;]\" \/>\n<meta property=\"og:url\" content=\"https:\/\/cleitonpinheiro.com.br\/site\/brasil-inicia-busca-por-titulo-inedito-da-copa-diante-do-panama\/\" \/>\n<meta property=\"og:site_name\" content=\"PORTAL DE NOT\u00cdCIAS CLEITON PINHEIRO\" \/>\n<meta property=\"article:publisher\" content=\"https:\/\/www.facebook.com\/portalcpnoticias\/\" \/>\n<meta property=\"article:published_time\" content=\"2023-07-23T22:47:53+00:00\" \/>\n<meta property=\"article:modified_time\" content=\"2023-08-03T19:01:48+00:00\" \/>\n<meta property=\"og:image\" content=\"https:\/\/cleitonpinheiro.com.br\/site\/wp-content\/uploads\/2023\/07\/53016847702_e853e2f944_o.jpg\" \/>\n\t<meta property=\"og:image:width\" content=\"1170\" \/>\n\t<meta property=\"og:image:height\" content=\"700\" \/>\n\t<meta property=\"og:image:type\" content=\"image\/jpeg\" \/>\n<meta name=\"author\" content=\"Reda\u00e7\u00e3o CP\" \/>\n<meta name=\"twitter:card\" content=\"summary_large_image\" \/>\n<meta name=\"twitter:label1\" content=\"Escrito por\" \/>\n\t<meta name=\"twitter:data1\" content=\"Reda\u00e7\u00e3o CP\" \/>\n\t<meta name=\"twitter:label2\" content=\"Est. tempo de leitura\" \/>\n\t<meta name=\"twitter:data2\" content=\"4 minutos\" \/>\n<script type=\"application\/ld+json\" class=\"yoast-schema-graph\">{\"@context\":\"https:\/\/schema.org\",\"@graph\":[{\"@type\":\"Article\",\"@id\":\"https:\/\/cleitonpinheiro.com.br\/site\/brasil-inicia-busca-por-titulo-inedito-da-copa-diante-do-panama\/#article\",\"isPartOf\":{\"@id\":\"https:\/\/cleitonpinheiro.com.br\/site\/brasil-inicia-busca-por-titulo-inedito-da-copa-diante-do-panama\/\"},\"author\":{\"name\":\"Reda\u00e7\u00e3o CP\",\"@id\":\"https:\/\/cleitonpinheiro.com.br\/site\/#\/schema\/person\/8f04544e0bc40a1b68775b08360f87db\"},\"headline\":\"Brasil inicia busca por t\u00edtulo in\u00e9dito da Copa diante do Panam\u00e1\",\"datePublished\":\"2023-07-23T22:47:53+00:00\",\"dateModified\":\"2023-08-03T19:01:48+00:00\",\"mainEntityOfPage\":{\"@id\":\"https:\/\/cleitonpinheiro.com.br\/site\/brasil-inicia-busca-por-titulo-inedito-da-copa-diante-do-panama\/\"},\"wordCount\":649,\"commentCount\":0,\"publisher\":{\"@id\":\"https:\/\/cleitonpinheiro.com.br\/site\/#organization\"},\"image\":{\"@id\":\"https:\/\/cleitonpinheiro.com.br\/site\/brasil-inicia-busca-por-titulo-inedito-da-copa-diante-do-panama\/#primaryimage\"},\"thumbnailUrl\":\"https:\/\/cleitonpinheiro.com.br\/site\/wp-content\/uploads\/2023\/07\/53016847702_e853e2f944_o.jpg\",\"keywords\":[\"Copa do Mundo\",\"Futebol feminino\"],\"articleSection\":[\"ESPORTE\",\"TODAS NOTICIAS\"],\"inLanguage\":\"pt-BR\",\"potentialAction\":[{\"@type\":\"CommentAction\",\"name\":\"Comment\",\"target\":[\"https:\/\/cleitonpinheiro.com.br\/site\/brasil-inicia-busca-por-titulo-inedito-da-copa-diante-do-panama\/#respond\"]}]},{\"@type\":\"WebPage\",\"@id\":\"https:\/\/cleitonpinheiro.com.br\/site\/brasil-inicia-busca-por-titulo-inedito-da-copa-diante-do-panama\/\",\"url\":\"https:\/\/cleitonpinheiro.com.br\/site\/brasil-inicia-busca-por-titulo-inedito-da-copa-diante-do-panama\/\",\"name\":\"Brasil inicia busca por t\u00edtulo in\u00e9dito da Copa diante do Panam\u00e1 - PORTAL DE NOT\u00cdCIAS CLEITON PINHEIRO\",\"isPartOf\":{\"@id\":\"https:\/\/cleitonpinheiro.com.br\/site\/#website\"},\"primaryImageOfPage\":{\"@id\":\"https:\/\/cleitonpinheiro.com.br\/site\/brasil-inicia-busca-por-titulo-inedito-da-copa-diante-do-panama\/#primaryimage\"},\"image\":{\"@id\":\"https:\/\/cleitonpinheiro.com.br\/site\/brasil-inicia-busca-por-titulo-inedito-da-copa-diante-do-panama\/#primaryimage\"},\"thumbnailUrl\":\"https:\/\/cleitonpinheiro.com.br\/site\/wp-content\/uploads\/2023\/07\/53016847702_e853e2f944_o.jpg\",\"datePublished\":\"2023-07-23T22:47:53+00:00\",\"dateModified\":\"2023-08-03T19:01:48+00:00\",\"breadcrumb\":{\"@id\":\"https:\/\/cleitonpinheiro.com.br\/site\/brasil-inicia-busca-por-titulo-inedito-da-copa-diante-do-panama\/#breadcrumb\"},\"inLanguage\":\"pt-BR\",\"potentialAction\":[{\"@type\":\"ReadAction\",\"target\":[\"https:\/\/cleitonpinheiro.com.br\/site\/brasil-inicia-busca-por-titulo-inedito-da-copa-diante-do-panama\/\"]}]},{\"@type\":\"ImageObject\",\"inLanguage\":\"pt-BR\",\"@id\":\"https:\/\/cleitonpinheiro.com.br\/site\/brasil-inicia-busca-por-titulo-inedito-da-copa-diante-do-panama\/#primaryimage\",\"url\":\"\",\"contentUrl\":\"\"},{\"@type\":\"BreadcrumbList\",\"@id\":\"https:\/\/cleitonpinheiro.com.br\/site\/brasil-inicia-busca-por-titulo-inedito-da-copa-diante-do-panama\/#breadcrumb\",\"itemListElement\":[{\"@type\":\"ListItem\",\"position\":1,\"name\":\"In\u00edcio\",\"item\":\"https:\/\/cleitonpinheiro.com.br\/site\/\"},{\"@type\":\"ListItem\",\"position\":2,\"name\":\"Brasil inicia busca por t\u00edtulo in\u00e9dito da Copa diante do Panam\u00e1\"}]},{\"@type\":\"WebSite\",\"@id\":\"https:\/\/cleitonpinheiro.com.br\/site\/#website\",\"url\":\"https:\/\/cleitonpinheiro.com.br\/site\/\",\"name\":\"PORTAL DE NOT\u00cdCIAS CLEITON PINHEIRO\",\"description\":\"FALANDO A VERDADE\",\"publisher\":{\"@id\":\"https:\/\/cleitonpinheiro.com.br\/site\/#organization\"},\"potentialAction\":[{\"@type\":\"SearchAction\",\"target\":{\"@type\":\"EntryPoint\",\"urlTemplate\":\"https:\/\/cleitonpinheiro.com.br\/site\/?s={search_term_string}\"},\"query-input\":{\"@type\":\"PropertyValueSpecification\",\"valueRequired\":true,\"valueName\":\"search_term_string\"}}],\"inLanguage\":\"pt-BR\"},{\"@type\":\"Organization\",\"@id\":\"https:\/\/cleitonpinheiro.com.br\/site\/#organization\",\"name\":\"CPNOT\u00cdCIAS\",\"url\":\"https:\/\/cleitonpinheiro.com.br\/site\/\",\"logo\":{\"@type\":\"ImageObject\",\"inLanguage\":\"pt-BR\",\"@id\":\"https:\/\/cleitonpinheiro.com.br\/site\/#\/schema\/logo\/image\/\",\"url\":\"https:\/\/cleitonpinheiro.com.br\/site\/wp-content\/uploads\/2022\/08\/Logo-pequena-2.png\",\"contentUrl\":\"https:\/\/cleitonpinheiro.com.br\/site\/wp-content\/uploads\/2022\/08\/Logo-pequena-2.png\",\"width\":500,\"height\":500,\"caption\":\"CPNOT\u00cdCIAS\"},\"image\":{\"@id\":\"https:\/\/cleitonpinheiro.com.br\/site\/#\/schema\/logo\/image\/\"},\"sameAs\":[\"https:\/\/www.facebook.com\/portalcpnoticias\/\"]},{\"@type\":\"Person\",\"@id\":\"https:\/\/cleitonpinheiro.com.br\/site\/#\/schema\/person\/8f04544e0bc40a1b68775b08360f87db\",\"name\":\"Reda\u00e7\u00e3o CP\",\"image\":{\"@type\":\"ImageObject\",\"inLanguage\":\"pt-BR\",\"@id\":\"https:\/\/cleitonpinheiro.com.br\/site\/#\/schema\/person\/image\/\",\"url\":\"https:\/\/secure.gravatar.com\/avatar\/0bcf19cb29fdc8fc588c490c7ae1b3e174dac268586a63fbe1d1893a0f9020cd?s=96&r=g\",\"contentUrl\":\"https:\/\/secure.gravatar.com\/avatar\/0bcf19cb29fdc8fc588c490c7ae1b3e174dac268586a63fbe1d1893a0f9020cd?s=96&r=g\",\"caption\":\"Reda\u00e7\u00e3o CP\"},\"url\":\"https:\/\/cleitonpinheiro.com.br\/site\/author\/redacao\/\"}]}<\/script>\n<!-- \/ Yoast SEO plugin. -->","yoast_head_json":{"title":"Brasil inicia busca por t\u00edtulo in\u00e9dito da Copa diante do Panam\u00e1 - PORTAL DE NOT\u00cdCIAS CLEITON PINHEIRO","robots":{"index":"index","follow":"follow","max-snippet":"max-snippet:-1","max-image-preview":"max-image-preview:large","max-video-preview":"max-video-preview:-1"},"canonical":"https:\/\/cleitonpinheiro.com.br\/site\/brasil-inicia-busca-por-titulo-inedito-da-copa-diante-do-panama\/","og_locale":"pt_BR","og_type":"article","og_title":"Brasil inicia busca por t\u00edtulo in\u00e9dito da Copa diante do Panam\u00e1 - PORTAL DE NOT\u00cdCIAS CLEITON PINHEIRO","og_description":"Da Ag\u00eancia Brasil O Brasil inicia, a partir das 8h (hor\u00e1rio de Bras\u00edlia) desta&nbsp;segunda-feira (24), a sua caminhada na Copa do Mundo de futebol feminino. E o primeiro desafio da sele\u00e7\u00e3o brasileira \u00e9 a equipe do Panam\u00e1 em jogo disputado em Adelaide (Austr\u00e1lia) e v\u00e1lido pelo Grupo F, que tamb\u00e9m conta com a presen\u00e7a de [&hellip;]","og_url":"https:\/\/cleitonpinheiro.com.br\/site\/brasil-inicia-busca-por-titulo-inedito-da-copa-diante-do-panama\/","og_site_name":"PORTAL DE NOT\u00cdCIAS CLEITON PINHEIRO","article_publisher":"https:\/\/www.facebook.com\/portalcpnoticias\/","article_published_time":"2023-07-23T22:47:53+00:00","article_modified_time":"2023-08-03T19:01:48+00:00","og_image":[{"width":1170,"height":700,"url":"https:\/\/cleitonpinheiro.com.br\/site\/wp-content\/uploads\/2023\/07\/53016847702_e853e2f944_o.jpg","type":"image\/jpeg"}],"author":"Reda\u00e7\u00e3o CP","twitter_card":"summary_large_image","twitter_misc":{"Escrito por":"Reda\u00e7\u00e3o CP","Est. tempo de leitura":"4 minutos"},"schema":{"@context":"https:\/\/schema.org","@graph":[{"@type":"Article","@id":"https:\/\/cleitonpinheiro.com.br\/site\/brasil-inicia-busca-por-titulo-inedito-da-copa-diante-do-panama\/#article","isPartOf":{"@id":"https:\/\/cleitonpinheiro.com.br\/site\/brasil-inicia-busca-por-titulo-inedito-da-copa-diante-do-panama\/"},"author":{"name":"Reda\u00e7\u00e3o CP","@id":"https:\/\/cleitonpinheiro.com.br\/site\/#\/schema\/person\/8f04544e0bc40a1b68775b08360f87db"},"headline":"Brasil inicia busca por t\u00edtulo in\u00e9dito da Copa diante do Panam\u00e1","datePublished":"2023-07-23T22:47:53+00:00","dateModified":"2023-08-03T19:01:48+00:00","mainEntityOfPage":{"@id":"https:\/\/cleitonpinheiro.com.br\/site\/brasil-inicia-busca-por-titulo-inedito-da-copa-diante-do-panama\/"},"wordCount":649,"commentCount":0,"publisher":{"@id":"https:\/\/cleitonpinheiro.com.br\/site\/#organization"},"image":{"@id":"https:\/\/cleitonpinheiro.com.br\/site\/brasil-inicia-busca-por-titulo-inedito-da-copa-diante-do-panama\/#primaryimage"},"thumbnailUrl":"https:\/\/cleitonpinheiro.com.br\/site\/wp-content\/uploads\/2023\/07\/53016847702_e853e2f944_o.jpg","keywords":["Copa do Mundo","Futebol feminino"],"articleSection":["ESPORTE","TODAS NOTICIAS"],"inLanguage":"pt-BR","potentialAction":[{"@type":"CommentAction","name":"Comment","target":["https:\/\/cleitonpinheiro.com.br\/site\/brasil-inicia-busca-por-titulo-inedito-da-copa-diante-do-panama\/#respond"]}]},{"@type":"WebPage","@id":"https:\/\/cleitonpinheiro.com.br\/site\/brasil-inicia-busca-por-titulo-inedito-da-copa-diante-do-panama\/","url":"https:\/\/cleitonpinheiro.com.br\/site\/brasil-inicia-busca-por-titulo-inedito-da-copa-diante-do-panama\/","name":"Brasil inicia busca por t\u00edtulo in\u00e9dito da Copa diante do Panam\u00e1 - PORTAL DE NOT\u00cdCIAS CLEITON PINHEIRO","isPartOf":{"@id":"https:\/\/cleitonpinheiro.com.br\/site\/#website"},"primaryImageOfPage":{"@id":"https:\/\/cleitonpinheiro.com.br\/site\/brasil-inicia-busca-por-titulo-inedito-da-copa-diante-do-panama\/#primaryimage"},"image":{"@id":"https:\/\/cleitonpinheiro.com.br\/site\/brasil-inicia-busca-por-titulo-inedito-da-copa-diante-do-panama\/#primaryimage"},"thumbnailUrl":"https:\/\/cleitonpinheiro.com.br\/site\/wp-content\/uploads\/2023\/07\/53016847702_e853e2f944_o.jpg","datePublished":"2023-07-23T22:47:53+00:00","dateModified":"2023-08-03T19:01:48+00:00","breadcrumb":{"@id":"https:\/\/cleitonpinheiro.com.br\/site\/brasil-inicia-busca-por-titulo-inedito-da-copa-diante-do-panama\/#breadcrumb"},"inLanguage":"pt-BR","potentialAction":[{"@type":"ReadAction","target":["https:\/\/cleitonpinheiro.com.br\/site\/brasil-inicia-busca-por-titulo-inedito-da-copa-diante-do-panama\/"]}]},{"@type":"ImageObject","inLanguage":"pt-BR","@id":"https:\/\/cleitonpinheiro.com.br\/site\/brasil-inicia-busca-por-titulo-inedito-da-copa-diante-do-panama\/#primaryimage","url":"","contentUrl":""},{"@type":"BreadcrumbList","@id":"https:\/\/cleitonpinheiro.com.br\/site\/brasil-inicia-busca-por-titulo-inedito-da-copa-diante-do-panama\/#breadcrumb","itemListElement":[{"@type":"ListItem","position":1,"name":"In\u00edcio","item":"https:\/\/cleitonpinheiro.com.br\/site\/"},{"@type":"ListItem","position":2,"name":"Brasil inicia busca por t\u00edtulo in\u00e9dito da Copa diante do Panam\u00e1"}]},{"@type":"WebSite","@id":"https:\/\/cleitonpinheiro.com.br\/site\/#website","url":"https:\/\/cleitonpinheiro.com.br\/site\/","name":"PORTAL DE NOT\u00cdCIAS CLEITON PINHEIRO","description":"FALANDO A VERDADE","publisher":{"@id":"https:\/\/cleitonpinheiro.com.br\/site\/#organization"},"potentialAction":[{"@type":"SearchAction","target":{"@type":"EntryPoint","urlTemplate":"https:\/\/cleitonpinheiro.com.br\/site\/?s={search_term_string}"},"query-input":{"@type":"PropertyValueSpecification","valueRequired":true,"valueName":"search_term_string"}}],"inLanguage":"pt-BR"},{"@type":"Organization","@id":"https:\/\/cleitonpinheiro.com.br\/site\/#organization","name":"CPNOT\u00cdCIAS","url":"https:\/\/cleitonpinheiro.com.br\/site\/","logo":{"@type":"ImageObject","inLanguage":"pt-BR","@id":"https:\/\/cleitonpinheiro.com.br\/site\/#\/schema\/logo\/image\/","url":"https:\/\/cleitonpinheiro.com.br\/site\/wp-content\/uploads\/2022\/08\/Logo-pequena-2.png","contentUrl":"https:\/\/cleitonpinheiro.com.br\/site\/wp-content\/uploads\/2022\/08\/Logo-pequena-2.png","width":500,"height":500,"caption":"CPNOT\u00cdCIAS"},"image":{"@id":"https:\/\/cleitonpinheiro.com.br\/site\/#\/schema\/logo\/image\/"},"sameAs":["https:\/\/www.facebook.com\/portalcpnoticias\/"]},{"@type":"Person","@id":"https:\/\/cleitonpinheiro.com.br\/site\/#\/schema\/person\/8f04544e0bc40a1b68775b08360f87db","name":"Reda\u00e7\u00e3o CP","image":{"@type":"ImageObject","inLanguage":"pt-BR","@id":"https:\/\/cleitonpinheiro.com.br\/site\/#\/schema\/person\/image\/","url":"https:\/\/secure.gravatar.com\/avatar\/0bcf19cb29fdc8fc588c490c7ae1b3e174dac268586a63fbe1d1893a0f9020cd?s=96&r=g","contentUrl":"https:\/\/secure.gravatar.com\/avatar\/0bcf19cb29fdc8fc588c490c7ae1b3e174dac268586a63fbe1d1893a0f9020cd?s=96&r=g","caption":"Reda\u00e7\u00e3o CP"},"url":"https:\/\/cleitonpinheiro.com.br\/site\/author\/redacao\/"}]}},"views":436,"_links":{"self":[{"href":"https:\/\/cleitonpinheiro.com.br\/site\/wp-json\/wp\/v2\/posts\/73127","targetHints":{"allow":["GET"]}}],"collection":[{"href":"https:\/\/cleitonpinheiro.com.br\/site\/wp-json\/wp\/v2\/posts"}],"about":[{"href":"https:\/\/cleitonpinheiro.com.br\/site\/wp-json\/wp\/v2\/types\/post"}],"author":[{"embeddable":true,"href":"https:\/\/cleitonpinheiro.com.br\/site\/wp-json\/wp\/v2\/users\/13"}],"replies":[{"embeddable":true,"href":"https:\/\/cleitonpinheiro.com.br\/site\/wp-json\/wp\/v2\/comments?post=73127"}],"version-history":[{"count":1,"href":"https:\/\/cleitonpinheiro.com.br\/site\/wp-json\/wp\/v2\/posts\/73127\/revisions"}],"predecessor-version":[{"id":73129,"href":"https:\/\/cleitonpinheiro.com.br\/site\/wp-json\/wp\/v2\/posts\/73127\/revisions\/73129"}],"wp:attachment":[{"href":"https:\/\/cleitonpinheiro.com.br\/site\/wp-json\/wp\/v2\/media?parent=73127"}],"wp:term":[{"taxonomy":"category","embeddable":true,"href":"https:\/\/cleitonpinheiro.com.br\/site\/wp-json\/wp\/v2\/categories?post=73127"},{"taxonomy":"post_tag","embeddable":true,"href":"https:\/\/cleitonpinheiro.com.br\/site\/wp-json\/wp\/v2\/tags?post=73127"}],"curies":[{"name":"wp","href":"https:\/\/api.w.org\/{rel}","templated":true}]}}