{"id":73171,"date":"2023-07-27T15:33:19","date_gmt":"2023-07-27T18:33:19","guid":{"rendered":"https:\/\/cleitonpinheiro.com.br\/site\/?p=73171"},"modified":"2023-12-27T11:52:54","modified_gmt":"2023-12-27T14:52:54","slug":"para-show-da-fafa-de-belem-ultimo-onibus-retorna-de-taquarucu-00h15-da-sexta-feira","status":"publish","type":"post","link":"https:\/\/cleitonpinheiro.com.br\/site\/para-show-da-fafa-de-belem-ultimo-onibus-retorna-de-taquarucu-00h15-da-sexta-feira\/","title":{"rendered":"Para show da Faf\u00e1 de Bel\u00e9m, \u00faltimo \u00f4nibus retorna de Taquaru\u00e7u 00h15 da sexta-feira"},"content":{"rendered":"\n<p class=\"wp-block-paragraph\">Para facilitar o acesso dos palmenses e visitantes ao show da artista da MPB Faf\u00e1 de Bel\u00e9m, no distrito de Taquaru\u00e7u, nesta quinta-feira, 27, a gest\u00e3o municipal, por meio da Ag\u00eancia de Transporte Coletivo de Palmas (ATCP), vai refor\u00e7ar a linha 450 nos dois sentidos entre o distrito e a\u00a0esta\u00e7\u00e3o Java\u00e9. O \u00faltimo \u00f4nibus sair\u00e1 de Taquaru\u00e7u \u00e0s 00h15, j\u00e1 madrugada da sexta-feira, 28.<\/p>\n\n\n\n<p class=\"wp-block-paragraph\">A programa\u00e7\u00e3o cultural integra o Palmas F\u00e9rias 2023 e n\u00e3o para por a\u00ed! A anima\u00e7\u00e3o continua na serra com Sabrina Fittipaldi tocando um bom forr\u00f3 no s\u00e1bado, 29. Ainda no final de semana, o domingo, dia 30, contar\u00e1 com apresenta\u00e7\u00f5es dos artistas da m\u00fasica gospel Mattos Nascimento, Sandro Nazireu e Mizael Matos. &nbsp;Al\u00e9m das atra\u00e7\u00f5es, os visitantes poder\u00e3o saborear pratos especiais da Vila Gastron\u00f4mica.&nbsp;<\/p>\n\n\n\n<p class=\"wp-block-paragraph\"><strong>Hor\u00e1rios noturnos &#8211; Linha 450 nos dois sentidos (Esta\u00e7\u00e3o Java\u00e9 &#8211; Taquaru\u00e7u \/ Taquaru\u00e7u &#8211; Esta\u00e7\u00e3o Java\u00e9 )&nbsp;<\/strong><\/p>\n\n\n\n<p class=\"wp-block-paragraph\"><strong>Refor\u00e7o 27\/07&nbsp;<\/strong><\/p>\n\n\n\n<p class=\"wp-block-paragraph\">IDA &#8211; 18h20 \/ 18h40 \/ 19h30 \/ 19h55 \/ &nbsp;20h \/ 20h30 \/ 21h \/ 21h15 \/ 22h20 \/ 22h50 e 23h45.<\/p>\n\n\n\n<p class=\"wp-block-paragraph\">VOLTA &#8211; 18h05 \/ 18h35 \/ 18h50 \/ 19h15 \/ 20h \/ 20h30 \/ 21h \/ 21h45 \/ 23h \/ 23h20 &nbsp;e 00h15.<\/p>\n\n\n\n<p class=\"wp-block-paragraph\"><strong>Refor\u00e7o 29\/07&nbsp;<\/strong><\/p>\n\n\n\n<p class=\"wp-block-paragraph\">IDA &#8211; 18h10 \/ 18h40 \/ 19h \/ 19h30 \/ 20h20 \/ 20h50 \/ 21h40 \/ 22h \/ &nbsp;22h30 &nbsp;e 23h.<br>VOLTA &#8211; &nbsp;18h50 \/ 19h15 \/ 19h40 \/ 20h10 \/ 21h \/ 21h30 \/ 22h20 \/ 22h30 \/ 23h \/ 23h30.<\/p>\n\n\n\n<p class=\"wp-block-paragraph\"><strong>Refor\u00e7o 30\/07&nbsp;<\/strong><\/p>\n\n\n\n<p class=\"wp-block-paragraph\">IDA &#8211; 18h20 \/ 19h \/ 19h40 \/ 20h30 \/ 21h \/ 22h e 22h40<\/p>\n\n\n\n<p class=\"wp-block-paragraph\">VOLTA &nbsp;&#8211; 19h \/ 19h40 \/ 20h20 \/ &nbsp;21h10 \/ 21h40 \/ 22h30 \/ 23h40&nbsp;<\/p>\n\n\n\n<p class=\"wp-block-paragraph\">Para acompanhar todas as linhas e hor\u00e1rios do dia, baixe e acesse o aplicativo Cittamobi.&nbsp;<\/p>\n","protected":false},"excerpt":{"rendered":"<p>Para facilitar o acesso dos palmenses e visitantes ao show da artista da MPB Faf\u00e1 de Bel\u00e9m, no distrito de Taquaru\u00e7u, nesta quinta-feira, 27, a gest\u00e3o municipal, por meio da Ag\u00eancia de Transporte Coletivo de Palmas (ATCP), vai refor\u00e7ar a linha 450 nos dois sentidos entre o distrito e a\u00a0esta\u00e7\u00e3o Java\u00e9. O \u00faltimo \u00f4nibus sair\u00e1 [&hellip;]<\/p>\n","protected":false},"author":13,"featured_media":0,"comment_status":"open","ping_status":"open","sticky":false,"template":"","format":"standard","meta":{"_acf_changed":false,"footnotes":""},"categories":[22,21],"tags":[1014,955,720],"class_list":["post-73171","post","type-post","status-publish","format-standard","hentry","category-cidades","category-todas-noticias","tag-fafa-de-belem","tag-palmas-ferias-2023","tag-prefeitura-de-palmas"],"acf":[],"yoast_head":"<!-- This site is optimized with the Yoast SEO plugin v24.4 - https:\/\/yoast.com\/wordpress\/plugins\/seo\/ -->\n<title>Para show da Faf\u00e1 de Bel\u00e9m, \u00faltimo \u00f4nibus retorna de Taquaru\u00e7u 00h15 da sexta-feira - PORTAL DE NOT\u00cdCIAS CLEITON PINHEIRO<\/title>\n<meta name=\"robots\" content=\"index, follow, max-snippet:-1, max-image-preview:large, max-video-preview:-1\" \/>\n<link rel=\"canonical\" href=\"https:\/\/cleitonpinheiro.com.br\/site\/para-show-da-fafa-de-belem-ultimo-onibus-retorna-de-taquarucu-00h15-da-sexta-feira\/\" \/>\n<meta property=\"og:locale\" content=\"pt_BR\" \/>\n<meta property=\"og:type\" content=\"article\" \/>\n<meta property=\"og:title\" content=\"Para show da Faf\u00e1 de Bel\u00e9m, \u00faltimo \u00f4nibus retorna de Taquaru\u00e7u 00h15 da sexta-feira - PORTAL DE NOT\u00cdCIAS CLEITON PINHEIRO\" \/>\n<meta property=\"og:description\" content=\"Para facilitar o acesso dos palmenses e visitantes ao show da artista da MPB Faf\u00e1 de Bel\u00e9m, no distrito de Taquaru\u00e7u, nesta quinta-feira, 27, a gest\u00e3o municipal, por meio da Ag\u00eancia de Transporte Coletivo de Palmas (ATCP), vai refor\u00e7ar a linha 450 nos dois sentidos entre o distrito e a\u00a0esta\u00e7\u00e3o Java\u00e9. O \u00faltimo \u00f4nibus sair\u00e1 [&hellip;]\" \/>\n<meta property=\"og:url\" content=\"https:\/\/cleitonpinheiro.com.br\/site\/para-show-da-fafa-de-belem-ultimo-onibus-retorna-de-taquarucu-00h15-da-sexta-feira\/\" \/>\n<meta property=\"og:site_name\" content=\"PORTAL DE NOT\u00cdCIAS CLEITON PINHEIRO\" \/>\n<meta property=\"article:publisher\" content=\"https:\/\/www.facebook.com\/portalcpnoticias\/\" \/>\n<meta property=\"article:published_time\" content=\"2023-07-27T18:33:19+00:00\" \/>\n<meta property=\"article:modified_time\" content=\"2023-12-27T14:52:54+00:00\" \/>\n<meta property=\"og:image\" content=\"https:\/\/cleitonpinheiro.com.br\/site\/wp-content\/uploads\/2023\/07\/0f8d2d95-ef33-4db0-914c-ac277ac07deb.jpg\" \/>\n\t<meta property=\"og:image:width\" content=\"800\" \/>\n\t<meta property=\"og:image:height\" content=\"533\" \/>\n\t<meta property=\"og:image:type\" content=\"image\/jpeg\" \/>\n<meta name=\"author\" content=\"Reda\u00e7\u00e3o CP\" \/>\n<meta name=\"twitter:card\" content=\"summary_large_image\" \/>\n<meta name=\"twitter:label1\" content=\"Escrito por\" \/>\n\t<meta name=\"twitter:data1\" content=\"Reda\u00e7\u00e3o CP\" \/>\n\t<meta name=\"twitter:label2\" content=\"Est. tempo de leitura\" \/>\n\t<meta name=\"twitter:data2\" content=\"2 minutos\" \/>\n<script type=\"application\/ld+json\" class=\"yoast-schema-graph\">{\"@context\":\"https:\/\/schema.org\",\"@graph\":[{\"@type\":\"Article\",\"@id\":\"https:\/\/cleitonpinheiro.com.br\/site\/para-show-da-fafa-de-belem-ultimo-onibus-retorna-de-taquarucu-00h15-da-sexta-feira\/#article\",\"isPartOf\":{\"@id\":\"https:\/\/cleitonpinheiro.com.br\/site\/para-show-da-fafa-de-belem-ultimo-onibus-retorna-de-taquarucu-00h15-da-sexta-feira\/\"},\"author\":{\"name\":\"Reda\u00e7\u00e3o CP\",\"@id\":\"https:\/\/cleitonpinheiro.com.br\/site\/#\/schema\/person\/8f04544e0bc40a1b68775b08360f87db\"},\"headline\":\"Para show da Faf\u00e1 de Bel\u00e9m, \u00faltimo \u00f4nibus retorna de Taquaru\u00e7u 00h15 da sexta-feira\",\"datePublished\":\"2023-07-27T18:33:19+00:00\",\"dateModified\":\"2023-12-27T14:52:54+00:00\",\"mainEntityOfPage\":{\"@id\":\"https:\/\/cleitonpinheiro.com.br\/site\/para-show-da-fafa-de-belem-ultimo-onibus-retorna-de-taquarucu-00h15-da-sexta-feira\/\"},\"wordCount\":286,\"commentCount\":0,\"publisher\":{\"@id\":\"https:\/\/cleitonpinheiro.com.br\/site\/#organization\"},\"keywords\":[\"Faf\u00e1 de Bel\u00e9m\",\"Palmas F\u00e9rias 2023\",\"Prefeitura de Palmas\"],\"articleSection\":[\"CIDADES\",\"TODAS NOTICIAS\"],\"inLanguage\":\"pt-BR\",\"potentialAction\":[{\"@type\":\"CommentAction\",\"name\":\"Comment\",\"target\":[\"https:\/\/cleitonpinheiro.com.br\/site\/para-show-da-fafa-de-belem-ultimo-onibus-retorna-de-taquarucu-00h15-da-sexta-feira\/#respond\"]}]},{\"@type\":\"WebPage\",\"@id\":\"https:\/\/cleitonpinheiro.com.br\/site\/para-show-da-fafa-de-belem-ultimo-onibus-retorna-de-taquarucu-00h15-da-sexta-feira\/\",\"url\":\"https:\/\/cleitonpinheiro.com.br\/site\/para-show-da-fafa-de-belem-ultimo-onibus-retorna-de-taquarucu-00h15-da-sexta-feira\/\",\"name\":\"Para show da Faf\u00e1 de Bel\u00e9m, \u00faltimo \u00f4nibus retorna de Taquaru\u00e7u 00h15 da sexta-feira - PORTAL DE NOT\u00cdCIAS CLEITON PINHEIRO\",\"isPartOf\":{\"@id\":\"https:\/\/cleitonpinheiro.com.br\/site\/#website\"},\"datePublished\":\"2023-07-27T18:33:19+00:00\",\"dateModified\":\"2023-12-27T14:52:54+00:00\",\"breadcrumb\":{\"@id\":\"https:\/\/cleitonpinheiro.com.br\/site\/para-show-da-fafa-de-belem-ultimo-onibus-retorna-de-taquarucu-00h15-da-sexta-feira\/#breadcrumb\"},\"inLanguage\":\"pt-BR\",\"potentialAction\":[{\"@type\":\"ReadAction\",\"target\":[\"https:\/\/cleitonpinheiro.com.br\/site\/para-show-da-fafa-de-belem-ultimo-onibus-retorna-de-taquarucu-00h15-da-sexta-feira\/\"]}]},{\"@type\":\"BreadcrumbList\",\"@id\":\"https:\/\/cleitonpinheiro.com.br\/site\/para-show-da-fafa-de-belem-ultimo-onibus-retorna-de-taquarucu-00h15-da-sexta-feira\/#breadcrumb\",\"itemListElement\":[{\"@type\":\"ListItem\",\"position\":1,\"name\":\"In\u00edcio\",\"item\":\"https:\/\/cleitonpinheiro.com.br\/site\/\"},{\"@type\":\"ListItem\",\"position\":2,\"name\":\"Para show da Faf\u00e1 de Bel\u00e9m, \u00faltimo \u00f4nibus retorna de Taquaru\u00e7u 00h15 da sexta-feira\"}]},{\"@type\":\"WebSite\",\"@id\":\"https:\/\/cleitonpinheiro.com.br\/site\/#website\",\"url\":\"https:\/\/cleitonpinheiro.com.br\/site\/\",\"name\":\"PORTAL DE NOT\u00cdCIAS CLEITON PINHEIRO\",\"description\":\"FALANDO A VERDADE\",\"publisher\":{\"@id\":\"https:\/\/cleitonpinheiro.com.br\/site\/#organization\"},\"potentialAction\":[{\"@type\":\"SearchAction\",\"target\":{\"@type\":\"EntryPoint\",\"urlTemplate\":\"https:\/\/cleitonpinheiro.com.br\/site\/?s={search_term_string}\"},\"query-input\":{\"@type\":\"PropertyValueSpecification\",\"valueRequired\":true,\"valueName\":\"search_term_string\"}}],\"inLanguage\":\"pt-BR\"},{\"@type\":\"Organization\",\"@id\":\"https:\/\/cleitonpinheiro.com.br\/site\/#organization\",\"name\":\"CPNOT\u00cdCIAS\",\"url\":\"https:\/\/cleitonpinheiro.com.br\/site\/\",\"logo\":{\"@type\":\"ImageObject\",\"inLanguage\":\"pt-BR\",\"@id\":\"https:\/\/cleitonpinheiro.com.br\/site\/#\/schema\/logo\/image\/\",\"url\":\"https:\/\/cleitonpinheiro.com.br\/site\/wp-content\/uploads\/2022\/08\/Logo-pequena-2.png\",\"contentUrl\":\"https:\/\/cleitonpinheiro.com.br\/site\/wp-content\/uploads\/2022\/08\/Logo-pequena-2.png\",\"width\":500,\"height\":500,\"caption\":\"CPNOT\u00cdCIAS\"},\"image\":{\"@id\":\"https:\/\/cleitonpinheiro.com.br\/site\/#\/schema\/logo\/image\/\"},\"sameAs\":[\"https:\/\/www.facebook.com\/portalcpnoticias\/\"]},{\"@type\":\"Person\",\"@id\":\"https:\/\/cleitonpinheiro.com.br\/site\/#\/schema\/person\/8f04544e0bc40a1b68775b08360f87db\",\"name\":\"Reda\u00e7\u00e3o CP\",\"image\":{\"@type\":\"ImageObject\",\"inLanguage\":\"pt-BR\",\"@id\":\"https:\/\/cleitonpinheiro.com.br\/site\/#\/schema\/person\/image\/\",\"url\":\"https:\/\/secure.gravatar.com\/avatar\/0bcf19cb29fdc8fc588c490c7ae1b3e174dac268586a63fbe1d1893a0f9020cd?s=96&r=g\",\"contentUrl\":\"https:\/\/secure.gravatar.com\/avatar\/0bcf19cb29fdc8fc588c490c7ae1b3e174dac268586a63fbe1d1893a0f9020cd?s=96&r=g\",\"caption\":\"Reda\u00e7\u00e3o CP\"},\"url\":\"https:\/\/cleitonpinheiro.com.br\/site\/author\/redacao\/\"}]}<\/script>\n<!-- \/ Yoast SEO plugin. -->","yoast_head_json":{"title":"Para show da Faf\u00e1 de Bel\u00e9m, \u00faltimo \u00f4nibus retorna de Taquaru\u00e7u 00h15 da sexta-feira - PORTAL DE NOT\u00cdCIAS CLEITON PINHEIRO","robots":{"index":"index","follow":"follow","max-snippet":"max-snippet:-1","max-image-preview":"max-image-preview:large","max-video-preview":"max-video-preview:-1"},"canonical":"https:\/\/cleitonpinheiro.com.br\/site\/para-show-da-fafa-de-belem-ultimo-onibus-retorna-de-taquarucu-00h15-da-sexta-feira\/","og_locale":"pt_BR","og_type":"article","og_title":"Para show da Faf\u00e1 de Bel\u00e9m, \u00faltimo \u00f4nibus retorna de Taquaru\u00e7u 00h15 da sexta-feira - PORTAL DE NOT\u00cdCIAS CLEITON PINHEIRO","og_description":"Para facilitar o acesso dos palmenses e visitantes ao show da artista da MPB Faf\u00e1 de Bel\u00e9m, no distrito de Taquaru\u00e7u, nesta quinta-feira, 27, a gest\u00e3o municipal, por meio da Ag\u00eancia de Transporte Coletivo de Palmas (ATCP), vai refor\u00e7ar a linha 450 nos dois sentidos entre o distrito e a\u00a0esta\u00e7\u00e3o Java\u00e9. O \u00faltimo \u00f4nibus sair\u00e1 [&hellip;]","og_url":"https:\/\/cleitonpinheiro.com.br\/site\/para-show-da-fafa-de-belem-ultimo-onibus-retorna-de-taquarucu-00h15-da-sexta-feira\/","og_site_name":"PORTAL DE NOT\u00cdCIAS CLEITON PINHEIRO","article_publisher":"https:\/\/www.facebook.com\/portalcpnoticias\/","article_published_time":"2023-07-27T18:33:19+00:00","article_modified_time":"2023-12-27T14:52:54+00:00","og_image":[{"width":800,"height":533,"url":"https:\/\/cleitonpinheiro.com.br\/site\/wp-content\/uploads\/2023\/07\/0f8d2d95-ef33-4db0-914c-ac277ac07deb.jpg","type":"image\/jpeg"}],"author":"Reda\u00e7\u00e3o CP","twitter_card":"summary_large_image","twitter_misc":{"Escrito por":"Reda\u00e7\u00e3o CP","Est. tempo de leitura":"2 minutos"},"schema":{"@context":"https:\/\/schema.org","@graph":[{"@type":"Article","@id":"https:\/\/cleitonpinheiro.com.br\/site\/para-show-da-fafa-de-belem-ultimo-onibus-retorna-de-taquarucu-00h15-da-sexta-feira\/#article","isPartOf":{"@id":"https:\/\/cleitonpinheiro.com.br\/site\/para-show-da-fafa-de-belem-ultimo-onibus-retorna-de-taquarucu-00h15-da-sexta-feira\/"},"author":{"name":"Reda\u00e7\u00e3o CP","@id":"https:\/\/cleitonpinheiro.com.br\/site\/#\/schema\/person\/8f04544e0bc40a1b68775b08360f87db"},"headline":"Para show da Faf\u00e1 de Bel\u00e9m, \u00faltimo \u00f4nibus retorna de Taquaru\u00e7u 00h15 da sexta-feira","datePublished":"2023-07-27T18:33:19+00:00","dateModified":"2023-12-27T14:52:54+00:00","mainEntityOfPage":{"@id":"https:\/\/cleitonpinheiro.com.br\/site\/para-show-da-fafa-de-belem-ultimo-onibus-retorna-de-taquarucu-00h15-da-sexta-feira\/"},"wordCount":286,"commentCount":0,"publisher":{"@id":"https:\/\/cleitonpinheiro.com.br\/site\/#organization"},"keywords":["Faf\u00e1 de Bel\u00e9m","Palmas F\u00e9rias 2023","Prefeitura de Palmas"],"articleSection":["CIDADES","TODAS NOTICIAS"],"inLanguage":"pt-BR","potentialAction":[{"@type":"CommentAction","name":"Comment","target":["https:\/\/cleitonpinheiro.com.br\/site\/para-show-da-fafa-de-belem-ultimo-onibus-retorna-de-taquarucu-00h15-da-sexta-feira\/#respond"]}]},{"@type":"WebPage","@id":"https:\/\/cleitonpinheiro.com.br\/site\/para-show-da-fafa-de-belem-ultimo-onibus-retorna-de-taquarucu-00h15-da-sexta-feira\/","url":"https:\/\/cleitonpinheiro.com.br\/site\/para-show-da-fafa-de-belem-ultimo-onibus-retorna-de-taquarucu-00h15-da-sexta-feira\/","name":"Para show da Faf\u00e1 de Bel\u00e9m, \u00faltimo \u00f4nibus retorna de Taquaru\u00e7u 00h15 da sexta-feira - PORTAL DE NOT\u00cdCIAS CLEITON PINHEIRO","isPartOf":{"@id":"https:\/\/cleitonpinheiro.com.br\/site\/#website"},"datePublished":"2023-07-27T18:33:19+00:00","dateModified":"2023-12-27T14:52:54+00:00","breadcrumb":{"@id":"https:\/\/cleitonpinheiro.com.br\/site\/para-show-da-fafa-de-belem-ultimo-onibus-retorna-de-taquarucu-00h15-da-sexta-feira\/#breadcrumb"},"inLanguage":"pt-BR","potentialAction":[{"@type":"ReadAction","target":["https:\/\/cleitonpinheiro.com.br\/site\/para-show-da-fafa-de-belem-ultimo-onibus-retorna-de-taquarucu-00h15-da-sexta-feira\/"]}]},{"@type":"BreadcrumbList","@id":"https:\/\/cleitonpinheiro.com.br\/site\/para-show-da-fafa-de-belem-ultimo-onibus-retorna-de-taquarucu-00h15-da-sexta-feira\/#breadcrumb","itemListElement":[{"@type":"ListItem","position":1,"name":"In\u00edcio","item":"https:\/\/cleitonpinheiro.com.br\/site\/"},{"@type":"ListItem","position":2,"name":"Para show da Faf\u00e1 de Bel\u00e9m, \u00faltimo \u00f4nibus retorna de Taquaru\u00e7u 00h15 da sexta-feira"}]},{"@type":"WebSite","@id":"https:\/\/cleitonpinheiro.com.br\/site\/#website","url":"https:\/\/cleitonpinheiro.com.br\/site\/","name":"PORTAL DE NOT\u00cdCIAS CLEITON PINHEIRO","description":"FALANDO A VERDADE","publisher":{"@id":"https:\/\/cleitonpinheiro.com.br\/site\/#organization"},"potentialAction":[{"@type":"SearchAction","target":{"@type":"EntryPoint","urlTemplate":"https:\/\/cleitonpinheiro.com.br\/site\/?s={search_term_string}"},"query-input":{"@type":"PropertyValueSpecification","valueRequired":true,"valueName":"search_term_string"}}],"inLanguage":"pt-BR"},{"@type":"Organization","@id":"https:\/\/cleitonpinheiro.com.br\/site\/#organization","name":"CPNOT\u00cdCIAS","url":"https:\/\/cleitonpinheiro.com.br\/site\/","logo":{"@type":"ImageObject","inLanguage":"pt-BR","@id":"https:\/\/cleitonpinheiro.com.br\/site\/#\/schema\/logo\/image\/","url":"https:\/\/cleitonpinheiro.com.br\/site\/wp-content\/uploads\/2022\/08\/Logo-pequena-2.png","contentUrl":"https:\/\/cleitonpinheiro.com.br\/site\/wp-content\/uploads\/2022\/08\/Logo-pequena-2.png","width":500,"height":500,"caption":"CPNOT\u00cdCIAS"},"image":{"@id":"https:\/\/cleitonpinheiro.com.br\/site\/#\/schema\/logo\/image\/"},"sameAs":["https:\/\/www.facebook.com\/portalcpnoticias\/"]},{"@type":"Person","@id":"https:\/\/cleitonpinheiro.com.br\/site\/#\/schema\/person\/8f04544e0bc40a1b68775b08360f87db","name":"Reda\u00e7\u00e3o CP","image":{"@type":"ImageObject","inLanguage":"pt-BR","@id":"https:\/\/cleitonpinheiro.com.br\/site\/#\/schema\/person\/image\/","url":"https:\/\/secure.gravatar.com\/avatar\/0bcf19cb29fdc8fc588c490c7ae1b3e174dac268586a63fbe1d1893a0f9020cd?s=96&r=g","contentUrl":"https:\/\/secure.gravatar.com\/avatar\/0bcf19cb29fdc8fc588c490c7ae1b3e174dac268586a63fbe1d1893a0f9020cd?s=96&r=g","caption":"Reda\u00e7\u00e3o CP"},"url":"https:\/\/cleitonpinheiro.com.br\/site\/author\/redacao\/"}]}},"views":112,"_links":{"self":[{"href":"https:\/\/cleitonpinheiro.com.br\/site\/wp-json\/wp\/v2\/posts\/73171","targetHints":{"allow":["GET"]}}],"collection":[{"href":"https:\/\/cleitonpinheiro.com.br\/site\/wp-json\/wp\/v2\/posts"}],"about":[{"href":"https:\/\/cleitonpinheiro.com.br\/site\/wp-json\/wp\/v2\/types\/post"}],"author":[{"embeddable":true,"href":"https:\/\/cleitonpinheiro.com.br\/site\/wp-json\/wp\/v2\/users\/13"}],"replies":[{"embeddable":true,"href":"https:\/\/cleitonpinheiro.com.br\/site\/wp-json\/wp\/v2\/comments?post=73171"}],"version-history":[{"count":1,"href":"https:\/\/cleitonpinheiro.com.br\/site\/wp-json\/wp\/v2\/posts\/73171\/revisions"}],"predecessor-version":[{"id":73173,"href":"https:\/\/cleitonpinheiro.com.br\/site\/wp-json\/wp\/v2\/posts\/73171\/revisions\/73173"}],"wp:attachment":[{"href":"https:\/\/cleitonpinheiro.com.br\/site\/wp-json\/wp\/v2\/media?parent=73171"}],"wp:term":[{"taxonomy":"category","embeddable":true,"href":"https:\/\/cleitonpinheiro.com.br\/site\/wp-json\/wp\/v2\/categories?post=73171"},{"taxonomy":"post_tag","embeddable":true,"href":"https:\/\/cleitonpinheiro.com.br\/site\/wp-json\/wp\/v2\/tags?post=73171"}],"curies":[{"name":"wp","href":"https:\/\/api.w.org\/{rel}","templated":true}]}}