{"id":73175,"date":"2023-07-27T18:03:00","date_gmt":"2023-07-27T21:03:00","guid":{"rendered":"https:\/\/cleitonpinheiro.com.br\/site\/?p=73175"},"modified":"2023-08-02T12:36:05","modified_gmt":"2023-08-02T15:36:05","slug":"ajusp-to-cobra-do-governo-do-to-as-concessoes-das-progressoes-2022-e-2023","status":"publish","type":"post","link":"https:\/\/cleitonpinheiro.com.br\/site\/ajusp-to-cobra-do-governo-do-to-as-concessoes-das-progressoes-2022-e-2023\/","title":{"rendered":"Ajusp-TO cobra do Governo do TO as concess\u00f5es das progress\u00f5es 2022 e 2023"},"content":{"rendered":"\n<figure class=\"wp-block-image size-full\"><img decoding=\"async\" src=\"https:\/\/cleitonpinheiro.com.br\/site\/wp-content\/uploads\/2023\/07\/Foto-Agencia-Palmas-23.png\" alt=\"\" class=\"wp-image-73176\"\/><\/figure>\n\n\n\n<p class=\"wp-block-paragraph\">A progress\u00e3o funcional do servidor p\u00fablico \u00e9 um direito previsto na legisla\u00e7\u00e3o e uma valoriza\u00e7\u00e3o pelo trabalho realizado, oportunizando melhorias na carreira e, logo, uma melhor remunera\u00e7\u00e3o salarial. Nesse sentido, a Associa\u00e7\u00e3o de Assist\u00eancia Jur\u00eddica dos Servidores P\u00fablicos no Estado do Tocantins (Ajusp-TO) requer ao Governo do Tocantins que fa\u00e7a a concess\u00e3o das progress\u00f5es \u2013 horizontal e vertical \u2013 aos servidores aptos nos anos de 2022 e 2023.<\/p>\n\n\n\n<p class=\"wp-block-paragraph\">\u201cPreenchidos os requisitos determinados pela legisla\u00e7\u00e3o, o Governo do Estado tem obriga\u00e7\u00e3o de garantir a concess\u00e3o e implementa\u00e7\u00e3o da evolu\u00e7\u00e3o funcional. N\u00e3o se trata apenas de cumprimento da lei, estamos falando de respeitar o trabalho e empenho dos servidores que buscaram atender os requisitos para ter o direito a progress\u00e3o\u201d, argumenta o presidente da Ajusp-TO, Cleiton Pinheiro. Outro ponto levantado pelo l\u00edder da categoria \u00e9 que a n\u00e3o implmenta\u00e7\u00e3o das progess\u00f5es nas datas corretas gera passivo ao Executivo estadual que precisar\u00e1 pagar retroativo ao servidor que teve seu direito negligenciado.<\/p>\n\n\n\n<p class=\"wp-block-paragraph\">\u201cA Ajusp-TO trabalha para que o servidor associado tenha seu direito legal respeitado e tamb\u00e9m busca contribuir com a gest\u00e3o correta dos recursos do Poder P\u00fablico e n\u00e3o ac\u00famule d\u00edvidas com o funcionalismo\u201d, destaca Cleiton Pinheiro. Ele acrescenta que, por isso, a Ajusp-TO requer ao governador Wanderlei Barbosa que essas progress\u00f5es seja concedidas e implementadas no pagamento de outubro deste ano, em comemora\u00e7\u00e3o ao Dia do Servidor P\u00fablico, comemorado em 28 de outubro.<\/p>\n\n\n\n<p class=\"wp-block-paragraph\">No documento, a Ajusp-TO sugere que o governador Wanderlei fa\u00e7a um novo decreto para implementar as progress\u00f5es, seguindo o modelo do Decreto n\u00ba 6.629, de 26 de maio de 2023, que autorizou a concess\u00e3o administrativa de progress\u00f5es funcionais a servidores p\u00fablicos \u2013 civis e militares \u2013 aptos at\u00e9 31 de dezembro de 2021.<\/p>\n\n\n\n<p class=\"wp-block-paragraph\">O&nbsp;<a href=\"https:\/\/drive.google.com\/file\/d\/1asrid8LTsOadljsyAF18HzNKBfzTGgtJ\/view?usp=sharing\">Of\u00edcio n\u00ba 10\/2023<\/a>&nbsp;foi protocolado no in\u00edcio da tarde desta quinta-feira, 27, no Pal\u00e1cio Araguaia. E tamb\u00e9m foi enviada uma c\u00f3pia ao secret\u00e1rio estadual da Administra\u00e7\u00e3o, Paulo C\u00e9sar Benfica Filho.<\/p>\n","protected":false},"excerpt":{"rendered":"<p>A progress\u00e3o funcional do servidor p\u00fablico \u00e9 um direito previsto na legisla\u00e7\u00e3o e uma valoriza\u00e7\u00e3o pelo trabalho realizado, oportunizando melhorias na carreira e, logo, uma melhor remunera\u00e7\u00e3o salarial. Nesse sentido, a Associa\u00e7\u00e3o de Assist\u00eancia Jur\u00eddica dos Servidores P\u00fablicos no Estado do Tocantins (Ajusp-TO) requer ao Governo do Tocantins que fa\u00e7a a concess\u00e3o das progress\u00f5es \u2013 [&hellip;]<\/p>\n","protected":false},"author":13,"featured_media":0,"comment_status":"open","ping_status":"open","sticky":false,"template":"","format":"standard","meta":{"_acf_changed":false,"footnotes":""},"categories":[25,898],"tags":[],"class_list":["post-73175","post","type-post","status-publish","format-standard","hentry","category-funcionalismo","category-manchete-segundaria"],"acf":[],"yoast_head":"<!-- This site is optimized with the Yoast SEO plugin v24.4 - https:\/\/yoast.com\/wordpress\/plugins\/seo\/ -->\n<title>Ajusp-TO cobra do Governo do TO as concess\u00f5es das progress\u00f5es 2022 e 2023 - PORTAL DE NOT\u00cdCIAS CLEITON PINHEIRO<\/title>\n<meta name=\"robots\" content=\"index, follow, max-snippet:-1, max-image-preview:large, max-video-preview:-1\" \/>\n<link rel=\"canonical\" href=\"https:\/\/cleitonpinheiro.com.br\/site\/ajusp-to-cobra-do-governo-do-to-as-concessoes-das-progressoes-2022-e-2023\/\" \/>\n<meta property=\"og:locale\" content=\"pt_BR\" \/>\n<meta property=\"og:type\" content=\"article\" \/>\n<meta property=\"og:title\" content=\"Ajusp-TO cobra do Governo do TO as concess\u00f5es das progress\u00f5es 2022 e 2023 - PORTAL DE NOT\u00cdCIAS CLEITON PINHEIRO\" \/>\n<meta property=\"og:description\" content=\"A progress\u00e3o funcional do servidor p\u00fablico \u00e9 um direito previsto na legisla\u00e7\u00e3o e uma valoriza\u00e7\u00e3o pelo trabalho realizado, oportunizando melhorias na carreira e, logo, uma melhor remunera\u00e7\u00e3o salarial. Nesse sentido, a Associa\u00e7\u00e3o de Assist\u00eancia Jur\u00eddica dos Servidores P\u00fablicos no Estado do Tocantins (Ajusp-TO) requer ao Governo do Tocantins que fa\u00e7a a concess\u00e3o das progress\u00f5es \u2013 [&hellip;]\" \/>\n<meta property=\"og:url\" content=\"https:\/\/cleitonpinheiro.com.br\/site\/ajusp-to-cobra-do-governo-do-to-as-concessoes-das-progressoes-2022-e-2023\/\" \/>\n<meta property=\"og:site_name\" content=\"PORTAL DE NOT\u00cdCIAS CLEITON PINHEIRO\" \/>\n<meta property=\"article:publisher\" content=\"https:\/\/www.facebook.com\/portalcpnoticias\/\" \/>\n<meta property=\"article:published_time\" content=\"2023-07-27T21:03:00+00:00\" \/>\n<meta property=\"article:modified_time\" content=\"2023-08-02T15:36:05+00:00\" \/>\n<meta property=\"og:image\" content=\"https:\/\/cleitonpinheiro.com.br\/site\/wp-content\/uploads\/2023\/07\/Foto-Agencia-Palmas-23.png\" \/>\n\t<meta property=\"og:image:width\" content=\"900\" \/>\n\t<meta property=\"og:image:height\" content=\"600\" \/>\n\t<meta property=\"og:image:type\" content=\"image\/png\" \/>\n<meta name=\"author\" content=\"Reda\u00e7\u00e3o CP\" \/>\n<meta name=\"twitter:card\" content=\"summary_large_image\" \/>\n<meta name=\"twitter:label1\" content=\"Escrito por\" \/>\n\t<meta name=\"twitter:data1\" content=\"Reda\u00e7\u00e3o CP\" \/>\n\t<meta name=\"twitter:label2\" content=\"Est. tempo de leitura\" \/>\n\t<meta name=\"twitter:data2\" content=\"2 minutos\" \/>\n<script type=\"application\/ld+json\" class=\"yoast-schema-graph\">{\"@context\":\"https:\/\/schema.org\",\"@graph\":[{\"@type\":\"Article\",\"@id\":\"https:\/\/cleitonpinheiro.com.br\/site\/ajusp-to-cobra-do-governo-do-to-as-concessoes-das-progressoes-2022-e-2023\/#article\",\"isPartOf\":{\"@id\":\"https:\/\/cleitonpinheiro.com.br\/site\/ajusp-to-cobra-do-governo-do-to-as-concessoes-das-progressoes-2022-e-2023\/\"},\"author\":{\"name\":\"Reda\u00e7\u00e3o CP\",\"@id\":\"https:\/\/cleitonpinheiro.com.br\/site\/#\/schema\/person\/8f04544e0bc40a1b68775b08360f87db\"},\"headline\":\"Ajusp-TO cobra do Governo do TO as concess\u00f5es das progress\u00f5es 2022 e 2023\",\"datePublished\":\"2023-07-27T21:03:00+00:00\",\"dateModified\":\"2023-08-02T15:36:05+00:00\",\"mainEntityOfPage\":{\"@id\":\"https:\/\/cleitonpinheiro.com.br\/site\/ajusp-to-cobra-do-governo-do-to-as-concessoes-das-progressoes-2022-e-2023\/\"},\"wordCount\":359,\"commentCount\":0,\"publisher\":{\"@id\":\"https:\/\/cleitonpinheiro.com.br\/site\/#organization\"},\"image\":{\"@id\":\"https:\/\/cleitonpinheiro.com.br\/site\/ajusp-to-cobra-do-governo-do-to-as-concessoes-das-progressoes-2022-e-2023\/#primaryimage\"},\"thumbnailUrl\":\"https:\/\/cleitonpinheiro.com.br\/site\/wp-content\/uploads\/2023\/07\/Foto-Agencia-Palmas-23.png\",\"articleSection\":[\"FUNCIONALISMO\",\"MANCHETE SEGUND\u00c1RIA\"],\"inLanguage\":\"pt-BR\",\"potentialAction\":[{\"@type\":\"CommentAction\",\"name\":\"Comment\",\"target\":[\"https:\/\/cleitonpinheiro.com.br\/site\/ajusp-to-cobra-do-governo-do-to-as-concessoes-das-progressoes-2022-e-2023\/#respond\"]}]},{\"@type\":\"WebPage\",\"@id\":\"https:\/\/cleitonpinheiro.com.br\/site\/ajusp-to-cobra-do-governo-do-to-as-concessoes-das-progressoes-2022-e-2023\/\",\"url\":\"https:\/\/cleitonpinheiro.com.br\/site\/ajusp-to-cobra-do-governo-do-to-as-concessoes-das-progressoes-2022-e-2023\/\",\"name\":\"Ajusp-TO cobra do Governo do TO as concess\u00f5es das progress\u00f5es 2022 e 2023 - PORTAL DE NOT\u00cdCIAS CLEITON PINHEIRO\",\"isPartOf\":{\"@id\":\"https:\/\/cleitonpinheiro.com.br\/site\/#website\"},\"primaryImageOfPage\":{\"@id\":\"https:\/\/cleitonpinheiro.com.br\/site\/ajusp-to-cobra-do-governo-do-to-as-concessoes-das-progressoes-2022-e-2023\/#primaryimage\"},\"image\":{\"@id\":\"https:\/\/cleitonpinheiro.com.br\/site\/ajusp-to-cobra-do-governo-do-to-as-concessoes-das-progressoes-2022-e-2023\/#primaryimage\"},\"thumbnailUrl\":\"https:\/\/cleitonpinheiro.com.br\/site\/wp-content\/uploads\/2023\/07\/Foto-Agencia-Palmas-23.png\",\"datePublished\":\"2023-07-27T21:03:00+00:00\",\"dateModified\":\"2023-08-02T15:36:05+00:00\",\"breadcrumb\":{\"@id\":\"https:\/\/cleitonpinheiro.com.br\/site\/ajusp-to-cobra-do-governo-do-to-as-concessoes-das-progressoes-2022-e-2023\/#breadcrumb\"},\"inLanguage\":\"pt-BR\",\"potentialAction\":[{\"@type\":\"ReadAction\",\"target\":[\"https:\/\/cleitonpinheiro.com.br\/site\/ajusp-to-cobra-do-governo-do-to-as-concessoes-das-progressoes-2022-e-2023\/\"]}]},{\"@type\":\"ImageObject\",\"inLanguage\":\"pt-BR\",\"@id\":\"https:\/\/cleitonpinheiro.com.br\/site\/ajusp-to-cobra-do-governo-do-to-as-concessoes-das-progressoes-2022-e-2023\/#primaryimage\",\"url\":\"\",\"contentUrl\":\"\"},{\"@type\":\"BreadcrumbList\",\"@id\":\"https:\/\/cleitonpinheiro.com.br\/site\/ajusp-to-cobra-do-governo-do-to-as-concessoes-das-progressoes-2022-e-2023\/#breadcrumb\",\"itemListElement\":[{\"@type\":\"ListItem\",\"position\":1,\"name\":\"In\u00edcio\",\"item\":\"https:\/\/cleitonpinheiro.com.br\/site\/\"},{\"@type\":\"ListItem\",\"position\":2,\"name\":\"Ajusp-TO cobra do Governo do TO as concess\u00f5es das progress\u00f5es 2022 e 2023\"}]},{\"@type\":\"WebSite\",\"@id\":\"https:\/\/cleitonpinheiro.com.br\/site\/#website\",\"url\":\"https:\/\/cleitonpinheiro.com.br\/site\/\",\"name\":\"PORTAL DE NOT\u00cdCIAS CLEITON PINHEIRO\",\"description\":\"FALANDO A VERDADE\",\"publisher\":{\"@id\":\"https:\/\/cleitonpinheiro.com.br\/site\/#organization\"},\"potentialAction\":[{\"@type\":\"SearchAction\",\"target\":{\"@type\":\"EntryPoint\",\"urlTemplate\":\"https:\/\/cleitonpinheiro.com.br\/site\/?s={search_term_string}\"},\"query-input\":{\"@type\":\"PropertyValueSpecification\",\"valueRequired\":true,\"valueName\":\"search_term_string\"}}],\"inLanguage\":\"pt-BR\"},{\"@type\":\"Organization\",\"@id\":\"https:\/\/cleitonpinheiro.com.br\/site\/#organization\",\"name\":\"CPNOT\u00cdCIAS\",\"url\":\"https:\/\/cleitonpinheiro.com.br\/site\/\",\"logo\":{\"@type\":\"ImageObject\",\"inLanguage\":\"pt-BR\",\"@id\":\"https:\/\/cleitonpinheiro.com.br\/site\/#\/schema\/logo\/image\/\",\"url\":\"https:\/\/cleitonpinheiro.com.br\/site\/wp-content\/uploads\/2022\/08\/Logo-pequena-2.png\",\"contentUrl\":\"https:\/\/cleitonpinheiro.com.br\/site\/wp-content\/uploads\/2022\/08\/Logo-pequena-2.png\",\"width\":500,\"height\":500,\"caption\":\"CPNOT\u00cdCIAS\"},\"image\":{\"@id\":\"https:\/\/cleitonpinheiro.com.br\/site\/#\/schema\/logo\/image\/\"},\"sameAs\":[\"https:\/\/www.facebook.com\/portalcpnoticias\/\"]},{\"@type\":\"Person\",\"@id\":\"https:\/\/cleitonpinheiro.com.br\/site\/#\/schema\/person\/8f04544e0bc40a1b68775b08360f87db\",\"name\":\"Reda\u00e7\u00e3o CP\",\"image\":{\"@type\":\"ImageObject\",\"inLanguage\":\"pt-BR\",\"@id\":\"https:\/\/cleitonpinheiro.com.br\/site\/#\/schema\/person\/image\/\",\"url\":\"https:\/\/secure.gravatar.com\/avatar\/0bcf19cb29fdc8fc588c490c7ae1b3e174dac268586a63fbe1d1893a0f9020cd?s=96&r=g\",\"contentUrl\":\"https:\/\/secure.gravatar.com\/avatar\/0bcf19cb29fdc8fc588c490c7ae1b3e174dac268586a63fbe1d1893a0f9020cd?s=96&r=g\",\"caption\":\"Reda\u00e7\u00e3o CP\"},\"url\":\"https:\/\/cleitonpinheiro.com.br\/site\/author\/redacao\/\"}]}<\/script>\n<!-- \/ Yoast SEO plugin. -->","yoast_head_json":{"title":"Ajusp-TO cobra do Governo do TO as concess\u00f5es das progress\u00f5es 2022 e 2023 - PORTAL DE NOT\u00cdCIAS CLEITON PINHEIRO","robots":{"index":"index","follow":"follow","max-snippet":"max-snippet:-1","max-image-preview":"max-image-preview:large","max-video-preview":"max-video-preview:-1"},"canonical":"https:\/\/cleitonpinheiro.com.br\/site\/ajusp-to-cobra-do-governo-do-to-as-concessoes-das-progressoes-2022-e-2023\/","og_locale":"pt_BR","og_type":"article","og_title":"Ajusp-TO cobra do Governo do TO as concess\u00f5es das progress\u00f5es 2022 e 2023 - PORTAL DE NOT\u00cdCIAS CLEITON PINHEIRO","og_description":"A progress\u00e3o funcional do servidor p\u00fablico \u00e9 um direito previsto na legisla\u00e7\u00e3o e uma valoriza\u00e7\u00e3o pelo trabalho realizado, oportunizando melhorias na carreira e, logo, uma melhor remunera\u00e7\u00e3o salarial. Nesse sentido, a Associa\u00e7\u00e3o de Assist\u00eancia Jur\u00eddica dos Servidores P\u00fablicos no Estado do Tocantins (Ajusp-TO) requer ao Governo do Tocantins que fa\u00e7a a concess\u00e3o das progress\u00f5es \u2013 [&hellip;]","og_url":"https:\/\/cleitonpinheiro.com.br\/site\/ajusp-to-cobra-do-governo-do-to-as-concessoes-das-progressoes-2022-e-2023\/","og_site_name":"PORTAL DE NOT\u00cdCIAS CLEITON PINHEIRO","article_publisher":"https:\/\/www.facebook.com\/portalcpnoticias\/","article_published_time":"2023-07-27T21:03:00+00:00","article_modified_time":"2023-08-02T15:36:05+00:00","og_image":[{"width":900,"height":600,"url":"https:\/\/cleitonpinheiro.com.br\/site\/wp-content\/uploads\/2023\/07\/Foto-Agencia-Palmas-23.png","type":"image\/png"}],"author":"Reda\u00e7\u00e3o CP","twitter_card":"summary_large_image","twitter_misc":{"Escrito por":"Reda\u00e7\u00e3o CP","Est. tempo de leitura":"2 minutos"},"schema":{"@context":"https:\/\/schema.org","@graph":[{"@type":"Article","@id":"https:\/\/cleitonpinheiro.com.br\/site\/ajusp-to-cobra-do-governo-do-to-as-concessoes-das-progressoes-2022-e-2023\/#article","isPartOf":{"@id":"https:\/\/cleitonpinheiro.com.br\/site\/ajusp-to-cobra-do-governo-do-to-as-concessoes-das-progressoes-2022-e-2023\/"},"author":{"name":"Reda\u00e7\u00e3o CP","@id":"https:\/\/cleitonpinheiro.com.br\/site\/#\/schema\/person\/8f04544e0bc40a1b68775b08360f87db"},"headline":"Ajusp-TO cobra do Governo do TO as concess\u00f5es das progress\u00f5es 2022 e 2023","datePublished":"2023-07-27T21:03:00+00:00","dateModified":"2023-08-02T15:36:05+00:00","mainEntityOfPage":{"@id":"https:\/\/cleitonpinheiro.com.br\/site\/ajusp-to-cobra-do-governo-do-to-as-concessoes-das-progressoes-2022-e-2023\/"},"wordCount":359,"commentCount":0,"publisher":{"@id":"https:\/\/cleitonpinheiro.com.br\/site\/#organization"},"image":{"@id":"https:\/\/cleitonpinheiro.com.br\/site\/ajusp-to-cobra-do-governo-do-to-as-concessoes-das-progressoes-2022-e-2023\/#primaryimage"},"thumbnailUrl":"https:\/\/cleitonpinheiro.com.br\/site\/wp-content\/uploads\/2023\/07\/Foto-Agencia-Palmas-23.png","articleSection":["FUNCIONALISMO","MANCHETE SEGUND\u00c1RIA"],"inLanguage":"pt-BR","potentialAction":[{"@type":"CommentAction","name":"Comment","target":["https:\/\/cleitonpinheiro.com.br\/site\/ajusp-to-cobra-do-governo-do-to-as-concessoes-das-progressoes-2022-e-2023\/#respond"]}]},{"@type":"WebPage","@id":"https:\/\/cleitonpinheiro.com.br\/site\/ajusp-to-cobra-do-governo-do-to-as-concessoes-das-progressoes-2022-e-2023\/","url":"https:\/\/cleitonpinheiro.com.br\/site\/ajusp-to-cobra-do-governo-do-to-as-concessoes-das-progressoes-2022-e-2023\/","name":"Ajusp-TO cobra do Governo do TO as concess\u00f5es das progress\u00f5es 2022 e 2023 - PORTAL DE NOT\u00cdCIAS CLEITON PINHEIRO","isPartOf":{"@id":"https:\/\/cleitonpinheiro.com.br\/site\/#website"},"primaryImageOfPage":{"@id":"https:\/\/cleitonpinheiro.com.br\/site\/ajusp-to-cobra-do-governo-do-to-as-concessoes-das-progressoes-2022-e-2023\/#primaryimage"},"image":{"@id":"https:\/\/cleitonpinheiro.com.br\/site\/ajusp-to-cobra-do-governo-do-to-as-concessoes-das-progressoes-2022-e-2023\/#primaryimage"},"thumbnailUrl":"https:\/\/cleitonpinheiro.com.br\/site\/wp-content\/uploads\/2023\/07\/Foto-Agencia-Palmas-23.png","datePublished":"2023-07-27T21:03:00+00:00","dateModified":"2023-08-02T15:36:05+00:00","breadcrumb":{"@id":"https:\/\/cleitonpinheiro.com.br\/site\/ajusp-to-cobra-do-governo-do-to-as-concessoes-das-progressoes-2022-e-2023\/#breadcrumb"},"inLanguage":"pt-BR","potentialAction":[{"@type":"ReadAction","target":["https:\/\/cleitonpinheiro.com.br\/site\/ajusp-to-cobra-do-governo-do-to-as-concessoes-das-progressoes-2022-e-2023\/"]}]},{"@type":"ImageObject","inLanguage":"pt-BR","@id":"https:\/\/cleitonpinheiro.com.br\/site\/ajusp-to-cobra-do-governo-do-to-as-concessoes-das-progressoes-2022-e-2023\/#primaryimage","url":"","contentUrl":""},{"@type":"BreadcrumbList","@id":"https:\/\/cleitonpinheiro.com.br\/site\/ajusp-to-cobra-do-governo-do-to-as-concessoes-das-progressoes-2022-e-2023\/#breadcrumb","itemListElement":[{"@type":"ListItem","position":1,"name":"In\u00edcio","item":"https:\/\/cleitonpinheiro.com.br\/site\/"},{"@type":"ListItem","position":2,"name":"Ajusp-TO cobra do Governo do TO as concess\u00f5es das progress\u00f5es 2022 e 2023"}]},{"@type":"WebSite","@id":"https:\/\/cleitonpinheiro.com.br\/site\/#website","url":"https:\/\/cleitonpinheiro.com.br\/site\/","name":"PORTAL DE NOT\u00cdCIAS CLEITON PINHEIRO","description":"FALANDO A VERDADE","publisher":{"@id":"https:\/\/cleitonpinheiro.com.br\/site\/#organization"},"potentialAction":[{"@type":"SearchAction","target":{"@type":"EntryPoint","urlTemplate":"https:\/\/cleitonpinheiro.com.br\/site\/?s={search_term_string}"},"query-input":{"@type":"PropertyValueSpecification","valueRequired":true,"valueName":"search_term_string"}}],"inLanguage":"pt-BR"},{"@type":"Organization","@id":"https:\/\/cleitonpinheiro.com.br\/site\/#organization","name":"CPNOT\u00cdCIAS","url":"https:\/\/cleitonpinheiro.com.br\/site\/","logo":{"@type":"ImageObject","inLanguage":"pt-BR","@id":"https:\/\/cleitonpinheiro.com.br\/site\/#\/schema\/logo\/image\/","url":"https:\/\/cleitonpinheiro.com.br\/site\/wp-content\/uploads\/2022\/08\/Logo-pequena-2.png","contentUrl":"https:\/\/cleitonpinheiro.com.br\/site\/wp-content\/uploads\/2022\/08\/Logo-pequena-2.png","width":500,"height":500,"caption":"CPNOT\u00cdCIAS"},"image":{"@id":"https:\/\/cleitonpinheiro.com.br\/site\/#\/schema\/logo\/image\/"},"sameAs":["https:\/\/www.facebook.com\/portalcpnoticias\/"]},{"@type":"Person","@id":"https:\/\/cleitonpinheiro.com.br\/site\/#\/schema\/person\/8f04544e0bc40a1b68775b08360f87db","name":"Reda\u00e7\u00e3o CP","image":{"@type":"ImageObject","inLanguage":"pt-BR","@id":"https:\/\/cleitonpinheiro.com.br\/site\/#\/schema\/person\/image\/","url":"https:\/\/secure.gravatar.com\/avatar\/0bcf19cb29fdc8fc588c490c7ae1b3e174dac268586a63fbe1d1893a0f9020cd?s=96&r=g","contentUrl":"https:\/\/secure.gravatar.com\/avatar\/0bcf19cb29fdc8fc588c490c7ae1b3e174dac268586a63fbe1d1893a0f9020cd?s=96&r=g","caption":"Reda\u00e7\u00e3o CP"},"url":"https:\/\/cleitonpinheiro.com.br\/site\/author\/redacao\/"}]}},"views":850,"_links":{"self":[{"href":"https:\/\/cleitonpinheiro.com.br\/site\/wp-json\/wp\/v2\/posts\/73175","targetHints":{"allow":["GET"]}}],"collection":[{"href":"https:\/\/cleitonpinheiro.com.br\/site\/wp-json\/wp\/v2\/posts"}],"about":[{"href":"https:\/\/cleitonpinheiro.com.br\/site\/wp-json\/wp\/v2\/types\/post"}],"author":[{"embeddable":true,"href":"https:\/\/cleitonpinheiro.com.br\/site\/wp-json\/wp\/v2\/users\/13"}],"replies":[{"embeddable":true,"href":"https:\/\/cleitonpinheiro.com.br\/site\/wp-json\/wp\/v2\/comments?post=73175"}],"version-history":[{"count":1,"href":"https:\/\/cleitonpinheiro.com.br\/site\/wp-json\/wp\/v2\/posts\/73175\/revisions"}],"predecessor-version":[{"id":73177,"href":"https:\/\/cleitonpinheiro.com.br\/site\/wp-json\/wp\/v2\/posts\/73175\/revisions\/73177"}],"wp:attachment":[{"href":"https:\/\/cleitonpinheiro.com.br\/site\/wp-json\/wp\/v2\/media?parent=73175"}],"wp:term":[{"taxonomy":"category","embeddable":true,"href":"https:\/\/cleitonpinheiro.com.br\/site\/wp-json\/wp\/v2\/categories?post=73175"},{"taxonomy":"post_tag","embeddable":true,"href":"https:\/\/cleitonpinheiro.com.br\/site\/wp-json\/wp\/v2\/tags?post=73175"}],"curies":[{"name":"wp","href":"https:\/\/api.w.org\/{rel}","templated":true}]}}