{"id":73179,"date":"2023-07-28T19:04:47","date_gmt":"2023-07-28T22:04:47","guid":{"rendered":"https:\/\/cleitonpinheiro.com.br\/site\/?p=73179"},"modified":"2023-09-11T17:43:23","modified_gmt":"2023-09-11T20:43:23","slug":"prova-de-exame-fisico-do-concurso-da-gmp-de-palmas-neste-sabado-e-domingo-na-uft","status":"publish","type":"post","link":"https:\/\/cleitonpinheiro.com.br\/site\/prova-de-exame-fisico-do-concurso-da-gmp-de-palmas-neste-sabado-e-domingo-na-uft\/","title":{"rendered":"Prova de exame f\u00edsico do concurso da GMP de Palmas neste s\u00e1bado e domingo, na UFT"},"content":{"rendered":"\n<figure class=\"wp-block-image size-full\"><img decoding=\"async\" src=\"https:\/\/cleitonpinheiro.com.br\/site\/wp-content\/uploads\/2023\/07\/be35216659e8441a91232e20073ab966.jpg\" alt=\"\" class=\"wp-image-73180\"\/><figcaption class=\"wp-element-caption\">Teste ser\u00e1 aplicado na pista de atletismo da Universidade Federal do Tocantins (UFT) &#8211; Foto: Divulga\u00e7\u00e3o<\/figcaption><\/figure>\n\n\n\n<p class=\"wp-block-paragraph\">Neste fim de semana, a Universidade Federal do Tocantins (UFT)&nbsp;sediar\u00e1 os exames f\u00edsicos dos candidatos&nbsp;aptos \u00e0 segunda etapa do certame da Guarda Metropolitana de Palmas (GMP), na pista de atletismo. Os exames est\u00e3o marcados para o per\u00edodo da manh\u00e3 e tarde, neste s\u00e1bado, 29 e domingo, 30 de julho. Confira o edital de convoca\u00e7\u00e3o, contendo data e hor\u00e1rios individuais,&nbsp;<a href=\"https:\/\/documento.vunesp.com.br\/documento\/stream\/NDQ4MTY2NA%3d%3d\" target=\"_blank\" rel=\"noreferrer noopener\">clicando aqui<\/a>.<\/p>\n\n\n\n<p class=\"wp-block-paragraph\">O teste \u00e9 uma etapa decisiva no processo seletivo da GMP, uma vez que&nbsp;os candidatos aprovados nas provas escritas ter\u00e3o&nbsp;a oportunidade de demonstrar suas habilidades f\u00edsicas e condicionamento para a carreira que almejam seguir na Prefeitura de Palmas.<\/p>\n\n\n\n<p class=\"wp-block-paragraph\">Segundo o edital, ser\u00e1 exigida aptid\u00e3o em tr\u00eas atividades: abdominal, flex\u00e3o e corrida de 12 minutos, sendo estas aplicadas com diferentes varia\u00e7\u00f5es nos n\u00fameros de repeti\u00e7\u00f5es e metragem, conforme o sexo e a faixa et\u00e1ria do candidato convocado.<\/p>\n\n\n\n<p class=\"wp-block-paragraph\">A UFT est\u00e1 localizada na Quadra 109 Norte, Avenida NS 15. ALCNO 14, S\/N, Plano Diretor Norte, Palmas (TO), o teste ser\u00e1 no bloco B, pista de atletismo.<\/p>\n\n\n\n<p class=\"wp-block-paragraph\"><strong>Divis\u00e3o dos candidatos por categorias<\/strong><br>A banca organizadora divulgou a lista dos candidatos separados por categorias, a fim de proporcionar uma maior transpar\u00eancia no processo seletivo. As categorias englobam candidatos da Lista Especial PCD (Pessoas com Defici\u00eancia), Lista Especial NNP (Negros, Negras e Pardos) e Ampla Concorr\u00eancia.<br><br>A divis\u00e3o por categorias visa garantir a inclus\u00e3o e a equidade no acesso aos cargos na Guarda Metropolitana de Palmas, al\u00e9m de fomentar a diversidade dentro da corpora\u00e7\u00e3o. A medida \u00e9 vista como uma forma de fortalecer a representatividade e a igualdade de oportunidades entre os candidatos. <em>(Da Prefeitura de Palmas)<\/em><\/p>\n","protected":false},"excerpt":{"rendered":"<p>Neste fim de semana, a Universidade Federal do Tocantins (UFT)&nbsp;sediar\u00e1 os exames f\u00edsicos dos candidatos&nbsp;aptos \u00e0 segunda etapa do certame da Guarda Metropolitana de Palmas (GMP), na pista de atletismo. Os exames est\u00e3o marcados para o per\u00edodo da manh\u00e3 e tarde, neste s\u00e1bado, 29 e domingo, 30 de julho. Confira o edital de convoca\u00e7\u00e3o, contendo [&hellip;]<\/p>\n","protected":false},"author":13,"featured_media":0,"comment_status":"open","ping_status":"open","sticky":false,"template":"","format":"standard","meta":{"_acf_changed":false,"footnotes":""},"categories":[25,21],"tags":[1074,720],"class_list":["post-73179","post","type-post","status-publish","format-standard","hentry","category-funcionalismo","category-todas-noticias","tag-concurso-gmp","tag-prefeitura-de-palmas"],"acf":[],"yoast_head":"<!-- This site is optimized with the Yoast SEO plugin v24.4 - https:\/\/yoast.com\/wordpress\/plugins\/seo\/ -->\n<title>Prova de exame f\u00edsico do concurso da GMP de Palmas neste s\u00e1bado e domingo, na UFT - PORTAL DE NOT\u00cdCIAS CLEITON PINHEIRO<\/title>\n<meta name=\"robots\" content=\"index, follow, max-snippet:-1, max-image-preview:large, max-video-preview:-1\" \/>\n<link rel=\"canonical\" href=\"https:\/\/cleitonpinheiro.com.br\/site\/prova-de-exame-fisico-do-concurso-da-gmp-de-palmas-neste-sabado-e-domingo-na-uft\/\" \/>\n<meta property=\"og:locale\" content=\"pt_BR\" \/>\n<meta property=\"og:type\" content=\"article\" \/>\n<meta property=\"og:title\" content=\"Prova de exame f\u00edsico do concurso da GMP de Palmas neste s\u00e1bado e domingo, na UFT - PORTAL DE NOT\u00cdCIAS CLEITON PINHEIRO\" \/>\n<meta property=\"og:description\" content=\"Neste fim de semana, a Universidade Federal do Tocantins (UFT)&nbsp;sediar\u00e1 os exames f\u00edsicos dos candidatos&nbsp;aptos \u00e0 segunda etapa do certame da Guarda Metropolitana de Palmas (GMP), na pista de atletismo. Os exames est\u00e3o marcados para o per\u00edodo da manh\u00e3 e tarde, neste s\u00e1bado, 29 e domingo, 30 de julho. Confira o edital de convoca\u00e7\u00e3o, contendo [&hellip;]\" \/>\n<meta property=\"og:url\" content=\"https:\/\/cleitonpinheiro.com.br\/site\/prova-de-exame-fisico-do-concurso-da-gmp-de-palmas-neste-sabado-e-domingo-na-uft\/\" \/>\n<meta property=\"og:site_name\" content=\"PORTAL DE NOT\u00cdCIAS CLEITON PINHEIRO\" \/>\n<meta property=\"article:publisher\" content=\"https:\/\/www.facebook.com\/portalcpnoticias\/\" \/>\n<meta property=\"article:published_time\" content=\"2023-07-28T22:04:47+00:00\" \/>\n<meta property=\"article:modified_time\" content=\"2023-09-11T20:43:23+00:00\" \/>\n<meta property=\"og:image\" content=\"https:\/\/cleitonpinheiro.com.br\/site\/wp-content\/uploads\/2023\/07\/be35216659e8441a91232e20073ab966.jpg\" \/>\n\t<meta property=\"og:image:width\" content=\"800\" \/>\n\t<meta property=\"og:image:height\" content=\"533\" \/>\n\t<meta property=\"og:image:type\" content=\"image\/jpeg\" \/>\n<meta name=\"author\" content=\"Reda\u00e7\u00e3o CP\" \/>\n<meta name=\"twitter:card\" content=\"summary_large_image\" \/>\n<meta name=\"twitter:label1\" content=\"Escrito por\" \/>\n\t<meta name=\"twitter:data1\" content=\"Reda\u00e7\u00e3o CP\" \/>\n\t<meta name=\"twitter:label2\" content=\"Est. tempo de leitura\" \/>\n\t<meta name=\"twitter:data2\" content=\"2 minutos\" \/>\n<script type=\"application\/ld+json\" class=\"yoast-schema-graph\">{\"@context\":\"https:\/\/schema.org\",\"@graph\":[{\"@type\":\"Article\",\"@id\":\"https:\/\/cleitonpinheiro.com.br\/site\/prova-de-exame-fisico-do-concurso-da-gmp-de-palmas-neste-sabado-e-domingo-na-uft\/#article\",\"isPartOf\":{\"@id\":\"https:\/\/cleitonpinheiro.com.br\/site\/prova-de-exame-fisico-do-concurso-da-gmp-de-palmas-neste-sabado-e-domingo-na-uft\/\"},\"author\":{\"name\":\"Reda\u00e7\u00e3o CP\",\"@id\":\"https:\/\/cleitonpinheiro.com.br\/site\/#\/schema\/person\/8f04544e0bc40a1b68775b08360f87db\"},\"headline\":\"Prova de exame f\u00edsico do concurso da GMP de Palmas neste s\u00e1bado e domingo, na UFT\",\"datePublished\":\"2023-07-28T22:04:47+00:00\",\"dateModified\":\"2023-09-11T20:43:23+00:00\",\"mainEntityOfPage\":{\"@id\":\"https:\/\/cleitonpinheiro.com.br\/site\/prova-de-exame-fisico-do-concurso-da-gmp-de-palmas-neste-sabado-e-domingo-na-uft\/\"},\"wordCount\":322,\"commentCount\":0,\"publisher\":{\"@id\":\"https:\/\/cleitonpinheiro.com.br\/site\/#organization\"},\"image\":{\"@id\":\"https:\/\/cleitonpinheiro.com.br\/site\/prova-de-exame-fisico-do-concurso-da-gmp-de-palmas-neste-sabado-e-domingo-na-uft\/#primaryimage\"},\"thumbnailUrl\":\"https:\/\/cleitonpinheiro.com.br\/site\/wp-content\/uploads\/2023\/07\/be35216659e8441a91232e20073ab966.jpg\",\"keywords\":[\"Concurso GMP\",\"Prefeitura de Palmas\"],\"articleSection\":[\"FUNCIONALISMO\",\"TODAS NOTICIAS\"],\"inLanguage\":\"pt-BR\",\"potentialAction\":[{\"@type\":\"CommentAction\",\"name\":\"Comment\",\"target\":[\"https:\/\/cleitonpinheiro.com.br\/site\/prova-de-exame-fisico-do-concurso-da-gmp-de-palmas-neste-sabado-e-domingo-na-uft\/#respond\"]}]},{\"@type\":\"WebPage\",\"@id\":\"https:\/\/cleitonpinheiro.com.br\/site\/prova-de-exame-fisico-do-concurso-da-gmp-de-palmas-neste-sabado-e-domingo-na-uft\/\",\"url\":\"https:\/\/cleitonpinheiro.com.br\/site\/prova-de-exame-fisico-do-concurso-da-gmp-de-palmas-neste-sabado-e-domingo-na-uft\/\",\"name\":\"Prova de exame f\u00edsico do concurso da GMP de Palmas neste s\u00e1bado e domingo, na UFT - PORTAL DE NOT\u00cdCIAS CLEITON PINHEIRO\",\"isPartOf\":{\"@id\":\"https:\/\/cleitonpinheiro.com.br\/site\/#website\"},\"primaryImageOfPage\":{\"@id\":\"https:\/\/cleitonpinheiro.com.br\/site\/prova-de-exame-fisico-do-concurso-da-gmp-de-palmas-neste-sabado-e-domingo-na-uft\/#primaryimage\"},\"image\":{\"@id\":\"https:\/\/cleitonpinheiro.com.br\/site\/prova-de-exame-fisico-do-concurso-da-gmp-de-palmas-neste-sabado-e-domingo-na-uft\/#primaryimage\"},\"thumbnailUrl\":\"https:\/\/cleitonpinheiro.com.br\/site\/wp-content\/uploads\/2023\/07\/be35216659e8441a91232e20073ab966.jpg\",\"datePublished\":\"2023-07-28T22:04:47+00:00\",\"dateModified\":\"2023-09-11T20:43:23+00:00\",\"breadcrumb\":{\"@id\":\"https:\/\/cleitonpinheiro.com.br\/site\/prova-de-exame-fisico-do-concurso-da-gmp-de-palmas-neste-sabado-e-domingo-na-uft\/#breadcrumb\"},\"inLanguage\":\"pt-BR\",\"potentialAction\":[{\"@type\":\"ReadAction\",\"target\":[\"https:\/\/cleitonpinheiro.com.br\/site\/prova-de-exame-fisico-do-concurso-da-gmp-de-palmas-neste-sabado-e-domingo-na-uft\/\"]}]},{\"@type\":\"ImageObject\",\"inLanguage\":\"pt-BR\",\"@id\":\"https:\/\/cleitonpinheiro.com.br\/site\/prova-de-exame-fisico-do-concurso-da-gmp-de-palmas-neste-sabado-e-domingo-na-uft\/#primaryimage\",\"url\":\"\",\"contentUrl\":\"\"},{\"@type\":\"BreadcrumbList\",\"@id\":\"https:\/\/cleitonpinheiro.com.br\/site\/prova-de-exame-fisico-do-concurso-da-gmp-de-palmas-neste-sabado-e-domingo-na-uft\/#breadcrumb\",\"itemListElement\":[{\"@type\":\"ListItem\",\"position\":1,\"name\":\"In\u00edcio\",\"item\":\"https:\/\/cleitonpinheiro.com.br\/site\/\"},{\"@type\":\"ListItem\",\"position\":2,\"name\":\"Prova de exame f\u00edsico do concurso da GMP de Palmas neste s\u00e1bado e domingo, na UFT\"}]},{\"@type\":\"WebSite\",\"@id\":\"https:\/\/cleitonpinheiro.com.br\/site\/#website\",\"url\":\"https:\/\/cleitonpinheiro.com.br\/site\/\",\"name\":\"PORTAL DE NOT\u00cdCIAS CLEITON PINHEIRO\",\"description\":\"FALANDO A VERDADE\",\"publisher\":{\"@id\":\"https:\/\/cleitonpinheiro.com.br\/site\/#organization\"},\"potentialAction\":[{\"@type\":\"SearchAction\",\"target\":{\"@type\":\"EntryPoint\",\"urlTemplate\":\"https:\/\/cleitonpinheiro.com.br\/site\/?s={search_term_string}\"},\"query-input\":{\"@type\":\"PropertyValueSpecification\",\"valueRequired\":true,\"valueName\":\"search_term_string\"}}],\"inLanguage\":\"pt-BR\"},{\"@type\":\"Organization\",\"@id\":\"https:\/\/cleitonpinheiro.com.br\/site\/#organization\",\"name\":\"CPNOT\u00cdCIAS\",\"url\":\"https:\/\/cleitonpinheiro.com.br\/site\/\",\"logo\":{\"@type\":\"ImageObject\",\"inLanguage\":\"pt-BR\",\"@id\":\"https:\/\/cleitonpinheiro.com.br\/site\/#\/schema\/logo\/image\/\",\"url\":\"https:\/\/cleitonpinheiro.com.br\/site\/wp-content\/uploads\/2022\/08\/Logo-pequena-2.png\",\"contentUrl\":\"https:\/\/cleitonpinheiro.com.br\/site\/wp-content\/uploads\/2022\/08\/Logo-pequena-2.png\",\"width\":500,\"height\":500,\"caption\":\"CPNOT\u00cdCIAS\"},\"image\":{\"@id\":\"https:\/\/cleitonpinheiro.com.br\/site\/#\/schema\/logo\/image\/\"},\"sameAs\":[\"https:\/\/www.facebook.com\/portalcpnoticias\/\"]},{\"@type\":\"Person\",\"@id\":\"https:\/\/cleitonpinheiro.com.br\/site\/#\/schema\/person\/8f04544e0bc40a1b68775b08360f87db\",\"name\":\"Reda\u00e7\u00e3o CP\",\"image\":{\"@type\":\"ImageObject\",\"inLanguage\":\"pt-BR\",\"@id\":\"https:\/\/cleitonpinheiro.com.br\/site\/#\/schema\/person\/image\/\",\"url\":\"https:\/\/secure.gravatar.com\/avatar\/0bcf19cb29fdc8fc588c490c7ae1b3e174dac268586a63fbe1d1893a0f9020cd?s=96&r=g\",\"contentUrl\":\"https:\/\/secure.gravatar.com\/avatar\/0bcf19cb29fdc8fc588c490c7ae1b3e174dac268586a63fbe1d1893a0f9020cd?s=96&r=g\",\"caption\":\"Reda\u00e7\u00e3o CP\"},\"url\":\"https:\/\/cleitonpinheiro.com.br\/site\/author\/redacao\/\"}]}<\/script>\n<!-- \/ Yoast SEO plugin. -->","yoast_head_json":{"title":"Prova de exame f\u00edsico do concurso da GMP de Palmas neste s\u00e1bado e domingo, na UFT - PORTAL DE NOT\u00cdCIAS CLEITON PINHEIRO","robots":{"index":"index","follow":"follow","max-snippet":"max-snippet:-1","max-image-preview":"max-image-preview:large","max-video-preview":"max-video-preview:-1"},"canonical":"https:\/\/cleitonpinheiro.com.br\/site\/prova-de-exame-fisico-do-concurso-da-gmp-de-palmas-neste-sabado-e-domingo-na-uft\/","og_locale":"pt_BR","og_type":"article","og_title":"Prova de exame f\u00edsico do concurso da GMP de Palmas neste s\u00e1bado e domingo, na UFT - PORTAL DE NOT\u00cdCIAS CLEITON PINHEIRO","og_description":"Neste fim de semana, a Universidade Federal do Tocantins (UFT)&nbsp;sediar\u00e1 os exames f\u00edsicos dos candidatos&nbsp;aptos \u00e0 segunda etapa do certame da Guarda Metropolitana de Palmas (GMP), na pista de atletismo. Os exames est\u00e3o marcados para o per\u00edodo da manh\u00e3 e tarde, neste s\u00e1bado, 29 e domingo, 30 de julho. Confira o edital de convoca\u00e7\u00e3o, contendo [&hellip;]","og_url":"https:\/\/cleitonpinheiro.com.br\/site\/prova-de-exame-fisico-do-concurso-da-gmp-de-palmas-neste-sabado-e-domingo-na-uft\/","og_site_name":"PORTAL DE NOT\u00cdCIAS CLEITON PINHEIRO","article_publisher":"https:\/\/www.facebook.com\/portalcpnoticias\/","article_published_time":"2023-07-28T22:04:47+00:00","article_modified_time":"2023-09-11T20:43:23+00:00","og_image":[{"width":800,"height":533,"url":"https:\/\/cleitonpinheiro.com.br\/site\/wp-content\/uploads\/2023\/07\/be35216659e8441a91232e20073ab966.jpg","type":"image\/jpeg"}],"author":"Reda\u00e7\u00e3o CP","twitter_card":"summary_large_image","twitter_misc":{"Escrito por":"Reda\u00e7\u00e3o CP","Est. tempo de leitura":"2 minutos"},"schema":{"@context":"https:\/\/schema.org","@graph":[{"@type":"Article","@id":"https:\/\/cleitonpinheiro.com.br\/site\/prova-de-exame-fisico-do-concurso-da-gmp-de-palmas-neste-sabado-e-domingo-na-uft\/#article","isPartOf":{"@id":"https:\/\/cleitonpinheiro.com.br\/site\/prova-de-exame-fisico-do-concurso-da-gmp-de-palmas-neste-sabado-e-domingo-na-uft\/"},"author":{"name":"Reda\u00e7\u00e3o CP","@id":"https:\/\/cleitonpinheiro.com.br\/site\/#\/schema\/person\/8f04544e0bc40a1b68775b08360f87db"},"headline":"Prova de exame f\u00edsico do concurso da GMP de Palmas neste s\u00e1bado e domingo, na UFT","datePublished":"2023-07-28T22:04:47+00:00","dateModified":"2023-09-11T20:43:23+00:00","mainEntityOfPage":{"@id":"https:\/\/cleitonpinheiro.com.br\/site\/prova-de-exame-fisico-do-concurso-da-gmp-de-palmas-neste-sabado-e-domingo-na-uft\/"},"wordCount":322,"commentCount":0,"publisher":{"@id":"https:\/\/cleitonpinheiro.com.br\/site\/#organization"},"image":{"@id":"https:\/\/cleitonpinheiro.com.br\/site\/prova-de-exame-fisico-do-concurso-da-gmp-de-palmas-neste-sabado-e-domingo-na-uft\/#primaryimage"},"thumbnailUrl":"https:\/\/cleitonpinheiro.com.br\/site\/wp-content\/uploads\/2023\/07\/be35216659e8441a91232e20073ab966.jpg","keywords":["Concurso GMP","Prefeitura de Palmas"],"articleSection":["FUNCIONALISMO","TODAS NOTICIAS"],"inLanguage":"pt-BR","potentialAction":[{"@type":"CommentAction","name":"Comment","target":["https:\/\/cleitonpinheiro.com.br\/site\/prova-de-exame-fisico-do-concurso-da-gmp-de-palmas-neste-sabado-e-domingo-na-uft\/#respond"]}]},{"@type":"WebPage","@id":"https:\/\/cleitonpinheiro.com.br\/site\/prova-de-exame-fisico-do-concurso-da-gmp-de-palmas-neste-sabado-e-domingo-na-uft\/","url":"https:\/\/cleitonpinheiro.com.br\/site\/prova-de-exame-fisico-do-concurso-da-gmp-de-palmas-neste-sabado-e-domingo-na-uft\/","name":"Prova de exame f\u00edsico do concurso da GMP de Palmas neste s\u00e1bado e domingo, na UFT - PORTAL DE NOT\u00cdCIAS CLEITON PINHEIRO","isPartOf":{"@id":"https:\/\/cleitonpinheiro.com.br\/site\/#website"},"primaryImageOfPage":{"@id":"https:\/\/cleitonpinheiro.com.br\/site\/prova-de-exame-fisico-do-concurso-da-gmp-de-palmas-neste-sabado-e-domingo-na-uft\/#primaryimage"},"image":{"@id":"https:\/\/cleitonpinheiro.com.br\/site\/prova-de-exame-fisico-do-concurso-da-gmp-de-palmas-neste-sabado-e-domingo-na-uft\/#primaryimage"},"thumbnailUrl":"https:\/\/cleitonpinheiro.com.br\/site\/wp-content\/uploads\/2023\/07\/be35216659e8441a91232e20073ab966.jpg","datePublished":"2023-07-28T22:04:47+00:00","dateModified":"2023-09-11T20:43:23+00:00","breadcrumb":{"@id":"https:\/\/cleitonpinheiro.com.br\/site\/prova-de-exame-fisico-do-concurso-da-gmp-de-palmas-neste-sabado-e-domingo-na-uft\/#breadcrumb"},"inLanguage":"pt-BR","potentialAction":[{"@type":"ReadAction","target":["https:\/\/cleitonpinheiro.com.br\/site\/prova-de-exame-fisico-do-concurso-da-gmp-de-palmas-neste-sabado-e-domingo-na-uft\/"]}]},{"@type":"ImageObject","inLanguage":"pt-BR","@id":"https:\/\/cleitonpinheiro.com.br\/site\/prova-de-exame-fisico-do-concurso-da-gmp-de-palmas-neste-sabado-e-domingo-na-uft\/#primaryimage","url":"","contentUrl":""},{"@type":"BreadcrumbList","@id":"https:\/\/cleitonpinheiro.com.br\/site\/prova-de-exame-fisico-do-concurso-da-gmp-de-palmas-neste-sabado-e-domingo-na-uft\/#breadcrumb","itemListElement":[{"@type":"ListItem","position":1,"name":"In\u00edcio","item":"https:\/\/cleitonpinheiro.com.br\/site\/"},{"@type":"ListItem","position":2,"name":"Prova de exame f\u00edsico do concurso da GMP de Palmas neste s\u00e1bado e domingo, na UFT"}]},{"@type":"WebSite","@id":"https:\/\/cleitonpinheiro.com.br\/site\/#website","url":"https:\/\/cleitonpinheiro.com.br\/site\/","name":"PORTAL DE NOT\u00cdCIAS CLEITON PINHEIRO","description":"FALANDO A VERDADE","publisher":{"@id":"https:\/\/cleitonpinheiro.com.br\/site\/#organization"},"potentialAction":[{"@type":"SearchAction","target":{"@type":"EntryPoint","urlTemplate":"https:\/\/cleitonpinheiro.com.br\/site\/?s={search_term_string}"},"query-input":{"@type":"PropertyValueSpecification","valueRequired":true,"valueName":"search_term_string"}}],"inLanguage":"pt-BR"},{"@type":"Organization","@id":"https:\/\/cleitonpinheiro.com.br\/site\/#organization","name":"CPNOT\u00cdCIAS","url":"https:\/\/cleitonpinheiro.com.br\/site\/","logo":{"@type":"ImageObject","inLanguage":"pt-BR","@id":"https:\/\/cleitonpinheiro.com.br\/site\/#\/schema\/logo\/image\/","url":"https:\/\/cleitonpinheiro.com.br\/site\/wp-content\/uploads\/2022\/08\/Logo-pequena-2.png","contentUrl":"https:\/\/cleitonpinheiro.com.br\/site\/wp-content\/uploads\/2022\/08\/Logo-pequena-2.png","width":500,"height":500,"caption":"CPNOT\u00cdCIAS"},"image":{"@id":"https:\/\/cleitonpinheiro.com.br\/site\/#\/schema\/logo\/image\/"},"sameAs":["https:\/\/www.facebook.com\/portalcpnoticias\/"]},{"@type":"Person","@id":"https:\/\/cleitonpinheiro.com.br\/site\/#\/schema\/person\/8f04544e0bc40a1b68775b08360f87db","name":"Reda\u00e7\u00e3o CP","image":{"@type":"ImageObject","inLanguage":"pt-BR","@id":"https:\/\/cleitonpinheiro.com.br\/site\/#\/schema\/person\/image\/","url":"https:\/\/secure.gravatar.com\/avatar\/0bcf19cb29fdc8fc588c490c7ae1b3e174dac268586a63fbe1d1893a0f9020cd?s=96&r=g","contentUrl":"https:\/\/secure.gravatar.com\/avatar\/0bcf19cb29fdc8fc588c490c7ae1b3e174dac268586a63fbe1d1893a0f9020cd?s=96&r=g","caption":"Reda\u00e7\u00e3o CP"},"url":"https:\/\/cleitonpinheiro.com.br\/site\/author\/redacao\/"}]}},"views":147,"_links":{"self":[{"href":"https:\/\/cleitonpinheiro.com.br\/site\/wp-json\/wp\/v2\/posts\/73179","targetHints":{"allow":["GET"]}}],"collection":[{"href":"https:\/\/cleitonpinheiro.com.br\/site\/wp-json\/wp\/v2\/posts"}],"about":[{"href":"https:\/\/cleitonpinheiro.com.br\/site\/wp-json\/wp\/v2\/types\/post"}],"author":[{"embeddable":true,"href":"https:\/\/cleitonpinheiro.com.br\/site\/wp-json\/wp\/v2\/users\/13"}],"replies":[{"embeddable":true,"href":"https:\/\/cleitonpinheiro.com.br\/site\/wp-json\/wp\/v2\/comments?post=73179"}],"version-history":[{"count":1,"href":"https:\/\/cleitonpinheiro.com.br\/site\/wp-json\/wp\/v2\/posts\/73179\/revisions"}],"predecessor-version":[{"id":73181,"href":"https:\/\/cleitonpinheiro.com.br\/site\/wp-json\/wp\/v2\/posts\/73179\/revisions\/73181"}],"wp:attachment":[{"href":"https:\/\/cleitonpinheiro.com.br\/site\/wp-json\/wp\/v2\/media?parent=73179"}],"wp:term":[{"taxonomy":"category","embeddable":true,"href":"https:\/\/cleitonpinheiro.com.br\/site\/wp-json\/wp\/v2\/categories?post=73179"},{"taxonomy":"post_tag","embeddable":true,"href":"https:\/\/cleitonpinheiro.com.br\/site\/wp-json\/wp\/v2\/tags?post=73179"}],"curies":[{"name":"wp","href":"https:\/\/api.w.org\/{rel}","templated":true}]}}