{"id":73187,"date":"2023-07-31T08:41:51","date_gmt":"2023-07-31T11:41:51","guid":{"rendered":"https:\/\/cleitonpinheiro.com.br\/site\/?p=73187"},"modified":"2023-08-02T15:47:27","modified_gmt":"2023-08-02T18:47:27","slug":"senai-esta-com-processos-seletivos-para-instrutores-em-gestao-energia-e-automotiva","status":"publish","type":"post","link":"https:\/\/cleitonpinheiro.com.br\/site\/senai-esta-com-processos-seletivos-para-instrutores-em-gestao-energia-e-automotiva\/","title":{"rendered":"Senai est\u00e1 com processos seletivos para instrutores em Gest\u00e3o, Energia e Automotiva"},"content":{"rendered":"\n<figure class=\"wp-block-image size-full\"><img decoding=\"async\" src=\"https:\/\/cleitonpinheiro.com.br\/site\/wp-content\/uploads\/2023\/07\/instrutor-energia.jpg\" alt=\"\" class=\"wp-image-73188\"\/><figcaption class=\"wp-element-caption\">S\u00e3o tr\u00eas vagas para Aragua\u00edna, uma para Palmas, uma para Gurupi e outra para Para\u00edso do Tocantins &#8211; Foto: Divulga\u00e7\u00e3o\/Senai<\/figcaption><\/figure>\n\n\n\n<p class=\"wp-block-paragraph\">O Servi\u00e7o Nacional de Aprendizagem Industrial (Senai) abriu inscri\u00e7\u00f5es para o processo seletivo destinado ao preenchimento de vagas de instrutores em Aragua\u00edna. As oportunidades s\u00e3o para atua\u00e7\u00e3o nas \u00e1reas de Energia e Automotiva (motos). As inscri\u00e7\u00f5es est\u00e3o abertas e poder\u00e3o ser realizadas at\u00e9 3 de agosto.<\/p>\n\n\n\n<p class=\"wp-block-paragraph\">O Senai ainda prorrogou as inscri\u00e7\u00f5es do processo seletivo para o cargo de Instrutor 3 Gest\u00e3o da Produ\u00e7\u00e3o que tem quatro vagas dispon\u00edveis, sendo uma para Aragua\u00edna, uma para Palmas, uma para Gurupi e uma para Para\u00edso do Tocantins. As inscri\u00e7\u00f5es deste processo seguem at\u00e9 4 de agosto.<\/p>\n\n\n\n<p class=\"wp-block-paragraph\">Para concorrer \u00e0 vaga de Instrutor 3 &#8211; Energia, \u00e9 necess\u00e1rio possuir Ensino Superior Completo em Engenharia El\u00e9trica, Engenharia Eletr\u00f4nica ou Curso Superior em qualquer \u00e1rea com Curso T\u00e9cnico em Eletrot\u00e9cnica ou Eletr\u00f4nica. Al\u00e9m disso, os candidatos devem ter, no m\u00ednimo, seis meses de experi\u00eancia na \u00e1rea de Manuten\u00e7\u00f5es e Opera\u00e7\u00f5es de Sistemas El\u00e9tricos de Pot\u00eancia &#8211; SEP.\u00a0<\/p>\n\n\n\n<p class=\"wp-block-paragraph\">J\u00e1 para a vaga de Instrutor 1 &#8211; Automotiva (MOTOS), \u00e9 exigido Ensino M\u00e9dio completo, sendo desej\u00e1vel possuir curso t\u00e9cnico na \u00e1rea automotiva para motos. Os candidatos devem possuir experi\u00eancia m\u00ednima de 6 meses na \u00e1rea de atua\u00e7\u00e3o.&nbsp;<\/p>\n\n\n\n<p class=\"wp-block-paragraph\"><strong>Prorroga\u00e7\u00e3o<\/strong><\/p>\n\n\n\n<p class=\"wp-block-paragraph\">Para concorrer \u00e0s vagas de Instrutor 3 Gest\u00e3o da Produ\u00e7\u00e3o \u00e9 necess\u00e1rio a forma\u00e7\u00e3o em Engenharia de Produ\u00e7\u00e3o Administra\u00e7\u00e3o de Empresas e afins. \u00c9 desej\u00e1vel P\u00f3s-gradua\u00e7\u00e3o em Engenharia e\/ou Gest\u00e3o da Produ\u00e7\u00e3o.&nbsp; \u00c9 preciso ter experi\u00eancia de consultoria em processo de produ\u00e7\u00e3o e\/ou atua\u00e7\u00e3o na ind\u00fastria em processos de produ\u00e7\u00e3o, aplica\u00e7\u00e3o de metodologias para melhoria e otimiza\u00e7\u00e3o de processos, conhecimento em projetos de melhoria cont\u00ednua e redu\u00e7\u00e3o de custo.<\/p>\n\n\n\n<p class=\"wp-block-paragraph\"><strong>Inscri\u00e7\u00f5es<\/strong><\/p>\n\n\n\n<p class=\"wp-block-paragraph\">Os interessados em participar deste Processo Seletivo devem acessar o site do SENAI\/TO (<a href=\"http:\/\/www.senai-to.com.br\/\" target=\"_blank\" rel=\"noreferrer noopener\">www.senai-to.com.br<\/a>), na se\u00e7\u00e3o &#8220;Trabalhe Conosco&#8221;, e candidatar-se \u00e0 vaga no \u00edcone &#8220;CADASTRE-SE CLICANDO AQUI&#8221; durante o per\u00edodo de inscri\u00e7\u00f5es.<\/p>\n\n\n\n<p class=\"wp-block-paragraph\"><strong>Confira os editais<\/strong><\/p>\n\n\n\n<p class=\"wp-block-paragraph\"><a href=\"http:\/\/senai-to.com.br\/ProcessoPessoa.aspx?c=97905e86-16b7-4d35-abec-301cc678dfe1\" target=\"_blank\" rel=\"noreferrer noopener\">Instrutor 3 \u2013 Energia<\/a><\/p>\n\n\n\n<p class=\"wp-block-paragraph\"><a href=\"http:\/\/senai-to.com.br\/ProcessoPessoa.aspx?c=947a8c64-3779-426b-8801-9fa70648ecdc\" target=\"_blank\" rel=\"noreferrer noopener\">Instrutor 1 \u2013 Automotiva (MOTOS)<\/a><\/p>\n\n\n\n<p class=\"wp-block-paragraph\"><a href=\"http:\/\/senai-to.com.br\/ProcessoPessoa.aspx?c=240404a8-3378-45c4-8e03-9e0b87dd24f0\" target=\"_blank\" rel=\"noreferrer noopener\">Instrutor 3 Gest\u00e3o da Produ\u00e7\u00e3o &#8211; Aragua\u00edna, Palmas, Para\u00edso e Gurupi<\/a><\/p>\n","protected":false},"excerpt":{"rendered":"<p>O Servi\u00e7o Nacional de Aprendizagem Industrial (Senai) abriu inscri\u00e7\u00f5es para o processo seletivo destinado ao preenchimento de vagas de instrutores em Aragua\u00edna. As oportunidades s\u00e3o para atua\u00e7\u00e3o nas \u00e1reas de Energia e Automotiva (motos). As inscri\u00e7\u00f5es est\u00e3o abertas e poder\u00e3o ser realizadas at\u00e9 3 de agosto. O Senai ainda prorrogou as inscri\u00e7\u00f5es do processo seletivo [&hellip;]<\/p>\n","protected":false},"author":13,"featured_media":0,"comment_status":"open","ping_status":"open","sticky":false,"template":"","format":"standard","meta":{"_acf_changed":false,"footnotes":""},"categories":[8,898],"tags":[729,1075,1007],"class_list":["post-73187","post","type-post","status-publish","format-standard","hentry","category-estado","category-manchete-segundaria","tag-fieto","tag-processo-seletivo","tag-senai"],"acf":[],"yoast_head":"<!-- This site is optimized with the Yoast SEO plugin v24.4 - https:\/\/yoast.com\/wordpress\/plugins\/seo\/ -->\n<title>Senai est\u00e1 com processos seletivos para instrutores em Gest\u00e3o, Energia e Automotiva - PORTAL DE NOT\u00cdCIAS CLEITON PINHEIRO<\/title>\n<meta name=\"robots\" content=\"index, follow, max-snippet:-1, max-image-preview:large, max-video-preview:-1\" \/>\n<link rel=\"canonical\" href=\"https:\/\/cleitonpinheiro.com.br\/site\/senai-esta-com-processos-seletivos-para-instrutores-em-gestao-energia-e-automotiva\/\" \/>\n<meta property=\"og:locale\" content=\"pt_BR\" \/>\n<meta property=\"og:type\" content=\"article\" \/>\n<meta property=\"og:title\" content=\"Senai est\u00e1 com processos seletivos para instrutores em Gest\u00e3o, Energia e Automotiva - PORTAL DE NOT\u00cdCIAS CLEITON PINHEIRO\" \/>\n<meta property=\"og:description\" content=\"O Servi\u00e7o Nacional de Aprendizagem Industrial (Senai) abriu inscri\u00e7\u00f5es para o processo seletivo destinado ao preenchimento de vagas de instrutores em Aragua\u00edna. As oportunidades s\u00e3o para atua\u00e7\u00e3o nas \u00e1reas de Energia e Automotiva (motos). As inscri\u00e7\u00f5es est\u00e3o abertas e poder\u00e3o ser realizadas at\u00e9 3 de agosto. O Senai ainda prorrogou as inscri\u00e7\u00f5es do processo seletivo [&hellip;]\" \/>\n<meta property=\"og:url\" content=\"https:\/\/cleitonpinheiro.com.br\/site\/senai-esta-com-processos-seletivos-para-instrutores-em-gestao-energia-e-automotiva\/\" \/>\n<meta property=\"og:site_name\" content=\"PORTAL DE NOT\u00cdCIAS CLEITON PINHEIRO\" \/>\n<meta property=\"article:publisher\" content=\"https:\/\/www.facebook.com\/portalcpnoticias\/\" \/>\n<meta property=\"article:published_time\" content=\"2023-07-31T11:41:51+00:00\" \/>\n<meta property=\"article:modified_time\" content=\"2023-08-02T18:47:27+00:00\" \/>\n<meta property=\"og:image\" content=\"https:\/\/cleitonpinheiro.com.br\/site\/wp-content\/uploads\/2023\/07\/instrutor-energia.jpg\" \/>\n\t<meta property=\"og:image:width\" content=\"1130\" \/>\n\t<meta property=\"og:image:height\" content=\"580\" \/>\n\t<meta property=\"og:image:type\" content=\"image\/jpeg\" \/>\n<meta name=\"author\" content=\"Reda\u00e7\u00e3o CP\" \/>\n<meta name=\"twitter:card\" content=\"summary_large_image\" \/>\n<meta name=\"twitter:label1\" content=\"Escrito por\" \/>\n\t<meta name=\"twitter:data1\" content=\"Reda\u00e7\u00e3o CP\" \/>\n\t<meta name=\"twitter:label2\" content=\"Est. tempo de leitura\" \/>\n\t<meta name=\"twitter:data2\" content=\"3 minutos\" \/>\n<script type=\"application\/ld+json\" class=\"yoast-schema-graph\">{\"@context\":\"https:\/\/schema.org\",\"@graph\":[{\"@type\":\"Article\",\"@id\":\"https:\/\/cleitonpinheiro.com.br\/site\/senai-esta-com-processos-seletivos-para-instrutores-em-gestao-energia-e-automotiva\/#article\",\"isPartOf\":{\"@id\":\"https:\/\/cleitonpinheiro.com.br\/site\/senai-esta-com-processos-seletivos-para-instrutores-em-gestao-energia-e-automotiva\/\"},\"author\":{\"name\":\"Reda\u00e7\u00e3o CP\",\"@id\":\"https:\/\/cleitonpinheiro.com.br\/site\/#\/schema\/person\/8f04544e0bc40a1b68775b08360f87db\"},\"headline\":\"Senai est\u00e1 com processos seletivos para instrutores em Gest\u00e3o, Energia e Automotiva\",\"datePublished\":\"2023-07-31T11:41:51+00:00\",\"dateModified\":\"2023-08-02T18:47:27+00:00\",\"mainEntityOfPage\":{\"@id\":\"https:\/\/cleitonpinheiro.com.br\/site\/senai-esta-com-processos-seletivos-para-instrutores-em-gestao-energia-e-automotiva\/\"},\"wordCount\":407,\"commentCount\":0,\"publisher\":{\"@id\":\"https:\/\/cleitonpinheiro.com.br\/site\/#organization\"},\"image\":{\"@id\":\"https:\/\/cleitonpinheiro.com.br\/site\/senai-esta-com-processos-seletivos-para-instrutores-em-gestao-energia-e-automotiva\/#primaryimage\"},\"thumbnailUrl\":\"https:\/\/cleitonpinheiro.com.br\/site\/wp-content\/uploads\/2023\/07\/instrutor-energia.jpg\",\"keywords\":[\"Fieto\",\"processo seletivo\",\"SENAI\"],\"articleSection\":[\"ESTADO\",\"MANCHETE SEGUND\u00c1RIA\"],\"inLanguage\":\"pt-BR\",\"potentialAction\":[{\"@type\":\"CommentAction\",\"name\":\"Comment\",\"target\":[\"https:\/\/cleitonpinheiro.com.br\/site\/senai-esta-com-processos-seletivos-para-instrutores-em-gestao-energia-e-automotiva\/#respond\"]}]},{\"@type\":\"WebPage\",\"@id\":\"https:\/\/cleitonpinheiro.com.br\/site\/senai-esta-com-processos-seletivos-para-instrutores-em-gestao-energia-e-automotiva\/\",\"url\":\"https:\/\/cleitonpinheiro.com.br\/site\/senai-esta-com-processos-seletivos-para-instrutores-em-gestao-energia-e-automotiva\/\",\"name\":\"Senai est\u00e1 com processos seletivos para instrutores em Gest\u00e3o, Energia e Automotiva - PORTAL DE NOT\u00cdCIAS CLEITON PINHEIRO\",\"isPartOf\":{\"@id\":\"https:\/\/cleitonpinheiro.com.br\/site\/#website\"},\"primaryImageOfPage\":{\"@id\":\"https:\/\/cleitonpinheiro.com.br\/site\/senai-esta-com-processos-seletivos-para-instrutores-em-gestao-energia-e-automotiva\/#primaryimage\"},\"image\":{\"@id\":\"https:\/\/cleitonpinheiro.com.br\/site\/senai-esta-com-processos-seletivos-para-instrutores-em-gestao-energia-e-automotiva\/#primaryimage\"},\"thumbnailUrl\":\"https:\/\/cleitonpinheiro.com.br\/site\/wp-content\/uploads\/2023\/07\/instrutor-energia.jpg\",\"datePublished\":\"2023-07-31T11:41:51+00:00\",\"dateModified\":\"2023-08-02T18:47:27+00:00\",\"breadcrumb\":{\"@id\":\"https:\/\/cleitonpinheiro.com.br\/site\/senai-esta-com-processos-seletivos-para-instrutores-em-gestao-energia-e-automotiva\/#breadcrumb\"},\"inLanguage\":\"pt-BR\",\"potentialAction\":[{\"@type\":\"ReadAction\",\"target\":[\"https:\/\/cleitonpinheiro.com.br\/site\/senai-esta-com-processos-seletivos-para-instrutores-em-gestao-energia-e-automotiva\/\"]}]},{\"@type\":\"ImageObject\",\"inLanguage\":\"pt-BR\",\"@id\":\"https:\/\/cleitonpinheiro.com.br\/site\/senai-esta-com-processos-seletivos-para-instrutores-em-gestao-energia-e-automotiva\/#primaryimage\",\"url\":\"\",\"contentUrl\":\"\"},{\"@type\":\"BreadcrumbList\",\"@id\":\"https:\/\/cleitonpinheiro.com.br\/site\/senai-esta-com-processos-seletivos-para-instrutores-em-gestao-energia-e-automotiva\/#breadcrumb\",\"itemListElement\":[{\"@type\":\"ListItem\",\"position\":1,\"name\":\"In\u00edcio\",\"item\":\"https:\/\/cleitonpinheiro.com.br\/site\/\"},{\"@type\":\"ListItem\",\"position\":2,\"name\":\"Senai est\u00e1 com processos seletivos para instrutores em Gest\u00e3o, Energia e Automotiva\"}]},{\"@type\":\"WebSite\",\"@id\":\"https:\/\/cleitonpinheiro.com.br\/site\/#website\",\"url\":\"https:\/\/cleitonpinheiro.com.br\/site\/\",\"name\":\"PORTAL DE NOT\u00cdCIAS CLEITON PINHEIRO\",\"description\":\"FALANDO A VERDADE\",\"publisher\":{\"@id\":\"https:\/\/cleitonpinheiro.com.br\/site\/#organization\"},\"potentialAction\":[{\"@type\":\"SearchAction\",\"target\":{\"@type\":\"EntryPoint\",\"urlTemplate\":\"https:\/\/cleitonpinheiro.com.br\/site\/?s={search_term_string}\"},\"query-input\":{\"@type\":\"PropertyValueSpecification\",\"valueRequired\":true,\"valueName\":\"search_term_string\"}}],\"inLanguage\":\"pt-BR\"},{\"@type\":\"Organization\",\"@id\":\"https:\/\/cleitonpinheiro.com.br\/site\/#organization\",\"name\":\"CPNOT\u00cdCIAS\",\"url\":\"https:\/\/cleitonpinheiro.com.br\/site\/\",\"logo\":{\"@type\":\"ImageObject\",\"inLanguage\":\"pt-BR\",\"@id\":\"https:\/\/cleitonpinheiro.com.br\/site\/#\/schema\/logo\/image\/\",\"url\":\"https:\/\/cleitonpinheiro.com.br\/site\/wp-content\/uploads\/2022\/08\/Logo-pequena-2.png\",\"contentUrl\":\"https:\/\/cleitonpinheiro.com.br\/site\/wp-content\/uploads\/2022\/08\/Logo-pequena-2.png\",\"width\":500,\"height\":500,\"caption\":\"CPNOT\u00cdCIAS\"},\"image\":{\"@id\":\"https:\/\/cleitonpinheiro.com.br\/site\/#\/schema\/logo\/image\/\"},\"sameAs\":[\"https:\/\/www.facebook.com\/portalcpnoticias\/\"]},{\"@type\":\"Person\",\"@id\":\"https:\/\/cleitonpinheiro.com.br\/site\/#\/schema\/person\/8f04544e0bc40a1b68775b08360f87db\",\"name\":\"Reda\u00e7\u00e3o CP\",\"image\":{\"@type\":\"ImageObject\",\"inLanguage\":\"pt-BR\",\"@id\":\"https:\/\/cleitonpinheiro.com.br\/site\/#\/schema\/person\/image\/\",\"url\":\"https:\/\/secure.gravatar.com\/avatar\/0bcf19cb29fdc8fc588c490c7ae1b3e174dac268586a63fbe1d1893a0f9020cd?s=96&r=g\",\"contentUrl\":\"https:\/\/secure.gravatar.com\/avatar\/0bcf19cb29fdc8fc588c490c7ae1b3e174dac268586a63fbe1d1893a0f9020cd?s=96&r=g\",\"caption\":\"Reda\u00e7\u00e3o CP\"},\"url\":\"https:\/\/cleitonpinheiro.com.br\/site\/author\/redacao\/\"}]}<\/script>\n<!-- \/ Yoast SEO plugin. -->","yoast_head_json":{"title":"Senai est\u00e1 com processos seletivos para instrutores em Gest\u00e3o, Energia e Automotiva - PORTAL DE NOT\u00cdCIAS CLEITON PINHEIRO","robots":{"index":"index","follow":"follow","max-snippet":"max-snippet:-1","max-image-preview":"max-image-preview:large","max-video-preview":"max-video-preview:-1"},"canonical":"https:\/\/cleitonpinheiro.com.br\/site\/senai-esta-com-processos-seletivos-para-instrutores-em-gestao-energia-e-automotiva\/","og_locale":"pt_BR","og_type":"article","og_title":"Senai est\u00e1 com processos seletivos para instrutores em Gest\u00e3o, Energia e Automotiva - PORTAL DE NOT\u00cdCIAS CLEITON PINHEIRO","og_description":"O Servi\u00e7o Nacional de Aprendizagem Industrial (Senai) abriu inscri\u00e7\u00f5es para o processo seletivo destinado ao preenchimento de vagas de instrutores em Aragua\u00edna. As oportunidades s\u00e3o para atua\u00e7\u00e3o nas \u00e1reas de Energia e Automotiva (motos). As inscri\u00e7\u00f5es est\u00e3o abertas e poder\u00e3o ser realizadas at\u00e9 3 de agosto. O Senai ainda prorrogou as inscri\u00e7\u00f5es do processo seletivo [&hellip;]","og_url":"https:\/\/cleitonpinheiro.com.br\/site\/senai-esta-com-processos-seletivos-para-instrutores-em-gestao-energia-e-automotiva\/","og_site_name":"PORTAL DE NOT\u00cdCIAS CLEITON PINHEIRO","article_publisher":"https:\/\/www.facebook.com\/portalcpnoticias\/","article_published_time":"2023-07-31T11:41:51+00:00","article_modified_time":"2023-08-02T18:47:27+00:00","og_image":[{"width":1130,"height":580,"url":"https:\/\/cleitonpinheiro.com.br\/site\/wp-content\/uploads\/2023\/07\/instrutor-energia.jpg","type":"image\/jpeg"}],"author":"Reda\u00e7\u00e3o CP","twitter_card":"summary_large_image","twitter_misc":{"Escrito por":"Reda\u00e7\u00e3o CP","Est. tempo de leitura":"3 minutos"},"schema":{"@context":"https:\/\/schema.org","@graph":[{"@type":"Article","@id":"https:\/\/cleitonpinheiro.com.br\/site\/senai-esta-com-processos-seletivos-para-instrutores-em-gestao-energia-e-automotiva\/#article","isPartOf":{"@id":"https:\/\/cleitonpinheiro.com.br\/site\/senai-esta-com-processos-seletivos-para-instrutores-em-gestao-energia-e-automotiva\/"},"author":{"name":"Reda\u00e7\u00e3o CP","@id":"https:\/\/cleitonpinheiro.com.br\/site\/#\/schema\/person\/8f04544e0bc40a1b68775b08360f87db"},"headline":"Senai est\u00e1 com processos seletivos para instrutores em Gest\u00e3o, Energia e Automotiva","datePublished":"2023-07-31T11:41:51+00:00","dateModified":"2023-08-02T18:47:27+00:00","mainEntityOfPage":{"@id":"https:\/\/cleitonpinheiro.com.br\/site\/senai-esta-com-processos-seletivos-para-instrutores-em-gestao-energia-e-automotiva\/"},"wordCount":407,"commentCount":0,"publisher":{"@id":"https:\/\/cleitonpinheiro.com.br\/site\/#organization"},"image":{"@id":"https:\/\/cleitonpinheiro.com.br\/site\/senai-esta-com-processos-seletivos-para-instrutores-em-gestao-energia-e-automotiva\/#primaryimage"},"thumbnailUrl":"https:\/\/cleitonpinheiro.com.br\/site\/wp-content\/uploads\/2023\/07\/instrutor-energia.jpg","keywords":["Fieto","processo seletivo","SENAI"],"articleSection":["ESTADO","MANCHETE SEGUND\u00c1RIA"],"inLanguage":"pt-BR","potentialAction":[{"@type":"CommentAction","name":"Comment","target":["https:\/\/cleitonpinheiro.com.br\/site\/senai-esta-com-processos-seletivos-para-instrutores-em-gestao-energia-e-automotiva\/#respond"]}]},{"@type":"WebPage","@id":"https:\/\/cleitonpinheiro.com.br\/site\/senai-esta-com-processos-seletivos-para-instrutores-em-gestao-energia-e-automotiva\/","url":"https:\/\/cleitonpinheiro.com.br\/site\/senai-esta-com-processos-seletivos-para-instrutores-em-gestao-energia-e-automotiva\/","name":"Senai est\u00e1 com processos seletivos para instrutores em Gest\u00e3o, Energia e Automotiva - PORTAL DE NOT\u00cdCIAS CLEITON PINHEIRO","isPartOf":{"@id":"https:\/\/cleitonpinheiro.com.br\/site\/#website"},"primaryImageOfPage":{"@id":"https:\/\/cleitonpinheiro.com.br\/site\/senai-esta-com-processos-seletivos-para-instrutores-em-gestao-energia-e-automotiva\/#primaryimage"},"image":{"@id":"https:\/\/cleitonpinheiro.com.br\/site\/senai-esta-com-processos-seletivos-para-instrutores-em-gestao-energia-e-automotiva\/#primaryimage"},"thumbnailUrl":"https:\/\/cleitonpinheiro.com.br\/site\/wp-content\/uploads\/2023\/07\/instrutor-energia.jpg","datePublished":"2023-07-31T11:41:51+00:00","dateModified":"2023-08-02T18:47:27+00:00","breadcrumb":{"@id":"https:\/\/cleitonpinheiro.com.br\/site\/senai-esta-com-processos-seletivos-para-instrutores-em-gestao-energia-e-automotiva\/#breadcrumb"},"inLanguage":"pt-BR","potentialAction":[{"@type":"ReadAction","target":["https:\/\/cleitonpinheiro.com.br\/site\/senai-esta-com-processos-seletivos-para-instrutores-em-gestao-energia-e-automotiva\/"]}]},{"@type":"ImageObject","inLanguage":"pt-BR","@id":"https:\/\/cleitonpinheiro.com.br\/site\/senai-esta-com-processos-seletivos-para-instrutores-em-gestao-energia-e-automotiva\/#primaryimage","url":"","contentUrl":""},{"@type":"BreadcrumbList","@id":"https:\/\/cleitonpinheiro.com.br\/site\/senai-esta-com-processos-seletivos-para-instrutores-em-gestao-energia-e-automotiva\/#breadcrumb","itemListElement":[{"@type":"ListItem","position":1,"name":"In\u00edcio","item":"https:\/\/cleitonpinheiro.com.br\/site\/"},{"@type":"ListItem","position":2,"name":"Senai est\u00e1 com processos seletivos para instrutores em Gest\u00e3o, Energia e Automotiva"}]},{"@type":"WebSite","@id":"https:\/\/cleitonpinheiro.com.br\/site\/#website","url":"https:\/\/cleitonpinheiro.com.br\/site\/","name":"PORTAL DE NOT\u00cdCIAS CLEITON PINHEIRO","description":"FALANDO A VERDADE","publisher":{"@id":"https:\/\/cleitonpinheiro.com.br\/site\/#organization"},"potentialAction":[{"@type":"SearchAction","target":{"@type":"EntryPoint","urlTemplate":"https:\/\/cleitonpinheiro.com.br\/site\/?s={search_term_string}"},"query-input":{"@type":"PropertyValueSpecification","valueRequired":true,"valueName":"search_term_string"}}],"inLanguage":"pt-BR"},{"@type":"Organization","@id":"https:\/\/cleitonpinheiro.com.br\/site\/#organization","name":"CPNOT\u00cdCIAS","url":"https:\/\/cleitonpinheiro.com.br\/site\/","logo":{"@type":"ImageObject","inLanguage":"pt-BR","@id":"https:\/\/cleitonpinheiro.com.br\/site\/#\/schema\/logo\/image\/","url":"https:\/\/cleitonpinheiro.com.br\/site\/wp-content\/uploads\/2022\/08\/Logo-pequena-2.png","contentUrl":"https:\/\/cleitonpinheiro.com.br\/site\/wp-content\/uploads\/2022\/08\/Logo-pequena-2.png","width":500,"height":500,"caption":"CPNOT\u00cdCIAS"},"image":{"@id":"https:\/\/cleitonpinheiro.com.br\/site\/#\/schema\/logo\/image\/"},"sameAs":["https:\/\/www.facebook.com\/portalcpnoticias\/"]},{"@type":"Person","@id":"https:\/\/cleitonpinheiro.com.br\/site\/#\/schema\/person\/8f04544e0bc40a1b68775b08360f87db","name":"Reda\u00e7\u00e3o CP","image":{"@type":"ImageObject","inLanguage":"pt-BR","@id":"https:\/\/cleitonpinheiro.com.br\/site\/#\/schema\/person\/image\/","url":"https:\/\/secure.gravatar.com\/avatar\/0bcf19cb29fdc8fc588c490c7ae1b3e174dac268586a63fbe1d1893a0f9020cd?s=96&r=g","contentUrl":"https:\/\/secure.gravatar.com\/avatar\/0bcf19cb29fdc8fc588c490c7ae1b3e174dac268586a63fbe1d1893a0f9020cd?s=96&r=g","caption":"Reda\u00e7\u00e3o CP"},"url":"https:\/\/cleitonpinheiro.com.br\/site\/author\/redacao\/"}]}},"views":144,"_links":{"self":[{"href":"https:\/\/cleitonpinheiro.com.br\/site\/wp-json\/wp\/v2\/posts\/73187","targetHints":{"allow":["GET"]}}],"collection":[{"href":"https:\/\/cleitonpinheiro.com.br\/site\/wp-json\/wp\/v2\/posts"}],"about":[{"href":"https:\/\/cleitonpinheiro.com.br\/site\/wp-json\/wp\/v2\/types\/post"}],"author":[{"embeddable":true,"href":"https:\/\/cleitonpinheiro.com.br\/site\/wp-json\/wp\/v2\/users\/13"}],"replies":[{"embeddable":true,"href":"https:\/\/cleitonpinheiro.com.br\/site\/wp-json\/wp\/v2\/comments?post=73187"}],"version-history":[{"count":1,"href":"https:\/\/cleitonpinheiro.com.br\/site\/wp-json\/wp\/v2\/posts\/73187\/revisions"}],"predecessor-version":[{"id":73189,"href":"https:\/\/cleitonpinheiro.com.br\/site\/wp-json\/wp\/v2\/posts\/73187\/revisions\/73189"}],"wp:attachment":[{"href":"https:\/\/cleitonpinheiro.com.br\/site\/wp-json\/wp\/v2\/media?parent=73187"}],"wp:term":[{"taxonomy":"category","embeddable":true,"href":"https:\/\/cleitonpinheiro.com.br\/site\/wp-json\/wp\/v2\/categories?post=73187"},{"taxonomy":"post_tag","embeddable":true,"href":"https:\/\/cleitonpinheiro.com.br\/site\/wp-json\/wp\/v2\/tags?post=73187"}],"curies":[{"name":"wp","href":"https:\/\/api.w.org\/{rel}","templated":true}]}}