{"id":73190,"date":"2023-07-31T09:04:49","date_gmt":"2023-07-31T12:04:49","guid":{"rendered":"https:\/\/cleitonpinheiro.com.br\/site\/?p=73190"},"modified":"2023-12-27T11:52:15","modified_gmt":"2023-12-27T14:52:15","slug":"cronograma-de-vacinacao-da-gripe-e-covid-19-em-palmas-de-segunda-a-sexta-feira","status":"publish","type":"post","link":"https:\/\/cleitonpinheiro.com.br\/site\/cronograma-de-vacinacao-da-gripe-e-covid-19-em-palmas-de-segunda-a-sexta-feira\/","title":{"rendered":"Cronograma de vacina\u00e7\u00e3o da gripe e covid-19 em Palmas de segunda a sexta-feira"},"content":{"rendered":"\n<figure class=\"wp-block-image size-full\"><img decoding=\"async\" src=\"https:\/\/cleitonpinheiro.com.br\/site\/wp-content\/uploads\/2023\/07\/c1b918e2-8d66-4e61-b5d2-cb1971b9c1a1.jpg\" alt=\"\" class=\"wp-image-72867\"\/><figcaption class=\"wp-element-caption\">Popula\u00e7\u00e3o pode se vacinar contra gripe e covid nas Unidades de Sa\u00fade da Fam\u00edlia (USFs) &#8211; Foto: Ra\u00edza Milhomem\/Prefeitura de Palmas<\/figcaption><\/figure>\n\n\n\n<p class=\"wp-block-paragraph\">A Secretaria Municipal da Sa\u00fade (Semus) de Palmas divulgou o cronograma semanal de vacina\u00e7\u00e3o contra a gripe e a covid-19 para segunda-feira, 31, a sexta-feira, 4 de agosto. Para receber os imunizantes nas Unidades de Sa\u00fade da Fam\u00edlia (USF), o usu\u00e1rio deve apresentar documentos pessoais, cart\u00e3o do SUS e cart\u00e3o de vacina. <\/p>\n\n\n\n<p class=\"wp-block-paragraph\">A Semus refor\u00e7a que as vacinas de rotina s\u00e3o fundamentais na preven\u00e7\u00e3o de doen\u00e7as infecciosas, protegendo crian\u00e7as, adultos e idosos contra patologias como sarampo, poliomielite, hepatite B, entre outras.<\/p>\n\n\n\n<p class=\"wp-block-paragraph\">Destaca-se que, na presente semana, n\u00e3o haver\u00e1 aplica\u00e7\u00e3o de vacinas nas unidades da USF Albertino Santos (Arse 101 &#8211; 1004 Sul), USF Arno 44 (409 Norte) e na USF Arno 71 (603 Norte).<\/p>\n\n\n\n<p class=\"wp-block-paragraph\"><strong>Confira o cronograma completo de vacina\u00e7\u00e3o:<\/strong><\/p>\n\n\n\n<p class=\"wp-block-paragraph\"><strong>Covid-19<\/strong><\/p>\n\n\n\n<p class=\"wp-block-paragraph\"><strong>CoronaVac: 2\u00aa dose para popula\u00e7\u00e3o 3+<\/strong><br>Hor\u00e1rio: 8 \u00e0s 17 horas<\/p>\n\n\n\n<p class=\"wp-block-paragraph\">Segunda-feira &#8211; USF Arno 61 (503 Norte)<br>Ter\u00e7a-feira &#8211; USF Prof Isabel Auler (Arso 23 &#8211; 207 Sul) &#8211; &nbsp;aberta somente das 7 \u00e0s 13 horas&nbsp;<br>Quarta-feira &#8211; USF Val\u00e9ria Martins (Arse 122 &#8211; 1.206 Sul)<br>Quinta-feira &#8211; USF Jos\u00e9 Hermes&nbsp;<br>Sexta-feira &#8211; USF Taquari &#8211; aberta somente das 7 \u00e0s 13 horas<\/p>\n\n\n\n<p class=\"wp-block-paragraph\"><strong>Agendamento pr\u00e9vio nas unidades<\/strong><br>USF Walterly Wagner Jos\u00e9 Ribeiro (Taquaru\u00e7u Grande) &#8211; somente quinta-feira<br>USF Mariazinha Rodrigues da Silva (Buritirana) &nbsp;&#8211; aberta somente das 13 \u00e0s 18 horas<br>USF Walter Pereira Morato (Taquaru\u00e7u)<br>&nbsp;<br><strong>Pfizer Infantil<\/strong><br>Pfizer Baby: beb\u00eas de seis meses a crian\u00e7as de quatro anos&nbsp;<br>Pfizer Pedi\u00e1trica: crian\u00e7as de cinco a 11 anos<\/p>\n\n\n\n<p class=\"wp-block-paragraph\">Segunda a sexta-feira, das 8 \u00e0s 17 horas<br>USF Arno 61 (503 Norte)<br>USF Prof Isabel Auler (Arso 23 &#8211; 207 Sul) &#8211; aberta somente das 7 \u00e0s 13 horas&nbsp;<br>USF Val\u00e9ria Martins (Arse 122 &#8211; 1206 Sul)<br>USF Jos\u00e9 Hermes Rodrigues Damaso (Setor Sul)<br>USF Taquari &#8211; aberta somente das 7 \u00e0s 13 horas<\/p>\n\n\n\n<p class=\"wp-block-paragraph\"><strong>Agendamento pr\u00e9vio nas unidades<\/strong><br>USF Walterly Wagner Jos\u00e9 Ribeiro (Taquaru\u00e7u Grande) &#8211; vacina\u00e7\u00e3o apenas na quinta-feira<br>USF Mariazinha Rodrigues da Silva (Buritirana) &#8211; aberta somente das 13 \u00e0s 18 horas<br>USF Walter Pereira Morato (Taquaru\u00e7u)<br>&nbsp;<br><strong>Pfizer Monovalente&nbsp;<\/strong><br>Pfizer Monovalente: 1\u00aa e 2\u00aa dose para popula\u00e7\u00e3o acima dos 12 anos + refor\u00e7o para menores de 17 anos<\/p>\n\n\n\n<p class=\"wp-block-paragraph\">Segunda a sexta-feira, das 8 \u00e0s 17 horas<br>USF da Arno 61 (503 Norte)<br>USF Arno 44 (409 Norte)&nbsp;<br>USF ASR-SE 75 (712 Sul)<br>USF Prof Isabel Auler (Arso 23 &#8211; 207 Sul) &#8211; &nbsp;aberta somente das 7 \u00e0s 13 horas&nbsp;<br>USF Loiane Moreno Vieira (210 Sul)<br>USF Val\u00e9ria Martins (Arse 122 &#8211; 1206 Sul)<br>USF Eug\u00eanio Pinheiro (Jardim Aureny I)<br>USF Santa B\u00e1rbara &#8211; aberta somente das 9 \u00e0s 15 horas<br>USF Jos\u00e9 Hermes Rodrigues Damaso (Setor Sul)<br>USF Morada do Sol<br>USF Taquari &#8211; aberta somente das 7 \u00e0s 13 horas<br>USF Walterly Wagner Jos\u00e9 Ribeiro (Taquaru\u00e7u Grande) &#8211; vacina\u00e7\u00e3o apenas na quinta-feira<br>USF Mariazinha Rodrigues da Silva (Buritirana) &#8211; aberta somente das 13 \u00e0s 18 horas<br>USF Walter Pereira Morato (Taquaru\u00e7u)<br>&nbsp;<br><strong>Pfizer Bivalente, influenza e vacina\u00e7\u00e3o de rotina<\/strong><\/p>\n\n\n\n<p class=\"wp-block-paragraph\">Influenza: &nbsp;Todos acima de 6 meses de vida<\/p>\n\n\n\n<p class=\"wp-block-paragraph\">Rotina: cart\u00e3o de vacina possui indica\u00e7\u00e3o do imunizante e faixa et\u00e1ria para aplica\u00e7\u00e3o<\/p>\n\n\n\n<p class=\"wp-block-paragraph\">Segunda a sexta-feira, das 8 \u00e0s 17 horas, em todas as unidades de sa\u00fade da Capital, com exce\u00e7\u00e3o da USF da Arno 71 (603 Norte)<\/p>\n\n\n\n<p class=\"wp-block-paragraph\">USF Jos\u00e9 Luiz Otaviani (Arno 33 &#8211; 307 Norte) &#8211; aberta somente das 7 \u00e0s 13 horas<br>USF Arno 41 (403 Norte) &#8211; aberta somente das 7 \u00e0s 13 horas<br>USF Arno 42 (405 Norte)<br>USF Arne 53 (406 Norte) &#8211; aberta somente das 7 \u00e0s 13 horas&nbsp;<br>USF Arno 44 (409 Norte) &#8211; aberta somente das 13 \u00e0s 18 horas<br>USF Arno 61 (503 Norte)<br>USF Arne 64 (508 Norte)<br>USF Deise de F\u00e1tima Ara\u00fajo de Paula (Arse 13 &#8211; 108 Sul) &#8211; aberta somente das 12 \u00e0s 18 horas<br>USF Loiane Moreno Vieira (Arse 24 &#8211; 210 Sul)<br>USF Prof Isabel Auler (Arso 23 &#8211; 207 Sul) &#8211; &nbsp;aberta somente das 7 \u00e0s 13 horas&nbsp;<br>USF Francisco J\u00fanior (Arso 41 &#8211; 403 Sul)<br>USF ASR-SE 75 (712 Sul)<br>USF Dr. Ewaldo Borges (Arse 82 &#8211; 806 Sul)<br>USF Satilo Alves de Sousa (Arso 111 &#8211; 1103 Sul)<br>USF Val\u00e9ria Martins Pereira (Arse 122 &#8211; 1206 Sul)<br>USF H\u00e9der de Oliveira Silva (Arse 131 &#8211; 1304 Sul) &#8211; &nbsp;aberta somente das 7 \u00e0s 13 horas<br>USF Alto Bonito (Jardim Aureny IV) &#8211; somente das 13 \u00e0s 18 horas<br>USF Novo Horizonte (Jardim Aureny IV)<br>USF Liberdade (Jardim Aureny III) &#8211; &nbsp;aberta somente das 7 \u00e0s 13 horas&nbsp;<br>USF Aureny II (Jardim Aureny II) &#8211; somente das 7 \u00e0s 13 horas<br>USF Eug\u00eanio Pinheiro da Silva (Jardim Aureny I)<br>USF Jos\u00e9 L\u00facio Carvalho (Lago Sul) &#8211; aberta somente das 7 \u00e0s 13 horas<br>USF Taquari &#8211; aberta somente das 7 \u00e0s 13 horas<br>USF Santa F\u00e9<br>USF Morada do Sol<br>USF Bela Vista (Jardim Bela Vista)&nbsp;<br>USF Santa B\u00e1rbara &#8211; aberta somente das 9 \u00e0s 15 horas<br>USF Jos\u00e9 Hermes Rodrigues Damaso (Setor Sul)<br>USF Walterly Wagner Jos\u00e9 Ribeiro (Taquaru\u00e7u Grande) &#8211; somente quinta-feira<br>USF Mariazinha Rodrigues da Silva (Buritirana) &#8211; aberta somente das 13 \u00e0s 18 horas<br>USF Walter Pereira Morato (Taquaru\u00e7u)<\/p>\n","protected":false},"excerpt":{"rendered":"<p>A Secretaria Municipal da Sa\u00fade (Semus) de Palmas divulgou o cronograma semanal de vacina\u00e7\u00e3o contra a gripe e a covid-19 para segunda-feira, 31, a sexta-feira, 4 de agosto. Para receber os imunizantes nas Unidades de Sa\u00fade da Fam\u00edlia (USF), o usu\u00e1rio deve apresentar documentos pessoais, cart\u00e3o do SUS e cart\u00e3o de vacina. A Semus refor\u00e7a [&hellip;]<\/p>\n","protected":false},"author":13,"featured_media":0,"comment_status":"open","ping_status":"open","sticky":false,"template":"","format":"standard","meta":{"_acf_changed":false,"footnotes":""},"categories":[22,21],"tags":[811,393,1076,720,959],"class_list":["post-73190","post","type-post","status-publish","format-standard","hentry","category-cidades","category-todas-noticias","tag-covid-19","tag-gripe","tag-imunizacao","tag-prefeitura-de-palmas","tag-vacinacao"],"acf":[],"yoast_head":"<!-- This site is optimized with the Yoast SEO plugin v24.4 - https:\/\/yoast.com\/wordpress\/plugins\/seo\/ -->\n<title>Cronograma de vacina\u00e7\u00e3o da gripe e covid-19 em Palmas de segunda a sexta-feira - PORTAL DE NOT\u00cdCIAS CLEITON PINHEIRO<\/title>\n<meta name=\"robots\" content=\"index, follow, max-snippet:-1, max-image-preview:large, max-video-preview:-1\" \/>\n<link rel=\"canonical\" href=\"https:\/\/cleitonpinheiro.com.br\/site\/cronograma-de-vacinacao-da-gripe-e-covid-19-em-palmas-de-segunda-a-sexta-feira\/\" \/>\n<meta property=\"og:locale\" content=\"pt_BR\" \/>\n<meta property=\"og:type\" content=\"article\" \/>\n<meta property=\"og:title\" content=\"Cronograma de vacina\u00e7\u00e3o da gripe e covid-19 em Palmas de segunda a sexta-feira - PORTAL DE NOT\u00cdCIAS CLEITON PINHEIRO\" \/>\n<meta property=\"og:description\" content=\"A Secretaria Municipal da Sa\u00fade (Semus) de Palmas divulgou o cronograma semanal de vacina\u00e7\u00e3o contra a gripe e a covid-19 para segunda-feira, 31, a sexta-feira, 4 de agosto. Para receber os imunizantes nas Unidades de Sa\u00fade da Fam\u00edlia (USF), o usu\u00e1rio deve apresentar documentos pessoais, cart\u00e3o do SUS e cart\u00e3o de vacina. A Semus refor\u00e7a [&hellip;]\" \/>\n<meta property=\"og:url\" content=\"https:\/\/cleitonpinheiro.com.br\/site\/cronograma-de-vacinacao-da-gripe-e-covid-19-em-palmas-de-segunda-a-sexta-feira\/\" \/>\n<meta property=\"og:site_name\" content=\"PORTAL DE NOT\u00cdCIAS CLEITON PINHEIRO\" \/>\n<meta property=\"article:publisher\" content=\"https:\/\/www.facebook.com\/portalcpnoticias\/\" \/>\n<meta property=\"article:published_time\" content=\"2023-07-31T12:04:49+00:00\" \/>\n<meta property=\"article:modified_time\" content=\"2023-12-27T14:52:15+00:00\" \/>\n<meta property=\"og:image\" content=\"https:\/\/cleitonpinheiro.com.br\/site\/wp-content\/uploads\/2022\/08\/img_3922.jpg\" \/>\n\t<meta property=\"og:image:width\" content=\"1170\" \/>\n\t<meta property=\"og:image:height\" content=\"700\" \/>\n\t<meta property=\"og:image:type\" content=\"image\/jpeg\" \/>\n<meta name=\"author\" content=\"Reda\u00e7\u00e3o CP\" \/>\n<meta name=\"twitter:card\" content=\"summary_large_image\" \/>\n<meta name=\"twitter:label1\" content=\"Escrito por\" \/>\n\t<meta name=\"twitter:data1\" content=\"Reda\u00e7\u00e3o CP\" \/>\n\t<meta name=\"twitter:label2\" content=\"Est. tempo de leitura\" \/>\n\t<meta name=\"twitter:data2\" content=\"5 minutos\" \/>\n<script type=\"application\/ld+json\" class=\"yoast-schema-graph\">{\"@context\":\"https:\/\/schema.org\",\"@graph\":[{\"@type\":\"Article\",\"@id\":\"https:\/\/cleitonpinheiro.com.br\/site\/cronograma-de-vacinacao-da-gripe-e-covid-19-em-palmas-de-segunda-a-sexta-feira\/#article\",\"isPartOf\":{\"@id\":\"https:\/\/cleitonpinheiro.com.br\/site\/cronograma-de-vacinacao-da-gripe-e-covid-19-em-palmas-de-segunda-a-sexta-feira\/\"},\"author\":{\"name\":\"Reda\u00e7\u00e3o CP\",\"@id\":\"https:\/\/cleitonpinheiro.com.br\/site\/#\/schema\/person\/8f04544e0bc40a1b68775b08360f87db\"},\"headline\":\"Cronograma de vacina\u00e7\u00e3o da gripe e covid-19 em Palmas de segunda a sexta-feira\",\"datePublished\":\"2023-07-31T12:04:49+00:00\",\"dateModified\":\"2023-12-27T14:52:15+00:00\",\"mainEntityOfPage\":{\"@id\":\"https:\/\/cleitonpinheiro.com.br\/site\/cronograma-de-vacinacao-da-gripe-e-covid-19-em-palmas-de-segunda-a-sexta-feira\/\"},\"wordCount\":803,\"commentCount\":0,\"publisher\":{\"@id\":\"https:\/\/cleitonpinheiro.com.br\/site\/#organization\"},\"image\":{\"@id\":\"https:\/\/cleitonpinheiro.com.br\/site\/cronograma-de-vacinacao-da-gripe-e-covid-19-em-palmas-de-segunda-a-sexta-feira\/#primaryimage\"},\"thumbnailUrl\":\"https:\/\/cleitonpinheiro.com.br\/site\/wp-content\/uploads\/2023\/07\/c1b918e2-8d66-4e61-b5d2-cb1971b9c1a1.jpg\",\"keywords\":[\"covid-19\",\"gripe\",\"imuniza\u00e7\u00e3o\",\"Prefeitura de Palmas\",\"Vacina\u00e7\u00e3o\"],\"articleSection\":[\"CIDADES\",\"TODAS NOTICIAS\"],\"inLanguage\":\"pt-BR\",\"potentialAction\":[{\"@type\":\"CommentAction\",\"name\":\"Comment\",\"target\":[\"https:\/\/cleitonpinheiro.com.br\/site\/cronograma-de-vacinacao-da-gripe-e-covid-19-em-palmas-de-segunda-a-sexta-feira\/#respond\"]}]},{\"@type\":\"WebPage\",\"@id\":\"https:\/\/cleitonpinheiro.com.br\/site\/cronograma-de-vacinacao-da-gripe-e-covid-19-em-palmas-de-segunda-a-sexta-feira\/\",\"url\":\"https:\/\/cleitonpinheiro.com.br\/site\/cronograma-de-vacinacao-da-gripe-e-covid-19-em-palmas-de-segunda-a-sexta-feira\/\",\"name\":\"Cronograma de vacina\u00e7\u00e3o da gripe e covid-19 em Palmas de segunda a sexta-feira - PORTAL DE NOT\u00cdCIAS CLEITON PINHEIRO\",\"isPartOf\":{\"@id\":\"https:\/\/cleitonpinheiro.com.br\/site\/#website\"},\"primaryImageOfPage\":{\"@id\":\"https:\/\/cleitonpinheiro.com.br\/site\/cronograma-de-vacinacao-da-gripe-e-covid-19-em-palmas-de-segunda-a-sexta-feira\/#primaryimage\"},\"image\":{\"@id\":\"https:\/\/cleitonpinheiro.com.br\/site\/cronograma-de-vacinacao-da-gripe-e-covid-19-em-palmas-de-segunda-a-sexta-feira\/#primaryimage\"},\"thumbnailUrl\":\"https:\/\/cleitonpinheiro.com.br\/site\/wp-content\/uploads\/2023\/07\/c1b918e2-8d66-4e61-b5d2-cb1971b9c1a1.jpg\",\"datePublished\":\"2023-07-31T12:04:49+00:00\",\"dateModified\":\"2023-12-27T14:52:15+00:00\",\"breadcrumb\":{\"@id\":\"https:\/\/cleitonpinheiro.com.br\/site\/cronograma-de-vacinacao-da-gripe-e-covid-19-em-palmas-de-segunda-a-sexta-feira\/#breadcrumb\"},\"inLanguage\":\"pt-BR\",\"potentialAction\":[{\"@type\":\"ReadAction\",\"target\":[\"https:\/\/cleitonpinheiro.com.br\/site\/cronograma-de-vacinacao-da-gripe-e-covid-19-em-palmas-de-segunda-a-sexta-feira\/\"]}]},{\"@type\":\"ImageObject\",\"inLanguage\":\"pt-BR\",\"@id\":\"https:\/\/cleitonpinheiro.com.br\/site\/cronograma-de-vacinacao-da-gripe-e-covid-19-em-palmas-de-segunda-a-sexta-feira\/#primaryimage\",\"url\":\"\",\"contentUrl\":\"\"},{\"@type\":\"BreadcrumbList\",\"@id\":\"https:\/\/cleitonpinheiro.com.br\/site\/cronograma-de-vacinacao-da-gripe-e-covid-19-em-palmas-de-segunda-a-sexta-feira\/#breadcrumb\",\"itemListElement\":[{\"@type\":\"ListItem\",\"position\":1,\"name\":\"In\u00edcio\",\"item\":\"https:\/\/cleitonpinheiro.com.br\/site\/\"},{\"@type\":\"ListItem\",\"position\":2,\"name\":\"Cronograma de vacina\u00e7\u00e3o da gripe e covid-19 em Palmas de segunda a sexta-feira\"}]},{\"@type\":\"WebSite\",\"@id\":\"https:\/\/cleitonpinheiro.com.br\/site\/#website\",\"url\":\"https:\/\/cleitonpinheiro.com.br\/site\/\",\"name\":\"PORTAL DE NOT\u00cdCIAS CLEITON PINHEIRO\",\"description\":\"FALANDO A VERDADE\",\"publisher\":{\"@id\":\"https:\/\/cleitonpinheiro.com.br\/site\/#organization\"},\"potentialAction\":[{\"@type\":\"SearchAction\",\"target\":{\"@type\":\"EntryPoint\",\"urlTemplate\":\"https:\/\/cleitonpinheiro.com.br\/site\/?s={search_term_string}\"},\"query-input\":{\"@type\":\"PropertyValueSpecification\",\"valueRequired\":true,\"valueName\":\"search_term_string\"}}],\"inLanguage\":\"pt-BR\"},{\"@type\":\"Organization\",\"@id\":\"https:\/\/cleitonpinheiro.com.br\/site\/#organization\",\"name\":\"CPNOT\u00cdCIAS\",\"url\":\"https:\/\/cleitonpinheiro.com.br\/site\/\",\"logo\":{\"@type\":\"ImageObject\",\"inLanguage\":\"pt-BR\",\"@id\":\"https:\/\/cleitonpinheiro.com.br\/site\/#\/schema\/logo\/image\/\",\"url\":\"https:\/\/cleitonpinheiro.com.br\/site\/wp-content\/uploads\/2022\/08\/Logo-pequena-2.png\",\"contentUrl\":\"https:\/\/cleitonpinheiro.com.br\/site\/wp-content\/uploads\/2022\/08\/Logo-pequena-2.png\",\"width\":500,\"height\":500,\"caption\":\"CPNOT\u00cdCIAS\"},\"image\":{\"@id\":\"https:\/\/cleitonpinheiro.com.br\/site\/#\/schema\/logo\/image\/\"},\"sameAs\":[\"https:\/\/www.facebook.com\/portalcpnoticias\/\"]},{\"@type\":\"Person\",\"@id\":\"https:\/\/cleitonpinheiro.com.br\/site\/#\/schema\/person\/8f04544e0bc40a1b68775b08360f87db\",\"name\":\"Reda\u00e7\u00e3o CP\",\"image\":{\"@type\":\"ImageObject\",\"inLanguage\":\"pt-BR\",\"@id\":\"https:\/\/cleitonpinheiro.com.br\/site\/#\/schema\/person\/image\/\",\"url\":\"https:\/\/secure.gravatar.com\/avatar\/0bcf19cb29fdc8fc588c490c7ae1b3e174dac268586a63fbe1d1893a0f9020cd?s=96&r=g\",\"contentUrl\":\"https:\/\/secure.gravatar.com\/avatar\/0bcf19cb29fdc8fc588c490c7ae1b3e174dac268586a63fbe1d1893a0f9020cd?s=96&r=g\",\"caption\":\"Reda\u00e7\u00e3o CP\"},\"url\":\"https:\/\/cleitonpinheiro.com.br\/site\/author\/redacao\/\"}]}<\/script>\n<!-- \/ Yoast SEO plugin. -->","yoast_head_json":{"title":"Cronograma de vacina\u00e7\u00e3o da gripe e covid-19 em Palmas de segunda a sexta-feira - PORTAL DE NOT\u00cdCIAS CLEITON PINHEIRO","robots":{"index":"index","follow":"follow","max-snippet":"max-snippet:-1","max-image-preview":"max-image-preview:large","max-video-preview":"max-video-preview:-1"},"canonical":"https:\/\/cleitonpinheiro.com.br\/site\/cronograma-de-vacinacao-da-gripe-e-covid-19-em-palmas-de-segunda-a-sexta-feira\/","og_locale":"pt_BR","og_type":"article","og_title":"Cronograma de vacina\u00e7\u00e3o da gripe e covid-19 em Palmas de segunda a sexta-feira - PORTAL DE NOT\u00cdCIAS CLEITON PINHEIRO","og_description":"A Secretaria Municipal da Sa\u00fade (Semus) de Palmas divulgou o cronograma semanal de vacina\u00e7\u00e3o contra a gripe e a covid-19 para segunda-feira, 31, a sexta-feira, 4 de agosto. Para receber os imunizantes nas Unidades de Sa\u00fade da Fam\u00edlia (USF), o usu\u00e1rio deve apresentar documentos pessoais, cart\u00e3o do SUS e cart\u00e3o de vacina. A Semus refor\u00e7a [&hellip;]","og_url":"https:\/\/cleitonpinheiro.com.br\/site\/cronograma-de-vacinacao-da-gripe-e-covid-19-em-palmas-de-segunda-a-sexta-feira\/","og_site_name":"PORTAL DE NOT\u00cdCIAS CLEITON PINHEIRO","article_publisher":"https:\/\/www.facebook.com\/portalcpnoticias\/","article_published_time":"2023-07-31T12:04:49+00:00","article_modified_time":"2023-12-27T14:52:15+00:00","og_image":[{"width":1170,"height":700,"url":"https:\/\/cleitonpinheiro.com.br\/site\/wp-content\/uploads\/2022\/08\/img_3922.jpg","type":"image\/jpeg"}],"author":"Reda\u00e7\u00e3o CP","twitter_card":"summary_large_image","twitter_misc":{"Escrito por":"Reda\u00e7\u00e3o CP","Est. tempo de leitura":"5 minutos"},"schema":{"@context":"https:\/\/schema.org","@graph":[{"@type":"Article","@id":"https:\/\/cleitonpinheiro.com.br\/site\/cronograma-de-vacinacao-da-gripe-e-covid-19-em-palmas-de-segunda-a-sexta-feira\/#article","isPartOf":{"@id":"https:\/\/cleitonpinheiro.com.br\/site\/cronograma-de-vacinacao-da-gripe-e-covid-19-em-palmas-de-segunda-a-sexta-feira\/"},"author":{"name":"Reda\u00e7\u00e3o CP","@id":"https:\/\/cleitonpinheiro.com.br\/site\/#\/schema\/person\/8f04544e0bc40a1b68775b08360f87db"},"headline":"Cronograma de vacina\u00e7\u00e3o da gripe e covid-19 em Palmas de segunda a sexta-feira","datePublished":"2023-07-31T12:04:49+00:00","dateModified":"2023-12-27T14:52:15+00:00","mainEntityOfPage":{"@id":"https:\/\/cleitonpinheiro.com.br\/site\/cronograma-de-vacinacao-da-gripe-e-covid-19-em-palmas-de-segunda-a-sexta-feira\/"},"wordCount":803,"commentCount":0,"publisher":{"@id":"https:\/\/cleitonpinheiro.com.br\/site\/#organization"},"image":{"@id":"https:\/\/cleitonpinheiro.com.br\/site\/cronograma-de-vacinacao-da-gripe-e-covid-19-em-palmas-de-segunda-a-sexta-feira\/#primaryimage"},"thumbnailUrl":"https:\/\/cleitonpinheiro.com.br\/site\/wp-content\/uploads\/2023\/07\/c1b918e2-8d66-4e61-b5d2-cb1971b9c1a1.jpg","keywords":["covid-19","gripe","imuniza\u00e7\u00e3o","Prefeitura de Palmas","Vacina\u00e7\u00e3o"],"articleSection":["CIDADES","TODAS NOTICIAS"],"inLanguage":"pt-BR","potentialAction":[{"@type":"CommentAction","name":"Comment","target":["https:\/\/cleitonpinheiro.com.br\/site\/cronograma-de-vacinacao-da-gripe-e-covid-19-em-palmas-de-segunda-a-sexta-feira\/#respond"]}]},{"@type":"WebPage","@id":"https:\/\/cleitonpinheiro.com.br\/site\/cronograma-de-vacinacao-da-gripe-e-covid-19-em-palmas-de-segunda-a-sexta-feira\/","url":"https:\/\/cleitonpinheiro.com.br\/site\/cronograma-de-vacinacao-da-gripe-e-covid-19-em-palmas-de-segunda-a-sexta-feira\/","name":"Cronograma de vacina\u00e7\u00e3o da gripe e covid-19 em Palmas de segunda a sexta-feira - PORTAL DE NOT\u00cdCIAS CLEITON PINHEIRO","isPartOf":{"@id":"https:\/\/cleitonpinheiro.com.br\/site\/#website"},"primaryImageOfPage":{"@id":"https:\/\/cleitonpinheiro.com.br\/site\/cronograma-de-vacinacao-da-gripe-e-covid-19-em-palmas-de-segunda-a-sexta-feira\/#primaryimage"},"image":{"@id":"https:\/\/cleitonpinheiro.com.br\/site\/cronograma-de-vacinacao-da-gripe-e-covid-19-em-palmas-de-segunda-a-sexta-feira\/#primaryimage"},"thumbnailUrl":"https:\/\/cleitonpinheiro.com.br\/site\/wp-content\/uploads\/2023\/07\/c1b918e2-8d66-4e61-b5d2-cb1971b9c1a1.jpg","datePublished":"2023-07-31T12:04:49+00:00","dateModified":"2023-12-27T14:52:15+00:00","breadcrumb":{"@id":"https:\/\/cleitonpinheiro.com.br\/site\/cronograma-de-vacinacao-da-gripe-e-covid-19-em-palmas-de-segunda-a-sexta-feira\/#breadcrumb"},"inLanguage":"pt-BR","potentialAction":[{"@type":"ReadAction","target":["https:\/\/cleitonpinheiro.com.br\/site\/cronograma-de-vacinacao-da-gripe-e-covid-19-em-palmas-de-segunda-a-sexta-feira\/"]}]},{"@type":"ImageObject","inLanguage":"pt-BR","@id":"https:\/\/cleitonpinheiro.com.br\/site\/cronograma-de-vacinacao-da-gripe-e-covid-19-em-palmas-de-segunda-a-sexta-feira\/#primaryimage","url":"","contentUrl":""},{"@type":"BreadcrumbList","@id":"https:\/\/cleitonpinheiro.com.br\/site\/cronograma-de-vacinacao-da-gripe-e-covid-19-em-palmas-de-segunda-a-sexta-feira\/#breadcrumb","itemListElement":[{"@type":"ListItem","position":1,"name":"In\u00edcio","item":"https:\/\/cleitonpinheiro.com.br\/site\/"},{"@type":"ListItem","position":2,"name":"Cronograma de vacina\u00e7\u00e3o da gripe e covid-19 em Palmas de segunda a sexta-feira"}]},{"@type":"WebSite","@id":"https:\/\/cleitonpinheiro.com.br\/site\/#website","url":"https:\/\/cleitonpinheiro.com.br\/site\/","name":"PORTAL DE NOT\u00cdCIAS CLEITON PINHEIRO","description":"FALANDO A VERDADE","publisher":{"@id":"https:\/\/cleitonpinheiro.com.br\/site\/#organization"},"potentialAction":[{"@type":"SearchAction","target":{"@type":"EntryPoint","urlTemplate":"https:\/\/cleitonpinheiro.com.br\/site\/?s={search_term_string}"},"query-input":{"@type":"PropertyValueSpecification","valueRequired":true,"valueName":"search_term_string"}}],"inLanguage":"pt-BR"},{"@type":"Organization","@id":"https:\/\/cleitonpinheiro.com.br\/site\/#organization","name":"CPNOT\u00cdCIAS","url":"https:\/\/cleitonpinheiro.com.br\/site\/","logo":{"@type":"ImageObject","inLanguage":"pt-BR","@id":"https:\/\/cleitonpinheiro.com.br\/site\/#\/schema\/logo\/image\/","url":"https:\/\/cleitonpinheiro.com.br\/site\/wp-content\/uploads\/2022\/08\/Logo-pequena-2.png","contentUrl":"https:\/\/cleitonpinheiro.com.br\/site\/wp-content\/uploads\/2022\/08\/Logo-pequena-2.png","width":500,"height":500,"caption":"CPNOT\u00cdCIAS"},"image":{"@id":"https:\/\/cleitonpinheiro.com.br\/site\/#\/schema\/logo\/image\/"},"sameAs":["https:\/\/www.facebook.com\/portalcpnoticias\/"]},{"@type":"Person","@id":"https:\/\/cleitonpinheiro.com.br\/site\/#\/schema\/person\/8f04544e0bc40a1b68775b08360f87db","name":"Reda\u00e7\u00e3o CP","image":{"@type":"ImageObject","inLanguage":"pt-BR","@id":"https:\/\/cleitonpinheiro.com.br\/site\/#\/schema\/person\/image\/","url":"https:\/\/secure.gravatar.com\/avatar\/0bcf19cb29fdc8fc588c490c7ae1b3e174dac268586a63fbe1d1893a0f9020cd?s=96&r=g","contentUrl":"https:\/\/secure.gravatar.com\/avatar\/0bcf19cb29fdc8fc588c490c7ae1b3e174dac268586a63fbe1d1893a0f9020cd?s=96&r=g","caption":"Reda\u00e7\u00e3o CP"},"url":"https:\/\/cleitonpinheiro.com.br\/site\/author\/redacao\/"}]}},"views":167,"_links":{"self":[{"href":"https:\/\/cleitonpinheiro.com.br\/site\/wp-json\/wp\/v2\/posts\/73190","targetHints":{"allow":["GET"]}}],"collection":[{"href":"https:\/\/cleitonpinheiro.com.br\/site\/wp-json\/wp\/v2\/posts"}],"about":[{"href":"https:\/\/cleitonpinheiro.com.br\/site\/wp-json\/wp\/v2\/types\/post"}],"author":[{"embeddable":true,"href":"https:\/\/cleitonpinheiro.com.br\/site\/wp-json\/wp\/v2\/users\/13"}],"replies":[{"embeddable":true,"href":"https:\/\/cleitonpinheiro.com.br\/site\/wp-json\/wp\/v2\/comments?post=73190"}],"version-history":[{"count":1,"href":"https:\/\/cleitonpinheiro.com.br\/site\/wp-json\/wp\/v2\/posts\/73190\/revisions"}],"predecessor-version":[{"id":73191,"href":"https:\/\/cleitonpinheiro.com.br\/site\/wp-json\/wp\/v2\/posts\/73190\/revisions\/73191"}],"wp:attachment":[{"href":"https:\/\/cleitonpinheiro.com.br\/site\/wp-json\/wp\/v2\/media?parent=73190"}],"wp:term":[{"taxonomy":"category","embeddable":true,"href":"https:\/\/cleitonpinheiro.com.br\/site\/wp-json\/wp\/v2\/categories?post=73190"},{"taxonomy":"post_tag","embeddable":true,"href":"https:\/\/cleitonpinheiro.com.br\/site\/wp-json\/wp\/v2\/tags?post=73190"}],"curies":[{"name":"wp","href":"https:\/\/api.w.org\/{rel}","templated":true}]}}