{"id":73192,"date":"2023-07-30T12:15:00","date_gmt":"2023-07-30T15:15:00","guid":{"rendered":"https:\/\/cleitonpinheiro.com.br\/site\/?p=73192"},"modified":"2023-12-27T11:52:30","modified_gmt":"2023-12-27T14:52:30","slug":"2a-meia-maratona-de-palmas-teve-premiacao-total-de-r-45-mil-confira-os-vencedores","status":"publish","type":"post","link":"https:\/\/cleitonpinheiro.com.br\/site\/2a-meia-maratona-de-palmas-teve-premiacao-total-de-r-45-mil-confira-os-vencedores\/","title":{"rendered":"2\u00aa Meia Maratona de Palmas teve premia\u00e7\u00e3o total de R$ 45 mil; confira os vencedores"},"content":{"rendered":"\n<figure class=\"wp-block-image size-full\"><img decoding=\"async\" src=\"https:\/\/cleitonpinheiro.com.br\/site\/wp-content\/uploads\/2023\/07\/60be251a-7b93-4d7c-9752-9301b113f94e.jpg\" alt=\"\" class=\"wp-image-73193\"\/><figcaption class=\"wp-element-caption\">Competi\u00e7\u00e3o reuniu mais de 1500 atletas e amadores de palmenses e de diversos estados brasileiro &#8211; Foto: Regiane Rocha\/Prefeitura de Palmas<\/figcaption><\/figure>\n\n\n\n<p class=\"wp-block-paragraph\">A orla da Praia da Graciosa foi palco neste \u00faltimo s\u00e1bado, 29, da desafiadora 2\u00aa Meia Maratona de Palmas que atraiu mais de 1500 competidores, at\u00e9 mesmo de outros estados. A cearense Aline Prud\u00eancio e o pernambucano Justino da Silva brilharam na categoria geral dos 21km e levaram o primeiro lugar. Entre os palmenses, Elivanir Barbosa Chagas levou o primeiro lugar na categoria feminino e Jo\u00e3o Fernandes dos Santos na categoria masculino. O evento com premia\u00e7\u00e3o total de R$ 45 mil \u00a0faz parte da programa\u00e7\u00e3o esportiva do Palmas F\u00e9rias 2023, que encerra suas atividades neste domingo, 30.<\/p>\n\n\n\n<p class=\"wp-block-paragraph\">A prova iniciou as 17h30 na Praia da Graciosa tendo como ponto de largada e chegada o estacionamento em frente ao Dona Maria Beach. Durante todo o trajeto, os atletas contaram com pontos de hidrata\u00e7\u00e3o estrat\u00e9gicos. Al\u00e9m da categoria dos 21km, a 2\u00aa Meia Maratona de Palmas contou com outras dist\u00e2ncias e categorias, como os 10,5 km e 7km, confira os resultados.<\/p>\n\n\n\n<p class=\"wp-block-paragraph\"><strong>Vencedores da 2\u00ba Meia Maratona de Palmas 21 km<\/strong><\/p>\n\n\n\n<p class=\"wp-block-paragraph\"><strong>VENCEDORES FEMININO<\/strong><br>&nbsp;1. ALINE PRUDENCIO DE FREITAS 1h19&#8217;43<br>&nbsp;2. REGIANE BRAGA DE SOUZA 1h19&#8217;50<br>&nbsp;3. &nbsp;JULIANA PEREIRA DA SILVA 1h21&#8217;20<br>4. &nbsp;MARIA BARROSO DA COSTA FILHA 1h26&#8217;30<br>5. PAULA ROVANI 1h28&#8217;49&nbsp;<\/p>\n\n\n\n<p class=\"wp-block-paragraph\"><strong>VENCEDORES MASCULINO<\/strong><br>1. &nbsp;JUSTINO PEDRO DA SILVA 1h04&#8217;07<br>2. &nbsp;PABLO FAGUNDES DA COSTA 1h06&#8217;05<br>3. &nbsp;ATHILLA CAVALCANTE TELLES 1h06&#8217;10<br>4. JOSE MARIA ARRUDA DE ALMEIDA 1h07&#8217;50<br>&nbsp;5. &nbsp;ANTONIO FRANCISCO SILVA COSTA 1h08&#8217;51<\/p>\n\n\n\n<p class=\"wp-block-paragraph\"><strong>&nbsp;VENCEDORES PALMENSE FEMININO&nbsp;<\/strong><br>1. ELIVANIR BARBOSA BORGES DE PAULA 1h31&#8217;58<br>2. MEIRE DAS CHAGAS BOTELHO 1h33&#8217;25<br>3. &nbsp;ELIZANGELA DINA SILVA MONTEIRO 1h36&#8217;20<br>4. &nbsp;ELIZA NUNES NETA 1h36&#8217;31<br>5. &nbsp;KELLY CALDEIRA CAVALCANTE DE MORAIS 1h36&#8217;40<\/p>\n\n\n\n<p class=\"wp-block-paragraph\"><strong>VENCEDORES PALMENSE MASCULINO&nbsp;<\/strong><br>1. &nbsp;JOAO FERNANDES DOS SANTOS SILVA 1h12&#8217;18&nbsp;<br>2. &nbsp;LEONEY OLIVEIRA GOMES 1h13&#8217;09<br>3. AMILTON DO CARMO SOARES 1h17&#8217;00&nbsp;<br>4. ELIESIO MIRANDA DA SILVA 1h17&#8217;26<br>5. MARCELO DE OLIVEIRA MACHADO 1h18&#8217;31<\/p>\n\n\n\n<p class=\"wp-block-paragraph\"><strong>&#8211;&nbsp;<a href=\"https:\/\/agenciapalmas.com\/multimidiaSGN\/anexo\/30.07.2023\/bd194970bbce45aebd24ce047020163e.pdf\" target=\"_blank\" rel=\"noreferrer noopener\">Resultado da 2\u00aa Meia Maratona de Palmas 7 km<\/a><\/strong><\/p>\n\n\n\n<p class=\"wp-block-paragraph\"><strong>&#8211;&nbsp;<a href=\"https:\/\/agenciapalmas.com\/multimidiaSGN\/anexo\/30.07.2023\/f740611d78834535a24ef973fb69348e.pdf\" target=\"_blank\" rel=\"noreferrer noopener\">Resultado da 2\u00aa&nbsp;Meia Maratona de Palmas 10,5 km<\/a><\/strong><\/p>\n","protected":false},"excerpt":{"rendered":"<p>A orla da Praia da Graciosa foi palco neste \u00faltimo s\u00e1bado, 29, da desafiadora 2\u00aa Meia Maratona de Palmas que atraiu mais de 1500 competidores, at\u00e9 mesmo de outros estados. A cearense Aline Prud\u00eancio e o pernambucano Justino da Silva brilharam na categoria geral dos 21km e levaram o primeiro lugar. Entre os palmenses, Elivanir [&hellip;]<\/p>\n","protected":false},"author":13,"featured_media":0,"comment_status":"open","ping_status":"open","sticky":false,"template":"","format":"standard","meta":{"_acf_changed":false,"footnotes":""},"categories":[1,21],"tags":[720],"class_list":["post-73192","post","type-post","status-publish","format-standard","hentry","category-esporte","category-todas-noticias","tag-prefeitura-de-palmas"],"acf":[],"yoast_head":"<!-- This site is optimized with the Yoast SEO plugin v24.4 - https:\/\/yoast.com\/wordpress\/plugins\/seo\/ -->\n<title>2\u00aa Meia Maratona de Palmas teve premia\u00e7\u00e3o total de R$ 45 mil; confira os vencedores - PORTAL DE NOT\u00cdCIAS CLEITON PINHEIRO<\/title>\n<meta name=\"robots\" content=\"index, follow, max-snippet:-1, max-image-preview:large, max-video-preview:-1\" \/>\n<link rel=\"canonical\" href=\"https:\/\/cleitonpinheiro.com.br\/site\/2a-meia-maratona-de-palmas-teve-premiacao-total-de-r-45-mil-confira-os-vencedores\/\" \/>\n<meta property=\"og:locale\" content=\"pt_BR\" \/>\n<meta property=\"og:type\" content=\"article\" \/>\n<meta property=\"og:title\" content=\"2\u00aa Meia Maratona de Palmas teve premia\u00e7\u00e3o total de R$ 45 mil; confira os vencedores - PORTAL DE NOT\u00cdCIAS CLEITON PINHEIRO\" \/>\n<meta property=\"og:description\" content=\"A orla da Praia da Graciosa foi palco neste \u00faltimo s\u00e1bado, 29, da desafiadora 2\u00aa Meia Maratona de Palmas que atraiu mais de 1500 competidores, at\u00e9 mesmo de outros estados. A cearense Aline Prud\u00eancio e o pernambucano Justino da Silva brilharam na categoria geral dos 21km e levaram o primeiro lugar. Entre os palmenses, Elivanir [&hellip;]\" \/>\n<meta property=\"og:url\" content=\"https:\/\/cleitonpinheiro.com.br\/site\/2a-meia-maratona-de-palmas-teve-premiacao-total-de-r-45-mil-confira-os-vencedores\/\" \/>\n<meta property=\"og:site_name\" content=\"PORTAL DE NOT\u00cdCIAS CLEITON PINHEIRO\" \/>\n<meta property=\"article:publisher\" content=\"https:\/\/www.facebook.com\/portalcpnoticias\/\" \/>\n<meta property=\"article:published_time\" content=\"2023-07-30T15:15:00+00:00\" \/>\n<meta property=\"article:modified_time\" content=\"2023-12-27T14:52:30+00:00\" \/>\n<meta property=\"og:image\" content=\"https:\/\/cleitonpinheiro.com.br\/site\/wp-content\/uploads\/2023\/07\/60be251a-7b93-4d7c-9752-9301b113f94e.jpg\" \/>\n\t<meta property=\"og:image:width\" content=\"800\" \/>\n\t<meta property=\"og:image:height\" content=\"533\" \/>\n\t<meta property=\"og:image:type\" content=\"image\/jpeg\" \/>\n<meta name=\"author\" content=\"Reda\u00e7\u00e3o CP\" \/>\n<meta name=\"twitter:card\" content=\"summary_large_image\" \/>\n<meta name=\"twitter:label1\" content=\"Escrito por\" \/>\n\t<meta name=\"twitter:data1\" content=\"Reda\u00e7\u00e3o CP\" \/>\n\t<meta name=\"twitter:label2\" content=\"Est. tempo de leitura\" \/>\n\t<meta name=\"twitter:data2\" content=\"3 minutos\" \/>\n<script type=\"application\/ld+json\" class=\"yoast-schema-graph\">{\"@context\":\"https:\/\/schema.org\",\"@graph\":[{\"@type\":\"Article\",\"@id\":\"https:\/\/cleitonpinheiro.com.br\/site\/2a-meia-maratona-de-palmas-teve-premiacao-total-de-r-45-mil-confira-os-vencedores\/#article\",\"isPartOf\":{\"@id\":\"https:\/\/cleitonpinheiro.com.br\/site\/2a-meia-maratona-de-palmas-teve-premiacao-total-de-r-45-mil-confira-os-vencedores\/\"},\"author\":{\"name\":\"Reda\u00e7\u00e3o CP\",\"@id\":\"https:\/\/cleitonpinheiro.com.br\/site\/#\/schema\/person\/8f04544e0bc40a1b68775b08360f87db\"},\"headline\":\"2\u00aa Meia Maratona de Palmas teve premia\u00e7\u00e3o total de R$ 45 mil; confira os vencedores\",\"datePublished\":\"2023-07-30T15:15:00+00:00\",\"dateModified\":\"2023-12-27T14:52:30+00:00\",\"mainEntityOfPage\":{\"@id\":\"https:\/\/cleitonpinheiro.com.br\/site\/2a-meia-maratona-de-palmas-teve-premiacao-total-de-r-45-mil-confira-os-vencedores\/\"},\"wordCount\":374,\"commentCount\":0,\"publisher\":{\"@id\":\"https:\/\/cleitonpinheiro.com.br\/site\/#organization\"},\"image\":{\"@id\":\"https:\/\/cleitonpinheiro.com.br\/site\/2a-meia-maratona-de-palmas-teve-premiacao-total-de-r-45-mil-confira-os-vencedores\/#primaryimage\"},\"thumbnailUrl\":\"https:\/\/cleitonpinheiro.com.br\/site\/wp-content\/uploads\/2023\/07\/60be251a-7b93-4d7c-9752-9301b113f94e.jpg\",\"keywords\":[\"Prefeitura de Palmas\"],\"articleSection\":[\"ESPORTE\",\"TODAS NOTICIAS\"],\"inLanguage\":\"pt-BR\",\"potentialAction\":[{\"@type\":\"CommentAction\",\"name\":\"Comment\",\"target\":[\"https:\/\/cleitonpinheiro.com.br\/site\/2a-meia-maratona-de-palmas-teve-premiacao-total-de-r-45-mil-confira-os-vencedores\/#respond\"]}]},{\"@type\":\"WebPage\",\"@id\":\"https:\/\/cleitonpinheiro.com.br\/site\/2a-meia-maratona-de-palmas-teve-premiacao-total-de-r-45-mil-confira-os-vencedores\/\",\"url\":\"https:\/\/cleitonpinheiro.com.br\/site\/2a-meia-maratona-de-palmas-teve-premiacao-total-de-r-45-mil-confira-os-vencedores\/\",\"name\":\"2\u00aa Meia Maratona de Palmas teve premia\u00e7\u00e3o total de R$ 45 mil; confira os vencedores - PORTAL DE NOT\u00cdCIAS CLEITON PINHEIRO\",\"isPartOf\":{\"@id\":\"https:\/\/cleitonpinheiro.com.br\/site\/#website\"},\"primaryImageOfPage\":{\"@id\":\"https:\/\/cleitonpinheiro.com.br\/site\/2a-meia-maratona-de-palmas-teve-premiacao-total-de-r-45-mil-confira-os-vencedores\/#primaryimage\"},\"image\":{\"@id\":\"https:\/\/cleitonpinheiro.com.br\/site\/2a-meia-maratona-de-palmas-teve-premiacao-total-de-r-45-mil-confira-os-vencedores\/#primaryimage\"},\"thumbnailUrl\":\"https:\/\/cleitonpinheiro.com.br\/site\/wp-content\/uploads\/2023\/07\/60be251a-7b93-4d7c-9752-9301b113f94e.jpg\",\"datePublished\":\"2023-07-30T15:15:00+00:00\",\"dateModified\":\"2023-12-27T14:52:30+00:00\",\"breadcrumb\":{\"@id\":\"https:\/\/cleitonpinheiro.com.br\/site\/2a-meia-maratona-de-palmas-teve-premiacao-total-de-r-45-mil-confira-os-vencedores\/#breadcrumb\"},\"inLanguage\":\"pt-BR\",\"potentialAction\":[{\"@type\":\"ReadAction\",\"target\":[\"https:\/\/cleitonpinheiro.com.br\/site\/2a-meia-maratona-de-palmas-teve-premiacao-total-de-r-45-mil-confira-os-vencedores\/\"]}]},{\"@type\":\"ImageObject\",\"inLanguage\":\"pt-BR\",\"@id\":\"https:\/\/cleitonpinheiro.com.br\/site\/2a-meia-maratona-de-palmas-teve-premiacao-total-de-r-45-mil-confira-os-vencedores\/#primaryimage\",\"url\":\"\",\"contentUrl\":\"\"},{\"@type\":\"BreadcrumbList\",\"@id\":\"https:\/\/cleitonpinheiro.com.br\/site\/2a-meia-maratona-de-palmas-teve-premiacao-total-de-r-45-mil-confira-os-vencedores\/#breadcrumb\",\"itemListElement\":[{\"@type\":\"ListItem\",\"position\":1,\"name\":\"In\u00edcio\",\"item\":\"https:\/\/cleitonpinheiro.com.br\/site\/\"},{\"@type\":\"ListItem\",\"position\":2,\"name\":\"2\u00aa Meia Maratona de Palmas teve premia\u00e7\u00e3o total de R$ 45 mil; confira os vencedores\"}]},{\"@type\":\"WebSite\",\"@id\":\"https:\/\/cleitonpinheiro.com.br\/site\/#website\",\"url\":\"https:\/\/cleitonpinheiro.com.br\/site\/\",\"name\":\"PORTAL DE NOT\u00cdCIAS CLEITON PINHEIRO\",\"description\":\"FALANDO A VERDADE\",\"publisher\":{\"@id\":\"https:\/\/cleitonpinheiro.com.br\/site\/#organization\"},\"potentialAction\":[{\"@type\":\"SearchAction\",\"target\":{\"@type\":\"EntryPoint\",\"urlTemplate\":\"https:\/\/cleitonpinheiro.com.br\/site\/?s={search_term_string}\"},\"query-input\":{\"@type\":\"PropertyValueSpecification\",\"valueRequired\":true,\"valueName\":\"search_term_string\"}}],\"inLanguage\":\"pt-BR\"},{\"@type\":\"Organization\",\"@id\":\"https:\/\/cleitonpinheiro.com.br\/site\/#organization\",\"name\":\"CPNOT\u00cdCIAS\",\"url\":\"https:\/\/cleitonpinheiro.com.br\/site\/\",\"logo\":{\"@type\":\"ImageObject\",\"inLanguage\":\"pt-BR\",\"@id\":\"https:\/\/cleitonpinheiro.com.br\/site\/#\/schema\/logo\/image\/\",\"url\":\"https:\/\/cleitonpinheiro.com.br\/site\/wp-content\/uploads\/2022\/08\/Logo-pequena-2.png\",\"contentUrl\":\"https:\/\/cleitonpinheiro.com.br\/site\/wp-content\/uploads\/2022\/08\/Logo-pequena-2.png\",\"width\":500,\"height\":500,\"caption\":\"CPNOT\u00cdCIAS\"},\"image\":{\"@id\":\"https:\/\/cleitonpinheiro.com.br\/site\/#\/schema\/logo\/image\/\"},\"sameAs\":[\"https:\/\/www.facebook.com\/portalcpnoticias\/\"]},{\"@type\":\"Person\",\"@id\":\"https:\/\/cleitonpinheiro.com.br\/site\/#\/schema\/person\/8f04544e0bc40a1b68775b08360f87db\",\"name\":\"Reda\u00e7\u00e3o CP\",\"image\":{\"@type\":\"ImageObject\",\"inLanguage\":\"pt-BR\",\"@id\":\"https:\/\/cleitonpinheiro.com.br\/site\/#\/schema\/person\/image\/\",\"url\":\"https:\/\/secure.gravatar.com\/avatar\/0bcf19cb29fdc8fc588c490c7ae1b3e174dac268586a63fbe1d1893a0f9020cd?s=96&r=g\",\"contentUrl\":\"https:\/\/secure.gravatar.com\/avatar\/0bcf19cb29fdc8fc588c490c7ae1b3e174dac268586a63fbe1d1893a0f9020cd?s=96&r=g\",\"caption\":\"Reda\u00e7\u00e3o CP\"},\"url\":\"https:\/\/cleitonpinheiro.com.br\/site\/author\/redacao\/\"}]}<\/script>\n<!-- \/ Yoast SEO plugin. -->","yoast_head_json":{"title":"2\u00aa Meia Maratona de Palmas teve premia\u00e7\u00e3o total de R$ 45 mil; confira os vencedores - PORTAL DE NOT\u00cdCIAS CLEITON PINHEIRO","robots":{"index":"index","follow":"follow","max-snippet":"max-snippet:-1","max-image-preview":"max-image-preview:large","max-video-preview":"max-video-preview:-1"},"canonical":"https:\/\/cleitonpinheiro.com.br\/site\/2a-meia-maratona-de-palmas-teve-premiacao-total-de-r-45-mil-confira-os-vencedores\/","og_locale":"pt_BR","og_type":"article","og_title":"2\u00aa Meia Maratona de Palmas teve premia\u00e7\u00e3o total de R$ 45 mil; confira os vencedores - PORTAL DE NOT\u00cdCIAS CLEITON PINHEIRO","og_description":"A orla da Praia da Graciosa foi palco neste \u00faltimo s\u00e1bado, 29, da desafiadora 2\u00aa Meia Maratona de Palmas que atraiu mais de 1500 competidores, at\u00e9 mesmo de outros estados. A cearense Aline Prud\u00eancio e o pernambucano Justino da Silva brilharam na categoria geral dos 21km e levaram o primeiro lugar. Entre os palmenses, Elivanir [&hellip;]","og_url":"https:\/\/cleitonpinheiro.com.br\/site\/2a-meia-maratona-de-palmas-teve-premiacao-total-de-r-45-mil-confira-os-vencedores\/","og_site_name":"PORTAL DE NOT\u00cdCIAS CLEITON PINHEIRO","article_publisher":"https:\/\/www.facebook.com\/portalcpnoticias\/","article_published_time":"2023-07-30T15:15:00+00:00","article_modified_time":"2023-12-27T14:52:30+00:00","og_image":[{"width":800,"height":533,"url":"https:\/\/cleitonpinheiro.com.br\/site\/wp-content\/uploads\/2023\/07\/60be251a-7b93-4d7c-9752-9301b113f94e.jpg","type":"image\/jpeg"}],"author":"Reda\u00e7\u00e3o CP","twitter_card":"summary_large_image","twitter_misc":{"Escrito por":"Reda\u00e7\u00e3o CP","Est. tempo de leitura":"3 minutos"},"schema":{"@context":"https:\/\/schema.org","@graph":[{"@type":"Article","@id":"https:\/\/cleitonpinheiro.com.br\/site\/2a-meia-maratona-de-palmas-teve-premiacao-total-de-r-45-mil-confira-os-vencedores\/#article","isPartOf":{"@id":"https:\/\/cleitonpinheiro.com.br\/site\/2a-meia-maratona-de-palmas-teve-premiacao-total-de-r-45-mil-confira-os-vencedores\/"},"author":{"name":"Reda\u00e7\u00e3o CP","@id":"https:\/\/cleitonpinheiro.com.br\/site\/#\/schema\/person\/8f04544e0bc40a1b68775b08360f87db"},"headline":"2\u00aa Meia Maratona de Palmas teve premia\u00e7\u00e3o total de R$ 45 mil; confira os vencedores","datePublished":"2023-07-30T15:15:00+00:00","dateModified":"2023-12-27T14:52:30+00:00","mainEntityOfPage":{"@id":"https:\/\/cleitonpinheiro.com.br\/site\/2a-meia-maratona-de-palmas-teve-premiacao-total-de-r-45-mil-confira-os-vencedores\/"},"wordCount":374,"commentCount":0,"publisher":{"@id":"https:\/\/cleitonpinheiro.com.br\/site\/#organization"},"image":{"@id":"https:\/\/cleitonpinheiro.com.br\/site\/2a-meia-maratona-de-palmas-teve-premiacao-total-de-r-45-mil-confira-os-vencedores\/#primaryimage"},"thumbnailUrl":"https:\/\/cleitonpinheiro.com.br\/site\/wp-content\/uploads\/2023\/07\/60be251a-7b93-4d7c-9752-9301b113f94e.jpg","keywords":["Prefeitura de Palmas"],"articleSection":["ESPORTE","TODAS NOTICIAS"],"inLanguage":"pt-BR","potentialAction":[{"@type":"CommentAction","name":"Comment","target":["https:\/\/cleitonpinheiro.com.br\/site\/2a-meia-maratona-de-palmas-teve-premiacao-total-de-r-45-mil-confira-os-vencedores\/#respond"]}]},{"@type":"WebPage","@id":"https:\/\/cleitonpinheiro.com.br\/site\/2a-meia-maratona-de-palmas-teve-premiacao-total-de-r-45-mil-confira-os-vencedores\/","url":"https:\/\/cleitonpinheiro.com.br\/site\/2a-meia-maratona-de-palmas-teve-premiacao-total-de-r-45-mil-confira-os-vencedores\/","name":"2\u00aa Meia Maratona de Palmas teve premia\u00e7\u00e3o total de R$ 45 mil; confira os vencedores - PORTAL DE NOT\u00cdCIAS CLEITON PINHEIRO","isPartOf":{"@id":"https:\/\/cleitonpinheiro.com.br\/site\/#website"},"primaryImageOfPage":{"@id":"https:\/\/cleitonpinheiro.com.br\/site\/2a-meia-maratona-de-palmas-teve-premiacao-total-de-r-45-mil-confira-os-vencedores\/#primaryimage"},"image":{"@id":"https:\/\/cleitonpinheiro.com.br\/site\/2a-meia-maratona-de-palmas-teve-premiacao-total-de-r-45-mil-confira-os-vencedores\/#primaryimage"},"thumbnailUrl":"https:\/\/cleitonpinheiro.com.br\/site\/wp-content\/uploads\/2023\/07\/60be251a-7b93-4d7c-9752-9301b113f94e.jpg","datePublished":"2023-07-30T15:15:00+00:00","dateModified":"2023-12-27T14:52:30+00:00","breadcrumb":{"@id":"https:\/\/cleitonpinheiro.com.br\/site\/2a-meia-maratona-de-palmas-teve-premiacao-total-de-r-45-mil-confira-os-vencedores\/#breadcrumb"},"inLanguage":"pt-BR","potentialAction":[{"@type":"ReadAction","target":["https:\/\/cleitonpinheiro.com.br\/site\/2a-meia-maratona-de-palmas-teve-premiacao-total-de-r-45-mil-confira-os-vencedores\/"]}]},{"@type":"ImageObject","inLanguage":"pt-BR","@id":"https:\/\/cleitonpinheiro.com.br\/site\/2a-meia-maratona-de-palmas-teve-premiacao-total-de-r-45-mil-confira-os-vencedores\/#primaryimage","url":"","contentUrl":""},{"@type":"BreadcrumbList","@id":"https:\/\/cleitonpinheiro.com.br\/site\/2a-meia-maratona-de-palmas-teve-premiacao-total-de-r-45-mil-confira-os-vencedores\/#breadcrumb","itemListElement":[{"@type":"ListItem","position":1,"name":"In\u00edcio","item":"https:\/\/cleitonpinheiro.com.br\/site\/"},{"@type":"ListItem","position":2,"name":"2\u00aa Meia Maratona de Palmas teve premia\u00e7\u00e3o total de R$ 45 mil; confira os vencedores"}]},{"@type":"WebSite","@id":"https:\/\/cleitonpinheiro.com.br\/site\/#website","url":"https:\/\/cleitonpinheiro.com.br\/site\/","name":"PORTAL DE NOT\u00cdCIAS CLEITON PINHEIRO","description":"FALANDO A VERDADE","publisher":{"@id":"https:\/\/cleitonpinheiro.com.br\/site\/#organization"},"potentialAction":[{"@type":"SearchAction","target":{"@type":"EntryPoint","urlTemplate":"https:\/\/cleitonpinheiro.com.br\/site\/?s={search_term_string}"},"query-input":{"@type":"PropertyValueSpecification","valueRequired":true,"valueName":"search_term_string"}}],"inLanguage":"pt-BR"},{"@type":"Organization","@id":"https:\/\/cleitonpinheiro.com.br\/site\/#organization","name":"CPNOT\u00cdCIAS","url":"https:\/\/cleitonpinheiro.com.br\/site\/","logo":{"@type":"ImageObject","inLanguage":"pt-BR","@id":"https:\/\/cleitonpinheiro.com.br\/site\/#\/schema\/logo\/image\/","url":"https:\/\/cleitonpinheiro.com.br\/site\/wp-content\/uploads\/2022\/08\/Logo-pequena-2.png","contentUrl":"https:\/\/cleitonpinheiro.com.br\/site\/wp-content\/uploads\/2022\/08\/Logo-pequena-2.png","width":500,"height":500,"caption":"CPNOT\u00cdCIAS"},"image":{"@id":"https:\/\/cleitonpinheiro.com.br\/site\/#\/schema\/logo\/image\/"},"sameAs":["https:\/\/www.facebook.com\/portalcpnoticias\/"]},{"@type":"Person","@id":"https:\/\/cleitonpinheiro.com.br\/site\/#\/schema\/person\/8f04544e0bc40a1b68775b08360f87db","name":"Reda\u00e7\u00e3o CP","image":{"@type":"ImageObject","inLanguage":"pt-BR","@id":"https:\/\/cleitonpinheiro.com.br\/site\/#\/schema\/person\/image\/","url":"https:\/\/secure.gravatar.com\/avatar\/0bcf19cb29fdc8fc588c490c7ae1b3e174dac268586a63fbe1d1893a0f9020cd?s=96&r=g","contentUrl":"https:\/\/secure.gravatar.com\/avatar\/0bcf19cb29fdc8fc588c490c7ae1b3e174dac268586a63fbe1d1893a0f9020cd?s=96&r=g","caption":"Reda\u00e7\u00e3o CP"},"url":"https:\/\/cleitonpinheiro.com.br\/site\/author\/redacao\/"}]}},"views":150,"_links":{"self":[{"href":"https:\/\/cleitonpinheiro.com.br\/site\/wp-json\/wp\/v2\/posts\/73192","targetHints":{"allow":["GET"]}}],"collection":[{"href":"https:\/\/cleitonpinheiro.com.br\/site\/wp-json\/wp\/v2\/posts"}],"about":[{"href":"https:\/\/cleitonpinheiro.com.br\/site\/wp-json\/wp\/v2\/types\/post"}],"author":[{"embeddable":true,"href":"https:\/\/cleitonpinheiro.com.br\/site\/wp-json\/wp\/v2\/users\/13"}],"replies":[{"embeddable":true,"href":"https:\/\/cleitonpinheiro.com.br\/site\/wp-json\/wp\/v2\/comments?post=73192"}],"version-history":[{"count":1,"href":"https:\/\/cleitonpinheiro.com.br\/site\/wp-json\/wp\/v2\/posts\/73192\/revisions"}],"predecessor-version":[{"id":73194,"href":"https:\/\/cleitonpinheiro.com.br\/site\/wp-json\/wp\/v2\/posts\/73192\/revisions\/73194"}],"wp:attachment":[{"href":"https:\/\/cleitonpinheiro.com.br\/site\/wp-json\/wp\/v2\/media?parent=73192"}],"wp:term":[{"taxonomy":"category","embeddable":true,"href":"https:\/\/cleitonpinheiro.com.br\/site\/wp-json\/wp\/v2\/categories?post=73192"},{"taxonomy":"post_tag","embeddable":true,"href":"https:\/\/cleitonpinheiro.com.br\/site\/wp-json\/wp\/v2\/tags?post=73192"}],"curies":[{"name":"wp","href":"https:\/\/api.w.org\/{rel}","templated":true}]}}