{"id":73201,"date":"2023-07-31T15:52:57","date_gmt":"2023-07-31T18:52:57","guid":{"rendered":"https:\/\/cleitonpinheiro.com.br\/site\/?p=73201"},"modified":"2023-12-27T11:51:13","modified_gmt":"2023-12-27T14:51:13","slug":"no-tocantins-139-municipios-aderiram-ao-programa-saude-na-escola","status":"publish","type":"post","link":"https:\/\/cleitonpinheiro.com.br\/site\/no-tocantins-139-municipios-aderiram-ao-programa-saude-na-escola\/","title":{"rendered":"No Tocantins, 139 munic\u00edpios aderiram ao Programa Sa\u00fade na Escola"},"content":{"rendered":"\n<figure class=\"wp-block-image size-full\"><img decoding=\"async\" src=\"https:\/\/cleitonpinheiro.com.br\/site\/wp-content\/uploads\/2023\/07\/ca7c0a33-9932-440d-8eec-8b549650f68f.png\" alt=\"\" class=\"wp-image-73202\"\/><figcaption class=\"wp-element-caption\">Governo Federal est\u00e1 destinando R$ 90,3 milh\u00f5es para os munic\u00edpios que aderiram ao PSE &#8211; Foto: Divulga\u00e7\u00e3o<\/figcaption><\/figure>\n\n\n\n<p class=\"wp-block-paragraph\">O Minist\u00e9rio da Sa\u00fade divulgou que os 139 munic\u00edpios tocantinenses aderiram ao Programa Sa\u00fade na Escola (PSE), que v\u00e3o somar mais de R$ 1,5 milh\u00e3o para pol\u00edticas de sa\u00fade e educa\u00e7\u00e3o voltadas \u00e0s crian\u00e7as, adolescentes, jovens e adultos da educa\u00e7\u00e3o b\u00e1sica p\u00fablica brasileira. O Governo Federal est\u00e1 destinando R$ 90,3 milh\u00f5es para os munic\u00edpios que aderiram ao PSE. O ciclo 2023\/2024 alcan\u00e7ou recorde hist\u00f3rico de ades\u00f5es, com 99% das cidades brasileiras habilitadas ao recebimento do recurso. \u00a0<\/p>\n\n\n\n<p class=\"wp-block-paragraph\">Com a iniciativa, o Governo Federal amplia pol\u00edticas que n\u00e3o foram abordadas pela gest\u00e3o anterior, retomando tem\u00e1ticas como preven\u00e7\u00e3o de viol\u00eancias e acidentes, promo\u00e7\u00e3o da cultura de paz e direitos humanos, sa\u00fade sexual e reprodutiva, al\u00e9m de preven\u00e7\u00e3o de HIV\/IST nas escolas. A previs\u00e3o \u00e9 que mais de 25 milh\u00f5es de estudantes sejam assistidos em todo o pa\u00eds.<\/p>\n\n\n\n<p class=\"wp-block-paragraph\">Munic\u00edpios podem receber R$ 1 mil a mais a cada grupo de 1 a 800 estudantes das creches p\u00fablicas e conveniadas do munic\u00edpio, escolas rurais, escolas com alunos em medida socioeducativas e escolas que tenham, pelo menos, 50% dos alunos matriculados pertencentes a fam\u00edlias benefici\u00e1rias do Programa Bolsa Fam\u00edlia. O recurso poder\u00e1 ser utilizado para aquisi\u00e7\u00e3o de materiais de consumo que, em raz\u00e3o de seu uso corrente, perde normalmente sua identidade f\u00edsica e\/ou tem sua utiliza\u00e7\u00e3o limitada a dois anos. A portaria publicada lista os munic\u00edpios habilitados para o recebimento do teto de recursos pactuados em Termo de Compromisso do PSE assinado por munic\u00edpios e Distrito Federal.<\/p>\n\n\n\n<p class=\"wp-block-paragraph\"><a href=\"https:\/\/www.gov.br\/saude\/pt-br\/assuntos\/noticias\/2023\/julho\/arquivos\/pagamento_pse_2023.xlsx\">Acesse a lista dos munic\u00edpios contemplados<\/a><\/p>\n","protected":false},"excerpt":{"rendered":"<p>O Minist\u00e9rio da Sa\u00fade divulgou que os 139 munic\u00edpios tocantinenses aderiram ao Programa Sa\u00fade na Escola (PSE), que v\u00e3o somar mais de R$ 1,5 milh\u00e3o para pol\u00edticas de sa\u00fade e educa\u00e7\u00e3o voltadas \u00e0s crian\u00e7as, adolescentes, jovens e adultos da educa\u00e7\u00e3o b\u00e1sica p\u00fablica brasileira. O Governo Federal est\u00e1 destinando R$ 90,3 milh\u00f5es para os munic\u00edpios que [&hellip;]<\/p>\n","protected":false},"author":13,"featured_media":0,"comment_status":"open","ping_status":"open","sticky":false,"template":"","format":"standard","meta":{"_acf_changed":false,"footnotes":""},"categories":[19,21],"tags":[911,859,1079],"class_list":["post-73201","post","type-post","status-publish","format-standard","hentry","category-brasil-mundo","category-todas-noticias","tag-governo-federal","tag-ministerio-da-saude","tag-programa-saude-na-escola"],"acf":[],"yoast_head":"<!-- This site is optimized with the Yoast SEO plugin v24.4 - https:\/\/yoast.com\/wordpress\/plugins\/seo\/ -->\n<title>No Tocantins, 139 munic\u00edpios aderiram ao Programa Sa\u00fade na Escola - PORTAL DE NOT\u00cdCIAS CLEITON PINHEIRO<\/title>\n<meta name=\"robots\" content=\"index, follow, max-snippet:-1, max-image-preview:large, max-video-preview:-1\" \/>\n<link rel=\"canonical\" href=\"https:\/\/cleitonpinheiro.com.br\/site\/no-tocantins-139-municipios-aderiram-ao-programa-saude-na-escola\/\" \/>\n<meta property=\"og:locale\" content=\"pt_BR\" \/>\n<meta property=\"og:type\" content=\"article\" \/>\n<meta property=\"og:title\" content=\"No Tocantins, 139 munic\u00edpios aderiram ao Programa Sa\u00fade na Escola - PORTAL DE NOT\u00cdCIAS CLEITON PINHEIRO\" \/>\n<meta property=\"og:description\" content=\"O Minist\u00e9rio da Sa\u00fade divulgou que os 139 munic\u00edpios tocantinenses aderiram ao Programa Sa\u00fade na Escola (PSE), que v\u00e3o somar mais de R$ 1,5 milh\u00e3o para pol\u00edticas de sa\u00fade e educa\u00e7\u00e3o voltadas \u00e0s crian\u00e7as, adolescentes, jovens e adultos da educa\u00e7\u00e3o b\u00e1sica p\u00fablica brasileira. O Governo Federal est\u00e1 destinando R$ 90,3 milh\u00f5es para os munic\u00edpios que [&hellip;]\" \/>\n<meta property=\"og:url\" content=\"https:\/\/cleitonpinheiro.com.br\/site\/no-tocantins-139-municipios-aderiram-ao-programa-saude-na-escola\/\" \/>\n<meta property=\"og:site_name\" content=\"PORTAL DE NOT\u00cdCIAS CLEITON PINHEIRO\" \/>\n<meta property=\"article:publisher\" content=\"https:\/\/www.facebook.com\/portalcpnoticias\/\" \/>\n<meta property=\"article:published_time\" content=\"2023-07-31T18:52:57+00:00\" \/>\n<meta property=\"article:modified_time\" content=\"2023-12-27T14:51:13+00:00\" \/>\n<meta property=\"og:image\" content=\"https:\/\/cleitonpinheiro.com.br\/site\/wp-content\/uploads\/2023\/07\/ca7c0a33-9932-440d-8eec-8b549650f68f.png\" \/>\n\t<meta property=\"og:image:width\" content=\"768\" \/>\n\t<meta property=\"og:image:height\" content=\"354\" \/>\n\t<meta property=\"og:image:type\" content=\"image\/png\" \/>\n<meta name=\"author\" content=\"Reda\u00e7\u00e3o CP\" \/>\n<meta name=\"twitter:card\" content=\"summary_large_image\" \/>\n<meta name=\"twitter:label1\" content=\"Escrito por\" \/>\n\t<meta name=\"twitter:data1\" content=\"Reda\u00e7\u00e3o CP\" \/>\n\t<meta name=\"twitter:label2\" content=\"Est. tempo de leitura\" \/>\n\t<meta name=\"twitter:data2\" content=\"2 minutos\" \/>\n<script type=\"application\/ld+json\" class=\"yoast-schema-graph\">{\"@context\":\"https:\/\/schema.org\",\"@graph\":[{\"@type\":\"Article\",\"@id\":\"https:\/\/cleitonpinheiro.com.br\/site\/no-tocantins-139-municipios-aderiram-ao-programa-saude-na-escola\/#article\",\"isPartOf\":{\"@id\":\"https:\/\/cleitonpinheiro.com.br\/site\/no-tocantins-139-municipios-aderiram-ao-programa-saude-na-escola\/\"},\"author\":{\"name\":\"Reda\u00e7\u00e3o CP\",\"@id\":\"https:\/\/cleitonpinheiro.com.br\/site\/#\/schema\/person\/8f04544e0bc40a1b68775b08360f87db\"},\"headline\":\"No Tocantins, 139 munic\u00edpios aderiram ao Programa Sa\u00fade na Escola\",\"datePublished\":\"2023-07-31T18:52:57+00:00\",\"dateModified\":\"2023-12-27T14:51:13+00:00\",\"mainEntityOfPage\":{\"@id\":\"https:\/\/cleitonpinheiro.com.br\/site\/no-tocantins-139-municipios-aderiram-ao-programa-saude-na-escola\/\"},\"wordCount\":312,\"commentCount\":0,\"publisher\":{\"@id\":\"https:\/\/cleitonpinheiro.com.br\/site\/#organization\"},\"image\":{\"@id\":\"https:\/\/cleitonpinheiro.com.br\/site\/no-tocantins-139-municipios-aderiram-ao-programa-saude-na-escola\/#primaryimage\"},\"thumbnailUrl\":\"https:\/\/cleitonpinheiro.com.br\/site\/wp-content\/uploads\/2023\/07\/ca7c0a33-9932-440d-8eec-8b549650f68f.png\",\"keywords\":[\"governo federal\",\"ministerio da sa\u00fade\",\"Programa Sa\u00fade na Escola\"],\"articleSection\":[\"BRASIL \/ MUNDO\",\"TODAS NOTICIAS\"],\"inLanguage\":\"pt-BR\",\"potentialAction\":[{\"@type\":\"CommentAction\",\"name\":\"Comment\",\"target\":[\"https:\/\/cleitonpinheiro.com.br\/site\/no-tocantins-139-municipios-aderiram-ao-programa-saude-na-escola\/#respond\"]}]},{\"@type\":\"WebPage\",\"@id\":\"https:\/\/cleitonpinheiro.com.br\/site\/no-tocantins-139-municipios-aderiram-ao-programa-saude-na-escola\/\",\"url\":\"https:\/\/cleitonpinheiro.com.br\/site\/no-tocantins-139-municipios-aderiram-ao-programa-saude-na-escola\/\",\"name\":\"No Tocantins, 139 munic\u00edpios aderiram ao Programa Sa\u00fade na Escola - PORTAL DE NOT\u00cdCIAS CLEITON PINHEIRO\",\"isPartOf\":{\"@id\":\"https:\/\/cleitonpinheiro.com.br\/site\/#website\"},\"primaryImageOfPage\":{\"@id\":\"https:\/\/cleitonpinheiro.com.br\/site\/no-tocantins-139-municipios-aderiram-ao-programa-saude-na-escola\/#primaryimage\"},\"image\":{\"@id\":\"https:\/\/cleitonpinheiro.com.br\/site\/no-tocantins-139-municipios-aderiram-ao-programa-saude-na-escola\/#primaryimage\"},\"thumbnailUrl\":\"https:\/\/cleitonpinheiro.com.br\/site\/wp-content\/uploads\/2023\/07\/ca7c0a33-9932-440d-8eec-8b549650f68f.png\",\"datePublished\":\"2023-07-31T18:52:57+00:00\",\"dateModified\":\"2023-12-27T14:51:13+00:00\",\"breadcrumb\":{\"@id\":\"https:\/\/cleitonpinheiro.com.br\/site\/no-tocantins-139-municipios-aderiram-ao-programa-saude-na-escola\/#breadcrumb\"},\"inLanguage\":\"pt-BR\",\"potentialAction\":[{\"@type\":\"ReadAction\",\"target\":[\"https:\/\/cleitonpinheiro.com.br\/site\/no-tocantins-139-municipios-aderiram-ao-programa-saude-na-escola\/\"]}]},{\"@type\":\"ImageObject\",\"inLanguage\":\"pt-BR\",\"@id\":\"https:\/\/cleitonpinheiro.com.br\/site\/no-tocantins-139-municipios-aderiram-ao-programa-saude-na-escola\/#primaryimage\",\"url\":\"\",\"contentUrl\":\"\"},{\"@type\":\"BreadcrumbList\",\"@id\":\"https:\/\/cleitonpinheiro.com.br\/site\/no-tocantins-139-municipios-aderiram-ao-programa-saude-na-escola\/#breadcrumb\",\"itemListElement\":[{\"@type\":\"ListItem\",\"position\":1,\"name\":\"In\u00edcio\",\"item\":\"https:\/\/cleitonpinheiro.com.br\/site\/\"},{\"@type\":\"ListItem\",\"position\":2,\"name\":\"No Tocantins, 139 munic\u00edpios aderiram ao Programa Sa\u00fade na Escola\"}]},{\"@type\":\"WebSite\",\"@id\":\"https:\/\/cleitonpinheiro.com.br\/site\/#website\",\"url\":\"https:\/\/cleitonpinheiro.com.br\/site\/\",\"name\":\"PORTAL DE NOT\u00cdCIAS CLEITON PINHEIRO\",\"description\":\"FALANDO A VERDADE\",\"publisher\":{\"@id\":\"https:\/\/cleitonpinheiro.com.br\/site\/#organization\"},\"potentialAction\":[{\"@type\":\"SearchAction\",\"target\":{\"@type\":\"EntryPoint\",\"urlTemplate\":\"https:\/\/cleitonpinheiro.com.br\/site\/?s={search_term_string}\"},\"query-input\":{\"@type\":\"PropertyValueSpecification\",\"valueRequired\":true,\"valueName\":\"search_term_string\"}}],\"inLanguage\":\"pt-BR\"},{\"@type\":\"Organization\",\"@id\":\"https:\/\/cleitonpinheiro.com.br\/site\/#organization\",\"name\":\"CPNOT\u00cdCIAS\",\"url\":\"https:\/\/cleitonpinheiro.com.br\/site\/\",\"logo\":{\"@type\":\"ImageObject\",\"inLanguage\":\"pt-BR\",\"@id\":\"https:\/\/cleitonpinheiro.com.br\/site\/#\/schema\/logo\/image\/\",\"url\":\"https:\/\/cleitonpinheiro.com.br\/site\/wp-content\/uploads\/2022\/08\/Logo-pequena-2.png\",\"contentUrl\":\"https:\/\/cleitonpinheiro.com.br\/site\/wp-content\/uploads\/2022\/08\/Logo-pequena-2.png\",\"width\":500,\"height\":500,\"caption\":\"CPNOT\u00cdCIAS\"},\"image\":{\"@id\":\"https:\/\/cleitonpinheiro.com.br\/site\/#\/schema\/logo\/image\/\"},\"sameAs\":[\"https:\/\/www.facebook.com\/portalcpnoticias\/\"]},{\"@type\":\"Person\",\"@id\":\"https:\/\/cleitonpinheiro.com.br\/site\/#\/schema\/person\/8f04544e0bc40a1b68775b08360f87db\",\"name\":\"Reda\u00e7\u00e3o CP\",\"image\":{\"@type\":\"ImageObject\",\"inLanguage\":\"pt-BR\",\"@id\":\"https:\/\/cleitonpinheiro.com.br\/site\/#\/schema\/person\/image\/\",\"url\":\"https:\/\/secure.gravatar.com\/avatar\/0bcf19cb29fdc8fc588c490c7ae1b3e174dac268586a63fbe1d1893a0f9020cd?s=96&r=g\",\"contentUrl\":\"https:\/\/secure.gravatar.com\/avatar\/0bcf19cb29fdc8fc588c490c7ae1b3e174dac268586a63fbe1d1893a0f9020cd?s=96&r=g\",\"caption\":\"Reda\u00e7\u00e3o CP\"},\"url\":\"https:\/\/cleitonpinheiro.com.br\/site\/author\/redacao\/\"}]}<\/script>\n<!-- \/ Yoast SEO plugin. -->","yoast_head_json":{"title":"No Tocantins, 139 munic\u00edpios aderiram ao Programa Sa\u00fade na Escola - PORTAL DE NOT\u00cdCIAS CLEITON PINHEIRO","robots":{"index":"index","follow":"follow","max-snippet":"max-snippet:-1","max-image-preview":"max-image-preview:large","max-video-preview":"max-video-preview:-1"},"canonical":"https:\/\/cleitonpinheiro.com.br\/site\/no-tocantins-139-municipios-aderiram-ao-programa-saude-na-escola\/","og_locale":"pt_BR","og_type":"article","og_title":"No Tocantins, 139 munic\u00edpios aderiram ao Programa Sa\u00fade na Escola - PORTAL DE NOT\u00cdCIAS CLEITON PINHEIRO","og_description":"O Minist\u00e9rio da Sa\u00fade divulgou que os 139 munic\u00edpios tocantinenses aderiram ao Programa Sa\u00fade na Escola (PSE), que v\u00e3o somar mais de R$ 1,5 milh\u00e3o para pol\u00edticas de sa\u00fade e educa\u00e7\u00e3o voltadas \u00e0s crian\u00e7as, adolescentes, jovens e adultos da educa\u00e7\u00e3o b\u00e1sica p\u00fablica brasileira. O Governo Federal est\u00e1 destinando R$ 90,3 milh\u00f5es para os munic\u00edpios que [&hellip;]","og_url":"https:\/\/cleitonpinheiro.com.br\/site\/no-tocantins-139-municipios-aderiram-ao-programa-saude-na-escola\/","og_site_name":"PORTAL DE NOT\u00cdCIAS CLEITON PINHEIRO","article_publisher":"https:\/\/www.facebook.com\/portalcpnoticias\/","article_published_time":"2023-07-31T18:52:57+00:00","article_modified_time":"2023-12-27T14:51:13+00:00","og_image":[{"width":768,"height":354,"url":"https:\/\/cleitonpinheiro.com.br\/site\/wp-content\/uploads\/2023\/07\/ca7c0a33-9932-440d-8eec-8b549650f68f.png","type":"image\/png"}],"author":"Reda\u00e7\u00e3o CP","twitter_card":"summary_large_image","twitter_misc":{"Escrito por":"Reda\u00e7\u00e3o CP","Est. tempo de leitura":"2 minutos"},"schema":{"@context":"https:\/\/schema.org","@graph":[{"@type":"Article","@id":"https:\/\/cleitonpinheiro.com.br\/site\/no-tocantins-139-municipios-aderiram-ao-programa-saude-na-escola\/#article","isPartOf":{"@id":"https:\/\/cleitonpinheiro.com.br\/site\/no-tocantins-139-municipios-aderiram-ao-programa-saude-na-escola\/"},"author":{"name":"Reda\u00e7\u00e3o CP","@id":"https:\/\/cleitonpinheiro.com.br\/site\/#\/schema\/person\/8f04544e0bc40a1b68775b08360f87db"},"headline":"No Tocantins, 139 munic\u00edpios aderiram ao Programa Sa\u00fade na Escola","datePublished":"2023-07-31T18:52:57+00:00","dateModified":"2023-12-27T14:51:13+00:00","mainEntityOfPage":{"@id":"https:\/\/cleitonpinheiro.com.br\/site\/no-tocantins-139-municipios-aderiram-ao-programa-saude-na-escola\/"},"wordCount":312,"commentCount":0,"publisher":{"@id":"https:\/\/cleitonpinheiro.com.br\/site\/#organization"},"image":{"@id":"https:\/\/cleitonpinheiro.com.br\/site\/no-tocantins-139-municipios-aderiram-ao-programa-saude-na-escola\/#primaryimage"},"thumbnailUrl":"https:\/\/cleitonpinheiro.com.br\/site\/wp-content\/uploads\/2023\/07\/ca7c0a33-9932-440d-8eec-8b549650f68f.png","keywords":["governo federal","ministerio da sa\u00fade","Programa Sa\u00fade na Escola"],"articleSection":["BRASIL \/ MUNDO","TODAS NOTICIAS"],"inLanguage":"pt-BR","potentialAction":[{"@type":"CommentAction","name":"Comment","target":["https:\/\/cleitonpinheiro.com.br\/site\/no-tocantins-139-municipios-aderiram-ao-programa-saude-na-escola\/#respond"]}]},{"@type":"WebPage","@id":"https:\/\/cleitonpinheiro.com.br\/site\/no-tocantins-139-municipios-aderiram-ao-programa-saude-na-escola\/","url":"https:\/\/cleitonpinheiro.com.br\/site\/no-tocantins-139-municipios-aderiram-ao-programa-saude-na-escola\/","name":"No Tocantins, 139 munic\u00edpios aderiram ao Programa Sa\u00fade na Escola - PORTAL DE NOT\u00cdCIAS CLEITON PINHEIRO","isPartOf":{"@id":"https:\/\/cleitonpinheiro.com.br\/site\/#website"},"primaryImageOfPage":{"@id":"https:\/\/cleitonpinheiro.com.br\/site\/no-tocantins-139-municipios-aderiram-ao-programa-saude-na-escola\/#primaryimage"},"image":{"@id":"https:\/\/cleitonpinheiro.com.br\/site\/no-tocantins-139-municipios-aderiram-ao-programa-saude-na-escola\/#primaryimage"},"thumbnailUrl":"https:\/\/cleitonpinheiro.com.br\/site\/wp-content\/uploads\/2023\/07\/ca7c0a33-9932-440d-8eec-8b549650f68f.png","datePublished":"2023-07-31T18:52:57+00:00","dateModified":"2023-12-27T14:51:13+00:00","breadcrumb":{"@id":"https:\/\/cleitonpinheiro.com.br\/site\/no-tocantins-139-municipios-aderiram-ao-programa-saude-na-escola\/#breadcrumb"},"inLanguage":"pt-BR","potentialAction":[{"@type":"ReadAction","target":["https:\/\/cleitonpinheiro.com.br\/site\/no-tocantins-139-municipios-aderiram-ao-programa-saude-na-escola\/"]}]},{"@type":"ImageObject","inLanguage":"pt-BR","@id":"https:\/\/cleitonpinheiro.com.br\/site\/no-tocantins-139-municipios-aderiram-ao-programa-saude-na-escola\/#primaryimage","url":"","contentUrl":""},{"@type":"BreadcrumbList","@id":"https:\/\/cleitonpinheiro.com.br\/site\/no-tocantins-139-municipios-aderiram-ao-programa-saude-na-escola\/#breadcrumb","itemListElement":[{"@type":"ListItem","position":1,"name":"In\u00edcio","item":"https:\/\/cleitonpinheiro.com.br\/site\/"},{"@type":"ListItem","position":2,"name":"No Tocantins, 139 munic\u00edpios aderiram ao Programa Sa\u00fade na Escola"}]},{"@type":"WebSite","@id":"https:\/\/cleitonpinheiro.com.br\/site\/#website","url":"https:\/\/cleitonpinheiro.com.br\/site\/","name":"PORTAL DE NOT\u00cdCIAS CLEITON PINHEIRO","description":"FALANDO A VERDADE","publisher":{"@id":"https:\/\/cleitonpinheiro.com.br\/site\/#organization"},"potentialAction":[{"@type":"SearchAction","target":{"@type":"EntryPoint","urlTemplate":"https:\/\/cleitonpinheiro.com.br\/site\/?s={search_term_string}"},"query-input":{"@type":"PropertyValueSpecification","valueRequired":true,"valueName":"search_term_string"}}],"inLanguage":"pt-BR"},{"@type":"Organization","@id":"https:\/\/cleitonpinheiro.com.br\/site\/#organization","name":"CPNOT\u00cdCIAS","url":"https:\/\/cleitonpinheiro.com.br\/site\/","logo":{"@type":"ImageObject","inLanguage":"pt-BR","@id":"https:\/\/cleitonpinheiro.com.br\/site\/#\/schema\/logo\/image\/","url":"https:\/\/cleitonpinheiro.com.br\/site\/wp-content\/uploads\/2022\/08\/Logo-pequena-2.png","contentUrl":"https:\/\/cleitonpinheiro.com.br\/site\/wp-content\/uploads\/2022\/08\/Logo-pequena-2.png","width":500,"height":500,"caption":"CPNOT\u00cdCIAS"},"image":{"@id":"https:\/\/cleitonpinheiro.com.br\/site\/#\/schema\/logo\/image\/"},"sameAs":["https:\/\/www.facebook.com\/portalcpnoticias\/"]},{"@type":"Person","@id":"https:\/\/cleitonpinheiro.com.br\/site\/#\/schema\/person\/8f04544e0bc40a1b68775b08360f87db","name":"Reda\u00e7\u00e3o CP","image":{"@type":"ImageObject","inLanguage":"pt-BR","@id":"https:\/\/cleitonpinheiro.com.br\/site\/#\/schema\/person\/image\/","url":"https:\/\/secure.gravatar.com\/avatar\/0bcf19cb29fdc8fc588c490c7ae1b3e174dac268586a63fbe1d1893a0f9020cd?s=96&r=g","contentUrl":"https:\/\/secure.gravatar.com\/avatar\/0bcf19cb29fdc8fc588c490c7ae1b3e174dac268586a63fbe1d1893a0f9020cd?s=96&r=g","caption":"Reda\u00e7\u00e3o CP"},"url":"https:\/\/cleitonpinheiro.com.br\/site\/author\/redacao\/"}]}},"views":159,"_links":{"self":[{"href":"https:\/\/cleitonpinheiro.com.br\/site\/wp-json\/wp\/v2\/posts\/73201","targetHints":{"allow":["GET"]}}],"collection":[{"href":"https:\/\/cleitonpinheiro.com.br\/site\/wp-json\/wp\/v2\/posts"}],"about":[{"href":"https:\/\/cleitonpinheiro.com.br\/site\/wp-json\/wp\/v2\/types\/post"}],"author":[{"embeddable":true,"href":"https:\/\/cleitonpinheiro.com.br\/site\/wp-json\/wp\/v2\/users\/13"}],"replies":[{"embeddable":true,"href":"https:\/\/cleitonpinheiro.com.br\/site\/wp-json\/wp\/v2\/comments?post=73201"}],"version-history":[{"count":1,"href":"https:\/\/cleitonpinheiro.com.br\/site\/wp-json\/wp\/v2\/posts\/73201\/revisions"}],"predecessor-version":[{"id":73203,"href":"https:\/\/cleitonpinheiro.com.br\/site\/wp-json\/wp\/v2\/posts\/73201\/revisions\/73203"}],"wp:attachment":[{"href":"https:\/\/cleitonpinheiro.com.br\/site\/wp-json\/wp\/v2\/media?parent=73201"}],"wp:term":[{"taxonomy":"category","embeddable":true,"href":"https:\/\/cleitonpinheiro.com.br\/site\/wp-json\/wp\/v2\/categories?post=73201"},{"taxonomy":"post_tag","embeddable":true,"href":"https:\/\/cleitonpinheiro.com.br\/site\/wp-json\/wp\/v2\/tags?post=73201"}],"curies":[{"name":"wp","href":"https:\/\/api.w.org\/{rel}","templated":true}]}}