{"id":73208,"date":"2023-08-01T08:00:00","date_gmt":"2023-08-01T11:00:00","guid":{"rendered":"https:\/\/cleitonpinheiro.com.br\/site\/?p=73208"},"modified":"2023-08-02T12:55:52","modified_gmt":"2023-08-02T15:55:52","slug":"audiencias-publicas-do-planmob-discutem-propostas-para-o-transporte-coletivo-de-palmas","status":"publish","type":"post","link":"https:\/\/cleitonpinheiro.com.br\/site\/audiencias-publicas-do-planmob-discutem-propostas-para-o-transporte-coletivo-de-palmas\/","title":{"rendered":"Audi\u00eancias p\u00fablicas do PlanMob discutem propostas para o transporte coletivo de Palmas"},"content":{"rendered":"\n<figure class=\"wp-block-image size-full\"><img decoding=\"async\" src=\"https:\/\/cleitonpinheiro.com.br\/site\/wp-content\/uploads\/2023\/07\/258fa48b-45b0-487d-9158-bb13ed03522e.jpg\" alt=\"\" class=\"wp-image-73209\"\/><figcaption class=\"wp-element-caption\">Audi\u00eancias p\u00fablicas s\u00e3o reuni\u00f5es onde a popula\u00e7\u00e3o pode colaborar efetivamente com o desenvolvimento do munic\u00edpio &#8211; Foto: Lia Mara\/Prefeitura de Palmas<\/figcaption><\/figure>\n\n\n\n<p class=\"wp-block-paragraph\">A 3\u00aa Audi\u00eancia P\u00fablica do Plano de Mobilidade Urbana (PlanMob), a ser realizada pela Prefeitura de Palmas, por meio da Secretaria Municipal de Seguran\u00e7a e Mobilidade Urbana (Sesmu), acontecer\u00e1 em dois momentos. O primeiro na quinta-feira, 3, das 14 \u00e0s 18 horas, no audit\u00f3rio do Instituto Vinte de Maio (IVM). O&nbsp;segundo, no s\u00e1bado, 5, das 14 \u00e0s 18 horas, no audit\u00f3rio do Resolve Palmas, em Taquaralto.<\/p>\n\n\n\n<p class=\"wp-block-paragraph\">A tem\u00e1tica da 3\u00aa audi\u00eancia visa apresentar o progn\u00f3stico (Fase III do processo), que \u00e9 o resultado sistematizado para os cen\u00e1rios futuros simulados e a proposta de rede do transporte coletivo de Palmas. As simula\u00e7\u00f5es auxiliam na hierarquiza\u00e7\u00e3o das a\u00e7\u00f5es a serem propostas no tempo em fun\u00e7\u00e3o dos volumes de ve\u00edculos que est\u00e3o sendo estimados para os cen\u00e1rios estudados de crescimento e distribui\u00e7\u00e3o populacional para os anos de 2025, 2029 e 2033.<\/p>\n\n\n\n<p class=\"wp-block-paragraph\">De acordo com a coordenadora do PlanMob, Val\u00e9ria Oliveira, o progn\u00f3stico \u00e9 uma avalia\u00e7\u00e3o do que acontecer\u00e1 com a mobilidade de Palmas se nada for implantado, al\u00e9m das medidas j\u00e1 previstas e em andamento. \u201c\u00c9 esta etapa do trabalho que nos permite identificar os locais f\u00edsicos que ir\u00e3o precisar de interven\u00e7\u00f5es para suportar as necessidades futuras de deslocamento dos moradores de Palmas,&nbsp;por isso, \u00e9 fundamental a participa\u00e7\u00e3o da popula\u00e7\u00e3o neste processo.\u201d<\/p>\n\n\n\n<p class=\"wp-block-paragraph\">Na pr\u00f3xima etapa, com base nas pesquisas elaboradas, no diagn\u00f3stico realizado e neste progn\u00f3stico, ser\u00e3o detalhadas as propostas necess\u00e1rias para a mobilidade atual e para que Palmas possa ser preparada para o futuro.<\/p>\n\n\n\n<p class=\"wp-block-paragraph\"><strong>Entenda<\/strong><\/p>\n\n\n\n<p class=\"wp-block-paragraph\">O PlanMob \u00e9 um instrumento de planejamento que, por meio de estudos t\u00e9cnicos e participa\u00e7\u00e3o social, estabelecer\u00e1 diretrizes, metas e a\u00e7\u00f5es do sistema de mobilidade da cidade para os pr\u00f3ximos dez anos. Contemplando v\u00e1rios aspectos como: o transporte p\u00fablico coletivo, o deslocamento a p\u00e9 e por bicicleta, as cargas urbanas, acessibilidade para pessoas com defici\u00eancia e restri\u00e7\u00e3o de mobilidade, os estacionamentos p\u00fablicos e privados, a circula\u00e7\u00e3o e a seguran\u00e7a vi\u00e1ria, al\u00e9m da integra\u00e7\u00e3o entre os diferentes modos de deslocamento.<\/p>\n\n\n\n<p class=\"wp-block-paragraph\">A execu\u00e7\u00e3o dos trabalhos acontece em quatro etapas sucessivas:<br>Fase I &#8211; &nbsp;Plano de trabalho e Nivelamento Institucional;<br>Fase II &#8211; Diagn\u00f3stico;<br><strong>Fase III &#8211; &nbsp;Progn\u00f3stico (atual);<\/strong><br>Fase IV &#8211; Formula\u00e7\u00e3o e Aprova\u00e7\u00e3o do Plano de Mobilidade Urbana.<\/p>\n\n\n\n<p class=\"wp-block-paragraph\">Ao t\u00e9rmino de cada fase s\u00e3o realizadas as respectivas audi\u00eancias p\u00fablicas, al\u00e9m da 5\u00aa Audi\u00eancia P\u00fablica para consolida\u00e7\u00e3o do plano, com apresenta\u00e7\u00e3o da minuta do Projeto de Lei do Plano de Mobilidade Urbana de Palmas.<\/p>\n\n\n\n<p class=\"wp-block-paragraph\">Participe das audi\u00eancias, contribua com propostas. E para saber mais sobre as etapas conclu\u00eddas e deixar sua opini\u00e3o sobre a elabora\u00e7\u00e3o do PlanMob de Palmas, acesse&nbsp;<a href=\"https:\/\/planodemobilidade.palmas.to.gov.br\/\" target=\"_blank\" rel=\"noreferrer noopener\">aqui<\/a>.<\/p>\n","protected":false},"excerpt":{"rendered":"<p>A 3\u00aa Audi\u00eancia P\u00fablica do Plano de Mobilidade Urbana (PlanMob), a ser realizada pela Prefeitura de Palmas, por meio da Secretaria Municipal de Seguran\u00e7a e Mobilidade Urbana (Sesmu), acontecer\u00e1 em dois momentos. O primeiro na quinta-feira, 3, das 14 \u00e0s 18 horas, no audit\u00f3rio do Instituto Vinte de Maio (IVM). O&nbsp;segundo, no s\u00e1bado, 5, das [&hellip;]<\/p>\n","protected":false},"author":13,"featured_media":0,"comment_status":"open","ping_status":"open","sticky":false,"template":"","format":"standard","meta":{"_acf_changed":false,"footnotes":""},"categories":[22,898],"tags":[1081,720],"class_list":["post-73208","post","type-post","status-publish","format-standard","hentry","category-cidades","category-manchete-segundaria","tag-planmob","tag-prefeitura-de-palmas"],"acf":[],"yoast_head":"<!-- This site is optimized with the Yoast SEO plugin v24.4 - https:\/\/yoast.com\/wordpress\/plugins\/seo\/ -->\n<title>Audi\u00eancias p\u00fablicas do PlanMob discutem propostas para o transporte coletivo de Palmas - PORTAL DE NOT\u00cdCIAS CLEITON PINHEIRO<\/title>\n<meta name=\"robots\" content=\"index, follow, max-snippet:-1, max-image-preview:large, max-video-preview:-1\" \/>\n<link rel=\"canonical\" href=\"https:\/\/cleitonpinheiro.com.br\/site\/audiencias-publicas-do-planmob-discutem-propostas-para-o-transporte-coletivo-de-palmas\/\" \/>\n<meta property=\"og:locale\" content=\"pt_BR\" \/>\n<meta property=\"og:type\" content=\"article\" \/>\n<meta property=\"og:title\" content=\"Audi\u00eancias p\u00fablicas do PlanMob discutem propostas para o transporte coletivo de Palmas - PORTAL DE NOT\u00cdCIAS CLEITON PINHEIRO\" \/>\n<meta property=\"og:description\" content=\"A 3\u00aa Audi\u00eancia P\u00fablica do Plano de Mobilidade Urbana (PlanMob), a ser realizada pela Prefeitura de Palmas, por meio da Secretaria Municipal de Seguran\u00e7a e Mobilidade Urbana (Sesmu), acontecer\u00e1 em dois momentos. O primeiro na quinta-feira, 3, das 14 \u00e0s 18 horas, no audit\u00f3rio do Instituto Vinte de Maio (IVM). O&nbsp;segundo, no s\u00e1bado, 5, das [&hellip;]\" \/>\n<meta property=\"og:url\" content=\"https:\/\/cleitonpinheiro.com.br\/site\/audiencias-publicas-do-planmob-discutem-propostas-para-o-transporte-coletivo-de-palmas\/\" \/>\n<meta property=\"og:site_name\" content=\"PORTAL DE NOT\u00cdCIAS CLEITON PINHEIRO\" \/>\n<meta property=\"article:publisher\" content=\"https:\/\/www.facebook.com\/portalcpnoticias\/\" \/>\n<meta property=\"article:published_time\" content=\"2023-08-01T11:00:00+00:00\" \/>\n<meta property=\"article:modified_time\" content=\"2023-08-02T15:55:52+00:00\" \/>\n<meta property=\"og:image\" content=\"https:\/\/cleitonpinheiro.com.br\/site\/wp-content\/uploads\/2023\/07\/258fa48b-45b0-487d-9158-bb13ed03522e.jpg\" \/>\n\t<meta property=\"og:image:width\" content=\"800\" \/>\n\t<meta property=\"og:image:height\" content=\"535\" \/>\n\t<meta property=\"og:image:type\" content=\"image\/jpeg\" \/>\n<meta name=\"author\" content=\"Reda\u00e7\u00e3o CP\" \/>\n<meta name=\"twitter:card\" content=\"summary_large_image\" \/>\n<meta name=\"twitter:label1\" content=\"Escrito por\" \/>\n\t<meta name=\"twitter:data1\" content=\"Reda\u00e7\u00e3o CP\" \/>\n\t<meta name=\"twitter:label2\" content=\"Est. tempo de leitura\" \/>\n\t<meta name=\"twitter:data2\" content=\"3 minutos\" \/>\n<script type=\"application\/ld+json\" class=\"yoast-schema-graph\">{\"@context\":\"https:\/\/schema.org\",\"@graph\":[{\"@type\":\"Article\",\"@id\":\"https:\/\/cleitonpinheiro.com.br\/site\/audiencias-publicas-do-planmob-discutem-propostas-para-o-transporte-coletivo-de-palmas\/#article\",\"isPartOf\":{\"@id\":\"https:\/\/cleitonpinheiro.com.br\/site\/audiencias-publicas-do-planmob-discutem-propostas-para-o-transporte-coletivo-de-palmas\/\"},\"author\":{\"name\":\"Reda\u00e7\u00e3o CP\",\"@id\":\"https:\/\/cleitonpinheiro.com.br\/site\/#\/schema\/person\/8f04544e0bc40a1b68775b08360f87db\"},\"headline\":\"Audi\u00eancias p\u00fablicas do PlanMob discutem propostas para o transporte coletivo de Palmas\",\"datePublished\":\"2023-08-01T11:00:00+00:00\",\"dateModified\":\"2023-08-02T15:55:52+00:00\",\"mainEntityOfPage\":{\"@id\":\"https:\/\/cleitonpinheiro.com.br\/site\/audiencias-publicas-do-planmob-discutem-propostas-para-o-transporte-coletivo-de-palmas\/\"},\"wordCount\":518,\"commentCount\":0,\"publisher\":{\"@id\":\"https:\/\/cleitonpinheiro.com.br\/site\/#organization\"},\"image\":{\"@id\":\"https:\/\/cleitonpinheiro.com.br\/site\/audiencias-publicas-do-planmob-discutem-propostas-para-o-transporte-coletivo-de-palmas\/#primaryimage\"},\"thumbnailUrl\":\"https:\/\/cleitonpinheiro.com.br\/site\/wp-content\/uploads\/2023\/07\/258fa48b-45b0-487d-9158-bb13ed03522e.jpg\",\"keywords\":[\"PlanMob\",\"Prefeitura de Palmas\"],\"articleSection\":[\"CIDADES\",\"MANCHETE SEGUND\u00c1RIA\"],\"inLanguage\":\"pt-BR\",\"potentialAction\":[{\"@type\":\"CommentAction\",\"name\":\"Comment\",\"target\":[\"https:\/\/cleitonpinheiro.com.br\/site\/audiencias-publicas-do-planmob-discutem-propostas-para-o-transporte-coletivo-de-palmas\/#respond\"]}]},{\"@type\":\"WebPage\",\"@id\":\"https:\/\/cleitonpinheiro.com.br\/site\/audiencias-publicas-do-planmob-discutem-propostas-para-o-transporte-coletivo-de-palmas\/\",\"url\":\"https:\/\/cleitonpinheiro.com.br\/site\/audiencias-publicas-do-planmob-discutem-propostas-para-o-transporte-coletivo-de-palmas\/\",\"name\":\"Audi\u00eancias p\u00fablicas do PlanMob discutem propostas para o transporte coletivo de Palmas - PORTAL DE NOT\u00cdCIAS CLEITON PINHEIRO\",\"isPartOf\":{\"@id\":\"https:\/\/cleitonpinheiro.com.br\/site\/#website\"},\"primaryImageOfPage\":{\"@id\":\"https:\/\/cleitonpinheiro.com.br\/site\/audiencias-publicas-do-planmob-discutem-propostas-para-o-transporte-coletivo-de-palmas\/#primaryimage\"},\"image\":{\"@id\":\"https:\/\/cleitonpinheiro.com.br\/site\/audiencias-publicas-do-planmob-discutem-propostas-para-o-transporte-coletivo-de-palmas\/#primaryimage\"},\"thumbnailUrl\":\"https:\/\/cleitonpinheiro.com.br\/site\/wp-content\/uploads\/2023\/07\/258fa48b-45b0-487d-9158-bb13ed03522e.jpg\",\"datePublished\":\"2023-08-01T11:00:00+00:00\",\"dateModified\":\"2023-08-02T15:55:52+00:00\",\"breadcrumb\":{\"@id\":\"https:\/\/cleitonpinheiro.com.br\/site\/audiencias-publicas-do-planmob-discutem-propostas-para-o-transporte-coletivo-de-palmas\/#breadcrumb\"},\"inLanguage\":\"pt-BR\",\"potentialAction\":[{\"@type\":\"ReadAction\",\"target\":[\"https:\/\/cleitonpinheiro.com.br\/site\/audiencias-publicas-do-planmob-discutem-propostas-para-o-transporte-coletivo-de-palmas\/\"]}]},{\"@type\":\"ImageObject\",\"inLanguage\":\"pt-BR\",\"@id\":\"https:\/\/cleitonpinheiro.com.br\/site\/audiencias-publicas-do-planmob-discutem-propostas-para-o-transporte-coletivo-de-palmas\/#primaryimage\",\"url\":\"\",\"contentUrl\":\"\"},{\"@type\":\"BreadcrumbList\",\"@id\":\"https:\/\/cleitonpinheiro.com.br\/site\/audiencias-publicas-do-planmob-discutem-propostas-para-o-transporte-coletivo-de-palmas\/#breadcrumb\",\"itemListElement\":[{\"@type\":\"ListItem\",\"position\":1,\"name\":\"In\u00edcio\",\"item\":\"https:\/\/cleitonpinheiro.com.br\/site\/\"},{\"@type\":\"ListItem\",\"position\":2,\"name\":\"Audi\u00eancias p\u00fablicas do PlanMob discutem propostas para o transporte coletivo de Palmas\"}]},{\"@type\":\"WebSite\",\"@id\":\"https:\/\/cleitonpinheiro.com.br\/site\/#website\",\"url\":\"https:\/\/cleitonpinheiro.com.br\/site\/\",\"name\":\"PORTAL DE NOT\u00cdCIAS CLEITON PINHEIRO\",\"description\":\"FALANDO A VERDADE\",\"publisher\":{\"@id\":\"https:\/\/cleitonpinheiro.com.br\/site\/#organization\"},\"potentialAction\":[{\"@type\":\"SearchAction\",\"target\":{\"@type\":\"EntryPoint\",\"urlTemplate\":\"https:\/\/cleitonpinheiro.com.br\/site\/?s={search_term_string}\"},\"query-input\":{\"@type\":\"PropertyValueSpecification\",\"valueRequired\":true,\"valueName\":\"search_term_string\"}}],\"inLanguage\":\"pt-BR\"},{\"@type\":\"Organization\",\"@id\":\"https:\/\/cleitonpinheiro.com.br\/site\/#organization\",\"name\":\"CPNOT\u00cdCIAS\",\"url\":\"https:\/\/cleitonpinheiro.com.br\/site\/\",\"logo\":{\"@type\":\"ImageObject\",\"inLanguage\":\"pt-BR\",\"@id\":\"https:\/\/cleitonpinheiro.com.br\/site\/#\/schema\/logo\/image\/\",\"url\":\"https:\/\/cleitonpinheiro.com.br\/site\/wp-content\/uploads\/2022\/08\/Logo-pequena-2.png\",\"contentUrl\":\"https:\/\/cleitonpinheiro.com.br\/site\/wp-content\/uploads\/2022\/08\/Logo-pequena-2.png\",\"width\":500,\"height\":500,\"caption\":\"CPNOT\u00cdCIAS\"},\"image\":{\"@id\":\"https:\/\/cleitonpinheiro.com.br\/site\/#\/schema\/logo\/image\/\"},\"sameAs\":[\"https:\/\/www.facebook.com\/portalcpnoticias\/\"]},{\"@type\":\"Person\",\"@id\":\"https:\/\/cleitonpinheiro.com.br\/site\/#\/schema\/person\/8f04544e0bc40a1b68775b08360f87db\",\"name\":\"Reda\u00e7\u00e3o CP\",\"image\":{\"@type\":\"ImageObject\",\"inLanguage\":\"pt-BR\",\"@id\":\"https:\/\/cleitonpinheiro.com.br\/site\/#\/schema\/person\/image\/\",\"url\":\"https:\/\/secure.gravatar.com\/avatar\/0bcf19cb29fdc8fc588c490c7ae1b3e174dac268586a63fbe1d1893a0f9020cd?s=96&r=g\",\"contentUrl\":\"https:\/\/secure.gravatar.com\/avatar\/0bcf19cb29fdc8fc588c490c7ae1b3e174dac268586a63fbe1d1893a0f9020cd?s=96&r=g\",\"caption\":\"Reda\u00e7\u00e3o CP\"},\"url\":\"https:\/\/cleitonpinheiro.com.br\/site\/author\/redacao\/\"}]}<\/script>\n<!-- \/ Yoast SEO plugin. -->","yoast_head_json":{"title":"Audi\u00eancias p\u00fablicas do PlanMob discutem propostas para o transporte coletivo de Palmas - PORTAL DE NOT\u00cdCIAS CLEITON PINHEIRO","robots":{"index":"index","follow":"follow","max-snippet":"max-snippet:-1","max-image-preview":"max-image-preview:large","max-video-preview":"max-video-preview:-1"},"canonical":"https:\/\/cleitonpinheiro.com.br\/site\/audiencias-publicas-do-planmob-discutem-propostas-para-o-transporte-coletivo-de-palmas\/","og_locale":"pt_BR","og_type":"article","og_title":"Audi\u00eancias p\u00fablicas do PlanMob discutem propostas para o transporte coletivo de Palmas - PORTAL DE NOT\u00cdCIAS CLEITON PINHEIRO","og_description":"A 3\u00aa Audi\u00eancia P\u00fablica do Plano de Mobilidade Urbana (PlanMob), a ser realizada pela Prefeitura de Palmas, por meio da Secretaria Municipal de Seguran\u00e7a e Mobilidade Urbana (Sesmu), acontecer\u00e1 em dois momentos. O primeiro na quinta-feira, 3, das 14 \u00e0s 18 horas, no audit\u00f3rio do Instituto Vinte de Maio (IVM). O&nbsp;segundo, no s\u00e1bado, 5, das [&hellip;]","og_url":"https:\/\/cleitonpinheiro.com.br\/site\/audiencias-publicas-do-planmob-discutem-propostas-para-o-transporte-coletivo-de-palmas\/","og_site_name":"PORTAL DE NOT\u00cdCIAS CLEITON PINHEIRO","article_publisher":"https:\/\/www.facebook.com\/portalcpnoticias\/","article_published_time":"2023-08-01T11:00:00+00:00","article_modified_time":"2023-08-02T15:55:52+00:00","og_image":[{"width":800,"height":535,"url":"https:\/\/cleitonpinheiro.com.br\/site\/wp-content\/uploads\/2023\/07\/258fa48b-45b0-487d-9158-bb13ed03522e.jpg","type":"image\/jpeg"}],"author":"Reda\u00e7\u00e3o CP","twitter_card":"summary_large_image","twitter_misc":{"Escrito por":"Reda\u00e7\u00e3o CP","Est. tempo de leitura":"3 minutos"},"schema":{"@context":"https:\/\/schema.org","@graph":[{"@type":"Article","@id":"https:\/\/cleitonpinheiro.com.br\/site\/audiencias-publicas-do-planmob-discutem-propostas-para-o-transporte-coletivo-de-palmas\/#article","isPartOf":{"@id":"https:\/\/cleitonpinheiro.com.br\/site\/audiencias-publicas-do-planmob-discutem-propostas-para-o-transporte-coletivo-de-palmas\/"},"author":{"name":"Reda\u00e7\u00e3o CP","@id":"https:\/\/cleitonpinheiro.com.br\/site\/#\/schema\/person\/8f04544e0bc40a1b68775b08360f87db"},"headline":"Audi\u00eancias p\u00fablicas do PlanMob discutem propostas para o transporte coletivo de Palmas","datePublished":"2023-08-01T11:00:00+00:00","dateModified":"2023-08-02T15:55:52+00:00","mainEntityOfPage":{"@id":"https:\/\/cleitonpinheiro.com.br\/site\/audiencias-publicas-do-planmob-discutem-propostas-para-o-transporte-coletivo-de-palmas\/"},"wordCount":518,"commentCount":0,"publisher":{"@id":"https:\/\/cleitonpinheiro.com.br\/site\/#organization"},"image":{"@id":"https:\/\/cleitonpinheiro.com.br\/site\/audiencias-publicas-do-planmob-discutem-propostas-para-o-transporte-coletivo-de-palmas\/#primaryimage"},"thumbnailUrl":"https:\/\/cleitonpinheiro.com.br\/site\/wp-content\/uploads\/2023\/07\/258fa48b-45b0-487d-9158-bb13ed03522e.jpg","keywords":["PlanMob","Prefeitura de Palmas"],"articleSection":["CIDADES","MANCHETE SEGUND\u00c1RIA"],"inLanguage":"pt-BR","potentialAction":[{"@type":"CommentAction","name":"Comment","target":["https:\/\/cleitonpinheiro.com.br\/site\/audiencias-publicas-do-planmob-discutem-propostas-para-o-transporte-coletivo-de-palmas\/#respond"]}]},{"@type":"WebPage","@id":"https:\/\/cleitonpinheiro.com.br\/site\/audiencias-publicas-do-planmob-discutem-propostas-para-o-transporte-coletivo-de-palmas\/","url":"https:\/\/cleitonpinheiro.com.br\/site\/audiencias-publicas-do-planmob-discutem-propostas-para-o-transporte-coletivo-de-palmas\/","name":"Audi\u00eancias p\u00fablicas do PlanMob discutem propostas para o transporte coletivo de Palmas - PORTAL DE NOT\u00cdCIAS CLEITON PINHEIRO","isPartOf":{"@id":"https:\/\/cleitonpinheiro.com.br\/site\/#website"},"primaryImageOfPage":{"@id":"https:\/\/cleitonpinheiro.com.br\/site\/audiencias-publicas-do-planmob-discutem-propostas-para-o-transporte-coletivo-de-palmas\/#primaryimage"},"image":{"@id":"https:\/\/cleitonpinheiro.com.br\/site\/audiencias-publicas-do-planmob-discutem-propostas-para-o-transporte-coletivo-de-palmas\/#primaryimage"},"thumbnailUrl":"https:\/\/cleitonpinheiro.com.br\/site\/wp-content\/uploads\/2023\/07\/258fa48b-45b0-487d-9158-bb13ed03522e.jpg","datePublished":"2023-08-01T11:00:00+00:00","dateModified":"2023-08-02T15:55:52+00:00","breadcrumb":{"@id":"https:\/\/cleitonpinheiro.com.br\/site\/audiencias-publicas-do-planmob-discutem-propostas-para-o-transporte-coletivo-de-palmas\/#breadcrumb"},"inLanguage":"pt-BR","potentialAction":[{"@type":"ReadAction","target":["https:\/\/cleitonpinheiro.com.br\/site\/audiencias-publicas-do-planmob-discutem-propostas-para-o-transporte-coletivo-de-palmas\/"]}]},{"@type":"ImageObject","inLanguage":"pt-BR","@id":"https:\/\/cleitonpinheiro.com.br\/site\/audiencias-publicas-do-planmob-discutem-propostas-para-o-transporte-coletivo-de-palmas\/#primaryimage","url":"","contentUrl":""},{"@type":"BreadcrumbList","@id":"https:\/\/cleitonpinheiro.com.br\/site\/audiencias-publicas-do-planmob-discutem-propostas-para-o-transporte-coletivo-de-palmas\/#breadcrumb","itemListElement":[{"@type":"ListItem","position":1,"name":"In\u00edcio","item":"https:\/\/cleitonpinheiro.com.br\/site\/"},{"@type":"ListItem","position":2,"name":"Audi\u00eancias p\u00fablicas do PlanMob discutem propostas para o transporte coletivo de Palmas"}]},{"@type":"WebSite","@id":"https:\/\/cleitonpinheiro.com.br\/site\/#website","url":"https:\/\/cleitonpinheiro.com.br\/site\/","name":"PORTAL DE NOT\u00cdCIAS CLEITON PINHEIRO","description":"FALANDO A VERDADE","publisher":{"@id":"https:\/\/cleitonpinheiro.com.br\/site\/#organization"},"potentialAction":[{"@type":"SearchAction","target":{"@type":"EntryPoint","urlTemplate":"https:\/\/cleitonpinheiro.com.br\/site\/?s={search_term_string}"},"query-input":{"@type":"PropertyValueSpecification","valueRequired":true,"valueName":"search_term_string"}}],"inLanguage":"pt-BR"},{"@type":"Organization","@id":"https:\/\/cleitonpinheiro.com.br\/site\/#organization","name":"CPNOT\u00cdCIAS","url":"https:\/\/cleitonpinheiro.com.br\/site\/","logo":{"@type":"ImageObject","inLanguage":"pt-BR","@id":"https:\/\/cleitonpinheiro.com.br\/site\/#\/schema\/logo\/image\/","url":"https:\/\/cleitonpinheiro.com.br\/site\/wp-content\/uploads\/2022\/08\/Logo-pequena-2.png","contentUrl":"https:\/\/cleitonpinheiro.com.br\/site\/wp-content\/uploads\/2022\/08\/Logo-pequena-2.png","width":500,"height":500,"caption":"CPNOT\u00cdCIAS"},"image":{"@id":"https:\/\/cleitonpinheiro.com.br\/site\/#\/schema\/logo\/image\/"},"sameAs":["https:\/\/www.facebook.com\/portalcpnoticias\/"]},{"@type":"Person","@id":"https:\/\/cleitonpinheiro.com.br\/site\/#\/schema\/person\/8f04544e0bc40a1b68775b08360f87db","name":"Reda\u00e7\u00e3o CP","image":{"@type":"ImageObject","inLanguage":"pt-BR","@id":"https:\/\/cleitonpinheiro.com.br\/site\/#\/schema\/person\/image\/","url":"https:\/\/secure.gravatar.com\/avatar\/0bcf19cb29fdc8fc588c490c7ae1b3e174dac268586a63fbe1d1893a0f9020cd?s=96&r=g","contentUrl":"https:\/\/secure.gravatar.com\/avatar\/0bcf19cb29fdc8fc588c490c7ae1b3e174dac268586a63fbe1d1893a0f9020cd?s=96&r=g","caption":"Reda\u00e7\u00e3o CP"},"url":"https:\/\/cleitonpinheiro.com.br\/site\/author\/redacao\/"}]}},"views":115,"_links":{"self":[{"href":"https:\/\/cleitonpinheiro.com.br\/site\/wp-json\/wp\/v2\/posts\/73208","targetHints":{"allow":["GET"]}}],"collection":[{"href":"https:\/\/cleitonpinheiro.com.br\/site\/wp-json\/wp\/v2\/posts"}],"about":[{"href":"https:\/\/cleitonpinheiro.com.br\/site\/wp-json\/wp\/v2\/types\/post"}],"author":[{"embeddable":true,"href":"https:\/\/cleitonpinheiro.com.br\/site\/wp-json\/wp\/v2\/users\/13"}],"replies":[{"embeddable":true,"href":"https:\/\/cleitonpinheiro.com.br\/site\/wp-json\/wp\/v2\/comments?post=73208"}],"version-history":[{"count":1,"href":"https:\/\/cleitonpinheiro.com.br\/site\/wp-json\/wp\/v2\/posts\/73208\/revisions"}],"predecessor-version":[{"id":73210,"href":"https:\/\/cleitonpinheiro.com.br\/site\/wp-json\/wp\/v2\/posts\/73208\/revisions\/73210"}],"wp:attachment":[{"href":"https:\/\/cleitonpinheiro.com.br\/site\/wp-json\/wp\/v2\/media?parent=73208"}],"wp:term":[{"taxonomy":"category","embeddable":true,"href":"https:\/\/cleitonpinheiro.com.br\/site\/wp-json\/wp\/v2\/categories?post=73208"},{"taxonomy":"post_tag","embeddable":true,"href":"https:\/\/cleitonpinheiro.com.br\/site\/wp-json\/wp\/v2\/tags?post=73208"}],"curies":[{"name":"wp","href":"https:\/\/api.w.org\/{rel}","templated":true}]}}