{"id":73211,"date":"2023-07-31T17:06:21","date_gmt":"2023-07-31T20:06:21","guid":{"rendered":"https:\/\/cleitonpinheiro.com.br\/site\/?p=73211"},"modified":"2023-08-02T12:56:42","modified_gmt":"2023-08-02T15:56:42","slug":"prefeita-cinthia-ribeiro-lanca-premio-para-profissionais-da-educacao-durante-encontro","status":"publish","type":"post","link":"https:\/\/cleitonpinheiro.com.br\/site\/prefeita-cinthia-ribeiro-lanca-premio-para-profissionais-da-educacao-durante-encontro\/","title":{"rendered":"Prefeita Cinthia Ribeiro lan\u00e7a pr\u00eamio para profissionais da educa\u00e7\u00e3o durante encontro"},"content":{"rendered":"\n<figure class=\"wp-block-image size-full\"><img decoding=\"async\" src=\"https:\/\/cleitonpinheiro.com.br\/site\/wp-content\/uploads\/2023\/07\/413b0fd1d92246629177e2fb04673cca.jpeg\" alt=\"\" class=\"wp-image-73212\"\/><figcaption class=\"wp-element-caption\">Durante encontro com profissionais da educa\u00e7\u00e3o, prefeita Cinthia Ribeiro lan\u00e7a pr\u00eamio &#8211; Foto: Edu Fortes\/Prefeitura de Palmas<\/figcaption><\/figure>\n\n\n\n<p class=\"wp-block-paragraph\">Na manh\u00e3 desta segunda-feira, 31, a prefeita de Palmas, Cinthia Ribeiro, acompanhou a capacita\u00e7\u00e3o dos profissionais da educa\u00e7\u00e3o para o in\u00edcio do segundo semestre letivo de 2023. Na ocasi\u00e3o, a gestora lan\u00e7ou o Pr\u00eamio Profissionais da Educa\u00e7\u00e3o, voltado para os servidores do ensino municipal e&nbsp;apresentou novas plataformas de aprendizado. \u201cVoc\u00eas est\u00e3o literalmente dando aula de como dar aula para todo o Brasil. A educa\u00e7\u00e3o \u00e9 uma importante ferramenta de transforma\u00e7\u00e3o e eu tenho muito orgulho de voc\u00eas que fazem um trabalho t\u00e3o qualificado. De nada adianta investimento em estrutura, material, se n\u00e3o investirmos nas pessoas\u201d, lembrou a prefeita.<\/p>\n\n\n\n<p class=\"wp-block-paragraph\">A regras do Pr\u00eamio Profissionais da Educa\u00e7\u00e3o ser\u00e3o divulgadas em edital. Ser\u00e3o premiados os melhores resultados do SAEP 2023, divididos por categoria: Unidade Educacional, Profissionais da Educa\u00e7\u00e3o, T\u00e9cnicos Semed e educandos.<\/p>\n\n\n\n<p class=\"wp-block-paragraph\">O evento, que acontece em uma casa de eventos, re\u00fane mais de 400 servidores por turno. A secret\u00e1ria municipal da&nbsp;Educa\u00e7\u00e3o, F\u00e1tima Sena, esteve presente na cerim\u00f4nia e lembrou que a Prefeitura de Palmas possui um sistema pr\u00f3prio de avalia\u00e7\u00e3, o SAEP &#8211; Sistema de Avalia\u00e7\u00e3o Educacional de Palmas. Otimista, ela disse que em breve a Capital ser\u00e1 a primeira colocada nas s\u00e9ries finais e iniciais do \u00cdndice de Desenvolvimento da Educa\u00e7\u00e3o B\u00e1sica (Ideb). \u201cVenho da sala de aula e me emociona em falar e viver a educa\u00e7\u00e3o. Sou muito feliz com o time que temos\u201d, comemorou.<\/p>\n\n\n\n<p class=\"wp-block-paragraph\"><strong>Profissionais da Educa\u00e7\u00e3o<\/strong><\/p>\n\n\n\n<p class=\"wp-block-paragraph\">O Pr\u00eamio Profissionais da Educa\u00e7\u00e3o visa reconhecer o trabalho de professores, t\u00e9cnicos e gestores escolares, bem como de alunos da rede municipal de ensino que se destacarem no Sistema de Avalia\u00e7\u00e3o Educacional de Palmas (Saep). A premia\u00e7\u00e3o \u00e9 dividida em categorias e contemplam as Unidades Escolares; Profissionais da Educa\u00e7\u00e3o, T\u00e9cnicos da Secretaria Municipal de Educa\u00e7\u00e3o (Semed) e Educandos Avaliados.<\/p>\n\n\n\n<p class=\"wp-block-paragraph\"><strong>Ideb\u00a0<\/strong><\/p>\n\n\n\n<p class=\"wp-block-paragraph\">Conforme os dados do Ideb, divulgados em 2022, Palmas obteve 2\u00ba lugar entre as capitais no que se refere ao rendimento obtido nos anos iniciais do ensino fundamental (1\u00ba ao 5\u00ba ano), com m\u00e9dia de 6,1, atingindo a meta prevista, ficando abaixo apenas de Teresina (PI). Nos anos finais (6\u00ba ao 9\u00ba ano), a Capital obteve 1\u00ba lugar, com m\u00e9dia 5,6, superando a sua meta projetada, que era 5,5.<\/p>\n","protected":false},"excerpt":{"rendered":"<p>Na manh\u00e3 desta segunda-feira, 31, a prefeita de Palmas, Cinthia Ribeiro, acompanhou a capacita\u00e7\u00e3o dos profissionais da educa\u00e7\u00e3o para o in\u00edcio do segundo semestre letivo de 2023. E ela lan\u00e7ou o Pr\u00eamio Profissionais da Educa\u00e7\u00e3o.<\/p>\n","protected":false},"author":13,"featured_media":0,"comment_status":"open","ping_status":"open","sticky":false,"template":"","format":"standard","meta":{"_acf_changed":false,"footnotes":""},"categories":[25,898],"tags":[720],"class_list":["post-73211","post","type-post","status-publish","format-standard","hentry","category-funcionalismo","category-manchete-segundaria","tag-prefeitura-de-palmas"],"acf":[],"yoast_head":"<!-- This site is optimized with the Yoast SEO plugin v24.4 - https:\/\/yoast.com\/wordpress\/plugins\/seo\/ -->\n<title>Prefeita Cinthia Ribeiro lan\u00e7a pr\u00eamio para profissionais da educa\u00e7\u00e3o durante encontro - PORTAL DE NOT\u00cdCIAS CLEITON PINHEIRO<\/title>\n<meta name=\"robots\" content=\"index, follow, max-snippet:-1, max-image-preview:large, max-video-preview:-1\" \/>\n<link rel=\"canonical\" href=\"https:\/\/cleitonpinheiro.com.br\/site\/prefeita-cinthia-ribeiro-lanca-premio-para-profissionais-da-educacao-durante-encontro\/\" \/>\n<meta property=\"og:locale\" content=\"pt_BR\" \/>\n<meta property=\"og:type\" content=\"article\" \/>\n<meta property=\"og:title\" content=\"Prefeita Cinthia Ribeiro lan\u00e7a pr\u00eamio para profissionais da educa\u00e7\u00e3o durante encontro - PORTAL DE NOT\u00cdCIAS CLEITON PINHEIRO\" \/>\n<meta property=\"og:description\" content=\"Na manh\u00e3 desta segunda-feira, 31, a prefeita de Palmas, Cinthia Ribeiro, acompanhou a capacita\u00e7\u00e3o dos profissionais da educa\u00e7\u00e3o para o in\u00edcio do segundo semestre letivo de 2023. E ela lan\u00e7ou o Pr\u00eamio Profissionais da Educa\u00e7\u00e3o.\" \/>\n<meta property=\"og:url\" content=\"https:\/\/cleitonpinheiro.com.br\/site\/prefeita-cinthia-ribeiro-lanca-premio-para-profissionais-da-educacao-durante-encontro\/\" \/>\n<meta property=\"og:site_name\" content=\"PORTAL DE NOT\u00cdCIAS CLEITON PINHEIRO\" \/>\n<meta property=\"article:publisher\" content=\"https:\/\/www.facebook.com\/portalcpnoticias\/\" \/>\n<meta property=\"article:published_time\" content=\"2023-07-31T20:06:21+00:00\" \/>\n<meta property=\"article:modified_time\" content=\"2023-08-02T15:56:42+00:00\" \/>\n<meta property=\"og:image\" content=\"https:\/\/cleitonpinheiro.com.br\/site\/wp-content\/uploads\/2023\/07\/05010708972d4690a1d27a8cbcb91ebd.jpeg\" \/>\n\t<meta property=\"og:image:width\" content=\"800\" \/>\n\t<meta property=\"og:image:height\" content=\"533\" \/>\n\t<meta property=\"og:image:type\" content=\"image\/jpeg\" \/>\n<meta name=\"author\" content=\"Reda\u00e7\u00e3o CP\" \/>\n<meta name=\"twitter:card\" content=\"summary_large_image\" \/>\n<meta name=\"twitter:label1\" content=\"Escrito por\" \/>\n\t<meta name=\"twitter:data1\" content=\"Reda\u00e7\u00e3o CP\" \/>\n\t<meta name=\"twitter:label2\" content=\"Est. tempo de leitura\" \/>\n\t<meta name=\"twitter:data2\" content=\"3 minutos\" \/>\n<script type=\"application\/ld+json\" class=\"yoast-schema-graph\">{\"@context\":\"https:\/\/schema.org\",\"@graph\":[{\"@type\":\"Article\",\"@id\":\"https:\/\/cleitonpinheiro.com.br\/site\/prefeita-cinthia-ribeiro-lanca-premio-para-profissionais-da-educacao-durante-encontro\/#article\",\"isPartOf\":{\"@id\":\"https:\/\/cleitonpinheiro.com.br\/site\/prefeita-cinthia-ribeiro-lanca-premio-para-profissionais-da-educacao-durante-encontro\/\"},\"author\":{\"name\":\"Reda\u00e7\u00e3o CP\",\"@id\":\"https:\/\/cleitonpinheiro.com.br\/site\/#\/schema\/person\/8f04544e0bc40a1b68775b08360f87db\"},\"headline\":\"Prefeita Cinthia Ribeiro lan\u00e7a pr\u00eamio para profissionais da educa\u00e7\u00e3o durante encontro\",\"datePublished\":\"2023-07-31T20:06:21+00:00\",\"dateModified\":\"2023-08-02T15:56:42+00:00\",\"mainEntityOfPage\":{\"@id\":\"https:\/\/cleitonpinheiro.com.br\/site\/prefeita-cinthia-ribeiro-lanca-premio-para-profissionais-da-educacao-durante-encontro\/\"},\"wordCount\":422,\"commentCount\":0,\"publisher\":{\"@id\":\"https:\/\/cleitonpinheiro.com.br\/site\/#organization\"},\"image\":{\"@id\":\"https:\/\/cleitonpinheiro.com.br\/site\/prefeita-cinthia-ribeiro-lanca-premio-para-profissionais-da-educacao-durante-encontro\/#primaryimage\"},\"thumbnailUrl\":\"https:\/\/cleitonpinheiro.com.br\/site\/wp-content\/uploads\/2023\/07\/413b0fd1d92246629177e2fb04673cca.jpeg\",\"keywords\":[\"Prefeitura de Palmas\"],\"articleSection\":[\"FUNCIONALISMO\",\"MANCHETE SEGUND\u00c1RIA\"],\"inLanguage\":\"pt-BR\",\"potentialAction\":[{\"@type\":\"CommentAction\",\"name\":\"Comment\",\"target\":[\"https:\/\/cleitonpinheiro.com.br\/site\/prefeita-cinthia-ribeiro-lanca-premio-para-profissionais-da-educacao-durante-encontro\/#respond\"]}]},{\"@type\":\"WebPage\",\"@id\":\"https:\/\/cleitonpinheiro.com.br\/site\/prefeita-cinthia-ribeiro-lanca-premio-para-profissionais-da-educacao-durante-encontro\/\",\"url\":\"https:\/\/cleitonpinheiro.com.br\/site\/prefeita-cinthia-ribeiro-lanca-premio-para-profissionais-da-educacao-durante-encontro\/\",\"name\":\"Prefeita Cinthia Ribeiro lan\u00e7a pr\u00eamio para profissionais da educa\u00e7\u00e3o durante encontro - PORTAL DE NOT\u00cdCIAS CLEITON PINHEIRO\",\"isPartOf\":{\"@id\":\"https:\/\/cleitonpinheiro.com.br\/site\/#website\"},\"primaryImageOfPage\":{\"@id\":\"https:\/\/cleitonpinheiro.com.br\/site\/prefeita-cinthia-ribeiro-lanca-premio-para-profissionais-da-educacao-durante-encontro\/#primaryimage\"},\"image\":{\"@id\":\"https:\/\/cleitonpinheiro.com.br\/site\/prefeita-cinthia-ribeiro-lanca-premio-para-profissionais-da-educacao-durante-encontro\/#primaryimage\"},\"thumbnailUrl\":\"https:\/\/cleitonpinheiro.com.br\/site\/wp-content\/uploads\/2023\/07\/413b0fd1d92246629177e2fb04673cca.jpeg\",\"datePublished\":\"2023-07-31T20:06:21+00:00\",\"dateModified\":\"2023-08-02T15:56:42+00:00\",\"breadcrumb\":{\"@id\":\"https:\/\/cleitonpinheiro.com.br\/site\/prefeita-cinthia-ribeiro-lanca-premio-para-profissionais-da-educacao-durante-encontro\/#breadcrumb\"},\"inLanguage\":\"pt-BR\",\"potentialAction\":[{\"@type\":\"ReadAction\",\"target\":[\"https:\/\/cleitonpinheiro.com.br\/site\/prefeita-cinthia-ribeiro-lanca-premio-para-profissionais-da-educacao-durante-encontro\/\"]}]},{\"@type\":\"ImageObject\",\"inLanguage\":\"pt-BR\",\"@id\":\"https:\/\/cleitonpinheiro.com.br\/site\/prefeita-cinthia-ribeiro-lanca-premio-para-profissionais-da-educacao-durante-encontro\/#primaryimage\",\"url\":\"\",\"contentUrl\":\"\"},{\"@type\":\"BreadcrumbList\",\"@id\":\"https:\/\/cleitonpinheiro.com.br\/site\/prefeita-cinthia-ribeiro-lanca-premio-para-profissionais-da-educacao-durante-encontro\/#breadcrumb\",\"itemListElement\":[{\"@type\":\"ListItem\",\"position\":1,\"name\":\"In\u00edcio\",\"item\":\"https:\/\/cleitonpinheiro.com.br\/site\/\"},{\"@type\":\"ListItem\",\"position\":2,\"name\":\"Prefeita Cinthia Ribeiro lan\u00e7a pr\u00eamio para profissionais da educa\u00e7\u00e3o durante encontro\"}]},{\"@type\":\"WebSite\",\"@id\":\"https:\/\/cleitonpinheiro.com.br\/site\/#website\",\"url\":\"https:\/\/cleitonpinheiro.com.br\/site\/\",\"name\":\"PORTAL DE NOT\u00cdCIAS CLEITON PINHEIRO\",\"description\":\"FALANDO A VERDADE\",\"publisher\":{\"@id\":\"https:\/\/cleitonpinheiro.com.br\/site\/#organization\"},\"potentialAction\":[{\"@type\":\"SearchAction\",\"target\":{\"@type\":\"EntryPoint\",\"urlTemplate\":\"https:\/\/cleitonpinheiro.com.br\/site\/?s={search_term_string}\"},\"query-input\":{\"@type\":\"PropertyValueSpecification\",\"valueRequired\":true,\"valueName\":\"search_term_string\"}}],\"inLanguage\":\"pt-BR\"},{\"@type\":\"Organization\",\"@id\":\"https:\/\/cleitonpinheiro.com.br\/site\/#organization\",\"name\":\"CPNOT\u00cdCIAS\",\"url\":\"https:\/\/cleitonpinheiro.com.br\/site\/\",\"logo\":{\"@type\":\"ImageObject\",\"inLanguage\":\"pt-BR\",\"@id\":\"https:\/\/cleitonpinheiro.com.br\/site\/#\/schema\/logo\/image\/\",\"url\":\"https:\/\/cleitonpinheiro.com.br\/site\/wp-content\/uploads\/2022\/08\/Logo-pequena-2.png\",\"contentUrl\":\"https:\/\/cleitonpinheiro.com.br\/site\/wp-content\/uploads\/2022\/08\/Logo-pequena-2.png\",\"width\":500,\"height\":500,\"caption\":\"CPNOT\u00cdCIAS\"},\"image\":{\"@id\":\"https:\/\/cleitonpinheiro.com.br\/site\/#\/schema\/logo\/image\/\"},\"sameAs\":[\"https:\/\/www.facebook.com\/portalcpnoticias\/\"]},{\"@type\":\"Person\",\"@id\":\"https:\/\/cleitonpinheiro.com.br\/site\/#\/schema\/person\/8f04544e0bc40a1b68775b08360f87db\",\"name\":\"Reda\u00e7\u00e3o CP\",\"image\":{\"@type\":\"ImageObject\",\"inLanguage\":\"pt-BR\",\"@id\":\"https:\/\/cleitonpinheiro.com.br\/site\/#\/schema\/person\/image\/\",\"url\":\"https:\/\/secure.gravatar.com\/avatar\/0bcf19cb29fdc8fc588c490c7ae1b3e174dac268586a63fbe1d1893a0f9020cd?s=96&r=g\",\"contentUrl\":\"https:\/\/secure.gravatar.com\/avatar\/0bcf19cb29fdc8fc588c490c7ae1b3e174dac268586a63fbe1d1893a0f9020cd?s=96&r=g\",\"caption\":\"Reda\u00e7\u00e3o CP\"},\"url\":\"https:\/\/cleitonpinheiro.com.br\/site\/author\/redacao\/\"}]}<\/script>\n<!-- \/ Yoast SEO plugin. -->","yoast_head_json":{"title":"Prefeita Cinthia Ribeiro lan\u00e7a pr\u00eamio para profissionais da educa\u00e7\u00e3o durante encontro - PORTAL DE NOT\u00cdCIAS CLEITON PINHEIRO","robots":{"index":"index","follow":"follow","max-snippet":"max-snippet:-1","max-image-preview":"max-image-preview:large","max-video-preview":"max-video-preview:-1"},"canonical":"https:\/\/cleitonpinheiro.com.br\/site\/prefeita-cinthia-ribeiro-lanca-premio-para-profissionais-da-educacao-durante-encontro\/","og_locale":"pt_BR","og_type":"article","og_title":"Prefeita Cinthia Ribeiro lan\u00e7a pr\u00eamio para profissionais da educa\u00e7\u00e3o durante encontro - PORTAL DE NOT\u00cdCIAS CLEITON PINHEIRO","og_description":"Na manh\u00e3 desta segunda-feira, 31, a prefeita de Palmas, Cinthia Ribeiro, acompanhou a capacita\u00e7\u00e3o dos profissionais da educa\u00e7\u00e3o para o in\u00edcio do segundo semestre letivo de 2023. E ela lan\u00e7ou o Pr\u00eamio Profissionais da Educa\u00e7\u00e3o.","og_url":"https:\/\/cleitonpinheiro.com.br\/site\/prefeita-cinthia-ribeiro-lanca-premio-para-profissionais-da-educacao-durante-encontro\/","og_site_name":"PORTAL DE NOT\u00cdCIAS CLEITON PINHEIRO","article_publisher":"https:\/\/www.facebook.com\/portalcpnoticias\/","article_published_time":"2023-07-31T20:06:21+00:00","article_modified_time":"2023-08-02T15:56:42+00:00","og_image":[{"width":800,"height":533,"url":"https:\/\/cleitonpinheiro.com.br\/site\/wp-content\/uploads\/2023\/07\/05010708972d4690a1d27a8cbcb91ebd.jpeg","type":"image\/jpeg"}],"author":"Reda\u00e7\u00e3o CP","twitter_card":"summary_large_image","twitter_misc":{"Escrito por":"Reda\u00e7\u00e3o CP","Est. tempo de leitura":"3 minutos"},"schema":{"@context":"https:\/\/schema.org","@graph":[{"@type":"Article","@id":"https:\/\/cleitonpinheiro.com.br\/site\/prefeita-cinthia-ribeiro-lanca-premio-para-profissionais-da-educacao-durante-encontro\/#article","isPartOf":{"@id":"https:\/\/cleitonpinheiro.com.br\/site\/prefeita-cinthia-ribeiro-lanca-premio-para-profissionais-da-educacao-durante-encontro\/"},"author":{"name":"Reda\u00e7\u00e3o CP","@id":"https:\/\/cleitonpinheiro.com.br\/site\/#\/schema\/person\/8f04544e0bc40a1b68775b08360f87db"},"headline":"Prefeita Cinthia Ribeiro lan\u00e7a pr\u00eamio para profissionais da educa\u00e7\u00e3o durante encontro","datePublished":"2023-07-31T20:06:21+00:00","dateModified":"2023-08-02T15:56:42+00:00","mainEntityOfPage":{"@id":"https:\/\/cleitonpinheiro.com.br\/site\/prefeita-cinthia-ribeiro-lanca-premio-para-profissionais-da-educacao-durante-encontro\/"},"wordCount":422,"commentCount":0,"publisher":{"@id":"https:\/\/cleitonpinheiro.com.br\/site\/#organization"},"image":{"@id":"https:\/\/cleitonpinheiro.com.br\/site\/prefeita-cinthia-ribeiro-lanca-premio-para-profissionais-da-educacao-durante-encontro\/#primaryimage"},"thumbnailUrl":"https:\/\/cleitonpinheiro.com.br\/site\/wp-content\/uploads\/2023\/07\/413b0fd1d92246629177e2fb04673cca.jpeg","keywords":["Prefeitura de Palmas"],"articleSection":["FUNCIONALISMO","MANCHETE SEGUND\u00c1RIA"],"inLanguage":"pt-BR","potentialAction":[{"@type":"CommentAction","name":"Comment","target":["https:\/\/cleitonpinheiro.com.br\/site\/prefeita-cinthia-ribeiro-lanca-premio-para-profissionais-da-educacao-durante-encontro\/#respond"]}]},{"@type":"WebPage","@id":"https:\/\/cleitonpinheiro.com.br\/site\/prefeita-cinthia-ribeiro-lanca-premio-para-profissionais-da-educacao-durante-encontro\/","url":"https:\/\/cleitonpinheiro.com.br\/site\/prefeita-cinthia-ribeiro-lanca-premio-para-profissionais-da-educacao-durante-encontro\/","name":"Prefeita Cinthia Ribeiro lan\u00e7a pr\u00eamio para profissionais da educa\u00e7\u00e3o durante encontro - PORTAL DE NOT\u00cdCIAS CLEITON PINHEIRO","isPartOf":{"@id":"https:\/\/cleitonpinheiro.com.br\/site\/#website"},"primaryImageOfPage":{"@id":"https:\/\/cleitonpinheiro.com.br\/site\/prefeita-cinthia-ribeiro-lanca-premio-para-profissionais-da-educacao-durante-encontro\/#primaryimage"},"image":{"@id":"https:\/\/cleitonpinheiro.com.br\/site\/prefeita-cinthia-ribeiro-lanca-premio-para-profissionais-da-educacao-durante-encontro\/#primaryimage"},"thumbnailUrl":"https:\/\/cleitonpinheiro.com.br\/site\/wp-content\/uploads\/2023\/07\/413b0fd1d92246629177e2fb04673cca.jpeg","datePublished":"2023-07-31T20:06:21+00:00","dateModified":"2023-08-02T15:56:42+00:00","breadcrumb":{"@id":"https:\/\/cleitonpinheiro.com.br\/site\/prefeita-cinthia-ribeiro-lanca-premio-para-profissionais-da-educacao-durante-encontro\/#breadcrumb"},"inLanguage":"pt-BR","potentialAction":[{"@type":"ReadAction","target":["https:\/\/cleitonpinheiro.com.br\/site\/prefeita-cinthia-ribeiro-lanca-premio-para-profissionais-da-educacao-durante-encontro\/"]}]},{"@type":"ImageObject","inLanguage":"pt-BR","@id":"https:\/\/cleitonpinheiro.com.br\/site\/prefeita-cinthia-ribeiro-lanca-premio-para-profissionais-da-educacao-durante-encontro\/#primaryimage","url":"","contentUrl":""},{"@type":"BreadcrumbList","@id":"https:\/\/cleitonpinheiro.com.br\/site\/prefeita-cinthia-ribeiro-lanca-premio-para-profissionais-da-educacao-durante-encontro\/#breadcrumb","itemListElement":[{"@type":"ListItem","position":1,"name":"In\u00edcio","item":"https:\/\/cleitonpinheiro.com.br\/site\/"},{"@type":"ListItem","position":2,"name":"Prefeita Cinthia Ribeiro lan\u00e7a pr\u00eamio para profissionais da educa\u00e7\u00e3o durante encontro"}]},{"@type":"WebSite","@id":"https:\/\/cleitonpinheiro.com.br\/site\/#website","url":"https:\/\/cleitonpinheiro.com.br\/site\/","name":"PORTAL DE NOT\u00cdCIAS CLEITON PINHEIRO","description":"FALANDO A VERDADE","publisher":{"@id":"https:\/\/cleitonpinheiro.com.br\/site\/#organization"},"potentialAction":[{"@type":"SearchAction","target":{"@type":"EntryPoint","urlTemplate":"https:\/\/cleitonpinheiro.com.br\/site\/?s={search_term_string}"},"query-input":{"@type":"PropertyValueSpecification","valueRequired":true,"valueName":"search_term_string"}}],"inLanguage":"pt-BR"},{"@type":"Organization","@id":"https:\/\/cleitonpinheiro.com.br\/site\/#organization","name":"CPNOT\u00cdCIAS","url":"https:\/\/cleitonpinheiro.com.br\/site\/","logo":{"@type":"ImageObject","inLanguage":"pt-BR","@id":"https:\/\/cleitonpinheiro.com.br\/site\/#\/schema\/logo\/image\/","url":"https:\/\/cleitonpinheiro.com.br\/site\/wp-content\/uploads\/2022\/08\/Logo-pequena-2.png","contentUrl":"https:\/\/cleitonpinheiro.com.br\/site\/wp-content\/uploads\/2022\/08\/Logo-pequena-2.png","width":500,"height":500,"caption":"CPNOT\u00cdCIAS"},"image":{"@id":"https:\/\/cleitonpinheiro.com.br\/site\/#\/schema\/logo\/image\/"},"sameAs":["https:\/\/www.facebook.com\/portalcpnoticias\/"]},{"@type":"Person","@id":"https:\/\/cleitonpinheiro.com.br\/site\/#\/schema\/person\/8f04544e0bc40a1b68775b08360f87db","name":"Reda\u00e7\u00e3o CP","image":{"@type":"ImageObject","inLanguage":"pt-BR","@id":"https:\/\/cleitonpinheiro.com.br\/site\/#\/schema\/person\/image\/","url":"https:\/\/secure.gravatar.com\/avatar\/0bcf19cb29fdc8fc588c490c7ae1b3e174dac268586a63fbe1d1893a0f9020cd?s=96&r=g","contentUrl":"https:\/\/secure.gravatar.com\/avatar\/0bcf19cb29fdc8fc588c490c7ae1b3e174dac268586a63fbe1d1893a0f9020cd?s=96&r=g","caption":"Reda\u00e7\u00e3o CP"},"url":"https:\/\/cleitonpinheiro.com.br\/site\/author\/redacao\/"}]}},"views":127,"_links":{"self":[{"href":"https:\/\/cleitonpinheiro.com.br\/site\/wp-json\/wp\/v2\/posts\/73211","targetHints":{"allow":["GET"]}}],"collection":[{"href":"https:\/\/cleitonpinheiro.com.br\/site\/wp-json\/wp\/v2\/posts"}],"about":[{"href":"https:\/\/cleitonpinheiro.com.br\/site\/wp-json\/wp\/v2\/types\/post"}],"author":[{"embeddable":true,"href":"https:\/\/cleitonpinheiro.com.br\/site\/wp-json\/wp\/v2\/users\/13"}],"replies":[{"embeddable":true,"href":"https:\/\/cleitonpinheiro.com.br\/site\/wp-json\/wp\/v2\/comments?post=73211"}],"version-history":[{"count":1,"href":"https:\/\/cleitonpinheiro.com.br\/site\/wp-json\/wp\/v2\/posts\/73211\/revisions"}],"predecessor-version":[{"id":73214,"href":"https:\/\/cleitonpinheiro.com.br\/site\/wp-json\/wp\/v2\/posts\/73211\/revisions\/73214"}],"wp:attachment":[{"href":"https:\/\/cleitonpinheiro.com.br\/site\/wp-json\/wp\/v2\/media?parent=73211"}],"wp:term":[{"taxonomy":"category","embeddable":true,"href":"https:\/\/cleitonpinheiro.com.br\/site\/wp-json\/wp\/v2\/categories?post=73211"},{"taxonomy":"post_tag","embeddable":true,"href":"https:\/\/cleitonpinheiro.com.br\/site\/wp-json\/wp\/v2\/tags?post=73211"}],"curies":[{"name":"wp","href":"https:\/\/api.w.org\/{rel}","templated":true}]}}