{"id":73215,"date":"2023-08-01T10:42:50","date_gmt":"2023-08-01T13:42:50","guid":{"rendered":"https:\/\/cleitonpinheiro.com.br\/site\/?p=73215"},"modified":"2023-08-02T12:35:40","modified_gmt":"2023-08-02T15:35:40","slug":"isencao-de-imposto-de-importacao-para-compras-online-de-ate-us-50-entra-em-vigor-nesta-terca","status":"publish","type":"post","link":"https:\/\/cleitonpinheiro.com.br\/site\/isencao-de-imposto-de-importacao-para-compras-online-de-ate-us-50-entra-em-vigor-nesta-terca\/","title":{"rendered":"Isen\u00e7\u00e3o de Imposto de Importa\u00e7\u00e3o para compras online de at\u00e9 US$ 50 entra em vigor nesta ter\u00e7a"},"content":{"rendered":"\n<figure class=\"wp-block-image size-full\"><img decoding=\"async\" src=\"https:\/\/cleitonpinheiro.com.br\/site\/wp-content\/uploads\/2023\/08\/Conheca-a-SHEIN-sua-loja-de-roupas-online-e-baixe-o-aplicativo-Destaque.jpg\" alt=\"shein\" class=\"wp-image-73216\"\/><figcaption class=\"wp-element-caption\">Empresas dever\u00e3o aderir ao programa Remessa Conforme em troca da isen\u00e7\u00e3o da Receita Federal &#8211; Foto: Divulga\u00e7\u00e3o<\/figcaption><\/figure>\n\n\n\n<p class=\"wp-block-paragraph\">Celebrada pelos\u00a0<em>sites\u00a0<\/em>de compras e questionada pelas entidades ligadas ao varejo, a isen\u00e7\u00e3o federal para compras\u00a0<em>online<\/em>\u00a0de at\u00e9 US$ 50 entra em vigor nesta ter\u00e7a-feira (1\u00ba). A\u00a0<a href=\"https:\/\/agenciabrasil.ebc.com.br\/economia\/noticia\/2023-06\/compras-de-ate-us-50-pela-internet-ficam-livres-de-taxacao\" target=\"_blank\" rel=\"noreferrer noopener\">portaria\u00a0<\/a>foi publicada no fim de junho.<img decoding=\"async\" src=\"https:\/\/agenciabrasil.ebc.com.br\/ebc.png?id=1546565&amp;o=node\"><img decoding=\"async\" src=\"https:\/\/agenciabrasil.ebc.com.br\/ebc.gif?id=1546565&amp;o=node\"><\/p>\n\n\n\n<p class=\"wp-block-paragraph\">Em troca da isen\u00e7\u00e3o, as empresas dever\u00e3o entrar no programa de conformidade da Receita Federal, regulamentado por uma instru\u00e7\u00e3o normativa. A p\u00e1gina de com\u00e9rcio eletr\u00f4nico que aderir ao programa da Receita, chamado de Remessa Conforme, tamb\u00e9m ter\u00e1 acesso a uma declara\u00e7\u00e3o antecipada que permitir\u00e1 o ingresso mais r\u00e1pido da mercadoria no pa\u00eds.<\/p>\n\n\n\n<p class=\"wp-block-paragraph\">Caso as empresas n\u00e3o ingressem do programa, haver\u00e1 cobran\u00e7a de al\u00edquota de 60% de Imposto de Importa\u00e7\u00e3o, como ocorre com as compras acima de US$ 50. A isen\u00e7\u00e3o para compras at\u00e9 US$ 50 ser\u00e1 apenas para tributos federais. Todas as encomendas de empresas para pessoas f\u00edsicas que aderirem ao Remessa Conforme pagar\u00e3o 17% de Imposto sobre Com\u00e9rcio de Mercadorias e Servi\u00e7os (ICMS), tributo arrecadado pelos estados.<\/p>\n\n\n\n<p class=\"wp-block-paragraph\">A cobran\u00e7a de ICMS foi regulamentada em junho pelo Conselho Nacional de Pol\u00edtica Fazend\u00e1ria (Confaz), \u00f3rg\u00e3o que re\u00fane as Secretarias Estaduais de Fazenda, ajuda a resolver as finan\u00e7as dos estados.<\/p>\n\n\n\n<h2 class=\"wp-block-heading\">Modelo antigo<\/h2>\n\n\n\n<p class=\"wp-block-paragraph\">No modelo antigo, as remessas de empresas para pessoas f\u00edsicas do exterior n\u00e3o eram isentas, estando sujeitas \u00e0 al\u00edquota de 60% de Imposto de Importa\u00e7\u00e3o. Para encomendas entre US$ 500 e US$ 3 mil, tamb\u00e9m havia a cobran\u00e7a de ICMS. No entanto, a cobran\u00e7a era feita raramente sobre mercadorias de pequeno valor porque dependia de fiscaliza\u00e7\u00e3o da Receita Federal sobre as encomendas dos Correios.<\/p>\n\n\n\n<p class=\"wp-block-paragraph\">No modelo antigo, o Imposto de Importa\u00e7\u00e3o n\u00e3o era cobrado em duas situa\u00e7\u00f5es. A primeira \u00e9 a isen\u00e7\u00e3o estabelecida por lei para livros, revistas (e demais publica\u00e7\u00f5es peri\u00f3dicas) e rem\u00e9dios. No caso dos medicamentos, compras por pessoas f\u00edsicas de at\u00e9 US$ 10 mil s\u00e3o isentas, com o produto liberado somente se cumprir os padr\u00f5es da Ag\u00eancia Nacional de Vigil\u00e2ncia Sanit\u00e1ria (Anvisa). Essas isen\u00e7\u00f5es foram mantidas nas novas regras porque s\u00e3o definidas por lei e n\u00e3o podem ser regulamentadas por portaria.<\/p>\n\n\n\n<p class=\"wp-block-paragraph\">A portaria, no entanto, ampliou a isen\u00e7\u00e3o para encomendas de at\u00e9 US$ 50. O benef\u00edcio, at\u00e9 agora, s\u00f3 era concedido se a remessa ocorresse entre duas pessoas f\u00edsicas, sem fins comerciais. Essa isen\u00e7\u00e3o, no entanto, gerou problemas porque diversos sites aproveitam a brecha para se passarem por pessoas f\u00edsicas e evitarem o pagamento de imposto.<\/p>\n\n\n\n<h2 class=\"wp-block-heading\">Primeira fase<\/h2>\n\n\n\n<p class=\"wp-block-paragraph\">No fim de junho, o ministro da Fazenda, Fernando Haddad, tinha informado que a isen\u00e7\u00e3o representa apenas a&nbsp;<a href=\"https:\/\/agenciabrasil.ebc.com.br\/economia\/noticia\/2023-06\/imposto-federal-sobre-comercio-eletronico-ficara-para-segunda-etapa\" target=\"_blank\" rel=\"noreferrer noopener\">primeira etapa&nbsp;<\/a>da regulariza\u00e7\u00e3o do com\u00e9rcio eletr\u00f4nico. Segundo o ministro, uma segunda etapa estabelecer\u00e1, em definitivo, um modelo de tributa\u00e7\u00e3o federal para a importa\u00e7\u00e3o&nbsp;<em>online<\/em>, mas ele n\u00e3o esclareceu se as compras de at\u00e9 US$ 50 voltar\u00e3o a ser tributadas.<\/p>\n\n\n\n<p class=\"wp-block-paragraph\">De acordo com Haddad, a segunda etapa do que chamou de \u201cplano de conformidade\u201d buscar\u00e1 preservar o equil\u00edbrio entre os produtores nacionais e as lojas<em>&nbsp;online&nbsp;<\/em>que vendem produtos importados. A prioridade, destacou Haddad, ser\u00e1 impedir pr\u00e1ticas de concorr\u00eancia desleal.<\/p>\n\n\n\n<h2 class=\"wp-block-heading\">Resist\u00eancia<\/h2>\n\n\n\n<p class=\"wp-block-paragraph\">Nos \u00faltimos meses, Haddad reuniu-se com varejistas estrangeiras de com\u00e9rcio eletr\u00f4nico e com representantes do varejo nacional. A isen\u00e7\u00e3o federal preocupa a ind\u00fastria e o com\u00e9rcio brasileiro, que alegam competi\u00e7\u00e3o desleal com os produtos importados e amea\u00e7a a postos de trabalho.<\/p>\n\n\n\n<p class=\"wp-block-paragraph\">H\u00e1 duas semanas, a Confedera\u00e7\u00e3o Nacional da Ind\u00fastria (CNI) e o Instituto para Desenvolvimento do Varejo (IDV) apresentaram um estudo segundo o qual a medida provocar\u00e1 a&nbsp;<a href=\"https:\/\/agenciabrasil.ebc.com.br\/economia\/noticia\/2023-07\/isencao-de-compras-online-causara-25-mi-de-demissoes-dizem-entidades\" target=\"_blank\" rel=\"noreferrer noopener\">extin\u00e7\u00e3o de at\u00e9 2,5 milh\u00f5es de empregos<\/a>&nbsp;no segundo semestre. Segundo o levantamento, o varejo demitiria 2 milh\u00f5es de trabalhadores at\u00e9 o fim do ano e a ind\u00fastria, 500 mil. As entidades pediram a retomada da taxa\u00e7\u00e3o dessa faixa de compra, para evitar preju\u00edzos \u00e0 economia.<\/p>\n","protected":false},"excerpt":{"rendered":"<p>Celebrada pelos\u00a0sites\u00a0de compras e questionada pelas entidades ligadas ao varejo, a isen\u00e7\u00e3o federal para compras\u00a0online\u00a0de at\u00e9 US$ 50 entra em vigor nesta ter\u00e7a-feira (1\u00ba). A\u00a0portaria\u00a0foi publicada no fim de junho. Em troca da isen\u00e7\u00e3o, as empresas dever\u00e3o entrar no programa de conformidade da Receita Federal, regulamentado por uma instru\u00e7\u00e3o normativa. A p\u00e1gina de com\u00e9rcio eletr\u00f4nico [&hellip;]<\/p>\n","protected":false},"author":13,"featured_media":0,"comment_status":"open","ping_status":"open","sticky":false,"template":"","format":"standard","meta":{"_acf_changed":false,"footnotes":""},"categories":[19,898],"tags":[911],"class_list":["post-73215","post","type-post","status-publish","format-standard","hentry","category-brasil-mundo","category-manchete-segundaria","tag-governo-federal"],"acf":[],"yoast_head":"<!-- This site is optimized with the Yoast SEO plugin v24.4 - https:\/\/yoast.com\/wordpress\/plugins\/seo\/ -->\n<title>Isen\u00e7\u00e3o de Imposto de Importa\u00e7\u00e3o para compras online de at\u00e9 US$ 50 entra em vigor nesta ter\u00e7a - PORTAL DE NOT\u00cdCIAS CLEITON PINHEIRO<\/title>\n<meta name=\"robots\" content=\"index, follow, max-snippet:-1, max-image-preview:large, max-video-preview:-1\" \/>\n<link rel=\"canonical\" href=\"https:\/\/cleitonpinheiro.com.br\/site\/isencao-de-imposto-de-importacao-para-compras-online-de-ate-us-50-entra-em-vigor-nesta-terca\/\" \/>\n<meta property=\"og:locale\" content=\"pt_BR\" \/>\n<meta property=\"og:type\" content=\"article\" \/>\n<meta property=\"og:title\" content=\"Isen\u00e7\u00e3o de Imposto de Importa\u00e7\u00e3o para compras online de at\u00e9 US$ 50 entra em vigor nesta ter\u00e7a - PORTAL DE NOT\u00cdCIAS CLEITON PINHEIRO\" \/>\n<meta property=\"og:description\" content=\"Celebrada pelos\u00a0sites\u00a0de compras e questionada pelas entidades ligadas ao varejo, a isen\u00e7\u00e3o federal para compras\u00a0online\u00a0de at\u00e9 US$ 50 entra em vigor nesta ter\u00e7a-feira (1\u00ba). A\u00a0portaria\u00a0foi publicada no fim de junho. Em troca da isen\u00e7\u00e3o, as empresas dever\u00e3o entrar no programa de conformidade da Receita Federal, regulamentado por uma instru\u00e7\u00e3o normativa. A p\u00e1gina de com\u00e9rcio eletr\u00f4nico [&hellip;]\" \/>\n<meta property=\"og:url\" content=\"https:\/\/cleitonpinheiro.com.br\/site\/isencao-de-imposto-de-importacao-para-compras-online-de-ate-us-50-entra-em-vigor-nesta-terca\/\" \/>\n<meta property=\"og:site_name\" content=\"PORTAL DE NOT\u00cdCIAS CLEITON PINHEIRO\" \/>\n<meta property=\"article:publisher\" content=\"https:\/\/www.facebook.com\/portalcpnoticias\/\" \/>\n<meta property=\"article:published_time\" content=\"2023-08-01T13:42:50+00:00\" \/>\n<meta property=\"article:modified_time\" content=\"2023-08-02T15:35:40+00:00\" \/>\n<meta property=\"og:image\" content=\"https:\/\/cleitonpinheiro.com.br\/site\/wp-content\/uploads\/2023\/08\/Conheca-a-SHEIN-sua-loja-de-roupas-online-e-baixe-o-aplicativo-Destaque.jpg\" \/>\n\t<meta property=\"og:image:width\" content=\"900\" \/>\n\t<meta property=\"og:image:height\" content=\"563\" \/>\n\t<meta property=\"og:image:type\" content=\"image\/jpeg\" \/>\n<meta name=\"author\" content=\"Reda\u00e7\u00e3o CP\" \/>\n<meta name=\"twitter:card\" content=\"summary_large_image\" \/>\n<meta name=\"twitter:label1\" content=\"Escrito por\" \/>\n\t<meta name=\"twitter:data1\" content=\"Reda\u00e7\u00e3o CP\" \/>\n\t<meta name=\"twitter:label2\" content=\"Est. tempo de leitura\" \/>\n\t<meta name=\"twitter:data2\" content=\"5 minutos\" \/>\n<script type=\"application\/ld+json\" class=\"yoast-schema-graph\">{\"@context\":\"https:\/\/schema.org\",\"@graph\":[{\"@type\":\"Article\",\"@id\":\"https:\/\/cleitonpinheiro.com.br\/site\/isencao-de-imposto-de-importacao-para-compras-online-de-ate-us-50-entra-em-vigor-nesta-terca\/#article\",\"isPartOf\":{\"@id\":\"https:\/\/cleitonpinheiro.com.br\/site\/isencao-de-imposto-de-importacao-para-compras-online-de-ate-us-50-entra-em-vigor-nesta-terca\/\"},\"author\":{\"name\":\"Reda\u00e7\u00e3o CP\",\"@id\":\"https:\/\/cleitonpinheiro.com.br\/site\/#\/schema\/person\/8f04544e0bc40a1b68775b08360f87db\"},\"headline\":\"Isen\u00e7\u00e3o de Imposto de Importa\u00e7\u00e3o para compras online de at\u00e9 US$ 50 entra em vigor nesta ter\u00e7a\",\"datePublished\":\"2023-08-01T13:42:50+00:00\",\"dateModified\":\"2023-08-02T15:35:40+00:00\",\"mainEntityOfPage\":{\"@id\":\"https:\/\/cleitonpinheiro.com.br\/site\/isencao-de-imposto-de-importacao-para-compras-online-de-ate-us-50-entra-em-vigor-nesta-terca\/\"},\"wordCount\":711,\"commentCount\":0,\"publisher\":{\"@id\":\"https:\/\/cleitonpinheiro.com.br\/site\/#organization\"},\"image\":{\"@id\":\"https:\/\/cleitonpinheiro.com.br\/site\/isencao-de-imposto-de-importacao-para-compras-online-de-ate-us-50-entra-em-vigor-nesta-terca\/#primaryimage\"},\"thumbnailUrl\":\"https:\/\/cleitonpinheiro.com.br\/site\/wp-content\/uploads\/2023\/08\/Conheca-a-SHEIN-sua-loja-de-roupas-online-e-baixe-o-aplicativo-Destaque.jpg\",\"keywords\":[\"governo federal\"],\"articleSection\":[\"BRASIL \/ MUNDO\",\"MANCHETE SEGUND\u00c1RIA\"],\"inLanguage\":\"pt-BR\",\"potentialAction\":[{\"@type\":\"CommentAction\",\"name\":\"Comment\",\"target\":[\"https:\/\/cleitonpinheiro.com.br\/site\/isencao-de-imposto-de-importacao-para-compras-online-de-ate-us-50-entra-em-vigor-nesta-terca\/#respond\"]}]},{\"@type\":\"WebPage\",\"@id\":\"https:\/\/cleitonpinheiro.com.br\/site\/isencao-de-imposto-de-importacao-para-compras-online-de-ate-us-50-entra-em-vigor-nesta-terca\/\",\"url\":\"https:\/\/cleitonpinheiro.com.br\/site\/isencao-de-imposto-de-importacao-para-compras-online-de-ate-us-50-entra-em-vigor-nesta-terca\/\",\"name\":\"Isen\u00e7\u00e3o de Imposto de Importa\u00e7\u00e3o para compras online de at\u00e9 US$ 50 entra em vigor nesta ter\u00e7a - PORTAL DE NOT\u00cdCIAS CLEITON PINHEIRO\",\"isPartOf\":{\"@id\":\"https:\/\/cleitonpinheiro.com.br\/site\/#website\"},\"primaryImageOfPage\":{\"@id\":\"https:\/\/cleitonpinheiro.com.br\/site\/isencao-de-imposto-de-importacao-para-compras-online-de-ate-us-50-entra-em-vigor-nesta-terca\/#primaryimage\"},\"image\":{\"@id\":\"https:\/\/cleitonpinheiro.com.br\/site\/isencao-de-imposto-de-importacao-para-compras-online-de-ate-us-50-entra-em-vigor-nesta-terca\/#primaryimage\"},\"thumbnailUrl\":\"https:\/\/cleitonpinheiro.com.br\/site\/wp-content\/uploads\/2023\/08\/Conheca-a-SHEIN-sua-loja-de-roupas-online-e-baixe-o-aplicativo-Destaque.jpg\",\"datePublished\":\"2023-08-01T13:42:50+00:00\",\"dateModified\":\"2023-08-02T15:35:40+00:00\",\"breadcrumb\":{\"@id\":\"https:\/\/cleitonpinheiro.com.br\/site\/isencao-de-imposto-de-importacao-para-compras-online-de-ate-us-50-entra-em-vigor-nesta-terca\/#breadcrumb\"},\"inLanguage\":\"pt-BR\",\"potentialAction\":[{\"@type\":\"ReadAction\",\"target\":[\"https:\/\/cleitonpinheiro.com.br\/site\/isencao-de-imposto-de-importacao-para-compras-online-de-ate-us-50-entra-em-vigor-nesta-terca\/\"]}]},{\"@type\":\"ImageObject\",\"inLanguage\":\"pt-BR\",\"@id\":\"https:\/\/cleitonpinheiro.com.br\/site\/isencao-de-imposto-de-importacao-para-compras-online-de-ate-us-50-entra-em-vigor-nesta-terca\/#primaryimage\",\"url\":\"\",\"contentUrl\":\"\"},{\"@type\":\"BreadcrumbList\",\"@id\":\"https:\/\/cleitonpinheiro.com.br\/site\/isencao-de-imposto-de-importacao-para-compras-online-de-ate-us-50-entra-em-vigor-nesta-terca\/#breadcrumb\",\"itemListElement\":[{\"@type\":\"ListItem\",\"position\":1,\"name\":\"In\u00edcio\",\"item\":\"https:\/\/cleitonpinheiro.com.br\/site\/\"},{\"@type\":\"ListItem\",\"position\":2,\"name\":\"Isen\u00e7\u00e3o de Imposto de Importa\u00e7\u00e3o para compras online de at\u00e9 US$ 50 entra em vigor nesta ter\u00e7a\"}]},{\"@type\":\"WebSite\",\"@id\":\"https:\/\/cleitonpinheiro.com.br\/site\/#website\",\"url\":\"https:\/\/cleitonpinheiro.com.br\/site\/\",\"name\":\"PORTAL DE NOT\u00cdCIAS CLEITON PINHEIRO\",\"description\":\"FALANDO A VERDADE\",\"publisher\":{\"@id\":\"https:\/\/cleitonpinheiro.com.br\/site\/#organization\"},\"potentialAction\":[{\"@type\":\"SearchAction\",\"target\":{\"@type\":\"EntryPoint\",\"urlTemplate\":\"https:\/\/cleitonpinheiro.com.br\/site\/?s={search_term_string}\"},\"query-input\":{\"@type\":\"PropertyValueSpecification\",\"valueRequired\":true,\"valueName\":\"search_term_string\"}}],\"inLanguage\":\"pt-BR\"},{\"@type\":\"Organization\",\"@id\":\"https:\/\/cleitonpinheiro.com.br\/site\/#organization\",\"name\":\"CPNOT\u00cdCIAS\",\"url\":\"https:\/\/cleitonpinheiro.com.br\/site\/\",\"logo\":{\"@type\":\"ImageObject\",\"inLanguage\":\"pt-BR\",\"@id\":\"https:\/\/cleitonpinheiro.com.br\/site\/#\/schema\/logo\/image\/\",\"url\":\"https:\/\/cleitonpinheiro.com.br\/site\/wp-content\/uploads\/2022\/08\/Logo-pequena-2.png\",\"contentUrl\":\"https:\/\/cleitonpinheiro.com.br\/site\/wp-content\/uploads\/2022\/08\/Logo-pequena-2.png\",\"width\":500,\"height\":500,\"caption\":\"CPNOT\u00cdCIAS\"},\"image\":{\"@id\":\"https:\/\/cleitonpinheiro.com.br\/site\/#\/schema\/logo\/image\/\"},\"sameAs\":[\"https:\/\/www.facebook.com\/portalcpnoticias\/\"]},{\"@type\":\"Person\",\"@id\":\"https:\/\/cleitonpinheiro.com.br\/site\/#\/schema\/person\/8f04544e0bc40a1b68775b08360f87db\",\"name\":\"Reda\u00e7\u00e3o CP\",\"image\":{\"@type\":\"ImageObject\",\"inLanguage\":\"pt-BR\",\"@id\":\"https:\/\/cleitonpinheiro.com.br\/site\/#\/schema\/person\/image\/\",\"url\":\"https:\/\/secure.gravatar.com\/avatar\/0bcf19cb29fdc8fc588c490c7ae1b3e174dac268586a63fbe1d1893a0f9020cd?s=96&r=g\",\"contentUrl\":\"https:\/\/secure.gravatar.com\/avatar\/0bcf19cb29fdc8fc588c490c7ae1b3e174dac268586a63fbe1d1893a0f9020cd?s=96&r=g\",\"caption\":\"Reda\u00e7\u00e3o CP\"},\"url\":\"https:\/\/cleitonpinheiro.com.br\/site\/author\/redacao\/\"}]}<\/script>\n<!-- \/ Yoast SEO plugin. -->","yoast_head_json":{"title":"Isen\u00e7\u00e3o de Imposto de Importa\u00e7\u00e3o para compras online de at\u00e9 US$ 50 entra em vigor nesta ter\u00e7a - PORTAL DE NOT\u00cdCIAS CLEITON PINHEIRO","robots":{"index":"index","follow":"follow","max-snippet":"max-snippet:-1","max-image-preview":"max-image-preview:large","max-video-preview":"max-video-preview:-1"},"canonical":"https:\/\/cleitonpinheiro.com.br\/site\/isencao-de-imposto-de-importacao-para-compras-online-de-ate-us-50-entra-em-vigor-nesta-terca\/","og_locale":"pt_BR","og_type":"article","og_title":"Isen\u00e7\u00e3o de Imposto de Importa\u00e7\u00e3o para compras online de at\u00e9 US$ 50 entra em vigor nesta ter\u00e7a - PORTAL DE NOT\u00cdCIAS CLEITON PINHEIRO","og_description":"Celebrada pelos\u00a0sites\u00a0de compras e questionada pelas entidades ligadas ao varejo, a isen\u00e7\u00e3o federal para compras\u00a0online\u00a0de at\u00e9 US$ 50 entra em vigor nesta ter\u00e7a-feira (1\u00ba). A\u00a0portaria\u00a0foi publicada no fim de junho. Em troca da isen\u00e7\u00e3o, as empresas dever\u00e3o entrar no programa de conformidade da Receita Federal, regulamentado por uma instru\u00e7\u00e3o normativa. A p\u00e1gina de com\u00e9rcio eletr\u00f4nico [&hellip;]","og_url":"https:\/\/cleitonpinheiro.com.br\/site\/isencao-de-imposto-de-importacao-para-compras-online-de-ate-us-50-entra-em-vigor-nesta-terca\/","og_site_name":"PORTAL DE NOT\u00cdCIAS CLEITON PINHEIRO","article_publisher":"https:\/\/www.facebook.com\/portalcpnoticias\/","article_published_time":"2023-08-01T13:42:50+00:00","article_modified_time":"2023-08-02T15:35:40+00:00","og_image":[{"width":900,"height":563,"url":"https:\/\/cleitonpinheiro.com.br\/site\/wp-content\/uploads\/2023\/08\/Conheca-a-SHEIN-sua-loja-de-roupas-online-e-baixe-o-aplicativo-Destaque.jpg","type":"image\/jpeg"}],"author":"Reda\u00e7\u00e3o CP","twitter_card":"summary_large_image","twitter_misc":{"Escrito por":"Reda\u00e7\u00e3o CP","Est. tempo de leitura":"5 minutos"},"schema":{"@context":"https:\/\/schema.org","@graph":[{"@type":"Article","@id":"https:\/\/cleitonpinheiro.com.br\/site\/isencao-de-imposto-de-importacao-para-compras-online-de-ate-us-50-entra-em-vigor-nesta-terca\/#article","isPartOf":{"@id":"https:\/\/cleitonpinheiro.com.br\/site\/isencao-de-imposto-de-importacao-para-compras-online-de-ate-us-50-entra-em-vigor-nesta-terca\/"},"author":{"name":"Reda\u00e7\u00e3o CP","@id":"https:\/\/cleitonpinheiro.com.br\/site\/#\/schema\/person\/8f04544e0bc40a1b68775b08360f87db"},"headline":"Isen\u00e7\u00e3o de Imposto de Importa\u00e7\u00e3o para compras online de at\u00e9 US$ 50 entra em vigor nesta ter\u00e7a","datePublished":"2023-08-01T13:42:50+00:00","dateModified":"2023-08-02T15:35:40+00:00","mainEntityOfPage":{"@id":"https:\/\/cleitonpinheiro.com.br\/site\/isencao-de-imposto-de-importacao-para-compras-online-de-ate-us-50-entra-em-vigor-nesta-terca\/"},"wordCount":711,"commentCount":0,"publisher":{"@id":"https:\/\/cleitonpinheiro.com.br\/site\/#organization"},"image":{"@id":"https:\/\/cleitonpinheiro.com.br\/site\/isencao-de-imposto-de-importacao-para-compras-online-de-ate-us-50-entra-em-vigor-nesta-terca\/#primaryimage"},"thumbnailUrl":"https:\/\/cleitonpinheiro.com.br\/site\/wp-content\/uploads\/2023\/08\/Conheca-a-SHEIN-sua-loja-de-roupas-online-e-baixe-o-aplicativo-Destaque.jpg","keywords":["governo federal"],"articleSection":["BRASIL \/ MUNDO","MANCHETE SEGUND\u00c1RIA"],"inLanguage":"pt-BR","potentialAction":[{"@type":"CommentAction","name":"Comment","target":["https:\/\/cleitonpinheiro.com.br\/site\/isencao-de-imposto-de-importacao-para-compras-online-de-ate-us-50-entra-em-vigor-nesta-terca\/#respond"]}]},{"@type":"WebPage","@id":"https:\/\/cleitonpinheiro.com.br\/site\/isencao-de-imposto-de-importacao-para-compras-online-de-ate-us-50-entra-em-vigor-nesta-terca\/","url":"https:\/\/cleitonpinheiro.com.br\/site\/isencao-de-imposto-de-importacao-para-compras-online-de-ate-us-50-entra-em-vigor-nesta-terca\/","name":"Isen\u00e7\u00e3o de Imposto de Importa\u00e7\u00e3o para compras online de at\u00e9 US$ 50 entra em vigor nesta ter\u00e7a - PORTAL DE NOT\u00cdCIAS CLEITON PINHEIRO","isPartOf":{"@id":"https:\/\/cleitonpinheiro.com.br\/site\/#website"},"primaryImageOfPage":{"@id":"https:\/\/cleitonpinheiro.com.br\/site\/isencao-de-imposto-de-importacao-para-compras-online-de-ate-us-50-entra-em-vigor-nesta-terca\/#primaryimage"},"image":{"@id":"https:\/\/cleitonpinheiro.com.br\/site\/isencao-de-imposto-de-importacao-para-compras-online-de-ate-us-50-entra-em-vigor-nesta-terca\/#primaryimage"},"thumbnailUrl":"https:\/\/cleitonpinheiro.com.br\/site\/wp-content\/uploads\/2023\/08\/Conheca-a-SHEIN-sua-loja-de-roupas-online-e-baixe-o-aplicativo-Destaque.jpg","datePublished":"2023-08-01T13:42:50+00:00","dateModified":"2023-08-02T15:35:40+00:00","breadcrumb":{"@id":"https:\/\/cleitonpinheiro.com.br\/site\/isencao-de-imposto-de-importacao-para-compras-online-de-ate-us-50-entra-em-vigor-nesta-terca\/#breadcrumb"},"inLanguage":"pt-BR","potentialAction":[{"@type":"ReadAction","target":["https:\/\/cleitonpinheiro.com.br\/site\/isencao-de-imposto-de-importacao-para-compras-online-de-ate-us-50-entra-em-vigor-nesta-terca\/"]}]},{"@type":"ImageObject","inLanguage":"pt-BR","@id":"https:\/\/cleitonpinheiro.com.br\/site\/isencao-de-imposto-de-importacao-para-compras-online-de-ate-us-50-entra-em-vigor-nesta-terca\/#primaryimage","url":"","contentUrl":""},{"@type":"BreadcrumbList","@id":"https:\/\/cleitonpinheiro.com.br\/site\/isencao-de-imposto-de-importacao-para-compras-online-de-ate-us-50-entra-em-vigor-nesta-terca\/#breadcrumb","itemListElement":[{"@type":"ListItem","position":1,"name":"In\u00edcio","item":"https:\/\/cleitonpinheiro.com.br\/site\/"},{"@type":"ListItem","position":2,"name":"Isen\u00e7\u00e3o de Imposto de Importa\u00e7\u00e3o para compras online de at\u00e9 US$ 50 entra em vigor nesta ter\u00e7a"}]},{"@type":"WebSite","@id":"https:\/\/cleitonpinheiro.com.br\/site\/#website","url":"https:\/\/cleitonpinheiro.com.br\/site\/","name":"PORTAL DE NOT\u00cdCIAS CLEITON PINHEIRO","description":"FALANDO A VERDADE","publisher":{"@id":"https:\/\/cleitonpinheiro.com.br\/site\/#organization"},"potentialAction":[{"@type":"SearchAction","target":{"@type":"EntryPoint","urlTemplate":"https:\/\/cleitonpinheiro.com.br\/site\/?s={search_term_string}"},"query-input":{"@type":"PropertyValueSpecification","valueRequired":true,"valueName":"search_term_string"}}],"inLanguage":"pt-BR"},{"@type":"Organization","@id":"https:\/\/cleitonpinheiro.com.br\/site\/#organization","name":"CPNOT\u00cdCIAS","url":"https:\/\/cleitonpinheiro.com.br\/site\/","logo":{"@type":"ImageObject","inLanguage":"pt-BR","@id":"https:\/\/cleitonpinheiro.com.br\/site\/#\/schema\/logo\/image\/","url":"https:\/\/cleitonpinheiro.com.br\/site\/wp-content\/uploads\/2022\/08\/Logo-pequena-2.png","contentUrl":"https:\/\/cleitonpinheiro.com.br\/site\/wp-content\/uploads\/2022\/08\/Logo-pequena-2.png","width":500,"height":500,"caption":"CPNOT\u00cdCIAS"},"image":{"@id":"https:\/\/cleitonpinheiro.com.br\/site\/#\/schema\/logo\/image\/"},"sameAs":["https:\/\/www.facebook.com\/portalcpnoticias\/"]},{"@type":"Person","@id":"https:\/\/cleitonpinheiro.com.br\/site\/#\/schema\/person\/8f04544e0bc40a1b68775b08360f87db","name":"Reda\u00e7\u00e3o CP","image":{"@type":"ImageObject","inLanguage":"pt-BR","@id":"https:\/\/cleitonpinheiro.com.br\/site\/#\/schema\/person\/image\/","url":"https:\/\/secure.gravatar.com\/avatar\/0bcf19cb29fdc8fc588c490c7ae1b3e174dac268586a63fbe1d1893a0f9020cd?s=96&r=g","contentUrl":"https:\/\/secure.gravatar.com\/avatar\/0bcf19cb29fdc8fc588c490c7ae1b3e174dac268586a63fbe1d1893a0f9020cd?s=96&r=g","caption":"Reda\u00e7\u00e3o CP"},"url":"https:\/\/cleitonpinheiro.com.br\/site\/author\/redacao\/"}]}},"views":104,"_links":{"self":[{"href":"https:\/\/cleitonpinheiro.com.br\/site\/wp-json\/wp\/v2\/posts\/73215","targetHints":{"allow":["GET"]}}],"collection":[{"href":"https:\/\/cleitonpinheiro.com.br\/site\/wp-json\/wp\/v2\/posts"}],"about":[{"href":"https:\/\/cleitonpinheiro.com.br\/site\/wp-json\/wp\/v2\/types\/post"}],"author":[{"embeddable":true,"href":"https:\/\/cleitonpinheiro.com.br\/site\/wp-json\/wp\/v2\/users\/13"}],"replies":[{"embeddable":true,"href":"https:\/\/cleitonpinheiro.com.br\/site\/wp-json\/wp\/v2\/comments?post=73215"}],"version-history":[{"count":1,"href":"https:\/\/cleitonpinheiro.com.br\/site\/wp-json\/wp\/v2\/posts\/73215\/revisions"}],"predecessor-version":[{"id":73217,"href":"https:\/\/cleitonpinheiro.com.br\/site\/wp-json\/wp\/v2\/posts\/73215\/revisions\/73217"}],"wp:attachment":[{"href":"https:\/\/cleitonpinheiro.com.br\/site\/wp-json\/wp\/v2\/media?parent=73215"}],"wp:term":[{"taxonomy":"category","embeddable":true,"href":"https:\/\/cleitonpinheiro.com.br\/site\/wp-json\/wp\/v2\/categories?post=73215"},{"taxonomy":"post_tag","embeddable":true,"href":"https:\/\/cleitonpinheiro.com.br\/site\/wp-json\/wp\/v2\/tags?post=73215"}],"curies":[{"name":"wp","href":"https:\/\/api.w.org\/{rel}","templated":true}]}}