{"id":73221,"date":"2023-08-02T10:57:29","date_gmt":"2023-08-02T13:57:29","guid":{"rendered":"https:\/\/cleitonpinheiro.com.br\/site\/?p=73221"},"modified":"2023-12-27T11:49:51","modified_gmt":"2023-12-27T14:49:51","slug":"sem-inspiracao-brasil-fica-no-0-a-0-contra-jamaica-e-da-adeus-a-copa","status":"publish","type":"post","link":"https:\/\/cleitonpinheiro.com.br\/site\/sem-inspiracao-brasil-fica-no-0-a-0-contra-jamaica-e-da-adeus-a-copa\/","title":{"rendered":"Sem inspira\u00e7\u00e3o, Brasil fica no 0 a 0 contra Jamaica e d\u00e1 adeus \u00e0 Copa"},"content":{"rendered":"\n<figure class=\"wp-block-image size-full\"><img decoding=\"async\" src=\"https:\/\/cleitonpinheiro.com.br\/site\/wp-content\/uploads\/2023\/08\/Jamaica-v-Brazil-Group-F-FIFA-Women-s-World-Cup-Australia-New-Zealand-2023.webp\" alt=\"\" class=\"wp-image-73222\"\/><figcaption class=\"wp-element-caption\">\u00c9 a primeira vez, desde 1995, que sele\u00e7\u00e3o n\u00e3o passa da fase de grupos &#8211; Foto: Fifa\n<\/figcaption><\/figure>\n\n\n\n<p class=\"wp-block-paragraph\">No principal compromisso do Brasil na Copa do Mundo feminina de futebol, a sele\u00e7\u00e3o comandada por Pia Sundhage n\u00e3o conseguiu o gol que precisava para avan\u00e7ar \u00e0s oitavas de final. Ap\u00f3s empate sem gols contra a\u00a0Jamaica \u00a0nesta quarta (2), em Melbourne, as brasileiras deram adeus ao Mundial sem sequer passar da fase de grupos, algo que n\u00e3o acontecia desde 1995. Com quatro pontos, o Brasil terminou em terceiro no grupo F, atr\u00e1s da pr\u00f3pria Jamaica (cinco pontos) e da Fran\u00e7a (que bateu o Panam\u00e1 por 6 a 3 e chegou a sete pontos, em primeiro).<\/p>\n\n\n\n<p class=\"wp-block-paragraph\">Precisando vencer para garantir a classifica\u00e7\u00e3o (um empate tornaria necess\u00e1ria uma combina\u00e7\u00e3o de resultados para avan\u00e7ar), Pia Sundhage promoveu uma mudan\u00e7a de impacto no onze inicial. Depois de come\u00e7ar no banco e entrar somente nos \u00faltimos minutos nos dois primeiros jogos da sele\u00e7\u00e3o, Marta foi escalada como titular.<\/p>\n\n\n\n<p class=\"wp-block-paragraph\">Durante cerca de 20 minutos, as coisas andaram bem para o Brasil, mas n\u00e3o por algo que a pr\u00f3pria sele\u00e7\u00e3o estivesse fazendo. Marta Cox abriu o placar para o Panam\u00e1 diante da Fran\u00e7a em Sydney com um gola\u00e7o de falta, aos dois minutos. Naquele momento, o Brasil tinha a combina\u00e7\u00e3o de resultados que precisava para se classificar mesmo empatando.<\/p>\n\n\n\n<p class=\"wp-block-paragraph\">Quando Lakrar empatou para a Fran\u00e7a, aos 21, a figura mudou e, assim como era esperado, a vit\u00f3ria se fez obrigat\u00f3ria. Na primeira etapa, usando principalmente o lado esquerdo do ataque, o Brasil at\u00e9 criou. Tamires apareceu bem para finalizar por duas vezes, aos 19 e aos 38, mas em ambas oportunidades a finaliza\u00e7\u00e3o foi defendida por Rebecca Spencer.<\/p>\n\n\n\n<p class=\"wp-block-paragraph\">Em outra jogada pela esquerda, o cruzamento encontrou Ary Borges na \u00e1rea. A arma que rendeu a ela dois gols na estreia, a cabe\u00e7a, n\u00e3o foi t\u00e3o eficiente desta vez e a finaliza\u00e7\u00e3o aos 23 saiu por cima do gol.<\/p>\n\n\n\n<p class=\"wp-block-paragraph\">A Jamaica, completamente dedicada a se defender, terminou o primeiro tempo sem nenhuma finaliza\u00e7\u00e3o. O Brasil beirou os 60% de posse de bola. Mas n\u00e3o fez a press\u00e3o que se esperava. \u00c0quela altura, a Fran\u00e7a ia para o intervalo j\u00e1 goleando o Panam\u00e1 por 4 a 1.<\/p>\n\n\n\n<figure class=\"wp-block-image\"><img decoding=\"async\" src=\"https:\/\/agenciabrasil.ebc.com.br\/ebc.png?id=1546889&amp;o=node\" alt=\"\"\/><\/figure>\n\n\n\n<figure class=\"wp-block-image\"><img decoding=\"async\" src=\"https:\/\/agenciabrasil.ebc.com.br\/ebc.gif?id=1546889&amp;o=node\" alt=\"\"\/><\/figure>\n","protected":false},"excerpt":{"rendered":"<p>No principal compromisso do Brasil na Copa do Mundo feminina de futebol, a sele\u00e7\u00e3o comandada por Pia Sundhage n\u00e3o conseguiu o gol que precisava para avan\u00e7ar \u00e0s oitavas de final. Ap\u00f3s empate sem gols contra a\u00a0Jamaica \u00a0nesta quarta (2), em Melbourne, as brasileiras deram adeus ao Mundial sem sequer passar da fase de grupos, algo [&hellip;]<\/p>\n","protected":false},"author":13,"featured_media":0,"comment_status":"open","ping_status":"open","sticky":false,"template":"","format":"standard","meta":{"_acf_changed":false,"footnotes":""},"categories":[1,21],"tags":[931],"class_list":["post-73221","post","type-post","status-publish","format-standard","hentry","category-esporte","category-todas-noticias","tag-copa-do-mundo"],"acf":[],"yoast_head":"<!-- This site is optimized with the Yoast SEO plugin v24.4 - https:\/\/yoast.com\/wordpress\/plugins\/seo\/ -->\n<title>Sem inspira\u00e7\u00e3o, Brasil fica no 0 a 0 contra Jamaica e d\u00e1 adeus \u00e0 Copa - PORTAL DE NOT\u00cdCIAS CLEITON PINHEIRO<\/title>\n<meta name=\"robots\" content=\"index, follow, max-snippet:-1, max-image-preview:large, max-video-preview:-1\" \/>\n<link rel=\"canonical\" href=\"https:\/\/cleitonpinheiro.com.br\/site\/sem-inspiracao-brasil-fica-no-0-a-0-contra-jamaica-e-da-adeus-a-copa\/\" \/>\n<meta property=\"og:locale\" content=\"pt_BR\" \/>\n<meta property=\"og:type\" content=\"article\" \/>\n<meta property=\"og:title\" content=\"Sem inspira\u00e7\u00e3o, Brasil fica no 0 a 0 contra Jamaica e d\u00e1 adeus \u00e0 Copa - PORTAL DE NOT\u00cdCIAS CLEITON PINHEIRO\" \/>\n<meta property=\"og:description\" content=\"No principal compromisso do Brasil na Copa do Mundo feminina de futebol, a sele\u00e7\u00e3o comandada por Pia Sundhage n\u00e3o conseguiu o gol que precisava para avan\u00e7ar \u00e0s oitavas de final. Ap\u00f3s empate sem gols contra a\u00a0Jamaica \u00a0nesta quarta (2), em Melbourne, as brasileiras deram adeus ao Mundial sem sequer passar da fase de grupos, algo [&hellip;]\" \/>\n<meta property=\"og:url\" content=\"https:\/\/cleitonpinheiro.com.br\/site\/sem-inspiracao-brasil-fica-no-0-a-0-contra-jamaica-e-da-adeus-a-copa\/\" \/>\n<meta property=\"og:site_name\" content=\"PORTAL DE NOT\u00cdCIAS CLEITON PINHEIRO\" \/>\n<meta property=\"article:publisher\" content=\"https:\/\/www.facebook.com\/portalcpnoticias\/\" \/>\n<meta property=\"article:published_time\" content=\"2023-08-02T13:57:29+00:00\" \/>\n<meta property=\"article:modified_time\" content=\"2023-12-27T14:49:51+00:00\" \/>\n<meta property=\"og:image\" content=\"https:\/\/cleitonpinheiro.com.br\/site\/wp-content\/uploads\/2023\/08\/Jamaica-v-Brazil-Group-F-FIFA-Women-s-World-Cup-Australia-New-Zealand-2023.webp\" \/>\n\t<meta property=\"og:image:width\" content=\"1023\" \/>\n\t<meta property=\"og:image:height\" content=\"575\" \/>\n\t<meta property=\"og:image:type\" content=\"image\/webp\" \/>\n<meta name=\"author\" content=\"Reda\u00e7\u00e3o CP\" \/>\n<meta name=\"twitter:card\" content=\"summary_large_image\" \/>\n<meta name=\"twitter:label1\" content=\"Escrito por\" \/>\n\t<meta name=\"twitter:data1\" content=\"Reda\u00e7\u00e3o CP\" \/>\n\t<meta name=\"twitter:label2\" content=\"Est. tempo de leitura\" \/>\n\t<meta name=\"twitter:data2\" content=\"3 minutos\" \/>\n<script type=\"application\/ld+json\" class=\"yoast-schema-graph\">{\"@context\":\"https:\/\/schema.org\",\"@graph\":[{\"@type\":\"Article\",\"@id\":\"https:\/\/cleitonpinheiro.com.br\/site\/sem-inspiracao-brasil-fica-no-0-a-0-contra-jamaica-e-da-adeus-a-copa\/#article\",\"isPartOf\":{\"@id\":\"https:\/\/cleitonpinheiro.com.br\/site\/sem-inspiracao-brasil-fica-no-0-a-0-contra-jamaica-e-da-adeus-a-copa\/\"},\"author\":{\"name\":\"Reda\u00e7\u00e3o CP\",\"@id\":\"https:\/\/cleitonpinheiro.com.br\/site\/#\/schema\/person\/8f04544e0bc40a1b68775b08360f87db\"},\"headline\":\"Sem inspira\u00e7\u00e3o, Brasil fica no 0 a 0 contra Jamaica e d\u00e1 adeus \u00e0 Copa\",\"datePublished\":\"2023-08-02T13:57:29+00:00\",\"dateModified\":\"2023-12-27T14:49:51+00:00\",\"mainEntityOfPage\":{\"@id\":\"https:\/\/cleitonpinheiro.com.br\/site\/sem-inspiracao-brasil-fica-no-0-a-0-contra-jamaica-e-da-adeus-a-copa\/\"},\"wordCount\":400,\"commentCount\":0,\"publisher\":{\"@id\":\"https:\/\/cleitonpinheiro.com.br\/site\/#organization\"},\"image\":{\"@id\":\"https:\/\/cleitonpinheiro.com.br\/site\/sem-inspiracao-brasil-fica-no-0-a-0-contra-jamaica-e-da-adeus-a-copa\/#primaryimage\"},\"thumbnailUrl\":\"https:\/\/cleitonpinheiro.com.br\/site\/wp-content\/uploads\/2023\/08\/Jamaica-v-Brazil-Group-F-FIFA-Women-s-World-Cup-Australia-New-Zealand-2023.webp\",\"keywords\":[\"Copa do Mundo\"],\"articleSection\":[\"ESPORTE\",\"TODAS NOTICIAS\"],\"inLanguage\":\"pt-BR\",\"potentialAction\":[{\"@type\":\"CommentAction\",\"name\":\"Comment\",\"target\":[\"https:\/\/cleitonpinheiro.com.br\/site\/sem-inspiracao-brasil-fica-no-0-a-0-contra-jamaica-e-da-adeus-a-copa\/#respond\"]}]},{\"@type\":\"WebPage\",\"@id\":\"https:\/\/cleitonpinheiro.com.br\/site\/sem-inspiracao-brasil-fica-no-0-a-0-contra-jamaica-e-da-adeus-a-copa\/\",\"url\":\"https:\/\/cleitonpinheiro.com.br\/site\/sem-inspiracao-brasil-fica-no-0-a-0-contra-jamaica-e-da-adeus-a-copa\/\",\"name\":\"Sem inspira\u00e7\u00e3o, Brasil fica no 0 a 0 contra Jamaica e d\u00e1 adeus \u00e0 Copa - PORTAL DE NOT\u00cdCIAS CLEITON PINHEIRO\",\"isPartOf\":{\"@id\":\"https:\/\/cleitonpinheiro.com.br\/site\/#website\"},\"primaryImageOfPage\":{\"@id\":\"https:\/\/cleitonpinheiro.com.br\/site\/sem-inspiracao-brasil-fica-no-0-a-0-contra-jamaica-e-da-adeus-a-copa\/#primaryimage\"},\"image\":{\"@id\":\"https:\/\/cleitonpinheiro.com.br\/site\/sem-inspiracao-brasil-fica-no-0-a-0-contra-jamaica-e-da-adeus-a-copa\/#primaryimage\"},\"thumbnailUrl\":\"https:\/\/cleitonpinheiro.com.br\/site\/wp-content\/uploads\/2023\/08\/Jamaica-v-Brazil-Group-F-FIFA-Women-s-World-Cup-Australia-New-Zealand-2023.webp\",\"datePublished\":\"2023-08-02T13:57:29+00:00\",\"dateModified\":\"2023-12-27T14:49:51+00:00\",\"breadcrumb\":{\"@id\":\"https:\/\/cleitonpinheiro.com.br\/site\/sem-inspiracao-brasil-fica-no-0-a-0-contra-jamaica-e-da-adeus-a-copa\/#breadcrumb\"},\"inLanguage\":\"pt-BR\",\"potentialAction\":[{\"@type\":\"ReadAction\",\"target\":[\"https:\/\/cleitonpinheiro.com.br\/site\/sem-inspiracao-brasil-fica-no-0-a-0-contra-jamaica-e-da-adeus-a-copa\/\"]}]},{\"@type\":\"ImageObject\",\"inLanguage\":\"pt-BR\",\"@id\":\"https:\/\/cleitonpinheiro.com.br\/site\/sem-inspiracao-brasil-fica-no-0-a-0-contra-jamaica-e-da-adeus-a-copa\/#primaryimage\",\"url\":\"\",\"contentUrl\":\"\"},{\"@type\":\"BreadcrumbList\",\"@id\":\"https:\/\/cleitonpinheiro.com.br\/site\/sem-inspiracao-brasil-fica-no-0-a-0-contra-jamaica-e-da-adeus-a-copa\/#breadcrumb\",\"itemListElement\":[{\"@type\":\"ListItem\",\"position\":1,\"name\":\"In\u00edcio\",\"item\":\"https:\/\/cleitonpinheiro.com.br\/site\/\"},{\"@type\":\"ListItem\",\"position\":2,\"name\":\"Sem inspira\u00e7\u00e3o, Brasil fica no 0 a 0 contra Jamaica e d\u00e1 adeus \u00e0 Copa\"}]},{\"@type\":\"WebSite\",\"@id\":\"https:\/\/cleitonpinheiro.com.br\/site\/#website\",\"url\":\"https:\/\/cleitonpinheiro.com.br\/site\/\",\"name\":\"PORTAL DE NOT\u00cdCIAS CLEITON PINHEIRO\",\"description\":\"FALANDO A VERDADE\",\"publisher\":{\"@id\":\"https:\/\/cleitonpinheiro.com.br\/site\/#organization\"},\"potentialAction\":[{\"@type\":\"SearchAction\",\"target\":{\"@type\":\"EntryPoint\",\"urlTemplate\":\"https:\/\/cleitonpinheiro.com.br\/site\/?s={search_term_string}\"},\"query-input\":{\"@type\":\"PropertyValueSpecification\",\"valueRequired\":true,\"valueName\":\"search_term_string\"}}],\"inLanguage\":\"pt-BR\"},{\"@type\":\"Organization\",\"@id\":\"https:\/\/cleitonpinheiro.com.br\/site\/#organization\",\"name\":\"CPNOT\u00cdCIAS\",\"url\":\"https:\/\/cleitonpinheiro.com.br\/site\/\",\"logo\":{\"@type\":\"ImageObject\",\"inLanguage\":\"pt-BR\",\"@id\":\"https:\/\/cleitonpinheiro.com.br\/site\/#\/schema\/logo\/image\/\",\"url\":\"https:\/\/cleitonpinheiro.com.br\/site\/wp-content\/uploads\/2022\/08\/Logo-pequena-2.png\",\"contentUrl\":\"https:\/\/cleitonpinheiro.com.br\/site\/wp-content\/uploads\/2022\/08\/Logo-pequena-2.png\",\"width\":500,\"height\":500,\"caption\":\"CPNOT\u00cdCIAS\"},\"image\":{\"@id\":\"https:\/\/cleitonpinheiro.com.br\/site\/#\/schema\/logo\/image\/\"},\"sameAs\":[\"https:\/\/www.facebook.com\/portalcpnoticias\/\"]},{\"@type\":\"Person\",\"@id\":\"https:\/\/cleitonpinheiro.com.br\/site\/#\/schema\/person\/8f04544e0bc40a1b68775b08360f87db\",\"name\":\"Reda\u00e7\u00e3o CP\",\"image\":{\"@type\":\"ImageObject\",\"inLanguage\":\"pt-BR\",\"@id\":\"https:\/\/cleitonpinheiro.com.br\/site\/#\/schema\/person\/image\/\",\"url\":\"https:\/\/secure.gravatar.com\/avatar\/0bcf19cb29fdc8fc588c490c7ae1b3e174dac268586a63fbe1d1893a0f9020cd?s=96&r=g\",\"contentUrl\":\"https:\/\/secure.gravatar.com\/avatar\/0bcf19cb29fdc8fc588c490c7ae1b3e174dac268586a63fbe1d1893a0f9020cd?s=96&r=g\",\"caption\":\"Reda\u00e7\u00e3o CP\"},\"url\":\"https:\/\/cleitonpinheiro.com.br\/site\/author\/redacao\/\"}]}<\/script>\n<!-- \/ Yoast SEO plugin. -->","yoast_head_json":{"title":"Sem inspira\u00e7\u00e3o, Brasil fica no 0 a 0 contra Jamaica e d\u00e1 adeus \u00e0 Copa - PORTAL DE NOT\u00cdCIAS CLEITON PINHEIRO","robots":{"index":"index","follow":"follow","max-snippet":"max-snippet:-1","max-image-preview":"max-image-preview:large","max-video-preview":"max-video-preview:-1"},"canonical":"https:\/\/cleitonpinheiro.com.br\/site\/sem-inspiracao-brasil-fica-no-0-a-0-contra-jamaica-e-da-adeus-a-copa\/","og_locale":"pt_BR","og_type":"article","og_title":"Sem inspira\u00e7\u00e3o, Brasil fica no 0 a 0 contra Jamaica e d\u00e1 adeus \u00e0 Copa - PORTAL DE NOT\u00cdCIAS CLEITON PINHEIRO","og_description":"No principal compromisso do Brasil na Copa do Mundo feminina de futebol, a sele\u00e7\u00e3o comandada por Pia Sundhage n\u00e3o conseguiu o gol que precisava para avan\u00e7ar \u00e0s oitavas de final. Ap\u00f3s empate sem gols contra a\u00a0Jamaica \u00a0nesta quarta (2), em Melbourne, as brasileiras deram adeus ao Mundial sem sequer passar da fase de grupos, algo [&hellip;]","og_url":"https:\/\/cleitonpinheiro.com.br\/site\/sem-inspiracao-brasil-fica-no-0-a-0-contra-jamaica-e-da-adeus-a-copa\/","og_site_name":"PORTAL DE NOT\u00cdCIAS CLEITON PINHEIRO","article_publisher":"https:\/\/www.facebook.com\/portalcpnoticias\/","article_published_time":"2023-08-02T13:57:29+00:00","article_modified_time":"2023-12-27T14:49:51+00:00","og_image":[{"width":1023,"height":575,"url":"https:\/\/cleitonpinheiro.com.br\/site\/wp-content\/uploads\/2023\/08\/Jamaica-v-Brazil-Group-F-FIFA-Women-s-World-Cup-Australia-New-Zealand-2023.webp","type":"image\/webp"}],"author":"Reda\u00e7\u00e3o CP","twitter_card":"summary_large_image","twitter_misc":{"Escrito por":"Reda\u00e7\u00e3o CP","Est. tempo de leitura":"3 minutos"},"schema":{"@context":"https:\/\/schema.org","@graph":[{"@type":"Article","@id":"https:\/\/cleitonpinheiro.com.br\/site\/sem-inspiracao-brasil-fica-no-0-a-0-contra-jamaica-e-da-adeus-a-copa\/#article","isPartOf":{"@id":"https:\/\/cleitonpinheiro.com.br\/site\/sem-inspiracao-brasil-fica-no-0-a-0-contra-jamaica-e-da-adeus-a-copa\/"},"author":{"name":"Reda\u00e7\u00e3o CP","@id":"https:\/\/cleitonpinheiro.com.br\/site\/#\/schema\/person\/8f04544e0bc40a1b68775b08360f87db"},"headline":"Sem inspira\u00e7\u00e3o, Brasil fica no 0 a 0 contra Jamaica e d\u00e1 adeus \u00e0 Copa","datePublished":"2023-08-02T13:57:29+00:00","dateModified":"2023-12-27T14:49:51+00:00","mainEntityOfPage":{"@id":"https:\/\/cleitonpinheiro.com.br\/site\/sem-inspiracao-brasil-fica-no-0-a-0-contra-jamaica-e-da-adeus-a-copa\/"},"wordCount":400,"commentCount":0,"publisher":{"@id":"https:\/\/cleitonpinheiro.com.br\/site\/#organization"},"image":{"@id":"https:\/\/cleitonpinheiro.com.br\/site\/sem-inspiracao-brasil-fica-no-0-a-0-contra-jamaica-e-da-adeus-a-copa\/#primaryimage"},"thumbnailUrl":"https:\/\/cleitonpinheiro.com.br\/site\/wp-content\/uploads\/2023\/08\/Jamaica-v-Brazil-Group-F-FIFA-Women-s-World-Cup-Australia-New-Zealand-2023.webp","keywords":["Copa do Mundo"],"articleSection":["ESPORTE","TODAS NOTICIAS"],"inLanguage":"pt-BR","potentialAction":[{"@type":"CommentAction","name":"Comment","target":["https:\/\/cleitonpinheiro.com.br\/site\/sem-inspiracao-brasil-fica-no-0-a-0-contra-jamaica-e-da-adeus-a-copa\/#respond"]}]},{"@type":"WebPage","@id":"https:\/\/cleitonpinheiro.com.br\/site\/sem-inspiracao-brasil-fica-no-0-a-0-contra-jamaica-e-da-adeus-a-copa\/","url":"https:\/\/cleitonpinheiro.com.br\/site\/sem-inspiracao-brasil-fica-no-0-a-0-contra-jamaica-e-da-adeus-a-copa\/","name":"Sem inspira\u00e7\u00e3o, Brasil fica no 0 a 0 contra Jamaica e d\u00e1 adeus \u00e0 Copa - PORTAL DE NOT\u00cdCIAS CLEITON PINHEIRO","isPartOf":{"@id":"https:\/\/cleitonpinheiro.com.br\/site\/#website"},"primaryImageOfPage":{"@id":"https:\/\/cleitonpinheiro.com.br\/site\/sem-inspiracao-brasil-fica-no-0-a-0-contra-jamaica-e-da-adeus-a-copa\/#primaryimage"},"image":{"@id":"https:\/\/cleitonpinheiro.com.br\/site\/sem-inspiracao-brasil-fica-no-0-a-0-contra-jamaica-e-da-adeus-a-copa\/#primaryimage"},"thumbnailUrl":"https:\/\/cleitonpinheiro.com.br\/site\/wp-content\/uploads\/2023\/08\/Jamaica-v-Brazil-Group-F-FIFA-Women-s-World-Cup-Australia-New-Zealand-2023.webp","datePublished":"2023-08-02T13:57:29+00:00","dateModified":"2023-12-27T14:49:51+00:00","breadcrumb":{"@id":"https:\/\/cleitonpinheiro.com.br\/site\/sem-inspiracao-brasil-fica-no-0-a-0-contra-jamaica-e-da-adeus-a-copa\/#breadcrumb"},"inLanguage":"pt-BR","potentialAction":[{"@type":"ReadAction","target":["https:\/\/cleitonpinheiro.com.br\/site\/sem-inspiracao-brasil-fica-no-0-a-0-contra-jamaica-e-da-adeus-a-copa\/"]}]},{"@type":"ImageObject","inLanguage":"pt-BR","@id":"https:\/\/cleitonpinheiro.com.br\/site\/sem-inspiracao-brasil-fica-no-0-a-0-contra-jamaica-e-da-adeus-a-copa\/#primaryimage","url":"","contentUrl":""},{"@type":"BreadcrumbList","@id":"https:\/\/cleitonpinheiro.com.br\/site\/sem-inspiracao-brasil-fica-no-0-a-0-contra-jamaica-e-da-adeus-a-copa\/#breadcrumb","itemListElement":[{"@type":"ListItem","position":1,"name":"In\u00edcio","item":"https:\/\/cleitonpinheiro.com.br\/site\/"},{"@type":"ListItem","position":2,"name":"Sem inspira\u00e7\u00e3o, Brasil fica no 0 a 0 contra Jamaica e d\u00e1 adeus \u00e0 Copa"}]},{"@type":"WebSite","@id":"https:\/\/cleitonpinheiro.com.br\/site\/#website","url":"https:\/\/cleitonpinheiro.com.br\/site\/","name":"PORTAL DE NOT\u00cdCIAS CLEITON PINHEIRO","description":"FALANDO A VERDADE","publisher":{"@id":"https:\/\/cleitonpinheiro.com.br\/site\/#organization"},"potentialAction":[{"@type":"SearchAction","target":{"@type":"EntryPoint","urlTemplate":"https:\/\/cleitonpinheiro.com.br\/site\/?s={search_term_string}"},"query-input":{"@type":"PropertyValueSpecification","valueRequired":true,"valueName":"search_term_string"}}],"inLanguage":"pt-BR"},{"@type":"Organization","@id":"https:\/\/cleitonpinheiro.com.br\/site\/#organization","name":"CPNOT\u00cdCIAS","url":"https:\/\/cleitonpinheiro.com.br\/site\/","logo":{"@type":"ImageObject","inLanguage":"pt-BR","@id":"https:\/\/cleitonpinheiro.com.br\/site\/#\/schema\/logo\/image\/","url":"https:\/\/cleitonpinheiro.com.br\/site\/wp-content\/uploads\/2022\/08\/Logo-pequena-2.png","contentUrl":"https:\/\/cleitonpinheiro.com.br\/site\/wp-content\/uploads\/2022\/08\/Logo-pequena-2.png","width":500,"height":500,"caption":"CPNOT\u00cdCIAS"},"image":{"@id":"https:\/\/cleitonpinheiro.com.br\/site\/#\/schema\/logo\/image\/"},"sameAs":["https:\/\/www.facebook.com\/portalcpnoticias\/"]},{"@type":"Person","@id":"https:\/\/cleitonpinheiro.com.br\/site\/#\/schema\/person\/8f04544e0bc40a1b68775b08360f87db","name":"Reda\u00e7\u00e3o CP","image":{"@type":"ImageObject","inLanguage":"pt-BR","@id":"https:\/\/cleitonpinheiro.com.br\/site\/#\/schema\/person\/image\/","url":"https:\/\/secure.gravatar.com\/avatar\/0bcf19cb29fdc8fc588c490c7ae1b3e174dac268586a63fbe1d1893a0f9020cd?s=96&r=g","contentUrl":"https:\/\/secure.gravatar.com\/avatar\/0bcf19cb29fdc8fc588c490c7ae1b3e174dac268586a63fbe1d1893a0f9020cd?s=96&r=g","caption":"Reda\u00e7\u00e3o CP"},"url":"https:\/\/cleitonpinheiro.com.br\/site\/author\/redacao\/"}]}},"views":160,"_links":{"self":[{"href":"https:\/\/cleitonpinheiro.com.br\/site\/wp-json\/wp\/v2\/posts\/73221","targetHints":{"allow":["GET"]}}],"collection":[{"href":"https:\/\/cleitonpinheiro.com.br\/site\/wp-json\/wp\/v2\/posts"}],"about":[{"href":"https:\/\/cleitonpinheiro.com.br\/site\/wp-json\/wp\/v2\/types\/post"}],"author":[{"embeddable":true,"href":"https:\/\/cleitonpinheiro.com.br\/site\/wp-json\/wp\/v2\/users\/13"}],"replies":[{"embeddable":true,"href":"https:\/\/cleitonpinheiro.com.br\/site\/wp-json\/wp\/v2\/comments?post=73221"}],"version-history":[{"count":1,"href":"https:\/\/cleitonpinheiro.com.br\/site\/wp-json\/wp\/v2\/posts\/73221\/revisions"}],"predecessor-version":[{"id":73223,"href":"https:\/\/cleitonpinheiro.com.br\/site\/wp-json\/wp\/v2\/posts\/73221\/revisions\/73223"}],"wp:attachment":[{"href":"https:\/\/cleitonpinheiro.com.br\/site\/wp-json\/wp\/v2\/media?parent=73221"}],"wp:term":[{"taxonomy":"category","embeddable":true,"href":"https:\/\/cleitonpinheiro.com.br\/site\/wp-json\/wp\/v2\/categories?post=73221"},{"taxonomy":"post_tag","embeddable":true,"href":"https:\/\/cleitonpinheiro.com.br\/site\/wp-json\/wp\/v2\/tags?post=73221"}],"curies":[{"name":"wp","href":"https:\/\/api.w.org\/{rel}","templated":true}]}}