{"id":73225,"date":"2023-08-02T11:53:00","date_gmt":"2023-08-02T14:53:00","guid":{"rendered":"https:\/\/cleitonpinheiro.com.br\/site\/?p=73225"},"modified":"2023-08-02T11:53:03","modified_gmt":"2023-08-02T14:53:03","slug":"conselheiro-aposentado-do-tce-to-herbert-morre-aos-76-anos","status":"publish","type":"post","link":"https:\/\/cleitonpinheiro.com.br\/site\/conselheiro-aposentado-do-tce-to-herbert-morre-aos-76-anos\/","title":{"rendered":"Conselheiro aposentado do TCE-TO Herbert morre aos 76 anos"},"content":{"rendered":"\n<figure class=\"wp-block-image size-full\"><img decoding=\"async\" src=\"https:\/\/cleitonpinheiro.com.br\/site\/wp-content\/uploads\/2023\/08\/tce.jpg\" alt=\"\" class=\"wp-image-73226\"\/><\/figure>\n\n\n\n<p class=\"wp-block-paragraph\">O conselheiro aposentado do Tribunal de Contas do Tocantins (TCE-TO) Herbert Carvalho de Almeida faleceu nessa ter\u00e7a-feira, 1\u00ba, aos 76 anos. O vel\u00f3rio foi realizado na sede da Corte de Contas estadual em Palmas e o sepultamento ocorreu no final da manh\u00e3 desta quarta-feira, 2, no cemit\u00e9rio Jardim das Ac\u00e1cias. O presidente do TCE-TO, conselheiro Andr\u00e9 Matos, declarou ponto facultativo para esta quarta e tr\u00eas de luto oficial. <\/p>\n\n\n\n<p class=\"wp-block-paragraph\">Conforme divulgado pelo TCE-TO, o conselheiro Herbert foi advogado do Gabinete da Governadoria nos primeiros meses de implanta\u00e7\u00e3o do Tocantins. Em 1\u00b0 de junho de 1989, entrou para o Minist\u00e9rio P\u00fablico de Contas como procurador nomeado em comiss\u00e3o, cargo para o qual prestou concurso p\u00fablico no ano seguinte, sendo aprovado em primeiro lugar.<\/p>\n\n\n\n<p class=\"wp-block-paragraph\">No final de 1991, foi escolhido para ocupar o cargo de procurador-geral no bi\u00eanio 1992\/1993. Foi reconduzido ao cargo no mandato seguinte, no qual permaneceu at\u00e9 ser nomeado como conselheiro do TCE, cuja posse ocorreu no dia 3 de julho de 1995. Presidiu o Tribunal de Contas nos bi\u00eanios 1999\/2000 e 2001\/2002.<br><br><strong>Notas de pesar<\/strong><\/p>\n\n\n\n<p class=\"wp-block-paragraph\">O governador Wanderlei Barbosa manifestou pesar pelo morte do conselheiro Herbert: &#8220;<em>Ele deixa um legado de homem honrado e que muito trabalhou, com zelo, pela austeridade e transpar\u00eancia no trato com as contas p\u00fablucas e pelo desenvolvimento do Tocantins.<\/em> <em>Neste momento de pesar, rogo para que o conforto do Santo Esp\u00edrito de nosso eterno Deus, inunde os cora\u00e7\u00f5es dos familiares e amigos que sentem a partida de Herbert. A todos, minhas ora\u00e7\u00f5es e sentimentos.\u201d<\/em><\/p>\n\n\n\n<p class=\"wp-block-paragraph\">A prefeita de Palmas, Cinthia Ribeiro, destacou que Herbert foi um mineiro que fez hist\u00f3ria no Tocantins. <em>&#8220;Desejo que Deus conforte o cora\u00e7\u00e3o da esposa Raquel Medeiros Sales de Almeida, dos filhos Morgana Medeiros Espindola de Carvalho e Herbert Medeiros Espindola de Carvalho.&#8221;<\/em><\/p>\n","protected":false},"excerpt":{"rendered":"<p>O vel\u00f3rio foi realizado na sede da Corte de Contas estadual em Palmas e o sepultamento ocorreu no final da manh\u00e3 desta quarta-feira, 2, no cemit\u00e9rio Jardim das Ac\u00e1cias.<\/p>\n","protected":false},"author":13,"featured_media":0,"comment_status":"open","ping_status":"open","sticky":false,"template":"","format":"standard","meta":{"_acf_changed":false,"footnotes":""},"categories":[25,898],"tags":[1083,1082],"class_list":["post-73225","post","type-post","status-publish","format-standard","hentry","category-funcionalismo","category-manchete-segundaria","tag-luto","tag-tce-to"],"acf":[],"yoast_head":"<!-- This site is optimized with the Yoast SEO plugin v24.4 - https:\/\/yoast.com\/wordpress\/plugins\/seo\/ -->\n<title>Conselheiro aposentado do TCE-TO Herbert morre aos 76 anos - PORTAL DE NOT\u00cdCIAS CLEITON PINHEIRO<\/title>\n<meta name=\"robots\" content=\"index, follow, max-snippet:-1, max-image-preview:large, max-video-preview:-1\" \/>\n<link rel=\"canonical\" href=\"https:\/\/cleitonpinheiro.com.br\/site\/conselheiro-aposentado-do-tce-to-herbert-morre-aos-76-anos\/\" \/>\n<meta property=\"og:locale\" content=\"pt_BR\" \/>\n<meta property=\"og:type\" content=\"article\" \/>\n<meta property=\"og:title\" content=\"Conselheiro aposentado do TCE-TO Herbert morre aos 76 anos - PORTAL DE NOT\u00cdCIAS CLEITON PINHEIRO\" \/>\n<meta property=\"og:description\" content=\"O vel\u00f3rio foi realizado na sede da Corte de Contas estadual em Palmas e o sepultamento ocorreu no final da manh\u00e3 desta quarta-feira, 2, no cemit\u00e9rio Jardim das Ac\u00e1cias.\" \/>\n<meta property=\"og:url\" content=\"https:\/\/cleitonpinheiro.com.br\/site\/conselheiro-aposentado-do-tce-to-herbert-morre-aos-76-anos\/\" \/>\n<meta property=\"og:site_name\" content=\"PORTAL DE NOT\u00cdCIAS CLEITON PINHEIRO\" \/>\n<meta property=\"article:publisher\" content=\"https:\/\/www.facebook.com\/portalcpnoticias\/\" \/>\n<meta property=\"article:published_time\" content=\"2023-08-02T14:53:00+00:00\" \/>\n<meta property=\"article:modified_time\" content=\"2023-08-02T14:53:03+00:00\" \/>\n<meta property=\"og:image\" content=\"https:\/\/cleitonpinheiro.com.br\/site\/wp-content\/uploads\/2023\/08\/tce.jpg\" \/>\n\t<meta property=\"og:image:width\" content=\"1350\" \/>\n\t<meta property=\"og:image:height\" content=\"900\" \/>\n\t<meta property=\"og:image:type\" content=\"image\/jpeg\" \/>\n<meta name=\"author\" content=\"Reda\u00e7\u00e3o CP\" \/>\n<meta name=\"twitter:card\" content=\"summary_large_image\" \/>\n<meta name=\"twitter:label1\" content=\"Escrito por\" \/>\n\t<meta name=\"twitter:data1\" content=\"Reda\u00e7\u00e3o CP\" \/>\n\t<meta name=\"twitter:label2\" content=\"Est. tempo de leitura\" \/>\n\t<meta name=\"twitter:data2\" content=\"2 minutos\" \/>\n<script type=\"application\/ld+json\" class=\"yoast-schema-graph\">{\"@context\":\"https:\/\/schema.org\",\"@graph\":[{\"@type\":\"Article\",\"@id\":\"https:\/\/cleitonpinheiro.com.br\/site\/conselheiro-aposentado-do-tce-to-herbert-morre-aos-76-anos\/#article\",\"isPartOf\":{\"@id\":\"https:\/\/cleitonpinheiro.com.br\/site\/conselheiro-aposentado-do-tce-to-herbert-morre-aos-76-anos\/\"},\"author\":{\"name\":\"Reda\u00e7\u00e3o CP\",\"@id\":\"https:\/\/cleitonpinheiro.com.br\/site\/#\/schema\/person\/8f04544e0bc40a1b68775b08360f87db\"},\"headline\":\"Conselheiro aposentado do TCE-TO Herbert morre aos 76 anos\",\"datePublished\":\"2023-08-02T14:53:00+00:00\",\"dateModified\":\"2023-08-02T14:53:03+00:00\",\"mainEntityOfPage\":{\"@id\":\"https:\/\/cleitonpinheiro.com.br\/site\/conselheiro-aposentado-do-tce-to-herbert-morre-aos-76-anos\/\"},\"wordCount\":309,\"commentCount\":0,\"publisher\":{\"@id\":\"https:\/\/cleitonpinheiro.com.br\/site\/#organization\"},\"image\":{\"@id\":\"https:\/\/cleitonpinheiro.com.br\/site\/conselheiro-aposentado-do-tce-to-herbert-morre-aos-76-anos\/#primaryimage\"},\"thumbnailUrl\":\"https:\/\/cleitonpinheiro.com.br\/site\/wp-content\/uploads\/2023\/08\/tce.jpg\",\"keywords\":[\"luto\",\"TCE-TO\"],\"articleSection\":[\"FUNCIONALISMO\",\"MANCHETE SEGUND\u00c1RIA\"],\"inLanguage\":\"pt-BR\",\"potentialAction\":[{\"@type\":\"CommentAction\",\"name\":\"Comment\",\"target\":[\"https:\/\/cleitonpinheiro.com.br\/site\/conselheiro-aposentado-do-tce-to-herbert-morre-aos-76-anos\/#respond\"]}]},{\"@type\":\"WebPage\",\"@id\":\"https:\/\/cleitonpinheiro.com.br\/site\/conselheiro-aposentado-do-tce-to-herbert-morre-aos-76-anos\/\",\"url\":\"https:\/\/cleitonpinheiro.com.br\/site\/conselheiro-aposentado-do-tce-to-herbert-morre-aos-76-anos\/\",\"name\":\"Conselheiro aposentado do TCE-TO Herbert morre aos 76 anos - PORTAL DE NOT\u00cdCIAS CLEITON PINHEIRO\",\"isPartOf\":{\"@id\":\"https:\/\/cleitonpinheiro.com.br\/site\/#website\"},\"primaryImageOfPage\":{\"@id\":\"https:\/\/cleitonpinheiro.com.br\/site\/conselheiro-aposentado-do-tce-to-herbert-morre-aos-76-anos\/#primaryimage\"},\"image\":{\"@id\":\"https:\/\/cleitonpinheiro.com.br\/site\/conselheiro-aposentado-do-tce-to-herbert-morre-aos-76-anos\/#primaryimage\"},\"thumbnailUrl\":\"https:\/\/cleitonpinheiro.com.br\/site\/wp-content\/uploads\/2023\/08\/tce.jpg\",\"datePublished\":\"2023-08-02T14:53:00+00:00\",\"dateModified\":\"2023-08-02T14:53:03+00:00\",\"breadcrumb\":{\"@id\":\"https:\/\/cleitonpinheiro.com.br\/site\/conselheiro-aposentado-do-tce-to-herbert-morre-aos-76-anos\/#breadcrumb\"},\"inLanguage\":\"pt-BR\",\"potentialAction\":[{\"@type\":\"ReadAction\",\"target\":[\"https:\/\/cleitonpinheiro.com.br\/site\/conselheiro-aposentado-do-tce-to-herbert-morre-aos-76-anos\/\"]}]},{\"@type\":\"ImageObject\",\"inLanguage\":\"pt-BR\",\"@id\":\"https:\/\/cleitonpinheiro.com.br\/site\/conselheiro-aposentado-do-tce-to-herbert-morre-aos-76-anos\/#primaryimage\",\"url\":\"\",\"contentUrl\":\"\"},{\"@type\":\"BreadcrumbList\",\"@id\":\"https:\/\/cleitonpinheiro.com.br\/site\/conselheiro-aposentado-do-tce-to-herbert-morre-aos-76-anos\/#breadcrumb\",\"itemListElement\":[{\"@type\":\"ListItem\",\"position\":1,\"name\":\"In\u00edcio\",\"item\":\"https:\/\/cleitonpinheiro.com.br\/site\/\"},{\"@type\":\"ListItem\",\"position\":2,\"name\":\"Conselheiro aposentado do TCE-TO Herbert morre aos 76 anos\"}]},{\"@type\":\"WebSite\",\"@id\":\"https:\/\/cleitonpinheiro.com.br\/site\/#website\",\"url\":\"https:\/\/cleitonpinheiro.com.br\/site\/\",\"name\":\"PORTAL DE NOT\u00cdCIAS CLEITON PINHEIRO\",\"description\":\"FALANDO A VERDADE\",\"publisher\":{\"@id\":\"https:\/\/cleitonpinheiro.com.br\/site\/#organization\"},\"potentialAction\":[{\"@type\":\"SearchAction\",\"target\":{\"@type\":\"EntryPoint\",\"urlTemplate\":\"https:\/\/cleitonpinheiro.com.br\/site\/?s={search_term_string}\"},\"query-input\":{\"@type\":\"PropertyValueSpecification\",\"valueRequired\":true,\"valueName\":\"search_term_string\"}}],\"inLanguage\":\"pt-BR\"},{\"@type\":\"Organization\",\"@id\":\"https:\/\/cleitonpinheiro.com.br\/site\/#organization\",\"name\":\"CPNOT\u00cdCIAS\",\"url\":\"https:\/\/cleitonpinheiro.com.br\/site\/\",\"logo\":{\"@type\":\"ImageObject\",\"inLanguage\":\"pt-BR\",\"@id\":\"https:\/\/cleitonpinheiro.com.br\/site\/#\/schema\/logo\/image\/\",\"url\":\"https:\/\/cleitonpinheiro.com.br\/site\/wp-content\/uploads\/2022\/08\/Logo-pequena-2.png\",\"contentUrl\":\"https:\/\/cleitonpinheiro.com.br\/site\/wp-content\/uploads\/2022\/08\/Logo-pequena-2.png\",\"width\":500,\"height\":500,\"caption\":\"CPNOT\u00cdCIAS\"},\"image\":{\"@id\":\"https:\/\/cleitonpinheiro.com.br\/site\/#\/schema\/logo\/image\/\"},\"sameAs\":[\"https:\/\/www.facebook.com\/portalcpnoticias\/\"]},{\"@type\":\"Person\",\"@id\":\"https:\/\/cleitonpinheiro.com.br\/site\/#\/schema\/person\/8f04544e0bc40a1b68775b08360f87db\",\"name\":\"Reda\u00e7\u00e3o CP\",\"image\":{\"@type\":\"ImageObject\",\"inLanguage\":\"pt-BR\",\"@id\":\"https:\/\/cleitonpinheiro.com.br\/site\/#\/schema\/person\/image\/\",\"url\":\"https:\/\/secure.gravatar.com\/avatar\/0bcf19cb29fdc8fc588c490c7ae1b3e174dac268586a63fbe1d1893a0f9020cd?s=96&r=g\",\"contentUrl\":\"https:\/\/secure.gravatar.com\/avatar\/0bcf19cb29fdc8fc588c490c7ae1b3e174dac268586a63fbe1d1893a0f9020cd?s=96&r=g\",\"caption\":\"Reda\u00e7\u00e3o CP\"},\"url\":\"https:\/\/cleitonpinheiro.com.br\/site\/author\/redacao\/\"}]}<\/script>\n<!-- \/ Yoast SEO plugin. -->","yoast_head_json":{"title":"Conselheiro aposentado do TCE-TO Herbert morre aos 76 anos - PORTAL DE NOT\u00cdCIAS CLEITON PINHEIRO","robots":{"index":"index","follow":"follow","max-snippet":"max-snippet:-1","max-image-preview":"max-image-preview:large","max-video-preview":"max-video-preview:-1"},"canonical":"https:\/\/cleitonpinheiro.com.br\/site\/conselheiro-aposentado-do-tce-to-herbert-morre-aos-76-anos\/","og_locale":"pt_BR","og_type":"article","og_title":"Conselheiro aposentado do TCE-TO Herbert morre aos 76 anos - PORTAL DE NOT\u00cdCIAS CLEITON PINHEIRO","og_description":"O vel\u00f3rio foi realizado na sede da Corte de Contas estadual em Palmas e o sepultamento ocorreu no final da manh\u00e3 desta quarta-feira, 2, no cemit\u00e9rio Jardim das Ac\u00e1cias.","og_url":"https:\/\/cleitonpinheiro.com.br\/site\/conselheiro-aposentado-do-tce-to-herbert-morre-aos-76-anos\/","og_site_name":"PORTAL DE NOT\u00cdCIAS CLEITON PINHEIRO","article_publisher":"https:\/\/www.facebook.com\/portalcpnoticias\/","article_published_time":"2023-08-02T14:53:00+00:00","article_modified_time":"2023-08-02T14:53:03+00:00","og_image":[{"width":1350,"height":900,"url":"https:\/\/cleitonpinheiro.com.br\/site\/wp-content\/uploads\/2023\/08\/tce.jpg","type":"image\/jpeg"}],"author":"Reda\u00e7\u00e3o CP","twitter_card":"summary_large_image","twitter_misc":{"Escrito por":"Reda\u00e7\u00e3o CP","Est. tempo de leitura":"2 minutos"},"schema":{"@context":"https:\/\/schema.org","@graph":[{"@type":"Article","@id":"https:\/\/cleitonpinheiro.com.br\/site\/conselheiro-aposentado-do-tce-to-herbert-morre-aos-76-anos\/#article","isPartOf":{"@id":"https:\/\/cleitonpinheiro.com.br\/site\/conselheiro-aposentado-do-tce-to-herbert-morre-aos-76-anos\/"},"author":{"name":"Reda\u00e7\u00e3o CP","@id":"https:\/\/cleitonpinheiro.com.br\/site\/#\/schema\/person\/8f04544e0bc40a1b68775b08360f87db"},"headline":"Conselheiro aposentado do TCE-TO Herbert morre aos 76 anos","datePublished":"2023-08-02T14:53:00+00:00","dateModified":"2023-08-02T14:53:03+00:00","mainEntityOfPage":{"@id":"https:\/\/cleitonpinheiro.com.br\/site\/conselheiro-aposentado-do-tce-to-herbert-morre-aos-76-anos\/"},"wordCount":309,"commentCount":0,"publisher":{"@id":"https:\/\/cleitonpinheiro.com.br\/site\/#organization"},"image":{"@id":"https:\/\/cleitonpinheiro.com.br\/site\/conselheiro-aposentado-do-tce-to-herbert-morre-aos-76-anos\/#primaryimage"},"thumbnailUrl":"https:\/\/cleitonpinheiro.com.br\/site\/wp-content\/uploads\/2023\/08\/tce.jpg","keywords":["luto","TCE-TO"],"articleSection":["FUNCIONALISMO","MANCHETE SEGUND\u00c1RIA"],"inLanguage":"pt-BR","potentialAction":[{"@type":"CommentAction","name":"Comment","target":["https:\/\/cleitonpinheiro.com.br\/site\/conselheiro-aposentado-do-tce-to-herbert-morre-aos-76-anos\/#respond"]}]},{"@type":"WebPage","@id":"https:\/\/cleitonpinheiro.com.br\/site\/conselheiro-aposentado-do-tce-to-herbert-morre-aos-76-anos\/","url":"https:\/\/cleitonpinheiro.com.br\/site\/conselheiro-aposentado-do-tce-to-herbert-morre-aos-76-anos\/","name":"Conselheiro aposentado do TCE-TO Herbert morre aos 76 anos - PORTAL DE NOT\u00cdCIAS CLEITON PINHEIRO","isPartOf":{"@id":"https:\/\/cleitonpinheiro.com.br\/site\/#website"},"primaryImageOfPage":{"@id":"https:\/\/cleitonpinheiro.com.br\/site\/conselheiro-aposentado-do-tce-to-herbert-morre-aos-76-anos\/#primaryimage"},"image":{"@id":"https:\/\/cleitonpinheiro.com.br\/site\/conselheiro-aposentado-do-tce-to-herbert-morre-aos-76-anos\/#primaryimage"},"thumbnailUrl":"https:\/\/cleitonpinheiro.com.br\/site\/wp-content\/uploads\/2023\/08\/tce.jpg","datePublished":"2023-08-02T14:53:00+00:00","dateModified":"2023-08-02T14:53:03+00:00","breadcrumb":{"@id":"https:\/\/cleitonpinheiro.com.br\/site\/conselheiro-aposentado-do-tce-to-herbert-morre-aos-76-anos\/#breadcrumb"},"inLanguage":"pt-BR","potentialAction":[{"@type":"ReadAction","target":["https:\/\/cleitonpinheiro.com.br\/site\/conselheiro-aposentado-do-tce-to-herbert-morre-aos-76-anos\/"]}]},{"@type":"ImageObject","inLanguage":"pt-BR","@id":"https:\/\/cleitonpinheiro.com.br\/site\/conselheiro-aposentado-do-tce-to-herbert-morre-aos-76-anos\/#primaryimage","url":"","contentUrl":""},{"@type":"BreadcrumbList","@id":"https:\/\/cleitonpinheiro.com.br\/site\/conselheiro-aposentado-do-tce-to-herbert-morre-aos-76-anos\/#breadcrumb","itemListElement":[{"@type":"ListItem","position":1,"name":"In\u00edcio","item":"https:\/\/cleitonpinheiro.com.br\/site\/"},{"@type":"ListItem","position":2,"name":"Conselheiro aposentado do TCE-TO Herbert morre aos 76 anos"}]},{"@type":"WebSite","@id":"https:\/\/cleitonpinheiro.com.br\/site\/#website","url":"https:\/\/cleitonpinheiro.com.br\/site\/","name":"PORTAL DE NOT\u00cdCIAS CLEITON PINHEIRO","description":"FALANDO A VERDADE","publisher":{"@id":"https:\/\/cleitonpinheiro.com.br\/site\/#organization"},"potentialAction":[{"@type":"SearchAction","target":{"@type":"EntryPoint","urlTemplate":"https:\/\/cleitonpinheiro.com.br\/site\/?s={search_term_string}"},"query-input":{"@type":"PropertyValueSpecification","valueRequired":true,"valueName":"search_term_string"}}],"inLanguage":"pt-BR"},{"@type":"Organization","@id":"https:\/\/cleitonpinheiro.com.br\/site\/#organization","name":"CPNOT\u00cdCIAS","url":"https:\/\/cleitonpinheiro.com.br\/site\/","logo":{"@type":"ImageObject","inLanguage":"pt-BR","@id":"https:\/\/cleitonpinheiro.com.br\/site\/#\/schema\/logo\/image\/","url":"https:\/\/cleitonpinheiro.com.br\/site\/wp-content\/uploads\/2022\/08\/Logo-pequena-2.png","contentUrl":"https:\/\/cleitonpinheiro.com.br\/site\/wp-content\/uploads\/2022\/08\/Logo-pequena-2.png","width":500,"height":500,"caption":"CPNOT\u00cdCIAS"},"image":{"@id":"https:\/\/cleitonpinheiro.com.br\/site\/#\/schema\/logo\/image\/"},"sameAs":["https:\/\/www.facebook.com\/portalcpnoticias\/"]},{"@type":"Person","@id":"https:\/\/cleitonpinheiro.com.br\/site\/#\/schema\/person\/8f04544e0bc40a1b68775b08360f87db","name":"Reda\u00e7\u00e3o CP","image":{"@type":"ImageObject","inLanguage":"pt-BR","@id":"https:\/\/cleitonpinheiro.com.br\/site\/#\/schema\/person\/image\/","url":"https:\/\/secure.gravatar.com\/avatar\/0bcf19cb29fdc8fc588c490c7ae1b3e174dac268586a63fbe1d1893a0f9020cd?s=96&r=g","contentUrl":"https:\/\/secure.gravatar.com\/avatar\/0bcf19cb29fdc8fc588c490c7ae1b3e174dac268586a63fbe1d1893a0f9020cd?s=96&r=g","caption":"Reda\u00e7\u00e3o CP"},"url":"https:\/\/cleitonpinheiro.com.br\/site\/author\/redacao\/"}]}},"views":213,"_links":{"self":[{"href":"https:\/\/cleitonpinheiro.com.br\/site\/wp-json\/wp\/v2\/posts\/73225","targetHints":{"allow":["GET"]}}],"collection":[{"href":"https:\/\/cleitonpinheiro.com.br\/site\/wp-json\/wp\/v2\/posts"}],"about":[{"href":"https:\/\/cleitonpinheiro.com.br\/site\/wp-json\/wp\/v2\/types\/post"}],"author":[{"embeddable":true,"href":"https:\/\/cleitonpinheiro.com.br\/site\/wp-json\/wp\/v2\/users\/13"}],"replies":[{"embeddable":true,"href":"https:\/\/cleitonpinheiro.com.br\/site\/wp-json\/wp\/v2\/comments?post=73225"}],"version-history":[{"count":1,"href":"https:\/\/cleitonpinheiro.com.br\/site\/wp-json\/wp\/v2\/posts\/73225\/revisions"}],"predecessor-version":[{"id":73227,"href":"https:\/\/cleitonpinheiro.com.br\/site\/wp-json\/wp\/v2\/posts\/73225\/revisions\/73227"}],"wp:attachment":[{"href":"https:\/\/cleitonpinheiro.com.br\/site\/wp-json\/wp\/v2\/media?parent=73225"}],"wp:term":[{"taxonomy":"category","embeddable":true,"href":"https:\/\/cleitonpinheiro.com.br\/site\/wp-json\/wp\/v2\/categories?post=73225"},{"taxonomy":"post_tag","embeddable":true,"href":"https:\/\/cleitonpinheiro.com.br\/site\/wp-json\/wp\/v2\/tags?post=73225"}],"curies":[{"name":"wp","href":"https:\/\/api.w.org\/{rel}","templated":true}]}}