{"id":73228,"date":"2023-08-02T12:45:30","date_gmt":"2023-08-02T15:45:30","guid":{"rendered":"https:\/\/cleitonpinheiro.com.br\/site\/?p=73228"},"modified":"2023-08-02T12:45:33","modified_gmt":"2023-08-02T15:45:33","slug":"administradora-do-aeroporto-de-palmas-anuncia-investimento-de-r-36-milhoes-em-melhorias","status":"publish","type":"post","link":"https:\/\/cleitonpinheiro.com.br\/site\/administradora-do-aeroporto-de-palmas-anuncia-investimento-de-r-36-milhoes-em-melhorias\/","title":{"rendered":"Administradora do aeroporto de Palmas anuncia investimento de R$ 36 milh\u00f5es em melhorias"},"content":{"rendered":"\n<figure class=\"wp-block-image size-full\"><img decoding=\"async\" src=\"https:\/\/cleitonpinheiro.com.br\/site\/wp-content\/uploads\/2023\/08\/cdb8dbd0-b833-49e4-b540-b501b6a4567c.jpg\" alt=\"\" class=\"wp-image-73229\"\/><figcaption class=\"wp-element-caption\">An\u00fancio ocorreu nesta quarta, 2, e obras ter\u00e3o in\u00edcio ainda no m\u00eas de agosto &#8211; Foto: Divulga\u00e7\u00e3o<\/figcaption><\/figure>\n\n\n\n<p class=\"wp-block-paragraph\">A CCR Aeroportos informa que as obras de melhoria no Aeroporto de Palmas (PMW) come\u00e7am neste m\u00eas.  Administradora do aeroporto desde mar\u00e7o de 2022, a empresa informou estar empenhada em aprimorar as instala\u00e7\u00f5es, criar uma melhor infraestrutura para o desenvolvimento econ\u00f4mico de Tocantins e oferecer uma melhor experi\u00eancia de viagem aos passageiros.<\/p>\n\n\n\n<p class=\"wp-block-paragraph\">O investimento total para essas obras est\u00e1 estimado em R$ 36 milh\u00f5es. Al\u00e9m disso, esse projeto contribuir\u00e1 significativamente para a economia local, gerando cerca de 90 empregos diretos durante a fase de constru\u00e7\u00e3o. O an\u00fancio ocorreu nesta quarta-feira (2), no Aeroporto de Palmas, em solenidade que contou com a presen\u00e7a do governador do Tocantins, Wanderlei Barbosa, da prefeita de Palmas, Cinthia Ribeiro, e do CEO da CCR Aeroportos, Fabio Russo.<\/p>\n\n\n\n<p class=\"wp-block-paragraph\">As interven\u00e7\u00f5es estruturais previstas para a obra incluem a adequa\u00e7\u00e3o de Resa (\u00e1reas de escape na pista), a adequa\u00e7\u00e3o da sinaliza\u00e7\u00e3o de p\u00e1tio para acomodar cinco posi\u00e7\u00f5es de c\u00f3digo C e uma reforma completa no terminal de passageiros. Essas melhorias visam aumentar a seguran\u00e7a operacional, otimizar a capacidade de atendimento de aeronaves e proporcionar um ambiente mais confort\u00e1vel e moderno para os passageiros.<\/p>\n\n\n\n<p class=\"wp-block-paragraph\">A expectativa \u00e9 concluir as obras at\u00e9 o final de 2024. Durante todo o per\u00edodo de obras, a CCR Aeroportos se empenhar\u00e1 para minimizar os transtornos aos passageiros e manter\u00e1 uma comunica\u00e7\u00e3o transparente sobre o andamento dos trabalhos.<\/p>\n\n\n\n<p class=\"wp-block-paragraph\">&#8220;Com o aprimoramento de sua infraestrutura, o Aeroporto de Palmas passar\u00e1 a proporcionar uma experi\u00eancia de viagem mais eficiente e confort\u00e1vel, fortalecendo a conectividade da cidade com outros destinos nacionais e potencializando o turismo em uma das mais belas regi\u00f5es do Brasil\u201d, declara F\u00e1bio Russo, CEO da CCR Aeroportos.<\/p>\n\n\n\n<p class=\"wp-block-paragraph\"><strong>Melhorias em 15 aeroportos<br><\/strong>Al\u00e9m do Aeroporto de Palmas, a CCR Aeroportos vai iniciar, de forma simult\u00e2nea, obras de melhorias na infraestrutura em outros 14 aeroportos que est\u00e3o sob sua administra\u00e7\u00e3o no Brasil: Goi\u00e2nia (GYN), S\u00e3o Lu\u00eds (SLZ), Imperatriz (IMP), Teresina (THE), Petrolina (PNZ), Curitiba (CWB), Londrina (LDB), Foz do Igua\u00e7u (IGU), Bacacheri (BFH), Navegantes (NVT), Joinville (JOI), Bag\u00e9 (BGX), Pelotas (PET) e Uruguaiana (URG). A empresa contratada para executar os servi\u00e7os \u00e9 a HTB Engenharia e Constru\u00e7\u00e3o. A previs\u00e3o \u00e9 que as obras em todos estes aeroportos sejam conclu\u00eddas at\u00e9 o final de 2024. O investimento total \u00e9 de R$ 1,8 bilh\u00e3o. Cerca de 2,3 mil empregos diretos ser\u00e3o gerados.<\/p>\n","protected":false},"excerpt":{"rendered":"<p>A CCR Aeroportos informa que as obras de melhoria no Aeroporto de Palmas (PMW) come\u00e7am neste m\u00eas. Com investimento estimado em R$ 36 milh\u00f5es.<\/p>\n","protected":false},"author":13,"featured_media":0,"comment_status":"open","ping_status":"open","sticky":false,"template":"","format":"standard","meta":{"_acf_changed":false,"footnotes":""},"categories":[22,898],"tags":[],"class_list":["post-73228","post","type-post","status-publish","format-standard","hentry","category-cidades","category-manchete-segundaria"],"acf":[],"yoast_head":"<!-- This site is optimized with the Yoast SEO plugin v24.4 - https:\/\/yoast.com\/wordpress\/plugins\/seo\/ -->\n<title>Administradora do aeroporto de Palmas anuncia investimento de R$ 36 milh\u00f5es em melhorias - PORTAL DE NOT\u00cdCIAS CLEITON PINHEIRO<\/title>\n<meta name=\"robots\" content=\"index, follow, max-snippet:-1, max-image-preview:large, max-video-preview:-1\" \/>\n<link rel=\"canonical\" href=\"https:\/\/cleitonpinheiro.com.br\/site\/administradora-do-aeroporto-de-palmas-anuncia-investimento-de-r-36-milhoes-em-melhorias\/\" \/>\n<meta property=\"og:locale\" content=\"pt_BR\" \/>\n<meta property=\"og:type\" content=\"article\" \/>\n<meta property=\"og:title\" content=\"Administradora do aeroporto de Palmas anuncia investimento de R$ 36 milh\u00f5es em melhorias - PORTAL DE NOT\u00cdCIAS CLEITON PINHEIRO\" \/>\n<meta property=\"og:description\" content=\"A CCR Aeroportos informa que as obras de melhoria no Aeroporto de Palmas (PMW) come\u00e7am neste m\u00eas. Com investimento estimado em R$ 36 milh\u00f5es.\" \/>\n<meta property=\"og:url\" content=\"https:\/\/cleitonpinheiro.com.br\/site\/administradora-do-aeroporto-de-palmas-anuncia-investimento-de-r-36-milhoes-em-melhorias\/\" \/>\n<meta property=\"og:site_name\" content=\"PORTAL DE NOT\u00cdCIAS CLEITON PINHEIRO\" \/>\n<meta property=\"article:publisher\" content=\"https:\/\/www.facebook.com\/portalcpnoticias\/\" \/>\n<meta property=\"article:published_time\" content=\"2023-08-02T15:45:30+00:00\" \/>\n<meta property=\"article:modified_time\" content=\"2023-08-02T15:45:33+00:00\" \/>\n<meta property=\"og:image\" content=\"https:\/\/cleitonpinheiro.com.br\/site\/wp-content\/uploads\/2023\/08\/image.jpg\" \/>\n\t<meta property=\"og:image:width\" content=\"800\" \/>\n\t<meta property=\"og:image:height\" content=\"532\" \/>\n\t<meta property=\"og:image:type\" content=\"image\/jpeg\" \/>\n<meta name=\"author\" content=\"Reda\u00e7\u00e3o CP\" \/>\n<meta name=\"twitter:card\" content=\"summary_large_image\" \/>\n<meta name=\"twitter:label1\" content=\"Escrito por\" \/>\n\t<meta name=\"twitter:data1\" content=\"Reda\u00e7\u00e3o CP\" \/>\n\t<meta name=\"twitter:label2\" content=\"Est. tempo de leitura\" \/>\n\t<meta name=\"twitter:data2\" content=\"3 minutos\" \/>\n<script type=\"application\/ld+json\" class=\"yoast-schema-graph\">{\"@context\":\"https:\/\/schema.org\",\"@graph\":[{\"@type\":\"Article\",\"@id\":\"https:\/\/cleitonpinheiro.com.br\/site\/administradora-do-aeroporto-de-palmas-anuncia-investimento-de-r-36-milhoes-em-melhorias\/#article\",\"isPartOf\":{\"@id\":\"https:\/\/cleitonpinheiro.com.br\/site\/administradora-do-aeroporto-de-palmas-anuncia-investimento-de-r-36-milhoes-em-melhorias\/\"},\"author\":{\"name\":\"Reda\u00e7\u00e3o CP\",\"@id\":\"https:\/\/cleitonpinheiro.com.br\/site\/#\/schema\/person\/8f04544e0bc40a1b68775b08360f87db\"},\"headline\":\"Administradora do aeroporto de Palmas anuncia investimento de R$ 36 milh\u00f5es em melhorias\",\"datePublished\":\"2023-08-02T15:45:30+00:00\",\"dateModified\":\"2023-08-02T15:45:33+00:00\",\"mainEntityOfPage\":{\"@id\":\"https:\/\/cleitonpinheiro.com.br\/site\/administradora-do-aeroporto-de-palmas-anuncia-investimento-de-r-36-milhoes-em-melhorias\/\"},\"wordCount\":443,\"commentCount\":0,\"publisher\":{\"@id\":\"https:\/\/cleitonpinheiro.com.br\/site\/#organization\"},\"image\":{\"@id\":\"https:\/\/cleitonpinheiro.com.br\/site\/administradora-do-aeroporto-de-palmas-anuncia-investimento-de-r-36-milhoes-em-melhorias\/#primaryimage\"},\"thumbnailUrl\":\"https:\/\/cleitonpinheiro.com.br\/site\/wp-content\/uploads\/2023\/08\/cdb8dbd0-b833-49e4-b540-b501b6a4567c.jpg\",\"articleSection\":[\"CIDADES\",\"MANCHETE SEGUND\u00c1RIA\"],\"inLanguage\":\"pt-BR\",\"potentialAction\":[{\"@type\":\"CommentAction\",\"name\":\"Comment\",\"target\":[\"https:\/\/cleitonpinheiro.com.br\/site\/administradora-do-aeroporto-de-palmas-anuncia-investimento-de-r-36-milhoes-em-melhorias\/#respond\"]}]},{\"@type\":\"WebPage\",\"@id\":\"https:\/\/cleitonpinheiro.com.br\/site\/administradora-do-aeroporto-de-palmas-anuncia-investimento-de-r-36-milhoes-em-melhorias\/\",\"url\":\"https:\/\/cleitonpinheiro.com.br\/site\/administradora-do-aeroporto-de-palmas-anuncia-investimento-de-r-36-milhoes-em-melhorias\/\",\"name\":\"Administradora do aeroporto de Palmas anuncia investimento de R$ 36 milh\u00f5es em melhorias - PORTAL DE NOT\u00cdCIAS CLEITON PINHEIRO\",\"isPartOf\":{\"@id\":\"https:\/\/cleitonpinheiro.com.br\/site\/#website\"},\"primaryImageOfPage\":{\"@id\":\"https:\/\/cleitonpinheiro.com.br\/site\/administradora-do-aeroporto-de-palmas-anuncia-investimento-de-r-36-milhoes-em-melhorias\/#primaryimage\"},\"image\":{\"@id\":\"https:\/\/cleitonpinheiro.com.br\/site\/administradora-do-aeroporto-de-palmas-anuncia-investimento-de-r-36-milhoes-em-melhorias\/#primaryimage\"},\"thumbnailUrl\":\"https:\/\/cleitonpinheiro.com.br\/site\/wp-content\/uploads\/2023\/08\/cdb8dbd0-b833-49e4-b540-b501b6a4567c.jpg\",\"datePublished\":\"2023-08-02T15:45:30+00:00\",\"dateModified\":\"2023-08-02T15:45:33+00:00\",\"breadcrumb\":{\"@id\":\"https:\/\/cleitonpinheiro.com.br\/site\/administradora-do-aeroporto-de-palmas-anuncia-investimento-de-r-36-milhoes-em-melhorias\/#breadcrumb\"},\"inLanguage\":\"pt-BR\",\"potentialAction\":[{\"@type\":\"ReadAction\",\"target\":[\"https:\/\/cleitonpinheiro.com.br\/site\/administradora-do-aeroporto-de-palmas-anuncia-investimento-de-r-36-milhoes-em-melhorias\/\"]}]},{\"@type\":\"ImageObject\",\"inLanguage\":\"pt-BR\",\"@id\":\"https:\/\/cleitonpinheiro.com.br\/site\/administradora-do-aeroporto-de-palmas-anuncia-investimento-de-r-36-milhoes-em-melhorias\/#primaryimage\",\"url\":\"\",\"contentUrl\":\"\"},{\"@type\":\"BreadcrumbList\",\"@id\":\"https:\/\/cleitonpinheiro.com.br\/site\/administradora-do-aeroporto-de-palmas-anuncia-investimento-de-r-36-milhoes-em-melhorias\/#breadcrumb\",\"itemListElement\":[{\"@type\":\"ListItem\",\"position\":1,\"name\":\"In\u00edcio\",\"item\":\"https:\/\/cleitonpinheiro.com.br\/site\/\"},{\"@type\":\"ListItem\",\"position\":2,\"name\":\"Administradora do aeroporto de Palmas anuncia investimento de R$ 36 milh\u00f5es em melhorias\"}]},{\"@type\":\"WebSite\",\"@id\":\"https:\/\/cleitonpinheiro.com.br\/site\/#website\",\"url\":\"https:\/\/cleitonpinheiro.com.br\/site\/\",\"name\":\"PORTAL DE NOT\u00cdCIAS CLEITON PINHEIRO\",\"description\":\"FALANDO A VERDADE\",\"publisher\":{\"@id\":\"https:\/\/cleitonpinheiro.com.br\/site\/#organization\"},\"potentialAction\":[{\"@type\":\"SearchAction\",\"target\":{\"@type\":\"EntryPoint\",\"urlTemplate\":\"https:\/\/cleitonpinheiro.com.br\/site\/?s={search_term_string}\"},\"query-input\":{\"@type\":\"PropertyValueSpecification\",\"valueRequired\":true,\"valueName\":\"search_term_string\"}}],\"inLanguage\":\"pt-BR\"},{\"@type\":\"Organization\",\"@id\":\"https:\/\/cleitonpinheiro.com.br\/site\/#organization\",\"name\":\"CPNOT\u00cdCIAS\",\"url\":\"https:\/\/cleitonpinheiro.com.br\/site\/\",\"logo\":{\"@type\":\"ImageObject\",\"inLanguage\":\"pt-BR\",\"@id\":\"https:\/\/cleitonpinheiro.com.br\/site\/#\/schema\/logo\/image\/\",\"url\":\"https:\/\/cleitonpinheiro.com.br\/site\/wp-content\/uploads\/2022\/08\/Logo-pequena-2.png\",\"contentUrl\":\"https:\/\/cleitonpinheiro.com.br\/site\/wp-content\/uploads\/2022\/08\/Logo-pequena-2.png\",\"width\":500,\"height\":500,\"caption\":\"CPNOT\u00cdCIAS\"},\"image\":{\"@id\":\"https:\/\/cleitonpinheiro.com.br\/site\/#\/schema\/logo\/image\/\"},\"sameAs\":[\"https:\/\/www.facebook.com\/portalcpnoticias\/\"]},{\"@type\":\"Person\",\"@id\":\"https:\/\/cleitonpinheiro.com.br\/site\/#\/schema\/person\/8f04544e0bc40a1b68775b08360f87db\",\"name\":\"Reda\u00e7\u00e3o CP\",\"image\":{\"@type\":\"ImageObject\",\"inLanguage\":\"pt-BR\",\"@id\":\"https:\/\/cleitonpinheiro.com.br\/site\/#\/schema\/person\/image\/\",\"url\":\"https:\/\/secure.gravatar.com\/avatar\/0bcf19cb29fdc8fc588c490c7ae1b3e174dac268586a63fbe1d1893a0f9020cd?s=96&r=g\",\"contentUrl\":\"https:\/\/secure.gravatar.com\/avatar\/0bcf19cb29fdc8fc588c490c7ae1b3e174dac268586a63fbe1d1893a0f9020cd?s=96&r=g\",\"caption\":\"Reda\u00e7\u00e3o CP\"},\"url\":\"https:\/\/cleitonpinheiro.com.br\/site\/author\/redacao\/\"}]}<\/script>\n<!-- \/ Yoast SEO plugin. -->","yoast_head_json":{"title":"Administradora do aeroporto de Palmas anuncia investimento de R$ 36 milh\u00f5es em melhorias - PORTAL DE NOT\u00cdCIAS CLEITON PINHEIRO","robots":{"index":"index","follow":"follow","max-snippet":"max-snippet:-1","max-image-preview":"max-image-preview:large","max-video-preview":"max-video-preview:-1"},"canonical":"https:\/\/cleitonpinheiro.com.br\/site\/administradora-do-aeroporto-de-palmas-anuncia-investimento-de-r-36-milhoes-em-melhorias\/","og_locale":"pt_BR","og_type":"article","og_title":"Administradora do aeroporto de Palmas anuncia investimento de R$ 36 milh\u00f5es em melhorias - PORTAL DE NOT\u00cdCIAS CLEITON PINHEIRO","og_description":"A CCR Aeroportos informa que as obras de melhoria no Aeroporto de Palmas (PMW) come\u00e7am neste m\u00eas. Com investimento estimado em R$ 36 milh\u00f5es.","og_url":"https:\/\/cleitonpinheiro.com.br\/site\/administradora-do-aeroporto-de-palmas-anuncia-investimento-de-r-36-milhoes-em-melhorias\/","og_site_name":"PORTAL DE NOT\u00cdCIAS CLEITON PINHEIRO","article_publisher":"https:\/\/www.facebook.com\/portalcpnoticias\/","article_published_time":"2023-08-02T15:45:30+00:00","article_modified_time":"2023-08-02T15:45:33+00:00","og_image":[{"width":800,"height":532,"url":"https:\/\/cleitonpinheiro.com.br\/site\/wp-content\/uploads\/2023\/08\/image.jpg","type":"image\/jpeg"}],"author":"Reda\u00e7\u00e3o CP","twitter_card":"summary_large_image","twitter_misc":{"Escrito por":"Reda\u00e7\u00e3o CP","Est. tempo de leitura":"3 minutos"},"schema":{"@context":"https:\/\/schema.org","@graph":[{"@type":"Article","@id":"https:\/\/cleitonpinheiro.com.br\/site\/administradora-do-aeroporto-de-palmas-anuncia-investimento-de-r-36-milhoes-em-melhorias\/#article","isPartOf":{"@id":"https:\/\/cleitonpinheiro.com.br\/site\/administradora-do-aeroporto-de-palmas-anuncia-investimento-de-r-36-milhoes-em-melhorias\/"},"author":{"name":"Reda\u00e7\u00e3o CP","@id":"https:\/\/cleitonpinheiro.com.br\/site\/#\/schema\/person\/8f04544e0bc40a1b68775b08360f87db"},"headline":"Administradora do aeroporto de Palmas anuncia investimento de R$ 36 milh\u00f5es em melhorias","datePublished":"2023-08-02T15:45:30+00:00","dateModified":"2023-08-02T15:45:33+00:00","mainEntityOfPage":{"@id":"https:\/\/cleitonpinheiro.com.br\/site\/administradora-do-aeroporto-de-palmas-anuncia-investimento-de-r-36-milhoes-em-melhorias\/"},"wordCount":443,"commentCount":0,"publisher":{"@id":"https:\/\/cleitonpinheiro.com.br\/site\/#organization"},"image":{"@id":"https:\/\/cleitonpinheiro.com.br\/site\/administradora-do-aeroporto-de-palmas-anuncia-investimento-de-r-36-milhoes-em-melhorias\/#primaryimage"},"thumbnailUrl":"https:\/\/cleitonpinheiro.com.br\/site\/wp-content\/uploads\/2023\/08\/cdb8dbd0-b833-49e4-b540-b501b6a4567c.jpg","articleSection":["CIDADES","MANCHETE SEGUND\u00c1RIA"],"inLanguage":"pt-BR","potentialAction":[{"@type":"CommentAction","name":"Comment","target":["https:\/\/cleitonpinheiro.com.br\/site\/administradora-do-aeroporto-de-palmas-anuncia-investimento-de-r-36-milhoes-em-melhorias\/#respond"]}]},{"@type":"WebPage","@id":"https:\/\/cleitonpinheiro.com.br\/site\/administradora-do-aeroporto-de-palmas-anuncia-investimento-de-r-36-milhoes-em-melhorias\/","url":"https:\/\/cleitonpinheiro.com.br\/site\/administradora-do-aeroporto-de-palmas-anuncia-investimento-de-r-36-milhoes-em-melhorias\/","name":"Administradora do aeroporto de Palmas anuncia investimento de R$ 36 milh\u00f5es em melhorias - PORTAL DE NOT\u00cdCIAS CLEITON PINHEIRO","isPartOf":{"@id":"https:\/\/cleitonpinheiro.com.br\/site\/#website"},"primaryImageOfPage":{"@id":"https:\/\/cleitonpinheiro.com.br\/site\/administradora-do-aeroporto-de-palmas-anuncia-investimento-de-r-36-milhoes-em-melhorias\/#primaryimage"},"image":{"@id":"https:\/\/cleitonpinheiro.com.br\/site\/administradora-do-aeroporto-de-palmas-anuncia-investimento-de-r-36-milhoes-em-melhorias\/#primaryimage"},"thumbnailUrl":"https:\/\/cleitonpinheiro.com.br\/site\/wp-content\/uploads\/2023\/08\/cdb8dbd0-b833-49e4-b540-b501b6a4567c.jpg","datePublished":"2023-08-02T15:45:30+00:00","dateModified":"2023-08-02T15:45:33+00:00","breadcrumb":{"@id":"https:\/\/cleitonpinheiro.com.br\/site\/administradora-do-aeroporto-de-palmas-anuncia-investimento-de-r-36-milhoes-em-melhorias\/#breadcrumb"},"inLanguage":"pt-BR","potentialAction":[{"@type":"ReadAction","target":["https:\/\/cleitonpinheiro.com.br\/site\/administradora-do-aeroporto-de-palmas-anuncia-investimento-de-r-36-milhoes-em-melhorias\/"]}]},{"@type":"ImageObject","inLanguage":"pt-BR","@id":"https:\/\/cleitonpinheiro.com.br\/site\/administradora-do-aeroporto-de-palmas-anuncia-investimento-de-r-36-milhoes-em-melhorias\/#primaryimage","url":"","contentUrl":""},{"@type":"BreadcrumbList","@id":"https:\/\/cleitonpinheiro.com.br\/site\/administradora-do-aeroporto-de-palmas-anuncia-investimento-de-r-36-milhoes-em-melhorias\/#breadcrumb","itemListElement":[{"@type":"ListItem","position":1,"name":"In\u00edcio","item":"https:\/\/cleitonpinheiro.com.br\/site\/"},{"@type":"ListItem","position":2,"name":"Administradora do aeroporto de Palmas anuncia investimento de R$ 36 milh\u00f5es em melhorias"}]},{"@type":"WebSite","@id":"https:\/\/cleitonpinheiro.com.br\/site\/#website","url":"https:\/\/cleitonpinheiro.com.br\/site\/","name":"PORTAL DE NOT\u00cdCIAS CLEITON PINHEIRO","description":"FALANDO A VERDADE","publisher":{"@id":"https:\/\/cleitonpinheiro.com.br\/site\/#organization"},"potentialAction":[{"@type":"SearchAction","target":{"@type":"EntryPoint","urlTemplate":"https:\/\/cleitonpinheiro.com.br\/site\/?s={search_term_string}"},"query-input":{"@type":"PropertyValueSpecification","valueRequired":true,"valueName":"search_term_string"}}],"inLanguage":"pt-BR"},{"@type":"Organization","@id":"https:\/\/cleitonpinheiro.com.br\/site\/#organization","name":"CPNOT\u00cdCIAS","url":"https:\/\/cleitonpinheiro.com.br\/site\/","logo":{"@type":"ImageObject","inLanguage":"pt-BR","@id":"https:\/\/cleitonpinheiro.com.br\/site\/#\/schema\/logo\/image\/","url":"https:\/\/cleitonpinheiro.com.br\/site\/wp-content\/uploads\/2022\/08\/Logo-pequena-2.png","contentUrl":"https:\/\/cleitonpinheiro.com.br\/site\/wp-content\/uploads\/2022\/08\/Logo-pequena-2.png","width":500,"height":500,"caption":"CPNOT\u00cdCIAS"},"image":{"@id":"https:\/\/cleitonpinheiro.com.br\/site\/#\/schema\/logo\/image\/"},"sameAs":["https:\/\/www.facebook.com\/portalcpnoticias\/"]},{"@type":"Person","@id":"https:\/\/cleitonpinheiro.com.br\/site\/#\/schema\/person\/8f04544e0bc40a1b68775b08360f87db","name":"Reda\u00e7\u00e3o CP","image":{"@type":"ImageObject","inLanguage":"pt-BR","@id":"https:\/\/cleitonpinheiro.com.br\/site\/#\/schema\/person\/image\/","url":"https:\/\/secure.gravatar.com\/avatar\/0bcf19cb29fdc8fc588c490c7ae1b3e174dac268586a63fbe1d1893a0f9020cd?s=96&r=g","contentUrl":"https:\/\/secure.gravatar.com\/avatar\/0bcf19cb29fdc8fc588c490c7ae1b3e174dac268586a63fbe1d1893a0f9020cd?s=96&r=g","caption":"Reda\u00e7\u00e3o CP"},"url":"https:\/\/cleitonpinheiro.com.br\/site\/author\/redacao\/"}]}},"views":129,"_links":{"self":[{"href":"https:\/\/cleitonpinheiro.com.br\/site\/wp-json\/wp\/v2\/posts\/73228","targetHints":{"allow":["GET"]}}],"collection":[{"href":"https:\/\/cleitonpinheiro.com.br\/site\/wp-json\/wp\/v2\/posts"}],"about":[{"href":"https:\/\/cleitonpinheiro.com.br\/site\/wp-json\/wp\/v2\/types\/post"}],"author":[{"embeddable":true,"href":"https:\/\/cleitonpinheiro.com.br\/site\/wp-json\/wp\/v2\/users\/13"}],"replies":[{"embeddable":true,"href":"https:\/\/cleitonpinheiro.com.br\/site\/wp-json\/wp\/v2\/comments?post=73228"}],"version-history":[{"count":1,"href":"https:\/\/cleitonpinheiro.com.br\/site\/wp-json\/wp\/v2\/posts\/73228\/revisions"}],"predecessor-version":[{"id":73231,"href":"https:\/\/cleitonpinheiro.com.br\/site\/wp-json\/wp\/v2\/posts\/73228\/revisions\/73231"}],"wp:attachment":[{"href":"https:\/\/cleitonpinheiro.com.br\/site\/wp-json\/wp\/v2\/media?parent=73228"}],"wp:term":[{"taxonomy":"category","embeddable":true,"href":"https:\/\/cleitonpinheiro.com.br\/site\/wp-json\/wp\/v2\/categories?post=73228"},{"taxonomy":"post_tag","embeddable":true,"href":"https:\/\/cleitonpinheiro.com.br\/site\/wp-json\/wp\/v2\/tags?post=73228"}],"curies":[{"name":"wp","href":"https:\/\/api.w.org\/{rel}","templated":true}]}}