{"id":73233,"date":"2023-08-02T20:16:51","date_gmt":"2023-08-02T23:16:51","guid":{"rendered":"https:\/\/cleitonpinheiro.com.br\/site\/?p=73233"},"modified":"2023-08-02T20:16:53","modified_gmt":"2023-08-02T23:16:53","slug":"hacker-diz-a-pf-que-zambelli-pediu-invasao-a-telefone-de-moraes","status":"publish","type":"post","link":"https:\/\/cleitonpinheiro.com.br\/site\/hacker-diz-a-pf-que-zambelli-pediu-invasao-a-telefone-de-moraes\/","title":{"rendered":"Hacker diz \u00e0 PF que Zambelli pediu invas\u00e3o a telefone de Moraes"},"content":{"rendered":"\n<figure class=\"wp-block-image size-full\"><img decoding=\"async\" src=\"https:\/\/cleitonpinheiro.com.br\/site\/wp-content\/uploads\/2023\/08\/img20220706213323124.jpg\" alt=\"\" class=\"wp-image-73234\"\/><figcaption class=\"wp-element-caption\">Delgatti recebeu pagamento da deputada pelos servi\u00e7os &#8211; Foto: Michel de Jesus\/C\u00e2mara dos Deputados<\/figcaption><\/figure>\n\n\n\n<p class=\"wp-block-paragraph\"><strong>Por Felipe Pontes \u2013 Ag\u00eancia Brasil<\/strong><\/p>\n\n\n\n<p class=\"wp-block-paragraph\">Em depoimento na Pol\u00edcia Federal (PF), o\u00a0<em>hacker\u00a0<\/em>Walter Delgatti Neto disse que recebeu pagamentos da deputada federal Carla Zambelli (PL-SP) para prestar servi\u00e7os cibern\u00e9ticos, e que a parlamentar pediu que ele invadisse o telefone celular e o\u00a0<em>e-mail\u00a0<\/em>do ministro Alexandre de Moraes, do Supremo Tribunal Federal (STF).\u00a0<img decoding=\"async\" src=\"https:\/\/agenciabrasil.ebc.com.br\/ebc.png?id=1546948&amp;o=node\"><img decoding=\"async\" src=\"https:\/\/agenciabrasil.ebc.com.br\/ebc.gif?id=1546948&amp;o=node\"><\/p>\n\n\n\n<p class=\"wp-block-paragraph\">Antes, a parlamentar teria solicitado a invas\u00e3o \u00e0 urna eletr\u00f4nica ou aos sistemas do Tribunal Superior Eleitoral (TSE). Delgatti, por\u00e9m, declarou n\u00e3o ter conseguido acesso aos sistemas eleitorais.<\/p>\n\n\n\n<p class=\"wp-block-paragraph\">Segundo a PF, no depoimento, Delgatti contou ter se encontrado com a deputada em um posto de gasolina na Rodovia Bandeirantes, em setembro de 2022, e que ela lhe teria dito \u201cque, caso o declarante conseguisse invadir os sistemas, teria emprego garantido, pois estaria salvando a Democracia, o Pa\u00eds, a liberdade\u201d.<\/p>\n\n\n\n<h2 class=\"wp-block-heading\">Bolsonaro<\/h2>\n\n\n\n<p class=\"wp-block-paragraph\">Delgatti afirmou ainda ter se encontrado com o ex-presidente Jair Bolsonaro no ano passado, no Pal\u00e1cio da Alvorada. Na ocasi\u00e3o,&nbsp;Bolsonaro perguntou se o hacker conseguiria invadir a urna eletr\u00f4nica caso tivesse o c\u00f3digo fonte, segundo o depoimento. De acordo com a Pol\u00edcia Federal, o hacker explicou que \u201cisso n\u00e3o foi adiante, pois o acesso que foi dado pelo TSE foi apenas na sede do Tribunal, e o declarante n\u00e3o poderia ir at\u00e9 l\u00e1\u201d. Tal visita j\u00e1 havia sido revelada pela revista&nbsp;<em>Veja<\/em>.&nbsp;<\/p>\n\n\n\n<p class=\"wp-block-paragraph\">Na decis\u00e3o em que autorizou a pris\u00e3o preventiva de Delgatti, em Araraquara (SP), nesta quarta-feira (2), Moraes cita a reportagem de&nbsp;<em>Veja<\/em>, com \u00e1udios segundo os quais o&nbsp;<em>hacker&nbsp;<\/em>diz ter contactado funcion\u00e1rios da operadora TIM com o objetivo de invadir o&nbsp;<em>chip&nbsp;<\/em>do celular do ministro, mas que estes n\u00e3o teriam topado seguir adiante.&nbsp;<\/p>\n\n\n\n<p class=\"wp-block-paragraph\">Em seguida, Delgatti disse ter invadido o Banco Nacional de Mandados de Pris\u00e3o do Conselho Nacional de Justi\u00e7a (CNJ), de modo a demonstrar suas habilidades, e que a pr\u00f3pria Zambelli redigiu o mandado falso de pris\u00e3o contra Moraes. O acesso ao sistema teria sido feito por meio de uma credencial eletr\u00f4nica roubada.&nbsp;<\/p>\n\n\n\n<p class=\"wp-block-paragraph\">A PF tamb\u00e9m investiga a inser\u00e7\u00e3o de 10 alvar\u00e1s de soltura no sistema do CNJ, em benef\u00edcio de criminosos espalhados pelo pa\u00eds. Cada inser\u00e7\u00e3o corresponde a ao menos um crime de falsidade ideol\u00f3gica, destacam os investigadores.&nbsp;<\/p>\n\n\n\n<p class=\"wp-block-paragraph\">Os detalhes sobre o depoimento de Delgatti na PF constam na decis\u00e3o em que o ministro Alexandre de Moraes autorizou hoje a pris\u00e3o preventiva do&nbsp;<em>hacker.<\/em>&nbsp;O magistrado tamb\u00e9m ordenou busca e apreens\u00e3o em endere\u00e7os e ve\u00edculos ligados a Zambelli.&nbsp;<\/p>\n\n\n\n<p class=\"wp-block-paragraph\">Delgatti \u00e9 conhecido como&nbsp;<em>hacker&nbsp;<\/em>da Vaza Jato, por seu envolvimento no vazamento de trocas de mensagem entre o ex-juiz respons\u00e1vel pela Opera\u00e7\u00e3o Lava Jato Sergio Moro e o ex-procurador da Rep\u00fablica Deltan Dallagnol. O caso culminou na anula\u00e7\u00e3o de diversas condena\u00e7\u00f5es judiciais.<\/p>\n\n\n\n<h2 class=\"wp-block-heading\">Outro lado<\/h2>\n\n\n\n<p class=\"wp-block-paragraph\">Em nota, a defesa de Carla Zambelli confirma a realiza\u00e7\u00e3o de mandados de busca e apreens\u00e3o em seus endere\u00e7os nesta quarta-feira e diz que &#8220;a medida foi recebida com surpresa, porque a deputada peticionou, atrav\u00e9s de seu advogado constitu\u00eddo, o Dr. Daniel Bialski, colocando-se \u00e0 disposi\u00e7\u00e3o para prestar todas informa\u00e7\u00f5es necess\u00e1rias&#8221; e que,&#8221;em nenhum momento, a parlamentar deixou de cooperar com as autoridades&#8221;.&nbsp;<\/p>\n\n\n\n<p class=\"wp-block-paragraph\">&#8220;Respeita-se a decis\u00e3o judicial, contudo, refuta-se a suspeita que tenha participado de qualquer ato il\u00edcito. Por fim, a Deputada Carla Zambelli aguardar\u00e1, com tranquilidade, o desfecho das investiga\u00e7\u00f5es e a demonstra\u00e7\u00e3o de sua inoc\u00eancia\u201d, acrescenta o texto.<\/p>\n\n\n\n<p class=\"wp-block-paragraph\">Em nota, a defesa de Walter Delgatti informou que ele foi transferido da Delegacia da Pol\u00edcia Federal em Araraquara para o centro de Deten\u00e7\u00e3o Provis\u00f3ria da Cidade.<\/p>\n\n\n\n<p class=\"wp-block-paragraph\">Antes, a defesa do&nbsp;<em>hacker<\/em>&nbsp;disse \u00e0&nbsp;<strong>Ag\u00eancia Brasil&nbsp;<\/strong>que ainda n\u00e3o tinha tido acesso ao inteiro teor da decis\u00e3o pela pris\u00e3o preventiva do investigado.<\/p>\n","protected":false},"excerpt":{"rendered":"<p>Em depoimento na Pol\u00edcia Federal (PF), o\u00a0hacker\u00a0Walter Delgatti Neto disse que recebeu pagamentos da deputada federal Carla Zambelli (PL-SP) para prestar servi\u00e7os cibern\u00e9ticos, e que a parlamentar pediu que ele invadisse o telefone celular e o\u00a0e-mail\u00a0do ministro Alexandre de Moraes, do Supremo Tribunal Federal (STF).\u00a0<\/p>\n","protected":false},"author":13,"featured_media":0,"comment_status":"open","ping_status":"open","sticky":false,"template":"","format":"standard","meta":{"_acf_changed":false,"footnotes":""},"categories":[19,898],"tags":[159,1086,929,142,1084],"class_list":["post-73233","post","type-post","status-publish","format-standard","hentry","category-brasil-mundo","category-manchete-segundaria","tag-alexandre-de-moraes","tag-carla-zambelli","tag-policia-federal","tag-stf","tag-walter-delgatti"],"acf":[],"yoast_head":"<!-- This site is optimized with the Yoast SEO plugin v24.4 - https:\/\/yoast.com\/wordpress\/plugins\/seo\/ -->\n<title>Hacker diz \u00e0 PF que Zambelli pediu invas\u00e3o a telefone de Moraes - PORTAL DE NOT\u00cdCIAS CLEITON PINHEIRO<\/title>\n<meta name=\"robots\" content=\"index, follow, max-snippet:-1, max-image-preview:large, max-video-preview:-1\" \/>\n<link rel=\"canonical\" href=\"https:\/\/cleitonpinheiro.com.br\/site\/hacker-diz-a-pf-que-zambelli-pediu-invasao-a-telefone-de-moraes\/\" \/>\n<meta property=\"og:locale\" content=\"pt_BR\" \/>\n<meta property=\"og:type\" content=\"article\" \/>\n<meta property=\"og:title\" content=\"Hacker diz \u00e0 PF que Zambelli pediu invas\u00e3o a telefone de Moraes - PORTAL DE NOT\u00cdCIAS CLEITON PINHEIRO\" \/>\n<meta property=\"og:description\" content=\"Em depoimento na Pol\u00edcia Federal (PF), o\u00a0hacker\u00a0Walter Delgatti Neto disse que recebeu pagamentos da deputada federal Carla Zambelli (PL-SP) para prestar servi\u00e7os cibern\u00e9ticos, e que a parlamentar pediu que ele invadisse o telefone celular e o\u00a0e-mail\u00a0do ministro Alexandre de Moraes, do Supremo Tribunal Federal (STF).\u00a0\" \/>\n<meta property=\"og:url\" content=\"https:\/\/cleitonpinheiro.com.br\/site\/hacker-diz-a-pf-que-zambelli-pediu-invasao-a-telefone-de-moraes\/\" \/>\n<meta property=\"og:site_name\" content=\"PORTAL DE NOT\u00cdCIAS CLEITON PINHEIRO\" \/>\n<meta property=\"article:publisher\" content=\"https:\/\/www.facebook.com\/portalcpnoticias\/\" \/>\n<meta property=\"article:published_time\" content=\"2023-08-02T23:16:51+00:00\" \/>\n<meta property=\"article:modified_time\" content=\"2023-08-02T23:16:53+00:00\" \/>\n<meta property=\"og:image\" content=\"https:\/\/cleitonpinheiro.com.br\/site\/wp-content\/uploads\/2023\/08\/img20220706213323124.jpg\" \/>\n\t<meta property=\"og:image:width\" content=\"1170\" \/>\n\t<meta property=\"og:image:height\" content=\"700\" \/>\n\t<meta property=\"og:image:type\" content=\"image\/jpeg\" \/>\n<meta name=\"author\" content=\"Reda\u00e7\u00e3o CP\" \/>\n<meta name=\"twitter:card\" content=\"summary_large_image\" \/>\n<meta name=\"twitter:label1\" content=\"Escrito por\" \/>\n\t<meta name=\"twitter:data1\" content=\"Reda\u00e7\u00e3o CP\" \/>\n\t<meta name=\"twitter:label2\" content=\"Est. tempo de leitura\" \/>\n\t<meta name=\"twitter:data2\" content=\"4 minutos\" \/>\n<script type=\"application\/ld+json\" class=\"yoast-schema-graph\">{\"@context\":\"https:\/\/schema.org\",\"@graph\":[{\"@type\":\"Article\",\"@id\":\"https:\/\/cleitonpinheiro.com.br\/site\/hacker-diz-a-pf-que-zambelli-pediu-invasao-a-telefone-de-moraes\/#article\",\"isPartOf\":{\"@id\":\"https:\/\/cleitonpinheiro.com.br\/site\/hacker-diz-a-pf-que-zambelli-pediu-invasao-a-telefone-de-moraes\/\"},\"author\":{\"name\":\"Reda\u00e7\u00e3o CP\",\"@id\":\"https:\/\/cleitonpinheiro.com.br\/site\/#\/schema\/person\/8f04544e0bc40a1b68775b08360f87db\"},\"headline\":\"Hacker diz \u00e0 PF que Zambelli pediu invas\u00e3o a telefone de Moraes\",\"datePublished\":\"2023-08-02T23:16:51+00:00\",\"dateModified\":\"2023-08-02T23:16:53+00:00\",\"mainEntityOfPage\":{\"@id\":\"https:\/\/cleitonpinheiro.com.br\/site\/hacker-diz-a-pf-que-zambelli-pediu-invasao-a-telefone-de-moraes\/\"},\"wordCount\":704,\"commentCount\":0,\"publisher\":{\"@id\":\"https:\/\/cleitonpinheiro.com.br\/site\/#organization\"},\"image\":{\"@id\":\"https:\/\/cleitonpinheiro.com.br\/site\/hacker-diz-a-pf-que-zambelli-pediu-invasao-a-telefone-de-moraes\/#primaryimage\"},\"thumbnailUrl\":\"https:\/\/cleitonpinheiro.com.br\/site\/wp-content\/uploads\/2023\/08\/img20220706213323124.jpg\",\"keywords\":[\"Alexandre de Moraes\",\"Carla Zambelli\",\"Pol\u00edcia Federal\",\"STF\",\"Walter Delgatti\"],\"articleSection\":[\"BRASIL \/ MUNDO\",\"MANCHETE SEGUND\u00c1RIA\"],\"inLanguage\":\"pt-BR\",\"potentialAction\":[{\"@type\":\"CommentAction\",\"name\":\"Comment\",\"target\":[\"https:\/\/cleitonpinheiro.com.br\/site\/hacker-diz-a-pf-que-zambelli-pediu-invasao-a-telefone-de-moraes\/#respond\"]}]},{\"@type\":\"WebPage\",\"@id\":\"https:\/\/cleitonpinheiro.com.br\/site\/hacker-diz-a-pf-que-zambelli-pediu-invasao-a-telefone-de-moraes\/\",\"url\":\"https:\/\/cleitonpinheiro.com.br\/site\/hacker-diz-a-pf-que-zambelli-pediu-invasao-a-telefone-de-moraes\/\",\"name\":\"Hacker diz \u00e0 PF que Zambelli pediu invas\u00e3o a telefone de Moraes - PORTAL DE NOT\u00cdCIAS CLEITON PINHEIRO\",\"isPartOf\":{\"@id\":\"https:\/\/cleitonpinheiro.com.br\/site\/#website\"},\"primaryImageOfPage\":{\"@id\":\"https:\/\/cleitonpinheiro.com.br\/site\/hacker-diz-a-pf-que-zambelli-pediu-invasao-a-telefone-de-moraes\/#primaryimage\"},\"image\":{\"@id\":\"https:\/\/cleitonpinheiro.com.br\/site\/hacker-diz-a-pf-que-zambelli-pediu-invasao-a-telefone-de-moraes\/#primaryimage\"},\"thumbnailUrl\":\"https:\/\/cleitonpinheiro.com.br\/site\/wp-content\/uploads\/2023\/08\/img20220706213323124.jpg\",\"datePublished\":\"2023-08-02T23:16:51+00:00\",\"dateModified\":\"2023-08-02T23:16:53+00:00\",\"breadcrumb\":{\"@id\":\"https:\/\/cleitonpinheiro.com.br\/site\/hacker-diz-a-pf-que-zambelli-pediu-invasao-a-telefone-de-moraes\/#breadcrumb\"},\"inLanguage\":\"pt-BR\",\"potentialAction\":[{\"@type\":\"ReadAction\",\"target\":[\"https:\/\/cleitonpinheiro.com.br\/site\/hacker-diz-a-pf-que-zambelli-pediu-invasao-a-telefone-de-moraes\/\"]}]},{\"@type\":\"ImageObject\",\"inLanguage\":\"pt-BR\",\"@id\":\"https:\/\/cleitonpinheiro.com.br\/site\/hacker-diz-a-pf-que-zambelli-pediu-invasao-a-telefone-de-moraes\/#primaryimage\",\"url\":\"\",\"contentUrl\":\"\"},{\"@type\":\"BreadcrumbList\",\"@id\":\"https:\/\/cleitonpinheiro.com.br\/site\/hacker-diz-a-pf-que-zambelli-pediu-invasao-a-telefone-de-moraes\/#breadcrumb\",\"itemListElement\":[{\"@type\":\"ListItem\",\"position\":1,\"name\":\"In\u00edcio\",\"item\":\"https:\/\/cleitonpinheiro.com.br\/site\/\"},{\"@type\":\"ListItem\",\"position\":2,\"name\":\"Hacker diz \u00e0 PF que Zambelli pediu invas\u00e3o a telefone de Moraes\"}]},{\"@type\":\"WebSite\",\"@id\":\"https:\/\/cleitonpinheiro.com.br\/site\/#website\",\"url\":\"https:\/\/cleitonpinheiro.com.br\/site\/\",\"name\":\"PORTAL DE NOT\u00cdCIAS CLEITON PINHEIRO\",\"description\":\"FALANDO A VERDADE\",\"publisher\":{\"@id\":\"https:\/\/cleitonpinheiro.com.br\/site\/#organization\"},\"potentialAction\":[{\"@type\":\"SearchAction\",\"target\":{\"@type\":\"EntryPoint\",\"urlTemplate\":\"https:\/\/cleitonpinheiro.com.br\/site\/?s={search_term_string}\"},\"query-input\":{\"@type\":\"PropertyValueSpecification\",\"valueRequired\":true,\"valueName\":\"search_term_string\"}}],\"inLanguage\":\"pt-BR\"},{\"@type\":\"Organization\",\"@id\":\"https:\/\/cleitonpinheiro.com.br\/site\/#organization\",\"name\":\"CPNOT\u00cdCIAS\",\"url\":\"https:\/\/cleitonpinheiro.com.br\/site\/\",\"logo\":{\"@type\":\"ImageObject\",\"inLanguage\":\"pt-BR\",\"@id\":\"https:\/\/cleitonpinheiro.com.br\/site\/#\/schema\/logo\/image\/\",\"url\":\"https:\/\/cleitonpinheiro.com.br\/site\/wp-content\/uploads\/2022\/08\/Logo-pequena-2.png\",\"contentUrl\":\"https:\/\/cleitonpinheiro.com.br\/site\/wp-content\/uploads\/2022\/08\/Logo-pequena-2.png\",\"width\":500,\"height\":500,\"caption\":\"CPNOT\u00cdCIAS\"},\"image\":{\"@id\":\"https:\/\/cleitonpinheiro.com.br\/site\/#\/schema\/logo\/image\/\"},\"sameAs\":[\"https:\/\/www.facebook.com\/portalcpnoticias\/\"]},{\"@type\":\"Person\",\"@id\":\"https:\/\/cleitonpinheiro.com.br\/site\/#\/schema\/person\/8f04544e0bc40a1b68775b08360f87db\",\"name\":\"Reda\u00e7\u00e3o CP\",\"image\":{\"@type\":\"ImageObject\",\"inLanguage\":\"pt-BR\",\"@id\":\"https:\/\/cleitonpinheiro.com.br\/site\/#\/schema\/person\/image\/\",\"url\":\"https:\/\/secure.gravatar.com\/avatar\/0bcf19cb29fdc8fc588c490c7ae1b3e174dac268586a63fbe1d1893a0f9020cd?s=96&r=g\",\"contentUrl\":\"https:\/\/secure.gravatar.com\/avatar\/0bcf19cb29fdc8fc588c490c7ae1b3e174dac268586a63fbe1d1893a0f9020cd?s=96&r=g\",\"caption\":\"Reda\u00e7\u00e3o CP\"},\"url\":\"https:\/\/cleitonpinheiro.com.br\/site\/author\/redacao\/\"}]}<\/script>\n<!-- \/ Yoast SEO plugin. -->","yoast_head_json":{"title":"Hacker diz \u00e0 PF que Zambelli pediu invas\u00e3o a telefone de Moraes - PORTAL DE NOT\u00cdCIAS CLEITON PINHEIRO","robots":{"index":"index","follow":"follow","max-snippet":"max-snippet:-1","max-image-preview":"max-image-preview:large","max-video-preview":"max-video-preview:-1"},"canonical":"https:\/\/cleitonpinheiro.com.br\/site\/hacker-diz-a-pf-que-zambelli-pediu-invasao-a-telefone-de-moraes\/","og_locale":"pt_BR","og_type":"article","og_title":"Hacker diz \u00e0 PF que Zambelli pediu invas\u00e3o a telefone de Moraes - PORTAL DE NOT\u00cdCIAS CLEITON PINHEIRO","og_description":"Em depoimento na Pol\u00edcia Federal (PF), o\u00a0hacker\u00a0Walter Delgatti Neto disse que recebeu pagamentos da deputada federal Carla Zambelli (PL-SP) para prestar servi\u00e7os cibern\u00e9ticos, e que a parlamentar pediu que ele invadisse o telefone celular e o\u00a0e-mail\u00a0do ministro Alexandre de Moraes, do Supremo Tribunal Federal (STF).\u00a0","og_url":"https:\/\/cleitonpinheiro.com.br\/site\/hacker-diz-a-pf-que-zambelli-pediu-invasao-a-telefone-de-moraes\/","og_site_name":"PORTAL DE NOT\u00cdCIAS CLEITON PINHEIRO","article_publisher":"https:\/\/www.facebook.com\/portalcpnoticias\/","article_published_time":"2023-08-02T23:16:51+00:00","article_modified_time":"2023-08-02T23:16:53+00:00","og_image":[{"width":1170,"height":700,"url":"https:\/\/cleitonpinheiro.com.br\/site\/wp-content\/uploads\/2023\/08\/img20220706213323124.jpg","type":"image\/jpeg"}],"author":"Reda\u00e7\u00e3o CP","twitter_card":"summary_large_image","twitter_misc":{"Escrito por":"Reda\u00e7\u00e3o CP","Est. tempo de leitura":"4 minutos"},"schema":{"@context":"https:\/\/schema.org","@graph":[{"@type":"Article","@id":"https:\/\/cleitonpinheiro.com.br\/site\/hacker-diz-a-pf-que-zambelli-pediu-invasao-a-telefone-de-moraes\/#article","isPartOf":{"@id":"https:\/\/cleitonpinheiro.com.br\/site\/hacker-diz-a-pf-que-zambelli-pediu-invasao-a-telefone-de-moraes\/"},"author":{"name":"Reda\u00e7\u00e3o CP","@id":"https:\/\/cleitonpinheiro.com.br\/site\/#\/schema\/person\/8f04544e0bc40a1b68775b08360f87db"},"headline":"Hacker diz \u00e0 PF que Zambelli pediu invas\u00e3o a telefone de Moraes","datePublished":"2023-08-02T23:16:51+00:00","dateModified":"2023-08-02T23:16:53+00:00","mainEntityOfPage":{"@id":"https:\/\/cleitonpinheiro.com.br\/site\/hacker-diz-a-pf-que-zambelli-pediu-invasao-a-telefone-de-moraes\/"},"wordCount":704,"commentCount":0,"publisher":{"@id":"https:\/\/cleitonpinheiro.com.br\/site\/#organization"},"image":{"@id":"https:\/\/cleitonpinheiro.com.br\/site\/hacker-diz-a-pf-que-zambelli-pediu-invasao-a-telefone-de-moraes\/#primaryimage"},"thumbnailUrl":"https:\/\/cleitonpinheiro.com.br\/site\/wp-content\/uploads\/2023\/08\/img20220706213323124.jpg","keywords":["Alexandre de Moraes","Carla Zambelli","Pol\u00edcia Federal","STF","Walter Delgatti"],"articleSection":["BRASIL \/ MUNDO","MANCHETE SEGUND\u00c1RIA"],"inLanguage":"pt-BR","potentialAction":[{"@type":"CommentAction","name":"Comment","target":["https:\/\/cleitonpinheiro.com.br\/site\/hacker-diz-a-pf-que-zambelli-pediu-invasao-a-telefone-de-moraes\/#respond"]}]},{"@type":"WebPage","@id":"https:\/\/cleitonpinheiro.com.br\/site\/hacker-diz-a-pf-que-zambelli-pediu-invasao-a-telefone-de-moraes\/","url":"https:\/\/cleitonpinheiro.com.br\/site\/hacker-diz-a-pf-que-zambelli-pediu-invasao-a-telefone-de-moraes\/","name":"Hacker diz \u00e0 PF que Zambelli pediu invas\u00e3o a telefone de Moraes - PORTAL DE NOT\u00cdCIAS CLEITON PINHEIRO","isPartOf":{"@id":"https:\/\/cleitonpinheiro.com.br\/site\/#website"},"primaryImageOfPage":{"@id":"https:\/\/cleitonpinheiro.com.br\/site\/hacker-diz-a-pf-que-zambelli-pediu-invasao-a-telefone-de-moraes\/#primaryimage"},"image":{"@id":"https:\/\/cleitonpinheiro.com.br\/site\/hacker-diz-a-pf-que-zambelli-pediu-invasao-a-telefone-de-moraes\/#primaryimage"},"thumbnailUrl":"https:\/\/cleitonpinheiro.com.br\/site\/wp-content\/uploads\/2023\/08\/img20220706213323124.jpg","datePublished":"2023-08-02T23:16:51+00:00","dateModified":"2023-08-02T23:16:53+00:00","breadcrumb":{"@id":"https:\/\/cleitonpinheiro.com.br\/site\/hacker-diz-a-pf-que-zambelli-pediu-invasao-a-telefone-de-moraes\/#breadcrumb"},"inLanguage":"pt-BR","potentialAction":[{"@type":"ReadAction","target":["https:\/\/cleitonpinheiro.com.br\/site\/hacker-diz-a-pf-que-zambelli-pediu-invasao-a-telefone-de-moraes\/"]}]},{"@type":"ImageObject","inLanguage":"pt-BR","@id":"https:\/\/cleitonpinheiro.com.br\/site\/hacker-diz-a-pf-que-zambelli-pediu-invasao-a-telefone-de-moraes\/#primaryimage","url":"","contentUrl":""},{"@type":"BreadcrumbList","@id":"https:\/\/cleitonpinheiro.com.br\/site\/hacker-diz-a-pf-que-zambelli-pediu-invasao-a-telefone-de-moraes\/#breadcrumb","itemListElement":[{"@type":"ListItem","position":1,"name":"In\u00edcio","item":"https:\/\/cleitonpinheiro.com.br\/site\/"},{"@type":"ListItem","position":2,"name":"Hacker diz \u00e0 PF que Zambelli pediu invas\u00e3o a telefone de Moraes"}]},{"@type":"WebSite","@id":"https:\/\/cleitonpinheiro.com.br\/site\/#website","url":"https:\/\/cleitonpinheiro.com.br\/site\/","name":"PORTAL DE NOT\u00cdCIAS CLEITON PINHEIRO","description":"FALANDO A VERDADE","publisher":{"@id":"https:\/\/cleitonpinheiro.com.br\/site\/#organization"},"potentialAction":[{"@type":"SearchAction","target":{"@type":"EntryPoint","urlTemplate":"https:\/\/cleitonpinheiro.com.br\/site\/?s={search_term_string}"},"query-input":{"@type":"PropertyValueSpecification","valueRequired":true,"valueName":"search_term_string"}}],"inLanguage":"pt-BR"},{"@type":"Organization","@id":"https:\/\/cleitonpinheiro.com.br\/site\/#organization","name":"CPNOT\u00cdCIAS","url":"https:\/\/cleitonpinheiro.com.br\/site\/","logo":{"@type":"ImageObject","inLanguage":"pt-BR","@id":"https:\/\/cleitonpinheiro.com.br\/site\/#\/schema\/logo\/image\/","url":"https:\/\/cleitonpinheiro.com.br\/site\/wp-content\/uploads\/2022\/08\/Logo-pequena-2.png","contentUrl":"https:\/\/cleitonpinheiro.com.br\/site\/wp-content\/uploads\/2022\/08\/Logo-pequena-2.png","width":500,"height":500,"caption":"CPNOT\u00cdCIAS"},"image":{"@id":"https:\/\/cleitonpinheiro.com.br\/site\/#\/schema\/logo\/image\/"},"sameAs":["https:\/\/www.facebook.com\/portalcpnoticias\/"]},{"@type":"Person","@id":"https:\/\/cleitonpinheiro.com.br\/site\/#\/schema\/person\/8f04544e0bc40a1b68775b08360f87db","name":"Reda\u00e7\u00e3o CP","image":{"@type":"ImageObject","inLanguage":"pt-BR","@id":"https:\/\/cleitonpinheiro.com.br\/site\/#\/schema\/person\/image\/","url":"https:\/\/secure.gravatar.com\/avatar\/0bcf19cb29fdc8fc588c490c7ae1b3e174dac268586a63fbe1d1893a0f9020cd?s=96&r=g","contentUrl":"https:\/\/secure.gravatar.com\/avatar\/0bcf19cb29fdc8fc588c490c7ae1b3e174dac268586a63fbe1d1893a0f9020cd?s=96&r=g","caption":"Reda\u00e7\u00e3o CP"},"url":"https:\/\/cleitonpinheiro.com.br\/site\/author\/redacao\/"}]}},"views":131,"_links":{"self":[{"href":"https:\/\/cleitonpinheiro.com.br\/site\/wp-json\/wp\/v2\/posts\/73233","targetHints":{"allow":["GET"]}}],"collection":[{"href":"https:\/\/cleitonpinheiro.com.br\/site\/wp-json\/wp\/v2\/posts"}],"about":[{"href":"https:\/\/cleitonpinheiro.com.br\/site\/wp-json\/wp\/v2\/types\/post"}],"author":[{"embeddable":true,"href":"https:\/\/cleitonpinheiro.com.br\/site\/wp-json\/wp\/v2\/users\/13"}],"replies":[{"embeddable":true,"href":"https:\/\/cleitonpinheiro.com.br\/site\/wp-json\/wp\/v2\/comments?post=73233"}],"version-history":[{"count":1,"href":"https:\/\/cleitonpinheiro.com.br\/site\/wp-json\/wp\/v2\/posts\/73233\/revisions"}],"predecessor-version":[{"id":73235,"href":"https:\/\/cleitonpinheiro.com.br\/site\/wp-json\/wp\/v2\/posts\/73233\/revisions\/73235"}],"wp:attachment":[{"href":"https:\/\/cleitonpinheiro.com.br\/site\/wp-json\/wp\/v2\/media?parent=73233"}],"wp:term":[{"taxonomy":"category","embeddable":true,"href":"https:\/\/cleitonpinheiro.com.br\/site\/wp-json\/wp\/v2\/categories?post=73233"},{"taxonomy":"post_tag","embeddable":true,"href":"https:\/\/cleitonpinheiro.com.br\/site\/wp-json\/wp\/v2\/tags?post=73233"}],"curies":[{"name":"wp","href":"https:\/\/api.w.org\/{rel}","templated":true}]}}