{"id":73240,"date":"2023-08-02T20:25:14","date_gmt":"2023-08-02T23:25:14","guid":{"rendered":"https:\/\/cleitonpinheiro.com.br\/site\/?p=73240"},"modified":"2023-08-03T08:17:17","modified_gmt":"2023-08-03T11:17:17","slug":"novo-programa-do-governo-traz-acoes-de-apoio-a-pescadores-artesanais","status":"publish","type":"post","link":"https:\/\/cleitonpinheiro.com.br\/site\/novo-programa-do-governo-traz-acoes-de-apoio-a-pescadores-artesanais\/","title":{"rendered":"Novo programa do governo traz a\u00e7\u00f5es de apoio a pescadores artesanais"},"content":{"rendered":"\n<figure class=\"wp-block-image size-full\"><img decoding=\"async\" src=\"https:\/\/cleitonpinheiro.com.br\/site\/wp-content\/uploads\/2023\/08\/raf01102_0.jpg\" alt=\"\" class=\"wp-image-73241\"\/><figcaption class=\"wp-element-caption\">Iniciativas v\u00e3o de linha de cr\u00e9dito a bolsas de estudo &#8211; Foto: Rafa Neddemeyer\/Ag\u00eancia Brasil<\/figcaption><\/figure>\n\n\n\n<p class=\"wp-block-paragraph\"><strong>Por Sabrina Craide &#8211; Ag\u00eancia Brasil\u00a0<\/strong><\/p>\n\n\n\n<p class=\"wp-block-paragraph\">Cerca de 1\u00a0milh\u00e3o de pescadores artesanais dever\u00e3o ser beneficiados pelo Programa Povos da Pesca Artesanal, lan\u00e7ado nesta quarta-feira (2) pelo governo federal. Com o objetivo de criar pol\u00edticas p\u00fablicas para garantir seguran\u00e7a alimentar, trabalho e renda para os pescadores, o programa ter\u00e1 sete diferentes a\u00e7\u00f5es, que ser\u00e3o executadas em conjunto por quatro pastas, com a coordena\u00e7\u00e3o do Minist\u00e9rio da Pesca e Aquicultura.\u00a0<img decoding=\"async\" src=\"https:\/\/agenciabrasil.ebc.com.br\/ebc.png?id=1547067&amp;o=node\"><img decoding=\"async\" src=\"https:\/\/agenciabrasil.ebc.com.br\/ebc.gif?id=1547067&amp;o=node\"><\/p>\n\n\n\n<p class=\"wp-block-paragraph\">A ideia \u00e9 beneficiar pescadores em todas as regi\u00f5es do pa\u00eds, com maior concentra\u00e7\u00e3o nos estados do Norte e Nordeste. Segundo o Minist\u00e9rio da Pesca e Aquicultura, do total de pescadores artesanais no pa\u00eds, 460 mil est\u00e3o no Nordeste e 370 mil no Norte, incluindo ind\u00edgenas, mulheres negras, comunidades cai\u00e7aras, marisqueiras, jangadeiros, vazanteiros, ribeirinhos, extrativistas, pescadores quilombolas.&nbsp;<\/p>\n\n\n\n<p class=\"wp-block-paragraph\">O ministro da Pesca e Aquicultura, Andr\u00e9 de Paula, disse que o programa \u00e9 um gesto de repara\u00e7\u00e3o hist\u00f3rica do povo brasileiro. \u201cO Povos da Pesca Artesanal incorpora nas pol\u00edticas p\u00fablicas do governo federal as principais reivindica\u00e7\u00f5es de pescadores e pescadoras artesanais. Uma a\u00e7\u00e3o que buscar\u00e1, al\u00e9m de construir condi\u00e7\u00f5es para a supera\u00e7\u00e3o de antigos bloqueios \u00e0 produ\u00e7\u00e3o e \u00e0 comercializa\u00e7\u00e3o dos pescados, garantir direitos sociais, culturais e ambientais, e assim fazer justi\u00e7a hist\u00f3rica com essa gente lutadora brasileira\u201d.&nbsp;<\/p>\n\n\n\n<figure class=\"wp-block-image\"><img decoding=\"async\" src=\"https:\/\/imagens.ebc.com.br\/1wH31TomU_xmI7oeMocLDd_RKfk=\/463x0\/smart\/https:\/\/agenciabrasil.ebc.com.br\/sites\/default\/files\/thumbnails\/image\/raf00701_0.jpg?itok=5d7JoBPa\" alt=\"Bras\u00edlia (DF), 02\/08\/2023, O presidente Luiz In\u00e1cio Lula da Silva, durante o lan\u00e7amento do programa Povos da Pesca Artesanal e da assinatura do decreto que recria o Conselho Nacional da Aquicultura e Pesca (Conape).  Foto: Rafa Neddermeyer\/Ag\u00eancia Brasil\" title=\"Rafa Neddermeyer\/Ag\u00eancia Brasil\"\/><\/figure>\n\n\n\n<p class=\"wp-block-paragraph\">O presidente Luiz In\u00e1cio Lula da Silva e o ministro da Pesca, Andr\u00e9 de Paula, durante o lan\u00e7amento do programa Povos da Pesca Artesanal&nbsp;<strong>Foto:Rafa Neddermeyer\/Ag\u00eancia Brasil<\/strong><\/p>\n\n\n\n<p class=\"wp-block-paragraph\">O programa prev\u00ea a cria\u00e7\u00e3o do Plano Nacional de Pesca Artesanal, com a\u00e7\u00f5es para a cria\u00e7\u00e3o de pol\u00edticas multidimensionais para a pesca nos pr\u00f3ximos 10 anos. Em parceria com o Minist\u00e9rio do Desenvolvimento Social e Combate \u00e0 Fome, est\u00e3o previstas a\u00e7\u00f5es para promo\u00e7\u00e3o da inclus\u00e3o socioecon\u00f4mica dos pescadores. Tamb\u00e9m h\u00e1 a\u00e7\u00f5es para beneficiar a categoria com linhas de cr\u00e9dito e assist\u00eancia t\u00e9cnica, a inclus\u00e3o produtiva e sanit\u00e1ria da pesca artesanal e amplia\u00e7\u00e3o da aquisi\u00e7\u00e3o do pescado artesanal no Programa de Aquisi\u00e7\u00e3o de Alimentos (PAA), em parceria com o Minist\u00e9rio do Desenvolvimento Agr\u00e1rio e Agricultura Familiar e a Companhia Nacional de Abastecimento (Conab).&nbsp;<\/p>\n\n\n\n<p class=\"wp-block-paragraph\">Outra a\u00e7\u00e3o prevista \u00e9 a oferta de bolsas de estudo a alunos oriundos das escolas p\u00fablicas provenientes de comunidades pesqueiras tradicionais. A a\u00e7\u00e3o ser\u00e1 desenvolvida em conjunto com as funda\u00e7\u00f5es estaduais de apoio \u00e0 pesquisa, inicialmente de 13 estados.<\/p>\n\n\n\n<p class=\"wp-block-paragraph\">A pescadora artesanal \u00cdtalla de Souza, de Cara\u00edbas (MG), destacou o papel da educa\u00e7\u00e3o para os jovens pescadores. \u201cDurante muito tempo, n\u00f3s de comunidades tradicionais n\u00e3o tivemos uma educa\u00e7\u00e3o adequada, contextualizada com a realidade das nossas comunidades&nbsp;e, por isso, muitos dos nossos jovens se viram obrigados a sair de seus territ\u00f3rios para buscar educa\u00e7\u00e3o nas cidades\u201d, disse.&nbsp;<\/p>\n\n\n\n<p class=\"wp-block-paragraph\">Em conjunto com o Minist\u00e9rio P\u00fablico do Trabalho, o Projeto Santiago ter\u00e1 a\u00e7\u00f5es para melhorar as condi\u00e7\u00f5es de trabalho dos pescadores. Tamb\u00e9m h\u00e1 uma a\u00e7\u00e3o em conjunto com o Minist\u00e9rio da Cultura para valorizar as tradi\u00e7\u00f5es culturais ligadas \u00e0 pesca.&nbsp;<\/p>\n\n\n\n<p class=\"wp-block-paragraph\">Em um audit\u00f3rio lotado de trabalhadores da pesca, o presidente Luiz In\u00e1cio Lula da Silva disse que o gesto mostra a diferen\u00e7a entre os governos que o pa\u00eds j\u00e1 teve. Ele destacou a recria\u00e7\u00e3o do Minist\u00e9rio da Pesca, ressaltando a import\u00e2ncia do setor para a economia do pa\u00eds. \u201cRecriaremos [o Minist\u00e9rio da Pesca] quantas vezes forem necess\u00e1rias, cada vez melhor e mais forte\u201d.<\/p>\n\n\n\n<p class=\"wp-block-paragraph\">Lula garantiu que o governo vai fornecer oportunidades para aumentar a produ\u00e7\u00e3o pesqueira no pa\u00eds e pediu aten\u00e7\u00e3o para o cadastramento de pescadores. \u201cTodo esse conjunto de pol\u00edticas p\u00fablicas vai se juntar \u00e0s medidas que j\u00e1 tomamos nesses sete meses de mandato\u201d, disse Lula.&nbsp;<\/p>\n\n\n\n<p class=\"wp-block-paragraph\">Em parceria com os minist\u00e9rios do Trabalho e Emprego e da Previd\u00eancia, o Minist\u00e9rio da Pesca e Aquicultura quer ainda zerar a fila de pedidos de registros de pescadores artesanais.<\/p>\n\n\n\n<p class=\"wp-block-paragraph\">Segundo Andr\u00e9 de Paula, hoje h\u00e1 cerca de 220 mil solicita\u00e7\u00f5es e a parceria com os demais minist\u00e9rios vai possibilitar o atendimento mais r\u00e1pido da demanda represada e evitar fraudes no sistema. \u201cQuanto mais rigorosos n\u00f3s formos no acompanhamento desses programas, maior ser\u00e1 o espa\u00e7o or\u00e7ament\u00e1rio que vamos dispor para promover programas sociais\u201d, disse o ministro.<\/p>\n\n\n\n<h2 class=\"wp-block-heading\">Conselho Nacional<\/h2>\n\n\n\n<p class=\"wp-block-paragraph\">O presidente Lula tamb\u00e9m assinou hoje o decreto de recria\u00e7\u00e3o do Conselho Nacional da Aquicultura e Pesca, que havia sido desativado h\u00e1 cinco anos. \u00c9 um \u00f3rg\u00e3o consultivo do Minist\u00e9rio da Pesca e Aquicultura, em que a sociedade participa da discuss\u00e3o das pol\u00edticas p\u00fablicas e do ordenamento pesqueiro nacional.<\/p>\n","protected":false},"excerpt":{"rendered":"<p>Cerca de 1\u00a0milh\u00e3o de pescadores artesanais dever\u00e3o ser beneficiados pelo Programa Povos da Pesca Artesanal, lan\u00e7ado nesta quarta-feira (2) pelo governo federal. Com o objetivo de criar pol\u00edticas p\u00fablicas para garantir seguran\u00e7a alimentar, trabalho e renda para os pescadores, o programa ter\u00e1 sete diferentes a\u00e7\u00f5es, que ser\u00e3o executadas em conjunto por quatro pastas, com a coordena\u00e7\u00e3o do Minist\u00e9rio da Pesca e Aquicultura.\u00a0<\/p>\n","protected":false},"author":13,"featured_media":0,"comment_status":"open","ping_status":"open","sticky":false,"template":"","format":"standard","meta":{"_acf_changed":false,"footnotes":""},"categories":[19,898],"tags":[911,1089,1078],"class_list":["post-73240","post","type-post","status-publish","format-standard","hentry","category-brasil-mundo","category-manchete-segundaria","tag-governo-federal","tag-pesca-artesanal","tag-presidente-lula"],"acf":[],"yoast_head":"<!-- This site is optimized with the Yoast SEO plugin v24.4 - https:\/\/yoast.com\/wordpress\/plugins\/seo\/ -->\n<title>Novo programa do governo traz a\u00e7\u00f5es de apoio a pescadores artesanais - PORTAL DE NOT\u00cdCIAS CLEITON PINHEIRO<\/title>\n<meta name=\"robots\" content=\"index, follow, max-snippet:-1, max-image-preview:large, max-video-preview:-1\" \/>\n<link rel=\"canonical\" href=\"https:\/\/cleitonpinheiro.com.br\/site\/novo-programa-do-governo-traz-acoes-de-apoio-a-pescadores-artesanais\/\" \/>\n<meta property=\"og:locale\" content=\"pt_BR\" \/>\n<meta property=\"og:type\" content=\"article\" \/>\n<meta property=\"og:title\" content=\"Novo programa do governo traz a\u00e7\u00f5es de apoio a pescadores artesanais - PORTAL DE NOT\u00cdCIAS CLEITON PINHEIRO\" \/>\n<meta property=\"og:description\" content=\"Cerca de 1\u00a0milh\u00e3o de pescadores artesanais dever\u00e3o ser beneficiados pelo Programa Povos da Pesca Artesanal, lan\u00e7ado nesta quarta-feira (2) pelo governo federal. Com o objetivo de criar pol\u00edticas p\u00fablicas para garantir seguran\u00e7a alimentar, trabalho e renda para os pescadores, o programa ter\u00e1 sete diferentes a\u00e7\u00f5es, que ser\u00e3o executadas em conjunto por quatro pastas, com a coordena\u00e7\u00e3o do Minist\u00e9rio da Pesca e Aquicultura.\u00a0\" \/>\n<meta property=\"og:url\" content=\"https:\/\/cleitonpinheiro.com.br\/site\/novo-programa-do-governo-traz-acoes-de-apoio-a-pescadores-artesanais\/\" \/>\n<meta property=\"og:site_name\" content=\"PORTAL DE NOT\u00cdCIAS CLEITON PINHEIRO\" \/>\n<meta property=\"article:publisher\" content=\"https:\/\/www.facebook.com\/portalcpnoticias\/\" \/>\n<meta property=\"article:published_time\" content=\"2023-08-02T23:25:14+00:00\" \/>\n<meta property=\"article:modified_time\" content=\"2023-08-03T11:17:17+00:00\" \/>\n<meta property=\"og:image\" content=\"https:\/\/cleitonpinheiro.com.br\/site\/wp-content\/uploads\/2023\/08\/raf01102_0.jpg\" \/>\n\t<meta property=\"og:image:width\" content=\"1170\" \/>\n\t<meta property=\"og:image:height\" content=\"700\" \/>\n\t<meta property=\"og:image:type\" content=\"image\/jpeg\" \/>\n<meta name=\"author\" content=\"Reda\u00e7\u00e3o CP\" \/>\n<meta name=\"twitter:card\" content=\"summary_large_image\" \/>\n<meta name=\"twitter:label1\" content=\"Escrito por\" \/>\n\t<meta name=\"twitter:data1\" content=\"Reda\u00e7\u00e3o CP\" \/>\n\t<meta name=\"twitter:label2\" content=\"Est. tempo de leitura\" \/>\n\t<meta name=\"twitter:data2\" content=\"5 minutos\" \/>\n<script type=\"application\/ld+json\" class=\"yoast-schema-graph\">{\"@context\":\"https:\/\/schema.org\",\"@graph\":[{\"@type\":\"Article\",\"@id\":\"https:\/\/cleitonpinheiro.com.br\/site\/novo-programa-do-governo-traz-acoes-de-apoio-a-pescadores-artesanais\/#article\",\"isPartOf\":{\"@id\":\"https:\/\/cleitonpinheiro.com.br\/site\/novo-programa-do-governo-traz-acoes-de-apoio-a-pescadores-artesanais\/\"},\"author\":{\"name\":\"Reda\u00e7\u00e3o CP\",\"@id\":\"https:\/\/cleitonpinheiro.com.br\/site\/#\/schema\/person\/8f04544e0bc40a1b68775b08360f87db\"},\"headline\":\"Novo programa do governo traz a\u00e7\u00f5es de apoio a pescadores artesanais\",\"datePublished\":\"2023-08-02T23:25:14+00:00\",\"dateModified\":\"2023-08-03T11:17:17+00:00\",\"mainEntityOfPage\":{\"@id\":\"https:\/\/cleitonpinheiro.com.br\/site\/novo-programa-do-governo-traz-acoes-de-apoio-a-pescadores-artesanais\/\"},\"wordCount\":849,\"commentCount\":0,\"publisher\":{\"@id\":\"https:\/\/cleitonpinheiro.com.br\/site\/#organization\"},\"image\":{\"@id\":\"https:\/\/cleitonpinheiro.com.br\/site\/novo-programa-do-governo-traz-acoes-de-apoio-a-pescadores-artesanais\/#primaryimage\"},\"thumbnailUrl\":\"https:\/\/cleitonpinheiro.com.br\/site\/wp-content\/uploads\/2023\/08\/raf01102_0.jpg\",\"keywords\":[\"governo federal\",\"pesca artesanal\",\"presidente Lula\"],\"articleSection\":[\"BRASIL \/ MUNDO\",\"MANCHETE SEGUND\u00c1RIA\"],\"inLanguage\":\"pt-BR\",\"potentialAction\":[{\"@type\":\"CommentAction\",\"name\":\"Comment\",\"target\":[\"https:\/\/cleitonpinheiro.com.br\/site\/novo-programa-do-governo-traz-acoes-de-apoio-a-pescadores-artesanais\/#respond\"]}]},{\"@type\":\"WebPage\",\"@id\":\"https:\/\/cleitonpinheiro.com.br\/site\/novo-programa-do-governo-traz-acoes-de-apoio-a-pescadores-artesanais\/\",\"url\":\"https:\/\/cleitonpinheiro.com.br\/site\/novo-programa-do-governo-traz-acoes-de-apoio-a-pescadores-artesanais\/\",\"name\":\"Novo programa do governo traz a\u00e7\u00f5es de apoio a pescadores artesanais - PORTAL DE NOT\u00cdCIAS CLEITON PINHEIRO\",\"isPartOf\":{\"@id\":\"https:\/\/cleitonpinheiro.com.br\/site\/#website\"},\"primaryImageOfPage\":{\"@id\":\"https:\/\/cleitonpinheiro.com.br\/site\/novo-programa-do-governo-traz-acoes-de-apoio-a-pescadores-artesanais\/#primaryimage\"},\"image\":{\"@id\":\"https:\/\/cleitonpinheiro.com.br\/site\/novo-programa-do-governo-traz-acoes-de-apoio-a-pescadores-artesanais\/#primaryimage\"},\"thumbnailUrl\":\"https:\/\/cleitonpinheiro.com.br\/site\/wp-content\/uploads\/2023\/08\/raf01102_0.jpg\",\"datePublished\":\"2023-08-02T23:25:14+00:00\",\"dateModified\":\"2023-08-03T11:17:17+00:00\",\"breadcrumb\":{\"@id\":\"https:\/\/cleitonpinheiro.com.br\/site\/novo-programa-do-governo-traz-acoes-de-apoio-a-pescadores-artesanais\/#breadcrumb\"},\"inLanguage\":\"pt-BR\",\"potentialAction\":[{\"@type\":\"ReadAction\",\"target\":[\"https:\/\/cleitonpinheiro.com.br\/site\/novo-programa-do-governo-traz-acoes-de-apoio-a-pescadores-artesanais\/\"]}]},{\"@type\":\"ImageObject\",\"inLanguage\":\"pt-BR\",\"@id\":\"https:\/\/cleitonpinheiro.com.br\/site\/novo-programa-do-governo-traz-acoes-de-apoio-a-pescadores-artesanais\/#primaryimage\",\"url\":\"\",\"contentUrl\":\"\"},{\"@type\":\"BreadcrumbList\",\"@id\":\"https:\/\/cleitonpinheiro.com.br\/site\/novo-programa-do-governo-traz-acoes-de-apoio-a-pescadores-artesanais\/#breadcrumb\",\"itemListElement\":[{\"@type\":\"ListItem\",\"position\":1,\"name\":\"In\u00edcio\",\"item\":\"https:\/\/cleitonpinheiro.com.br\/site\/\"},{\"@type\":\"ListItem\",\"position\":2,\"name\":\"Novo programa do governo traz a\u00e7\u00f5es de apoio a pescadores artesanais\"}]},{\"@type\":\"WebSite\",\"@id\":\"https:\/\/cleitonpinheiro.com.br\/site\/#website\",\"url\":\"https:\/\/cleitonpinheiro.com.br\/site\/\",\"name\":\"PORTAL DE NOT\u00cdCIAS CLEITON PINHEIRO\",\"description\":\"FALANDO A VERDADE\",\"publisher\":{\"@id\":\"https:\/\/cleitonpinheiro.com.br\/site\/#organization\"},\"potentialAction\":[{\"@type\":\"SearchAction\",\"target\":{\"@type\":\"EntryPoint\",\"urlTemplate\":\"https:\/\/cleitonpinheiro.com.br\/site\/?s={search_term_string}\"},\"query-input\":{\"@type\":\"PropertyValueSpecification\",\"valueRequired\":true,\"valueName\":\"search_term_string\"}}],\"inLanguage\":\"pt-BR\"},{\"@type\":\"Organization\",\"@id\":\"https:\/\/cleitonpinheiro.com.br\/site\/#organization\",\"name\":\"CPNOT\u00cdCIAS\",\"url\":\"https:\/\/cleitonpinheiro.com.br\/site\/\",\"logo\":{\"@type\":\"ImageObject\",\"inLanguage\":\"pt-BR\",\"@id\":\"https:\/\/cleitonpinheiro.com.br\/site\/#\/schema\/logo\/image\/\",\"url\":\"https:\/\/cleitonpinheiro.com.br\/site\/wp-content\/uploads\/2022\/08\/Logo-pequena-2.png\",\"contentUrl\":\"https:\/\/cleitonpinheiro.com.br\/site\/wp-content\/uploads\/2022\/08\/Logo-pequena-2.png\",\"width\":500,\"height\":500,\"caption\":\"CPNOT\u00cdCIAS\"},\"image\":{\"@id\":\"https:\/\/cleitonpinheiro.com.br\/site\/#\/schema\/logo\/image\/\"},\"sameAs\":[\"https:\/\/www.facebook.com\/portalcpnoticias\/\"]},{\"@type\":\"Person\",\"@id\":\"https:\/\/cleitonpinheiro.com.br\/site\/#\/schema\/person\/8f04544e0bc40a1b68775b08360f87db\",\"name\":\"Reda\u00e7\u00e3o CP\",\"image\":{\"@type\":\"ImageObject\",\"inLanguage\":\"pt-BR\",\"@id\":\"https:\/\/cleitonpinheiro.com.br\/site\/#\/schema\/person\/image\/\",\"url\":\"https:\/\/secure.gravatar.com\/avatar\/0bcf19cb29fdc8fc588c490c7ae1b3e174dac268586a63fbe1d1893a0f9020cd?s=96&r=g\",\"contentUrl\":\"https:\/\/secure.gravatar.com\/avatar\/0bcf19cb29fdc8fc588c490c7ae1b3e174dac268586a63fbe1d1893a0f9020cd?s=96&r=g\",\"caption\":\"Reda\u00e7\u00e3o CP\"},\"url\":\"https:\/\/cleitonpinheiro.com.br\/site\/author\/redacao\/\"}]}<\/script>\n<!-- \/ Yoast SEO plugin. -->","yoast_head_json":{"title":"Novo programa do governo traz a\u00e7\u00f5es de apoio a pescadores artesanais - PORTAL DE NOT\u00cdCIAS CLEITON PINHEIRO","robots":{"index":"index","follow":"follow","max-snippet":"max-snippet:-1","max-image-preview":"max-image-preview:large","max-video-preview":"max-video-preview:-1"},"canonical":"https:\/\/cleitonpinheiro.com.br\/site\/novo-programa-do-governo-traz-acoes-de-apoio-a-pescadores-artesanais\/","og_locale":"pt_BR","og_type":"article","og_title":"Novo programa do governo traz a\u00e7\u00f5es de apoio a pescadores artesanais - PORTAL DE NOT\u00cdCIAS CLEITON PINHEIRO","og_description":"Cerca de 1\u00a0milh\u00e3o de pescadores artesanais dever\u00e3o ser beneficiados pelo Programa Povos da Pesca Artesanal, lan\u00e7ado nesta quarta-feira (2) pelo governo federal. Com o objetivo de criar pol\u00edticas p\u00fablicas para garantir seguran\u00e7a alimentar, trabalho e renda para os pescadores, o programa ter\u00e1 sete diferentes a\u00e7\u00f5es, que ser\u00e3o executadas em conjunto por quatro pastas, com a coordena\u00e7\u00e3o do Minist\u00e9rio da Pesca e Aquicultura.\u00a0","og_url":"https:\/\/cleitonpinheiro.com.br\/site\/novo-programa-do-governo-traz-acoes-de-apoio-a-pescadores-artesanais\/","og_site_name":"PORTAL DE NOT\u00cdCIAS CLEITON PINHEIRO","article_publisher":"https:\/\/www.facebook.com\/portalcpnoticias\/","article_published_time":"2023-08-02T23:25:14+00:00","article_modified_time":"2023-08-03T11:17:17+00:00","og_image":[{"width":1170,"height":700,"url":"https:\/\/cleitonpinheiro.com.br\/site\/wp-content\/uploads\/2023\/08\/raf01102_0.jpg","type":"image\/jpeg"}],"author":"Reda\u00e7\u00e3o CP","twitter_card":"summary_large_image","twitter_misc":{"Escrito por":"Reda\u00e7\u00e3o CP","Est. tempo de leitura":"5 minutos"},"schema":{"@context":"https:\/\/schema.org","@graph":[{"@type":"Article","@id":"https:\/\/cleitonpinheiro.com.br\/site\/novo-programa-do-governo-traz-acoes-de-apoio-a-pescadores-artesanais\/#article","isPartOf":{"@id":"https:\/\/cleitonpinheiro.com.br\/site\/novo-programa-do-governo-traz-acoes-de-apoio-a-pescadores-artesanais\/"},"author":{"name":"Reda\u00e7\u00e3o CP","@id":"https:\/\/cleitonpinheiro.com.br\/site\/#\/schema\/person\/8f04544e0bc40a1b68775b08360f87db"},"headline":"Novo programa do governo traz a\u00e7\u00f5es de apoio a pescadores artesanais","datePublished":"2023-08-02T23:25:14+00:00","dateModified":"2023-08-03T11:17:17+00:00","mainEntityOfPage":{"@id":"https:\/\/cleitonpinheiro.com.br\/site\/novo-programa-do-governo-traz-acoes-de-apoio-a-pescadores-artesanais\/"},"wordCount":849,"commentCount":0,"publisher":{"@id":"https:\/\/cleitonpinheiro.com.br\/site\/#organization"},"image":{"@id":"https:\/\/cleitonpinheiro.com.br\/site\/novo-programa-do-governo-traz-acoes-de-apoio-a-pescadores-artesanais\/#primaryimage"},"thumbnailUrl":"https:\/\/cleitonpinheiro.com.br\/site\/wp-content\/uploads\/2023\/08\/raf01102_0.jpg","keywords":["governo federal","pesca artesanal","presidente Lula"],"articleSection":["BRASIL \/ MUNDO","MANCHETE SEGUND\u00c1RIA"],"inLanguage":"pt-BR","potentialAction":[{"@type":"CommentAction","name":"Comment","target":["https:\/\/cleitonpinheiro.com.br\/site\/novo-programa-do-governo-traz-acoes-de-apoio-a-pescadores-artesanais\/#respond"]}]},{"@type":"WebPage","@id":"https:\/\/cleitonpinheiro.com.br\/site\/novo-programa-do-governo-traz-acoes-de-apoio-a-pescadores-artesanais\/","url":"https:\/\/cleitonpinheiro.com.br\/site\/novo-programa-do-governo-traz-acoes-de-apoio-a-pescadores-artesanais\/","name":"Novo programa do governo traz a\u00e7\u00f5es de apoio a pescadores artesanais - PORTAL DE NOT\u00cdCIAS CLEITON PINHEIRO","isPartOf":{"@id":"https:\/\/cleitonpinheiro.com.br\/site\/#website"},"primaryImageOfPage":{"@id":"https:\/\/cleitonpinheiro.com.br\/site\/novo-programa-do-governo-traz-acoes-de-apoio-a-pescadores-artesanais\/#primaryimage"},"image":{"@id":"https:\/\/cleitonpinheiro.com.br\/site\/novo-programa-do-governo-traz-acoes-de-apoio-a-pescadores-artesanais\/#primaryimage"},"thumbnailUrl":"https:\/\/cleitonpinheiro.com.br\/site\/wp-content\/uploads\/2023\/08\/raf01102_0.jpg","datePublished":"2023-08-02T23:25:14+00:00","dateModified":"2023-08-03T11:17:17+00:00","breadcrumb":{"@id":"https:\/\/cleitonpinheiro.com.br\/site\/novo-programa-do-governo-traz-acoes-de-apoio-a-pescadores-artesanais\/#breadcrumb"},"inLanguage":"pt-BR","potentialAction":[{"@type":"ReadAction","target":["https:\/\/cleitonpinheiro.com.br\/site\/novo-programa-do-governo-traz-acoes-de-apoio-a-pescadores-artesanais\/"]}]},{"@type":"ImageObject","inLanguage":"pt-BR","@id":"https:\/\/cleitonpinheiro.com.br\/site\/novo-programa-do-governo-traz-acoes-de-apoio-a-pescadores-artesanais\/#primaryimage","url":"","contentUrl":""},{"@type":"BreadcrumbList","@id":"https:\/\/cleitonpinheiro.com.br\/site\/novo-programa-do-governo-traz-acoes-de-apoio-a-pescadores-artesanais\/#breadcrumb","itemListElement":[{"@type":"ListItem","position":1,"name":"In\u00edcio","item":"https:\/\/cleitonpinheiro.com.br\/site\/"},{"@type":"ListItem","position":2,"name":"Novo programa do governo traz a\u00e7\u00f5es de apoio a pescadores artesanais"}]},{"@type":"WebSite","@id":"https:\/\/cleitonpinheiro.com.br\/site\/#website","url":"https:\/\/cleitonpinheiro.com.br\/site\/","name":"PORTAL DE NOT\u00cdCIAS CLEITON PINHEIRO","description":"FALANDO A VERDADE","publisher":{"@id":"https:\/\/cleitonpinheiro.com.br\/site\/#organization"},"potentialAction":[{"@type":"SearchAction","target":{"@type":"EntryPoint","urlTemplate":"https:\/\/cleitonpinheiro.com.br\/site\/?s={search_term_string}"},"query-input":{"@type":"PropertyValueSpecification","valueRequired":true,"valueName":"search_term_string"}}],"inLanguage":"pt-BR"},{"@type":"Organization","@id":"https:\/\/cleitonpinheiro.com.br\/site\/#organization","name":"CPNOT\u00cdCIAS","url":"https:\/\/cleitonpinheiro.com.br\/site\/","logo":{"@type":"ImageObject","inLanguage":"pt-BR","@id":"https:\/\/cleitonpinheiro.com.br\/site\/#\/schema\/logo\/image\/","url":"https:\/\/cleitonpinheiro.com.br\/site\/wp-content\/uploads\/2022\/08\/Logo-pequena-2.png","contentUrl":"https:\/\/cleitonpinheiro.com.br\/site\/wp-content\/uploads\/2022\/08\/Logo-pequena-2.png","width":500,"height":500,"caption":"CPNOT\u00cdCIAS"},"image":{"@id":"https:\/\/cleitonpinheiro.com.br\/site\/#\/schema\/logo\/image\/"},"sameAs":["https:\/\/www.facebook.com\/portalcpnoticias\/"]},{"@type":"Person","@id":"https:\/\/cleitonpinheiro.com.br\/site\/#\/schema\/person\/8f04544e0bc40a1b68775b08360f87db","name":"Reda\u00e7\u00e3o CP","image":{"@type":"ImageObject","inLanguage":"pt-BR","@id":"https:\/\/cleitonpinheiro.com.br\/site\/#\/schema\/person\/image\/","url":"https:\/\/secure.gravatar.com\/avatar\/0bcf19cb29fdc8fc588c490c7ae1b3e174dac268586a63fbe1d1893a0f9020cd?s=96&r=g","contentUrl":"https:\/\/secure.gravatar.com\/avatar\/0bcf19cb29fdc8fc588c490c7ae1b3e174dac268586a63fbe1d1893a0f9020cd?s=96&r=g","caption":"Reda\u00e7\u00e3o CP"},"url":"https:\/\/cleitonpinheiro.com.br\/site\/author\/redacao\/"}]}},"views":146,"_links":{"self":[{"href":"https:\/\/cleitonpinheiro.com.br\/site\/wp-json\/wp\/v2\/posts\/73240","targetHints":{"allow":["GET"]}}],"collection":[{"href":"https:\/\/cleitonpinheiro.com.br\/site\/wp-json\/wp\/v2\/posts"}],"about":[{"href":"https:\/\/cleitonpinheiro.com.br\/site\/wp-json\/wp\/v2\/types\/post"}],"author":[{"embeddable":true,"href":"https:\/\/cleitonpinheiro.com.br\/site\/wp-json\/wp\/v2\/users\/13"}],"replies":[{"embeddable":true,"href":"https:\/\/cleitonpinheiro.com.br\/site\/wp-json\/wp\/v2\/comments?post=73240"}],"version-history":[{"count":1,"href":"https:\/\/cleitonpinheiro.com.br\/site\/wp-json\/wp\/v2\/posts\/73240\/revisions"}],"predecessor-version":[{"id":73242,"href":"https:\/\/cleitonpinheiro.com.br\/site\/wp-json\/wp\/v2\/posts\/73240\/revisions\/73242"}],"wp:attachment":[{"href":"https:\/\/cleitonpinheiro.com.br\/site\/wp-json\/wp\/v2\/media?parent=73240"}],"wp:term":[{"taxonomy":"category","embeddable":true,"href":"https:\/\/cleitonpinheiro.com.br\/site\/wp-json\/wp\/v2\/categories?post=73240"},{"taxonomy":"post_tag","embeddable":true,"href":"https:\/\/cleitonpinheiro.com.br\/site\/wp-json\/wp\/v2\/tags?post=73240"}],"curies":[{"name":"wp","href":"https:\/\/api.w.org\/{rel}","templated":true}]}}