{"id":73243,"date":"2023-08-02T20:30:10","date_gmt":"2023-08-02T23:30:10","guid":{"rendered":"https:\/\/cleitonpinheiro.com.br\/site\/?p=73243"},"modified":"2023-08-03T08:17:09","modified_gmt":"2023-08-03T11:17:09","slug":"ministro-moraes-vota-a-favor-da-descriminalizacao-do-porte-de-maconha","status":"publish","type":"post","link":"https:\/\/cleitonpinheiro.com.br\/site\/ministro-moraes-vota-a-favor-da-descriminalizacao-do-porte-de-maconha\/","title":{"rendered":"Ministro Moraes vota a favor da descriminaliza\u00e7\u00e3o do porte de maconha"},"content":{"rendered":"\n<figure class=\"wp-block-image size-full\"><img decoding=\"async\" src=\"https:\/\/cleitonpinheiro.com.br\/site\/wp-content\/uploads\/2023\/08\/vac_abr0108233958.jpg\" alt=\"\" class=\"wp-image-73244\"\/><figcaption class=\"wp-element-caption\">Processo foi suspenso a pedido do relator, Gilmar Mendes &#8211; Foto: Valter Campanato\/Ag\u00eancia Brasil<\/figcaption><\/figure>\n\n\n\n<p class=\"wp-block-paragraph\"><strong>Por Andr\u00e9 Richter &#8211; Ag\u00eancia Brasil<\/strong><\/p>\n\n\n\n<p class=\"wp-block-paragraph\">O ministro Alexandre de Moraes, do Supremo Tribunal Federal (STF), votou hoje (2) a favor da descriminaliza\u00e7\u00e3o do porte de maconha para consumo pessoal.\u00a0<img decoding=\"async\" src=\"https:\/\/agenciabrasil.ebc.com.br\/ebc.png?id=1547070&amp;o=node\"><img decoding=\"async\" src=\"https:\/\/agenciabrasil.ebc.com.br\/ebc.gif?id=1547070&amp;o=node\"><\/p>\n\n\n\n<p class=\"wp-block-paragraph\">Pelo voto do ministro, deve ser considerado usu\u00e1rio quem portar entre&nbsp;25 a 60 gramas de maconha ou seis plantas f\u00eameas de cannabis. Al\u00e9m disso, a Justi\u00e7a tamb\u00e9m poder\u00e1 avaliar as circunst\u00e2ncias de cada caso para verificar eventual situa\u00e7\u00e3o que possa configurar tr\u00e1fico de drogas.&nbsp;<\/p>\n\n\n\n<p class=\"wp-block-paragraph\">O julgamento sobre o porte de drogas foi retomado nesta tarde com o voto do ministro, que, em 2015, pediu vista (mais tempo para analisar o caso) e suspendeu o julgamento.&nbsp; A sess\u00e3o continua para a tomada dos votos dos demais ministros.&nbsp;<\/p>\n\n\n\n<p class=\"wp-block-paragraph\">O Supremo julga a constitucionalidade do Artigo 28 da Lei das Drogas (Lei 11.343\/2006). Para diferenciar usu\u00e1rios e traficantes, a norma prev\u00ea penas alternativas de presta\u00e7\u00e3o de servi\u00e7os \u00e0 comunidade, advert\u00eancia sobre os efeitos das drogas e comparecimento obrigat\u00f3rio a curso educativo para quem adquirir, transportar ou portar drogas para consumo pessoal.<\/p>\n\n\n\n<p class=\"wp-block-paragraph\">A lei deixou de prever a pena de pris\u00e3o, mas manteve a criminaliza\u00e7\u00e3o. Dessa forma, usu\u00e1rios de drogas ainda s\u00e3o alvos de inqu\u00e9rito policial e processos judiciais que buscam o cumprimento das penas alternativas.&nbsp;<\/p>\n\n\n\n<p class=\"wp-block-paragraph\">Moraes avaliou que a lei aumentou o n\u00famero de presos por tr\u00e1fico de drogas e gerou &#8220;um ex\u00e9rcito para as fac\u00e7\u00f5es criminosas&#8221;. O ministro informou que dados oficiais mostram que 25% dos presos no Brasil (201 mil) respondem por tr\u00e1fico de drogas.<\/p>\n\n\n\n<p class=\"wp-block-paragraph\">&#8220;Isso gerou o fortalecimento das fac\u00e7\u00f5es no Brasil. A aplica\u00e7\u00e3o da lei gerou aumento do poder das fac\u00e7\u00f5es no Brasil. Aquele que antes era tipificado como usu\u00e1rio, quando despenalizou, o sistema de persecu\u00e7\u00e3o penal n\u00e3o concordou com a lei e acabou transformando os usu\u00e1rios em pequenos traficantes. O pequeno traficante, com a nova lei, tinha uma pena alta e foi para sistema penitenci\u00e1rio. Jovem, prim\u00e1rio, sem oferecer periculosidade \u00e0 sociedade, foi capturado pelas organiza\u00e7\u00f5es criminosas&#8221;, comentou.<\/p>\n\n\n\n<p class=\"wp-block-paragraph\">O ministro tamb\u00e9m defendeu a defini\u00e7\u00e3o de limites de quantidade de drogas para diferenciar usu\u00e1rios e traficantes.&nbsp;<\/p>\n\n\n\n<p class=\"wp-block-paragraph\">&#8220;Hoje, o tr\u00e1fico de drogas em regi\u00f5es abastadas das grandes cidades do pa\u00eds \u00e9 feito por delivery. H\u00e1 aplicativos que a pessoa chama e, assim como o IFood leva comida, leva a droga&#8221;, completou.<\/p>\n\n\n\n<p class=\"wp-block-paragraph\">Al\u00e9m da quantidade, Moraes tamb\u00e9m disse que devem ser levadas em conta as circunst\u00e2ncias das apreens\u00f5es para n\u00e3o permitir discrimina\u00e7\u00e3o entre classes sociais.&nbsp;<\/p>\n\n\n\n<p class=\"wp-block-paragraph\">&#8220;Quanto mais velho e mais instru\u00e7\u00e3o, mais dif\u00edcil ser caracterizado como traficante&#8221;, afirmou.<\/p>\n\n\n\n<h2 class=\"wp-block-heading\">Votos<\/h2>\n\n\n\n<p class=\"wp-block-paragraph\">Nas sess\u00f5es anteriores , os ministros Lu\u00eds Roberto Barroso, Edson Fachin e Gilmar Mendes se manifestaram a favor da descriminaliza\u00e7\u00e3o da posse de drogas, mas em extens\u00f5es diferentes.<\/p>\n\n\n\n<p class=\"wp-block-paragraph\">Mendes descriminaliza o porte para todas as drogas e transforma as san\u00e7\u00f5es penais em administrativas. Fachin entende que a descriminaliza\u00e7\u00e3o vale somente para maconha. Barroso tamb\u00e9m estende a descriminaliza\u00e7\u00e3o somente para maconha e fixa a quantidade de 25 gramas ou seis plantas f\u00eameas de&nbsp;<em>cannabis<\/em>.<\/p>\n\n\n\n<h2 class=\"wp-block-heading\">Caso julgado&nbsp;<\/h2>\n\n\n\n<p class=\"wp-block-paragraph\">No caso concreto que motivou o julgamento, a defesa de um condenado pede que o porte de maconha para uso pr\u00f3prio deixe de ser considerado crime. &nbsp;O acusado foi detido com tr\u00eas gramas de maconha.<\/p>\n\n\n\n<p class=\"wp-block-paragraph\">Para os advogados, o crime de porte de drogas para uso pessoal \u00e9 inconstitucional por ofender o princ\u00edpio constitucional da intimidade e da vida privada. &nbsp;A defesa sustentou que o uso pessoal n\u00e3o afronta a sa\u00fade p\u00fablica.&nbsp;<\/p>\n\n\n\n<p class=\"wp-block-paragraph\">Ap\u00f3s o voto de Moraes, o julgamento foi suspenso a pedido do relator do caso, ministro Gilmar Mendes. O relator disse que pretende aprofundar voto j\u00e1 proferido e prometeu devolver o processo para julgamento na pr\u00f3xima semana.&nbsp;<\/p>\n\n\n\n<p class=\"wp-block-paragraph\">At\u00e9 o momento, o placar do julgamento \u00e9 de 4 votos a 0 pela descriminaliza\u00e7\u00e3o do porte de drogas para consumo pessoal. Ainda n\u00e3o&nbsp;h\u00e1 consenso se a libera\u00e7\u00e3o ser\u00e1 somente para maconha ou tamb\u00e9m para outras drogas.&nbsp;<\/p>\n","protected":false},"excerpt":{"rendered":"<p>Pelo voto do ministro, deve ser considerado usu\u00e1rio quem portar entre\u00a025 a 60 gramas de maconha ou seis plantas f\u00eameas de cannabis.<\/p>\n","protected":false},"author":13,"featured_media":0,"comment_status":"open","ping_status":"open","sticky":false,"template":"","format":"standard","meta":{"_acf_changed":false,"footnotes":""},"categories":[19,898],"tags":[1090,1091,972,142],"class_list":["post-73243","post","type-post","status-publish","format-standard","hentry","category-brasil-mundo","category-manchete-segundaria","tag-alexandra-de-moreas","tag-descriminalizacao-da-maconha","tag-gilmar-mendes","tag-stf"],"acf":[],"yoast_head":"<!-- This site is optimized with the Yoast SEO plugin v24.4 - https:\/\/yoast.com\/wordpress\/plugins\/seo\/ -->\n<title>Ministro Moraes vota a favor da descriminaliza\u00e7\u00e3o do porte de maconha - PORTAL DE NOT\u00cdCIAS CLEITON PINHEIRO<\/title>\n<meta name=\"robots\" content=\"index, follow, max-snippet:-1, max-image-preview:large, max-video-preview:-1\" \/>\n<link rel=\"canonical\" href=\"https:\/\/cleitonpinheiro.com.br\/site\/ministro-moraes-vota-a-favor-da-descriminalizacao-do-porte-de-maconha\/\" \/>\n<meta property=\"og:locale\" content=\"pt_BR\" \/>\n<meta property=\"og:type\" content=\"article\" \/>\n<meta property=\"og:title\" content=\"Ministro Moraes vota a favor da descriminaliza\u00e7\u00e3o do porte de maconha - PORTAL DE NOT\u00cdCIAS CLEITON PINHEIRO\" \/>\n<meta property=\"og:description\" content=\"Pelo voto do ministro, deve ser considerado usu\u00e1rio quem portar entre\u00a025 a 60 gramas de maconha ou seis plantas f\u00eameas de cannabis.\" \/>\n<meta property=\"og:url\" content=\"https:\/\/cleitonpinheiro.com.br\/site\/ministro-moraes-vota-a-favor-da-descriminalizacao-do-porte-de-maconha\/\" \/>\n<meta property=\"og:site_name\" content=\"PORTAL DE NOT\u00cdCIAS CLEITON PINHEIRO\" \/>\n<meta property=\"article:publisher\" content=\"https:\/\/www.facebook.com\/portalcpnoticias\/\" \/>\n<meta property=\"article:published_time\" content=\"2023-08-02T23:30:10+00:00\" \/>\n<meta property=\"article:modified_time\" content=\"2023-08-03T11:17:09+00:00\" \/>\n<meta property=\"og:image\" content=\"https:\/\/cleitonpinheiro.com.br\/site\/wp-content\/uploads\/2023\/08\/vac_abr0108233958.jpg\" \/>\n\t<meta property=\"og:image:width\" content=\"1170\" \/>\n\t<meta property=\"og:image:height\" content=\"700\" \/>\n\t<meta property=\"og:image:type\" content=\"image\/jpeg\" \/>\n<meta name=\"author\" content=\"Reda\u00e7\u00e3o CP\" \/>\n<meta name=\"twitter:card\" content=\"summary_large_image\" \/>\n<meta name=\"twitter:label1\" content=\"Escrito por\" \/>\n\t<meta name=\"twitter:data1\" content=\"Reda\u00e7\u00e3o CP\" \/>\n\t<meta name=\"twitter:label2\" content=\"Est. tempo de leitura\" \/>\n\t<meta name=\"twitter:data2\" content=\"5 minutos\" \/>\n<script type=\"application\/ld+json\" class=\"yoast-schema-graph\">{\"@context\":\"https:\/\/schema.org\",\"@graph\":[{\"@type\":\"Article\",\"@id\":\"https:\/\/cleitonpinheiro.com.br\/site\/ministro-moraes-vota-a-favor-da-descriminalizacao-do-porte-de-maconha\/#article\",\"isPartOf\":{\"@id\":\"https:\/\/cleitonpinheiro.com.br\/site\/ministro-moraes-vota-a-favor-da-descriminalizacao-do-porte-de-maconha\/\"},\"author\":{\"name\":\"Reda\u00e7\u00e3o CP\",\"@id\":\"https:\/\/cleitonpinheiro.com.br\/site\/#\/schema\/person\/8f04544e0bc40a1b68775b08360f87db\"},\"headline\":\"Ministro Moraes vota a favor da descriminaliza\u00e7\u00e3o do porte de maconha\",\"datePublished\":\"2023-08-02T23:30:10+00:00\",\"dateModified\":\"2023-08-03T11:17:09+00:00\",\"mainEntityOfPage\":{\"@id\":\"https:\/\/cleitonpinheiro.com.br\/site\/ministro-moraes-vota-a-favor-da-descriminalizacao-do-porte-de-maconha\/\"},\"wordCount\":728,\"commentCount\":0,\"publisher\":{\"@id\":\"https:\/\/cleitonpinheiro.com.br\/site\/#organization\"},\"image\":{\"@id\":\"https:\/\/cleitonpinheiro.com.br\/site\/ministro-moraes-vota-a-favor-da-descriminalizacao-do-porte-de-maconha\/#primaryimage\"},\"thumbnailUrl\":\"https:\/\/cleitonpinheiro.com.br\/site\/wp-content\/uploads\/2023\/08\/vac_abr0108233958.jpg\",\"keywords\":[\"Alexandra de Moreas\",\"descriminaliza\u00e7\u00e3o da maconha\",\"Gilmar Mendes\",\"STF\"],\"articleSection\":[\"BRASIL \/ MUNDO\",\"MANCHETE SEGUND\u00c1RIA\"],\"inLanguage\":\"pt-BR\",\"potentialAction\":[{\"@type\":\"CommentAction\",\"name\":\"Comment\",\"target\":[\"https:\/\/cleitonpinheiro.com.br\/site\/ministro-moraes-vota-a-favor-da-descriminalizacao-do-porte-de-maconha\/#respond\"]}]},{\"@type\":\"WebPage\",\"@id\":\"https:\/\/cleitonpinheiro.com.br\/site\/ministro-moraes-vota-a-favor-da-descriminalizacao-do-porte-de-maconha\/\",\"url\":\"https:\/\/cleitonpinheiro.com.br\/site\/ministro-moraes-vota-a-favor-da-descriminalizacao-do-porte-de-maconha\/\",\"name\":\"Ministro Moraes vota a favor da descriminaliza\u00e7\u00e3o do porte de maconha - PORTAL DE NOT\u00cdCIAS CLEITON PINHEIRO\",\"isPartOf\":{\"@id\":\"https:\/\/cleitonpinheiro.com.br\/site\/#website\"},\"primaryImageOfPage\":{\"@id\":\"https:\/\/cleitonpinheiro.com.br\/site\/ministro-moraes-vota-a-favor-da-descriminalizacao-do-porte-de-maconha\/#primaryimage\"},\"image\":{\"@id\":\"https:\/\/cleitonpinheiro.com.br\/site\/ministro-moraes-vota-a-favor-da-descriminalizacao-do-porte-de-maconha\/#primaryimage\"},\"thumbnailUrl\":\"https:\/\/cleitonpinheiro.com.br\/site\/wp-content\/uploads\/2023\/08\/vac_abr0108233958.jpg\",\"datePublished\":\"2023-08-02T23:30:10+00:00\",\"dateModified\":\"2023-08-03T11:17:09+00:00\",\"breadcrumb\":{\"@id\":\"https:\/\/cleitonpinheiro.com.br\/site\/ministro-moraes-vota-a-favor-da-descriminalizacao-do-porte-de-maconha\/#breadcrumb\"},\"inLanguage\":\"pt-BR\",\"potentialAction\":[{\"@type\":\"ReadAction\",\"target\":[\"https:\/\/cleitonpinheiro.com.br\/site\/ministro-moraes-vota-a-favor-da-descriminalizacao-do-porte-de-maconha\/\"]}]},{\"@type\":\"ImageObject\",\"inLanguage\":\"pt-BR\",\"@id\":\"https:\/\/cleitonpinheiro.com.br\/site\/ministro-moraes-vota-a-favor-da-descriminalizacao-do-porte-de-maconha\/#primaryimage\",\"url\":\"\",\"contentUrl\":\"\"},{\"@type\":\"BreadcrumbList\",\"@id\":\"https:\/\/cleitonpinheiro.com.br\/site\/ministro-moraes-vota-a-favor-da-descriminalizacao-do-porte-de-maconha\/#breadcrumb\",\"itemListElement\":[{\"@type\":\"ListItem\",\"position\":1,\"name\":\"In\u00edcio\",\"item\":\"https:\/\/cleitonpinheiro.com.br\/site\/\"},{\"@type\":\"ListItem\",\"position\":2,\"name\":\"Ministro Moraes vota a favor da descriminaliza\u00e7\u00e3o do porte de maconha\"}]},{\"@type\":\"WebSite\",\"@id\":\"https:\/\/cleitonpinheiro.com.br\/site\/#website\",\"url\":\"https:\/\/cleitonpinheiro.com.br\/site\/\",\"name\":\"PORTAL DE NOT\u00cdCIAS CLEITON PINHEIRO\",\"description\":\"FALANDO A VERDADE\",\"publisher\":{\"@id\":\"https:\/\/cleitonpinheiro.com.br\/site\/#organization\"},\"potentialAction\":[{\"@type\":\"SearchAction\",\"target\":{\"@type\":\"EntryPoint\",\"urlTemplate\":\"https:\/\/cleitonpinheiro.com.br\/site\/?s={search_term_string}\"},\"query-input\":{\"@type\":\"PropertyValueSpecification\",\"valueRequired\":true,\"valueName\":\"search_term_string\"}}],\"inLanguage\":\"pt-BR\"},{\"@type\":\"Organization\",\"@id\":\"https:\/\/cleitonpinheiro.com.br\/site\/#organization\",\"name\":\"CPNOT\u00cdCIAS\",\"url\":\"https:\/\/cleitonpinheiro.com.br\/site\/\",\"logo\":{\"@type\":\"ImageObject\",\"inLanguage\":\"pt-BR\",\"@id\":\"https:\/\/cleitonpinheiro.com.br\/site\/#\/schema\/logo\/image\/\",\"url\":\"https:\/\/cleitonpinheiro.com.br\/site\/wp-content\/uploads\/2022\/08\/Logo-pequena-2.png\",\"contentUrl\":\"https:\/\/cleitonpinheiro.com.br\/site\/wp-content\/uploads\/2022\/08\/Logo-pequena-2.png\",\"width\":500,\"height\":500,\"caption\":\"CPNOT\u00cdCIAS\"},\"image\":{\"@id\":\"https:\/\/cleitonpinheiro.com.br\/site\/#\/schema\/logo\/image\/\"},\"sameAs\":[\"https:\/\/www.facebook.com\/portalcpnoticias\/\"]},{\"@type\":\"Person\",\"@id\":\"https:\/\/cleitonpinheiro.com.br\/site\/#\/schema\/person\/8f04544e0bc40a1b68775b08360f87db\",\"name\":\"Reda\u00e7\u00e3o CP\",\"image\":{\"@type\":\"ImageObject\",\"inLanguage\":\"pt-BR\",\"@id\":\"https:\/\/cleitonpinheiro.com.br\/site\/#\/schema\/person\/image\/\",\"url\":\"https:\/\/secure.gravatar.com\/avatar\/0bcf19cb29fdc8fc588c490c7ae1b3e174dac268586a63fbe1d1893a0f9020cd?s=96&r=g\",\"contentUrl\":\"https:\/\/secure.gravatar.com\/avatar\/0bcf19cb29fdc8fc588c490c7ae1b3e174dac268586a63fbe1d1893a0f9020cd?s=96&r=g\",\"caption\":\"Reda\u00e7\u00e3o CP\"},\"url\":\"https:\/\/cleitonpinheiro.com.br\/site\/author\/redacao\/\"}]}<\/script>\n<!-- \/ Yoast SEO plugin. -->","yoast_head_json":{"title":"Ministro Moraes vota a favor da descriminaliza\u00e7\u00e3o do porte de maconha - PORTAL DE NOT\u00cdCIAS CLEITON PINHEIRO","robots":{"index":"index","follow":"follow","max-snippet":"max-snippet:-1","max-image-preview":"max-image-preview:large","max-video-preview":"max-video-preview:-1"},"canonical":"https:\/\/cleitonpinheiro.com.br\/site\/ministro-moraes-vota-a-favor-da-descriminalizacao-do-porte-de-maconha\/","og_locale":"pt_BR","og_type":"article","og_title":"Ministro Moraes vota a favor da descriminaliza\u00e7\u00e3o do porte de maconha - PORTAL DE NOT\u00cdCIAS CLEITON PINHEIRO","og_description":"Pelo voto do ministro, deve ser considerado usu\u00e1rio quem portar entre\u00a025 a 60 gramas de maconha ou seis plantas f\u00eameas de cannabis.","og_url":"https:\/\/cleitonpinheiro.com.br\/site\/ministro-moraes-vota-a-favor-da-descriminalizacao-do-porte-de-maconha\/","og_site_name":"PORTAL DE NOT\u00cdCIAS CLEITON PINHEIRO","article_publisher":"https:\/\/www.facebook.com\/portalcpnoticias\/","article_published_time":"2023-08-02T23:30:10+00:00","article_modified_time":"2023-08-03T11:17:09+00:00","og_image":[{"width":1170,"height":700,"url":"https:\/\/cleitonpinheiro.com.br\/site\/wp-content\/uploads\/2023\/08\/vac_abr0108233958.jpg","type":"image\/jpeg"}],"author":"Reda\u00e7\u00e3o CP","twitter_card":"summary_large_image","twitter_misc":{"Escrito por":"Reda\u00e7\u00e3o CP","Est. tempo de leitura":"5 minutos"},"schema":{"@context":"https:\/\/schema.org","@graph":[{"@type":"Article","@id":"https:\/\/cleitonpinheiro.com.br\/site\/ministro-moraes-vota-a-favor-da-descriminalizacao-do-porte-de-maconha\/#article","isPartOf":{"@id":"https:\/\/cleitonpinheiro.com.br\/site\/ministro-moraes-vota-a-favor-da-descriminalizacao-do-porte-de-maconha\/"},"author":{"name":"Reda\u00e7\u00e3o CP","@id":"https:\/\/cleitonpinheiro.com.br\/site\/#\/schema\/person\/8f04544e0bc40a1b68775b08360f87db"},"headline":"Ministro Moraes vota a favor da descriminaliza\u00e7\u00e3o do porte de maconha","datePublished":"2023-08-02T23:30:10+00:00","dateModified":"2023-08-03T11:17:09+00:00","mainEntityOfPage":{"@id":"https:\/\/cleitonpinheiro.com.br\/site\/ministro-moraes-vota-a-favor-da-descriminalizacao-do-porte-de-maconha\/"},"wordCount":728,"commentCount":0,"publisher":{"@id":"https:\/\/cleitonpinheiro.com.br\/site\/#organization"},"image":{"@id":"https:\/\/cleitonpinheiro.com.br\/site\/ministro-moraes-vota-a-favor-da-descriminalizacao-do-porte-de-maconha\/#primaryimage"},"thumbnailUrl":"https:\/\/cleitonpinheiro.com.br\/site\/wp-content\/uploads\/2023\/08\/vac_abr0108233958.jpg","keywords":["Alexandra de Moreas","descriminaliza\u00e7\u00e3o da maconha","Gilmar Mendes","STF"],"articleSection":["BRASIL \/ MUNDO","MANCHETE SEGUND\u00c1RIA"],"inLanguage":"pt-BR","potentialAction":[{"@type":"CommentAction","name":"Comment","target":["https:\/\/cleitonpinheiro.com.br\/site\/ministro-moraes-vota-a-favor-da-descriminalizacao-do-porte-de-maconha\/#respond"]}]},{"@type":"WebPage","@id":"https:\/\/cleitonpinheiro.com.br\/site\/ministro-moraes-vota-a-favor-da-descriminalizacao-do-porte-de-maconha\/","url":"https:\/\/cleitonpinheiro.com.br\/site\/ministro-moraes-vota-a-favor-da-descriminalizacao-do-porte-de-maconha\/","name":"Ministro Moraes vota a favor da descriminaliza\u00e7\u00e3o do porte de maconha - PORTAL DE NOT\u00cdCIAS CLEITON PINHEIRO","isPartOf":{"@id":"https:\/\/cleitonpinheiro.com.br\/site\/#website"},"primaryImageOfPage":{"@id":"https:\/\/cleitonpinheiro.com.br\/site\/ministro-moraes-vota-a-favor-da-descriminalizacao-do-porte-de-maconha\/#primaryimage"},"image":{"@id":"https:\/\/cleitonpinheiro.com.br\/site\/ministro-moraes-vota-a-favor-da-descriminalizacao-do-porte-de-maconha\/#primaryimage"},"thumbnailUrl":"https:\/\/cleitonpinheiro.com.br\/site\/wp-content\/uploads\/2023\/08\/vac_abr0108233958.jpg","datePublished":"2023-08-02T23:30:10+00:00","dateModified":"2023-08-03T11:17:09+00:00","breadcrumb":{"@id":"https:\/\/cleitonpinheiro.com.br\/site\/ministro-moraes-vota-a-favor-da-descriminalizacao-do-porte-de-maconha\/#breadcrumb"},"inLanguage":"pt-BR","potentialAction":[{"@type":"ReadAction","target":["https:\/\/cleitonpinheiro.com.br\/site\/ministro-moraes-vota-a-favor-da-descriminalizacao-do-porte-de-maconha\/"]}]},{"@type":"ImageObject","inLanguage":"pt-BR","@id":"https:\/\/cleitonpinheiro.com.br\/site\/ministro-moraes-vota-a-favor-da-descriminalizacao-do-porte-de-maconha\/#primaryimage","url":"","contentUrl":""},{"@type":"BreadcrumbList","@id":"https:\/\/cleitonpinheiro.com.br\/site\/ministro-moraes-vota-a-favor-da-descriminalizacao-do-porte-de-maconha\/#breadcrumb","itemListElement":[{"@type":"ListItem","position":1,"name":"In\u00edcio","item":"https:\/\/cleitonpinheiro.com.br\/site\/"},{"@type":"ListItem","position":2,"name":"Ministro Moraes vota a favor da descriminaliza\u00e7\u00e3o do porte de maconha"}]},{"@type":"WebSite","@id":"https:\/\/cleitonpinheiro.com.br\/site\/#website","url":"https:\/\/cleitonpinheiro.com.br\/site\/","name":"PORTAL DE NOT\u00cdCIAS CLEITON PINHEIRO","description":"FALANDO A VERDADE","publisher":{"@id":"https:\/\/cleitonpinheiro.com.br\/site\/#organization"},"potentialAction":[{"@type":"SearchAction","target":{"@type":"EntryPoint","urlTemplate":"https:\/\/cleitonpinheiro.com.br\/site\/?s={search_term_string}"},"query-input":{"@type":"PropertyValueSpecification","valueRequired":true,"valueName":"search_term_string"}}],"inLanguage":"pt-BR"},{"@type":"Organization","@id":"https:\/\/cleitonpinheiro.com.br\/site\/#organization","name":"CPNOT\u00cdCIAS","url":"https:\/\/cleitonpinheiro.com.br\/site\/","logo":{"@type":"ImageObject","inLanguage":"pt-BR","@id":"https:\/\/cleitonpinheiro.com.br\/site\/#\/schema\/logo\/image\/","url":"https:\/\/cleitonpinheiro.com.br\/site\/wp-content\/uploads\/2022\/08\/Logo-pequena-2.png","contentUrl":"https:\/\/cleitonpinheiro.com.br\/site\/wp-content\/uploads\/2022\/08\/Logo-pequena-2.png","width":500,"height":500,"caption":"CPNOT\u00cdCIAS"},"image":{"@id":"https:\/\/cleitonpinheiro.com.br\/site\/#\/schema\/logo\/image\/"},"sameAs":["https:\/\/www.facebook.com\/portalcpnoticias\/"]},{"@type":"Person","@id":"https:\/\/cleitonpinheiro.com.br\/site\/#\/schema\/person\/8f04544e0bc40a1b68775b08360f87db","name":"Reda\u00e7\u00e3o CP","image":{"@type":"ImageObject","inLanguage":"pt-BR","@id":"https:\/\/cleitonpinheiro.com.br\/site\/#\/schema\/person\/image\/","url":"https:\/\/secure.gravatar.com\/avatar\/0bcf19cb29fdc8fc588c490c7ae1b3e174dac268586a63fbe1d1893a0f9020cd?s=96&r=g","contentUrl":"https:\/\/secure.gravatar.com\/avatar\/0bcf19cb29fdc8fc588c490c7ae1b3e174dac268586a63fbe1d1893a0f9020cd?s=96&r=g","caption":"Reda\u00e7\u00e3o CP"},"url":"https:\/\/cleitonpinheiro.com.br\/site\/author\/redacao\/"}]}},"views":130,"_links":{"self":[{"href":"https:\/\/cleitonpinheiro.com.br\/site\/wp-json\/wp\/v2\/posts\/73243","targetHints":{"allow":["GET"]}}],"collection":[{"href":"https:\/\/cleitonpinheiro.com.br\/site\/wp-json\/wp\/v2\/posts"}],"about":[{"href":"https:\/\/cleitonpinheiro.com.br\/site\/wp-json\/wp\/v2\/types\/post"}],"author":[{"embeddable":true,"href":"https:\/\/cleitonpinheiro.com.br\/site\/wp-json\/wp\/v2\/users\/13"}],"replies":[{"embeddable":true,"href":"https:\/\/cleitonpinheiro.com.br\/site\/wp-json\/wp\/v2\/comments?post=73243"}],"version-history":[{"count":1,"href":"https:\/\/cleitonpinheiro.com.br\/site\/wp-json\/wp\/v2\/posts\/73243\/revisions"}],"predecessor-version":[{"id":73245,"href":"https:\/\/cleitonpinheiro.com.br\/site\/wp-json\/wp\/v2\/posts\/73243\/revisions\/73245"}],"wp:attachment":[{"href":"https:\/\/cleitonpinheiro.com.br\/site\/wp-json\/wp\/v2\/media?parent=73243"}],"wp:term":[{"taxonomy":"category","embeddable":true,"href":"https:\/\/cleitonpinheiro.com.br\/site\/wp-json\/wp\/v2\/categories?post=73243"},{"taxonomy":"post_tag","embeddable":true,"href":"https:\/\/cleitonpinheiro.com.br\/site\/wp-json\/wp\/v2\/tags?post=73243"}],"curies":[{"name":"wp","href":"https:\/\/api.w.org\/{rel}","templated":true}]}}