{"id":73252,"date":"2023-08-02T20:52:13","date_gmt":"2023-08-02T23:52:13","guid":{"rendered":"https:\/\/cleitonpinheiro.com.br\/site\/?p=73252"},"modified":"2023-12-27T11:48:11","modified_gmt":"2023-12-27T14:48:11","slug":"ministro-toffoli-anula-provas-contra-sergio-cabral-e-gilberto-kassab","status":"publish","type":"post","link":"https:\/\/cleitonpinheiro.com.br\/site\/ministro-toffoli-anula-provas-contra-sergio-cabral-e-gilberto-kassab\/","title":{"rendered":"Ministro Toffoli anula provas contra S\u00e9rgio Cabral e Gilberto Kassab"},"content":{"rendered":"\n<figure class=\"wp-block-image size-full\"><img decoding=\"async\" src=\"https:\/\/cleitonpinheiro.com.br\/site\/wp-content\/uploads\/2022\/07\/STFFEDITADOOO-1.jpg\" alt=\"\" class=\"wp-image-60985\"\/><figcaption class=\"wp-element-caption\">Ministro Dias Toffoli lembrou que as provas baseadas em sistemas da Odebrecht j\u00e1 foram consideradas nulas pelo STF<\/figcaption><\/figure>\n\n\n\n<p class=\"wp-block-paragraph\">Com base em decis\u00e3o da Segunda Turma do Supremo Tribunal Federal (STF), onde aponta que suspei\u00e7\u00e3o do ex-juiz S\u00e9rgio Moro contaminha as provas obtidas, o ministro Dias Toffoli anulou as provas d\u00e3o suporte a a\u00e7\u00f5es penais contra o o ex-governador do Rio de Janeiro S\u00e9rgio Cabral e o secret\u00e1rio de Governo e Rela\u00e7\u00f5es Institucionais do Estado de S\u00e3o Paulo, Gilberto Kassab.<\/p>\n\n\n\n<p class=\"wp-block-paragraph\">Cabral foi denunciado por corrup\u00e7\u00e3o passiva porque teria recebido propina da Odebrecht em decorr\u00eancia das obras do PAC Favelas \u2013 Alem\u00e3o, Arco Metropolitano, Maracan\u00e3 e Linha 4 do Metr\u00f4. Atualmente, a a\u00e7\u00e3o tramita em fase de recurso no Tribunal Regional Federal da 2\u00aa Regi\u00e3o (TRF-2).<\/p>\n\n\n\n<p class=\"wp-block-paragraph\">De acordo com a PET 11613, Gilberto Kassab responde a dois inqu\u00e9ritos policiais no STF e a duas a\u00e7\u00f5es de improbidade administrativa perante a 9\u00aa e a 13\u00aa Vara da Fazenda P\u00fablica Estadual da Comarca de S\u00e3o Paulo, todos fundados exclusivamente em material declarado como imprest\u00e1vel pelo Supremo. A den\u00fancia aponta suposto pagamento de vantagens indevidas nas campanhas eleitorais de 2008 e 2014 e em obras do Sistema Vi\u00e1rio Estrat\u00e9gico Metropolitano de S\u00e3o Paulo entre 2008 e 2009.<\/p>\n\n\n\n<h5 class=\"wp-block-heading\"><strong>Produ\u00e7\u00e3o ilegal de provas<\/strong><\/h5>\n\n\n\n<p class=\"wp-block-paragraph\">Toffoli entendeu que as den\u00fancias foram baseadas em provas j\u00e1 consideradas nulas pela Segunda Turma do STF na Reclama\u00e7\u00e3o (RCL) 43007, em decis\u00e3o definitiva. Esse material foi colhido nos sistemas Drousys e My Web Day B, utilizados pelo chamado \u201cSetor de Opera\u00e7\u00f5es Estruturadas\u201d da Odebrecht e obtidos a partir do acordo de leni\u00eancia da empreiteira.<\/p>\n\n\n\n<p class=\"wp-block-paragraph\">Leia a&nbsp;<a href=\"https:\/\/portal.stf.jus.br\/processos\/downloadPeca.asp?id=15359745447&amp;ext=.pdf\" target=\"_blank\" rel=\"noreferrer noopener\">\u00edntegra da decis\u00e3o na PET 11448<\/a>.<br>Leia a&nbsp;<a href=\"https:\/\/portal.stf.jus.br\/processos\/downloadPeca.asp?id=15359745450&amp;ext=.pdf\" target=\"_blank\" rel=\"noreferrer noopener\">\u00edntegra da decis\u00e3o na PET 11613<\/a>.<\/p>\n","protected":false},"excerpt":{"rendered":"<p>Ministro Dias Toffoli lembrou que as provas baseadas em sistemas da Odebrecht j\u00e1 foram consideradas nulas pelo STF.<\/p>\n","protected":false},"author":13,"featured_media":0,"comment_status":"open","ping_status":"open","sticky":false,"template":"","format":"standard","meta":{"_acf_changed":false,"footnotes":""},"categories":[19,21],"tags":[1098,1097,142],"class_list":["post-73252","post","type-post","status-publish","format-standard","hentry","category-brasil-mundo","category-todas-noticias","tag-gilberto-kassab","tag-sergio-cabral","tag-stf"],"acf":[],"yoast_head":"<!-- This site is optimized with the Yoast SEO plugin v24.4 - https:\/\/yoast.com\/wordpress\/plugins\/seo\/ -->\n<title>Ministro Toffoli anula provas contra S\u00e9rgio Cabral e Gilberto Kassab - PORTAL DE NOT\u00cdCIAS CLEITON PINHEIRO<\/title>\n<meta name=\"robots\" content=\"index, follow, max-snippet:-1, max-image-preview:large, max-video-preview:-1\" \/>\n<link rel=\"canonical\" href=\"https:\/\/cleitonpinheiro.com.br\/site\/ministro-toffoli-anula-provas-contra-sergio-cabral-e-gilberto-kassab\/\" \/>\n<meta property=\"og:locale\" content=\"pt_BR\" \/>\n<meta property=\"og:type\" content=\"article\" \/>\n<meta property=\"og:title\" content=\"Ministro Toffoli anula provas contra S\u00e9rgio Cabral e Gilberto Kassab - PORTAL DE NOT\u00cdCIAS CLEITON PINHEIRO\" \/>\n<meta property=\"og:description\" content=\"Ministro Dias Toffoli lembrou que as provas baseadas em sistemas da Odebrecht j\u00e1 foram consideradas nulas pelo STF.\" \/>\n<meta property=\"og:url\" content=\"https:\/\/cleitonpinheiro.com.br\/site\/ministro-toffoli-anula-provas-contra-sergio-cabral-e-gilberto-kassab\/\" \/>\n<meta property=\"og:site_name\" content=\"PORTAL DE NOT\u00cdCIAS CLEITON PINHEIRO\" \/>\n<meta property=\"article:publisher\" content=\"https:\/\/www.facebook.com\/portalcpnoticias\/\" \/>\n<meta property=\"article:published_time\" content=\"2023-08-02T23:52:13+00:00\" \/>\n<meta property=\"article:modified_time\" content=\"2023-12-27T14:48:11+00:00\" \/>\n<meta property=\"og:image\" content=\"https:\/\/cleitonpinheiro.com.br\/site\/wp-content\/uploads\/2022\/07\/STFFEDITADOOO-1.jpg\" \/>\n\t<meta property=\"og:image:width\" content=\"750\" \/>\n\t<meta property=\"og:image:height\" content=\"450\" \/>\n\t<meta property=\"og:image:type\" content=\"image\/jpeg\" \/>\n<meta name=\"author\" content=\"Reda\u00e7\u00e3o CP\" \/>\n<meta name=\"twitter:card\" content=\"summary_large_image\" \/>\n<meta name=\"twitter:label1\" content=\"Escrito por\" \/>\n\t<meta name=\"twitter:data1\" content=\"Reda\u00e7\u00e3o CP\" \/>\n\t<meta name=\"twitter:label2\" content=\"Est. tempo de leitura\" \/>\n\t<meta name=\"twitter:data2\" content=\"2 minutos\" \/>\n<script type=\"application\/ld+json\" class=\"yoast-schema-graph\">{\"@context\":\"https:\/\/schema.org\",\"@graph\":[{\"@type\":\"Article\",\"@id\":\"https:\/\/cleitonpinheiro.com.br\/site\/ministro-toffoli-anula-provas-contra-sergio-cabral-e-gilberto-kassab\/#article\",\"isPartOf\":{\"@id\":\"https:\/\/cleitonpinheiro.com.br\/site\/ministro-toffoli-anula-provas-contra-sergio-cabral-e-gilberto-kassab\/\"},\"author\":{\"name\":\"Reda\u00e7\u00e3o CP\",\"@id\":\"https:\/\/cleitonpinheiro.com.br\/site\/#\/schema\/person\/8f04544e0bc40a1b68775b08360f87db\"},\"headline\":\"Ministro Toffoli anula provas contra S\u00e9rgio Cabral e Gilberto Kassab\",\"datePublished\":\"2023-08-02T23:52:13+00:00\",\"dateModified\":\"2023-12-27T14:48:11+00:00\",\"mainEntityOfPage\":{\"@id\":\"https:\/\/cleitonpinheiro.com.br\/site\/ministro-toffoli-anula-provas-contra-sergio-cabral-e-gilberto-kassab\/\"},\"wordCount\":308,\"commentCount\":0,\"publisher\":{\"@id\":\"https:\/\/cleitonpinheiro.com.br\/site\/#organization\"},\"image\":{\"@id\":\"https:\/\/cleitonpinheiro.com.br\/site\/ministro-toffoli-anula-provas-contra-sergio-cabral-e-gilberto-kassab\/#primaryimage\"},\"thumbnailUrl\":\"https:\/\/cleitonpinheiro.com.br\/site\/wp-content\/uploads\/2022\/07\/STFFEDITADOOO-1.jpg\",\"keywords\":[\"Gilberto Kassab\",\"S\u00e9rgio Cabral\",\"STF\"],\"articleSection\":[\"BRASIL \/ MUNDO\",\"TODAS NOTICIAS\"],\"inLanguage\":\"pt-BR\",\"potentialAction\":[{\"@type\":\"CommentAction\",\"name\":\"Comment\",\"target\":[\"https:\/\/cleitonpinheiro.com.br\/site\/ministro-toffoli-anula-provas-contra-sergio-cabral-e-gilberto-kassab\/#respond\"]}]},{\"@type\":\"WebPage\",\"@id\":\"https:\/\/cleitonpinheiro.com.br\/site\/ministro-toffoli-anula-provas-contra-sergio-cabral-e-gilberto-kassab\/\",\"url\":\"https:\/\/cleitonpinheiro.com.br\/site\/ministro-toffoli-anula-provas-contra-sergio-cabral-e-gilberto-kassab\/\",\"name\":\"Ministro Toffoli anula provas contra S\u00e9rgio Cabral e Gilberto Kassab - PORTAL DE NOT\u00cdCIAS CLEITON PINHEIRO\",\"isPartOf\":{\"@id\":\"https:\/\/cleitonpinheiro.com.br\/site\/#website\"},\"primaryImageOfPage\":{\"@id\":\"https:\/\/cleitonpinheiro.com.br\/site\/ministro-toffoli-anula-provas-contra-sergio-cabral-e-gilberto-kassab\/#primaryimage\"},\"image\":{\"@id\":\"https:\/\/cleitonpinheiro.com.br\/site\/ministro-toffoli-anula-provas-contra-sergio-cabral-e-gilberto-kassab\/#primaryimage\"},\"thumbnailUrl\":\"https:\/\/cleitonpinheiro.com.br\/site\/wp-content\/uploads\/2022\/07\/STFFEDITADOOO-1.jpg\",\"datePublished\":\"2023-08-02T23:52:13+00:00\",\"dateModified\":\"2023-12-27T14:48:11+00:00\",\"breadcrumb\":{\"@id\":\"https:\/\/cleitonpinheiro.com.br\/site\/ministro-toffoli-anula-provas-contra-sergio-cabral-e-gilberto-kassab\/#breadcrumb\"},\"inLanguage\":\"pt-BR\",\"potentialAction\":[{\"@type\":\"ReadAction\",\"target\":[\"https:\/\/cleitonpinheiro.com.br\/site\/ministro-toffoli-anula-provas-contra-sergio-cabral-e-gilberto-kassab\/\"]}]},{\"@type\":\"ImageObject\",\"inLanguage\":\"pt-BR\",\"@id\":\"https:\/\/cleitonpinheiro.com.br\/site\/ministro-toffoli-anula-provas-contra-sergio-cabral-e-gilberto-kassab\/#primaryimage\",\"url\":\"\",\"contentUrl\":\"\"},{\"@type\":\"BreadcrumbList\",\"@id\":\"https:\/\/cleitonpinheiro.com.br\/site\/ministro-toffoli-anula-provas-contra-sergio-cabral-e-gilberto-kassab\/#breadcrumb\",\"itemListElement\":[{\"@type\":\"ListItem\",\"position\":1,\"name\":\"In\u00edcio\",\"item\":\"https:\/\/cleitonpinheiro.com.br\/site\/\"},{\"@type\":\"ListItem\",\"position\":2,\"name\":\"Ministro Toffoli anula provas contra S\u00e9rgio Cabral e Gilberto Kassab\"}]},{\"@type\":\"WebSite\",\"@id\":\"https:\/\/cleitonpinheiro.com.br\/site\/#website\",\"url\":\"https:\/\/cleitonpinheiro.com.br\/site\/\",\"name\":\"PORTAL DE NOT\u00cdCIAS CLEITON PINHEIRO\",\"description\":\"FALANDO A VERDADE\",\"publisher\":{\"@id\":\"https:\/\/cleitonpinheiro.com.br\/site\/#organization\"},\"potentialAction\":[{\"@type\":\"SearchAction\",\"target\":{\"@type\":\"EntryPoint\",\"urlTemplate\":\"https:\/\/cleitonpinheiro.com.br\/site\/?s={search_term_string}\"},\"query-input\":{\"@type\":\"PropertyValueSpecification\",\"valueRequired\":true,\"valueName\":\"search_term_string\"}}],\"inLanguage\":\"pt-BR\"},{\"@type\":\"Organization\",\"@id\":\"https:\/\/cleitonpinheiro.com.br\/site\/#organization\",\"name\":\"CPNOT\u00cdCIAS\",\"url\":\"https:\/\/cleitonpinheiro.com.br\/site\/\",\"logo\":{\"@type\":\"ImageObject\",\"inLanguage\":\"pt-BR\",\"@id\":\"https:\/\/cleitonpinheiro.com.br\/site\/#\/schema\/logo\/image\/\",\"url\":\"https:\/\/cleitonpinheiro.com.br\/site\/wp-content\/uploads\/2022\/08\/Logo-pequena-2.png\",\"contentUrl\":\"https:\/\/cleitonpinheiro.com.br\/site\/wp-content\/uploads\/2022\/08\/Logo-pequena-2.png\",\"width\":500,\"height\":500,\"caption\":\"CPNOT\u00cdCIAS\"},\"image\":{\"@id\":\"https:\/\/cleitonpinheiro.com.br\/site\/#\/schema\/logo\/image\/\"},\"sameAs\":[\"https:\/\/www.facebook.com\/portalcpnoticias\/\"]},{\"@type\":\"Person\",\"@id\":\"https:\/\/cleitonpinheiro.com.br\/site\/#\/schema\/person\/8f04544e0bc40a1b68775b08360f87db\",\"name\":\"Reda\u00e7\u00e3o CP\",\"image\":{\"@type\":\"ImageObject\",\"inLanguage\":\"pt-BR\",\"@id\":\"https:\/\/cleitonpinheiro.com.br\/site\/#\/schema\/person\/image\/\",\"url\":\"https:\/\/secure.gravatar.com\/avatar\/0bcf19cb29fdc8fc588c490c7ae1b3e174dac268586a63fbe1d1893a0f9020cd?s=96&r=g\",\"contentUrl\":\"https:\/\/secure.gravatar.com\/avatar\/0bcf19cb29fdc8fc588c490c7ae1b3e174dac268586a63fbe1d1893a0f9020cd?s=96&r=g\",\"caption\":\"Reda\u00e7\u00e3o CP\"},\"url\":\"https:\/\/cleitonpinheiro.com.br\/site\/author\/redacao\/\"}]}<\/script>\n<!-- \/ Yoast SEO plugin. -->","yoast_head_json":{"title":"Ministro Toffoli anula provas contra S\u00e9rgio Cabral e Gilberto Kassab - PORTAL DE NOT\u00cdCIAS CLEITON PINHEIRO","robots":{"index":"index","follow":"follow","max-snippet":"max-snippet:-1","max-image-preview":"max-image-preview:large","max-video-preview":"max-video-preview:-1"},"canonical":"https:\/\/cleitonpinheiro.com.br\/site\/ministro-toffoli-anula-provas-contra-sergio-cabral-e-gilberto-kassab\/","og_locale":"pt_BR","og_type":"article","og_title":"Ministro Toffoli anula provas contra S\u00e9rgio Cabral e Gilberto Kassab - PORTAL DE NOT\u00cdCIAS CLEITON PINHEIRO","og_description":"Ministro Dias Toffoli lembrou que as provas baseadas em sistemas da Odebrecht j\u00e1 foram consideradas nulas pelo STF.","og_url":"https:\/\/cleitonpinheiro.com.br\/site\/ministro-toffoli-anula-provas-contra-sergio-cabral-e-gilberto-kassab\/","og_site_name":"PORTAL DE NOT\u00cdCIAS CLEITON PINHEIRO","article_publisher":"https:\/\/www.facebook.com\/portalcpnoticias\/","article_published_time":"2023-08-02T23:52:13+00:00","article_modified_time":"2023-12-27T14:48:11+00:00","og_image":[{"width":750,"height":450,"url":"https:\/\/cleitonpinheiro.com.br\/site\/wp-content\/uploads\/2022\/07\/STFFEDITADOOO-1.jpg","type":"image\/jpeg"}],"author":"Reda\u00e7\u00e3o CP","twitter_card":"summary_large_image","twitter_misc":{"Escrito por":"Reda\u00e7\u00e3o CP","Est. tempo de leitura":"2 minutos"},"schema":{"@context":"https:\/\/schema.org","@graph":[{"@type":"Article","@id":"https:\/\/cleitonpinheiro.com.br\/site\/ministro-toffoli-anula-provas-contra-sergio-cabral-e-gilberto-kassab\/#article","isPartOf":{"@id":"https:\/\/cleitonpinheiro.com.br\/site\/ministro-toffoli-anula-provas-contra-sergio-cabral-e-gilberto-kassab\/"},"author":{"name":"Reda\u00e7\u00e3o CP","@id":"https:\/\/cleitonpinheiro.com.br\/site\/#\/schema\/person\/8f04544e0bc40a1b68775b08360f87db"},"headline":"Ministro Toffoli anula provas contra S\u00e9rgio Cabral e Gilberto Kassab","datePublished":"2023-08-02T23:52:13+00:00","dateModified":"2023-12-27T14:48:11+00:00","mainEntityOfPage":{"@id":"https:\/\/cleitonpinheiro.com.br\/site\/ministro-toffoli-anula-provas-contra-sergio-cabral-e-gilberto-kassab\/"},"wordCount":308,"commentCount":0,"publisher":{"@id":"https:\/\/cleitonpinheiro.com.br\/site\/#organization"},"image":{"@id":"https:\/\/cleitonpinheiro.com.br\/site\/ministro-toffoli-anula-provas-contra-sergio-cabral-e-gilberto-kassab\/#primaryimage"},"thumbnailUrl":"https:\/\/cleitonpinheiro.com.br\/site\/wp-content\/uploads\/2022\/07\/STFFEDITADOOO-1.jpg","keywords":["Gilberto Kassab","S\u00e9rgio Cabral","STF"],"articleSection":["BRASIL \/ MUNDO","TODAS NOTICIAS"],"inLanguage":"pt-BR","potentialAction":[{"@type":"CommentAction","name":"Comment","target":["https:\/\/cleitonpinheiro.com.br\/site\/ministro-toffoli-anula-provas-contra-sergio-cabral-e-gilberto-kassab\/#respond"]}]},{"@type":"WebPage","@id":"https:\/\/cleitonpinheiro.com.br\/site\/ministro-toffoli-anula-provas-contra-sergio-cabral-e-gilberto-kassab\/","url":"https:\/\/cleitonpinheiro.com.br\/site\/ministro-toffoli-anula-provas-contra-sergio-cabral-e-gilberto-kassab\/","name":"Ministro Toffoli anula provas contra S\u00e9rgio Cabral e Gilberto Kassab - PORTAL DE NOT\u00cdCIAS CLEITON PINHEIRO","isPartOf":{"@id":"https:\/\/cleitonpinheiro.com.br\/site\/#website"},"primaryImageOfPage":{"@id":"https:\/\/cleitonpinheiro.com.br\/site\/ministro-toffoli-anula-provas-contra-sergio-cabral-e-gilberto-kassab\/#primaryimage"},"image":{"@id":"https:\/\/cleitonpinheiro.com.br\/site\/ministro-toffoli-anula-provas-contra-sergio-cabral-e-gilberto-kassab\/#primaryimage"},"thumbnailUrl":"https:\/\/cleitonpinheiro.com.br\/site\/wp-content\/uploads\/2022\/07\/STFFEDITADOOO-1.jpg","datePublished":"2023-08-02T23:52:13+00:00","dateModified":"2023-12-27T14:48:11+00:00","breadcrumb":{"@id":"https:\/\/cleitonpinheiro.com.br\/site\/ministro-toffoli-anula-provas-contra-sergio-cabral-e-gilberto-kassab\/#breadcrumb"},"inLanguage":"pt-BR","potentialAction":[{"@type":"ReadAction","target":["https:\/\/cleitonpinheiro.com.br\/site\/ministro-toffoli-anula-provas-contra-sergio-cabral-e-gilberto-kassab\/"]}]},{"@type":"ImageObject","inLanguage":"pt-BR","@id":"https:\/\/cleitonpinheiro.com.br\/site\/ministro-toffoli-anula-provas-contra-sergio-cabral-e-gilberto-kassab\/#primaryimage","url":"","contentUrl":""},{"@type":"BreadcrumbList","@id":"https:\/\/cleitonpinheiro.com.br\/site\/ministro-toffoli-anula-provas-contra-sergio-cabral-e-gilberto-kassab\/#breadcrumb","itemListElement":[{"@type":"ListItem","position":1,"name":"In\u00edcio","item":"https:\/\/cleitonpinheiro.com.br\/site\/"},{"@type":"ListItem","position":2,"name":"Ministro Toffoli anula provas contra S\u00e9rgio Cabral e Gilberto Kassab"}]},{"@type":"WebSite","@id":"https:\/\/cleitonpinheiro.com.br\/site\/#website","url":"https:\/\/cleitonpinheiro.com.br\/site\/","name":"PORTAL DE NOT\u00cdCIAS CLEITON PINHEIRO","description":"FALANDO A VERDADE","publisher":{"@id":"https:\/\/cleitonpinheiro.com.br\/site\/#organization"},"potentialAction":[{"@type":"SearchAction","target":{"@type":"EntryPoint","urlTemplate":"https:\/\/cleitonpinheiro.com.br\/site\/?s={search_term_string}"},"query-input":{"@type":"PropertyValueSpecification","valueRequired":true,"valueName":"search_term_string"}}],"inLanguage":"pt-BR"},{"@type":"Organization","@id":"https:\/\/cleitonpinheiro.com.br\/site\/#organization","name":"CPNOT\u00cdCIAS","url":"https:\/\/cleitonpinheiro.com.br\/site\/","logo":{"@type":"ImageObject","inLanguage":"pt-BR","@id":"https:\/\/cleitonpinheiro.com.br\/site\/#\/schema\/logo\/image\/","url":"https:\/\/cleitonpinheiro.com.br\/site\/wp-content\/uploads\/2022\/08\/Logo-pequena-2.png","contentUrl":"https:\/\/cleitonpinheiro.com.br\/site\/wp-content\/uploads\/2022\/08\/Logo-pequena-2.png","width":500,"height":500,"caption":"CPNOT\u00cdCIAS"},"image":{"@id":"https:\/\/cleitonpinheiro.com.br\/site\/#\/schema\/logo\/image\/"},"sameAs":["https:\/\/www.facebook.com\/portalcpnoticias\/"]},{"@type":"Person","@id":"https:\/\/cleitonpinheiro.com.br\/site\/#\/schema\/person\/8f04544e0bc40a1b68775b08360f87db","name":"Reda\u00e7\u00e3o CP","image":{"@type":"ImageObject","inLanguage":"pt-BR","@id":"https:\/\/cleitonpinheiro.com.br\/site\/#\/schema\/person\/image\/","url":"https:\/\/secure.gravatar.com\/avatar\/0bcf19cb29fdc8fc588c490c7ae1b3e174dac268586a63fbe1d1893a0f9020cd?s=96&r=g","contentUrl":"https:\/\/secure.gravatar.com\/avatar\/0bcf19cb29fdc8fc588c490c7ae1b3e174dac268586a63fbe1d1893a0f9020cd?s=96&r=g","caption":"Reda\u00e7\u00e3o CP"},"url":"https:\/\/cleitonpinheiro.com.br\/site\/author\/redacao\/"}]}},"views":166,"_links":{"self":[{"href":"https:\/\/cleitonpinheiro.com.br\/site\/wp-json\/wp\/v2\/posts\/73252","targetHints":{"allow":["GET"]}}],"collection":[{"href":"https:\/\/cleitonpinheiro.com.br\/site\/wp-json\/wp\/v2\/posts"}],"about":[{"href":"https:\/\/cleitonpinheiro.com.br\/site\/wp-json\/wp\/v2\/types\/post"}],"author":[{"embeddable":true,"href":"https:\/\/cleitonpinheiro.com.br\/site\/wp-json\/wp\/v2\/users\/13"}],"replies":[{"embeddable":true,"href":"https:\/\/cleitonpinheiro.com.br\/site\/wp-json\/wp\/v2\/comments?post=73252"}],"version-history":[{"count":1,"href":"https:\/\/cleitonpinheiro.com.br\/site\/wp-json\/wp\/v2\/posts\/73252\/revisions"}],"predecessor-version":[{"id":73253,"href":"https:\/\/cleitonpinheiro.com.br\/site\/wp-json\/wp\/v2\/posts\/73252\/revisions\/73253"}],"wp:attachment":[{"href":"https:\/\/cleitonpinheiro.com.br\/site\/wp-json\/wp\/v2\/media?parent=73252"}],"wp:term":[{"taxonomy":"category","embeddable":true,"href":"https:\/\/cleitonpinheiro.com.br\/site\/wp-json\/wp\/v2\/categories?post=73252"},{"taxonomy":"post_tag","embeddable":true,"href":"https:\/\/cleitonpinheiro.com.br\/site\/wp-json\/wp\/v2\/tags?post=73252"}],"curies":[{"name":"wp","href":"https:\/\/api.w.org\/{rel}","templated":true}]}}