{"id":73255,"date":"2023-08-03T08:27:00","date_gmt":"2023-08-03T11:27:00","guid":{"rendered":"https:\/\/cleitonpinheiro.com.br\/site\/?p=73255"},"modified":"2023-08-03T08:27:04","modified_gmt":"2023-08-03T11:27:04","slug":"prefeitura-de-palmas-realiza-hoje-a-3a-audiencia-do-planmob-na-pauta-transporte-publico","status":"publish","type":"post","link":"https:\/\/cleitonpinheiro.com.br\/site\/prefeitura-de-palmas-realiza-hoje-a-3a-audiencia-do-planmob-na-pauta-transporte-publico\/","title":{"rendered":"Prefeitura de Palmas realiza hoje a 3\u00aa Audi\u00eancia do PlanMob, na pauta: transporte p\u00fablico"},"content":{"rendered":"\n<figure class=\"wp-block-image size-full\"><img decoding=\"async\" src=\"https:\/\/cleitonpinheiro.com.br\/site\/wp-content\/uploads\/2023\/07\/0f8d2d95-ef33-4db0-914c-ac277ac07deb.jpg\" alt=\"\" class=\"wp-image-73172\"\/><figcaption class=\"wp-element-caption\">Dividida em dois momentos, audi\u00eancia discutir\u00e1 solu\u00e7\u00f5es para o transporte p\u00fablico da Capital &#8211; Foto: Lia Mara\/Prefeitura de Palmas<\/figcaption><\/figure>\n\n\n\n<p class=\"wp-block-paragraph\">A Prefeitura de Palmas, por meio da Secretaria Municipal de Seguran\u00e7a e Mobilidade Urbana (Sesmu), realizar\u00e1 a 3\u00aa Audi\u00eancia P\u00fablica do Plano de Mobilidade Urbana (PlanMob), que discutir\u00e1 solu\u00e7\u00f5es para o transporte p\u00fablico da Capital em dois momentos. O primeiro, nesta quinta-feira, 3, das 14 \u00e0s 18 horas, no audit\u00f3rio do Instituto Vinte de Maio (IVM), e o segundo, no s\u00e1bado, 5, das 14 \u00e0s 18 horas, no audit\u00f3rio do Resolve Palmas, em Taquaralto.<\/p>\n\n\n\n<p class=\"wp-block-paragraph\">Al\u00e9m disso, a reuni\u00e3o tem\u00e1tica tem como objetivo apresentar o progn\u00f3stico (Fase III do plano), que \u00e9 o resultado sistematizado para os cen\u00e1rios futuros simulados e a proposta de rede do transporte coletivo de Palmas.&nbsp;<\/p>\n\n\n\n<p class=\"wp-block-paragraph\">Na pr\u00f3xima etapa, com base nas pesquisas elaboradas, no diagn\u00f3stico realizado e neste progn\u00f3stico ser\u00e3o detalhadas as propostas necess\u00e1rias para a mobilidade atual e para que Palmas possa ser preparada para o futuro.<\/p>\n\n\n\n<p class=\"wp-block-paragraph\"><strong>Entenda<\/strong><\/p>\n\n\n\n<p class=\"wp-block-paragraph\">O PlanMob \u00e9 um instrumento de planejamento que, por meio de estudos t\u00e9cnicos e participa\u00e7\u00e3o social, estabelecer\u00e1 diretrizes, metas e a\u00e7\u00f5es do sistema de mobilidade da cidade para os pr\u00f3ximos dez anos. Contemplando v\u00e1rios aspectos como: o transporte p\u00fablico coletivo, o deslocamento a p\u00e9 e por bicicleta, as cargas urbanas, acessibilidade para pessoas com defici\u00eancia e restri\u00e7\u00e3o de mobilidade, os estacionamentos p\u00fablicos e privados, a circula\u00e7\u00e3o e a seguran\u00e7a vi\u00e1ria, al\u00e9m da integra\u00e7\u00e3o entre os diferentes modos de deslocamento.<\/p>\n\n\n\n<p class=\"wp-block-paragraph\">A execu\u00e7\u00e3o dos trabalhos acontece em quatro etapas sucessivas:<\/p>\n\n\n\n<ul class=\"wp-block-list\">\n<li>Fase I &#8211; &nbsp;Plano de trabalho e Nivelamento Institucional;<\/li>\n\n\n\n<li>Fase II &#8211; Diagn\u00f3stico;<\/li>\n\n\n\n<li><strong>Fase III &#8211; &nbsp;Progn\u00f3stico (atual);<\/strong><\/li>\n\n\n\n<li>Fase IV &#8211; Formula\u00e7\u00e3o e Aprova\u00e7\u00e3o do Plano de Mobilidade Urbana.<\/li>\n<\/ul>\n\n\n\n<p class=\"wp-block-paragraph\">Ao t\u00e9rmino de cada fase s\u00e3o realizadas as respectivas audi\u00eancias p\u00fablicas, al\u00e9m da 5\u00aa Audi\u00eancia P\u00fablica para consolida\u00e7\u00e3o do plano, com apresenta\u00e7\u00e3o da minuta do Projeto de Lei do Plano de Mobilidade Urbana de Palmas.<\/p>\n\n\n\n<p class=\"wp-block-paragraph\">Participe das audi\u00eancias, contribua com propostas. E para saber mais sobre as etapas conclu\u00eddas e deixar sua opini\u00e3o sobre a elabora\u00e7\u00e3o do PlanMob de Palmas, acesse <a href=\"https:\/\/planodemobilidade.palmas.to.gov.br\/\" target=\"_blank\" rel=\"noreferrer noopener\">aqui<\/a>.<\/p>\n","protected":false},"excerpt":{"rendered":"<p>Dividida em dois momentos, a audi\u00eancia ocorrer\u00e1 nesta quinta-feira, 3, das 14 \u00e0s 18 horas, no audit\u00f3rio do Instituto Vinte de Maio (IVM), e o segundo, no s\u00e1bado, 5, das 14 \u00e0s 18 horas, no audit\u00f3rio do Resolve Palmas, em Taquaralto.<\/p>\n","protected":false},"author":13,"featured_media":0,"comment_status":"open","ping_status":"open","sticky":false,"template":"","format":"standard","meta":{"_acf_changed":false,"footnotes":""},"categories":[22,898],"tags":[68,1081,720,921],"class_list":["post-73255","post","type-post","status-publish","format-standard","hentry","category-cidades","category-manchete-segundaria","tag-audiencia-publica","tag-planmob","tag-prefeitura-de-palmas","tag-transporte-coletivo"],"acf":[],"yoast_head":"<!-- This site is optimized with the Yoast SEO plugin v24.4 - https:\/\/yoast.com\/wordpress\/plugins\/seo\/ -->\n<title>Prefeitura de Palmas realiza hoje a 3\u00aa Audi\u00eancia do PlanMob, na pauta: transporte p\u00fablico - PORTAL DE NOT\u00cdCIAS CLEITON PINHEIRO<\/title>\n<meta name=\"robots\" content=\"index, follow, max-snippet:-1, max-image-preview:large, max-video-preview:-1\" \/>\n<link rel=\"canonical\" href=\"https:\/\/cleitonpinheiro.com.br\/site\/prefeitura-de-palmas-realiza-hoje-a-3a-audiencia-do-planmob-na-pauta-transporte-publico\/\" \/>\n<meta property=\"og:locale\" content=\"pt_BR\" \/>\n<meta property=\"og:type\" content=\"article\" \/>\n<meta property=\"og:title\" content=\"Prefeitura de Palmas realiza hoje a 3\u00aa Audi\u00eancia do PlanMob, na pauta: transporte p\u00fablico - PORTAL DE NOT\u00cdCIAS CLEITON PINHEIRO\" \/>\n<meta property=\"og:description\" content=\"Dividida em dois momentos, a audi\u00eancia ocorrer\u00e1 nesta quinta-feira, 3, das 14 \u00e0s 18 horas, no audit\u00f3rio do Instituto Vinte de Maio (IVM), e o segundo, no s\u00e1bado, 5, das 14 \u00e0s 18 horas, no audit\u00f3rio do Resolve Palmas, em Taquaralto.\" \/>\n<meta property=\"og:url\" content=\"https:\/\/cleitonpinheiro.com.br\/site\/prefeitura-de-palmas-realiza-hoje-a-3a-audiencia-do-planmob-na-pauta-transporte-publico\/\" \/>\n<meta property=\"og:site_name\" content=\"PORTAL DE NOT\u00cdCIAS CLEITON PINHEIRO\" \/>\n<meta property=\"article:publisher\" content=\"https:\/\/www.facebook.com\/portalcpnoticias\/\" \/>\n<meta property=\"article:published_time\" content=\"2023-08-03T11:27:00+00:00\" \/>\n<meta property=\"article:modified_time\" content=\"2023-08-03T11:27:04+00:00\" \/>\n<meta property=\"og:image\" content=\"https:\/\/cleitonpinheiro.com.br\/site\/wp-content\/uploads\/2023\/07\/0f8d2d95-ef33-4db0-914c-ac277ac07deb.jpg\" \/>\n\t<meta property=\"og:image:width\" content=\"800\" \/>\n\t<meta property=\"og:image:height\" content=\"533\" \/>\n\t<meta property=\"og:image:type\" content=\"image\/jpeg\" \/>\n<meta name=\"author\" content=\"Reda\u00e7\u00e3o CP\" \/>\n<meta name=\"twitter:card\" content=\"summary_large_image\" \/>\n<meta name=\"twitter:label1\" content=\"Escrito por\" \/>\n\t<meta name=\"twitter:data1\" content=\"Reda\u00e7\u00e3o CP\" \/>\n\t<meta name=\"twitter:label2\" content=\"Est. tempo de leitura\" \/>\n\t<meta name=\"twitter:data2\" content=\"3 minutos\" \/>\n<script type=\"application\/ld+json\" class=\"yoast-schema-graph\">{\"@context\":\"https:\/\/schema.org\",\"@graph\":[{\"@type\":\"Article\",\"@id\":\"https:\/\/cleitonpinheiro.com.br\/site\/prefeitura-de-palmas-realiza-hoje-a-3a-audiencia-do-planmob-na-pauta-transporte-publico\/#article\",\"isPartOf\":{\"@id\":\"https:\/\/cleitonpinheiro.com.br\/site\/prefeitura-de-palmas-realiza-hoje-a-3a-audiencia-do-planmob-na-pauta-transporte-publico\/\"},\"author\":{\"name\":\"Reda\u00e7\u00e3o CP\",\"@id\":\"https:\/\/cleitonpinheiro.com.br\/site\/#\/schema\/person\/8f04544e0bc40a1b68775b08360f87db\"},\"headline\":\"Prefeitura de Palmas realiza hoje a 3\u00aa Audi\u00eancia do PlanMob, na pauta: transporte p\u00fablico\",\"datePublished\":\"2023-08-03T11:27:00+00:00\",\"dateModified\":\"2023-08-03T11:27:04+00:00\",\"mainEntityOfPage\":{\"@id\":\"https:\/\/cleitonpinheiro.com.br\/site\/prefeitura-de-palmas-realiza-hoje-a-3a-audiencia-do-planmob-na-pauta-transporte-publico\/\"},\"wordCount\":403,\"commentCount\":0,\"publisher\":{\"@id\":\"https:\/\/cleitonpinheiro.com.br\/site\/#organization\"},\"image\":{\"@id\":\"https:\/\/cleitonpinheiro.com.br\/site\/prefeitura-de-palmas-realiza-hoje-a-3a-audiencia-do-planmob-na-pauta-transporte-publico\/#primaryimage\"},\"thumbnailUrl\":\"https:\/\/cleitonpinheiro.com.br\/site\/wp-content\/uploads\/2023\/07\/0f8d2d95-ef33-4db0-914c-ac277ac07deb.jpg\",\"keywords\":[\"audi\u00eancia p\u00fablica\",\"PlanMob\",\"Prefeitura de Palmas\",\"Transporte coletivo\"],\"articleSection\":[\"CIDADES\",\"MANCHETE SEGUND\u00c1RIA\"],\"inLanguage\":\"pt-BR\",\"potentialAction\":[{\"@type\":\"CommentAction\",\"name\":\"Comment\",\"target\":[\"https:\/\/cleitonpinheiro.com.br\/site\/prefeitura-de-palmas-realiza-hoje-a-3a-audiencia-do-planmob-na-pauta-transporte-publico\/#respond\"]}]},{\"@type\":\"WebPage\",\"@id\":\"https:\/\/cleitonpinheiro.com.br\/site\/prefeitura-de-palmas-realiza-hoje-a-3a-audiencia-do-planmob-na-pauta-transporte-publico\/\",\"url\":\"https:\/\/cleitonpinheiro.com.br\/site\/prefeitura-de-palmas-realiza-hoje-a-3a-audiencia-do-planmob-na-pauta-transporte-publico\/\",\"name\":\"Prefeitura de Palmas realiza hoje a 3\u00aa Audi\u00eancia do PlanMob, na pauta: transporte p\u00fablico - PORTAL DE NOT\u00cdCIAS CLEITON PINHEIRO\",\"isPartOf\":{\"@id\":\"https:\/\/cleitonpinheiro.com.br\/site\/#website\"},\"primaryImageOfPage\":{\"@id\":\"https:\/\/cleitonpinheiro.com.br\/site\/prefeitura-de-palmas-realiza-hoje-a-3a-audiencia-do-planmob-na-pauta-transporte-publico\/#primaryimage\"},\"image\":{\"@id\":\"https:\/\/cleitonpinheiro.com.br\/site\/prefeitura-de-palmas-realiza-hoje-a-3a-audiencia-do-planmob-na-pauta-transporte-publico\/#primaryimage\"},\"thumbnailUrl\":\"https:\/\/cleitonpinheiro.com.br\/site\/wp-content\/uploads\/2023\/07\/0f8d2d95-ef33-4db0-914c-ac277ac07deb.jpg\",\"datePublished\":\"2023-08-03T11:27:00+00:00\",\"dateModified\":\"2023-08-03T11:27:04+00:00\",\"breadcrumb\":{\"@id\":\"https:\/\/cleitonpinheiro.com.br\/site\/prefeitura-de-palmas-realiza-hoje-a-3a-audiencia-do-planmob-na-pauta-transporte-publico\/#breadcrumb\"},\"inLanguage\":\"pt-BR\",\"potentialAction\":[{\"@type\":\"ReadAction\",\"target\":[\"https:\/\/cleitonpinheiro.com.br\/site\/prefeitura-de-palmas-realiza-hoje-a-3a-audiencia-do-planmob-na-pauta-transporte-publico\/\"]}]},{\"@type\":\"ImageObject\",\"inLanguage\":\"pt-BR\",\"@id\":\"https:\/\/cleitonpinheiro.com.br\/site\/prefeitura-de-palmas-realiza-hoje-a-3a-audiencia-do-planmob-na-pauta-transporte-publico\/#primaryimage\",\"url\":\"\",\"contentUrl\":\"\"},{\"@type\":\"BreadcrumbList\",\"@id\":\"https:\/\/cleitonpinheiro.com.br\/site\/prefeitura-de-palmas-realiza-hoje-a-3a-audiencia-do-planmob-na-pauta-transporte-publico\/#breadcrumb\",\"itemListElement\":[{\"@type\":\"ListItem\",\"position\":1,\"name\":\"In\u00edcio\",\"item\":\"https:\/\/cleitonpinheiro.com.br\/site\/\"},{\"@type\":\"ListItem\",\"position\":2,\"name\":\"Prefeitura de Palmas realiza hoje a 3\u00aa Audi\u00eancia do PlanMob, na pauta: transporte p\u00fablico\"}]},{\"@type\":\"WebSite\",\"@id\":\"https:\/\/cleitonpinheiro.com.br\/site\/#website\",\"url\":\"https:\/\/cleitonpinheiro.com.br\/site\/\",\"name\":\"PORTAL DE NOT\u00cdCIAS CLEITON PINHEIRO\",\"description\":\"FALANDO A VERDADE\",\"publisher\":{\"@id\":\"https:\/\/cleitonpinheiro.com.br\/site\/#organization\"},\"potentialAction\":[{\"@type\":\"SearchAction\",\"target\":{\"@type\":\"EntryPoint\",\"urlTemplate\":\"https:\/\/cleitonpinheiro.com.br\/site\/?s={search_term_string}\"},\"query-input\":{\"@type\":\"PropertyValueSpecification\",\"valueRequired\":true,\"valueName\":\"search_term_string\"}}],\"inLanguage\":\"pt-BR\"},{\"@type\":\"Organization\",\"@id\":\"https:\/\/cleitonpinheiro.com.br\/site\/#organization\",\"name\":\"CPNOT\u00cdCIAS\",\"url\":\"https:\/\/cleitonpinheiro.com.br\/site\/\",\"logo\":{\"@type\":\"ImageObject\",\"inLanguage\":\"pt-BR\",\"@id\":\"https:\/\/cleitonpinheiro.com.br\/site\/#\/schema\/logo\/image\/\",\"url\":\"https:\/\/cleitonpinheiro.com.br\/site\/wp-content\/uploads\/2022\/08\/Logo-pequena-2.png\",\"contentUrl\":\"https:\/\/cleitonpinheiro.com.br\/site\/wp-content\/uploads\/2022\/08\/Logo-pequena-2.png\",\"width\":500,\"height\":500,\"caption\":\"CPNOT\u00cdCIAS\"},\"image\":{\"@id\":\"https:\/\/cleitonpinheiro.com.br\/site\/#\/schema\/logo\/image\/\"},\"sameAs\":[\"https:\/\/www.facebook.com\/portalcpnoticias\/\"]},{\"@type\":\"Person\",\"@id\":\"https:\/\/cleitonpinheiro.com.br\/site\/#\/schema\/person\/8f04544e0bc40a1b68775b08360f87db\",\"name\":\"Reda\u00e7\u00e3o CP\",\"image\":{\"@type\":\"ImageObject\",\"inLanguage\":\"pt-BR\",\"@id\":\"https:\/\/cleitonpinheiro.com.br\/site\/#\/schema\/person\/image\/\",\"url\":\"https:\/\/secure.gravatar.com\/avatar\/0bcf19cb29fdc8fc588c490c7ae1b3e174dac268586a63fbe1d1893a0f9020cd?s=96&r=g\",\"contentUrl\":\"https:\/\/secure.gravatar.com\/avatar\/0bcf19cb29fdc8fc588c490c7ae1b3e174dac268586a63fbe1d1893a0f9020cd?s=96&r=g\",\"caption\":\"Reda\u00e7\u00e3o CP\"},\"url\":\"https:\/\/cleitonpinheiro.com.br\/site\/author\/redacao\/\"}]}<\/script>\n<!-- \/ Yoast SEO plugin. -->","yoast_head_json":{"title":"Prefeitura de Palmas realiza hoje a 3\u00aa Audi\u00eancia do PlanMob, na pauta: transporte p\u00fablico - PORTAL DE NOT\u00cdCIAS CLEITON PINHEIRO","robots":{"index":"index","follow":"follow","max-snippet":"max-snippet:-1","max-image-preview":"max-image-preview:large","max-video-preview":"max-video-preview:-1"},"canonical":"https:\/\/cleitonpinheiro.com.br\/site\/prefeitura-de-palmas-realiza-hoje-a-3a-audiencia-do-planmob-na-pauta-transporte-publico\/","og_locale":"pt_BR","og_type":"article","og_title":"Prefeitura de Palmas realiza hoje a 3\u00aa Audi\u00eancia do PlanMob, na pauta: transporte p\u00fablico - PORTAL DE NOT\u00cdCIAS CLEITON PINHEIRO","og_description":"Dividida em dois momentos, a audi\u00eancia ocorrer\u00e1 nesta quinta-feira, 3, das 14 \u00e0s 18 horas, no audit\u00f3rio do Instituto Vinte de Maio (IVM), e o segundo, no s\u00e1bado, 5, das 14 \u00e0s 18 horas, no audit\u00f3rio do Resolve Palmas, em Taquaralto.","og_url":"https:\/\/cleitonpinheiro.com.br\/site\/prefeitura-de-palmas-realiza-hoje-a-3a-audiencia-do-planmob-na-pauta-transporte-publico\/","og_site_name":"PORTAL DE NOT\u00cdCIAS CLEITON PINHEIRO","article_publisher":"https:\/\/www.facebook.com\/portalcpnoticias\/","article_published_time":"2023-08-03T11:27:00+00:00","article_modified_time":"2023-08-03T11:27:04+00:00","og_image":[{"width":800,"height":533,"url":"https:\/\/cleitonpinheiro.com.br\/site\/wp-content\/uploads\/2023\/07\/0f8d2d95-ef33-4db0-914c-ac277ac07deb.jpg","type":"image\/jpeg"}],"author":"Reda\u00e7\u00e3o CP","twitter_card":"summary_large_image","twitter_misc":{"Escrito por":"Reda\u00e7\u00e3o CP","Est. tempo de leitura":"3 minutos"},"schema":{"@context":"https:\/\/schema.org","@graph":[{"@type":"Article","@id":"https:\/\/cleitonpinheiro.com.br\/site\/prefeitura-de-palmas-realiza-hoje-a-3a-audiencia-do-planmob-na-pauta-transporte-publico\/#article","isPartOf":{"@id":"https:\/\/cleitonpinheiro.com.br\/site\/prefeitura-de-palmas-realiza-hoje-a-3a-audiencia-do-planmob-na-pauta-transporte-publico\/"},"author":{"name":"Reda\u00e7\u00e3o CP","@id":"https:\/\/cleitonpinheiro.com.br\/site\/#\/schema\/person\/8f04544e0bc40a1b68775b08360f87db"},"headline":"Prefeitura de Palmas realiza hoje a 3\u00aa Audi\u00eancia do PlanMob, na pauta: transporte p\u00fablico","datePublished":"2023-08-03T11:27:00+00:00","dateModified":"2023-08-03T11:27:04+00:00","mainEntityOfPage":{"@id":"https:\/\/cleitonpinheiro.com.br\/site\/prefeitura-de-palmas-realiza-hoje-a-3a-audiencia-do-planmob-na-pauta-transporte-publico\/"},"wordCount":403,"commentCount":0,"publisher":{"@id":"https:\/\/cleitonpinheiro.com.br\/site\/#organization"},"image":{"@id":"https:\/\/cleitonpinheiro.com.br\/site\/prefeitura-de-palmas-realiza-hoje-a-3a-audiencia-do-planmob-na-pauta-transporte-publico\/#primaryimage"},"thumbnailUrl":"https:\/\/cleitonpinheiro.com.br\/site\/wp-content\/uploads\/2023\/07\/0f8d2d95-ef33-4db0-914c-ac277ac07deb.jpg","keywords":["audi\u00eancia p\u00fablica","PlanMob","Prefeitura de Palmas","Transporte coletivo"],"articleSection":["CIDADES","MANCHETE SEGUND\u00c1RIA"],"inLanguage":"pt-BR","potentialAction":[{"@type":"CommentAction","name":"Comment","target":["https:\/\/cleitonpinheiro.com.br\/site\/prefeitura-de-palmas-realiza-hoje-a-3a-audiencia-do-planmob-na-pauta-transporte-publico\/#respond"]}]},{"@type":"WebPage","@id":"https:\/\/cleitonpinheiro.com.br\/site\/prefeitura-de-palmas-realiza-hoje-a-3a-audiencia-do-planmob-na-pauta-transporte-publico\/","url":"https:\/\/cleitonpinheiro.com.br\/site\/prefeitura-de-palmas-realiza-hoje-a-3a-audiencia-do-planmob-na-pauta-transporte-publico\/","name":"Prefeitura de Palmas realiza hoje a 3\u00aa Audi\u00eancia do PlanMob, na pauta: transporte p\u00fablico - PORTAL DE NOT\u00cdCIAS CLEITON PINHEIRO","isPartOf":{"@id":"https:\/\/cleitonpinheiro.com.br\/site\/#website"},"primaryImageOfPage":{"@id":"https:\/\/cleitonpinheiro.com.br\/site\/prefeitura-de-palmas-realiza-hoje-a-3a-audiencia-do-planmob-na-pauta-transporte-publico\/#primaryimage"},"image":{"@id":"https:\/\/cleitonpinheiro.com.br\/site\/prefeitura-de-palmas-realiza-hoje-a-3a-audiencia-do-planmob-na-pauta-transporte-publico\/#primaryimage"},"thumbnailUrl":"https:\/\/cleitonpinheiro.com.br\/site\/wp-content\/uploads\/2023\/07\/0f8d2d95-ef33-4db0-914c-ac277ac07deb.jpg","datePublished":"2023-08-03T11:27:00+00:00","dateModified":"2023-08-03T11:27:04+00:00","breadcrumb":{"@id":"https:\/\/cleitonpinheiro.com.br\/site\/prefeitura-de-palmas-realiza-hoje-a-3a-audiencia-do-planmob-na-pauta-transporte-publico\/#breadcrumb"},"inLanguage":"pt-BR","potentialAction":[{"@type":"ReadAction","target":["https:\/\/cleitonpinheiro.com.br\/site\/prefeitura-de-palmas-realiza-hoje-a-3a-audiencia-do-planmob-na-pauta-transporte-publico\/"]}]},{"@type":"ImageObject","inLanguage":"pt-BR","@id":"https:\/\/cleitonpinheiro.com.br\/site\/prefeitura-de-palmas-realiza-hoje-a-3a-audiencia-do-planmob-na-pauta-transporte-publico\/#primaryimage","url":"","contentUrl":""},{"@type":"BreadcrumbList","@id":"https:\/\/cleitonpinheiro.com.br\/site\/prefeitura-de-palmas-realiza-hoje-a-3a-audiencia-do-planmob-na-pauta-transporte-publico\/#breadcrumb","itemListElement":[{"@type":"ListItem","position":1,"name":"In\u00edcio","item":"https:\/\/cleitonpinheiro.com.br\/site\/"},{"@type":"ListItem","position":2,"name":"Prefeitura de Palmas realiza hoje a 3\u00aa Audi\u00eancia do PlanMob, na pauta: transporte p\u00fablico"}]},{"@type":"WebSite","@id":"https:\/\/cleitonpinheiro.com.br\/site\/#website","url":"https:\/\/cleitonpinheiro.com.br\/site\/","name":"PORTAL DE NOT\u00cdCIAS CLEITON PINHEIRO","description":"FALANDO A VERDADE","publisher":{"@id":"https:\/\/cleitonpinheiro.com.br\/site\/#organization"},"potentialAction":[{"@type":"SearchAction","target":{"@type":"EntryPoint","urlTemplate":"https:\/\/cleitonpinheiro.com.br\/site\/?s={search_term_string}"},"query-input":{"@type":"PropertyValueSpecification","valueRequired":true,"valueName":"search_term_string"}}],"inLanguage":"pt-BR"},{"@type":"Organization","@id":"https:\/\/cleitonpinheiro.com.br\/site\/#organization","name":"CPNOT\u00cdCIAS","url":"https:\/\/cleitonpinheiro.com.br\/site\/","logo":{"@type":"ImageObject","inLanguage":"pt-BR","@id":"https:\/\/cleitonpinheiro.com.br\/site\/#\/schema\/logo\/image\/","url":"https:\/\/cleitonpinheiro.com.br\/site\/wp-content\/uploads\/2022\/08\/Logo-pequena-2.png","contentUrl":"https:\/\/cleitonpinheiro.com.br\/site\/wp-content\/uploads\/2022\/08\/Logo-pequena-2.png","width":500,"height":500,"caption":"CPNOT\u00cdCIAS"},"image":{"@id":"https:\/\/cleitonpinheiro.com.br\/site\/#\/schema\/logo\/image\/"},"sameAs":["https:\/\/www.facebook.com\/portalcpnoticias\/"]},{"@type":"Person","@id":"https:\/\/cleitonpinheiro.com.br\/site\/#\/schema\/person\/8f04544e0bc40a1b68775b08360f87db","name":"Reda\u00e7\u00e3o CP","image":{"@type":"ImageObject","inLanguage":"pt-BR","@id":"https:\/\/cleitonpinheiro.com.br\/site\/#\/schema\/person\/image\/","url":"https:\/\/secure.gravatar.com\/avatar\/0bcf19cb29fdc8fc588c490c7ae1b3e174dac268586a63fbe1d1893a0f9020cd?s=96&r=g","contentUrl":"https:\/\/secure.gravatar.com\/avatar\/0bcf19cb29fdc8fc588c490c7ae1b3e174dac268586a63fbe1d1893a0f9020cd?s=96&r=g","caption":"Reda\u00e7\u00e3o CP"},"url":"https:\/\/cleitonpinheiro.com.br\/site\/author\/redacao\/"}]}},"views":152,"_links":{"self":[{"href":"https:\/\/cleitonpinheiro.com.br\/site\/wp-json\/wp\/v2\/posts\/73255","targetHints":{"allow":["GET"]}}],"collection":[{"href":"https:\/\/cleitonpinheiro.com.br\/site\/wp-json\/wp\/v2\/posts"}],"about":[{"href":"https:\/\/cleitonpinheiro.com.br\/site\/wp-json\/wp\/v2\/types\/post"}],"author":[{"embeddable":true,"href":"https:\/\/cleitonpinheiro.com.br\/site\/wp-json\/wp\/v2\/users\/13"}],"replies":[{"embeddable":true,"href":"https:\/\/cleitonpinheiro.com.br\/site\/wp-json\/wp\/v2\/comments?post=73255"}],"version-history":[{"count":1,"href":"https:\/\/cleitonpinheiro.com.br\/site\/wp-json\/wp\/v2\/posts\/73255\/revisions"}],"predecessor-version":[{"id":73256,"href":"https:\/\/cleitonpinheiro.com.br\/site\/wp-json\/wp\/v2\/posts\/73255\/revisions\/73256"}],"wp:attachment":[{"href":"https:\/\/cleitonpinheiro.com.br\/site\/wp-json\/wp\/v2\/media?parent=73255"}],"wp:term":[{"taxonomy":"category","embeddable":true,"href":"https:\/\/cleitonpinheiro.com.br\/site\/wp-json\/wp\/v2\/categories?post=73255"},{"taxonomy":"post_tag","embeddable":true,"href":"https:\/\/cleitonpinheiro.com.br\/site\/wp-json\/wp\/v2\/tags?post=73255"}],"curies":[{"name":"wp","href":"https:\/\/api.w.org\/{rel}","templated":true}]}}