{"id":73273,"date":"2023-08-07T11:39:32","date_gmt":"2023-08-07T14:39:32","guid":{"rendered":"https:\/\/cleitonpinheiro.com.br\/site\/?p=73273"},"modified":"2023-12-27T11:47:44","modified_gmt":"2023-12-27T14:47:44","slug":"agtur-divulga-lista-dos-classificados-para-17o-festival-gastronomico-de-taquarucu","status":"publish","type":"post","link":"https:\/\/cleitonpinheiro.com.br\/site\/agtur-divulga-lista-dos-classificados-para-17o-festival-gastronomico-de-taquarucu\/","title":{"rendered":"Agtur divulga lista dos classificados para 17\u00ba Festival Gastron\u00f4mico de Taquaru\u00e7u"},"content":{"rendered":"\n<figure class=\"wp-block-image size-full\"><img decoding=\"async\" src=\"https:\/\/cleitonpinheiro.com.br\/site\/wp-content\/uploads\/2023\/08\/b69ace83-f1b9-4e4a-9374-2abb6627f862.jpg\" alt=\"\" class=\"wp-image-73274\"\/><figcaption class=\"wp-element-caption\"><em>38 pratos foram aprovados e outros classifacos na Etapa Degusta\u00e7\u00e3o; prazo para recurso vai at\u00e9 dia 11 &#8211; Foto: Regiane Rocha\/Prefeitura de Palmas<\/em><\/figcaption><\/figure>\n\n\n\n<p class=\"wp-block-paragraph\"><strong>Da Prefeitura de Palmas<\/strong><\/p>\n\n\n\n<p class=\"wp-block-paragraph\">A Prefeitura Municipal de Palmas, por meio da Ag\u00eancia Municipal de Turismo (Agtur), divulgou na noite dessa sexta-feira, 4, no\u00a0<a href=\"http:\/\/diariooficial.palmas.to.gov.br\/media\/diario\/3276-4-8-2023-20-44-1.pdf\" target=\"_blank\" rel=\"noreferrer noopener\">Di\u00e1rio Oficial do Munic\u00edpio<\/a>, os pratos aprovados na na Etapa Avalia\u00e7\u00e3o da Degusta\u00e7\u00e3o do Concurso do 17\u00ba Festival Gastron\u00f4mico de Taquaru\u00e7u (FGT), que acontecer\u00e1 entre os dias 6 a 10 de setembro, no distrito. O prazo de recurso vai at\u00e9 a pr\u00f3xima sexta-feira, 11. A lista pode ser conferida\u00a0<a href=\"https:\/\/www.palmas.to.gov.br\/media\/orgao\/documentos\/HOMOLOGACAO_DO_RESULTADO_DA_ETAPA_DE_DEGUSTACAO_17_FESTIVAL_FGT.pdf\" target=\"_blank\" rel=\"noreferrer noopener\">aqui<\/a>.<\/p>\n\n\n\n<p class=\"wp-block-paragraph\">Nesta edi\u00e7\u00e3o, 130 inscri\u00e7\u00f5es cumpriram as normas do edital, passando para a etapa de degusta\u00e7\u00e3o da seguinte forma: 27 Pratos Salgados, 32 Pratos Doces, 53 Comidinhas Salgadas, dez Trailer\/Food Truck, quatro na categoria &#8216;Sa\u00fade e bem-estar&#8217; e quatro da \u2018Rota Gastron\u00f4mica de Taquaru\u00e7u\u2019.&nbsp;<\/p>\n\n\n\n<p class=\"wp-block-paragraph\">O corpo de jurados da degusta\u00e7\u00e3o foi indicado pelos parceiros do FGT do Servi\u00e7o Nacional de Aprendizagem Comercial (Senac), Associa\u00e7\u00e3o Brasileira de Bares e Restaurantes (Abrasel-To) e pela Empresa J\u00fanior do curso de Nutri\u00e7\u00e3o da Universidade Federal do Tocantins (UFT).<\/p>\n\n\n\n<p class=\"wp-block-paragraph\">Das 47 vagas oferecidas na competi\u00e7\u00e3o nesta etapa, apenas 38 foram aprovados nas cinco categorias: Comidinha&nbsp;Salgada, nove aprovados;&nbsp;Prato&nbsp;Salgado, nove aprovados;&nbsp;Prato&nbsp;Doce, nove aprovados;&nbsp;Food Truck, cinco aprovados; Prato Sa\u00fade e Bem-estar, dois aprovados; e Rota Gastron\u00f4mica, quatro aprovados. Tamb\u00e9m outros competidores foram classificados, podendo ser chamados ao longo do processo.<\/p>\n\n\n\n<p class=\"wp-block-paragraph\">O presidente da Agtur, Giovanni Assis, ressalta a import\u00e2ncia da pr\u00f3xima fase, que \u00e9 o curso de Higiene Pessoal e Manipula\u00e7\u00e3o de Alimentos e Empreeendedorismo. \u201cO Festival virou uma vitrine para os empreendedores da gastronomia na nossa cidade, por isso, \u00e9 importante a an\u00e1lise rigorosa dos jurados, agora na pr\u00f3xima etapa, os classificados passaram por forma\u00e7\u00e3o para garantir que&nbsp;estejam trabalhando dentro das normas sanit\u00e1rias, e que possam ter sucesso nos seus empreendimentos\u201d, ressaltou. A Agtur destaca que todos os classificados devem obrigatoriamente passar pelos cursos qualifica\u00e7\u00e3o.<\/p>\n\n\n\n<p class=\"wp-block-paragraph\">Para a professora do curso de Nutri\u00e7\u00e3o da UFT&nbsp;e organizadora do jurado t\u00e9cnico do evento, Tatiana Evangelista:&nbsp;\u201cessa etapa tem muita import\u00e2ncia, uma vez que seleciona os melhores pratos que ir\u00e3o se apresentar durante o Festival. Todos os pratos s\u00e3o avaliados pelo j\u00fari seguindo os mesmos crit\u00e9rios, que s\u00e3o: sabor, aroma, textura, temperatura, originalidade, criatividade e apresenta\u00e7\u00e3o\u201d.<\/p>\n\n\n\n<p class=\"wp-block-paragraph\">Os cursos de Higiene Pessoal e Manipula\u00e7\u00e3o de Alimentos e Empreendedorismo acontecer\u00e3o nos pr\u00f3ximos dias 22 e 23 de agosto, conforme publicado no Di\u00e1rio Oficial do Munic\u00edpio. Os concorrentes devem apresentar o certificado de conclus\u00e3o dos cursos, sob pena de desclassifica\u00e7\u00e3o. A lista final de participantes ser\u00e1 divulgada ap\u00f3s estes cursos.&nbsp;<\/p>\n\n\n\n<p class=\"wp-block-paragraph\"><strong>17\u00ba FGT<\/strong><br>O evento ser\u00e1 realizado de 6 a 10 de setembro, em Taquaru\u00e7u, com a previs\u00e3o de participa\u00e7\u00e3o de 47 concorrentes. Este ano, dentre as novidades anunciadas pela Prefeitura de Palmas h\u00e1 a amplia\u00e7\u00e3o da categoria vegetariana, para Sa\u00fade e Bem-estar, que estende as op\u00e7\u00f5es de prepara\u00e7\u00f5es para intolerantes a lactose e para o p\u00fablico que busca por op\u00e7\u00f5es light e diet.<\/p>\n\n\n\n<p class=\"wp-block-paragraph\">E, por fim, o aumento no valor das premia\u00e7\u00f5es, passando de R$ 72 mil para R$ 114 mil. Agora ser\u00e3o R$ 10 mil para os primeiros lugares, R$ 6 mil para os segundos lugares, e R$ 3 mil para os terceiros, em cada categoria.<\/p>\n\n\n\n<p class=\"wp-block-paragraph\">Para mais informa\u00e7\u00f5es o edital completo pode ser consultado&nbsp;<a href=\"https:\/\/www.palmas.to.gov.br\/media\/orgao\/documentos\/HOMOLOGACAO_DO_RESULTADO_DA_ETAPA_DE_DEGUSTACAO_17_FESTIVAL_FGT.pdf\" target=\"_blank\" rel=\"noreferrer noopener\">aqui<\/a>.<\/p>\n","protected":false},"excerpt":{"rendered":"<p>Da Prefeitura de Palmas A Prefeitura Municipal de Palmas, por meio da Ag\u00eancia Municipal de Turismo (Agtur), divulgou na noite dessa sexta-feira, 4, no\u00a0Di\u00e1rio Oficial do Munic\u00edpio, os pratos aprovados na na Etapa Avalia\u00e7\u00e3o da Degusta\u00e7\u00e3o do Concurso do 17\u00ba Festival Gastron\u00f4mico de Taquaru\u00e7u (FGT), que acontecer\u00e1 entre os dias 6 a 10 de setembro, [&hellip;]<\/p>\n","protected":false},"author":13,"featured_media":0,"comment_status":"open","ping_status":"open","sticky":false,"template":"","format":"standard","meta":{"_acf_changed":false,"footnotes":""},"categories":[22,21],"tags":[],"class_list":["post-73273","post","type-post","status-publish","format-standard","hentry","category-cidades","category-todas-noticias"],"acf":[],"yoast_head":"<!-- This site is optimized with the Yoast SEO plugin v24.4 - https:\/\/yoast.com\/wordpress\/plugins\/seo\/ -->\n<title>Agtur divulga lista dos classificados para 17\u00ba Festival Gastron\u00f4mico de Taquaru\u00e7u - PORTAL DE NOT\u00cdCIAS CLEITON PINHEIRO<\/title>\n<meta name=\"robots\" content=\"index, follow, max-snippet:-1, max-image-preview:large, max-video-preview:-1\" \/>\n<link rel=\"canonical\" href=\"https:\/\/cleitonpinheiro.com.br\/site\/agtur-divulga-lista-dos-classificados-para-17o-festival-gastronomico-de-taquarucu\/\" \/>\n<meta property=\"og:locale\" content=\"pt_BR\" \/>\n<meta property=\"og:type\" content=\"article\" \/>\n<meta property=\"og:title\" content=\"Agtur divulga lista dos classificados para 17\u00ba Festival Gastron\u00f4mico de Taquaru\u00e7u - PORTAL DE NOT\u00cdCIAS CLEITON PINHEIRO\" \/>\n<meta property=\"og:description\" content=\"Da Prefeitura de Palmas A Prefeitura Municipal de Palmas, por meio da Ag\u00eancia Municipal de Turismo (Agtur), divulgou na noite dessa sexta-feira, 4, no\u00a0Di\u00e1rio Oficial do Munic\u00edpio, os pratos aprovados na na Etapa Avalia\u00e7\u00e3o da Degusta\u00e7\u00e3o do Concurso do 17\u00ba Festival Gastron\u00f4mico de Taquaru\u00e7u (FGT), que acontecer\u00e1 entre os dias 6 a 10 de setembro, [&hellip;]\" \/>\n<meta property=\"og:url\" content=\"https:\/\/cleitonpinheiro.com.br\/site\/agtur-divulga-lista-dos-classificados-para-17o-festival-gastronomico-de-taquarucu\/\" \/>\n<meta property=\"og:site_name\" content=\"PORTAL DE NOT\u00cdCIAS CLEITON PINHEIRO\" \/>\n<meta property=\"article:publisher\" content=\"https:\/\/www.facebook.com\/portalcpnoticias\/\" \/>\n<meta property=\"article:published_time\" content=\"2023-08-07T14:39:32+00:00\" \/>\n<meta property=\"article:modified_time\" content=\"2023-12-27T14:47:44+00:00\" \/>\n<meta property=\"og:image\" content=\"https:\/\/cleitonpinheiro.com.br\/site\/wp-content\/uploads\/2023\/08\/b69ace83-f1b9-4e4a-9374-2abb6627f862.jpg\" \/>\n\t<meta property=\"og:image:width\" content=\"2957\" \/>\n\t<meta property=\"og:image:height\" content=\"1971\" \/>\n\t<meta property=\"og:image:type\" content=\"image\/jpeg\" \/>\n<meta name=\"author\" content=\"Reda\u00e7\u00e3o CP\" \/>\n<meta name=\"twitter:card\" content=\"summary_large_image\" \/>\n<meta name=\"twitter:label1\" content=\"Escrito por\" \/>\n\t<meta name=\"twitter:data1\" content=\"Reda\u00e7\u00e3o CP\" \/>\n\t<meta name=\"twitter:label2\" content=\"Est. tempo de leitura\" \/>\n\t<meta name=\"twitter:data2\" content=\"4 minutos\" \/>\n<script type=\"application\/ld+json\" class=\"yoast-schema-graph\">{\"@context\":\"https:\/\/schema.org\",\"@graph\":[{\"@type\":\"Article\",\"@id\":\"https:\/\/cleitonpinheiro.com.br\/site\/agtur-divulga-lista-dos-classificados-para-17o-festival-gastronomico-de-taquarucu\/#article\",\"isPartOf\":{\"@id\":\"https:\/\/cleitonpinheiro.com.br\/site\/agtur-divulga-lista-dos-classificados-para-17o-festival-gastronomico-de-taquarucu\/\"},\"author\":{\"name\":\"Reda\u00e7\u00e3o CP\",\"@id\":\"https:\/\/cleitonpinheiro.com.br\/site\/#\/schema\/person\/8f04544e0bc40a1b68775b08360f87db\"},\"headline\":\"Agtur divulga lista dos classificados para 17\u00ba Festival Gastron\u00f4mico de Taquaru\u00e7u\",\"datePublished\":\"2023-08-07T14:39:32+00:00\",\"dateModified\":\"2023-12-27T14:47:44+00:00\",\"mainEntityOfPage\":{\"@id\":\"https:\/\/cleitonpinheiro.com.br\/site\/agtur-divulga-lista-dos-classificados-para-17o-festival-gastronomico-de-taquarucu\/\"},\"wordCount\":608,\"commentCount\":0,\"publisher\":{\"@id\":\"https:\/\/cleitonpinheiro.com.br\/site\/#organization\"},\"image\":{\"@id\":\"https:\/\/cleitonpinheiro.com.br\/site\/agtur-divulga-lista-dos-classificados-para-17o-festival-gastronomico-de-taquarucu\/#primaryimage\"},\"thumbnailUrl\":\"https:\/\/cleitonpinheiro.com.br\/site\/wp-content\/uploads\/2023\/08\/b69ace83-f1b9-4e4a-9374-2abb6627f862.jpg\",\"articleSection\":[\"CIDADES\",\"TODAS NOTICIAS\"],\"inLanguage\":\"pt-BR\",\"potentialAction\":[{\"@type\":\"CommentAction\",\"name\":\"Comment\",\"target\":[\"https:\/\/cleitonpinheiro.com.br\/site\/agtur-divulga-lista-dos-classificados-para-17o-festival-gastronomico-de-taquarucu\/#respond\"]}]},{\"@type\":\"WebPage\",\"@id\":\"https:\/\/cleitonpinheiro.com.br\/site\/agtur-divulga-lista-dos-classificados-para-17o-festival-gastronomico-de-taquarucu\/\",\"url\":\"https:\/\/cleitonpinheiro.com.br\/site\/agtur-divulga-lista-dos-classificados-para-17o-festival-gastronomico-de-taquarucu\/\",\"name\":\"Agtur divulga lista dos classificados para 17\u00ba Festival Gastron\u00f4mico de Taquaru\u00e7u - PORTAL DE NOT\u00cdCIAS CLEITON PINHEIRO\",\"isPartOf\":{\"@id\":\"https:\/\/cleitonpinheiro.com.br\/site\/#website\"},\"primaryImageOfPage\":{\"@id\":\"https:\/\/cleitonpinheiro.com.br\/site\/agtur-divulga-lista-dos-classificados-para-17o-festival-gastronomico-de-taquarucu\/#primaryimage\"},\"image\":{\"@id\":\"https:\/\/cleitonpinheiro.com.br\/site\/agtur-divulga-lista-dos-classificados-para-17o-festival-gastronomico-de-taquarucu\/#primaryimage\"},\"thumbnailUrl\":\"https:\/\/cleitonpinheiro.com.br\/site\/wp-content\/uploads\/2023\/08\/b69ace83-f1b9-4e4a-9374-2abb6627f862.jpg\",\"datePublished\":\"2023-08-07T14:39:32+00:00\",\"dateModified\":\"2023-12-27T14:47:44+00:00\",\"breadcrumb\":{\"@id\":\"https:\/\/cleitonpinheiro.com.br\/site\/agtur-divulga-lista-dos-classificados-para-17o-festival-gastronomico-de-taquarucu\/#breadcrumb\"},\"inLanguage\":\"pt-BR\",\"potentialAction\":[{\"@type\":\"ReadAction\",\"target\":[\"https:\/\/cleitonpinheiro.com.br\/site\/agtur-divulga-lista-dos-classificados-para-17o-festival-gastronomico-de-taquarucu\/\"]}]},{\"@type\":\"ImageObject\",\"inLanguage\":\"pt-BR\",\"@id\":\"https:\/\/cleitonpinheiro.com.br\/site\/agtur-divulga-lista-dos-classificados-para-17o-festival-gastronomico-de-taquarucu\/#primaryimage\",\"url\":\"\",\"contentUrl\":\"\"},{\"@type\":\"BreadcrumbList\",\"@id\":\"https:\/\/cleitonpinheiro.com.br\/site\/agtur-divulga-lista-dos-classificados-para-17o-festival-gastronomico-de-taquarucu\/#breadcrumb\",\"itemListElement\":[{\"@type\":\"ListItem\",\"position\":1,\"name\":\"In\u00edcio\",\"item\":\"https:\/\/cleitonpinheiro.com.br\/site\/\"},{\"@type\":\"ListItem\",\"position\":2,\"name\":\"Agtur divulga lista dos classificados para 17\u00ba Festival Gastron\u00f4mico de Taquaru\u00e7u\"}]},{\"@type\":\"WebSite\",\"@id\":\"https:\/\/cleitonpinheiro.com.br\/site\/#website\",\"url\":\"https:\/\/cleitonpinheiro.com.br\/site\/\",\"name\":\"PORTAL DE NOT\u00cdCIAS CLEITON PINHEIRO\",\"description\":\"FALANDO A VERDADE\",\"publisher\":{\"@id\":\"https:\/\/cleitonpinheiro.com.br\/site\/#organization\"},\"potentialAction\":[{\"@type\":\"SearchAction\",\"target\":{\"@type\":\"EntryPoint\",\"urlTemplate\":\"https:\/\/cleitonpinheiro.com.br\/site\/?s={search_term_string}\"},\"query-input\":{\"@type\":\"PropertyValueSpecification\",\"valueRequired\":true,\"valueName\":\"search_term_string\"}}],\"inLanguage\":\"pt-BR\"},{\"@type\":\"Organization\",\"@id\":\"https:\/\/cleitonpinheiro.com.br\/site\/#organization\",\"name\":\"CPNOT\u00cdCIAS\",\"url\":\"https:\/\/cleitonpinheiro.com.br\/site\/\",\"logo\":{\"@type\":\"ImageObject\",\"inLanguage\":\"pt-BR\",\"@id\":\"https:\/\/cleitonpinheiro.com.br\/site\/#\/schema\/logo\/image\/\",\"url\":\"https:\/\/cleitonpinheiro.com.br\/site\/wp-content\/uploads\/2022\/08\/Logo-pequena-2.png\",\"contentUrl\":\"https:\/\/cleitonpinheiro.com.br\/site\/wp-content\/uploads\/2022\/08\/Logo-pequena-2.png\",\"width\":500,\"height\":500,\"caption\":\"CPNOT\u00cdCIAS\"},\"image\":{\"@id\":\"https:\/\/cleitonpinheiro.com.br\/site\/#\/schema\/logo\/image\/\"},\"sameAs\":[\"https:\/\/www.facebook.com\/portalcpnoticias\/\"]},{\"@type\":\"Person\",\"@id\":\"https:\/\/cleitonpinheiro.com.br\/site\/#\/schema\/person\/8f04544e0bc40a1b68775b08360f87db\",\"name\":\"Reda\u00e7\u00e3o CP\",\"image\":{\"@type\":\"ImageObject\",\"inLanguage\":\"pt-BR\",\"@id\":\"https:\/\/cleitonpinheiro.com.br\/site\/#\/schema\/person\/image\/\",\"url\":\"https:\/\/secure.gravatar.com\/avatar\/0bcf19cb29fdc8fc588c490c7ae1b3e174dac268586a63fbe1d1893a0f9020cd?s=96&r=g\",\"contentUrl\":\"https:\/\/secure.gravatar.com\/avatar\/0bcf19cb29fdc8fc588c490c7ae1b3e174dac268586a63fbe1d1893a0f9020cd?s=96&r=g\",\"caption\":\"Reda\u00e7\u00e3o CP\"},\"url\":\"https:\/\/cleitonpinheiro.com.br\/site\/author\/redacao\/\"}]}<\/script>\n<!-- \/ Yoast SEO plugin. -->","yoast_head_json":{"title":"Agtur divulga lista dos classificados para 17\u00ba Festival Gastron\u00f4mico de Taquaru\u00e7u - PORTAL DE NOT\u00cdCIAS CLEITON PINHEIRO","robots":{"index":"index","follow":"follow","max-snippet":"max-snippet:-1","max-image-preview":"max-image-preview:large","max-video-preview":"max-video-preview:-1"},"canonical":"https:\/\/cleitonpinheiro.com.br\/site\/agtur-divulga-lista-dos-classificados-para-17o-festival-gastronomico-de-taquarucu\/","og_locale":"pt_BR","og_type":"article","og_title":"Agtur divulga lista dos classificados para 17\u00ba Festival Gastron\u00f4mico de Taquaru\u00e7u - PORTAL DE NOT\u00cdCIAS CLEITON PINHEIRO","og_description":"Da Prefeitura de Palmas A Prefeitura Municipal de Palmas, por meio da Ag\u00eancia Municipal de Turismo (Agtur), divulgou na noite dessa sexta-feira, 4, no\u00a0Di\u00e1rio Oficial do Munic\u00edpio, os pratos aprovados na na Etapa Avalia\u00e7\u00e3o da Degusta\u00e7\u00e3o do Concurso do 17\u00ba Festival Gastron\u00f4mico de Taquaru\u00e7u (FGT), que acontecer\u00e1 entre os dias 6 a 10 de setembro, [&hellip;]","og_url":"https:\/\/cleitonpinheiro.com.br\/site\/agtur-divulga-lista-dos-classificados-para-17o-festival-gastronomico-de-taquarucu\/","og_site_name":"PORTAL DE NOT\u00cdCIAS CLEITON PINHEIRO","article_publisher":"https:\/\/www.facebook.com\/portalcpnoticias\/","article_published_time":"2023-08-07T14:39:32+00:00","article_modified_time":"2023-12-27T14:47:44+00:00","og_image":[{"width":2957,"height":1971,"url":"https:\/\/cleitonpinheiro.com.br\/site\/wp-content\/uploads\/2023\/08\/b69ace83-f1b9-4e4a-9374-2abb6627f862.jpg","type":"image\/jpeg"}],"author":"Reda\u00e7\u00e3o CP","twitter_card":"summary_large_image","twitter_misc":{"Escrito por":"Reda\u00e7\u00e3o CP","Est. tempo de leitura":"4 minutos"},"schema":{"@context":"https:\/\/schema.org","@graph":[{"@type":"Article","@id":"https:\/\/cleitonpinheiro.com.br\/site\/agtur-divulga-lista-dos-classificados-para-17o-festival-gastronomico-de-taquarucu\/#article","isPartOf":{"@id":"https:\/\/cleitonpinheiro.com.br\/site\/agtur-divulga-lista-dos-classificados-para-17o-festival-gastronomico-de-taquarucu\/"},"author":{"name":"Reda\u00e7\u00e3o CP","@id":"https:\/\/cleitonpinheiro.com.br\/site\/#\/schema\/person\/8f04544e0bc40a1b68775b08360f87db"},"headline":"Agtur divulga lista dos classificados para 17\u00ba Festival Gastron\u00f4mico de Taquaru\u00e7u","datePublished":"2023-08-07T14:39:32+00:00","dateModified":"2023-12-27T14:47:44+00:00","mainEntityOfPage":{"@id":"https:\/\/cleitonpinheiro.com.br\/site\/agtur-divulga-lista-dos-classificados-para-17o-festival-gastronomico-de-taquarucu\/"},"wordCount":608,"commentCount":0,"publisher":{"@id":"https:\/\/cleitonpinheiro.com.br\/site\/#organization"},"image":{"@id":"https:\/\/cleitonpinheiro.com.br\/site\/agtur-divulga-lista-dos-classificados-para-17o-festival-gastronomico-de-taquarucu\/#primaryimage"},"thumbnailUrl":"https:\/\/cleitonpinheiro.com.br\/site\/wp-content\/uploads\/2023\/08\/b69ace83-f1b9-4e4a-9374-2abb6627f862.jpg","articleSection":["CIDADES","TODAS NOTICIAS"],"inLanguage":"pt-BR","potentialAction":[{"@type":"CommentAction","name":"Comment","target":["https:\/\/cleitonpinheiro.com.br\/site\/agtur-divulga-lista-dos-classificados-para-17o-festival-gastronomico-de-taquarucu\/#respond"]}]},{"@type":"WebPage","@id":"https:\/\/cleitonpinheiro.com.br\/site\/agtur-divulga-lista-dos-classificados-para-17o-festival-gastronomico-de-taquarucu\/","url":"https:\/\/cleitonpinheiro.com.br\/site\/agtur-divulga-lista-dos-classificados-para-17o-festival-gastronomico-de-taquarucu\/","name":"Agtur divulga lista dos classificados para 17\u00ba Festival Gastron\u00f4mico de Taquaru\u00e7u - PORTAL DE NOT\u00cdCIAS CLEITON PINHEIRO","isPartOf":{"@id":"https:\/\/cleitonpinheiro.com.br\/site\/#website"},"primaryImageOfPage":{"@id":"https:\/\/cleitonpinheiro.com.br\/site\/agtur-divulga-lista-dos-classificados-para-17o-festival-gastronomico-de-taquarucu\/#primaryimage"},"image":{"@id":"https:\/\/cleitonpinheiro.com.br\/site\/agtur-divulga-lista-dos-classificados-para-17o-festival-gastronomico-de-taquarucu\/#primaryimage"},"thumbnailUrl":"https:\/\/cleitonpinheiro.com.br\/site\/wp-content\/uploads\/2023\/08\/b69ace83-f1b9-4e4a-9374-2abb6627f862.jpg","datePublished":"2023-08-07T14:39:32+00:00","dateModified":"2023-12-27T14:47:44+00:00","breadcrumb":{"@id":"https:\/\/cleitonpinheiro.com.br\/site\/agtur-divulga-lista-dos-classificados-para-17o-festival-gastronomico-de-taquarucu\/#breadcrumb"},"inLanguage":"pt-BR","potentialAction":[{"@type":"ReadAction","target":["https:\/\/cleitonpinheiro.com.br\/site\/agtur-divulga-lista-dos-classificados-para-17o-festival-gastronomico-de-taquarucu\/"]}]},{"@type":"ImageObject","inLanguage":"pt-BR","@id":"https:\/\/cleitonpinheiro.com.br\/site\/agtur-divulga-lista-dos-classificados-para-17o-festival-gastronomico-de-taquarucu\/#primaryimage","url":"","contentUrl":""},{"@type":"BreadcrumbList","@id":"https:\/\/cleitonpinheiro.com.br\/site\/agtur-divulga-lista-dos-classificados-para-17o-festival-gastronomico-de-taquarucu\/#breadcrumb","itemListElement":[{"@type":"ListItem","position":1,"name":"In\u00edcio","item":"https:\/\/cleitonpinheiro.com.br\/site\/"},{"@type":"ListItem","position":2,"name":"Agtur divulga lista dos classificados para 17\u00ba Festival Gastron\u00f4mico de Taquaru\u00e7u"}]},{"@type":"WebSite","@id":"https:\/\/cleitonpinheiro.com.br\/site\/#website","url":"https:\/\/cleitonpinheiro.com.br\/site\/","name":"PORTAL DE NOT\u00cdCIAS CLEITON PINHEIRO","description":"FALANDO A VERDADE","publisher":{"@id":"https:\/\/cleitonpinheiro.com.br\/site\/#organization"},"potentialAction":[{"@type":"SearchAction","target":{"@type":"EntryPoint","urlTemplate":"https:\/\/cleitonpinheiro.com.br\/site\/?s={search_term_string}"},"query-input":{"@type":"PropertyValueSpecification","valueRequired":true,"valueName":"search_term_string"}}],"inLanguage":"pt-BR"},{"@type":"Organization","@id":"https:\/\/cleitonpinheiro.com.br\/site\/#organization","name":"CPNOT\u00cdCIAS","url":"https:\/\/cleitonpinheiro.com.br\/site\/","logo":{"@type":"ImageObject","inLanguage":"pt-BR","@id":"https:\/\/cleitonpinheiro.com.br\/site\/#\/schema\/logo\/image\/","url":"https:\/\/cleitonpinheiro.com.br\/site\/wp-content\/uploads\/2022\/08\/Logo-pequena-2.png","contentUrl":"https:\/\/cleitonpinheiro.com.br\/site\/wp-content\/uploads\/2022\/08\/Logo-pequena-2.png","width":500,"height":500,"caption":"CPNOT\u00cdCIAS"},"image":{"@id":"https:\/\/cleitonpinheiro.com.br\/site\/#\/schema\/logo\/image\/"},"sameAs":["https:\/\/www.facebook.com\/portalcpnoticias\/"]},{"@type":"Person","@id":"https:\/\/cleitonpinheiro.com.br\/site\/#\/schema\/person\/8f04544e0bc40a1b68775b08360f87db","name":"Reda\u00e7\u00e3o CP","image":{"@type":"ImageObject","inLanguage":"pt-BR","@id":"https:\/\/cleitonpinheiro.com.br\/site\/#\/schema\/person\/image\/","url":"https:\/\/secure.gravatar.com\/avatar\/0bcf19cb29fdc8fc588c490c7ae1b3e174dac268586a63fbe1d1893a0f9020cd?s=96&r=g","contentUrl":"https:\/\/secure.gravatar.com\/avatar\/0bcf19cb29fdc8fc588c490c7ae1b3e174dac268586a63fbe1d1893a0f9020cd?s=96&r=g","caption":"Reda\u00e7\u00e3o CP"},"url":"https:\/\/cleitonpinheiro.com.br\/site\/author\/redacao\/"}]}},"views":116,"_links":{"self":[{"href":"https:\/\/cleitonpinheiro.com.br\/site\/wp-json\/wp\/v2\/posts\/73273","targetHints":{"allow":["GET"]}}],"collection":[{"href":"https:\/\/cleitonpinheiro.com.br\/site\/wp-json\/wp\/v2\/posts"}],"about":[{"href":"https:\/\/cleitonpinheiro.com.br\/site\/wp-json\/wp\/v2\/types\/post"}],"author":[{"embeddable":true,"href":"https:\/\/cleitonpinheiro.com.br\/site\/wp-json\/wp\/v2\/users\/13"}],"replies":[{"embeddable":true,"href":"https:\/\/cleitonpinheiro.com.br\/site\/wp-json\/wp\/v2\/comments?post=73273"}],"version-history":[{"count":2,"href":"https:\/\/cleitonpinheiro.com.br\/site\/wp-json\/wp\/v2\/posts\/73273\/revisions"}],"predecessor-version":[{"id":73276,"href":"https:\/\/cleitonpinheiro.com.br\/site\/wp-json\/wp\/v2\/posts\/73273\/revisions\/73276"}],"wp:attachment":[{"href":"https:\/\/cleitonpinheiro.com.br\/site\/wp-json\/wp\/v2\/media?parent=73273"}],"wp:term":[{"taxonomy":"category","embeddable":true,"href":"https:\/\/cleitonpinheiro.com.br\/site\/wp-json\/wp\/v2\/categories?post=73273"},{"taxonomy":"post_tag","embeddable":true,"href":"https:\/\/cleitonpinheiro.com.br\/site\/wp-json\/wp\/v2\/tags?post=73273"}],"curies":[{"name":"wp","href":"https:\/\/api.w.org\/{rel}","templated":true}]}}