{"id":73278,"date":"2023-08-07T11:51:00","date_gmt":"2023-08-07T14:51:00","guid":{"rendered":"https:\/\/cleitonpinheiro.com.br\/site\/?p=73278"},"modified":"2023-08-07T11:51:05","modified_gmt":"2023-08-07T14:51:05","slug":"previncendio-realiza-sensibilizacao-sobre-queimadas","status":"publish","type":"post","link":"https:\/\/cleitonpinheiro.com.br\/site\/previncendio-realiza-sensibilizacao-sobre-queimadas\/","title":{"rendered":"PrevInc\u00eandio realiza sensibiliza\u00e7\u00e3o sobre queimadas"},"content":{"rendered":"\n<figure class=\"wp-block-image size-full\"><img decoding=\"async\" src=\"https:\/\/cleitonpinheiro.com.br\/site\/wp-content\/uploads\/2023\/08\/704af7c7-d9f0-4a85-8294-db7baa134549.jpg\" alt=\"\" class=\"wp-image-73279\"\/><figcaption class=\"wp-element-caption\">Valdirene recebe informa\u00e7\u00f5es sobre t\u00e9cnicas de preven\u00e7\u00e3o \u00e0s queimadas &#8211; Foto: Juliana Carneiro\/Prefeitura de Palmas<\/figcaption><\/figure>\n\n\n\n<p class=\"wp-block-paragraph\"><strong>Da Prefeitura de Palmas<\/strong><\/p>\n\n\n\n<p class=\"wp-block-paragraph\">Sensibilizar a popula\u00e7\u00e3o rural da regi\u00e3o do Taquaru\u00e7u Grande e captar aliados para o enfrentamento \u00e0s queimadas foi a atividade do Comit\u00ea Municipal de Preven\u00e7\u00e3o, Controle e Combate aos Inc\u00eandios Florestais e Urbanos (PrevInc\u00eandio) realizada na manh\u00e3 deste s\u00e1bado, 5.<\/p>\n\n\n\n<p class=\"wp-block-paragraph\">A a\u00e7\u00e3o, denominada Dia &#8216;D&#8217; de Sensibiliza\u00e7\u00e3o e Preven\u00e7\u00e3o \u00e0s Queimadas, reuniu membros do Comit\u00ea, representantes da Funda\u00e7\u00e3o Municipal de Meio Ambiente (FMA), Defesa Civil de Palmas, Brigadistas do Munic\u00edpio, Guarda Metropolitana de Palmas (GMP), Secretaria Municipal de Sa\u00fade (Semus), Secretaria Municipal de Infraestrutura e Servi\u00e7os P\u00fablicos (Seisp), da Pol\u00edcia Militar do Tocantins (PMTO), Energisa, Ibama, Instituto Natureza do Tocantins (Naturatins) e Associa\u00e7\u00e3o \u00c1gua Doce.<\/p>\n\n\n\n<p class=\"wp-block-paragraph\">Foram divididos dez grupos, cada um percorrendo uma rota e levando informa\u00e7\u00f5es sobre formas de prevenir inc\u00eandios decorrentes de queimadas, alternativas para descarte de lixo e reaproveitamento de materiais org\u00e2nicos para compostagem.&nbsp;<\/p>\n\n\n\n<p class=\"wp-block-paragraph\">Tamb\u00e9m foram repassadas informa\u00e7\u00f5es sobre a portaria do Naturatins que suspendeu todas as autoriza\u00e7\u00f5es de queimadas controladas, no per\u00edodo de 20 de julho a 30 de outubro.<\/p>\n\n\n\n<p class=\"wp-block-paragraph\">Na sa\u00edda para as rotas, a presidente do Previnc\u00eandio e da FMA, Meire Carreira, ressaltou a import\u00e2ncia da a\u00e7\u00e3o, que tem como principal objetivo conquistar a ades\u00e3o da comunidade para o combate e preven\u00e7\u00e3o de queimadas. \u201c\u00c9 um trabalho grandioso, que requer o envolvimento de todos\u201d, destacou Meire.<\/p>\n\n\n\n<p class=\"wp-block-paragraph\">J\u00e1 o superintendente da Defesa Civil de Palmas, Bruno Maciel Grama, fez quest\u00e3o de ressaltar que as abordagens nas comunidades t\u00eam car\u00e1ter preventivo, sem dar margens a interpreta\u00e7\u00e3o sobre puni\u00e7\u00f5es. \u201cPrecisamos deixar claro que nossa inten\u00e7\u00e3o \u00e9 informar sobre os riscos do fogo e assim conquistar ades\u00f5es\u201d defendeu.<\/p>\n\n\n\n<p class=\"wp-block-paragraph\">Em uma das rotas quem recebeu a visita do Previnc\u00eandio foi o chacareiro Waldineis Ferreira de Miranda, propriet\u00e1rio da Ch\u00e1cara Irec\u00ea. Ele recebeu com entusiasmo os representantes do Comit\u00ea e disse, que h\u00e1 muitos anos sua propriedade n\u00e3o \u00e9 atingida por queimadas. Ele contou ainda que procura se cercar de prote\u00e7\u00e3o contra queimadas, usando aceiros e outras pr\u00e1ticas.<\/p>\n\n\n\n<p class=\"wp-block-paragraph\">Quem tamb\u00e9m disse usar aceiros para proteger a propriedade foi a chacareira Valdirene Oliveira. J\u00e1 sobre o lixo ela explicou que parte descarta nos cont\u00eaineres da coleta municipal e outra queima em valas.<\/p>\n\n\n\n<p class=\"wp-block-paragraph\">O engenheiro ambiental Wanderson Lopes explicou que durante esse per\u00edodo mais quente e seco o correto \u00e9 n\u00e3o utilizar a queima de materiais de nenhuma forma. Ele ainda falou sobre as t\u00e9cnicas de reaproveitamento e compostagem, resultando na produ\u00e7\u00e3o de adubo org\u00e2nico, que podem ser utilizados para melhorar a produ\u00e7\u00e3o de hortali\u00e7as e outros plantios.<\/p>\n\n\n\n<p class=\"wp-block-paragraph\">No pr\u00f3ximo s\u00e1bado, 12, um novo dia de sensibiliza\u00e7\u00e3o ser\u00e1 realizado pelo Comit\u00ea PrevInc\u00eandios, ocasi\u00e3o em que ser\u00e1 contemplada a popula\u00e7\u00e3o do Distrito de Taquaru\u00e7u.<\/p>\n","protected":false},"excerpt":{"rendered":"<p>Da Prefeitura de Palmas Sensibilizar a popula\u00e7\u00e3o rural da regi\u00e3o do Taquaru\u00e7u Grande e captar aliados para o enfrentamento \u00e0s queimadas foi a atividade do Comit\u00ea Municipal de Preven\u00e7\u00e3o, Controle e Combate aos Inc\u00eandios Florestais e Urbanos (PrevInc\u00eandio) realizada na manh\u00e3 deste s\u00e1bado, 5. A a\u00e7\u00e3o, denominada Dia &#8216;D&#8217; de Sensibiliza\u00e7\u00e3o e Preven\u00e7\u00e3o \u00e0s Queimadas, [&hellip;]<\/p>\n","protected":false},"author":13,"featured_media":0,"comment_status":"open","ping_status":"open","sticky":false,"template":"","format":"standard","meta":{"_acf_changed":false,"footnotes":""},"categories":[22,898],"tags":[],"class_list":["post-73278","post","type-post","status-publish","format-standard","hentry","category-cidades","category-manchete-segundaria"],"acf":[],"yoast_head":"<!-- This site is optimized with the Yoast SEO plugin v24.4 - https:\/\/yoast.com\/wordpress\/plugins\/seo\/ -->\n<title>PrevInc\u00eandio realiza sensibiliza\u00e7\u00e3o sobre queimadas - PORTAL DE NOT\u00cdCIAS CLEITON PINHEIRO<\/title>\n<meta name=\"robots\" content=\"index, follow, max-snippet:-1, max-image-preview:large, max-video-preview:-1\" \/>\n<link rel=\"canonical\" href=\"https:\/\/cleitonpinheiro.com.br\/site\/previncendio-realiza-sensibilizacao-sobre-queimadas\/\" \/>\n<meta property=\"og:locale\" content=\"pt_BR\" \/>\n<meta property=\"og:type\" content=\"article\" \/>\n<meta property=\"og:title\" content=\"PrevInc\u00eandio realiza sensibiliza\u00e7\u00e3o sobre queimadas - PORTAL DE NOT\u00cdCIAS CLEITON PINHEIRO\" \/>\n<meta property=\"og:description\" content=\"Da Prefeitura de Palmas Sensibilizar a popula\u00e7\u00e3o rural da regi\u00e3o do Taquaru\u00e7u Grande e captar aliados para o enfrentamento \u00e0s queimadas foi a atividade do Comit\u00ea Municipal de Preven\u00e7\u00e3o, Controle e Combate aos Inc\u00eandios Florestais e Urbanos (PrevInc\u00eandio) realizada na manh\u00e3 deste s\u00e1bado, 5. A a\u00e7\u00e3o, denominada Dia &#8216;D&#8217; de Sensibiliza\u00e7\u00e3o e Preven\u00e7\u00e3o \u00e0s Queimadas, [&hellip;]\" \/>\n<meta property=\"og:url\" content=\"https:\/\/cleitonpinheiro.com.br\/site\/previncendio-realiza-sensibilizacao-sobre-queimadas\/\" \/>\n<meta property=\"og:site_name\" content=\"PORTAL DE NOT\u00cdCIAS CLEITON PINHEIRO\" \/>\n<meta property=\"article:publisher\" content=\"https:\/\/www.facebook.com\/portalcpnoticias\/\" \/>\n<meta property=\"article:published_time\" content=\"2023-08-07T14:51:00+00:00\" \/>\n<meta property=\"article:modified_time\" content=\"2023-08-07T14:51:05+00:00\" \/>\n<meta property=\"og:image\" content=\"https:\/\/cleitonpinheiro.com.br\/site\/wp-content\/uploads\/2023\/08\/704af7c7-d9f0-4a85-8294-db7baa134549.jpg\" \/>\n\t<meta property=\"og:image:width\" content=\"800\" \/>\n\t<meta property=\"og:image:height\" content=\"533\" \/>\n\t<meta property=\"og:image:type\" content=\"image\/jpeg\" \/>\n<meta name=\"author\" content=\"Reda\u00e7\u00e3o CP\" \/>\n<meta name=\"twitter:card\" content=\"summary_large_image\" \/>\n<meta name=\"twitter:label1\" content=\"Escrito por\" \/>\n\t<meta name=\"twitter:data1\" content=\"Reda\u00e7\u00e3o CP\" \/>\n\t<meta name=\"twitter:label2\" content=\"Est. tempo de leitura\" \/>\n\t<meta name=\"twitter:data2\" content=\"3 minutos\" \/>\n<script type=\"application\/ld+json\" class=\"yoast-schema-graph\">{\"@context\":\"https:\/\/schema.org\",\"@graph\":[{\"@type\":\"Article\",\"@id\":\"https:\/\/cleitonpinheiro.com.br\/site\/previncendio-realiza-sensibilizacao-sobre-queimadas\/#article\",\"isPartOf\":{\"@id\":\"https:\/\/cleitonpinheiro.com.br\/site\/previncendio-realiza-sensibilizacao-sobre-queimadas\/\"},\"author\":{\"name\":\"Reda\u00e7\u00e3o CP\",\"@id\":\"https:\/\/cleitonpinheiro.com.br\/site\/#\/schema\/person\/8f04544e0bc40a1b68775b08360f87db\"},\"headline\":\"PrevInc\u00eandio realiza sensibiliza\u00e7\u00e3o sobre queimadas\",\"datePublished\":\"2023-08-07T14:51:00+00:00\",\"dateModified\":\"2023-08-07T14:51:05+00:00\",\"mainEntityOfPage\":{\"@id\":\"https:\/\/cleitonpinheiro.com.br\/site\/previncendio-realiza-sensibilizacao-sobre-queimadas\/\"},\"wordCount\":513,\"commentCount\":0,\"publisher\":{\"@id\":\"https:\/\/cleitonpinheiro.com.br\/site\/#organization\"},\"image\":{\"@id\":\"https:\/\/cleitonpinheiro.com.br\/site\/previncendio-realiza-sensibilizacao-sobre-queimadas\/#primaryimage\"},\"thumbnailUrl\":\"https:\/\/cleitonpinheiro.com.br\/site\/wp-content\/uploads\/2023\/08\/704af7c7-d9f0-4a85-8294-db7baa134549.jpg\",\"articleSection\":[\"CIDADES\",\"MANCHETE SEGUND\u00c1RIA\"],\"inLanguage\":\"pt-BR\",\"potentialAction\":[{\"@type\":\"CommentAction\",\"name\":\"Comment\",\"target\":[\"https:\/\/cleitonpinheiro.com.br\/site\/previncendio-realiza-sensibilizacao-sobre-queimadas\/#respond\"]}]},{\"@type\":\"WebPage\",\"@id\":\"https:\/\/cleitonpinheiro.com.br\/site\/previncendio-realiza-sensibilizacao-sobre-queimadas\/\",\"url\":\"https:\/\/cleitonpinheiro.com.br\/site\/previncendio-realiza-sensibilizacao-sobre-queimadas\/\",\"name\":\"PrevInc\u00eandio realiza sensibiliza\u00e7\u00e3o sobre queimadas - PORTAL DE NOT\u00cdCIAS CLEITON PINHEIRO\",\"isPartOf\":{\"@id\":\"https:\/\/cleitonpinheiro.com.br\/site\/#website\"},\"primaryImageOfPage\":{\"@id\":\"https:\/\/cleitonpinheiro.com.br\/site\/previncendio-realiza-sensibilizacao-sobre-queimadas\/#primaryimage\"},\"image\":{\"@id\":\"https:\/\/cleitonpinheiro.com.br\/site\/previncendio-realiza-sensibilizacao-sobre-queimadas\/#primaryimage\"},\"thumbnailUrl\":\"https:\/\/cleitonpinheiro.com.br\/site\/wp-content\/uploads\/2023\/08\/704af7c7-d9f0-4a85-8294-db7baa134549.jpg\",\"datePublished\":\"2023-08-07T14:51:00+00:00\",\"dateModified\":\"2023-08-07T14:51:05+00:00\",\"breadcrumb\":{\"@id\":\"https:\/\/cleitonpinheiro.com.br\/site\/previncendio-realiza-sensibilizacao-sobre-queimadas\/#breadcrumb\"},\"inLanguage\":\"pt-BR\",\"potentialAction\":[{\"@type\":\"ReadAction\",\"target\":[\"https:\/\/cleitonpinheiro.com.br\/site\/previncendio-realiza-sensibilizacao-sobre-queimadas\/\"]}]},{\"@type\":\"ImageObject\",\"inLanguage\":\"pt-BR\",\"@id\":\"https:\/\/cleitonpinheiro.com.br\/site\/previncendio-realiza-sensibilizacao-sobre-queimadas\/#primaryimage\",\"url\":\"\",\"contentUrl\":\"\"},{\"@type\":\"BreadcrumbList\",\"@id\":\"https:\/\/cleitonpinheiro.com.br\/site\/previncendio-realiza-sensibilizacao-sobre-queimadas\/#breadcrumb\",\"itemListElement\":[{\"@type\":\"ListItem\",\"position\":1,\"name\":\"In\u00edcio\",\"item\":\"https:\/\/cleitonpinheiro.com.br\/site\/\"},{\"@type\":\"ListItem\",\"position\":2,\"name\":\"PrevInc\u00eandio realiza sensibiliza\u00e7\u00e3o sobre queimadas\"}]},{\"@type\":\"WebSite\",\"@id\":\"https:\/\/cleitonpinheiro.com.br\/site\/#website\",\"url\":\"https:\/\/cleitonpinheiro.com.br\/site\/\",\"name\":\"PORTAL DE NOT\u00cdCIAS CLEITON PINHEIRO\",\"description\":\"FALANDO A VERDADE\",\"publisher\":{\"@id\":\"https:\/\/cleitonpinheiro.com.br\/site\/#organization\"},\"potentialAction\":[{\"@type\":\"SearchAction\",\"target\":{\"@type\":\"EntryPoint\",\"urlTemplate\":\"https:\/\/cleitonpinheiro.com.br\/site\/?s={search_term_string}\"},\"query-input\":{\"@type\":\"PropertyValueSpecification\",\"valueRequired\":true,\"valueName\":\"search_term_string\"}}],\"inLanguage\":\"pt-BR\"},{\"@type\":\"Organization\",\"@id\":\"https:\/\/cleitonpinheiro.com.br\/site\/#organization\",\"name\":\"CPNOT\u00cdCIAS\",\"url\":\"https:\/\/cleitonpinheiro.com.br\/site\/\",\"logo\":{\"@type\":\"ImageObject\",\"inLanguage\":\"pt-BR\",\"@id\":\"https:\/\/cleitonpinheiro.com.br\/site\/#\/schema\/logo\/image\/\",\"url\":\"https:\/\/cleitonpinheiro.com.br\/site\/wp-content\/uploads\/2022\/08\/Logo-pequena-2.png\",\"contentUrl\":\"https:\/\/cleitonpinheiro.com.br\/site\/wp-content\/uploads\/2022\/08\/Logo-pequena-2.png\",\"width\":500,\"height\":500,\"caption\":\"CPNOT\u00cdCIAS\"},\"image\":{\"@id\":\"https:\/\/cleitonpinheiro.com.br\/site\/#\/schema\/logo\/image\/\"},\"sameAs\":[\"https:\/\/www.facebook.com\/portalcpnoticias\/\"]},{\"@type\":\"Person\",\"@id\":\"https:\/\/cleitonpinheiro.com.br\/site\/#\/schema\/person\/8f04544e0bc40a1b68775b08360f87db\",\"name\":\"Reda\u00e7\u00e3o CP\",\"image\":{\"@type\":\"ImageObject\",\"inLanguage\":\"pt-BR\",\"@id\":\"https:\/\/cleitonpinheiro.com.br\/site\/#\/schema\/person\/image\/\",\"url\":\"https:\/\/secure.gravatar.com\/avatar\/0bcf19cb29fdc8fc588c490c7ae1b3e174dac268586a63fbe1d1893a0f9020cd?s=96&r=g\",\"contentUrl\":\"https:\/\/secure.gravatar.com\/avatar\/0bcf19cb29fdc8fc588c490c7ae1b3e174dac268586a63fbe1d1893a0f9020cd?s=96&r=g\",\"caption\":\"Reda\u00e7\u00e3o CP\"},\"url\":\"https:\/\/cleitonpinheiro.com.br\/site\/author\/redacao\/\"}]}<\/script>\n<!-- \/ Yoast SEO plugin. -->","yoast_head_json":{"title":"PrevInc\u00eandio realiza sensibiliza\u00e7\u00e3o sobre queimadas - PORTAL DE NOT\u00cdCIAS CLEITON PINHEIRO","robots":{"index":"index","follow":"follow","max-snippet":"max-snippet:-1","max-image-preview":"max-image-preview:large","max-video-preview":"max-video-preview:-1"},"canonical":"https:\/\/cleitonpinheiro.com.br\/site\/previncendio-realiza-sensibilizacao-sobre-queimadas\/","og_locale":"pt_BR","og_type":"article","og_title":"PrevInc\u00eandio realiza sensibiliza\u00e7\u00e3o sobre queimadas - PORTAL DE NOT\u00cdCIAS CLEITON PINHEIRO","og_description":"Da Prefeitura de Palmas Sensibilizar a popula\u00e7\u00e3o rural da regi\u00e3o do Taquaru\u00e7u Grande e captar aliados para o enfrentamento \u00e0s queimadas foi a atividade do Comit\u00ea Municipal de Preven\u00e7\u00e3o, Controle e Combate aos Inc\u00eandios Florestais e Urbanos (PrevInc\u00eandio) realizada na manh\u00e3 deste s\u00e1bado, 5. A a\u00e7\u00e3o, denominada Dia &#8216;D&#8217; de Sensibiliza\u00e7\u00e3o e Preven\u00e7\u00e3o \u00e0s Queimadas, [&hellip;]","og_url":"https:\/\/cleitonpinheiro.com.br\/site\/previncendio-realiza-sensibilizacao-sobre-queimadas\/","og_site_name":"PORTAL DE NOT\u00cdCIAS CLEITON PINHEIRO","article_publisher":"https:\/\/www.facebook.com\/portalcpnoticias\/","article_published_time":"2023-08-07T14:51:00+00:00","article_modified_time":"2023-08-07T14:51:05+00:00","og_image":[{"width":800,"height":533,"url":"https:\/\/cleitonpinheiro.com.br\/site\/wp-content\/uploads\/2023\/08\/704af7c7-d9f0-4a85-8294-db7baa134549.jpg","type":"image\/jpeg"}],"author":"Reda\u00e7\u00e3o CP","twitter_card":"summary_large_image","twitter_misc":{"Escrito por":"Reda\u00e7\u00e3o CP","Est. tempo de leitura":"3 minutos"},"schema":{"@context":"https:\/\/schema.org","@graph":[{"@type":"Article","@id":"https:\/\/cleitonpinheiro.com.br\/site\/previncendio-realiza-sensibilizacao-sobre-queimadas\/#article","isPartOf":{"@id":"https:\/\/cleitonpinheiro.com.br\/site\/previncendio-realiza-sensibilizacao-sobre-queimadas\/"},"author":{"name":"Reda\u00e7\u00e3o CP","@id":"https:\/\/cleitonpinheiro.com.br\/site\/#\/schema\/person\/8f04544e0bc40a1b68775b08360f87db"},"headline":"PrevInc\u00eandio realiza sensibiliza\u00e7\u00e3o sobre queimadas","datePublished":"2023-08-07T14:51:00+00:00","dateModified":"2023-08-07T14:51:05+00:00","mainEntityOfPage":{"@id":"https:\/\/cleitonpinheiro.com.br\/site\/previncendio-realiza-sensibilizacao-sobre-queimadas\/"},"wordCount":513,"commentCount":0,"publisher":{"@id":"https:\/\/cleitonpinheiro.com.br\/site\/#organization"},"image":{"@id":"https:\/\/cleitonpinheiro.com.br\/site\/previncendio-realiza-sensibilizacao-sobre-queimadas\/#primaryimage"},"thumbnailUrl":"https:\/\/cleitonpinheiro.com.br\/site\/wp-content\/uploads\/2023\/08\/704af7c7-d9f0-4a85-8294-db7baa134549.jpg","articleSection":["CIDADES","MANCHETE SEGUND\u00c1RIA"],"inLanguage":"pt-BR","potentialAction":[{"@type":"CommentAction","name":"Comment","target":["https:\/\/cleitonpinheiro.com.br\/site\/previncendio-realiza-sensibilizacao-sobre-queimadas\/#respond"]}]},{"@type":"WebPage","@id":"https:\/\/cleitonpinheiro.com.br\/site\/previncendio-realiza-sensibilizacao-sobre-queimadas\/","url":"https:\/\/cleitonpinheiro.com.br\/site\/previncendio-realiza-sensibilizacao-sobre-queimadas\/","name":"PrevInc\u00eandio realiza sensibiliza\u00e7\u00e3o sobre queimadas - PORTAL DE NOT\u00cdCIAS CLEITON PINHEIRO","isPartOf":{"@id":"https:\/\/cleitonpinheiro.com.br\/site\/#website"},"primaryImageOfPage":{"@id":"https:\/\/cleitonpinheiro.com.br\/site\/previncendio-realiza-sensibilizacao-sobre-queimadas\/#primaryimage"},"image":{"@id":"https:\/\/cleitonpinheiro.com.br\/site\/previncendio-realiza-sensibilizacao-sobre-queimadas\/#primaryimage"},"thumbnailUrl":"https:\/\/cleitonpinheiro.com.br\/site\/wp-content\/uploads\/2023\/08\/704af7c7-d9f0-4a85-8294-db7baa134549.jpg","datePublished":"2023-08-07T14:51:00+00:00","dateModified":"2023-08-07T14:51:05+00:00","breadcrumb":{"@id":"https:\/\/cleitonpinheiro.com.br\/site\/previncendio-realiza-sensibilizacao-sobre-queimadas\/#breadcrumb"},"inLanguage":"pt-BR","potentialAction":[{"@type":"ReadAction","target":["https:\/\/cleitonpinheiro.com.br\/site\/previncendio-realiza-sensibilizacao-sobre-queimadas\/"]}]},{"@type":"ImageObject","inLanguage":"pt-BR","@id":"https:\/\/cleitonpinheiro.com.br\/site\/previncendio-realiza-sensibilizacao-sobre-queimadas\/#primaryimage","url":"","contentUrl":""},{"@type":"BreadcrumbList","@id":"https:\/\/cleitonpinheiro.com.br\/site\/previncendio-realiza-sensibilizacao-sobre-queimadas\/#breadcrumb","itemListElement":[{"@type":"ListItem","position":1,"name":"In\u00edcio","item":"https:\/\/cleitonpinheiro.com.br\/site\/"},{"@type":"ListItem","position":2,"name":"PrevInc\u00eandio realiza sensibiliza\u00e7\u00e3o sobre queimadas"}]},{"@type":"WebSite","@id":"https:\/\/cleitonpinheiro.com.br\/site\/#website","url":"https:\/\/cleitonpinheiro.com.br\/site\/","name":"PORTAL DE NOT\u00cdCIAS CLEITON PINHEIRO","description":"FALANDO A VERDADE","publisher":{"@id":"https:\/\/cleitonpinheiro.com.br\/site\/#organization"},"potentialAction":[{"@type":"SearchAction","target":{"@type":"EntryPoint","urlTemplate":"https:\/\/cleitonpinheiro.com.br\/site\/?s={search_term_string}"},"query-input":{"@type":"PropertyValueSpecification","valueRequired":true,"valueName":"search_term_string"}}],"inLanguage":"pt-BR"},{"@type":"Organization","@id":"https:\/\/cleitonpinheiro.com.br\/site\/#organization","name":"CPNOT\u00cdCIAS","url":"https:\/\/cleitonpinheiro.com.br\/site\/","logo":{"@type":"ImageObject","inLanguage":"pt-BR","@id":"https:\/\/cleitonpinheiro.com.br\/site\/#\/schema\/logo\/image\/","url":"https:\/\/cleitonpinheiro.com.br\/site\/wp-content\/uploads\/2022\/08\/Logo-pequena-2.png","contentUrl":"https:\/\/cleitonpinheiro.com.br\/site\/wp-content\/uploads\/2022\/08\/Logo-pequena-2.png","width":500,"height":500,"caption":"CPNOT\u00cdCIAS"},"image":{"@id":"https:\/\/cleitonpinheiro.com.br\/site\/#\/schema\/logo\/image\/"},"sameAs":["https:\/\/www.facebook.com\/portalcpnoticias\/"]},{"@type":"Person","@id":"https:\/\/cleitonpinheiro.com.br\/site\/#\/schema\/person\/8f04544e0bc40a1b68775b08360f87db","name":"Reda\u00e7\u00e3o CP","image":{"@type":"ImageObject","inLanguage":"pt-BR","@id":"https:\/\/cleitonpinheiro.com.br\/site\/#\/schema\/person\/image\/","url":"https:\/\/secure.gravatar.com\/avatar\/0bcf19cb29fdc8fc588c490c7ae1b3e174dac268586a63fbe1d1893a0f9020cd?s=96&r=g","contentUrl":"https:\/\/secure.gravatar.com\/avatar\/0bcf19cb29fdc8fc588c490c7ae1b3e174dac268586a63fbe1d1893a0f9020cd?s=96&r=g","caption":"Reda\u00e7\u00e3o CP"},"url":"https:\/\/cleitonpinheiro.com.br\/site\/author\/redacao\/"}]}},"views":113,"_links":{"self":[{"href":"https:\/\/cleitonpinheiro.com.br\/site\/wp-json\/wp\/v2\/posts\/73278","targetHints":{"allow":["GET"]}}],"collection":[{"href":"https:\/\/cleitonpinheiro.com.br\/site\/wp-json\/wp\/v2\/posts"}],"about":[{"href":"https:\/\/cleitonpinheiro.com.br\/site\/wp-json\/wp\/v2\/types\/post"}],"author":[{"embeddable":true,"href":"https:\/\/cleitonpinheiro.com.br\/site\/wp-json\/wp\/v2\/users\/13"}],"replies":[{"embeddable":true,"href":"https:\/\/cleitonpinheiro.com.br\/site\/wp-json\/wp\/v2\/comments?post=73278"}],"version-history":[{"count":1,"href":"https:\/\/cleitonpinheiro.com.br\/site\/wp-json\/wp\/v2\/posts\/73278\/revisions"}],"predecessor-version":[{"id":73280,"href":"https:\/\/cleitonpinheiro.com.br\/site\/wp-json\/wp\/v2\/posts\/73278\/revisions\/73280"}],"wp:attachment":[{"href":"https:\/\/cleitonpinheiro.com.br\/site\/wp-json\/wp\/v2\/media?parent=73278"}],"wp:term":[{"taxonomy":"category","embeddable":true,"href":"https:\/\/cleitonpinheiro.com.br\/site\/wp-json\/wp\/v2\/categories?post=73278"},{"taxonomy":"post_tag","embeddable":true,"href":"https:\/\/cleitonpinheiro.com.br\/site\/wp-json\/wp\/v2\/tags?post=73278"}],"curies":[{"name":"wp","href":"https:\/\/api.w.org\/{rel}","templated":true}]}}