{"id":73281,"date":"2023-08-08T08:09:55","date_gmt":"2023-08-08T11:09:55","guid":{"rendered":"https:\/\/cleitonpinheiro.com.br\/site\/?p=73281"},"modified":"2023-08-08T10:52:51","modified_gmt":"2023-08-08T13:52:51","slug":"apos-ser-alvo-da-pf-secretario-afonso-deixa-governo-do-to-e-paulo-cesar-assume-a-saude","status":"publish","type":"post","link":"https:\/\/cleitonpinheiro.com.br\/site\/apos-ser-alvo-da-pf-secretario-afonso-deixa-governo-do-to-e-paulo-cesar-assume-a-saude\/","title":{"rendered":"Ap\u00f3s ser alvo da PF, secret\u00e1rio Afonso deixa Governo do TO e Paulo C\u00e9sar assume a Sa\u00fade"},"content":{"rendered":"\n<figure class=\"wp-block-image size-full\"><img decoding=\"async\" src=\"https:\/\/cleitonpinheiro.com.br\/site\/wp-content\/uploads\/2023\/08\/afonso-piva-foto-secom.jpg\" alt=\"\" class=\"wp-image-73282\"\/><figcaption class=\"wp-element-caption\">Exonera\u00e7\u00e3o do ex-secret\u00e1rio Afonso Piva foi publicada no DOE dessa segunda-feira<\/figcaption><\/figure>\n\n\n\n<p class=\"wp-block-paragraph\">O ex-secret\u00e1rio estadual da Sa\u00fade (SES) Afonso Piva deixou o Governo do Tocantins nessa segunda-feira, 7. A sua exonera\u00e7\u00e3o foi publicada no Di\u00e1rio Oficial do Estado (DOE), que traz a designa\u00e7\u00e3o do secret\u00e1rio estadual da Administra\u00e7\u00e3o, Paulo C\u00e9sar Benfica Filho, para responder interinamente e cumulativamente pela Sa\u00fade estadual a partir desta ter\u00e7a-feira, 8.<\/p>\n\n\n\n<p class=\"wp-block-paragraph\">Afonso deixa a pasta da Sa\u00fade ap\u00f3s opera\u00e7\u00e3o da Pol\u00edcia Federal, realizada no \u00faltimo dia 3, para apurar poss\u00edveis fraude \u00e0 licita\u00e7\u00e3o, desvio de verbas p\u00fablicas, organiza\u00e7\u00e3o criminosa e lavagem de dinheiro.<\/p>\n\n\n\n<p class=\"wp-block-paragraph\"><a href=\"https:\/\/cleitonpinheiro.com.br\/site\/policia-federal-cumpre-mandados-referente-a-compra-de-sergingas-pela-saude-estadual\/\" target=\"_blank\" rel=\"noreferrer noopener\"><mark style=\"background-color:#8ed1fc\" class=\"has-inline-color\">Pol\u00edcia Federal cumpre mandados referente a compra de sergingas pela Sa\u00fade estadual<\/mark><\/a><\/p>\n\n\n\n<p class=\"wp-block-paragraph\">Em nota, o ex-secret\u00e1rio realtou obras e a\u00e7\u00f5es realizadas \u00e0 frente da SES, desde outubro de 2021, destacando ainda que os repasses financeiros aos munic\u00edpios, empresas prestadoras de servi\u00e7os e fornecedores ocorreram em dia. &#8220;Diante de tudo que fiz e constru\u00ed ao lado dos meus colegas de trabalho, deixo a gest\u00e3o da SES-TO, com a cabe\u00e7a erguida, o sentimento de dever cumprido e com o cora\u00e7\u00e3o grato, pela oportunidade que tive de ajudar as pessoas mais carentes do Estado&#8221;, diz trecho da nota.<\/p>\n","protected":false},"excerpt":{"rendered":"<p>O ex-secret\u00e1rio estadual da Sa\u00fade (SES) Afonso Piva deixou o Governo do Tocantins nessa segunda-feira, 7. A sua exonera\u00e7\u00e3o foi publicada no Di\u00e1rio Oficial do Estado (DOE), que traz a designa\u00e7\u00e3o do secret\u00e1rio estadual da Administra\u00e7\u00e3o, Paulo C\u00e9sar Benfica Filho, para responder interinamente e cumulativamente pela Sa\u00fade estadual a partir desta ter\u00e7a-feira, 8. Afonso deixa [&hellip;]<\/p>\n","protected":false},"author":13,"featured_media":0,"comment_status":"open","ping_status":"open","sticky":false,"template":"","format":"standard","meta":{"_acf_changed":false,"footnotes":""},"categories":[8,898],"tags":[94],"class_list":["post-73281","post","type-post","status-publish","format-standard","hentry","category-estado","category-manchete-segundaria","tag-governo-do-tocantins"],"acf":[],"yoast_head":"<!-- This site is optimized with the Yoast SEO plugin v24.4 - https:\/\/yoast.com\/wordpress\/plugins\/seo\/ -->\n<title>Ap\u00f3s ser alvo da PF, secret\u00e1rio Afonso deixa Governo do TO e Paulo C\u00e9sar assume a Sa\u00fade - PORTAL DE NOT\u00cdCIAS CLEITON PINHEIRO<\/title>\n<meta name=\"robots\" content=\"index, follow, max-snippet:-1, max-image-preview:large, max-video-preview:-1\" \/>\n<link rel=\"canonical\" href=\"https:\/\/cleitonpinheiro.com.br\/site\/apos-ser-alvo-da-pf-secretario-afonso-deixa-governo-do-to-e-paulo-cesar-assume-a-saude\/\" \/>\n<meta property=\"og:locale\" content=\"pt_BR\" \/>\n<meta property=\"og:type\" content=\"article\" \/>\n<meta property=\"og:title\" content=\"Ap\u00f3s ser alvo da PF, secret\u00e1rio Afonso deixa Governo do TO e Paulo C\u00e9sar assume a Sa\u00fade - PORTAL DE NOT\u00cdCIAS CLEITON PINHEIRO\" \/>\n<meta property=\"og:description\" content=\"O ex-secret\u00e1rio estadual da Sa\u00fade (SES) Afonso Piva deixou o Governo do Tocantins nessa segunda-feira, 7. A sua exonera\u00e7\u00e3o foi publicada no Di\u00e1rio Oficial do Estado (DOE), que traz a designa\u00e7\u00e3o do secret\u00e1rio estadual da Administra\u00e7\u00e3o, Paulo C\u00e9sar Benfica Filho, para responder interinamente e cumulativamente pela Sa\u00fade estadual a partir desta ter\u00e7a-feira, 8. Afonso deixa [&hellip;]\" \/>\n<meta property=\"og:url\" content=\"https:\/\/cleitonpinheiro.com.br\/site\/apos-ser-alvo-da-pf-secretario-afonso-deixa-governo-do-to-e-paulo-cesar-assume-a-saude\/\" \/>\n<meta property=\"og:site_name\" content=\"PORTAL DE NOT\u00cdCIAS CLEITON PINHEIRO\" \/>\n<meta property=\"article:publisher\" content=\"https:\/\/www.facebook.com\/portalcpnoticias\/\" \/>\n<meta property=\"article:published_time\" content=\"2023-08-08T11:09:55+00:00\" \/>\n<meta property=\"article:modified_time\" content=\"2023-08-08T13:52:51+00:00\" \/>\n<meta property=\"og:image\" content=\"https:\/\/cleitonpinheiro.com.br\/site\/wp-content\/uploads\/2023\/08\/afonso-piva-foto-secom.jpg\" \/>\n\t<meta property=\"og:image:width\" content=\"750\" \/>\n\t<meta property=\"og:image:height\" content=\"461\" \/>\n\t<meta property=\"og:image:type\" content=\"image\/jpeg\" \/>\n<meta name=\"author\" content=\"Reda\u00e7\u00e3o CP\" \/>\n<meta name=\"twitter:card\" content=\"summary_large_image\" \/>\n<meta name=\"twitter:label1\" content=\"Escrito por\" \/>\n\t<meta name=\"twitter:data1\" content=\"Reda\u00e7\u00e3o CP\" \/>\n\t<meta name=\"twitter:label2\" content=\"Est. tempo de leitura\" \/>\n\t<meta name=\"twitter:data2\" content=\"2 minutos\" \/>\n<script type=\"application\/ld+json\" class=\"yoast-schema-graph\">{\"@context\":\"https:\/\/schema.org\",\"@graph\":[{\"@type\":\"Article\",\"@id\":\"https:\/\/cleitonpinheiro.com.br\/site\/apos-ser-alvo-da-pf-secretario-afonso-deixa-governo-do-to-e-paulo-cesar-assume-a-saude\/#article\",\"isPartOf\":{\"@id\":\"https:\/\/cleitonpinheiro.com.br\/site\/apos-ser-alvo-da-pf-secretario-afonso-deixa-governo-do-to-e-paulo-cesar-assume-a-saude\/\"},\"author\":{\"name\":\"Reda\u00e7\u00e3o CP\",\"@id\":\"https:\/\/cleitonpinheiro.com.br\/site\/#\/schema\/person\/8f04544e0bc40a1b68775b08360f87db\"},\"headline\":\"Ap\u00f3s ser alvo da PF, secret\u00e1rio Afonso deixa Governo do TO e Paulo C\u00e9sar assume a Sa\u00fade\",\"datePublished\":\"2023-08-08T11:09:55+00:00\",\"dateModified\":\"2023-08-08T13:52:51+00:00\",\"mainEntityOfPage\":{\"@id\":\"https:\/\/cleitonpinheiro.com.br\/site\/apos-ser-alvo-da-pf-secretario-afonso-deixa-governo-do-to-e-paulo-cesar-assume-a-saude\/\"},\"wordCount\":235,\"commentCount\":0,\"publisher\":{\"@id\":\"https:\/\/cleitonpinheiro.com.br\/site\/#organization\"},\"image\":{\"@id\":\"https:\/\/cleitonpinheiro.com.br\/site\/apos-ser-alvo-da-pf-secretario-afonso-deixa-governo-do-to-e-paulo-cesar-assume-a-saude\/#primaryimage\"},\"thumbnailUrl\":\"https:\/\/cleitonpinheiro.com.br\/site\/wp-content\/uploads\/2023\/08\/afonso-piva-foto-secom.jpg\",\"keywords\":[\"governo do tocantins\"],\"articleSection\":[\"ESTADO\",\"MANCHETE SEGUND\u00c1RIA\"],\"inLanguage\":\"pt-BR\",\"potentialAction\":[{\"@type\":\"CommentAction\",\"name\":\"Comment\",\"target\":[\"https:\/\/cleitonpinheiro.com.br\/site\/apos-ser-alvo-da-pf-secretario-afonso-deixa-governo-do-to-e-paulo-cesar-assume-a-saude\/#respond\"]}]},{\"@type\":\"WebPage\",\"@id\":\"https:\/\/cleitonpinheiro.com.br\/site\/apos-ser-alvo-da-pf-secretario-afonso-deixa-governo-do-to-e-paulo-cesar-assume-a-saude\/\",\"url\":\"https:\/\/cleitonpinheiro.com.br\/site\/apos-ser-alvo-da-pf-secretario-afonso-deixa-governo-do-to-e-paulo-cesar-assume-a-saude\/\",\"name\":\"Ap\u00f3s ser alvo da PF, secret\u00e1rio Afonso deixa Governo do TO e Paulo C\u00e9sar assume a Sa\u00fade - PORTAL DE NOT\u00cdCIAS CLEITON PINHEIRO\",\"isPartOf\":{\"@id\":\"https:\/\/cleitonpinheiro.com.br\/site\/#website\"},\"primaryImageOfPage\":{\"@id\":\"https:\/\/cleitonpinheiro.com.br\/site\/apos-ser-alvo-da-pf-secretario-afonso-deixa-governo-do-to-e-paulo-cesar-assume-a-saude\/#primaryimage\"},\"image\":{\"@id\":\"https:\/\/cleitonpinheiro.com.br\/site\/apos-ser-alvo-da-pf-secretario-afonso-deixa-governo-do-to-e-paulo-cesar-assume-a-saude\/#primaryimage\"},\"thumbnailUrl\":\"https:\/\/cleitonpinheiro.com.br\/site\/wp-content\/uploads\/2023\/08\/afonso-piva-foto-secom.jpg\",\"datePublished\":\"2023-08-08T11:09:55+00:00\",\"dateModified\":\"2023-08-08T13:52:51+00:00\",\"breadcrumb\":{\"@id\":\"https:\/\/cleitonpinheiro.com.br\/site\/apos-ser-alvo-da-pf-secretario-afonso-deixa-governo-do-to-e-paulo-cesar-assume-a-saude\/#breadcrumb\"},\"inLanguage\":\"pt-BR\",\"potentialAction\":[{\"@type\":\"ReadAction\",\"target\":[\"https:\/\/cleitonpinheiro.com.br\/site\/apos-ser-alvo-da-pf-secretario-afonso-deixa-governo-do-to-e-paulo-cesar-assume-a-saude\/\"]}]},{\"@type\":\"ImageObject\",\"inLanguage\":\"pt-BR\",\"@id\":\"https:\/\/cleitonpinheiro.com.br\/site\/apos-ser-alvo-da-pf-secretario-afonso-deixa-governo-do-to-e-paulo-cesar-assume-a-saude\/#primaryimage\",\"url\":\"\",\"contentUrl\":\"\"},{\"@type\":\"BreadcrumbList\",\"@id\":\"https:\/\/cleitonpinheiro.com.br\/site\/apos-ser-alvo-da-pf-secretario-afonso-deixa-governo-do-to-e-paulo-cesar-assume-a-saude\/#breadcrumb\",\"itemListElement\":[{\"@type\":\"ListItem\",\"position\":1,\"name\":\"In\u00edcio\",\"item\":\"https:\/\/cleitonpinheiro.com.br\/site\/\"},{\"@type\":\"ListItem\",\"position\":2,\"name\":\"Ap\u00f3s ser alvo da PF, secret\u00e1rio Afonso deixa Governo do TO e Paulo C\u00e9sar assume a Sa\u00fade\"}]},{\"@type\":\"WebSite\",\"@id\":\"https:\/\/cleitonpinheiro.com.br\/site\/#website\",\"url\":\"https:\/\/cleitonpinheiro.com.br\/site\/\",\"name\":\"PORTAL DE NOT\u00cdCIAS CLEITON PINHEIRO\",\"description\":\"FALANDO A VERDADE\",\"publisher\":{\"@id\":\"https:\/\/cleitonpinheiro.com.br\/site\/#organization\"},\"potentialAction\":[{\"@type\":\"SearchAction\",\"target\":{\"@type\":\"EntryPoint\",\"urlTemplate\":\"https:\/\/cleitonpinheiro.com.br\/site\/?s={search_term_string}\"},\"query-input\":{\"@type\":\"PropertyValueSpecification\",\"valueRequired\":true,\"valueName\":\"search_term_string\"}}],\"inLanguage\":\"pt-BR\"},{\"@type\":\"Organization\",\"@id\":\"https:\/\/cleitonpinheiro.com.br\/site\/#organization\",\"name\":\"CPNOT\u00cdCIAS\",\"url\":\"https:\/\/cleitonpinheiro.com.br\/site\/\",\"logo\":{\"@type\":\"ImageObject\",\"inLanguage\":\"pt-BR\",\"@id\":\"https:\/\/cleitonpinheiro.com.br\/site\/#\/schema\/logo\/image\/\",\"url\":\"https:\/\/cleitonpinheiro.com.br\/site\/wp-content\/uploads\/2022\/08\/Logo-pequena-2.png\",\"contentUrl\":\"https:\/\/cleitonpinheiro.com.br\/site\/wp-content\/uploads\/2022\/08\/Logo-pequena-2.png\",\"width\":500,\"height\":500,\"caption\":\"CPNOT\u00cdCIAS\"},\"image\":{\"@id\":\"https:\/\/cleitonpinheiro.com.br\/site\/#\/schema\/logo\/image\/\"},\"sameAs\":[\"https:\/\/www.facebook.com\/portalcpnoticias\/\"]},{\"@type\":\"Person\",\"@id\":\"https:\/\/cleitonpinheiro.com.br\/site\/#\/schema\/person\/8f04544e0bc40a1b68775b08360f87db\",\"name\":\"Reda\u00e7\u00e3o CP\",\"image\":{\"@type\":\"ImageObject\",\"inLanguage\":\"pt-BR\",\"@id\":\"https:\/\/cleitonpinheiro.com.br\/site\/#\/schema\/person\/image\/\",\"url\":\"https:\/\/secure.gravatar.com\/avatar\/0bcf19cb29fdc8fc588c490c7ae1b3e174dac268586a63fbe1d1893a0f9020cd?s=96&r=g\",\"contentUrl\":\"https:\/\/secure.gravatar.com\/avatar\/0bcf19cb29fdc8fc588c490c7ae1b3e174dac268586a63fbe1d1893a0f9020cd?s=96&r=g\",\"caption\":\"Reda\u00e7\u00e3o CP\"},\"url\":\"https:\/\/cleitonpinheiro.com.br\/site\/author\/redacao\/\"}]}<\/script>\n<!-- \/ Yoast SEO plugin. -->","yoast_head_json":{"title":"Ap\u00f3s ser alvo da PF, secret\u00e1rio Afonso deixa Governo do TO e Paulo C\u00e9sar assume a Sa\u00fade - PORTAL DE NOT\u00cdCIAS CLEITON PINHEIRO","robots":{"index":"index","follow":"follow","max-snippet":"max-snippet:-1","max-image-preview":"max-image-preview:large","max-video-preview":"max-video-preview:-1"},"canonical":"https:\/\/cleitonpinheiro.com.br\/site\/apos-ser-alvo-da-pf-secretario-afonso-deixa-governo-do-to-e-paulo-cesar-assume-a-saude\/","og_locale":"pt_BR","og_type":"article","og_title":"Ap\u00f3s ser alvo da PF, secret\u00e1rio Afonso deixa Governo do TO e Paulo C\u00e9sar assume a Sa\u00fade - PORTAL DE NOT\u00cdCIAS CLEITON PINHEIRO","og_description":"O ex-secret\u00e1rio estadual da Sa\u00fade (SES) Afonso Piva deixou o Governo do Tocantins nessa segunda-feira, 7. A sua exonera\u00e7\u00e3o foi publicada no Di\u00e1rio Oficial do Estado (DOE), que traz a designa\u00e7\u00e3o do secret\u00e1rio estadual da Administra\u00e7\u00e3o, Paulo C\u00e9sar Benfica Filho, para responder interinamente e cumulativamente pela Sa\u00fade estadual a partir desta ter\u00e7a-feira, 8. Afonso deixa [&hellip;]","og_url":"https:\/\/cleitonpinheiro.com.br\/site\/apos-ser-alvo-da-pf-secretario-afonso-deixa-governo-do-to-e-paulo-cesar-assume-a-saude\/","og_site_name":"PORTAL DE NOT\u00cdCIAS CLEITON PINHEIRO","article_publisher":"https:\/\/www.facebook.com\/portalcpnoticias\/","article_published_time":"2023-08-08T11:09:55+00:00","article_modified_time":"2023-08-08T13:52:51+00:00","og_image":[{"width":750,"height":461,"url":"https:\/\/cleitonpinheiro.com.br\/site\/wp-content\/uploads\/2023\/08\/afonso-piva-foto-secom.jpg","type":"image\/jpeg"}],"author":"Reda\u00e7\u00e3o CP","twitter_card":"summary_large_image","twitter_misc":{"Escrito por":"Reda\u00e7\u00e3o CP","Est. tempo de leitura":"2 minutos"},"schema":{"@context":"https:\/\/schema.org","@graph":[{"@type":"Article","@id":"https:\/\/cleitonpinheiro.com.br\/site\/apos-ser-alvo-da-pf-secretario-afonso-deixa-governo-do-to-e-paulo-cesar-assume-a-saude\/#article","isPartOf":{"@id":"https:\/\/cleitonpinheiro.com.br\/site\/apos-ser-alvo-da-pf-secretario-afonso-deixa-governo-do-to-e-paulo-cesar-assume-a-saude\/"},"author":{"name":"Reda\u00e7\u00e3o CP","@id":"https:\/\/cleitonpinheiro.com.br\/site\/#\/schema\/person\/8f04544e0bc40a1b68775b08360f87db"},"headline":"Ap\u00f3s ser alvo da PF, secret\u00e1rio Afonso deixa Governo do TO e Paulo C\u00e9sar assume a Sa\u00fade","datePublished":"2023-08-08T11:09:55+00:00","dateModified":"2023-08-08T13:52:51+00:00","mainEntityOfPage":{"@id":"https:\/\/cleitonpinheiro.com.br\/site\/apos-ser-alvo-da-pf-secretario-afonso-deixa-governo-do-to-e-paulo-cesar-assume-a-saude\/"},"wordCount":235,"commentCount":0,"publisher":{"@id":"https:\/\/cleitonpinheiro.com.br\/site\/#organization"},"image":{"@id":"https:\/\/cleitonpinheiro.com.br\/site\/apos-ser-alvo-da-pf-secretario-afonso-deixa-governo-do-to-e-paulo-cesar-assume-a-saude\/#primaryimage"},"thumbnailUrl":"https:\/\/cleitonpinheiro.com.br\/site\/wp-content\/uploads\/2023\/08\/afonso-piva-foto-secom.jpg","keywords":["governo do tocantins"],"articleSection":["ESTADO","MANCHETE SEGUND\u00c1RIA"],"inLanguage":"pt-BR","potentialAction":[{"@type":"CommentAction","name":"Comment","target":["https:\/\/cleitonpinheiro.com.br\/site\/apos-ser-alvo-da-pf-secretario-afonso-deixa-governo-do-to-e-paulo-cesar-assume-a-saude\/#respond"]}]},{"@type":"WebPage","@id":"https:\/\/cleitonpinheiro.com.br\/site\/apos-ser-alvo-da-pf-secretario-afonso-deixa-governo-do-to-e-paulo-cesar-assume-a-saude\/","url":"https:\/\/cleitonpinheiro.com.br\/site\/apos-ser-alvo-da-pf-secretario-afonso-deixa-governo-do-to-e-paulo-cesar-assume-a-saude\/","name":"Ap\u00f3s ser alvo da PF, secret\u00e1rio Afonso deixa Governo do TO e Paulo C\u00e9sar assume a Sa\u00fade - PORTAL DE NOT\u00cdCIAS CLEITON PINHEIRO","isPartOf":{"@id":"https:\/\/cleitonpinheiro.com.br\/site\/#website"},"primaryImageOfPage":{"@id":"https:\/\/cleitonpinheiro.com.br\/site\/apos-ser-alvo-da-pf-secretario-afonso-deixa-governo-do-to-e-paulo-cesar-assume-a-saude\/#primaryimage"},"image":{"@id":"https:\/\/cleitonpinheiro.com.br\/site\/apos-ser-alvo-da-pf-secretario-afonso-deixa-governo-do-to-e-paulo-cesar-assume-a-saude\/#primaryimage"},"thumbnailUrl":"https:\/\/cleitonpinheiro.com.br\/site\/wp-content\/uploads\/2023\/08\/afonso-piva-foto-secom.jpg","datePublished":"2023-08-08T11:09:55+00:00","dateModified":"2023-08-08T13:52:51+00:00","breadcrumb":{"@id":"https:\/\/cleitonpinheiro.com.br\/site\/apos-ser-alvo-da-pf-secretario-afonso-deixa-governo-do-to-e-paulo-cesar-assume-a-saude\/#breadcrumb"},"inLanguage":"pt-BR","potentialAction":[{"@type":"ReadAction","target":["https:\/\/cleitonpinheiro.com.br\/site\/apos-ser-alvo-da-pf-secretario-afonso-deixa-governo-do-to-e-paulo-cesar-assume-a-saude\/"]}]},{"@type":"ImageObject","inLanguage":"pt-BR","@id":"https:\/\/cleitonpinheiro.com.br\/site\/apos-ser-alvo-da-pf-secretario-afonso-deixa-governo-do-to-e-paulo-cesar-assume-a-saude\/#primaryimage","url":"","contentUrl":""},{"@type":"BreadcrumbList","@id":"https:\/\/cleitonpinheiro.com.br\/site\/apos-ser-alvo-da-pf-secretario-afonso-deixa-governo-do-to-e-paulo-cesar-assume-a-saude\/#breadcrumb","itemListElement":[{"@type":"ListItem","position":1,"name":"In\u00edcio","item":"https:\/\/cleitonpinheiro.com.br\/site\/"},{"@type":"ListItem","position":2,"name":"Ap\u00f3s ser alvo da PF, secret\u00e1rio Afonso deixa Governo do TO e Paulo C\u00e9sar assume a Sa\u00fade"}]},{"@type":"WebSite","@id":"https:\/\/cleitonpinheiro.com.br\/site\/#website","url":"https:\/\/cleitonpinheiro.com.br\/site\/","name":"PORTAL DE NOT\u00cdCIAS CLEITON PINHEIRO","description":"FALANDO A VERDADE","publisher":{"@id":"https:\/\/cleitonpinheiro.com.br\/site\/#organization"},"potentialAction":[{"@type":"SearchAction","target":{"@type":"EntryPoint","urlTemplate":"https:\/\/cleitonpinheiro.com.br\/site\/?s={search_term_string}"},"query-input":{"@type":"PropertyValueSpecification","valueRequired":true,"valueName":"search_term_string"}}],"inLanguage":"pt-BR"},{"@type":"Organization","@id":"https:\/\/cleitonpinheiro.com.br\/site\/#organization","name":"CPNOT\u00cdCIAS","url":"https:\/\/cleitonpinheiro.com.br\/site\/","logo":{"@type":"ImageObject","inLanguage":"pt-BR","@id":"https:\/\/cleitonpinheiro.com.br\/site\/#\/schema\/logo\/image\/","url":"https:\/\/cleitonpinheiro.com.br\/site\/wp-content\/uploads\/2022\/08\/Logo-pequena-2.png","contentUrl":"https:\/\/cleitonpinheiro.com.br\/site\/wp-content\/uploads\/2022\/08\/Logo-pequena-2.png","width":500,"height":500,"caption":"CPNOT\u00cdCIAS"},"image":{"@id":"https:\/\/cleitonpinheiro.com.br\/site\/#\/schema\/logo\/image\/"},"sameAs":["https:\/\/www.facebook.com\/portalcpnoticias\/"]},{"@type":"Person","@id":"https:\/\/cleitonpinheiro.com.br\/site\/#\/schema\/person\/8f04544e0bc40a1b68775b08360f87db","name":"Reda\u00e7\u00e3o CP","image":{"@type":"ImageObject","inLanguage":"pt-BR","@id":"https:\/\/cleitonpinheiro.com.br\/site\/#\/schema\/person\/image\/","url":"https:\/\/secure.gravatar.com\/avatar\/0bcf19cb29fdc8fc588c490c7ae1b3e174dac268586a63fbe1d1893a0f9020cd?s=96&r=g","contentUrl":"https:\/\/secure.gravatar.com\/avatar\/0bcf19cb29fdc8fc588c490c7ae1b3e174dac268586a63fbe1d1893a0f9020cd?s=96&r=g","caption":"Reda\u00e7\u00e3o CP"},"url":"https:\/\/cleitonpinheiro.com.br\/site\/author\/redacao\/"}]}},"views":216,"_links":{"self":[{"href":"https:\/\/cleitonpinheiro.com.br\/site\/wp-json\/wp\/v2\/posts\/73281","targetHints":{"allow":["GET"]}}],"collection":[{"href":"https:\/\/cleitonpinheiro.com.br\/site\/wp-json\/wp\/v2\/posts"}],"about":[{"href":"https:\/\/cleitonpinheiro.com.br\/site\/wp-json\/wp\/v2\/types\/post"}],"author":[{"embeddable":true,"href":"https:\/\/cleitonpinheiro.com.br\/site\/wp-json\/wp\/v2\/users\/13"}],"replies":[{"embeddable":true,"href":"https:\/\/cleitonpinheiro.com.br\/site\/wp-json\/wp\/v2\/comments?post=73281"}],"version-history":[{"count":1,"href":"https:\/\/cleitonpinheiro.com.br\/site\/wp-json\/wp\/v2\/posts\/73281\/revisions"}],"predecessor-version":[{"id":73283,"href":"https:\/\/cleitonpinheiro.com.br\/site\/wp-json\/wp\/v2\/posts\/73281\/revisions\/73283"}],"wp:attachment":[{"href":"https:\/\/cleitonpinheiro.com.br\/site\/wp-json\/wp\/v2\/media?parent=73281"}],"wp:term":[{"taxonomy":"category","embeddable":true,"href":"https:\/\/cleitonpinheiro.com.br\/site\/wp-json\/wp\/v2\/categories?post=73281"},{"taxonomy":"post_tag","embeddable":true,"href":"https:\/\/cleitonpinheiro.com.br\/site\/wp-json\/wp\/v2\/tags?post=73281"}],"curies":[{"name":"wp","href":"https:\/\/api.w.org\/{rel}","templated":true}]}}