{"id":73288,"date":"2023-08-08T08:52:01","date_gmt":"2023-08-08T11:52:01","guid":{"rendered":"https:\/\/cleitonpinheiro.com.br\/site\/?p=73288"},"modified":"2023-08-08T10:01:57","modified_gmt":"2023-08-08T13:01:57","slug":"defesa-recorre-de-decisao-do-tse-que-tornou-bolsonaro-inelegivel","status":"publish","type":"post","link":"https:\/\/cleitonpinheiro.com.br\/site\/defesa-recorre-de-decisao-do-tse-que-tornou-bolsonaro-inelegivel\/","title":{"rendered":"Defesa recorre de decis\u00e3o do TSE que tornou Bolsonaro ineleg\u00edvel"},"content":{"rendered":"\n<figure class=\"wp-block-image size-full\"><img decoding=\"async\" src=\"https:\/\/cleitonpinheiro.com.br\/site\/wp-content\/uploads\/2023\/08\/img_1403.jpg\" alt=\"\" class=\"wp-image-73290\"\/><figcaption class=\"wp-element-caption\">N\u00e3o h\u00e1 prazo para julgamento do caso\ndo recurso do ex-presidente &#8211; Foto: Valter Campanato\/Ag\u00eancia Brasil<\/figcaption><\/figure>\n\n\n\n<p class=\"wp-block-paragraph\"><strong>Da Ag\u00eancia Brasil<\/strong><\/p>\n\n\n\n<p class=\"wp-block-paragraph\">O ex-presidente Jair Bolsonaro recorreu nesta segunda-feira (7) da&nbsp;<a href=\"http:\/\/agenciabrasil.ebc.com.br\/justica\/noticia\/2023-06\/por-5-votos-2-tse-torna-bolsonaro-inelegivel-por-oito-anos\" target=\"_blank\" rel=\"noreferrer noopener\">decis\u00e3o Tribunal Superior Eleitoral (TSE) que o condenou \u00e0 inelegibilidade&nbsp;<\/a>pelo per\u00edodo de oito anos, em junho.<img decoding=\"async\" src=\"https:\/\/agenciabrasil.ebc.com.br\/ebc.png?id=1547787&amp;o=node\"><img decoding=\"async\" src=\"https:\/\/agenciabrasil.ebc.com.br\/ebc.gif?id=1547787&amp;o=node\"><\/p>\n\n\n\n<p class=\"wp-block-paragraph\">O TSE julgou a conduta de Bolsonaro durante reuni\u00e3o realizada com embaixadores, em julho do ano passado, no Pal\u00e1cio da Alvorada, para atacar o sistema eletr\u00f4nico de vota\u00e7\u00e3o. A legalidade do encontro foi questionada pelo PDT.<\/p>\n\n\n\n<p class=\"wp-block-paragraph\">No in\u00edcio da noite desta segunda-feira, a defesa do ex-presidente protocolou no TSE os chamados embargos de declara\u00e7\u00e3o. N\u00e3o h\u00e1 prazo para o julgamento do caso.<\/p>\n\n\n\n<p class=\"wp-block-paragraph\">O recurso pretende apontar erros ou contradi\u00e7\u00f5es no ac\u00f3rd\u00e3o do julgamento. O documento foi publicado na semana passada e tem 433 p\u00e1ginas.<\/p>\n\n\n\n<p class=\"wp-block-paragraph\">A senten\u00e7a do colegiado re\u00fane a \u00edntegra do julgamento, incluindo os votos dos ministros e as fundamenta\u00e7\u00f5es que levaram ao resultado do julgamento.<\/p>\n\n\n\n<p class=\"wp-block-paragraph\">Os advogados ainda podem recorrer ao Supremo Tribunal Federal (STF). Tr\u00eas dos sete ministros do TSE tamb\u00e9m fazem parte do STF e podem participar do julgamento de eventual recurso.<\/p>\n\n\n\n<p class=\"wp-block-paragraph\">Pelas regras internas da Corte, os ministros que atuam no tribunal eleitoral n\u00e3o ficam impedidos automaticamente de julgar quest\u00f5es constitucionais em processos oriundos do TSE.<\/p>\n","protected":false},"excerpt":{"rendered":"<p>Da Ag\u00eancia Brasil O ex-presidente Jair Bolsonaro recorreu nesta segunda-feira (7) da&nbsp;decis\u00e3o Tribunal Superior Eleitoral (TSE) que o condenou \u00e0 inelegibilidade&nbsp;pelo per\u00edodo de oito anos, em junho. O TSE julgou a conduta de Bolsonaro durante reuni\u00e3o realizada com embaixadores, em julho do ano passado, no Pal\u00e1cio da Alvorada, para atacar o sistema eletr\u00f4nico de vota\u00e7\u00e3o. [&hellip;]<\/p>\n","protected":false},"author":13,"featured_media":0,"comment_status":"open","ping_status":"open","sticky":false,"template":"","format":"standard","meta":{"_acf_changed":false,"footnotes":""},"categories":[898,23],"tags":[939,805,785],"class_list":["post-73288","post","type-post","status-publish","format-standard","hentry","category-manchete-segundaria","category-politica","tag-inelegibilidade","tag-jair-bolsonaro","tag-tse"],"acf":[],"yoast_head":"<!-- This site is optimized with the Yoast SEO plugin v24.4 - https:\/\/yoast.com\/wordpress\/plugins\/seo\/ -->\n<title>Defesa recorre de decis\u00e3o do TSE que tornou Bolsonaro ineleg\u00edvel - PORTAL DE NOT\u00cdCIAS CLEITON PINHEIRO<\/title>\n<meta name=\"robots\" content=\"index, follow, max-snippet:-1, max-image-preview:large, max-video-preview:-1\" \/>\n<link rel=\"canonical\" href=\"https:\/\/cleitonpinheiro.com.br\/site\/defesa-recorre-de-decisao-do-tse-que-tornou-bolsonaro-inelegivel\/\" \/>\n<meta property=\"og:locale\" content=\"pt_BR\" \/>\n<meta property=\"og:type\" content=\"article\" \/>\n<meta property=\"og:title\" content=\"Defesa recorre de decis\u00e3o do TSE que tornou Bolsonaro ineleg\u00edvel - PORTAL DE NOT\u00cdCIAS CLEITON PINHEIRO\" \/>\n<meta property=\"og:description\" content=\"Da Ag\u00eancia Brasil O ex-presidente Jair Bolsonaro recorreu nesta segunda-feira (7) da&nbsp;decis\u00e3o Tribunal Superior Eleitoral (TSE) que o condenou \u00e0 inelegibilidade&nbsp;pelo per\u00edodo de oito anos, em junho. O TSE julgou a conduta de Bolsonaro durante reuni\u00e3o realizada com embaixadores, em julho do ano passado, no Pal\u00e1cio da Alvorada, para atacar o sistema eletr\u00f4nico de vota\u00e7\u00e3o. [&hellip;]\" \/>\n<meta property=\"og:url\" content=\"https:\/\/cleitonpinheiro.com.br\/site\/defesa-recorre-de-decisao-do-tse-que-tornou-bolsonaro-inelegivel\/\" \/>\n<meta property=\"og:site_name\" content=\"PORTAL DE NOT\u00cdCIAS CLEITON PINHEIRO\" \/>\n<meta property=\"article:publisher\" content=\"https:\/\/www.facebook.com\/portalcpnoticias\/\" \/>\n<meta property=\"article:published_time\" content=\"2023-08-08T11:52:01+00:00\" \/>\n<meta property=\"article:modified_time\" content=\"2023-08-08T13:01:57+00:00\" \/>\n<meta property=\"og:image\" content=\"https:\/\/cleitonpinheiro.com.br\/site\/wp-content\/uploads\/2023\/08\/img_1403.jpg\" \/>\n\t<meta property=\"og:image:width\" content=\"1170\" \/>\n\t<meta property=\"og:image:height\" content=\"700\" \/>\n\t<meta property=\"og:image:type\" content=\"image\/jpeg\" \/>\n<meta name=\"author\" content=\"Reda\u00e7\u00e3o CP\" \/>\n<meta name=\"twitter:card\" content=\"summary_large_image\" \/>\n<meta name=\"twitter:label1\" content=\"Escrito por\" \/>\n\t<meta name=\"twitter:data1\" content=\"Reda\u00e7\u00e3o CP\" \/>\n\t<meta name=\"twitter:label2\" content=\"Est. tempo de leitura\" \/>\n\t<meta name=\"twitter:data2\" content=\"2 minutos\" \/>\n<script type=\"application\/ld+json\" class=\"yoast-schema-graph\">{\"@context\":\"https:\/\/schema.org\",\"@graph\":[{\"@type\":\"Article\",\"@id\":\"https:\/\/cleitonpinheiro.com.br\/site\/defesa-recorre-de-decisao-do-tse-que-tornou-bolsonaro-inelegivel\/#article\",\"isPartOf\":{\"@id\":\"https:\/\/cleitonpinheiro.com.br\/site\/defesa-recorre-de-decisao-do-tse-que-tornou-bolsonaro-inelegivel\/\"},\"author\":{\"name\":\"Reda\u00e7\u00e3o CP\",\"@id\":\"https:\/\/cleitonpinheiro.com.br\/site\/#\/schema\/person\/8f04544e0bc40a1b68775b08360f87db\"},\"headline\":\"Defesa recorre de decis\u00e3o do TSE que tornou Bolsonaro ineleg\u00edvel\",\"datePublished\":\"2023-08-08T11:52:01+00:00\",\"dateModified\":\"2023-08-08T13:01:57+00:00\",\"mainEntityOfPage\":{\"@id\":\"https:\/\/cleitonpinheiro.com.br\/site\/defesa-recorre-de-decisao-do-tse-que-tornou-bolsonaro-inelegivel\/\"},\"wordCount\":241,\"commentCount\":0,\"publisher\":{\"@id\":\"https:\/\/cleitonpinheiro.com.br\/site\/#organization\"},\"image\":{\"@id\":\"https:\/\/cleitonpinheiro.com.br\/site\/defesa-recorre-de-decisao-do-tse-que-tornou-bolsonaro-inelegivel\/#primaryimage\"},\"thumbnailUrl\":\"https:\/\/cleitonpinheiro.com.br\/site\/wp-content\/uploads\/2023\/08\/img_1403.jpg\",\"keywords\":[\"inelegibilidade\",\"Jair Bolsonaro\",\"TSE\"],\"articleSection\":[\"MANCHETE SEGUND\u00c1RIA\",\"POL\u00cdTICA\"],\"inLanguage\":\"pt-BR\",\"potentialAction\":[{\"@type\":\"CommentAction\",\"name\":\"Comment\",\"target\":[\"https:\/\/cleitonpinheiro.com.br\/site\/defesa-recorre-de-decisao-do-tse-que-tornou-bolsonaro-inelegivel\/#respond\"]}]},{\"@type\":\"WebPage\",\"@id\":\"https:\/\/cleitonpinheiro.com.br\/site\/defesa-recorre-de-decisao-do-tse-que-tornou-bolsonaro-inelegivel\/\",\"url\":\"https:\/\/cleitonpinheiro.com.br\/site\/defesa-recorre-de-decisao-do-tse-que-tornou-bolsonaro-inelegivel\/\",\"name\":\"Defesa recorre de decis\u00e3o do TSE que tornou Bolsonaro ineleg\u00edvel - PORTAL DE NOT\u00cdCIAS CLEITON PINHEIRO\",\"isPartOf\":{\"@id\":\"https:\/\/cleitonpinheiro.com.br\/site\/#website\"},\"primaryImageOfPage\":{\"@id\":\"https:\/\/cleitonpinheiro.com.br\/site\/defesa-recorre-de-decisao-do-tse-que-tornou-bolsonaro-inelegivel\/#primaryimage\"},\"image\":{\"@id\":\"https:\/\/cleitonpinheiro.com.br\/site\/defesa-recorre-de-decisao-do-tse-que-tornou-bolsonaro-inelegivel\/#primaryimage\"},\"thumbnailUrl\":\"https:\/\/cleitonpinheiro.com.br\/site\/wp-content\/uploads\/2023\/08\/img_1403.jpg\",\"datePublished\":\"2023-08-08T11:52:01+00:00\",\"dateModified\":\"2023-08-08T13:01:57+00:00\",\"breadcrumb\":{\"@id\":\"https:\/\/cleitonpinheiro.com.br\/site\/defesa-recorre-de-decisao-do-tse-que-tornou-bolsonaro-inelegivel\/#breadcrumb\"},\"inLanguage\":\"pt-BR\",\"potentialAction\":[{\"@type\":\"ReadAction\",\"target\":[\"https:\/\/cleitonpinheiro.com.br\/site\/defesa-recorre-de-decisao-do-tse-que-tornou-bolsonaro-inelegivel\/\"]}]},{\"@type\":\"ImageObject\",\"inLanguage\":\"pt-BR\",\"@id\":\"https:\/\/cleitonpinheiro.com.br\/site\/defesa-recorre-de-decisao-do-tse-que-tornou-bolsonaro-inelegivel\/#primaryimage\",\"url\":\"\",\"contentUrl\":\"\"},{\"@type\":\"BreadcrumbList\",\"@id\":\"https:\/\/cleitonpinheiro.com.br\/site\/defesa-recorre-de-decisao-do-tse-que-tornou-bolsonaro-inelegivel\/#breadcrumb\",\"itemListElement\":[{\"@type\":\"ListItem\",\"position\":1,\"name\":\"In\u00edcio\",\"item\":\"https:\/\/cleitonpinheiro.com.br\/site\/\"},{\"@type\":\"ListItem\",\"position\":2,\"name\":\"Defesa recorre de decis\u00e3o do TSE que tornou Bolsonaro ineleg\u00edvel\"}]},{\"@type\":\"WebSite\",\"@id\":\"https:\/\/cleitonpinheiro.com.br\/site\/#website\",\"url\":\"https:\/\/cleitonpinheiro.com.br\/site\/\",\"name\":\"PORTAL DE NOT\u00cdCIAS CLEITON PINHEIRO\",\"description\":\"FALANDO A VERDADE\",\"publisher\":{\"@id\":\"https:\/\/cleitonpinheiro.com.br\/site\/#organization\"},\"potentialAction\":[{\"@type\":\"SearchAction\",\"target\":{\"@type\":\"EntryPoint\",\"urlTemplate\":\"https:\/\/cleitonpinheiro.com.br\/site\/?s={search_term_string}\"},\"query-input\":{\"@type\":\"PropertyValueSpecification\",\"valueRequired\":true,\"valueName\":\"search_term_string\"}}],\"inLanguage\":\"pt-BR\"},{\"@type\":\"Organization\",\"@id\":\"https:\/\/cleitonpinheiro.com.br\/site\/#organization\",\"name\":\"CPNOT\u00cdCIAS\",\"url\":\"https:\/\/cleitonpinheiro.com.br\/site\/\",\"logo\":{\"@type\":\"ImageObject\",\"inLanguage\":\"pt-BR\",\"@id\":\"https:\/\/cleitonpinheiro.com.br\/site\/#\/schema\/logo\/image\/\",\"url\":\"https:\/\/cleitonpinheiro.com.br\/site\/wp-content\/uploads\/2022\/08\/Logo-pequena-2.png\",\"contentUrl\":\"https:\/\/cleitonpinheiro.com.br\/site\/wp-content\/uploads\/2022\/08\/Logo-pequena-2.png\",\"width\":500,\"height\":500,\"caption\":\"CPNOT\u00cdCIAS\"},\"image\":{\"@id\":\"https:\/\/cleitonpinheiro.com.br\/site\/#\/schema\/logo\/image\/\"},\"sameAs\":[\"https:\/\/www.facebook.com\/portalcpnoticias\/\"]},{\"@type\":\"Person\",\"@id\":\"https:\/\/cleitonpinheiro.com.br\/site\/#\/schema\/person\/8f04544e0bc40a1b68775b08360f87db\",\"name\":\"Reda\u00e7\u00e3o CP\",\"image\":{\"@type\":\"ImageObject\",\"inLanguage\":\"pt-BR\",\"@id\":\"https:\/\/cleitonpinheiro.com.br\/site\/#\/schema\/person\/image\/\",\"url\":\"https:\/\/secure.gravatar.com\/avatar\/0bcf19cb29fdc8fc588c490c7ae1b3e174dac268586a63fbe1d1893a0f9020cd?s=96&r=g\",\"contentUrl\":\"https:\/\/secure.gravatar.com\/avatar\/0bcf19cb29fdc8fc588c490c7ae1b3e174dac268586a63fbe1d1893a0f9020cd?s=96&r=g\",\"caption\":\"Reda\u00e7\u00e3o CP\"},\"url\":\"https:\/\/cleitonpinheiro.com.br\/site\/author\/redacao\/\"}]}<\/script>\n<!-- \/ Yoast SEO plugin. -->","yoast_head_json":{"title":"Defesa recorre de decis\u00e3o do TSE que tornou Bolsonaro ineleg\u00edvel - PORTAL DE NOT\u00cdCIAS CLEITON PINHEIRO","robots":{"index":"index","follow":"follow","max-snippet":"max-snippet:-1","max-image-preview":"max-image-preview:large","max-video-preview":"max-video-preview:-1"},"canonical":"https:\/\/cleitonpinheiro.com.br\/site\/defesa-recorre-de-decisao-do-tse-que-tornou-bolsonaro-inelegivel\/","og_locale":"pt_BR","og_type":"article","og_title":"Defesa recorre de decis\u00e3o do TSE que tornou Bolsonaro ineleg\u00edvel - PORTAL DE NOT\u00cdCIAS CLEITON PINHEIRO","og_description":"Da Ag\u00eancia Brasil O ex-presidente Jair Bolsonaro recorreu nesta segunda-feira (7) da&nbsp;decis\u00e3o Tribunal Superior Eleitoral (TSE) que o condenou \u00e0 inelegibilidade&nbsp;pelo per\u00edodo de oito anos, em junho. O TSE julgou a conduta de Bolsonaro durante reuni\u00e3o realizada com embaixadores, em julho do ano passado, no Pal\u00e1cio da Alvorada, para atacar o sistema eletr\u00f4nico de vota\u00e7\u00e3o. [&hellip;]","og_url":"https:\/\/cleitonpinheiro.com.br\/site\/defesa-recorre-de-decisao-do-tse-que-tornou-bolsonaro-inelegivel\/","og_site_name":"PORTAL DE NOT\u00cdCIAS CLEITON PINHEIRO","article_publisher":"https:\/\/www.facebook.com\/portalcpnoticias\/","article_published_time":"2023-08-08T11:52:01+00:00","article_modified_time":"2023-08-08T13:01:57+00:00","og_image":[{"width":1170,"height":700,"url":"https:\/\/cleitonpinheiro.com.br\/site\/wp-content\/uploads\/2023\/08\/img_1403.jpg","type":"image\/jpeg"}],"author":"Reda\u00e7\u00e3o CP","twitter_card":"summary_large_image","twitter_misc":{"Escrito por":"Reda\u00e7\u00e3o CP","Est. tempo de leitura":"2 minutos"},"schema":{"@context":"https:\/\/schema.org","@graph":[{"@type":"Article","@id":"https:\/\/cleitonpinheiro.com.br\/site\/defesa-recorre-de-decisao-do-tse-que-tornou-bolsonaro-inelegivel\/#article","isPartOf":{"@id":"https:\/\/cleitonpinheiro.com.br\/site\/defesa-recorre-de-decisao-do-tse-que-tornou-bolsonaro-inelegivel\/"},"author":{"name":"Reda\u00e7\u00e3o CP","@id":"https:\/\/cleitonpinheiro.com.br\/site\/#\/schema\/person\/8f04544e0bc40a1b68775b08360f87db"},"headline":"Defesa recorre de decis\u00e3o do TSE que tornou Bolsonaro ineleg\u00edvel","datePublished":"2023-08-08T11:52:01+00:00","dateModified":"2023-08-08T13:01:57+00:00","mainEntityOfPage":{"@id":"https:\/\/cleitonpinheiro.com.br\/site\/defesa-recorre-de-decisao-do-tse-que-tornou-bolsonaro-inelegivel\/"},"wordCount":241,"commentCount":0,"publisher":{"@id":"https:\/\/cleitonpinheiro.com.br\/site\/#organization"},"image":{"@id":"https:\/\/cleitonpinheiro.com.br\/site\/defesa-recorre-de-decisao-do-tse-que-tornou-bolsonaro-inelegivel\/#primaryimage"},"thumbnailUrl":"https:\/\/cleitonpinheiro.com.br\/site\/wp-content\/uploads\/2023\/08\/img_1403.jpg","keywords":["inelegibilidade","Jair Bolsonaro","TSE"],"articleSection":["MANCHETE SEGUND\u00c1RIA","POL\u00cdTICA"],"inLanguage":"pt-BR","potentialAction":[{"@type":"CommentAction","name":"Comment","target":["https:\/\/cleitonpinheiro.com.br\/site\/defesa-recorre-de-decisao-do-tse-que-tornou-bolsonaro-inelegivel\/#respond"]}]},{"@type":"WebPage","@id":"https:\/\/cleitonpinheiro.com.br\/site\/defesa-recorre-de-decisao-do-tse-que-tornou-bolsonaro-inelegivel\/","url":"https:\/\/cleitonpinheiro.com.br\/site\/defesa-recorre-de-decisao-do-tse-que-tornou-bolsonaro-inelegivel\/","name":"Defesa recorre de decis\u00e3o do TSE que tornou Bolsonaro ineleg\u00edvel - PORTAL DE NOT\u00cdCIAS CLEITON PINHEIRO","isPartOf":{"@id":"https:\/\/cleitonpinheiro.com.br\/site\/#website"},"primaryImageOfPage":{"@id":"https:\/\/cleitonpinheiro.com.br\/site\/defesa-recorre-de-decisao-do-tse-que-tornou-bolsonaro-inelegivel\/#primaryimage"},"image":{"@id":"https:\/\/cleitonpinheiro.com.br\/site\/defesa-recorre-de-decisao-do-tse-que-tornou-bolsonaro-inelegivel\/#primaryimage"},"thumbnailUrl":"https:\/\/cleitonpinheiro.com.br\/site\/wp-content\/uploads\/2023\/08\/img_1403.jpg","datePublished":"2023-08-08T11:52:01+00:00","dateModified":"2023-08-08T13:01:57+00:00","breadcrumb":{"@id":"https:\/\/cleitonpinheiro.com.br\/site\/defesa-recorre-de-decisao-do-tse-que-tornou-bolsonaro-inelegivel\/#breadcrumb"},"inLanguage":"pt-BR","potentialAction":[{"@type":"ReadAction","target":["https:\/\/cleitonpinheiro.com.br\/site\/defesa-recorre-de-decisao-do-tse-que-tornou-bolsonaro-inelegivel\/"]}]},{"@type":"ImageObject","inLanguage":"pt-BR","@id":"https:\/\/cleitonpinheiro.com.br\/site\/defesa-recorre-de-decisao-do-tse-que-tornou-bolsonaro-inelegivel\/#primaryimage","url":"","contentUrl":""},{"@type":"BreadcrumbList","@id":"https:\/\/cleitonpinheiro.com.br\/site\/defesa-recorre-de-decisao-do-tse-que-tornou-bolsonaro-inelegivel\/#breadcrumb","itemListElement":[{"@type":"ListItem","position":1,"name":"In\u00edcio","item":"https:\/\/cleitonpinheiro.com.br\/site\/"},{"@type":"ListItem","position":2,"name":"Defesa recorre de decis\u00e3o do TSE que tornou Bolsonaro ineleg\u00edvel"}]},{"@type":"WebSite","@id":"https:\/\/cleitonpinheiro.com.br\/site\/#website","url":"https:\/\/cleitonpinheiro.com.br\/site\/","name":"PORTAL DE NOT\u00cdCIAS CLEITON PINHEIRO","description":"FALANDO A VERDADE","publisher":{"@id":"https:\/\/cleitonpinheiro.com.br\/site\/#organization"},"potentialAction":[{"@type":"SearchAction","target":{"@type":"EntryPoint","urlTemplate":"https:\/\/cleitonpinheiro.com.br\/site\/?s={search_term_string}"},"query-input":{"@type":"PropertyValueSpecification","valueRequired":true,"valueName":"search_term_string"}}],"inLanguage":"pt-BR"},{"@type":"Organization","@id":"https:\/\/cleitonpinheiro.com.br\/site\/#organization","name":"CPNOT\u00cdCIAS","url":"https:\/\/cleitonpinheiro.com.br\/site\/","logo":{"@type":"ImageObject","inLanguage":"pt-BR","@id":"https:\/\/cleitonpinheiro.com.br\/site\/#\/schema\/logo\/image\/","url":"https:\/\/cleitonpinheiro.com.br\/site\/wp-content\/uploads\/2022\/08\/Logo-pequena-2.png","contentUrl":"https:\/\/cleitonpinheiro.com.br\/site\/wp-content\/uploads\/2022\/08\/Logo-pequena-2.png","width":500,"height":500,"caption":"CPNOT\u00cdCIAS"},"image":{"@id":"https:\/\/cleitonpinheiro.com.br\/site\/#\/schema\/logo\/image\/"},"sameAs":["https:\/\/www.facebook.com\/portalcpnoticias\/"]},{"@type":"Person","@id":"https:\/\/cleitonpinheiro.com.br\/site\/#\/schema\/person\/8f04544e0bc40a1b68775b08360f87db","name":"Reda\u00e7\u00e3o CP","image":{"@type":"ImageObject","inLanguage":"pt-BR","@id":"https:\/\/cleitonpinheiro.com.br\/site\/#\/schema\/person\/image\/","url":"https:\/\/secure.gravatar.com\/avatar\/0bcf19cb29fdc8fc588c490c7ae1b3e174dac268586a63fbe1d1893a0f9020cd?s=96&r=g","contentUrl":"https:\/\/secure.gravatar.com\/avatar\/0bcf19cb29fdc8fc588c490c7ae1b3e174dac268586a63fbe1d1893a0f9020cd?s=96&r=g","caption":"Reda\u00e7\u00e3o CP"},"url":"https:\/\/cleitonpinheiro.com.br\/site\/author\/redacao\/"}]}},"views":213,"_links":{"self":[{"href":"https:\/\/cleitonpinheiro.com.br\/site\/wp-json\/wp\/v2\/posts\/73288","targetHints":{"allow":["GET"]}}],"collection":[{"href":"https:\/\/cleitonpinheiro.com.br\/site\/wp-json\/wp\/v2\/posts"}],"about":[{"href":"https:\/\/cleitonpinheiro.com.br\/site\/wp-json\/wp\/v2\/types\/post"}],"author":[{"embeddable":true,"href":"https:\/\/cleitonpinheiro.com.br\/site\/wp-json\/wp\/v2\/users\/13"}],"replies":[{"embeddable":true,"href":"https:\/\/cleitonpinheiro.com.br\/site\/wp-json\/wp\/v2\/comments?post=73288"}],"version-history":[{"count":2,"href":"https:\/\/cleitonpinheiro.com.br\/site\/wp-json\/wp\/v2\/posts\/73288\/revisions"}],"predecessor-version":[{"id":73291,"href":"https:\/\/cleitonpinheiro.com.br\/site\/wp-json\/wp\/v2\/posts\/73288\/revisions\/73291"}],"wp:attachment":[{"href":"https:\/\/cleitonpinheiro.com.br\/site\/wp-json\/wp\/v2\/media?parent=73288"}],"wp:term":[{"taxonomy":"category","embeddable":true,"href":"https:\/\/cleitonpinheiro.com.br\/site\/wp-json\/wp\/v2\/categories?post=73288"},{"taxonomy":"post_tag","embeddable":true,"href":"https:\/\/cleitonpinheiro.com.br\/site\/wp-json\/wp\/v2\/tags?post=73288"}],"curies":[{"name":"wp","href":"https:\/\/api.w.org\/{rel}","templated":true}]}}